{"id":1484,"date":"2014-06-11T21:54:40","date_gmt":"2014-06-11T21:54:40","guid":{"rendered":"https:\/\/dev.explora.cl\/rmsuroriente\/blog\/2014\/06\/11\/el-ciclo-de-la-vida-retratado-en-un-parque\/"},"modified":"2019-05-20T17:39:31","modified_gmt":"2019-05-20T17:39:31","slug":"el-ciclo-de-la-vida-retratado-en-un-parque","status":"publish","type":"post","link":"https:\/\/dev.explora.cl\/rmsuroriente\/el-ciclo-de-la-vida-retratado-en-un-parque\/","title":{"rendered":"El ciclo de la vida retratado en un parque"},"content":{"rendered":"<p><img loading=\"lazy\" decoding=\"async\" class=\" size-full wp-image-2974\" src=\"http:\/\/ec2-34-218-253-251.us-west-2.compute.amazonaws.com\/wp-content\/uploads\/2014\/06\/94af61979eb4ea334f75bd3f71cddfb7.jpg\" alt=\"\" width=\"800\" height=\"336\" \/><\/p>\n<div style=\"color: #555555;font-family: Arial, sans-serif;font-size: 14px;line-height: 23px\">\n<div class=\"entry\" style=\"padding: 0px;margin: 0px;border: 0px none;line-height: 1.5;font-family: Raleway;font-size: 12px\">\n<p style=\"font-family: 'Trebuchet MS', Arial, Helvetica, Verdana, Tahoma, sans-serif;padding: 0px;margin: 15px 0px 0px;border: 0px;vertical-align: baseline;line-height: 2.2em;font-size: 12px;color: #888888;text-align: justify\">\u00bfSabes cu\u00e1ntas especies coexisten en un espacio verde dentro de la ciudad? Casa Museo Eduardo Frei Montalva, el Museo Hist\u00f3rico Carabineros de Chile y el Departamento de Prevenci\u00f3n de Riesgos, Forestal y Medio Ambiente (O.S.5) de Carabineros de Chile, invitan a la comunidad escolar y p\u00fablico general a celebrar el <a href=\"http:\/\/www.educarbol.org\/medioambiente\/medioambiente.php\">D\u00eda Nacional del Medio Ambiente<\/a> con un recorrido guiado por el ecosistema del Parque In\u00e9s de Su\u00e1rez.<\/p>\n<p style=\"font-family: 'Trebuchet MS', Arial, Helvetica, Verdana, Tahoma, sans-serif;padding: 0px;margin: 15px 0px 0px;border: 0px;vertical-align: baseline;line-height: 2.2em;font-size: 12px;color: #888888;text-align: justify\">El respeto por el medio ambiente, la capacidad de observaci\u00f3n y de descubrir los ecosistemas naturales que conviven dentro de la ciudad de Santiago, son algunos de los objetivos de la actividad organizada por el Museo Hist\u00f3rico Carabineros de Chile (MHC), el Departamento de Prevenci\u00f3n de Riesgos, Forestal y Medio Ambiente (O.S.5) de Carabineros de Chile y Casa Museo Eduardo Frei Montalva, para celebrar el D\u00eda Mundial del Medio Ambiente. La invitaci\u00f3n est\u00e1 abierta para los estudiantes de Segundo Ciclo B\u00e1sico. Su inscripci\u00f3n es gratuita (cupos limitados), tiene como tema \u201cTu medio ambiente, tu patrimonio\u201d y se realizar\u00e1 el martes 10 de junio a las 10:30 horas.<\/p>\n<p style=\"font-family: 'Trebuchet MS', Arial, Helvetica, Verdana, Tahoma, sans-serif;padding: 0px;margin: 15px 0px 0px;border: 0px;vertical-align: baseline;line-height: 2.2em;font-size: 12px;color: #888888;text-align: justify\">El punto de encuentro ser\u00e1 el MHC, donde se realizar\u00e1 una breve introducci\u00f3n al tema de los ecosistemas y el cuidado del medio ambiente. Luego el grupo cruzar\u00e1 al Parque In\u00e9s de Su\u00e1rez, donde integrantes de OS 5 los guiar\u00e1n en un recorrido de observaci\u00f3n de aves, insectos, animales y especies vegetales, entregando datos interesantes como la identificaci\u00f3n de a\u00f1os de un \u00e1rbol y la importancia de la biodiversidad.<\/p>\n<p style=\"font-family: 'Trebuchet MS', Arial, Helvetica, Verdana, Tahoma, sans-serif;padding: 0px;margin: 15px 0px 0px;border: 0px;vertical-align: baseline;line-height: 2.2em;font-size: 12px;color: #888888;text-align: justify\">Al final de la actividad se realizar\u00e1 un di\u00e1logo abierto y un breve concurso para premiar a los participantes del recorrido.<\/p>\n<p style=\"font-family: 'Trebuchet MS', Arial, Helvetica, Verdana, Tahoma, sans-serif;padding: 0px;margin: 15px 0px 0px;border: 0px;vertical-align: baseline;line-height: 2.2em;font-size: 12px;color: #888888;text-align: justify\">El D\u00eda Mundial del Medio Ambiente es uno de los principales veh\u00edculos que las Naciones Unidas utiliza para promover la atenci\u00f3n y acci\u00f3n pol\u00edtica en esta materia. Fue establecido el 15 de diciembre de 1972, en la Conferencia de Estocolmo, Suecia, y se celebra el 5 de junio de cada a\u00f1o desde 1973.<\/p>\n<p style=\"font-family: 'Trebuchet MS', Arial, Helvetica, Verdana, Tahoma, sans-serif;padding: 0px;margin: 15px 0px 0px;border: 0px;vertical-align: baseline;line-height: 2.2em;font-size: 12px;color: #888888;text-align: justify\">En nuestro pa\u00eds el cuidado gubernamental por el entorno se remonta a 1931, cuando se promulg\u00f3 el Decreto Supremo N\u00ba 4.363 del Ministerio de Tierras y Colonizaci\u00f3n, el cual asign\u00f3 las funciones de \u201cguarder\u00eda de los bosques\u201d al Cuerpo de Carabineros. A\u00f1os m\u00e1s tarde, el Presidente Eduardo Frei Montalva aprob\u00f3 una serie de leyes que se transformaron en el cimiento de lo que hoy se realiza en esta materia.<\/p>\n<p style=\"font-family: 'Trebuchet MS', Arial, Helvetica, Verdana, Tahoma, sans-serif;padding: 0px;margin: 15px 0px 0px;border: 0px;vertical-align: baseline;line-height: 2.2em;font-size: 12px;color: #888888;text-align: justify\">Datos<br style=\"padding: 0px;margin: 0px;border: 0px;vertical-align: baseline;line-height: 1.2em\" \/>\u201cTu medio ambiente, tu patrimonio\u201d. Recorrido guiado por ecosistema del Parque In\u00e9s de Su\u00e1rez (Providencia).<br style=\"padding: 0px;margin: 0px;border: 0px;vertical-align: baseline;line-height: 1.2em\" \/>Inscripciones gratuitas (cupos limitados) en <a href=\"mailto:info@museocarabineros.cl\">info@museocarabineros.cl<\/a> o en los tel\u00e9fonos 29221291 -29221272<br style=\"padding: 0px;margin: 0px;border: 0px;vertical-align: baseline;line-height: 1.2em\" \/>Fecha: Martes 10 de junio de 2014<br style=\"padding: 0px;margin: 0px;border: 0px;vertical-align: baseline;line-height: 1.2em\" \/>Hora: 10:30 horas.<br style=\"padding: 0px;margin: 0px;border: 0px;vertical-align: baseline;line-height: 1.2em\" \/>La actividad tendr\u00e1 una duraci\u00f3n promedio de 90 minutos.<br style=\"padding: 0px;margin: 0px;border: 0px;vertical-align: baseline;line-height: 1.2em\" \/>M\u00e1s informaci\u00f3n en www.museocarabineros.cl y www.casamuseoeduardofrei.cl<\/p>\n<\/p><\/div>\n<\/p><\/div>\n","protected":false},"excerpt":{"rendered":"<p>\u00bfSabes cu\u00e1ntas especies coexisten en un espacio verde dentro de la ciudad? Casa Museo Eduardo Frei Montalva, el Museo Hist\u00f3rico Carabineros de Chile y el Departamento de Prevenci\u00f3n de Riesgos, Forestal y Medio Ambiente (O.S.5) de Carabineros de Chile, invitan a la comunidad escolar y p\u00fablico general a celebrar el D\u00eda Nacional del Medio Ambiente [&hellip;]<\/p>\n","protected":false},"author":2,"featured_media":2974,"comment_status":"closed","ping_status":"open","sticky":false,"template":"","format":"standard","meta":{"_acf_changed":false,"_exactmetrics_skip_tracking":false,"_exactmetrics_sitenote_active":false,"_exactmetrics_sitenote_note":"","_exactmetrics_sitenote_category":0,"footnotes":"","_links_to":"","_links_to_target":""},"categories":[4],"tags":[],"class_list":["post-1484","post","type-post","status-publish","format-standard","has-post-thumbnail","hentry","category-noticias"],"acf":[],"yoast_head":"<!-- This site is optimized with the Yoast SEO plugin v26.7 - https:\/\/yoast.com\/wordpress\/plugins\/seo\/ -->\n<title>El ciclo de la vida retratado en un parque - RM Sur Oriente<\/title>\n<meta name=\"robots\" content=\"index, follow, max-snippet:-1, max-image-preview:large, max-video-preview:-1\" \/>\n<link rel=\"canonical\" href=\"https:\/\/dev.explora.cl\/rmsuroriente\/el-ciclo-de-la-vida-retratado-en-un-parque\/\" class=\"yoast-seo-meta-tag\" \/>\n<meta property=\"og:locale\" content=\"es_ES\" class=\"yoast-seo-meta-tag\" \/>\n<meta property=\"og:type\" content=\"article\" class=\"yoast-seo-meta-tag\" \/>\n<meta property=\"og:title\" content=\"El ciclo de la vida retratado en un parque - RM Sur Oriente\" class=\"yoast-seo-meta-tag\" \/>\n<meta property=\"og:description\" content=\"\u00bfSabes cu\u00e1ntas especies coexisten en un espacio verde dentro de la ciudad? Casa Museo Eduardo Frei Montalva, el Museo Hist\u00f3rico Carabineros de Chile y el Departamento de Prevenci\u00f3n de Riesgos, Forestal y Medio Ambiente (O.S.5) de Carabineros de Chile, invitan a la comunidad escolar y p\u00fablico general a celebrar el D\u00eda Nacional del Medio Ambiente [&hellip;]\" class=\"yoast-seo-meta-tag\" \/>\n<meta property=\"og:url\" content=\"https:\/\/dev.explora.cl\/rmsuroriente\/el-ciclo-de-la-vida-retratado-en-un-parque\/\" class=\"yoast-seo-meta-tag\" \/>\n<meta property=\"og:site_name\" content=\"RM Sur Oriente\" class=\"yoast-seo-meta-tag\" \/>\n<meta property=\"article:published_time\" content=\"2014-06-11T21:54:40+00:00\" class=\"yoast-seo-meta-tag\" \/>\n<meta property=\"article:modified_time\" content=\"2019-05-20T17:39:31+00:00\" class=\"yoast-seo-meta-tag\" \/>\n<meta name=\"author\" content=\"webman\" class=\"yoast-seo-meta-tag\" \/>\n<meta name=\"twitter:card\" content=\"summary_large_image\" class=\"yoast-seo-meta-tag\" \/>\n<meta name=\"twitter:label1\" content=\"Escrito por\" class=\"yoast-seo-meta-tag\" \/>\n\t<meta name=\"twitter:data1\" content=\"webman\" class=\"yoast-seo-meta-tag\" \/>\n\t<meta name=\"twitter:label2\" content=\"Tiempo estimado de lectura\" class=\"yoast-seo-meta-tag\" \/>\n\t<meta name=\"twitter:data2\" content=\"2 minutos\" class=\"yoast-seo-meta-tag\" \/>\n<script type=\"application\/ld+json\" class=\"yoast-schema-graph\">{\"@context\":\"https:\/\/schema.org\",\"@graph\":[{\"@type\":\"Article\",\"@id\":\"https:\/\/dev.explora.cl\/rmsuroriente\/el-ciclo-de-la-vida-retratado-en-un-parque\/#article\",\"isPartOf\":{\"@id\":\"https:\/\/dev.explora.cl\/rmsuroriente\/el-ciclo-de-la-vida-retratado-en-un-parque\/\"},\"author\":{\"name\":\"webman\",\"@id\":\"https:\/\/dev.explora.cl\/rmsuroriente\/#\/schema\/person\/cb8349c13ea2d324080adf8480d7ba5d\"},\"headline\":\"El ciclo de la vida retratado en un parque\",\"datePublished\":\"2014-06-11T21:54:40+00:00\",\"dateModified\":\"2019-05-20T17:39:31+00:00\",\"mainEntityOfPage\":{\"@id\":\"https:\/\/dev.explora.cl\/rmsuroriente\/el-ciclo-de-la-vida-retratado-en-un-parque\/\"},\"wordCount\":481,\"publisher\":{\"@id\":\"https:\/\/dev.explora.cl\/rmsuroriente\/#organization\"},\"image\":{\"@id\":\"https:\/\/dev.explora.cl\/rmsuroriente\/el-ciclo-de-la-vida-retratado-en-un-parque\/#primaryimage\"},\"thumbnailUrl\":\"\",\"articleSection\":[\"Noticias\"],\"inLanguage\":\"es-CL\"},{\"@type\":\"WebPage\",\"@id\":\"https:\/\/dev.explora.cl\/rmsuroriente\/el-ciclo-de-la-vida-retratado-en-un-parque\/\",\"url\":\"https:\/\/dev.explora.cl\/rmsuroriente\/el-ciclo-de-la-vida-retratado-en-un-parque\/\",\"name\":\"El ciclo de la vida retratado en un parque - RM Sur Oriente\",\"isPartOf\":{\"@id\":\"https:\/\/dev.explora.cl\/rmsuroriente\/#website\"},\"primaryImageOfPage\":{\"@id\":\"https:\/\/dev.explora.cl\/rmsuroriente\/el-ciclo-de-la-vida-retratado-en-un-parque\/#primaryimage\"},\"image\":{\"@id\":\"https:\/\/dev.explora.cl\/rmsuroriente\/el-ciclo-de-la-vida-retratado-en-un-parque\/#primaryimage\"},\"thumbnailUrl\":\"\",\"datePublished\":\"2014-06-11T21:54:40+00:00\",\"dateModified\":\"2019-05-20T17:39:31+00:00\",\"breadcrumb\":{\"@id\":\"https:\/\/dev.explora.cl\/rmsuroriente\/el-ciclo-de-la-vida-retratado-en-un-parque\/#breadcrumb\"},\"inLanguage\":\"es-CL\",\"potentialAction\":[{\"@type\":\"ReadAction\",\"target\":[\"https:\/\/dev.explora.cl\/rmsuroriente\/el-ciclo-de-la-vida-retratado-en-un-parque\/\"]}]},{\"@type\":\"ImageObject\",\"inLanguage\":\"es-CL\",\"@id\":\"https:\/\/dev.explora.cl\/rmsuroriente\/el-ciclo-de-la-vida-retratado-en-un-parque\/#primaryimage\",\"url\":\"\",\"contentUrl\":\"\"},{\"@type\":\"BreadcrumbList\",\"@id\":\"https:\/\/dev.explora.cl\/rmsuroriente\/el-ciclo-de-la-vida-retratado-en-un-parque\/#breadcrumb\",\"itemListElement\":[{\"@type\":\"ListItem\",\"position\":1,\"name\":\"Portada\",\"item\":\"https:\/\/dev.explora.cl\/rmsuroriente\/\"},{\"@type\":\"ListItem\",\"position\":2,\"name\":\"El ciclo de la vida retratado en un parque\"}]},{\"@type\":\"WebSite\",\"@id\":\"https:\/\/dev.explora.cl\/rmsuroriente\/#website\",\"url\":\"https:\/\/dev.explora.cl\/rmsuroriente\/\",\"name\":\"RM Sur Oriente\",\"description\":\"Otro sitio m\u00e1s de dev.explora.cl\",\"publisher\":{\"@id\":\"https:\/\/dev.explora.cl\/rmsuroriente\/#organization\"},\"potentialAction\":[{\"@type\":\"SearchAction\",\"target\":{\"@type\":\"EntryPoint\",\"urlTemplate\":\"https:\/\/dev.explora.cl\/rmsuroriente\/?s={search_term_string}\"},\"query-input\":{\"@type\":\"PropertyValueSpecification\",\"valueRequired\":true,\"valueName\":\"search_term_string\"}}],\"inLanguage\":\"es-CL\"},{\"@type\":\"Organization\",\"@id\":\"https:\/\/dev.explora.cl\/rmsuroriente\/#organization\",\"name\":\"RM Sur Oriente\",\"url\":\"https:\/\/dev.explora.cl\/rmsuroriente\/\",\"logo\":{\"@type\":\"ImageObject\",\"inLanguage\":\"es-CL\",\"@id\":\"https:\/\/dev.explora.cl\/rmsuroriente\/#\/schema\/logo\/image\/\",\"url\":\"https:\/\/dev.explora.cl\/rmsuroriente\/wp-content\/uploads\/sites\/12\/2025\/04\/cropped-LogoPAR_RMSO-Azul-UC.png\",\"contentUrl\":\"https:\/\/dev.explora.cl\/rmsuroriente\/wp-content\/uploads\/sites\/12\/2025\/04\/cropped-LogoPAR_RMSO-Azul-UC.png\",\"width\":411,\"height\":409,\"caption\":\"RM Sur Oriente\"},\"image\":{\"@id\":\"https:\/\/dev.explora.cl\/rmsuroriente\/#\/schema\/logo\/image\/\"}},{\"@type\":\"Person\",\"@id\":\"https:\/\/dev.explora.cl\/rmsuroriente\/#\/schema\/person\/cb8349c13ea2d324080adf8480d7ba5d\",\"name\":\"webman\",\"image\":{\"@type\":\"ImageObject\",\"inLanguage\":\"es-CL\",\"@id\":\"https:\/\/dev.explora.cl\/rmsuroriente\/#\/schema\/person\/image\/\",\"url\":\"https:\/\/secure.gravatar.com\/avatar\/eeff3c82f2c02f7177d13663b7e6f890e9a6a0647ce9bb29cae02dcb094c7312?s=96&d=mm&r=g\",\"contentUrl\":\"https:\/\/secure.gravatar.com\/avatar\/eeff3c82f2c02f7177d13663b7e6f890e9a6a0647ce9bb29cae02dcb094c7312?s=96&d=mm&r=g\",\"caption\":\"webman\"},\"url\":\"https:\/\/dev.explora.cl\/rmsuroriente\/author\/webman\/\"}]}<\/script>\n<!-- \/ Yoast SEO plugin. -->","yoast_head_json":{"title":"El ciclo de la vida retratado en un parque - RM Sur Oriente","robots":{"index":"index","follow":"follow","max-snippet":"max-snippet:-1","max-image-preview":"max-image-preview:large","max-video-preview":"max-video-preview:-1"},"canonical":"https:\/\/dev.explora.cl\/rmsuroriente\/el-ciclo-de-la-vida-retratado-en-un-parque\/","og_locale":"es_ES","og_type":"article","og_title":"El ciclo de la vida retratado en un parque - RM Sur Oriente","og_description":"\u00bfSabes cu\u00e1ntas especies coexisten en un espacio verde dentro de la ciudad? Casa Museo Eduardo Frei Montalva, el Museo Hist\u00f3rico Carabineros de Chile y el Departamento de Prevenci\u00f3n de Riesgos, Forestal y Medio Ambiente (O.S.5) de Carabineros de Chile, invitan a la comunidad escolar y p\u00fablico general a celebrar el D\u00eda Nacional del Medio Ambiente [&hellip;]","og_url":"https:\/\/dev.explora.cl\/rmsuroriente\/el-ciclo-de-la-vida-retratado-en-un-parque\/","og_site_name":"RM Sur Oriente","article_published_time":"2014-06-11T21:54:40+00:00","article_modified_time":"2019-05-20T17:39:31+00:00","author":"webman","twitter_card":"summary_large_image","twitter_misc":{"Escrito por":"webman","Tiempo estimado de lectura":"2 minutos"},"schema":{"@context":"https:\/\/schema.org","@graph":[{"@type":"Article","@id":"https:\/\/dev.explora.cl\/rmsuroriente\/el-ciclo-de-la-vida-retratado-en-un-parque\/#article","isPartOf":{"@id":"https:\/\/dev.explora.cl\/rmsuroriente\/el-ciclo-de-la-vida-retratado-en-un-parque\/"},"author":{"name":"webman","@id":"https:\/\/dev.explora.cl\/rmsuroriente\/#\/schema\/person\/cb8349c13ea2d324080adf8480d7ba5d"},"headline":"El ciclo de la vida retratado en un parque","datePublished":"2014-06-11T21:54:40+00:00","dateModified":"2019-05-20T17:39:31+00:00","mainEntityOfPage":{"@id":"https:\/\/dev.explora.cl\/rmsuroriente\/el-ciclo-de-la-vida-retratado-en-un-parque\/"},"wordCount":481,"publisher":{"@id":"https:\/\/dev.explora.cl\/rmsuroriente\/#organization"},"image":{"@id":"https:\/\/dev.explora.cl\/rmsuroriente\/el-ciclo-de-la-vida-retratado-en-un-parque\/#primaryimage"},"thumbnailUrl":"","articleSection":["Noticias"],"inLanguage":"es-CL"},{"@type":"WebPage","@id":"https:\/\/dev.explora.cl\/rmsuroriente\/el-ciclo-de-la-vida-retratado-en-un-parque\/","url":"https:\/\/dev.explora.cl\/rmsuroriente\/el-ciclo-de-la-vida-retratado-en-un-parque\/","name":"El ciclo de la vida retratado en un parque - RM Sur Oriente","isPartOf":{"@id":"https:\/\/dev.explora.cl\/rmsuroriente\/#website"},"primaryImageOfPage":{"@id":"https:\/\/dev.explora.cl\/rmsuroriente\/el-ciclo-de-la-vida-retratado-en-un-parque\/#primaryimage"},"image":{"@id":"https:\/\/dev.explora.cl\/rmsuroriente\/el-ciclo-de-la-vida-retratado-en-un-parque\/#primaryimage"},"thumbnailUrl":"","datePublished":"2014-06-11T21:54:40+00:00","dateModified":"2019-05-20T17:39:31+00:00","breadcrumb":{"@id":"https:\/\/dev.explora.cl\/rmsuroriente\/el-ciclo-de-la-vida-retratado-en-un-parque\/#breadcrumb"},"inLanguage":"es-CL","potentialAction":[{"@type":"ReadAction","target":["https:\/\/dev.explora.cl\/rmsuroriente\/el-ciclo-de-la-vida-retratado-en-un-parque\/"]}]},{"@type":"ImageObject","inLanguage":"es-CL","@id":"https:\/\/dev.explora.cl\/rmsuroriente\/el-ciclo-de-la-vida-retratado-en-un-parque\/#primaryimage","url":"","contentUrl":""},{"@type":"BreadcrumbList","@id":"https:\/\/dev.explora.cl\/rmsuroriente\/el-ciclo-de-la-vida-retratado-en-un-parque\/#breadcrumb","itemListElement":[{"@type":"ListItem","position":1,"name":"Portada","item":"https:\/\/dev.explora.cl\/rmsuroriente\/"},{"@type":"ListItem","position":2,"name":"El ciclo de la vida retratado en un parque"}]},{"@type":"WebSite","@id":"https:\/\/dev.explora.cl\/rmsuroriente\/#website","url":"https:\/\/dev.explora.cl\/rmsuroriente\/","name":"RM Sur Oriente","description":"Otro sitio m\u00e1s de dev.explora.cl","publisher":{"@id":"https:\/\/dev.explora.cl\/rmsuroriente\/#organization"},"potentialAction":[{"@type":"SearchAction","target":{"@type":"EntryPoint","urlTemplate":"https:\/\/dev.explora.cl\/rmsuroriente\/?s={search_term_string}"},"query-input":{"@type":"PropertyValueSpecification","valueRequired":true,"valueName":"search_term_string"}}],"inLanguage":"es-CL"},{"@type":"Organization","@id":"https:\/\/dev.explora.cl\/rmsuroriente\/#organization","name":"RM Sur Oriente","url":"https:\/\/dev.explora.cl\/rmsuroriente\/","logo":{"@type":"ImageObject","inLanguage":"es-CL","@id":"https:\/\/dev.explora.cl\/rmsuroriente\/#\/schema\/logo\/image\/","url":"https:\/\/dev.explora.cl\/rmsuroriente\/wp-content\/uploads\/sites\/12\/2025\/04\/cropped-LogoPAR_RMSO-Azul-UC.png","contentUrl":"https:\/\/dev.explora.cl\/rmsuroriente\/wp-content\/uploads\/sites\/12\/2025\/04\/cropped-LogoPAR_RMSO-Azul-UC.png","width":411,"height":409,"caption":"RM Sur Oriente"},"image":{"@id":"https:\/\/dev.explora.cl\/rmsuroriente\/#\/schema\/logo\/image\/"}},{"@type":"Person","@id":"https:\/\/dev.explora.cl\/rmsuroriente\/#\/schema\/person\/cb8349c13ea2d324080adf8480d7ba5d","name":"webman","image":{"@type":"ImageObject","inLanguage":"es-CL","@id":"https:\/\/dev.explora.cl\/rmsuroriente\/#\/schema\/person\/image\/","url":"https:\/\/secure.gravatar.com\/avatar\/eeff3c82f2c02f7177d13663b7e6f890e9a6a0647ce9bb29cae02dcb094c7312?s=96&d=mm&r=g","contentUrl":"https:\/\/secure.gravatar.com\/avatar\/eeff3c82f2c02f7177d13663b7e6f890e9a6a0647ce9bb29cae02dcb094c7312?s=96&d=mm&r=g","caption":"webman"},"url":"https:\/\/dev.explora.cl\/rmsuroriente\/author\/webman\/"}]}},"_links":{"self":[{"href":"https:\/\/dev.explora.cl\/rmsuroriente\/wp-json\/wp\/v2\/posts\/1484","targetHints":{"allow":["GET"]}}],"collection":[{"href":"https:\/\/dev.explora.cl\/rmsuroriente\/wp-json\/wp\/v2\/posts"}],"about":[{"href":"https:\/\/dev.explora.cl\/rmsuroriente\/wp-json\/wp\/v2\/types\/post"}],"author":[{"embeddable":true,"href":"https:\/\/dev.explora.cl\/rmsuroriente\/wp-json\/wp\/v2\/users\/2"}],"replies":[{"embeddable":true,"href":"https:\/\/dev.explora.cl\/rmsuroriente\/wp-json\/wp\/v2\/comments?post=1484"}],"version-history":[{"count":1,"href":"https:\/\/dev.explora.cl\/rmsuroriente\/wp-json\/wp\/v2\/posts\/1484\/revisions"}],"predecessor-version":[{"id":38329,"href":"https:\/\/dev.explora.cl\/rmsuroriente\/wp-json\/wp\/v2\/posts\/1484\/revisions\/38329"}],"wp:featuredmedia":[{"embeddable":true,"href":"https:\/\/dev.explora.cl\/rmsuroriente\/wp-json\/"}],"wp:attachment":[{"href":"https:\/\/dev.explora.cl\/rmsuroriente\/wp-json\/wp\/v2\/media?parent=1484"}],"wp:term":[{"taxonomy":"category","embeddable":true,"href":"https:\/\/dev.explora.cl\/rmsuroriente\/wp-json\/wp\/v2\/categories?post=1484"},{"taxonomy":"post_tag","embeddable":true,"href":"https:\/\/dev.explora.cl\/rmsuroriente\/wp-json\/wp\/v2\/tags?post=1484"}],"curies":[{"name":"wp","href":"https:\/\/api.w.org\/{rel}","templated":true}]}}