{"id":1470,"date":"2014-06-17T20:17:23","date_gmt":"2014-06-17T20:17:23","guid":{"rendered":"https:\/\/dev.explora.cl\/rmsuroriente\/con-diversas-actividades-el-colegio-epullay-de-penalolen-celebro-el-dia-de-las-ciencias-que-se-llevo-a-cabo-el-miercoles-4-de-junio-a-partir-de-las-8-30-de-la-manana-el-encuentro-cientifico-tuvo-lugar\/"},"modified":"2019-05-20T17:39:28","modified_gmt":"2019-05-20T17:39:28","slug":"con-diversas-actividades-el-colegio-epullay-de-penalolen-celebro-el-dia-de-las-ciencias-que-se-llevo-a-cabo-el-miercoles-4-de-junio-a-partir-de-las-8-30-de-la-manana-el-encuentro-cientifico-tuvo-lugar","status":"publish","type":"post","link":"https:\/\/dev.explora.cl\/rmsuroriente\/con-diversas-actividades-el-colegio-epullay-de-penalolen-celebro-el-dia-de-las-ciencias-que-se-llevo-a-cabo-el-miercoles-4-de-junio-a-partir-de-las-8-30-de-la-manana-el-encuentro-cientifico-tuvo-lugar\/","title":{"rendered":"Colegio Epullay Montessori celebr\u00f3 el D\u00eda de las Ciencias"},"content":{"rendered":"<p><img loading=\"lazy\" decoding=\"async\" class=\" size-full wp-image-3243\" src=\"http:\/\/ec2-34-218-253-251.us-west-2.compute.amazonaws.com\/wp-content\/uploads\/2014\/06\/0562a0d86b78c2118c302ee89573cf3e.jpg\" alt=\"\" width=\"1034\" height=\"776\" \/><\/p>\n<p style=\"text-align: justify\"><img loading=\"lazy\" decoding=\"async\" class=\" alignleft size-full wp-image-3244\" src=\"http:\/\/ec2-34-218-253-251.us-west-2.compute.amazonaws.com\/wp-content\/uploads\/2014\/06\/20140604_114917.jpg\" border=\"0\" alt=\"\" width=\"433\" height=\"325\" style=\"float: left\" \/>Con diversas actividades el Colegio Epullay de Pe\u00f1alol\u00e9n celebr\u00f3 el D\u00eda de las Ciencias, que se llev\u00f3 a cabo el mi\u00e9rcoles 4 de junio a partir de las 8:30 de la ma\u00f1ana. El encuentro cient\u00edfico tuvo lugar dentro del mismo establecimiento educacional, fue apoyado en la organizaci\u00f3n por el Proyecto EXPLORA CONICYT RM Zona Sur Oriente y tambi\u00e9n cont\u00f3 con la colaboraci\u00f3n de las Salas del Cobre y La Universidad Mayor.<\/p>\n<p style=\"text-align: justify\">El profesor y coordinador del \u00c1rea Ciencias Jos\u00e9 Manuel Cartes , fue quien estuvo a cargo de organizar el evento este a\u00f1o donde participaron cerca de 56 stands con proyectos cient\u00edficos. \u201cLos ni\u00f1os lograron realizar estos proyectos en gran parte gracias al apoyo que les entregan sus profesoras que los asesoran y acompa\u00f1an siempre. Es todo pura motivaci\u00f3n\u201d, se\u00f1al\u00f3 el docente, respecto a las investigaciones cient\u00edficas que all\u00ed se exhibieron.<\/p>\n<p style=\"text-align: justify\">La jornada comenz\u00f3 con una amplia variedad de talleres en: astronom\u00eda, cosm\u00e9tica natural, rob\u00f3tica, kaleidoscopia, origami y observaci\u00f3n microorganismos. Luego tuvo lugar la feria donde participaron estudiantes de ense\u00f1anza media del Colegio Epullay Montessori, y tambi\u00e9n alumnos del Bernadette College.<\/p>\n<p style=\"text-align: justify\">El primer lugar de la Feria, lo obtuvieron Benjam\u00edn Rivadeneira y Juan Viveros de cuarto a\u00f1o medio, con la creaci\u00f3n un motor el\u00e9ctrico generador de ondas.<\/p>\n<p style=\"text-align: justify\">Tras la feria, los alumnos pudieron presenciar un show de magia y ciencia, con el que se cerr\u00f3 la jornada.<\/p>\n<p style=\"text-align: justify\">Dentro de las actividades, cabe destacar la participaci\u00f3n de las charlistas Liza Videla que habl\u00f3 sobre \u201cChile, Alma y Observaci\u00f3n del Universo\u201dy Sebasti\u00e1n Ilabaca con Creatividad y Ciencia.<\/p>\n<p style=\"text-align: justify\"><a href=\"https:\/\/www.facebook.com\/media\/set\/?set=a.713081905417308.1073741878.301210896604413&amp;type=3\">Revisa las fotos del encuentro aqu\u00ed<\/a><\/p>\n","protected":false},"excerpt":{"rendered":"<p>Con diversas actividades el Colegio Epullay de Pe\u00f1alol\u00e9n celebr\u00f3 el D\u00eda de las Ciencias, que se llev\u00f3 a cabo el mi\u00e9rcoles 4 de junio a partir de las 8:30 de la ma\u00f1ana. El encuentro cient\u00edfico tuvo lugar dentro del mismo establecimiento educacional, fue apoyado en la organizaci\u00f3n por el Proyecto EXPLORA CONICYT RM Zona Sur [&hellip;]<\/p>\n","protected":false},"author":2,"featured_media":3243,"comment_status":"closed","ping_status":"open","sticky":false,"template":"","format":"standard","meta":{"_acf_changed":false,"_exactmetrics_skip_tracking":false,"_exactmetrics_sitenote_active":false,"_exactmetrics_sitenote_note":"","_exactmetrics_sitenote_category":0,"footnotes":"","_links_to":"","_links_to_target":""},"categories":[4],"tags":[],"class_list":["post-1470","post","type-post","status-publish","format-standard","has-post-thumbnail","hentry","category-noticias"],"acf":[],"yoast_head":"<!-- This site is optimized with the Yoast SEO plugin v26.7 - https:\/\/yoast.com\/wordpress\/plugins\/seo\/ -->\n<title>Colegio Epullay Montessori celebr\u00f3 el D\u00eda de las Ciencias - RM Sur Oriente<\/title>\n<meta name=\"robots\" content=\"index, follow, max-snippet:-1, max-image-preview:large, max-video-preview:-1\" \/>\n<link rel=\"canonical\" href=\"https:\/\/dev.explora.cl\/rmsuroriente\/con-diversas-actividades-el-colegio-epullay-de-penalolen-celebro-el-dia-de-las-ciencias-que-se-llevo-a-cabo-el-miercoles-4-de-junio-a-partir-de-las-8-30-de-la-manana-el-encuentro-cientifico-tuvo-lugar\/\" class=\"yoast-seo-meta-tag\" \/>\n<meta property=\"og:locale\" content=\"es_ES\" class=\"yoast-seo-meta-tag\" \/>\n<meta property=\"og:type\" content=\"article\" class=\"yoast-seo-meta-tag\" \/>\n<meta property=\"og:title\" content=\"Colegio Epullay Montessori celebr\u00f3 el D\u00eda de las Ciencias - RM Sur Oriente\" class=\"yoast-seo-meta-tag\" \/>\n<meta property=\"og:description\" content=\"Con diversas actividades el Colegio Epullay de Pe\u00f1alol\u00e9n celebr\u00f3 el D\u00eda de las Ciencias, que se llev\u00f3 a cabo el mi\u00e9rcoles 4 de junio a partir de las 8:30 de la ma\u00f1ana. El encuentro cient\u00edfico tuvo lugar dentro del mismo establecimiento educacional, fue apoyado en la organizaci\u00f3n por el Proyecto EXPLORA CONICYT RM Zona Sur [&hellip;]\" class=\"yoast-seo-meta-tag\" \/>\n<meta property=\"og:url\" content=\"https:\/\/dev.explora.cl\/rmsuroriente\/con-diversas-actividades-el-colegio-epullay-de-penalolen-celebro-el-dia-de-las-ciencias-que-se-llevo-a-cabo-el-miercoles-4-de-junio-a-partir-de-las-8-30-de-la-manana-el-encuentro-cientifico-tuvo-lugar\/\" class=\"yoast-seo-meta-tag\" \/>\n<meta property=\"og:site_name\" content=\"RM Sur Oriente\" class=\"yoast-seo-meta-tag\" \/>\n<meta property=\"article:published_time\" content=\"2014-06-17T20:17:23+00:00\" class=\"yoast-seo-meta-tag\" \/>\n<meta property=\"article:modified_time\" content=\"2019-05-20T17:39:28+00:00\" class=\"yoast-seo-meta-tag\" \/>\n<meta name=\"author\" content=\"webman\" class=\"yoast-seo-meta-tag\" \/>\n<meta name=\"twitter:card\" content=\"summary_large_image\" class=\"yoast-seo-meta-tag\" \/>\n<meta name=\"twitter:label1\" content=\"Escrito por\" class=\"yoast-seo-meta-tag\" \/>\n\t<meta name=\"twitter:data1\" content=\"webman\" class=\"yoast-seo-meta-tag\" \/>\n\t<meta name=\"twitter:label2\" content=\"Tiempo estimado de lectura\" class=\"yoast-seo-meta-tag\" \/>\n\t<meta name=\"twitter:data2\" content=\"1 minuto\" class=\"yoast-seo-meta-tag\" \/>\n<script type=\"application\/ld+json\" class=\"yoast-schema-graph\">{\"@context\":\"https:\/\/schema.org\",\"@graph\":[{\"@type\":\"Article\",\"@id\":\"https:\/\/dev.explora.cl\/rmsuroriente\/con-diversas-actividades-el-colegio-epullay-de-penalolen-celebro-el-dia-de-las-ciencias-que-se-llevo-a-cabo-el-miercoles-4-de-junio-a-partir-de-las-8-30-de-la-manana-el-encuentro-cientifico-tuvo-lugar\/#article\",\"isPartOf\":{\"@id\":\"https:\/\/dev.explora.cl\/rmsuroriente\/con-diversas-actividades-el-colegio-epullay-de-penalolen-celebro-el-dia-de-las-ciencias-que-se-llevo-a-cabo-el-miercoles-4-de-junio-a-partir-de-las-8-30-de-la-manana-el-encuentro-cientifico-tuvo-lugar\/\"},\"author\":{\"name\":\"webman\",\"@id\":\"https:\/\/dev.explora.cl\/rmsuroriente\/#\/schema\/person\/cb8349c13ea2d324080adf8480d7ba5d\"},\"headline\":\"Colegio Epullay Montessori celebr\u00f3 el D\u00eda de las Ciencias\",\"datePublished\":\"2014-06-17T20:17:23+00:00\",\"dateModified\":\"2019-05-20T17:39:28+00:00\",\"mainEntityOfPage\":{\"@id\":\"https:\/\/dev.explora.cl\/rmsuroriente\/con-diversas-actividades-el-colegio-epullay-de-penalolen-celebro-el-dia-de-las-ciencias-que-se-llevo-a-cabo-el-miercoles-4-de-junio-a-partir-de-las-8-30-de-la-manana-el-encuentro-cientifico-tuvo-lugar\/\"},\"wordCount\":297,\"publisher\":{\"@id\":\"https:\/\/dev.explora.cl\/rmsuroriente\/#organization\"},\"image\":{\"@id\":\"https:\/\/dev.explora.cl\/rmsuroriente\/con-diversas-actividades-el-colegio-epullay-de-penalolen-celebro-el-dia-de-las-ciencias-que-se-llevo-a-cabo-el-miercoles-4-de-junio-a-partir-de-las-8-30-de-la-manana-el-encuentro-cientifico-tuvo-lugar\/#primaryimage\"},\"thumbnailUrl\":\"\",\"articleSection\":[\"Noticias\"],\"inLanguage\":\"es-CL\"},{\"@type\":\"WebPage\",\"@id\":\"https:\/\/dev.explora.cl\/rmsuroriente\/con-diversas-actividades-el-colegio-epullay-de-penalolen-celebro-el-dia-de-las-ciencias-que-se-llevo-a-cabo-el-miercoles-4-de-junio-a-partir-de-las-8-30-de-la-manana-el-encuentro-cientifico-tuvo-lugar\/\",\"url\":\"https:\/\/dev.explora.cl\/rmsuroriente\/con-diversas-actividades-el-colegio-epullay-de-penalolen-celebro-el-dia-de-las-ciencias-que-se-llevo-a-cabo-el-miercoles-4-de-junio-a-partir-de-las-8-30-de-la-manana-el-encuentro-cientifico-tuvo-lugar\/\",\"name\":\"Colegio Epullay Montessori celebr\u00f3 el D\u00eda de las Ciencias - RM Sur Oriente\",\"isPartOf\":{\"@id\":\"https:\/\/dev.explora.cl\/rmsuroriente\/#website\"},\"primaryImageOfPage\":{\"@id\":\"https:\/\/dev.explora.cl\/rmsuroriente\/con-diversas-actividades-el-colegio-epullay-de-penalolen-celebro-el-dia-de-las-ciencias-que-se-llevo-a-cabo-el-miercoles-4-de-junio-a-partir-de-las-8-30-de-la-manana-el-encuentro-cientifico-tuvo-lugar\/#primaryimage\"},\"image\":{\"@id\":\"https:\/\/dev.explora.cl\/rmsuroriente\/con-diversas-actividades-el-colegio-epullay-de-penalolen-celebro-el-dia-de-las-ciencias-que-se-llevo-a-cabo-el-miercoles-4-de-junio-a-partir-de-las-8-30-de-la-manana-el-encuentro-cientifico-tuvo-lugar\/#primaryimage\"},\"thumbnailUrl\":\"\",\"datePublished\":\"2014-06-17T20:17:23+00:00\",\"dateModified\":\"2019-05-20T17:39:28+00:00\",\"breadcrumb\":{\"@id\":\"https:\/\/dev.explora.cl\/rmsuroriente\/con-diversas-actividades-el-colegio-epullay-de-penalolen-celebro-el-dia-de-las-ciencias-que-se-llevo-a-cabo-el-miercoles-4-de-junio-a-partir-de-las-8-30-de-la-manana-el-encuentro-cientifico-tuvo-lugar\/#breadcrumb\"},\"inLanguage\":\"es-CL\",\"potentialAction\":[{\"@type\":\"ReadAction\",\"target\":[\"https:\/\/dev.explora.cl\/rmsuroriente\/con-diversas-actividades-el-colegio-epullay-de-penalolen-celebro-el-dia-de-las-ciencias-que-se-llevo-a-cabo-el-miercoles-4-de-junio-a-partir-de-las-8-30-de-la-manana-el-encuentro-cientifico-tuvo-lugar\/\"]}]},{\"@type\":\"ImageObject\",\"inLanguage\":\"es-CL\",\"@id\":\"https:\/\/dev.explora.cl\/rmsuroriente\/con-diversas-actividades-el-colegio-epullay-de-penalolen-celebro-el-dia-de-las-ciencias-que-se-llevo-a-cabo-el-miercoles-4-de-junio-a-partir-de-las-8-30-de-la-manana-el-encuentro-cientifico-tuvo-lugar\/#primaryimage\",\"url\":\"\",\"contentUrl\":\"\"},{\"@type\":\"BreadcrumbList\",\"@id\":\"https:\/\/dev.explora.cl\/rmsuroriente\/con-diversas-actividades-el-colegio-epullay-de-penalolen-celebro-el-dia-de-las-ciencias-que-se-llevo-a-cabo-el-miercoles-4-de-junio-a-partir-de-las-8-30-de-la-manana-el-encuentro-cientifico-tuvo-lugar\/#breadcrumb\",\"itemListElement\":[{\"@type\":\"ListItem\",\"position\":1,\"name\":\"Portada\",\"item\":\"https:\/\/dev.explora.cl\/rmsuroriente\/\"},{\"@type\":\"ListItem\",\"position\":2,\"name\":\"Colegio Epullay Montessori celebr\u00f3 el D\u00eda de las Ciencias\"}]},{\"@type\":\"WebSite\",\"@id\":\"https:\/\/dev.explora.cl\/rmsuroriente\/#website\",\"url\":\"https:\/\/dev.explora.cl\/rmsuroriente\/\",\"name\":\"RM Sur Oriente\",\"description\":\"Otro sitio m\u00e1s de dev.explora.cl\",\"publisher\":{\"@id\":\"https:\/\/dev.explora.cl\/rmsuroriente\/#organization\"},\"potentialAction\":[{\"@type\":\"SearchAction\",\"target\":{\"@type\":\"EntryPoint\",\"urlTemplate\":\"https:\/\/dev.explora.cl\/rmsuroriente\/?s={search_term_string}\"},\"query-input\":{\"@type\":\"PropertyValueSpecification\",\"valueRequired\":true,\"valueName\":\"search_term_string\"}}],\"inLanguage\":\"es-CL\"},{\"@type\":\"Organization\",\"@id\":\"https:\/\/dev.explora.cl\/rmsuroriente\/#organization\",\"name\":\"RM Sur Oriente\",\"url\":\"https:\/\/dev.explora.cl\/rmsuroriente\/\",\"logo\":{\"@type\":\"ImageObject\",\"inLanguage\":\"es-CL\",\"@id\":\"https:\/\/dev.explora.cl\/rmsuroriente\/#\/schema\/logo\/image\/\",\"url\":\"https:\/\/dev.explora.cl\/rmsuroriente\/wp-content\/uploads\/sites\/12\/2025\/04\/cropped-LogoPAR_RMSO-Azul-UC.png\",\"contentUrl\":\"https:\/\/dev.explora.cl\/rmsuroriente\/wp-content\/uploads\/sites\/12\/2025\/04\/cropped-LogoPAR_RMSO-Azul-UC.png\",\"width\":411,\"height\":409,\"caption\":\"RM Sur Oriente\"},\"image\":{\"@id\":\"https:\/\/dev.explora.cl\/rmsuroriente\/#\/schema\/logo\/image\/\"}},{\"@type\":\"Person\",\"@id\":\"https:\/\/dev.explora.cl\/rmsuroriente\/#\/schema\/person\/cb8349c13ea2d324080adf8480d7ba5d\",\"name\":\"webman\",\"image\":{\"@type\":\"ImageObject\",\"inLanguage\":\"es-CL\",\"@id\":\"https:\/\/dev.explora.cl\/rmsuroriente\/#\/schema\/person\/image\/\",\"url\":\"https:\/\/secure.gravatar.com\/avatar\/eeff3c82f2c02f7177d13663b7e6f890e9a6a0647ce9bb29cae02dcb094c7312?s=96&d=mm&r=g\",\"contentUrl\":\"https:\/\/secure.gravatar.com\/avatar\/eeff3c82f2c02f7177d13663b7e6f890e9a6a0647ce9bb29cae02dcb094c7312?s=96&d=mm&r=g\",\"caption\":\"webman\"},\"url\":\"https:\/\/dev.explora.cl\/rmsuroriente\/author\/webman\/\"}]}<\/script>\n<!-- \/ Yoast SEO plugin. -->","yoast_head_json":{"title":"Colegio Epullay Montessori celebr\u00f3 el D\u00eda de las Ciencias - RM Sur Oriente","robots":{"index":"index","follow":"follow","max-snippet":"max-snippet:-1","max-image-preview":"max-image-preview:large","max-video-preview":"max-video-preview:-1"},"canonical":"https:\/\/dev.explora.cl\/rmsuroriente\/con-diversas-actividades-el-colegio-epullay-de-penalolen-celebro-el-dia-de-las-ciencias-que-se-llevo-a-cabo-el-miercoles-4-de-junio-a-partir-de-las-8-30-de-la-manana-el-encuentro-cientifico-tuvo-lugar\/","og_locale":"es_ES","og_type":"article","og_title":"Colegio Epullay Montessori celebr\u00f3 el D\u00eda de las Ciencias - RM Sur Oriente","og_description":"Con diversas actividades el Colegio Epullay de Pe\u00f1alol\u00e9n celebr\u00f3 el D\u00eda de las Ciencias, que se llev\u00f3 a cabo el mi\u00e9rcoles 4 de junio a partir de las 8:30 de la ma\u00f1ana. El encuentro cient\u00edfico tuvo lugar dentro del mismo establecimiento educacional, fue apoyado en la organizaci\u00f3n por el Proyecto EXPLORA CONICYT RM Zona Sur [&hellip;]","og_url":"https:\/\/dev.explora.cl\/rmsuroriente\/con-diversas-actividades-el-colegio-epullay-de-penalolen-celebro-el-dia-de-las-ciencias-que-se-llevo-a-cabo-el-miercoles-4-de-junio-a-partir-de-las-8-30-de-la-manana-el-encuentro-cientifico-tuvo-lugar\/","og_site_name":"RM Sur Oriente","article_published_time":"2014-06-17T20:17:23+00:00","article_modified_time":"2019-05-20T17:39:28+00:00","author":"webman","twitter_card":"summary_large_image","twitter_misc":{"Escrito por":"webman","Tiempo estimado de lectura":"1 minuto"},"schema":{"@context":"https:\/\/schema.org","@graph":[{"@type":"Article","@id":"https:\/\/dev.explora.cl\/rmsuroriente\/con-diversas-actividades-el-colegio-epullay-de-penalolen-celebro-el-dia-de-las-ciencias-que-se-llevo-a-cabo-el-miercoles-4-de-junio-a-partir-de-las-8-30-de-la-manana-el-encuentro-cientifico-tuvo-lugar\/#article","isPartOf":{"@id":"https:\/\/dev.explora.cl\/rmsuroriente\/con-diversas-actividades-el-colegio-epullay-de-penalolen-celebro-el-dia-de-las-ciencias-que-se-llevo-a-cabo-el-miercoles-4-de-junio-a-partir-de-las-8-30-de-la-manana-el-encuentro-cientifico-tuvo-lugar\/"},"author":{"name":"webman","@id":"https:\/\/dev.explora.cl\/rmsuroriente\/#\/schema\/person\/cb8349c13ea2d324080adf8480d7ba5d"},"headline":"Colegio Epullay Montessori celebr\u00f3 el D\u00eda de las Ciencias","datePublished":"2014-06-17T20:17:23+00:00","dateModified":"2019-05-20T17:39:28+00:00","mainEntityOfPage":{"@id":"https:\/\/dev.explora.cl\/rmsuroriente\/con-diversas-actividades-el-colegio-epullay-de-penalolen-celebro-el-dia-de-las-ciencias-que-se-llevo-a-cabo-el-miercoles-4-de-junio-a-partir-de-las-8-30-de-la-manana-el-encuentro-cientifico-tuvo-lugar\/"},"wordCount":297,"publisher":{"@id":"https:\/\/dev.explora.cl\/rmsuroriente\/#organization"},"image":{"@id":"https:\/\/dev.explora.cl\/rmsuroriente\/con-diversas-actividades-el-colegio-epullay-de-penalolen-celebro-el-dia-de-las-ciencias-que-se-llevo-a-cabo-el-miercoles-4-de-junio-a-partir-de-las-8-30-de-la-manana-el-encuentro-cientifico-tuvo-lugar\/#primaryimage"},"thumbnailUrl":"","articleSection":["Noticias"],"inLanguage":"es-CL"},{"@type":"WebPage","@id":"https:\/\/dev.explora.cl\/rmsuroriente\/con-diversas-actividades-el-colegio-epullay-de-penalolen-celebro-el-dia-de-las-ciencias-que-se-llevo-a-cabo-el-miercoles-4-de-junio-a-partir-de-las-8-30-de-la-manana-el-encuentro-cientifico-tuvo-lugar\/","url":"https:\/\/dev.explora.cl\/rmsuroriente\/con-diversas-actividades-el-colegio-epullay-de-penalolen-celebro-el-dia-de-las-ciencias-que-se-llevo-a-cabo-el-miercoles-4-de-junio-a-partir-de-las-8-30-de-la-manana-el-encuentro-cientifico-tuvo-lugar\/","name":"Colegio Epullay Montessori celebr\u00f3 el D\u00eda de las Ciencias - RM Sur Oriente","isPartOf":{"@id":"https:\/\/dev.explora.cl\/rmsuroriente\/#website"},"primaryImageOfPage":{"@id":"https:\/\/dev.explora.cl\/rmsuroriente\/con-diversas-actividades-el-colegio-epullay-de-penalolen-celebro-el-dia-de-las-ciencias-que-se-llevo-a-cabo-el-miercoles-4-de-junio-a-partir-de-las-8-30-de-la-manana-el-encuentro-cientifico-tuvo-lugar\/#primaryimage"},"image":{"@id":"https:\/\/dev.explora.cl\/rmsuroriente\/con-diversas-actividades-el-colegio-epullay-de-penalolen-celebro-el-dia-de-las-ciencias-que-se-llevo-a-cabo-el-miercoles-4-de-junio-a-partir-de-las-8-30-de-la-manana-el-encuentro-cientifico-tuvo-lugar\/#primaryimage"},"thumbnailUrl":"","datePublished":"2014-06-17T20:17:23+00:00","dateModified":"2019-05-20T17:39:28+00:00","breadcrumb":{"@id":"https:\/\/dev.explora.cl\/rmsuroriente\/con-diversas-actividades-el-colegio-epullay-de-penalolen-celebro-el-dia-de-las-ciencias-que-se-llevo-a-cabo-el-miercoles-4-de-junio-a-partir-de-las-8-30-de-la-manana-el-encuentro-cientifico-tuvo-lugar\/#breadcrumb"},"inLanguage":"es-CL","potentialAction":[{"@type":"ReadAction","target":["https:\/\/dev.explora.cl\/rmsuroriente\/con-diversas-actividades-el-colegio-epullay-de-penalolen-celebro-el-dia-de-las-ciencias-que-se-llevo-a-cabo-el-miercoles-4-de-junio-a-partir-de-las-8-30-de-la-manana-el-encuentro-cientifico-tuvo-lugar\/"]}]},{"@type":"ImageObject","inLanguage":"es-CL","@id":"https:\/\/dev.explora.cl\/rmsuroriente\/con-diversas-actividades-el-colegio-epullay-de-penalolen-celebro-el-dia-de-las-ciencias-que-se-llevo-a-cabo-el-miercoles-4-de-junio-a-partir-de-las-8-30-de-la-manana-el-encuentro-cientifico-tuvo-lugar\/#primaryimage","url":"","contentUrl":""},{"@type":"BreadcrumbList","@id":"https:\/\/dev.explora.cl\/rmsuroriente\/con-diversas-actividades-el-colegio-epullay-de-penalolen-celebro-el-dia-de-las-ciencias-que-se-llevo-a-cabo-el-miercoles-4-de-junio-a-partir-de-las-8-30-de-la-manana-el-encuentro-cientifico-tuvo-lugar\/#breadcrumb","itemListElement":[{"@type":"ListItem","position":1,"name":"Portada","item":"https:\/\/dev.explora.cl\/rmsuroriente\/"},{"@type":"ListItem","position":2,"name":"Colegio Epullay Montessori celebr\u00f3 el D\u00eda de las Ciencias"}]},{"@type":"WebSite","@id":"https:\/\/dev.explora.cl\/rmsuroriente\/#website","url":"https:\/\/dev.explora.cl\/rmsuroriente\/","name":"RM Sur Oriente","description":"Otro sitio m\u00e1s de dev.explora.cl","publisher":{"@id":"https:\/\/dev.explora.cl\/rmsuroriente\/#organization"},"potentialAction":[{"@type":"SearchAction","target":{"@type":"EntryPoint","urlTemplate":"https:\/\/dev.explora.cl\/rmsuroriente\/?s={search_term_string}"},"query-input":{"@type":"PropertyValueSpecification","valueRequired":true,"valueName":"search_term_string"}}],"inLanguage":"es-CL"},{"@type":"Organization","@id":"https:\/\/dev.explora.cl\/rmsuroriente\/#organization","name":"RM Sur Oriente","url":"https:\/\/dev.explora.cl\/rmsuroriente\/","logo":{"@type":"ImageObject","inLanguage":"es-CL","@id":"https:\/\/dev.explora.cl\/rmsuroriente\/#\/schema\/logo\/image\/","url":"https:\/\/dev.explora.cl\/rmsuroriente\/wp-content\/uploads\/sites\/12\/2025\/04\/cropped-LogoPAR_RMSO-Azul-UC.png","contentUrl":"https:\/\/dev.explora.cl\/rmsuroriente\/wp-content\/uploads\/sites\/12\/2025\/04\/cropped-LogoPAR_RMSO-Azul-UC.png","width":411,"height":409,"caption":"RM Sur Oriente"},"image":{"@id":"https:\/\/dev.explora.cl\/rmsuroriente\/#\/schema\/logo\/image\/"}},{"@type":"Person","@id":"https:\/\/dev.explora.cl\/rmsuroriente\/#\/schema\/person\/cb8349c13ea2d324080adf8480d7ba5d","name":"webman","image":{"@type":"ImageObject","inLanguage":"es-CL","@id":"https:\/\/dev.explora.cl\/rmsuroriente\/#\/schema\/person\/image\/","url":"https:\/\/secure.gravatar.com\/avatar\/eeff3c82f2c02f7177d13663b7e6f890e9a6a0647ce9bb29cae02dcb094c7312?s=96&d=mm&r=g","contentUrl":"https:\/\/secure.gravatar.com\/avatar\/eeff3c82f2c02f7177d13663b7e6f890e9a6a0647ce9bb29cae02dcb094c7312?s=96&d=mm&r=g","caption":"webman"},"url":"https:\/\/dev.explora.cl\/rmsuroriente\/author\/webman\/"}]}},"_links":{"self":[{"href":"https:\/\/dev.explora.cl\/rmsuroriente\/wp-json\/wp\/v2\/posts\/1470","targetHints":{"allow":["GET"]}}],"collection":[{"href":"https:\/\/dev.explora.cl\/rmsuroriente\/wp-json\/wp\/v2\/posts"}],"about":[{"href":"https:\/\/dev.explora.cl\/rmsuroriente\/wp-json\/wp\/v2\/types\/post"}],"author":[{"embeddable":true,"href":"https:\/\/dev.explora.cl\/rmsuroriente\/wp-json\/wp\/v2\/users\/2"}],"replies":[{"embeddable":true,"href":"https:\/\/dev.explora.cl\/rmsuroriente\/wp-json\/wp\/v2\/comments?post=1470"}],"version-history":[{"count":1,"href":"https:\/\/dev.explora.cl\/rmsuroriente\/wp-json\/wp\/v2\/posts\/1470\/revisions"}],"predecessor-version":[{"id":38322,"href":"https:\/\/dev.explora.cl\/rmsuroriente\/wp-json\/wp\/v2\/posts\/1470\/revisions\/38322"}],"wp:featuredmedia":[{"embeddable":true,"href":"https:\/\/dev.explora.cl\/rmsuroriente\/wp-json\/"}],"wp:attachment":[{"href":"https:\/\/dev.explora.cl\/rmsuroriente\/wp-json\/wp\/v2\/media?parent=1470"}],"wp:term":[{"taxonomy":"category","embeddable":true,"href":"https:\/\/dev.explora.cl\/rmsuroriente\/wp-json\/wp\/v2\/categories?post=1470"},{"taxonomy":"post_tag","embeddable":true,"href":"https:\/\/dev.explora.cl\/rmsuroriente\/wp-json\/wp\/v2\/tags?post=1470"}],"curies":[{"name":"wp","href":"https:\/\/api.w.org\/{rel}","templated":true}]}}