{"id":1456,"date":"2014-06-24T14:25:36","date_gmt":"2014-06-24T14:25:36","guid":{"rendered":"https:\/\/dev.explora.cl\/rmsuroriente\/blog\/2014\/06\/24\/3er-taller-de-postulacion-a-la-feria-antartica-escolar\/"},"modified":"2019-05-20T17:39:26","modified_gmt":"2019-05-20T17:39:26","slug":"3er-taller-de-postulacion-a-la-feria-antartica-escolar","status":"publish","type":"post","link":"https:\/\/dev.explora.cl\/rmsuroriente\/3er-taller-de-postulacion-a-la-feria-antartica-escolar\/","title":{"rendered":"3er Taller de postulaci\u00f3n a la Feria Ant\u00e1rtica Escolar"},"content":{"rendered":"<p><img loading=\"lazy\" decoding=\"async\" class=\" size-full wp-image-3395\" src=\"http:\/\/ec2-34-218-253-251.us-west-2.compute.amazonaws.com\/wp-content\/uploads\/2014\/06\/523a36fada51451daac4a100a70599d2.jpg\" alt=\"\" width=\"535\" height=\"310\" \/><\/p>\n<p>Si vas a participar en la XI Feria Escolar Ant\u00e1rtica (FAE), no pierdas las oportunidad de inscribirte y participar junto a tu equipo en el 3er taller de postulaci\u00f3n\u2026<\/p>\n<p>La jornada consiste en una capacitaci\u00f3n en metodolog\u00eda de la investigaci\u00f3n cient\u00edfica, orientada hacia la realizaci\u00f3n de trabajos cient\u00edficos experimentales en tem\u00e1ticas ant\u00e1rticas.<\/p>\n<p>Los interesados deben inscribirse a trav\u00e9s del <a href=\"https:\/\/docs.google.com\/forms\/d\/1Isf43APt71lWYiRdIO0IhAOHYE5NC38CQ2hlUCOp3_s\/viewform\" target=\"_blank\" rel=\"noopener noreferrer\">siguiente formulario.<\/a><\/p>\n<p>El taller se realizar\u00e1 el d\u00eda 03 de julio de 2014 en la <a href=\"https:\/\/www.google.cl\/maps\/preview?q=San+Pablo+1796+santiago&amp;ie=UTF-8&amp;ei=VPmMU9ioO5LQsQSDh4C4Dw&amp;ved=0CAYQ_AUoAQ\" target=\"_blank\" rel=\"noopener noreferrer\">sede Santiago de la Universidad Arturo Prat, ubicada en San Pablo 1796<\/a>. La cita es a las 9:00 horas. <\/p>\n<p><span class=\"highlight\"><a href=\"https:\/\/docs.google.com\/forms\/d\/1Isf43APt71lWYiRdIO0IhAOHYE5NC38CQ2hlUCOp3_s\/viewform\" target=\"_blank\" rel=\"noopener noreferrer\"><img loading=\"lazy\" decoding=\"async\" src=\"http:\/\/lh3.ggpht.com\/-fXyC87hJVdI\/U5XaQGVBNUI\/AAAAAAAATnI\/7QkQtB9tUIY\/s800\/inscribeteaqui.jpg\" border=\"0\" alt=\"inscribeteaqui.jpg\" width=\"132\" height=\"150\" style=\"float: right\" \/><\/a>Recuerda<\/span><\/p>\n<ul>\n<li><span style=\"line-height: 1.3em\">Los equipos escolares consisten en 1 docente y 3 estudiantes como m\u00e1ximo.<\/span><\/li>\n<li><span style=\"line-height: 1.3em\">M\u00e1s informaci\u00f3n: faemetropolitana2014@gmail.com<\/span><\/li>\n<\/ul>\n","protected":false},"excerpt":{"rendered":"<p>Si vas a participar en la XI Feria Escolar Ant\u00e1rtica (FAE), no pierdas las oportunidad de inscribirte y participar junto a tu equipo en el 3er taller de postulaci\u00f3n\u2026 La jornada consiste en una capacitaci\u00f3n en metodolog\u00eda de la investigaci\u00f3n cient\u00edfica, orientada hacia la realizaci\u00f3n de trabajos cient\u00edficos experimentales en tem\u00e1ticas ant\u00e1rticas. Los interesados deben [&hellip;]<\/p>\n","protected":false},"author":2,"featured_media":3395,"comment_status":"closed","ping_status":"open","sticky":false,"template":"","format":"standard","meta":{"_acf_changed":false,"_exactmetrics_skip_tracking":false,"_exactmetrics_sitenote_active":false,"_exactmetrics_sitenote_note":"","_exactmetrics_sitenote_category":0,"footnotes":"","_links_to":"","_links_to_target":""},"categories":[4],"tags":[],"class_list":["post-1456","post","type-post","status-publish","format-standard","has-post-thumbnail","hentry","category-noticias"],"acf":[],"yoast_head":"<!-- This site is optimized with the Yoast SEO plugin v26.7 - https:\/\/yoast.com\/wordpress\/plugins\/seo\/ -->\n<title>3er Taller de postulaci\u00f3n a la Feria Ant\u00e1rtica Escolar - RM Sur Oriente<\/title>\n<meta name=\"robots\" content=\"index, follow, max-snippet:-1, max-image-preview:large, max-video-preview:-1\" \/>\n<link rel=\"canonical\" href=\"https:\/\/dev.explora.cl\/rmsuroriente\/3er-taller-de-postulacion-a-la-feria-antartica-escolar\/\" class=\"yoast-seo-meta-tag\" \/>\n<meta property=\"og:locale\" content=\"es_ES\" class=\"yoast-seo-meta-tag\" \/>\n<meta property=\"og:type\" content=\"article\" class=\"yoast-seo-meta-tag\" \/>\n<meta property=\"og:title\" content=\"3er Taller de postulaci\u00f3n a la Feria Ant\u00e1rtica Escolar - RM Sur Oriente\" class=\"yoast-seo-meta-tag\" \/>\n<meta property=\"og:description\" content=\"Si vas a participar en la XI Feria Escolar Ant\u00e1rtica (FAE), no pierdas las oportunidad de inscribirte y participar junto a tu equipo en el 3er taller de postulaci\u00f3n\u2026 La jornada consiste en una capacitaci\u00f3n en metodolog\u00eda de la investigaci\u00f3n cient\u00edfica, orientada hacia la realizaci\u00f3n de trabajos cient\u00edficos experimentales en tem\u00e1ticas ant\u00e1rticas. Los interesados deben [&hellip;]\" class=\"yoast-seo-meta-tag\" \/>\n<meta property=\"og:url\" content=\"https:\/\/dev.explora.cl\/rmsuroriente\/3er-taller-de-postulacion-a-la-feria-antartica-escolar\/\" class=\"yoast-seo-meta-tag\" \/>\n<meta property=\"og:site_name\" content=\"RM Sur Oriente\" class=\"yoast-seo-meta-tag\" \/>\n<meta property=\"article:published_time\" content=\"2014-06-24T14:25:36+00:00\" class=\"yoast-seo-meta-tag\" \/>\n<meta property=\"article:modified_time\" content=\"2019-05-20T17:39:26+00:00\" class=\"yoast-seo-meta-tag\" \/>\n<meta name=\"author\" content=\"webman\" class=\"yoast-seo-meta-tag\" \/>\n<meta name=\"twitter:card\" content=\"summary_large_image\" class=\"yoast-seo-meta-tag\" \/>\n<meta name=\"twitter:label1\" content=\"Escrito por\" class=\"yoast-seo-meta-tag\" \/>\n\t<meta name=\"twitter:data1\" content=\"webman\" class=\"yoast-seo-meta-tag\" \/>\n\t<meta name=\"twitter:label2\" content=\"Tiempo estimado de lectura\" class=\"yoast-seo-meta-tag\" \/>\n\t<meta name=\"twitter:data2\" content=\"1 minuto\" class=\"yoast-seo-meta-tag\" \/>\n<script type=\"application\/ld+json\" class=\"yoast-schema-graph\">{\"@context\":\"https:\/\/schema.org\",\"@graph\":[{\"@type\":\"Article\",\"@id\":\"https:\/\/dev.explora.cl\/rmsuroriente\/3er-taller-de-postulacion-a-la-feria-antartica-escolar\/#article\",\"isPartOf\":{\"@id\":\"https:\/\/dev.explora.cl\/rmsuroriente\/3er-taller-de-postulacion-a-la-feria-antartica-escolar\/\"},\"author\":{\"name\":\"webman\",\"@id\":\"https:\/\/dev.explora.cl\/rmsuroriente\/#\/schema\/person\/cb8349c13ea2d324080adf8480d7ba5d\"},\"headline\":\"3er Taller de postulaci\u00f3n a la Feria Ant\u00e1rtica Escolar\",\"datePublished\":\"2014-06-24T14:25:36+00:00\",\"dateModified\":\"2019-05-20T17:39:26+00:00\",\"mainEntityOfPage\":{\"@id\":\"https:\/\/dev.explora.cl\/rmsuroriente\/3er-taller-de-postulacion-a-la-feria-antartica-escolar\/\"},\"wordCount\":131,\"publisher\":{\"@id\":\"https:\/\/dev.explora.cl\/rmsuroriente\/#organization\"},\"image\":{\"@id\":\"https:\/\/dev.explora.cl\/rmsuroriente\/3er-taller-de-postulacion-a-la-feria-antartica-escolar\/#primaryimage\"},\"thumbnailUrl\":\"\",\"articleSection\":[\"Noticias\"],\"inLanguage\":\"es-CL\"},{\"@type\":\"WebPage\",\"@id\":\"https:\/\/dev.explora.cl\/rmsuroriente\/3er-taller-de-postulacion-a-la-feria-antartica-escolar\/\",\"url\":\"https:\/\/dev.explora.cl\/rmsuroriente\/3er-taller-de-postulacion-a-la-feria-antartica-escolar\/\",\"name\":\"3er Taller de postulaci\u00f3n a la Feria Ant\u00e1rtica Escolar - RM Sur Oriente\",\"isPartOf\":{\"@id\":\"https:\/\/dev.explora.cl\/rmsuroriente\/#website\"},\"primaryImageOfPage\":{\"@id\":\"https:\/\/dev.explora.cl\/rmsuroriente\/3er-taller-de-postulacion-a-la-feria-antartica-escolar\/#primaryimage\"},\"image\":{\"@id\":\"https:\/\/dev.explora.cl\/rmsuroriente\/3er-taller-de-postulacion-a-la-feria-antartica-escolar\/#primaryimage\"},\"thumbnailUrl\":\"\",\"datePublished\":\"2014-06-24T14:25:36+00:00\",\"dateModified\":\"2019-05-20T17:39:26+00:00\",\"breadcrumb\":{\"@id\":\"https:\/\/dev.explora.cl\/rmsuroriente\/3er-taller-de-postulacion-a-la-feria-antartica-escolar\/#breadcrumb\"},\"inLanguage\":\"es-CL\",\"potentialAction\":[{\"@type\":\"ReadAction\",\"target\":[\"https:\/\/dev.explora.cl\/rmsuroriente\/3er-taller-de-postulacion-a-la-feria-antartica-escolar\/\"]}]},{\"@type\":\"ImageObject\",\"inLanguage\":\"es-CL\",\"@id\":\"https:\/\/dev.explora.cl\/rmsuroriente\/3er-taller-de-postulacion-a-la-feria-antartica-escolar\/#primaryimage\",\"url\":\"\",\"contentUrl\":\"\"},{\"@type\":\"BreadcrumbList\",\"@id\":\"https:\/\/dev.explora.cl\/rmsuroriente\/3er-taller-de-postulacion-a-la-feria-antartica-escolar\/#breadcrumb\",\"itemListElement\":[{\"@type\":\"ListItem\",\"position\":1,\"name\":\"Portada\",\"item\":\"https:\/\/dev.explora.cl\/rmsuroriente\/\"},{\"@type\":\"ListItem\",\"position\":2,\"name\":\"3er Taller de postulaci\u00f3n a la Feria Ant\u00e1rtica Escolar\"}]},{\"@type\":\"WebSite\",\"@id\":\"https:\/\/dev.explora.cl\/rmsuroriente\/#website\",\"url\":\"https:\/\/dev.explora.cl\/rmsuroriente\/\",\"name\":\"RM Sur Oriente\",\"description\":\"Otro sitio m\u00e1s de dev.explora.cl\",\"publisher\":{\"@id\":\"https:\/\/dev.explora.cl\/rmsuroriente\/#organization\"},\"potentialAction\":[{\"@type\":\"SearchAction\",\"target\":{\"@type\":\"EntryPoint\",\"urlTemplate\":\"https:\/\/dev.explora.cl\/rmsuroriente\/?s={search_term_string}\"},\"query-input\":{\"@type\":\"PropertyValueSpecification\",\"valueRequired\":true,\"valueName\":\"search_term_string\"}}],\"inLanguage\":\"es-CL\"},{\"@type\":\"Organization\",\"@id\":\"https:\/\/dev.explora.cl\/rmsuroriente\/#organization\",\"name\":\"RM Sur Oriente\",\"url\":\"https:\/\/dev.explora.cl\/rmsuroriente\/\",\"logo\":{\"@type\":\"ImageObject\",\"inLanguage\":\"es-CL\",\"@id\":\"https:\/\/dev.explora.cl\/rmsuroriente\/#\/schema\/logo\/image\/\",\"url\":\"https:\/\/dev.explora.cl\/rmsuroriente\/wp-content\/uploads\/sites\/12\/2025\/04\/cropped-LogoPAR_RMSO-Azul-UC.png\",\"contentUrl\":\"https:\/\/dev.explora.cl\/rmsuroriente\/wp-content\/uploads\/sites\/12\/2025\/04\/cropped-LogoPAR_RMSO-Azul-UC.png\",\"width\":411,\"height\":409,\"caption\":\"RM Sur Oriente\"},\"image\":{\"@id\":\"https:\/\/dev.explora.cl\/rmsuroriente\/#\/schema\/logo\/image\/\"}},{\"@type\":\"Person\",\"@id\":\"https:\/\/dev.explora.cl\/rmsuroriente\/#\/schema\/person\/cb8349c13ea2d324080adf8480d7ba5d\",\"name\":\"webman\",\"image\":{\"@type\":\"ImageObject\",\"inLanguage\":\"es-CL\",\"@id\":\"https:\/\/dev.explora.cl\/rmsuroriente\/#\/schema\/person\/image\/\",\"url\":\"https:\/\/secure.gravatar.com\/avatar\/eeff3c82f2c02f7177d13663b7e6f890e9a6a0647ce9bb29cae02dcb094c7312?s=96&d=mm&r=g\",\"contentUrl\":\"https:\/\/secure.gravatar.com\/avatar\/eeff3c82f2c02f7177d13663b7e6f890e9a6a0647ce9bb29cae02dcb094c7312?s=96&d=mm&r=g\",\"caption\":\"webman\"},\"url\":\"https:\/\/dev.explora.cl\/rmsuroriente\/author\/webman\/\"}]}<\/script>\n<!-- \/ Yoast SEO plugin. -->","yoast_head_json":{"title":"3er Taller de postulaci\u00f3n a la Feria Ant\u00e1rtica Escolar - RM Sur Oriente","robots":{"index":"index","follow":"follow","max-snippet":"max-snippet:-1","max-image-preview":"max-image-preview:large","max-video-preview":"max-video-preview:-1"},"canonical":"https:\/\/dev.explora.cl\/rmsuroriente\/3er-taller-de-postulacion-a-la-feria-antartica-escolar\/","og_locale":"es_ES","og_type":"article","og_title":"3er Taller de postulaci\u00f3n a la Feria Ant\u00e1rtica Escolar - RM Sur Oriente","og_description":"Si vas a participar en la XI Feria Escolar Ant\u00e1rtica (FAE), no pierdas las oportunidad de inscribirte y participar junto a tu equipo en el 3er taller de postulaci\u00f3n\u2026 La jornada consiste en una capacitaci\u00f3n en metodolog\u00eda de la investigaci\u00f3n cient\u00edfica, orientada hacia la realizaci\u00f3n de trabajos cient\u00edficos experimentales en tem\u00e1ticas ant\u00e1rticas. Los interesados deben [&hellip;]","og_url":"https:\/\/dev.explora.cl\/rmsuroriente\/3er-taller-de-postulacion-a-la-feria-antartica-escolar\/","og_site_name":"RM Sur Oriente","article_published_time":"2014-06-24T14:25:36+00:00","article_modified_time":"2019-05-20T17:39:26+00:00","author":"webman","twitter_card":"summary_large_image","twitter_misc":{"Escrito por":"webman","Tiempo estimado de lectura":"1 minuto"},"schema":{"@context":"https:\/\/schema.org","@graph":[{"@type":"Article","@id":"https:\/\/dev.explora.cl\/rmsuroriente\/3er-taller-de-postulacion-a-la-feria-antartica-escolar\/#article","isPartOf":{"@id":"https:\/\/dev.explora.cl\/rmsuroriente\/3er-taller-de-postulacion-a-la-feria-antartica-escolar\/"},"author":{"name":"webman","@id":"https:\/\/dev.explora.cl\/rmsuroriente\/#\/schema\/person\/cb8349c13ea2d324080adf8480d7ba5d"},"headline":"3er Taller de postulaci\u00f3n a la Feria Ant\u00e1rtica Escolar","datePublished":"2014-06-24T14:25:36+00:00","dateModified":"2019-05-20T17:39:26+00:00","mainEntityOfPage":{"@id":"https:\/\/dev.explora.cl\/rmsuroriente\/3er-taller-de-postulacion-a-la-feria-antartica-escolar\/"},"wordCount":131,"publisher":{"@id":"https:\/\/dev.explora.cl\/rmsuroriente\/#organization"},"image":{"@id":"https:\/\/dev.explora.cl\/rmsuroriente\/3er-taller-de-postulacion-a-la-feria-antartica-escolar\/#primaryimage"},"thumbnailUrl":"","articleSection":["Noticias"],"inLanguage":"es-CL"},{"@type":"WebPage","@id":"https:\/\/dev.explora.cl\/rmsuroriente\/3er-taller-de-postulacion-a-la-feria-antartica-escolar\/","url":"https:\/\/dev.explora.cl\/rmsuroriente\/3er-taller-de-postulacion-a-la-feria-antartica-escolar\/","name":"3er Taller de postulaci\u00f3n a la Feria Ant\u00e1rtica Escolar - RM Sur Oriente","isPartOf":{"@id":"https:\/\/dev.explora.cl\/rmsuroriente\/#website"},"primaryImageOfPage":{"@id":"https:\/\/dev.explora.cl\/rmsuroriente\/3er-taller-de-postulacion-a-la-feria-antartica-escolar\/#primaryimage"},"image":{"@id":"https:\/\/dev.explora.cl\/rmsuroriente\/3er-taller-de-postulacion-a-la-feria-antartica-escolar\/#primaryimage"},"thumbnailUrl":"","datePublished":"2014-06-24T14:25:36+00:00","dateModified":"2019-05-20T17:39:26+00:00","breadcrumb":{"@id":"https:\/\/dev.explora.cl\/rmsuroriente\/3er-taller-de-postulacion-a-la-feria-antartica-escolar\/#breadcrumb"},"inLanguage":"es-CL","potentialAction":[{"@type":"ReadAction","target":["https:\/\/dev.explora.cl\/rmsuroriente\/3er-taller-de-postulacion-a-la-feria-antartica-escolar\/"]}]},{"@type":"ImageObject","inLanguage":"es-CL","@id":"https:\/\/dev.explora.cl\/rmsuroriente\/3er-taller-de-postulacion-a-la-feria-antartica-escolar\/#primaryimage","url":"","contentUrl":""},{"@type":"BreadcrumbList","@id":"https:\/\/dev.explora.cl\/rmsuroriente\/3er-taller-de-postulacion-a-la-feria-antartica-escolar\/#breadcrumb","itemListElement":[{"@type":"ListItem","position":1,"name":"Portada","item":"https:\/\/dev.explora.cl\/rmsuroriente\/"},{"@type":"ListItem","position":2,"name":"3er Taller de postulaci\u00f3n a la Feria Ant\u00e1rtica Escolar"}]},{"@type":"WebSite","@id":"https:\/\/dev.explora.cl\/rmsuroriente\/#website","url":"https:\/\/dev.explora.cl\/rmsuroriente\/","name":"RM Sur Oriente","description":"Otro sitio m\u00e1s de dev.explora.cl","publisher":{"@id":"https:\/\/dev.explora.cl\/rmsuroriente\/#organization"},"potentialAction":[{"@type":"SearchAction","target":{"@type":"EntryPoint","urlTemplate":"https:\/\/dev.explora.cl\/rmsuroriente\/?s={search_term_string}"},"query-input":{"@type":"PropertyValueSpecification","valueRequired":true,"valueName":"search_term_string"}}],"inLanguage":"es-CL"},{"@type":"Organization","@id":"https:\/\/dev.explora.cl\/rmsuroriente\/#organization","name":"RM Sur Oriente","url":"https:\/\/dev.explora.cl\/rmsuroriente\/","logo":{"@type":"ImageObject","inLanguage":"es-CL","@id":"https:\/\/dev.explora.cl\/rmsuroriente\/#\/schema\/logo\/image\/","url":"https:\/\/dev.explora.cl\/rmsuroriente\/wp-content\/uploads\/sites\/12\/2025\/04\/cropped-LogoPAR_RMSO-Azul-UC.png","contentUrl":"https:\/\/dev.explora.cl\/rmsuroriente\/wp-content\/uploads\/sites\/12\/2025\/04\/cropped-LogoPAR_RMSO-Azul-UC.png","width":411,"height":409,"caption":"RM Sur Oriente"},"image":{"@id":"https:\/\/dev.explora.cl\/rmsuroriente\/#\/schema\/logo\/image\/"}},{"@type":"Person","@id":"https:\/\/dev.explora.cl\/rmsuroriente\/#\/schema\/person\/cb8349c13ea2d324080adf8480d7ba5d","name":"webman","image":{"@type":"ImageObject","inLanguage":"es-CL","@id":"https:\/\/dev.explora.cl\/rmsuroriente\/#\/schema\/person\/image\/","url":"https:\/\/secure.gravatar.com\/avatar\/eeff3c82f2c02f7177d13663b7e6f890e9a6a0647ce9bb29cae02dcb094c7312?s=96&d=mm&r=g","contentUrl":"https:\/\/secure.gravatar.com\/avatar\/eeff3c82f2c02f7177d13663b7e6f890e9a6a0647ce9bb29cae02dcb094c7312?s=96&d=mm&r=g","caption":"webman"},"url":"https:\/\/dev.explora.cl\/rmsuroriente\/author\/webman\/"}]}},"_links":{"self":[{"href":"https:\/\/dev.explora.cl\/rmsuroriente\/wp-json\/wp\/v2\/posts\/1456","targetHints":{"allow":["GET"]}}],"collection":[{"href":"https:\/\/dev.explora.cl\/rmsuroriente\/wp-json\/wp\/v2\/posts"}],"about":[{"href":"https:\/\/dev.explora.cl\/rmsuroriente\/wp-json\/wp\/v2\/types\/post"}],"author":[{"embeddable":true,"href":"https:\/\/dev.explora.cl\/rmsuroriente\/wp-json\/wp\/v2\/users\/2"}],"replies":[{"embeddable":true,"href":"https:\/\/dev.explora.cl\/rmsuroriente\/wp-json\/wp\/v2\/comments?post=1456"}],"version-history":[{"count":1,"href":"https:\/\/dev.explora.cl\/rmsuroriente\/wp-json\/wp\/v2\/posts\/1456\/revisions"}],"predecessor-version":[{"id":38315,"href":"https:\/\/dev.explora.cl\/rmsuroriente\/wp-json\/wp\/v2\/posts\/1456\/revisions\/38315"}],"wp:featuredmedia":[{"embeddable":true,"href":"https:\/\/dev.explora.cl\/rmsuroriente\/wp-json\/"}],"wp:attachment":[{"href":"https:\/\/dev.explora.cl\/rmsuroriente\/wp-json\/wp\/v2\/media?parent=1456"}],"wp:term":[{"taxonomy":"category","embeddable":true,"href":"https:\/\/dev.explora.cl\/rmsuroriente\/wp-json\/wp\/v2\/categories?post=1456"},{"taxonomy":"post_tag","embeddable":true,"href":"https:\/\/dev.explora.cl\/rmsuroriente\/wp-json\/wp\/v2\/tags?post=1456"}],"curies":[{"name":"wp","href":"https:\/\/api.w.org\/{rel}","templated":true}]}}