{"id":42977,"date":"2024-07-12T11:22:51","date_gmt":"2024-07-12T15:22:51","guid":{"rendered":"https:\/\/dev.explora.cl\/rmnorte\/?p=42977"},"modified":"2024-08-06T12:56:52","modified_gmt":"2024-08-06T16:56:52","slug":"50-docentes-nos-acompanan-en-la-aventura-de-pichinco-en-busca-del-agua","status":"publish","type":"post","link":"https:\/\/dev.explora.cl\/rmnorte\/50-docentes-nos-acompanan-en-la-aventura-de-pichinco-en-busca-del-agua\/","title":{"rendered":"50 docentes nos acompa\u00f1an en la aventura de \u201cPichinCO en busca del agua\u201d"},"content":{"rendered":"<p>[vc_row][vc_column][vc_column_text]Por segundo a\u00f1o consecutivo, el Proyecto Asociativo Explora Regi\u00f3n Metropolitana Norte del Ministerio de Ciencia, Tecnolog\u00eda, Conocimiento e Innovaci\u00f3n, llevar\u00e1 el cuento ilustrado \u201cPichinCO en busca del agua\u201d a m\u00e1s 1400 ni\u00f1os y ni\u00f1as de niveles transici\u00f3n de Educaci\u00f3n Parvularia y primero y segundo nivel de Ense\u00f1anza B\u00e1sica, pertenecientes a 30 establecimientos educacionales de la RM.<\/p>\n<p>&#8220;PichinCO en busca del agua&#8221;\u00a0es un cuento ilustrado, que no solo busca sensibilizar y educar a ni\u00f1os y ni\u00f1as sobre la importancia del cuidado del agua desde una perspectiva constructivista del aprendizaje, sino que tambi\u00e9n cultivar habilidades cient\u00edficas y actitudes indagatorias esenciales frente a los desaf\u00edos del mundo actual. El cuento est\u00e1 acompa\u00f1ado por un kit de materiales para realizar las actividades en el aula, y una Gu\u00eda Docente alineada al Curriculum Nacional que contiene cinco experiencias de aprendizaje dise\u00f1adas para potenciar competencias cient\u00edficas, a trav\u00e9s de la metodolog\u00eda indagatoria y el modelo por competencias Explora.<\/p>\n<p><strong>Lanzamiento de &#8220;PichinCO: en busca del agua&#8221;\u00a0<\/strong><\/p>\n<p>Este a\u00f1o PichinCO visit\u00f3 a los\/as ni\u00f1os y ni\u00f1as de la Escuela Paulo Freire en Cerro Navia y a la Escuela Los Rulos en Mar\u00eda Pinto, quienes disfrutaron de la historia de PichinCO, a trav\u00e9s de una cuenta cuentos.<\/p>\n<p>A la actividad asistieron m\u00e1s de 120 ni\u00f1os y ni\u00f1as entre ambas Escuelas, entre ellos se encontraba Emiliano Garc\u00eda, estudiante de la Escuela Paulo Freire de Cerro Navia quien dijo \u201cel personaje que me gust\u00f3 fue PichinCO, aprend\u00ed que tenemos que cuidar el agua\u201d[\/vc_column_text][\/vc_column][\/vc_row][vc_row][vc_column][vc_single_image image=&#8221;42979&#8243; img_size=&#8221;full&#8221; title=&#8221;Arlec Fak, tambi\u00e9n estudiante de la Escuela Paulo Freire de Cerro Navia tambi\u00e9n coment\u00f3 que le gust\u00f3 el cuento y que ella cuida el agua dejando la llave cerrada cuando se cepilla los dientes. &#8220;][\/vc_column][\/vc_row][vc_row][vc_column][vc_column_text]<img loading=\"lazy\" decoding=\"async\" class=\"alignleft size-medium wp-image-42981\" src=\"https:\/\/dev.explora.cl\/rmnorte\/wp-content\/uploads\/sites\/11\/2024\/07\/Claudia-Lo\u0301pez-300x197.png\" alt=\"\" width=\"300\" height=\"197\" srcset=\"https:\/\/dev.explora.cl\/rmnorte\/wp-content\/uploads\/sites\/11\/2024\/07\/Claudia-Lo\u0301pez-300x197.png 300w, https:\/\/dev.explora.cl\/rmnorte\/wp-content\/uploads\/sites\/11\/2024\/07\/Claudia-Lo\u0301pez.png 400w\" sizes=\"auto, (max-width: 300px) 100vw, 300px\" \/>Por otro lado, una de las profesoras de la Escuela Paulo Freire, Claudia L\u00f3pez, tambi\u00e9n se refiri\u00f3 a la actividad: &#8220;me encant\u00f3, todo fue muy l\u00fadico y llamativo. Los ni\u00f1os estaban expectantes con lo que se relataba y lo que ven\u00eda. El cuento siempre los mantuvo cautivados, esperando qu\u00e9 iba a pasar despu\u00e9s. Adem\u00e1s, se habl\u00f3 de algo muy importante como la fauna de nuestro pa\u00eds, lo cual es un tema que abordamos mucho en primero y segundo b\u00e1sico. Tener la oportunidad de reforzar lo aprendido en la sala de clase a trav\u00e9s de un cuento fue fant\u00e1stico&#8221;.[\/vc_column_text][vc_column_text]A la actividad asistieron diversas autoridades, entre ellas el director de Explora RM Norte, Dr. Mario Chiong, directivos de las escuelas y personal del Servicio Local de Educaci\u00f3n Barrancas.<\/p>\n<p><img loading=\"lazy\" decoding=\"async\" class=\"alignleft size-medium wp-image-42982\" src=\"https:\/\/dev.explora.cl\/rmnorte\/wp-content\/uploads\/sites\/11\/2024\/07\/sergio-300x197.png\" alt=\"\" width=\"300\" height=\"197\" srcset=\"https:\/\/dev.explora.cl\/rmnorte\/wp-content\/uploads\/sites\/11\/2024\/07\/sergio-300x197.png 300w, https:\/\/dev.explora.cl\/rmnorte\/wp-content\/uploads\/sites\/11\/2024\/07\/sergio.png 400w\" sizes=\"auto, (max-width: 300px) 100vw, 300px\" \/>Sergio Reyes, coordinador acad\u00e9mico de la Escuela Paulo Freire de Cerro Navia, agradeci\u00f3 la invitaci\u00f3n del lanzamiento de PichinCO en su escuela. \u201cSabemos que este producto es una intervenci\u00f3n importante, porque es necesario inculcar el cuidado del medio ambiente y sobre todo del agua, desde edades tempranas. Todos los ni\u00f1os y ni\u00f1as estaban muy felices, fue un aprendizaje significativo para los estudiantes\u201d.<\/p>\n<p>&nbsp;<\/p>\n<p>&nbsp;<\/p>\n<p>&nbsp;<\/p>\n<p>&nbsp;<\/p>\n<p><img loading=\"lazy\" decoding=\"async\" class=\"alignleft size-medium wp-image-42983\" src=\"https:\/\/dev.explora.cl\/rmnorte\/wp-content\/uploads\/sites\/11\/2024\/07\/sebastian-300x197.png\" alt=\"\" width=\"300\" height=\"197\" srcset=\"https:\/\/dev.explora.cl\/rmnorte\/wp-content\/uploads\/sites\/11\/2024\/07\/sebastian-300x197.png 300w, https:\/\/dev.explora.cl\/rmnorte\/wp-content\/uploads\/sites\/11\/2024\/07\/sebastian.png 400w\" sizes=\"auto, (max-width: 300px) 100vw, 300px\" \/>En esta misma l\u00ednea, Sebasti\u00e1n Mardones, Asesor T\u00e9cnico Pedag\u00f3gico del Servicio Local de Educaci\u00f3n Barrancas, destac\u00f3 la importancia de abordar estas tem\u00e1ticas. &#8220;Es crucial tratar estos temas porque los ni\u00f1os est\u00e1n en un territorio donde tienen el r\u00edo Mapocho al lado y lo conocen desde otra perspectiva. Los chicos estuvieron muy participativos y ya sab\u00edan c\u00f3mo cuidar el agua. Vivir en una zona afectada por la sequ\u00eda y aprender sobre ello a trav\u00e9s de un pato cuchara es s\u00faper importante.&#8221;<\/p>\n<p>&nbsp;<\/p>\n<p>&nbsp;<\/p>\n<p>&nbsp;<\/p>\n<p>La educadora Marlen Farias del Colegio los Rulos en Mar\u00eda Pinto, destac\u00f3 que este cuento les ayudar\u00e1 a reforzar lo trabajado en la sala de clase y crear conciencia sobre el cuidado del medio ambiente desde las primeras edades.<\/p>\n<p><img loading=\"lazy\" decoding=\"async\" class=\"alignleft wp-image-42984\" src=\"https:\/\/dev.explora.cl\/rmnorte\/wp-content\/uploads\/sites\/11\/2024\/07\/educadora.png\" alt=\"\" width=\"750\" height=\"499\" srcset=\"https:\/\/dev.explora.cl\/rmnorte\/wp-content\/uploads\/sites\/11\/2024\/07\/educadora.png 922w, https:\/\/dev.explora.cl\/rmnorte\/wp-content\/uploads\/sites\/11\/2024\/07\/educadora-300x200.png 300w, https:\/\/dev.explora.cl\/rmnorte\/wp-content\/uploads\/sites\/11\/2024\/07\/educadora-768x511.png 768w\" sizes=\"auto, (max-width: 750px) 100vw, 750px\" \/><\/p>\n<p>Joselin Vargas, educadora de la Escuela Chorombo Alto de Mar\u00eda Pinto, quien con su estudiantes y otras profesoras tambi\u00e9n asistieron al lanzamiento de PichinCO: en busca del agua en la Escuela Los Rulos, dijo que es importante incluir a los\/as m\u00e1s peque\u00f1os el cuidado del agua y del planeta, \u201cel cuento es muy lindo, y a los chicos les gust\u00f3 mucho\u201d.<\/p>\n<p>&nbsp;<\/p>\n<p><strong>Implementaci\u00f3n en la sala de clase<\/strong><\/p>\n<p>En mayo, 50 docentes de Educaci\u00f3n Parvularia y Primer ciclo b\u00e1sico, participaron en la capacitaci\u00f3n para conocer el marco metodol\u00f3gico del cuento y c\u00f3mo implementar las experiencias de aprendizaje dispuestas en la gu\u00eda docente.<\/p>\n<p>Durante la primera jornada asisti\u00f3 la Dra.\u00a0Carmen\u00a0Espoz, Decana de la Facultad de Ciencias de la Universidad Santo Tom\u00e1s\u00a0y validadora cient\u00edfica del cuento, quien comparti\u00f3 su conocimiento sobre la importancia del recurso h\u00eddrico y la necesidad de ense\u00f1arlo desde temprana edad.<\/p>\n<p>En la segunda jornada, nos acompa\u00f1\u00f3 la Dra. N\u00e9lida Pohl, Directora de comunicaciones del Instituto Ecolog\u00eda y Biodiversidad, quien convers\u00f3 sobre el quehacer de la ciencia y c\u00f3mo formular buenas preguntas de indagaci\u00f3n. La jornada finaliz\u00f3 con una actividad en terreno, dirigida por el Dr. Juan Salazar, Coordinador del programa Educaci\u00f3n para la Conservaci\u00f3n de la Red de Observadores de Aves y Vida Silvestre de Chile.<\/p>\n<p>Este producto es desarrollado por el Proyecto Explora RM Norte, liderado por el Centro Avanzado de Enfermedades Cr\u00f3nicas (ACCDiS), a trav\u00e9s de la Universidad de Chile y su Facultad de Ciencias Qu\u00edmicas y Farmac\u00e9uticas.[\/vc_column_text][\/vc_column][\/vc_row][vc_row][vc_column][vc_facebook][\/vc_column][\/vc_row]<\/p>\n","protected":false},"excerpt":{"rendered":"<p>Por segundo a\u00f1o consecutivo, el Proyecto Asociativo Explora Regi\u00f3n Metropolitana Norte del Ministerio de Ciencia, Tecnolog\u00eda, Conocimiento e Innovaci\u00f3n, llevar\u00e1 el cuento ilustrado \u201cPichinCO en busca del agua\u201d a m\u00e1s 1400 ni\u00f1os y ni\u00f1as de niveles transici\u00f3n de Educaci\u00f3n Parvularia y primero y segundo nivel de Ense\u00f1anza B\u00e1sica, pertenecientes a 30 establecimientos educacionales de la RM.<\/p>\n","protected":false},"author":26,"featured_media":42978,"comment_status":"open","ping_status":"open","sticky":false,"template":"","format":"standard","meta":{"_acf_changed":false,"_exactmetrics_skip_tracking":false,"_exactmetrics_sitenote_active":false,"_exactmetrics_sitenote_note":"","_exactmetrics_sitenote_category":0,"footnotes":"","_links_to":"","_links_to_target":""},"categories":[143,4],"tags":[264,256,254,241,299,300,268,243,259],"class_list":["post-42977","post","type-post","status-publish","format-standard","has-post-thumbnail","hentry","category-lugar-8","category-noticias","tag-accdis","tag-agua","tag-crisis-hidrica","tag-explora-rmnorte","tag-fauna-chilena","tag-humedales","tag-ministerio-de-ciencia-tecnologia-conocimiento-e-innovacion","tag-pichinco","tag-u-de-chile"],"acf":[],"yoast_head":"<!-- This site is optimized with the Yoast SEO plugin v26.7 - https:\/\/yoast.com\/wordpress\/plugins\/seo\/ -->\n<title>50 docentes nos acompa\u00f1an en la aventura de \u201cPichinCO en busca del agua\u201d - RM Norte<\/title>\n<meta name=\"robots\" content=\"index, follow, max-snippet:-1, max-image-preview:large, max-video-preview:-1\" \/>\n<link rel=\"canonical\" href=\"https:\/\/dev.explora.cl\/rmnorte\/50-docentes-nos-acompanan-en-la-aventura-de-pichinco-en-busca-del-agua\/\" class=\"yoast-seo-meta-tag\" \/>\n<meta property=\"og:locale\" content=\"es_ES\" class=\"yoast-seo-meta-tag\" \/>\n<meta property=\"og:type\" content=\"article\" class=\"yoast-seo-meta-tag\" \/>\n<meta property=\"og:title\" content=\"50 docentes nos acompa\u00f1an en la aventura de \u201cPichinCO en busca del agua\u201d - RM Norte\" class=\"yoast-seo-meta-tag\" \/>\n<meta property=\"og:description\" content=\"Por segundo a\u00f1o consecutivo, el Proyecto Asociativo Explora Regi\u00f3n Metropolitana Norte del Ministerio de Ciencia, Tecnolog\u00eda, Conocimiento e Innovaci\u00f3n, llevar\u00e1 el cuento ilustrado \u201cPichinCO en busca del agua\u201d a m\u00e1s 1400 ni\u00f1os y ni\u00f1as de niveles transici\u00f3n de Educaci\u00f3n Parvularia y primero y segundo nivel de Ense\u00f1anza B\u00e1sica, pertenecientes a 30 establecimientos educacionales de la RM.\" class=\"yoast-seo-meta-tag\" \/>\n<meta property=\"og:url\" content=\"https:\/\/dev.explora.cl\/rmnorte\/50-docentes-nos-acompanan-en-la-aventura-de-pichinco-en-busca-del-agua\/\" class=\"yoast-seo-meta-tag\" \/>\n<meta property=\"og:site_name\" content=\"RM Norte\" class=\"yoast-seo-meta-tag\" \/>\n<meta property=\"article:published_time\" content=\"2024-07-12T15:22:51+00:00\" class=\"yoast-seo-meta-tag\" \/>\n<meta property=\"article:modified_time\" content=\"2024-08-06T16:56:52+00:00\" class=\"yoast-seo-meta-tag\" \/>\n<meta property=\"og:image\" content=\"https:\/\/dev.explora.cl\/rmnorte\/wp-content\/uploads\/sites\/11\/2024\/07\/Nota-pichinCO.jpg\" class=\"yoast-seo-meta-tag\" \/>\n\t<meta property=\"og:image:width\" content=\"3984\" class=\"yoast-seo-meta-tag\" \/>\n\t<meta property=\"og:image:height\" content=\"2656\" class=\"yoast-seo-meta-tag\" \/>\n\t<meta property=\"og:image:type\" content=\"image\/jpeg\" class=\"yoast-seo-meta-tag\" \/>\n<meta name=\"author\" content=\"dgarcia\" class=\"yoast-seo-meta-tag\" \/>\n<meta name=\"twitter:card\" content=\"summary_large_image\" class=\"yoast-seo-meta-tag\" \/>\n<meta name=\"twitter:label1\" content=\"Escrito por\" class=\"yoast-seo-meta-tag\" \/>\n\t<meta name=\"twitter:data1\" content=\"dgarcia\" class=\"yoast-seo-meta-tag\" \/>\n\t<meta name=\"twitter:label2\" content=\"Tiempo estimado de lectura\" class=\"yoast-seo-meta-tag\" \/>\n\t<meta name=\"twitter:data2\" content=\"5 minutos\" class=\"yoast-seo-meta-tag\" \/>\n<script type=\"application\/ld+json\" class=\"yoast-schema-graph\">{\"@context\":\"https:\/\/schema.org\",\"@graph\":[{\"@type\":\"Article\",\"@id\":\"https:\/\/dev.explora.cl\/rmnorte\/50-docentes-nos-acompanan-en-la-aventura-de-pichinco-en-busca-del-agua\/#article\",\"isPartOf\":{\"@id\":\"https:\/\/dev.explora.cl\/rmnorte\/50-docentes-nos-acompanan-en-la-aventura-de-pichinco-en-busca-del-agua\/\"},\"author\":{\"name\":\"dgarcia\",\"@id\":\"https:\/\/dev.explora.cl\/rmnorte\/#\/schema\/person\/4ad985b29a183eab4170892260e133a5\"},\"headline\":\"50 docentes nos acompa\u00f1an en la aventura de \u201cPichinCO en busca del agua\u201d\",\"datePublished\":\"2024-07-12T15:22:51+00:00\",\"dateModified\":\"2024-08-06T16:56:52+00:00\",\"mainEntityOfPage\":{\"@id\":\"https:\/\/dev.explora.cl\/rmnorte\/50-docentes-nos-acompanan-en-la-aventura-de-pichinco-en-busca-del-agua\/\"},\"wordCount\":998,\"commentCount\":0,\"image\":{\"@id\":\"https:\/\/dev.explora.cl\/rmnorte\/50-docentes-nos-acompanan-en-la-aventura-de-pichinco-en-busca-del-agua\/#primaryimage\"},\"thumbnailUrl\":\"https:\/\/dev.explora.cl\/rmnorte\/wp-content\/uploads\/sites\/11\/2024\/07\/Nota-pichinCO.jpg\",\"keywords\":[\"ACCDIS\",\"Agua\",\"Crisis Hidrica\",\"Explora Rmnorte\",\"Fauna Chilena\",\"Humedales\",\"Ministerio de ciencia tecnologia conocimiento e innovaci\u00f3n\",\"PichinCO\",\"U de Chile\"],\"articleSection\":[\"Lugar 8\",\"Noticias\"],\"inLanguage\":\"es-CL\",\"potentialAction\":[{\"@type\":\"CommentAction\",\"name\":\"Comment\",\"target\":[\"https:\/\/dev.explora.cl\/rmnorte\/50-docentes-nos-acompanan-en-la-aventura-de-pichinco-en-busca-del-agua\/#respond\"]}]},{\"@type\":\"WebPage\",\"@id\":\"https:\/\/dev.explora.cl\/rmnorte\/50-docentes-nos-acompanan-en-la-aventura-de-pichinco-en-busca-del-agua\/\",\"url\":\"https:\/\/dev.explora.cl\/rmnorte\/50-docentes-nos-acompanan-en-la-aventura-de-pichinco-en-busca-del-agua\/\",\"name\":\"50 docentes nos acompa\u00f1an en la aventura de \u201cPichinCO en busca del agua\u201d - RM Norte\",\"isPartOf\":{\"@id\":\"https:\/\/dev.explora.cl\/rmnorte\/#website\"},\"primaryImageOfPage\":{\"@id\":\"https:\/\/dev.explora.cl\/rmnorte\/50-docentes-nos-acompanan-en-la-aventura-de-pichinco-en-busca-del-agua\/#primaryimage\"},\"image\":{\"@id\":\"https:\/\/dev.explora.cl\/rmnorte\/50-docentes-nos-acompanan-en-la-aventura-de-pichinco-en-busca-del-agua\/#primaryimage\"},\"thumbnailUrl\":\"https:\/\/dev.explora.cl\/rmnorte\/wp-content\/uploads\/sites\/11\/2024\/07\/Nota-pichinCO.jpg\",\"datePublished\":\"2024-07-12T15:22:51+00:00\",\"dateModified\":\"2024-08-06T16:56:52+00:00\",\"author\":{\"@id\":\"https:\/\/dev.explora.cl\/rmnorte\/#\/schema\/person\/4ad985b29a183eab4170892260e133a5\"},\"breadcrumb\":{\"@id\":\"https:\/\/dev.explora.cl\/rmnorte\/50-docentes-nos-acompanan-en-la-aventura-de-pichinco-en-busca-del-agua\/#breadcrumb\"},\"inLanguage\":\"es-CL\",\"potentialAction\":[{\"@type\":\"ReadAction\",\"target\":[\"https:\/\/dev.explora.cl\/rmnorte\/50-docentes-nos-acompanan-en-la-aventura-de-pichinco-en-busca-del-agua\/\"]}]},{\"@type\":\"ImageObject\",\"inLanguage\":\"es-CL\",\"@id\":\"https:\/\/dev.explora.cl\/rmnorte\/50-docentes-nos-acompanan-en-la-aventura-de-pichinco-en-busca-del-agua\/#primaryimage\",\"url\":\"https:\/\/dev.explora.cl\/rmnorte\/wp-content\/uploads\/sites\/11\/2024\/07\/Nota-pichinCO.jpg\",\"contentUrl\":\"https:\/\/dev.explora.cl\/rmnorte\/wp-content\/uploads\/sites\/11\/2024\/07\/Nota-pichinCO.jpg\",\"width\":3984,\"height\":2656},{\"@type\":\"BreadcrumbList\",\"@id\":\"https:\/\/dev.explora.cl\/rmnorte\/50-docentes-nos-acompanan-en-la-aventura-de-pichinco-en-busca-del-agua\/#breadcrumb\",\"itemListElement\":[{\"@type\":\"ListItem\",\"position\":1,\"name\":\"Portada\",\"item\":\"https:\/\/dev.explora.cl\/rmnorte\/\"},{\"@type\":\"ListItem\",\"position\":2,\"name\":\"50 docentes nos acompa\u00f1an en la aventura de \u201cPichinCO en busca del agua\u201d\"}]},{\"@type\":\"WebSite\",\"@id\":\"https:\/\/dev.explora.cl\/rmnorte\/#website\",\"url\":\"https:\/\/dev.explora.cl\/rmnorte\/\",\"name\":\"RM Norte\",\"description\":\"RM Norte dev.explora.cl\",\"potentialAction\":[{\"@type\":\"SearchAction\",\"target\":{\"@type\":\"EntryPoint\",\"urlTemplate\":\"https:\/\/dev.explora.cl\/rmnorte\/?s={search_term_string}\"},\"query-input\":{\"@type\":\"PropertyValueSpecification\",\"valueRequired\":true,\"valueName\":\"search_term_string\"}}],\"inLanguage\":\"es-CL\"},{\"@type\":\"Person\",\"@id\":\"https:\/\/dev.explora.cl\/rmnorte\/#\/schema\/person\/4ad985b29a183eab4170892260e133a5\",\"name\":\"dgarcia\",\"image\":{\"@type\":\"ImageObject\",\"inLanguage\":\"es-CL\",\"@id\":\"https:\/\/dev.explora.cl\/rmnorte\/#\/schema\/person\/image\/\",\"url\":\"https:\/\/secure.gravatar.com\/avatar\/06e2fd9f68a0c19cd669ddc183de83489acab601aa57958e0f60175e5013e6b7?s=96&d=mm&r=g\",\"contentUrl\":\"https:\/\/secure.gravatar.com\/avatar\/06e2fd9f68a0c19cd669ddc183de83489acab601aa57958e0f60175e5013e6b7?s=96&d=mm&r=g\",\"caption\":\"dgarcia\"},\"url\":\"https:\/\/dev.explora.cl\/rmnorte\/author\/dgarcia\/\"}]}<\/script>\n<!-- \/ Yoast SEO plugin. -->","yoast_head_json":{"title":"50 docentes nos acompa\u00f1an en la aventura de \u201cPichinCO en busca del agua\u201d - RM Norte","robots":{"index":"index","follow":"follow","max-snippet":"max-snippet:-1","max-image-preview":"max-image-preview:large","max-video-preview":"max-video-preview:-1"},"canonical":"https:\/\/dev.explora.cl\/rmnorte\/50-docentes-nos-acompanan-en-la-aventura-de-pichinco-en-busca-del-agua\/","og_locale":"es_ES","og_type":"article","og_title":"50 docentes nos acompa\u00f1an en la aventura de \u201cPichinCO en busca del agua\u201d - RM Norte","og_description":"Por segundo a\u00f1o consecutivo, el Proyecto Asociativo Explora Regi\u00f3n Metropolitana Norte del Ministerio de Ciencia, Tecnolog\u00eda, Conocimiento e Innovaci\u00f3n, llevar\u00e1 el cuento ilustrado \u201cPichinCO en busca del agua\u201d a m\u00e1s 1400 ni\u00f1os y ni\u00f1as de niveles transici\u00f3n de Educaci\u00f3n Parvularia y primero y segundo nivel de Ense\u00f1anza B\u00e1sica, pertenecientes a 30 establecimientos educacionales de la RM.","og_url":"https:\/\/dev.explora.cl\/rmnorte\/50-docentes-nos-acompanan-en-la-aventura-de-pichinco-en-busca-del-agua\/","og_site_name":"RM Norte","article_published_time":"2024-07-12T15:22:51+00:00","article_modified_time":"2024-08-06T16:56:52+00:00","og_image":[{"width":3984,"height":2656,"url":"https:\/\/dev.explora.cl\/rmnorte\/wp-content\/uploads\/sites\/11\/2024\/07\/Nota-pichinCO.jpg","type":"image\/jpeg"}],"author":"dgarcia","twitter_card":"summary_large_image","twitter_misc":{"Escrito por":"dgarcia","Tiempo estimado de lectura":"5 minutos"},"schema":{"@context":"https:\/\/schema.org","@graph":[{"@type":"Article","@id":"https:\/\/dev.explora.cl\/rmnorte\/50-docentes-nos-acompanan-en-la-aventura-de-pichinco-en-busca-del-agua\/#article","isPartOf":{"@id":"https:\/\/dev.explora.cl\/rmnorte\/50-docentes-nos-acompanan-en-la-aventura-de-pichinco-en-busca-del-agua\/"},"author":{"name":"dgarcia","@id":"https:\/\/dev.explora.cl\/rmnorte\/#\/schema\/person\/4ad985b29a183eab4170892260e133a5"},"headline":"50 docentes nos acompa\u00f1an en la aventura de \u201cPichinCO en busca del agua\u201d","datePublished":"2024-07-12T15:22:51+00:00","dateModified":"2024-08-06T16:56:52+00:00","mainEntityOfPage":{"@id":"https:\/\/dev.explora.cl\/rmnorte\/50-docentes-nos-acompanan-en-la-aventura-de-pichinco-en-busca-del-agua\/"},"wordCount":998,"commentCount":0,"image":{"@id":"https:\/\/dev.explora.cl\/rmnorte\/50-docentes-nos-acompanan-en-la-aventura-de-pichinco-en-busca-del-agua\/#primaryimage"},"thumbnailUrl":"https:\/\/dev.explora.cl\/rmnorte\/wp-content\/uploads\/sites\/11\/2024\/07\/Nota-pichinCO.jpg","keywords":["ACCDIS","Agua","Crisis Hidrica","Explora Rmnorte","Fauna Chilena","Humedales","Ministerio de ciencia tecnologia conocimiento e innovaci\u00f3n","PichinCO","U de Chile"],"articleSection":["Lugar 8","Noticias"],"inLanguage":"es-CL","potentialAction":[{"@type":"CommentAction","name":"Comment","target":["https:\/\/dev.explora.cl\/rmnorte\/50-docentes-nos-acompanan-en-la-aventura-de-pichinco-en-busca-del-agua\/#respond"]}]},{"@type":"WebPage","@id":"https:\/\/dev.explora.cl\/rmnorte\/50-docentes-nos-acompanan-en-la-aventura-de-pichinco-en-busca-del-agua\/","url":"https:\/\/dev.explora.cl\/rmnorte\/50-docentes-nos-acompanan-en-la-aventura-de-pichinco-en-busca-del-agua\/","name":"50 docentes nos acompa\u00f1an en la aventura de \u201cPichinCO en busca del agua\u201d - RM Norte","isPartOf":{"@id":"https:\/\/dev.explora.cl\/rmnorte\/#website"},"primaryImageOfPage":{"@id":"https:\/\/dev.explora.cl\/rmnorte\/50-docentes-nos-acompanan-en-la-aventura-de-pichinco-en-busca-del-agua\/#primaryimage"},"image":{"@id":"https:\/\/dev.explora.cl\/rmnorte\/50-docentes-nos-acompanan-en-la-aventura-de-pichinco-en-busca-del-agua\/#primaryimage"},"thumbnailUrl":"https:\/\/dev.explora.cl\/rmnorte\/wp-content\/uploads\/sites\/11\/2024\/07\/Nota-pichinCO.jpg","datePublished":"2024-07-12T15:22:51+00:00","dateModified":"2024-08-06T16:56:52+00:00","author":{"@id":"https:\/\/dev.explora.cl\/rmnorte\/#\/schema\/person\/4ad985b29a183eab4170892260e133a5"},"breadcrumb":{"@id":"https:\/\/dev.explora.cl\/rmnorte\/50-docentes-nos-acompanan-en-la-aventura-de-pichinco-en-busca-del-agua\/#breadcrumb"},"inLanguage":"es-CL","potentialAction":[{"@type":"ReadAction","target":["https:\/\/dev.explora.cl\/rmnorte\/50-docentes-nos-acompanan-en-la-aventura-de-pichinco-en-busca-del-agua\/"]}]},{"@type":"ImageObject","inLanguage":"es-CL","@id":"https:\/\/dev.explora.cl\/rmnorte\/50-docentes-nos-acompanan-en-la-aventura-de-pichinco-en-busca-del-agua\/#primaryimage","url":"https:\/\/dev.explora.cl\/rmnorte\/wp-content\/uploads\/sites\/11\/2024\/07\/Nota-pichinCO.jpg","contentUrl":"https:\/\/dev.explora.cl\/rmnorte\/wp-content\/uploads\/sites\/11\/2024\/07\/Nota-pichinCO.jpg","width":3984,"height":2656},{"@type":"BreadcrumbList","@id":"https:\/\/dev.explora.cl\/rmnorte\/50-docentes-nos-acompanan-en-la-aventura-de-pichinco-en-busca-del-agua\/#breadcrumb","itemListElement":[{"@type":"ListItem","position":1,"name":"Portada","item":"https:\/\/dev.explora.cl\/rmnorte\/"},{"@type":"ListItem","position":2,"name":"50 docentes nos acompa\u00f1an en la aventura de \u201cPichinCO en busca del agua\u201d"}]},{"@type":"WebSite","@id":"https:\/\/dev.explora.cl\/rmnorte\/#website","url":"https:\/\/dev.explora.cl\/rmnorte\/","name":"RM Norte","description":"RM Norte dev.explora.cl","potentialAction":[{"@type":"SearchAction","target":{"@type":"EntryPoint","urlTemplate":"https:\/\/dev.explora.cl\/rmnorte\/?s={search_term_string}"},"query-input":{"@type":"PropertyValueSpecification","valueRequired":true,"valueName":"search_term_string"}}],"inLanguage":"es-CL"},{"@type":"Person","@id":"https:\/\/dev.explora.cl\/rmnorte\/#\/schema\/person\/4ad985b29a183eab4170892260e133a5","name":"dgarcia","image":{"@type":"ImageObject","inLanguage":"es-CL","@id":"https:\/\/dev.explora.cl\/rmnorte\/#\/schema\/person\/image\/","url":"https:\/\/secure.gravatar.com\/avatar\/06e2fd9f68a0c19cd669ddc183de83489acab601aa57958e0f60175e5013e6b7?s=96&d=mm&r=g","contentUrl":"https:\/\/secure.gravatar.com\/avatar\/06e2fd9f68a0c19cd669ddc183de83489acab601aa57958e0f60175e5013e6b7?s=96&d=mm&r=g","caption":"dgarcia"},"url":"https:\/\/dev.explora.cl\/rmnorte\/author\/dgarcia\/"}]}},"_links":{"self":[{"href":"https:\/\/dev.explora.cl\/rmnorte\/wp-json\/wp\/v2\/posts\/42977","targetHints":{"allow":["GET"]}}],"collection":[{"href":"https:\/\/dev.explora.cl\/rmnorte\/wp-json\/wp\/v2\/posts"}],"about":[{"href":"https:\/\/dev.explora.cl\/rmnorte\/wp-json\/wp\/v2\/types\/post"}],"author":[{"embeddable":true,"href":"https:\/\/dev.explora.cl\/rmnorte\/wp-json\/wp\/v2\/users\/26"}],"replies":[{"embeddable":true,"href":"https:\/\/dev.explora.cl\/rmnorte\/wp-json\/wp\/v2\/comments?post=42977"}],"version-history":[{"count":3,"href":"https:\/\/dev.explora.cl\/rmnorte\/wp-json\/wp\/v2\/posts\/42977\/revisions"}],"predecessor-version":[{"id":42987,"href":"https:\/\/dev.explora.cl\/rmnorte\/wp-json\/wp\/v2\/posts\/42977\/revisions\/42987"}],"wp:featuredmedia":[{"embeddable":true,"href":"https:\/\/dev.explora.cl\/rmnorte\/wp-json\/wp\/v2\/media\/42978"}],"wp:attachment":[{"href":"https:\/\/dev.explora.cl\/rmnorte\/wp-json\/wp\/v2\/media?parent=42977"}],"wp:term":[{"taxonomy":"category","embeddable":true,"href":"https:\/\/dev.explora.cl\/rmnorte\/wp-json\/wp\/v2\/categories?post=42977"},{"taxonomy":"post_tag","embeddable":true,"href":"https:\/\/dev.explora.cl\/rmnorte\/wp-json\/wp\/v2\/tags?post=42977"}],"curies":[{"name":"wp","href":"https:\/\/api.w.org\/{rel}","templated":true}]}}