{"id":41786,"date":"2023-01-23T17:49:23","date_gmt":"2023-01-23T20:49:23","guid":{"rendered":"https:\/\/dev.explora.cl\/rmnorte\/?p=41786"},"modified":"2023-03-09T18:03:22","modified_gmt":"2023-03-09T21:03:22","slug":"el-campamento-explora-va-nos-hace-reencantarnos-con-nuestra-vocacion-y-nos-empodera","status":"publish","type":"post","link":"https:\/\/dev.explora.cl\/rmnorte\/el-campamento-explora-va-nos-hace-reencantarnos-con-nuestra-vocacion-y-nos-empodera\/","title":{"rendered":"\u201cEl Campamento Explora VA! nos hace reencantarnos con nuestra vocaci\u00f3n y nos empodera\u201d"},"content":{"rendered":"<p><em>Acompa\u00f1ados por el calorcito del verano, la buena vibra y la emoci\u00f3n de volverse a encontrar presencialmente, durante cinco d\u00edas 30 profesionales de la educaci\u00f3n, se dejaron encantar por el Campamento para profesores Explora VA! El cual inici\u00f3 el lunes 16 de enero y culmin\u00f3 este viernes 20 de enero del 2023.\u00a0<\/em><\/p>\n<p>Despu\u00e9s de un per\u00edodo en completa virtualidad, este a\u00f1o el <strong>Campamento para profesores Explora VA! \u201cDid\u00e1cticas de las ciencias para el desarrollo sostenible\u201d,<\/strong>\u00a0organizado por el Proyecto Asociativo Regional Regi\u00f3n Metropolitana Norte, del Ministerio de Ciencia, Tecnolog\u00eda, Conocimiento e Innovaci\u00f3n, volvi\u00f3 a su formato presencial. Durante tres d\u00edas, los\/as participantes desarrollaron diversos talleres te\u00f3ricos- pr\u00e1cticos en la Facultad de Ciencias, Qu\u00edmicas y Farmac\u00e9uticas de la Universidad de Chile y luego se trasladaron a Cuncum\u00e9n, en Valpara\u00edso, donde lograron conectar con la naturaleza y continuar con el desarrollo de las actividades.<\/p>\n<p>\u201cPor tercer a\u00f1o consecutivo, esta semana nos volvimos a encontrar con profesores y profesoras de diversas disciplinas. Durante este tiempo, se cont\u00f3 con colaboraci\u00f3n de m\u00e1s de ocho instituciones, quienes a trav\u00e9s de talleres te\u00f3ricos pr\u00e1cticos les entregaron herramientas a los\/as profesores para ense\u00f1ar y trabajar pedag\u00f3gicamente sus disciplinas, con una orientaci\u00f3n al desarrollo sostenible, pensamiento cr\u00edtico y competencias\u201d, explic\u00f3 el Dr. Mario Chiong, director del proyecto, investigador del Centro Avanzado de Enfermedades Cr\u00f3nicas (ACCDiS) y acad\u00e9mico de la Universidad de Chile.<\/p>\n<p>Dentro de las actividades desarrolladas, se encontr\u00f3 el taller dirigido por el profesor Mario Quintanilla, acad\u00e9mico de la Facultad de Educaci\u00f3n de la PUC, director del Laboratorio de Investigaci\u00f3n en Ense\u00f1anzas de las Ciencias (Grecia), el cual tuvo como objetivo introducir teor\u00edas basadas en la investigaci\u00f3n de la ense\u00f1anza de las ciencias y problematizar en relaci\u00f3n al conocimiento cient\u00edfico, el sentido que tiene ense\u00f1ar. Posteriormente llevaron a cabo una pr\u00e1ctica e hicieron el ejercicio de materializarla en el aula, aplicando herramientas como dise\u00f1o de preguntas y dise\u00f1o de actividades, coment\u00f3 el profesor Quintanilla.<\/p>\n<p>Por otro lado, tambi\u00e9n participaron profesionales del Centro de Desarrollo Urbano Sostenible (CEDEUS), quienes a trav\u00e9s de un taller llamado \u201cCiudadan\u00eda activa como una propuesta educativa en las aulas\u201d trabajaron el concepto de la sustentabilidad y el paradigma de la educaci\u00f3n respecto a este tema, luego les entregaron diversos elementos did\u00e1cticos para que puedan aplicarlos en sus salas de clase y no solo enfocarse en los aprendizajes basados en proyectos, destac\u00f3 Alicia Santi Vargas, encargada del programa.<\/p>\n<p><strong>83%\u00a0de las participantes en el Campamento para profe Explora VA! son mujeres\u00a0<\/strong><\/p>\n<p>Con el objetivo de continuar reconociendo la labor que desempe\u00f1an las mujeres en las ciencias y diversas disciplinas en general, este a\u00f1o y por primera vez el Campamento para profes cont\u00f3 con la participaci\u00f3n de\u00a025 de mujeres y 5 hombres, entre ellas una educadora de p\u00e1rvulo que coment\u00f3, \u201cDesde las primeras edades, es donde debemos iniciar y sembrar un pensamiento cr\u00edtico y reflexivo, ellos\/as son la base para formar futuros ciudadanos m\u00e1s conscientes y m\u00e1s protagonistas en ser agentes de cambio\u201d, dijo Sonia Aguilera educadora de la Escuela Capit\u00e1n Daniel Rebolledo.<\/p>\n<p>En este contexto, la actividad de cierre estuvo dirigida por la profesora Johana Camacho, quien ofreci\u00f3 una charla sobre educaci\u00f3n cient\u00edfica no sexista, \u201cel objetivo de esta charla busca que el profesional identifique aspectos fundamentales de las perspectivas de g\u00e9nero (no sexista) para relacionarlos con las clases de ciencia de modo sensible\u201d, explic\u00f3 la profesora Johana.<\/p>\n<p><strong>Objetivos alcanzados <\/strong><\/p>\n<p>Dentro de los objetivos del Campamento para profesores, se encuentra la oportunidad de crear redes de colaboraci\u00f3n entre los participantes, prop\u00f3sito que se logr\u00f3 seg\u00fan los testimonios de muchos asistentes, quienes destacaron la oportunidad de dialogar y conocer el trabajo de otros compa\u00f1eros \u201cestar reunida con este equipo, me hizo sentir que todav\u00eda hay profesores remando hacia el lado correcto de la ense\u00f1anza\u201d, dijo Yubely Madriz del Colegio Desire\u00e9 de Colina.<\/p>\n<p>La profesora Francisca Paredes del Colegio Polivalente Profesor Guillermo Gonz\u00e1lez Heinrich de Providencia, tambi\u00e9n felicit\u00f3 la motivaci\u00f3n de todos los profes, \u201chace poco me titul\u00e9 y actualmente estoy en mi primer trabajo como profesora de qu\u00edmica, es realmente inspirador la dedicaci\u00f3n y buena energ\u00eda que transmiten, quisiera agruparlos a todos y trabajar juntos (entre risas)\u201d.<\/p>\n<p><img loading=\"lazy\" decoding=\"async\" class=\"alignnone wp-image-41787\" src=\"https:\/\/dev.explora.cl\/rmnorte\/wp-content\/uploads\/sites\/11\/2023\/01\/IMG_8681-1024x683.jpg\" alt=\"\" width=\"700\" height=\"467\" srcset=\"https:\/\/dev.explora.cl\/rmnorte\/wp-content\/uploads\/sites\/11\/2023\/01\/IMG_8681-1024x683.jpg 1024w, https:\/\/dev.explora.cl\/rmnorte\/wp-content\/uploads\/sites\/11\/2023\/01\/IMG_8681-300x200.jpg 300w, https:\/\/dev.explora.cl\/rmnorte\/wp-content\/uploads\/sites\/11\/2023\/01\/IMG_8681-768x512.jpg 768w\" sizes=\"auto, (max-width: 700px) 100vw, 700px\" \/><\/p>\n<p>Viviana Tapia profesora de educaci\u00f3n b\u00e1sica de la Escuela Hermana Mar\u00eda Goretti, aprovecho la instancia para confesar que es primera vez, durante su amplia trayectoria como profesora, que comparte con tantas personas de calidad y profesionales de muchas \u00e1reas. \u201cGeneralmente las ciencias, siempre las ense\u00f1amos a partir de las teor\u00edas, pero siempre estaba faltando algo, que es hacer la pr\u00e1ctica de la ense\u00f1anza. Estas actividades las encuentro muy buenas, porque nos ense\u00f1aron muchas herramientas que se pueden aplicar desde tempranas edades hasta con los alumnos de media y logar un aprendizaje m\u00e1s pr\u00e1ctico\u201d.<\/p>\n<p>Dentro de los participantes se encontraba un profesor que vivi\u00f3 la experiencia del \u00faltimo Campamento presencial realizado en el a\u00f1o 2020, Gustavo Cisternas del Liceo de Adultos Jorge Alessandri Rodr\u00edguez, quien se refiri\u00f3 a estos encuentros como una experiencia maravillosa, \u201cen esta oportunidad al igual que en el anterior, me nutr\u00ed de muchos tips y no solo por parte de los charlistas, sino tambi\u00e9n por las experiencias de mis pares, los cuales me motivan y me han ayudado a consolidar cosas que antes no ten\u00eda tan seguro\u201d.<\/p>\n<p><img loading=\"lazy\" decoding=\"async\" class=\"alignnone wp-image-41788\" src=\"https:\/\/dev.explora.cl\/rmnorte\/wp-content\/uploads\/sites\/11\/2023\/01\/IMG_9020-1024x683.jpg\" alt=\"\" width=\"700\" height=\"467\" srcset=\"https:\/\/dev.explora.cl\/rmnorte\/wp-content\/uploads\/sites\/11\/2023\/01\/IMG_9020-1024x683.jpg 1024w, https:\/\/dev.explora.cl\/rmnorte\/wp-content\/uploads\/sites\/11\/2023\/01\/IMG_9020-300x200.jpg 300w, https:\/\/dev.explora.cl\/rmnorte\/wp-content\/uploads\/sites\/11\/2023\/01\/IMG_9020-768x512.jpg 768w\" sizes=\"auto, (max-width: 700px) 100vw, 700px\" \/><\/p>\n<p>Las actividades estuvieron dirigidas por las siguientes instituciones colaboradoras: Universidad Diego Portales, Laboratorio Grecia de la Pontificia Universidad Cat\u00f3lica de Chile, Programa Nacional de Indagaci\u00f3n Cient\u00edfica para la Educaci\u00f3n en Ciencias (ICEC), Educaci\u00f3n en ciencias basada en la\u00a0indagaci\u00f3n (ECBI), Infomurales Cient\u00edficos, Centro de Desarrollo Urbano Sostenible (CEDEUS), Ideo Maker y Centro Avanzado de enfermedades cr\u00f3nicas (ACCDiS), facultad de filosof\u00eda y humanidades de la universidad de chile, el equipo de Explora RM Norte.<\/p>\n<p><img loading=\"lazy\" decoding=\"async\" class=\"alignnone wp-image-41789\" src=\"https:\/\/dev.explora.cl\/rmnorte\/wp-content\/uploads\/sites\/11\/2023\/01\/IMG_9107-1024x683.jpg\" alt=\"\" width=\"700\" height=\"467\" srcset=\"https:\/\/dev.explora.cl\/rmnorte\/wp-content\/uploads\/sites\/11\/2023\/01\/IMG_9107-1024x683.jpg 1024w, https:\/\/dev.explora.cl\/rmnorte\/wp-content\/uploads\/sites\/11\/2023\/01\/IMG_9107-300x200.jpg 300w, https:\/\/dev.explora.cl\/rmnorte\/wp-content\/uploads\/sites\/11\/2023\/01\/IMG_9107-768x512.jpg 768w\" sizes=\"auto, (max-width: 700px) 100vw, 700px\" \/><\/p>\n","protected":false},"excerpt":{"rendered":"<p>Acompa\u00f1ados por el calorcito del verano, la buena vibra y la emoci\u00f3n de volverse a encontrar presencialmente, durante cinco d\u00edas 30 profesionales de la educaci\u00f3n, se dejaron encantar por el Campamento para profesores Explora VA! El cual inici\u00f3 el lunes 16 de enero y culmin\u00f3 este viernes 20 de enero del 2023. <\/p>\n","protected":false},"author":26,"featured_media":41790,"comment_status":"open","ping_status":"open","sticky":false,"template":"","format":"standard","meta":{"_acf_changed":false,"_exactmetrics_skip_tracking":false,"_exactmetrics_sitenote_active":false,"_exactmetrics_sitenote_note":"","_exactmetrics_sitenote_category":0,"footnotes":"","_links_to":"","_links_to_target":""},"categories":[143,4],"tags":[],"class_list":["post-41786","post","type-post","status-publish","format-standard","has-post-thumbnail","hentry","category-lugar-8","category-noticias"],"acf":[],"yoast_head":"<!-- This site is optimized with the Yoast SEO plugin v26.7 - https:\/\/yoast.com\/wordpress\/plugins\/seo\/ -->\n<title>\u201cEl Campamento Explora VA! nos hace reencantarnos con nuestra vocaci\u00f3n y nos empodera\u201d - RM Norte<\/title>\n<meta name=\"robots\" content=\"index, follow, max-snippet:-1, max-image-preview:large, max-video-preview:-1\" \/>\n<link rel=\"canonical\" href=\"https:\/\/dev.explora.cl\/rmnorte\/el-campamento-explora-va-nos-hace-reencantarnos-con-nuestra-vocacion-y-nos-empodera\/\" class=\"yoast-seo-meta-tag\" \/>\n<meta property=\"og:locale\" content=\"es_ES\" class=\"yoast-seo-meta-tag\" \/>\n<meta property=\"og:type\" content=\"article\" class=\"yoast-seo-meta-tag\" \/>\n<meta property=\"og:title\" content=\"\u201cEl Campamento Explora VA! nos hace reencantarnos con nuestra vocaci\u00f3n y nos empodera\u201d - RM Norte\" class=\"yoast-seo-meta-tag\" \/>\n<meta property=\"og:description\" content=\"Acompa\u00f1ados por el calorcito del verano, la buena vibra y la emoci\u00f3n de volverse a encontrar presencialmente, durante cinco d\u00edas 30 profesionales de la educaci\u00f3n, se dejaron encantar por el Campamento para profesores Explora VA! El cual inici\u00f3 el lunes 16 de enero y culmin\u00f3 este viernes 20 de enero del 2023.\" class=\"yoast-seo-meta-tag\" \/>\n<meta property=\"og:url\" content=\"https:\/\/dev.explora.cl\/rmnorte\/el-campamento-explora-va-nos-hace-reencantarnos-con-nuestra-vocacion-y-nos-empodera\/\" class=\"yoast-seo-meta-tag\" \/>\n<meta property=\"og:site_name\" content=\"RM Norte\" class=\"yoast-seo-meta-tag\" \/>\n<meta property=\"article:published_time\" content=\"2023-01-23T20:49:23+00:00\" class=\"yoast-seo-meta-tag\" \/>\n<meta property=\"article:modified_time\" content=\"2023-03-09T21:03:22+00:00\" class=\"yoast-seo-meta-tag\" \/>\n<meta property=\"og:image\" content=\"https:\/\/dev.explora.cl\/rmnorte\/wp-content\/uploads\/sites\/11\/2023\/01\/IMG_8772-1024x683.jpg\" class=\"yoast-seo-meta-tag\" \/>\n\t<meta property=\"og:image:width\" content=\"1024\" class=\"yoast-seo-meta-tag\" \/>\n\t<meta property=\"og:image:height\" content=\"683\" class=\"yoast-seo-meta-tag\" \/>\n\t<meta property=\"og:image:type\" content=\"image\/jpeg\" class=\"yoast-seo-meta-tag\" \/>\n<meta name=\"author\" content=\"dgarcia\" class=\"yoast-seo-meta-tag\" \/>\n<meta name=\"twitter:card\" content=\"summary_large_image\" class=\"yoast-seo-meta-tag\" \/>\n<meta name=\"twitter:label1\" content=\"Escrito por\" class=\"yoast-seo-meta-tag\" \/>\n\t<meta name=\"twitter:data1\" content=\"dgarcia\" class=\"yoast-seo-meta-tag\" \/>\n\t<meta name=\"twitter:label2\" content=\"Tiempo estimado de lectura\" class=\"yoast-seo-meta-tag\" \/>\n\t<meta name=\"twitter:data2\" content=\"5 minutos\" class=\"yoast-seo-meta-tag\" \/>\n<script type=\"application\/ld+json\" class=\"yoast-schema-graph\">{\"@context\":\"https:\/\/schema.org\",\"@graph\":[{\"@type\":\"Article\",\"@id\":\"https:\/\/dev.explora.cl\/rmnorte\/el-campamento-explora-va-nos-hace-reencantarnos-con-nuestra-vocacion-y-nos-empodera\/#article\",\"isPartOf\":{\"@id\":\"https:\/\/dev.explora.cl\/rmnorte\/el-campamento-explora-va-nos-hace-reencantarnos-con-nuestra-vocacion-y-nos-empodera\/\"},\"author\":{\"name\":\"dgarcia\",\"@id\":\"https:\/\/dev.explora.cl\/rmnorte\/#\/schema\/person\/4ad985b29a183eab4170892260e133a5\"},\"headline\":\"\u201cEl Campamento Explora VA! nos hace reencantarnos con nuestra vocaci\u00f3n y nos empodera\u201d\",\"datePublished\":\"2023-01-23T20:49:23+00:00\",\"dateModified\":\"2023-03-09T21:03:22+00:00\",\"mainEntityOfPage\":{\"@id\":\"https:\/\/dev.explora.cl\/rmnorte\/el-campamento-explora-va-nos-hace-reencantarnos-con-nuestra-vocacion-y-nos-empodera\/\"},\"wordCount\":1039,\"commentCount\":0,\"image\":{\"@id\":\"https:\/\/dev.explora.cl\/rmnorte\/el-campamento-explora-va-nos-hace-reencantarnos-con-nuestra-vocacion-y-nos-empodera\/#primaryimage\"},\"thumbnailUrl\":\"https:\/\/dev.explora.cl\/rmnorte\/wp-content\/uploads\/sites\/11\/2023\/01\/IMG_8772.jpg\",\"articleSection\":[\"Lugar 8\",\"Noticias\"],\"inLanguage\":\"es-CL\",\"potentialAction\":[{\"@type\":\"CommentAction\",\"name\":\"Comment\",\"target\":[\"https:\/\/dev.explora.cl\/rmnorte\/el-campamento-explora-va-nos-hace-reencantarnos-con-nuestra-vocacion-y-nos-empodera\/#respond\"]}]},{\"@type\":\"WebPage\",\"@id\":\"https:\/\/dev.explora.cl\/rmnorte\/el-campamento-explora-va-nos-hace-reencantarnos-con-nuestra-vocacion-y-nos-empodera\/\",\"url\":\"https:\/\/dev.explora.cl\/rmnorte\/el-campamento-explora-va-nos-hace-reencantarnos-con-nuestra-vocacion-y-nos-empodera\/\",\"name\":\"\u201cEl Campamento Explora VA! nos hace reencantarnos con nuestra vocaci\u00f3n y nos empodera\u201d - RM Norte\",\"isPartOf\":{\"@id\":\"https:\/\/dev.explora.cl\/rmnorte\/#website\"},\"primaryImageOfPage\":{\"@id\":\"https:\/\/dev.explora.cl\/rmnorte\/el-campamento-explora-va-nos-hace-reencantarnos-con-nuestra-vocacion-y-nos-empodera\/#primaryimage\"},\"image\":{\"@id\":\"https:\/\/dev.explora.cl\/rmnorte\/el-campamento-explora-va-nos-hace-reencantarnos-con-nuestra-vocacion-y-nos-empodera\/#primaryimage\"},\"thumbnailUrl\":\"https:\/\/dev.explora.cl\/rmnorte\/wp-content\/uploads\/sites\/11\/2023\/01\/IMG_8772.jpg\",\"datePublished\":\"2023-01-23T20:49:23+00:00\",\"dateModified\":\"2023-03-09T21:03:22+00:00\",\"author\":{\"@id\":\"https:\/\/dev.explora.cl\/rmnorte\/#\/schema\/person\/4ad985b29a183eab4170892260e133a5\"},\"breadcrumb\":{\"@id\":\"https:\/\/dev.explora.cl\/rmnorte\/el-campamento-explora-va-nos-hace-reencantarnos-con-nuestra-vocacion-y-nos-empodera\/#breadcrumb\"},\"inLanguage\":\"es-CL\",\"potentialAction\":[{\"@type\":\"ReadAction\",\"target\":[\"https:\/\/dev.explora.cl\/rmnorte\/el-campamento-explora-va-nos-hace-reencantarnos-con-nuestra-vocacion-y-nos-empodera\/\"]}]},{\"@type\":\"ImageObject\",\"inLanguage\":\"es-CL\",\"@id\":\"https:\/\/dev.explora.cl\/rmnorte\/el-campamento-explora-va-nos-hace-reencantarnos-con-nuestra-vocacion-y-nos-empodera\/#primaryimage\",\"url\":\"https:\/\/dev.explora.cl\/rmnorte\/wp-content\/uploads\/sites\/11\/2023\/01\/IMG_8772.jpg\",\"contentUrl\":\"https:\/\/dev.explora.cl\/rmnorte\/wp-content\/uploads\/sites\/11\/2023\/01\/IMG_8772.jpg\",\"width\":5184,\"height\":3456},{\"@type\":\"BreadcrumbList\",\"@id\":\"https:\/\/dev.explora.cl\/rmnorte\/el-campamento-explora-va-nos-hace-reencantarnos-con-nuestra-vocacion-y-nos-empodera\/#breadcrumb\",\"itemListElement\":[{\"@type\":\"ListItem\",\"position\":1,\"name\":\"Portada\",\"item\":\"https:\/\/dev.explora.cl\/rmnorte\/\"},{\"@type\":\"ListItem\",\"position\":2,\"name\":\"\u201cEl Campamento Explora VA! nos hace reencantarnos con nuestra vocaci\u00f3n y nos empodera\u201d\"}]},{\"@type\":\"WebSite\",\"@id\":\"https:\/\/dev.explora.cl\/rmnorte\/#website\",\"url\":\"https:\/\/dev.explora.cl\/rmnorte\/\",\"name\":\"RM Norte\",\"description\":\"RM Norte dev.explora.cl\",\"potentialAction\":[{\"@type\":\"SearchAction\",\"target\":{\"@type\":\"EntryPoint\",\"urlTemplate\":\"https:\/\/dev.explora.cl\/rmnorte\/?s={search_term_string}\"},\"query-input\":{\"@type\":\"PropertyValueSpecification\",\"valueRequired\":true,\"valueName\":\"search_term_string\"}}],\"inLanguage\":\"es-CL\"},{\"@type\":\"Person\",\"@id\":\"https:\/\/dev.explora.cl\/rmnorte\/#\/schema\/person\/4ad985b29a183eab4170892260e133a5\",\"name\":\"dgarcia\",\"image\":{\"@type\":\"ImageObject\",\"inLanguage\":\"es-CL\",\"@id\":\"https:\/\/dev.explora.cl\/rmnorte\/#\/schema\/person\/image\/\",\"url\":\"https:\/\/secure.gravatar.com\/avatar\/06e2fd9f68a0c19cd669ddc183de83489acab601aa57958e0f60175e5013e6b7?s=96&d=mm&r=g\",\"contentUrl\":\"https:\/\/secure.gravatar.com\/avatar\/06e2fd9f68a0c19cd669ddc183de83489acab601aa57958e0f60175e5013e6b7?s=96&d=mm&r=g\",\"caption\":\"dgarcia\"},\"url\":\"https:\/\/dev.explora.cl\/rmnorte\/author\/dgarcia\/\"}]}<\/script>\n<!-- \/ Yoast SEO plugin. -->","yoast_head_json":{"title":"\u201cEl Campamento Explora VA! nos hace reencantarnos con nuestra vocaci\u00f3n y nos empodera\u201d - RM Norte","robots":{"index":"index","follow":"follow","max-snippet":"max-snippet:-1","max-image-preview":"max-image-preview:large","max-video-preview":"max-video-preview:-1"},"canonical":"https:\/\/dev.explora.cl\/rmnorte\/el-campamento-explora-va-nos-hace-reencantarnos-con-nuestra-vocacion-y-nos-empodera\/","og_locale":"es_ES","og_type":"article","og_title":"\u201cEl Campamento Explora VA! nos hace reencantarnos con nuestra vocaci\u00f3n y nos empodera\u201d - RM Norte","og_description":"Acompa\u00f1ados por el calorcito del verano, la buena vibra y la emoci\u00f3n de volverse a encontrar presencialmente, durante cinco d\u00edas 30 profesionales de la educaci\u00f3n, se dejaron encantar por el Campamento para profesores Explora VA! El cual inici\u00f3 el lunes 16 de enero y culmin\u00f3 este viernes 20 de enero del 2023.","og_url":"https:\/\/dev.explora.cl\/rmnorte\/el-campamento-explora-va-nos-hace-reencantarnos-con-nuestra-vocacion-y-nos-empodera\/","og_site_name":"RM Norte","article_published_time":"2023-01-23T20:49:23+00:00","article_modified_time":"2023-03-09T21:03:22+00:00","og_image":[{"width":1024,"height":683,"url":"https:\/\/dev.explora.cl\/rmnorte\/wp-content\/uploads\/sites\/11\/2023\/01\/IMG_8772-1024x683.jpg","type":"image\/jpeg"}],"author":"dgarcia","twitter_card":"summary_large_image","twitter_misc":{"Escrito por":"dgarcia","Tiempo estimado de lectura":"5 minutos"},"schema":{"@context":"https:\/\/schema.org","@graph":[{"@type":"Article","@id":"https:\/\/dev.explora.cl\/rmnorte\/el-campamento-explora-va-nos-hace-reencantarnos-con-nuestra-vocacion-y-nos-empodera\/#article","isPartOf":{"@id":"https:\/\/dev.explora.cl\/rmnorte\/el-campamento-explora-va-nos-hace-reencantarnos-con-nuestra-vocacion-y-nos-empodera\/"},"author":{"name":"dgarcia","@id":"https:\/\/dev.explora.cl\/rmnorte\/#\/schema\/person\/4ad985b29a183eab4170892260e133a5"},"headline":"\u201cEl Campamento Explora VA! nos hace reencantarnos con nuestra vocaci\u00f3n y nos empodera\u201d","datePublished":"2023-01-23T20:49:23+00:00","dateModified":"2023-03-09T21:03:22+00:00","mainEntityOfPage":{"@id":"https:\/\/dev.explora.cl\/rmnorte\/el-campamento-explora-va-nos-hace-reencantarnos-con-nuestra-vocacion-y-nos-empodera\/"},"wordCount":1039,"commentCount":0,"image":{"@id":"https:\/\/dev.explora.cl\/rmnorte\/el-campamento-explora-va-nos-hace-reencantarnos-con-nuestra-vocacion-y-nos-empodera\/#primaryimage"},"thumbnailUrl":"https:\/\/dev.explora.cl\/rmnorte\/wp-content\/uploads\/sites\/11\/2023\/01\/IMG_8772.jpg","articleSection":["Lugar 8","Noticias"],"inLanguage":"es-CL","potentialAction":[{"@type":"CommentAction","name":"Comment","target":["https:\/\/dev.explora.cl\/rmnorte\/el-campamento-explora-va-nos-hace-reencantarnos-con-nuestra-vocacion-y-nos-empodera\/#respond"]}]},{"@type":"WebPage","@id":"https:\/\/dev.explora.cl\/rmnorte\/el-campamento-explora-va-nos-hace-reencantarnos-con-nuestra-vocacion-y-nos-empodera\/","url":"https:\/\/dev.explora.cl\/rmnorte\/el-campamento-explora-va-nos-hace-reencantarnos-con-nuestra-vocacion-y-nos-empodera\/","name":"\u201cEl Campamento Explora VA! nos hace reencantarnos con nuestra vocaci\u00f3n y nos empodera\u201d - RM Norte","isPartOf":{"@id":"https:\/\/dev.explora.cl\/rmnorte\/#website"},"primaryImageOfPage":{"@id":"https:\/\/dev.explora.cl\/rmnorte\/el-campamento-explora-va-nos-hace-reencantarnos-con-nuestra-vocacion-y-nos-empodera\/#primaryimage"},"image":{"@id":"https:\/\/dev.explora.cl\/rmnorte\/el-campamento-explora-va-nos-hace-reencantarnos-con-nuestra-vocacion-y-nos-empodera\/#primaryimage"},"thumbnailUrl":"https:\/\/dev.explora.cl\/rmnorte\/wp-content\/uploads\/sites\/11\/2023\/01\/IMG_8772.jpg","datePublished":"2023-01-23T20:49:23+00:00","dateModified":"2023-03-09T21:03:22+00:00","author":{"@id":"https:\/\/dev.explora.cl\/rmnorte\/#\/schema\/person\/4ad985b29a183eab4170892260e133a5"},"breadcrumb":{"@id":"https:\/\/dev.explora.cl\/rmnorte\/el-campamento-explora-va-nos-hace-reencantarnos-con-nuestra-vocacion-y-nos-empodera\/#breadcrumb"},"inLanguage":"es-CL","potentialAction":[{"@type":"ReadAction","target":["https:\/\/dev.explora.cl\/rmnorte\/el-campamento-explora-va-nos-hace-reencantarnos-con-nuestra-vocacion-y-nos-empodera\/"]}]},{"@type":"ImageObject","inLanguage":"es-CL","@id":"https:\/\/dev.explora.cl\/rmnorte\/el-campamento-explora-va-nos-hace-reencantarnos-con-nuestra-vocacion-y-nos-empodera\/#primaryimage","url":"https:\/\/dev.explora.cl\/rmnorte\/wp-content\/uploads\/sites\/11\/2023\/01\/IMG_8772.jpg","contentUrl":"https:\/\/dev.explora.cl\/rmnorte\/wp-content\/uploads\/sites\/11\/2023\/01\/IMG_8772.jpg","width":5184,"height":3456},{"@type":"BreadcrumbList","@id":"https:\/\/dev.explora.cl\/rmnorte\/el-campamento-explora-va-nos-hace-reencantarnos-con-nuestra-vocacion-y-nos-empodera\/#breadcrumb","itemListElement":[{"@type":"ListItem","position":1,"name":"Portada","item":"https:\/\/dev.explora.cl\/rmnorte\/"},{"@type":"ListItem","position":2,"name":"\u201cEl Campamento Explora VA! nos hace reencantarnos con nuestra vocaci\u00f3n y nos empodera\u201d"}]},{"@type":"WebSite","@id":"https:\/\/dev.explora.cl\/rmnorte\/#website","url":"https:\/\/dev.explora.cl\/rmnorte\/","name":"RM Norte","description":"RM Norte dev.explora.cl","potentialAction":[{"@type":"SearchAction","target":{"@type":"EntryPoint","urlTemplate":"https:\/\/dev.explora.cl\/rmnorte\/?s={search_term_string}"},"query-input":{"@type":"PropertyValueSpecification","valueRequired":true,"valueName":"search_term_string"}}],"inLanguage":"es-CL"},{"@type":"Person","@id":"https:\/\/dev.explora.cl\/rmnorte\/#\/schema\/person\/4ad985b29a183eab4170892260e133a5","name":"dgarcia","image":{"@type":"ImageObject","inLanguage":"es-CL","@id":"https:\/\/dev.explora.cl\/rmnorte\/#\/schema\/person\/image\/","url":"https:\/\/secure.gravatar.com\/avatar\/06e2fd9f68a0c19cd669ddc183de83489acab601aa57958e0f60175e5013e6b7?s=96&d=mm&r=g","contentUrl":"https:\/\/secure.gravatar.com\/avatar\/06e2fd9f68a0c19cd669ddc183de83489acab601aa57958e0f60175e5013e6b7?s=96&d=mm&r=g","caption":"dgarcia"},"url":"https:\/\/dev.explora.cl\/rmnorte\/author\/dgarcia\/"}]}},"_links":{"self":[{"href":"https:\/\/dev.explora.cl\/rmnorte\/wp-json\/wp\/v2\/posts\/41786","targetHints":{"allow":["GET"]}}],"collection":[{"href":"https:\/\/dev.explora.cl\/rmnorte\/wp-json\/wp\/v2\/posts"}],"about":[{"href":"https:\/\/dev.explora.cl\/rmnorte\/wp-json\/wp\/v2\/types\/post"}],"author":[{"embeddable":true,"href":"https:\/\/dev.explora.cl\/rmnorte\/wp-json\/wp\/v2\/users\/26"}],"replies":[{"embeddable":true,"href":"https:\/\/dev.explora.cl\/rmnorte\/wp-json\/wp\/v2\/comments?post=41786"}],"version-history":[{"count":4,"href":"https:\/\/dev.explora.cl\/rmnorte\/wp-json\/wp\/v2\/posts\/41786\/revisions"}],"predecessor-version":[{"id":41794,"href":"https:\/\/dev.explora.cl\/rmnorte\/wp-json\/wp\/v2\/posts\/41786\/revisions\/41794"}],"wp:featuredmedia":[{"embeddable":true,"href":"https:\/\/dev.explora.cl\/rmnorte\/wp-json\/wp\/v2\/media\/41790"}],"wp:attachment":[{"href":"https:\/\/dev.explora.cl\/rmnorte\/wp-json\/wp\/v2\/media?parent=41786"}],"wp:term":[{"taxonomy":"category","embeddable":true,"href":"https:\/\/dev.explora.cl\/rmnorte\/wp-json\/wp\/v2\/categories?post=41786"},{"taxonomy":"post_tag","embeddable":true,"href":"https:\/\/dev.explora.cl\/rmnorte\/wp-json\/wp\/v2\/tags?post=41786"}],"curies":[{"name":"wp","href":"https:\/\/api.w.org\/{rel}","templated":true}]}}