{"id":41680,"date":"2022-11-16T12:52:46","date_gmt":"2022-11-16T15:52:46","guid":{"rendered":"https:\/\/dev.explora.cl\/rmnorte\/?p=41680"},"modified":"2022-11-30T16:27:57","modified_gmt":"2022-11-30T19:27:57","slug":"recoleta-sergio-lavandero-premio-nacional-de-ciencias-2022-inaugurara-las-charlas-ciencia-abierta-en-el-barrio","status":"publish","type":"post","link":"https:\/\/dev.explora.cl\/rmnorte\/recoleta-sergio-lavandero-premio-nacional-de-ciencias-2022-inaugurara-las-charlas-ciencia-abierta-en-el-barrio\/","title":{"rendered":"Recoleta: Sergio Lavandero, Premio Nacional de Ciencias 2022 inaugurar\u00e1 las charlas Ciencia Abierta en el barrio"},"content":{"rendered":"<p>Actividad gratuita, dirigida a toda la comunidad<\/p>\n<h2><strong>Recoleta: Sergio Lavandero, Premio Nacional de Ciencias 2022 inaugurar\u00e1 las charlas Ciencia Abierta en el barrio<\/strong><\/h2>\n<p><em>Este viernes 18 de noviembre desde las 10 de la ma\u00f1ana en el z\u00f3calo de la Municipalidad de Recoleta, se realizar\u00e1 la primera charla de la iniciativa Ciencia Abierta en el barrio, organizada por el <\/em><em>Proyecto Explora de La Regi\u00f3n Metropolitana Norte del Ministerio de Ciencia, Tecnolog\u00eda, Conocimiento e Innovaci\u00f3n<\/em><\/p>\n<p><strong>Ciencia Abierta en el barrio<\/strong>, es una actividad organizada por Explora RM Norte, que busca fortalecer el v\u00ednculo entre investigadores, divulgadores y la sociedad, a trav\u00e9s de encuentros participativos que promuevan la socializaci\u00f3n y apropiaci\u00f3n del conocimiento en la comunidad.<\/p>\n<p>En su primera versi\u00f3n, este a\u00f1o se realizar\u00e1n tres actividades en la comunidad, partiendo con la charla del Dr. Sergio Lavandero, Premio Nacional de Ciencias Naturales 2022, acad\u00e9mico de la Universidad de Chile y director del Centro Avanzado de Enfermedades Cr\u00f3nicas ACCDiS, quien ofrecer\u00e1 una charla gratuita llamada <strong>\u201cQue no se te rompa el coraz\u00f3n\u201d,<\/strong> donde abordar\u00e1 una de las enfermedades m\u00e1s mortales en Chile y el mundo, se trata de la hipertensi\u00f3n arterial y c\u00f3mo esta influye directamente en el funcionamiento del coraz\u00f3n.<\/p>\n<p>\u201cLa hipertensi\u00f3n arterial, obesidad, diabetes, infarto del miocardio, el c\u00e1ncer, insuficiencia cardiaca son algunos ejemplos de las denominadas enfermedades cr\u00f3nicas no transmisibles y que en su conjunto explican entre 70-80% de la mortalidad en casi todos los pa\u00edses del mundo. Ellas se caracterizan por desarrollarse muy lentamente a lo largo de d\u00e9cadas producto de una combinaci\u00f3n de factores modificables (consumo de tabaco, sal, cantidad y tipo de dieta, sedentarismo, etc) y no modificables (o tambi\u00e9n conocidos como gen\u00e9ticos); de este tema estar\u00e9 conversando con la comunidad de Recoleta este viernes en la ma\u00f1ana \u00a1Te espero!\u201d, coment\u00f3 el Dr. Sergio Lavandero.<\/p>\n<p><strong>La actividad es completamente gratis y pueden participar todos los vecinos del lugar y sus alrededores. <\/strong><\/p>\n<p>Adem\u00e1s, Medina, enfatiz\u00f3 que \u201cesta pol\u00edtica de abrir estos espacios de encuentro, responde a la l\u00ednea de trabajo que impulsa la administraci\u00f3n que encabeza nuestro alcalde Daniel Jadue en poder acercar el conocimiento cient\u00edfico a nuestros estudiantes y vecinos \/as respecto al impacto que logran en la gente. De hecho, en nosotros mismos, que trabajamos en el \u00e1mbito de la educaci\u00f3n es un beneficio incuestionable y que desde el punto de vista pedag\u00f3gico es de enorme relevancia\u201d.<\/p>\n<p><img loading=\"lazy\" decoding=\"async\" class=\"alignnone wp-image-41682\" src=\"https:\/\/dev.explora.cl\/rmnorte\/wp-content\/uploads\/sites\/11\/2022\/11\/Afiche-18-nov-charlas-en-el-barrio-b-819x1024.png\" alt=\"\" width=\"700\" height=\"875\" srcset=\"https:\/\/dev.explora.cl\/rmnorte\/wp-content\/uploads\/sites\/11\/2022\/11\/Afiche-18-nov-charlas-en-el-barrio-b-819x1024.png 819w, https:\/\/dev.explora.cl\/rmnorte\/wp-content\/uploads\/sites\/11\/2022\/11\/Afiche-18-nov-charlas-en-el-barrio-b-240x300.png 240w, https:\/\/dev.explora.cl\/rmnorte\/wp-content\/uploads\/sites\/11\/2022\/11\/Afiche-18-nov-charlas-en-el-barrio-b-768x960.png 768w, https:\/\/dev.explora.cl\/rmnorte\/wp-content\/uploads\/sites\/11\/2022\/11\/Afiche-18-nov-charlas-en-el-barrio-b.png 1080w\" sizes=\"auto, (max-width: 700px) 100vw, 700px\" \/><\/p>\n<p>&nbsp;<\/p>\n","protected":false},"excerpt":{"rendered":"<p>Actividad gratuita, dirigida a toda la comunidad<\/p>\n","protected":false},"author":26,"featured_media":41681,"comment_status":"open","ping_status":"open","sticky":false,"template":"","format":"standard","meta":{"_acf_changed":false,"_exactmetrics_skip_tracking":false,"_exactmetrics_sitenote_active":false,"_exactmetrics_sitenote_note":"","_exactmetrics_sitenote_category":0,"footnotes":"","_links_to":"","_links_to_target":""},"categories":[143,4],"tags":[],"class_list":["post-41680","post","type-post","status-publish","format-standard","has-post-thumbnail","hentry","category-lugar-8","category-noticias"],"acf":[],"yoast_head":"<!-- This site is optimized with the Yoast SEO plugin v26.7 - https:\/\/yoast.com\/wordpress\/plugins\/seo\/ -->\n<title>Recoleta: Sergio Lavandero, Premio Nacional de Ciencias 2022 inaugurar\u00e1 las charlas Ciencia Abierta en el barrio - RM Norte<\/title>\n<meta name=\"robots\" content=\"index, follow, max-snippet:-1, max-image-preview:large, max-video-preview:-1\" \/>\n<link rel=\"canonical\" href=\"https:\/\/dev.explora.cl\/rmnorte\/recoleta-sergio-lavandero-premio-nacional-de-ciencias-2022-inaugurara-las-charlas-ciencia-abierta-en-el-barrio\/\" class=\"yoast-seo-meta-tag\" \/>\n<meta property=\"og:locale\" content=\"es_ES\" class=\"yoast-seo-meta-tag\" \/>\n<meta property=\"og:type\" content=\"article\" class=\"yoast-seo-meta-tag\" \/>\n<meta property=\"og:title\" content=\"Recoleta: Sergio Lavandero, Premio Nacional de Ciencias 2022 inaugurar\u00e1 las charlas Ciencia Abierta en el barrio - RM Norte\" class=\"yoast-seo-meta-tag\" \/>\n<meta property=\"og:description\" content=\"Actividad gratuita, dirigida a toda la comunidad\" class=\"yoast-seo-meta-tag\" \/>\n<meta property=\"og:url\" content=\"https:\/\/dev.explora.cl\/rmnorte\/recoleta-sergio-lavandero-premio-nacional-de-ciencias-2022-inaugurara-las-charlas-ciencia-abierta-en-el-barrio\/\" class=\"yoast-seo-meta-tag\" \/>\n<meta property=\"og:site_name\" content=\"RM Norte\" class=\"yoast-seo-meta-tag\" \/>\n<meta property=\"article:published_time\" content=\"2022-11-16T15:52:46+00:00\" class=\"yoast-seo-meta-tag\" \/>\n<meta property=\"article:modified_time\" content=\"2022-11-30T19:27:57+00:00\" class=\"yoast-seo-meta-tag\" \/>\n<meta property=\"og:image\" content=\"https:\/\/dev.explora.cl\/rmnorte\/wp-content\/uploads\/sites\/11\/2022\/11\/PORTADA.jpg\" class=\"yoast-seo-meta-tag\" \/>\n\t<meta property=\"og:image:width\" content=\"1600\" class=\"yoast-seo-meta-tag\" \/>\n\t<meta property=\"og:image:height\" content=\"900\" class=\"yoast-seo-meta-tag\" \/>\n\t<meta property=\"og:image:type\" content=\"image\/jpeg\" class=\"yoast-seo-meta-tag\" \/>\n<meta name=\"author\" content=\"dgarcia\" class=\"yoast-seo-meta-tag\" \/>\n<meta name=\"twitter:card\" content=\"summary_large_image\" class=\"yoast-seo-meta-tag\" \/>\n<meta name=\"twitter:label1\" content=\"Escrito por\" class=\"yoast-seo-meta-tag\" \/>\n\t<meta name=\"twitter:data1\" content=\"dgarcia\" class=\"yoast-seo-meta-tag\" \/>\n\t<meta name=\"twitter:label2\" content=\"Tiempo estimado de lectura\" class=\"yoast-seo-meta-tag\" \/>\n\t<meta name=\"twitter:data2\" content=\"2 minutos\" class=\"yoast-seo-meta-tag\" \/>\n<script type=\"application\/ld+json\" class=\"yoast-schema-graph\">{\"@context\":\"https:\/\/schema.org\",\"@graph\":[{\"@type\":\"Article\",\"@id\":\"https:\/\/dev.explora.cl\/rmnorte\/recoleta-sergio-lavandero-premio-nacional-de-ciencias-2022-inaugurara-las-charlas-ciencia-abierta-en-el-barrio\/#article\",\"isPartOf\":{\"@id\":\"https:\/\/dev.explora.cl\/rmnorte\/recoleta-sergio-lavandero-premio-nacional-de-ciencias-2022-inaugurara-las-charlas-ciencia-abierta-en-el-barrio\/\"},\"author\":{\"name\":\"dgarcia\",\"@id\":\"https:\/\/dev.explora.cl\/rmnorte\/#\/schema\/person\/4ad985b29a183eab4170892260e133a5\"},\"headline\":\"Recoleta: Sergio Lavandero, Premio Nacional de Ciencias 2022 inaugurar\u00e1 las charlas Ciencia Abierta en el barrio\",\"datePublished\":\"2022-11-16T15:52:46+00:00\",\"dateModified\":\"2022-11-30T19:27:57+00:00\",\"mainEntityOfPage\":{\"@id\":\"https:\/\/dev.explora.cl\/rmnorte\/recoleta-sergio-lavandero-premio-nacional-de-ciencias-2022-inaugurara-las-charlas-ciencia-abierta-en-el-barrio\/\"},\"wordCount\":437,\"commentCount\":0,\"image\":{\"@id\":\"https:\/\/dev.explora.cl\/rmnorte\/recoleta-sergio-lavandero-premio-nacional-de-ciencias-2022-inaugurara-las-charlas-ciencia-abierta-en-el-barrio\/#primaryimage\"},\"thumbnailUrl\":\"https:\/\/dev.explora.cl\/rmnorte\/wp-content\/uploads\/sites\/11\/2022\/11\/PORTADA.jpg\",\"articleSection\":[\"Lugar 8\",\"Noticias\"],\"inLanguage\":\"es-CL\",\"potentialAction\":[{\"@type\":\"CommentAction\",\"name\":\"Comment\",\"target\":[\"https:\/\/dev.explora.cl\/rmnorte\/recoleta-sergio-lavandero-premio-nacional-de-ciencias-2022-inaugurara-las-charlas-ciencia-abierta-en-el-barrio\/#respond\"]}]},{\"@type\":\"WebPage\",\"@id\":\"https:\/\/dev.explora.cl\/rmnorte\/recoleta-sergio-lavandero-premio-nacional-de-ciencias-2022-inaugurara-las-charlas-ciencia-abierta-en-el-barrio\/\",\"url\":\"https:\/\/dev.explora.cl\/rmnorte\/recoleta-sergio-lavandero-premio-nacional-de-ciencias-2022-inaugurara-las-charlas-ciencia-abierta-en-el-barrio\/\",\"name\":\"Recoleta: Sergio Lavandero, Premio Nacional de Ciencias 2022 inaugurar\u00e1 las charlas Ciencia Abierta en el barrio - RM Norte\",\"isPartOf\":{\"@id\":\"https:\/\/dev.explora.cl\/rmnorte\/#website\"},\"primaryImageOfPage\":{\"@id\":\"https:\/\/dev.explora.cl\/rmnorte\/recoleta-sergio-lavandero-premio-nacional-de-ciencias-2022-inaugurara-las-charlas-ciencia-abierta-en-el-barrio\/#primaryimage\"},\"image\":{\"@id\":\"https:\/\/dev.explora.cl\/rmnorte\/recoleta-sergio-lavandero-premio-nacional-de-ciencias-2022-inaugurara-las-charlas-ciencia-abierta-en-el-barrio\/#primaryimage\"},\"thumbnailUrl\":\"https:\/\/dev.explora.cl\/rmnorte\/wp-content\/uploads\/sites\/11\/2022\/11\/PORTADA.jpg\",\"datePublished\":\"2022-11-16T15:52:46+00:00\",\"dateModified\":\"2022-11-30T19:27:57+00:00\",\"author\":{\"@id\":\"https:\/\/dev.explora.cl\/rmnorte\/#\/schema\/person\/4ad985b29a183eab4170892260e133a5\"},\"breadcrumb\":{\"@id\":\"https:\/\/dev.explora.cl\/rmnorte\/recoleta-sergio-lavandero-premio-nacional-de-ciencias-2022-inaugurara-las-charlas-ciencia-abierta-en-el-barrio\/#breadcrumb\"},\"inLanguage\":\"es-CL\",\"potentialAction\":[{\"@type\":\"ReadAction\",\"target\":[\"https:\/\/dev.explora.cl\/rmnorte\/recoleta-sergio-lavandero-premio-nacional-de-ciencias-2022-inaugurara-las-charlas-ciencia-abierta-en-el-barrio\/\"]}]},{\"@type\":\"ImageObject\",\"inLanguage\":\"es-CL\",\"@id\":\"https:\/\/dev.explora.cl\/rmnorte\/recoleta-sergio-lavandero-premio-nacional-de-ciencias-2022-inaugurara-las-charlas-ciencia-abierta-en-el-barrio\/#primaryimage\",\"url\":\"https:\/\/dev.explora.cl\/rmnorte\/wp-content\/uploads\/sites\/11\/2022\/11\/PORTADA.jpg\",\"contentUrl\":\"https:\/\/dev.explora.cl\/rmnorte\/wp-content\/uploads\/sites\/11\/2022\/11\/PORTADA.jpg\",\"width\":1600,\"height\":900},{\"@type\":\"BreadcrumbList\",\"@id\":\"https:\/\/dev.explora.cl\/rmnorte\/recoleta-sergio-lavandero-premio-nacional-de-ciencias-2022-inaugurara-las-charlas-ciencia-abierta-en-el-barrio\/#breadcrumb\",\"itemListElement\":[{\"@type\":\"ListItem\",\"position\":1,\"name\":\"Portada\",\"item\":\"https:\/\/dev.explora.cl\/rmnorte\/\"},{\"@type\":\"ListItem\",\"position\":2,\"name\":\"Recoleta: Sergio Lavandero, Premio Nacional de Ciencias 2022 inaugurar\u00e1 las charlas Ciencia Abierta en el barrio\"}]},{\"@type\":\"WebSite\",\"@id\":\"https:\/\/dev.explora.cl\/rmnorte\/#website\",\"url\":\"https:\/\/dev.explora.cl\/rmnorte\/\",\"name\":\"RM Norte\",\"description\":\"RM Norte dev.explora.cl\",\"potentialAction\":[{\"@type\":\"SearchAction\",\"target\":{\"@type\":\"EntryPoint\",\"urlTemplate\":\"https:\/\/dev.explora.cl\/rmnorte\/?s={search_term_string}\"},\"query-input\":{\"@type\":\"PropertyValueSpecification\",\"valueRequired\":true,\"valueName\":\"search_term_string\"}}],\"inLanguage\":\"es-CL\"},{\"@type\":\"Person\",\"@id\":\"https:\/\/dev.explora.cl\/rmnorte\/#\/schema\/person\/4ad985b29a183eab4170892260e133a5\",\"name\":\"dgarcia\",\"image\":{\"@type\":\"ImageObject\",\"inLanguage\":\"es-CL\",\"@id\":\"https:\/\/dev.explora.cl\/rmnorte\/#\/schema\/person\/image\/\",\"url\":\"https:\/\/secure.gravatar.com\/avatar\/06e2fd9f68a0c19cd669ddc183de83489acab601aa57958e0f60175e5013e6b7?s=96&d=mm&r=g\",\"contentUrl\":\"https:\/\/secure.gravatar.com\/avatar\/06e2fd9f68a0c19cd669ddc183de83489acab601aa57958e0f60175e5013e6b7?s=96&d=mm&r=g\",\"caption\":\"dgarcia\"},\"url\":\"https:\/\/dev.explora.cl\/rmnorte\/author\/dgarcia\/\"}]}<\/script>\n<!-- \/ Yoast SEO plugin. -->","yoast_head_json":{"title":"Recoleta: Sergio Lavandero, Premio Nacional de Ciencias 2022 inaugurar\u00e1 las charlas Ciencia Abierta en el barrio - RM Norte","robots":{"index":"index","follow":"follow","max-snippet":"max-snippet:-1","max-image-preview":"max-image-preview:large","max-video-preview":"max-video-preview:-1"},"canonical":"https:\/\/dev.explora.cl\/rmnorte\/recoleta-sergio-lavandero-premio-nacional-de-ciencias-2022-inaugurara-las-charlas-ciencia-abierta-en-el-barrio\/","og_locale":"es_ES","og_type":"article","og_title":"Recoleta: Sergio Lavandero, Premio Nacional de Ciencias 2022 inaugurar\u00e1 las charlas Ciencia Abierta en el barrio - RM Norte","og_description":"Actividad gratuita, dirigida a toda la comunidad","og_url":"https:\/\/dev.explora.cl\/rmnorte\/recoleta-sergio-lavandero-premio-nacional-de-ciencias-2022-inaugurara-las-charlas-ciencia-abierta-en-el-barrio\/","og_site_name":"RM Norte","article_published_time":"2022-11-16T15:52:46+00:00","article_modified_time":"2022-11-30T19:27:57+00:00","og_image":[{"width":1600,"height":900,"url":"https:\/\/dev.explora.cl\/rmnorte\/wp-content\/uploads\/sites\/11\/2022\/11\/PORTADA.jpg","type":"image\/jpeg"}],"author":"dgarcia","twitter_card":"summary_large_image","twitter_misc":{"Escrito por":"dgarcia","Tiempo estimado de lectura":"2 minutos"},"schema":{"@context":"https:\/\/schema.org","@graph":[{"@type":"Article","@id":"https:\/\/dev.explora.cl\/rmnorte\/recoleta-sergio-lavandero-premio-nacional-de-ciencias-2022-inaugurara-las-charlas-ciencia-abierta-en-el-barrio\/#article","isPartOf":{"@id":"https:\/\/dev.explora.cl\/rmnorte\/recoleta-sergio-lavandero-premio-nacional-de-ciencias-2022-inaugurara-las-charlas-ciencia-abierta-en-el-barrio\/"},"author":{"name":"dgarcia","@id":"https:\/\/dev.explora.cl\/rmnorte\/#\/schema\/person\/4ad985b29a183eab4170892260e133a5"},"headline":"Recoleta: Sergio Lavandero, Premio Nacional de Ciencias 2022 inaugurar\u00e1 las charlas Ciencia Abierta en el barrio","datePublished":"2022-11-16T15:52:46+00:00","dateModified":"2022-11-30T19:27:57+00:00","mainEntityOfPage":{"@id":"https:\/\/dev.explora.cl\/rmnorte\/recoleta-sergio-lavandero-premio-nacional-de-ciencias-2022-inaugurara-las-charlas-ciencia-abierta-en-el-barrio\/"},"wordCount":437,"commentCount":0,"image":{"@id":"https:\/\/dev.explora.cl\/rmnorte\/recoleta-sergio-lavandero-premio-nacional-de-ciencias-2022-inaugurara-las-charlas-ciencia-abierta-en-el-barrio\/#primaryimage"},"thumbnailUrl":"https:\/\/dev.explora.cl\/rmnorte\/wp-content\/uploads\/sites\/11\/2022\/11\/PORTADA.jpg","articleSection":["Lugar 8","Noticias"],"inLanguage":"es-CL","potentialAction":[{"@type":"CommentAction","name":"Comment","target":["https:\/\/dev.explora.cl\/rmnorte\/recoleta-sergio-lavandero-premio-nacional-de-ciencias-2022-inaugurara-las-charlas-ciencia-abierta-en-el-barrio\/#respond"]}]},{"@type":"WebPage","@id":"https:\/\/dev.explora.cl\/rmnorte\/recoleta-sergio-lavandero-premio-nacional-de-ciencias-2022-inaugurara-las-charlas-ciencia-abierta-en-el-barrio\/","url":"https:\/\/dev.explora.cl\/rmnorte\/recoleta-sergio-lavandero-premio-nacional-de-ciencias-2022-inaugurara-las-charlas-ciencia-abierta-en-el-barrio\/","name":"Recoleta: Sergio Lavandero, Premio Nacional de Ciencias 2022 inaugurar\u00e1 las charlas Ciencia Abierta en el barrio - RM Norte","isPartOf":{"@id":"https:\/\/dev.explora.cl\/rmnorte\/#website"},"primaryImageOfPage":{"@id":"https:\/\/dev.explora.cl\/rmnorte\/recoleta-sergio-lavandero-premio-nacional-de-ciencias-2022-inaugurara-las-charlas-ciencia-abierta-en-el-barrio\/#primaryimage"},"image":{"@id":"https:\/\/dev.explora.cl\/rmnorte\/recoleta-sergio-lavandero-premio-nacional-de-ciencias-2022-inaugurara-las-charlas-ciencia-abierta-en-el-barrio\/#primaryimage"},"thumbnailUrl":"https:\/\/dev.explora.cl\/rmnorte\/wp-content\/uploads\/sites\/11\/2022\/11\/PORTADA.jpg","datePublished":"2022-11-16T15:52:46+00:00","dateModified":"2022-11-30T19:27:57+00:00","author":{"@id":"https:\/\/dev.explora.cl\/rmnorte\/#\/schema\/person\/4ad985b29a183eab4170892260e133a5"},"breadcrumb":{"@id":"https:\/\/dev.explora.cl\/rmnorte\/recoleta-sergio-lavandero-premio-nacional-de-ciencias-2022-inaugurara-las-charlas-ciencia-abierta-en-el-barrio\/#breadcrumb"},"inLanguage":"es-CL","potentialAction":[{"@type":"ReadAction","target":["https:\/\/dev.explora.cl\/rmnorte\/recoleta-sergio-lavandero-premio-nacional-de-ciencias-2022-inaugurara-las-charlas-ciencia-abierta-en-el-barrio\/"]}]},{"@type":"ImageObject","inLanguage":"es-CL","@id":"https:\/\/dev.explora.cl\/rmnorte\/recoleta-sergio-lavandero-premio-nacional-de-ciencias-2022-inaugurara-las-charlas-ciencia-abierta-en-el-barrio\/#primaryimage","url":"https:\/\/dev.explora.cl\/rmnorte\/wp-content\/uploads\/sites\/11\/2022\/11\/PORTADA.jpg","contentUrl":"https:\/\/dev.explora.cl\/rmnorte\/wp-content\/uploads\/sites\/11\/2022\/11\/PORTADA.jpg","width":1600,"height":900},{"@type":"BreadcrumbList","@id":"https:\/\/dev.explora.cl\/rmnorte\/recoleta-sergio-lavandero-premio-nacional-de-ciencias-2022-inaugurara-las-charlas-ciencia-abierta-en-el-barrio\/#breadcrumb","itemListElement":[{"@type":"ListItem","position":1,"name":"Portada","item":"https:\/\/dev.explora.cl\/rmnorte\/"},{"@type":"ListItem","position":2,"name":"Recoleta: Sergio Lavandero, Premio Nacional de Ciencias 2022 inaugurar\u00e1 las charlas Ciencia Abierta en el barrio"}]},{"@type":"WebSite","@id":"https:\/\/dev.explora.cl\/rmnorte\/#website","url":"https:\/\/dev.explora.cl\/rmnorte\/","name":"RM Norte","description":"RM Norte dev.explora.cl","potentialAction":[{"@type":"SearchAction","target":{"@type":"EntryPoint","urlTemplate":"https:\/\/dev.explora.cl\/rmnorte\/?s={search_term_string}"},"query-input":{"@type":"PropertyValueSpecification","valueRequired":true,"valueName":"search_term_string"}}],"inLanguage":"es-CL"},{"@type":"Person","@id":"https:\/\/dev.explora.cl\/rmnorte\/#\/schema\/person\/4ad985b29a183eab4170892260e133a5","name":"dgarcia","image":{"@type":"ImageObject","inLanguage":"es-CL","@id":"https:\/\/dev.explora.cl\/rmnorte\/#\/schema\/person\/image\/","url":"https:\/\/secure.gravatar.com\/avatar\/06e2fd9f68a0c19cd669ddc183de83489acab601aa57958e0f60175e5013e6b7?s=96&d=mm&r=g","contentUrl":"https:\/\/secure.gravatar.com\/avatar\/06e2fd9f68a0c19cd669ddc183de83489acab601aa57958e0f60175e5013e6b7?s=96&d=mm&r=g","caption":"dgarcia"},"url":"https:\/\/dev.explora.cl\/rmnorte\/author\/dgarcia\/"}]}},"_links":{"self":[{"href":"https:\/\/dev.explora.cl\/rmnorte\/wp-json\/wp\/v2\/posts\/41680","targetHints":{"allow":["GET"]}}],"collection":[{"href":"https:\/\/dev.explora.cl\/rmnorte\/wp-json\/wp\/v2\/posts"}],"about":[{"href":"https:\/\/dev.explora.cl\/rmnorte\/wp-json\/wp\/v2\/types\/post"}],"author":[{"embeddable":true,"href":"https:\/\/dev.explora.cl\/rmnorte\/wp-json\/wp\/v2\/users\/26"}],"replies":[{"embeddable":true,"href":"https:\/\/dev.explora.cl\/rmnorte\/wp-json\/wp\/v2\/comments?post=41680"}],"version-history":[{"count":3,"href":"https:\/\/dev.explora.cl\/rmnorte\/wp-json\/wp\/v2\/posts\/41680\/revisions"}],"predecessor-version":[{"id":41685,"href":"https:\/\/dev.explora.cl\/rmnorte\/wp-json\/wp\/v2\/posts\/41680\/revisions\/41685"}],"wp:featuredmedia":[{"embeddable":true,"href":"https:\/\/dev.explora.cl\/rmnorte\/wp-json\/wp\/v2\/media\/41681"}],"wp:attachment":[{"href":"https:\/\/dev.explora.cl\/rmnorte\/wp-json\/wp\/v2\/media?parent=41680"}],"wp:term":[{"taxonomy":"category","embeddable":true,"href":"https:\/\/dev.explora.cl\/rmnorte\/wp-json\/wp\/v2\/categories?post=41680"},{"taxonomy":"post_tag","embeddable":true,"href":"https:\/\/dev.explora.cl\/rmnorte\/wp-json\/wp\/v2\/tags?post=41680"}],"curies":[{"name":"wp","href":"https:\/\/api.w.org\/{rel}","templated":true}]}}