{"id":41240,"date":"2022-04-18T17:25:24","date_gmt":"2022-04-18T21:25:24","guid":{"rendered":"https:\/\/dev.explora.cl\/rmnorte\/?p=41240"},"modified":"2022-05-16T11:19:38","modified_gmt":"2022-05-16T15:19:38","slug":"se-extendio-el-plazo-para-participar-en-los-mini-clubes-este-ano-2022","status":"publish","type":"post","link":"https:\/\/dev.explora.cl\/rmnorte\/se-extendio-el-plazo-para-participar-en-los-mini-clubes-este-ano-2022\/","title":{"rendered":"\u00a1\u00a1No te quedes fuera para participar en los  Mini Clubes este a\u00f1o 2022!!"},"content":{"rendered":"<p>Si eres docente de un establecimiento educacional de las comunas de Explora Regi\u00f3n Metropolitana Norte: Lo Barnechea, \u00d1u\u00f1oa, Providencia, Pudahuel, Quilicura, Recoleta, Renca, Santiago, Tiltil, Vitacura, Colina, Conchal\u00ed, Huechuraba, Independencia, La Reina, Lampa y Las Condes, y tienes estudiantes de 1ero a 4to b\u00e1sico interesados en participar de experiencias cient\u00edficas que les permitir\u00e1n en un futuro hacer proyectos escolares, postula a los <strong>Mini Clubes 2022<\/strong>. Esta es una iniciativa de Explora que busca apoyar a docentes y estudiantes mediante capacitaciones, acompa\u00f1amiento y asignaci\u00f3n de asesores\/as cient\u00edficos\/as que les permitan, a trav\u00e9s de un ciclo indagatorio, desarrollar algunas competencias cient\u00edficas necesarias para llegar al comienzo de un proyecto de innovaci\u00f3n escolar: plantearse por s\u00ed mismos\/as una soluci\u00f3n planteada y que pueda llegar a desarrollarse m\u00e1s adelante. El contenido que se trabajar\u00e1 es <strong>\u201cMedio Ambiente\u201d<\/strong> del \u00e1rea de las Ciencias Naturales, alineado con los contenidos del curr\u00edculum de primer ciclo b\u00e1sico.<\/p>\n<p><strong>Objetivos Espec\u00edficos:<\/strong><\/p>\n<ul>\n<li>Capacitar a docentes en t\u00f3picos de indagaci\u00f3n, competencias cient\u00edficas, tem\u00e1ticas de medio ambiente y sustentabilidad.<\/li>\n<li>Co-dise\u00f1ar junto con los docentes experiencias cient\u00edficas indagatorias adecuadas para los distintos cursos de primer ciclo b\u00e1sico.<\/li>\n<li>Fomentar el desarrollo competencias cient\u00edficas y transversales en estudiantes.<\/li>\n<li>Promover que los\/las estudiantes detecten problem\u00e1ticas ambientales en sus comunidades y que realicen propuestas de soluci\u00f3n innovadoras<\/li>\n<\/ul>\n<p><strong>\u00a0<\/strong><strong>Para ser parte de la iniciativa, los equipos o clubes escolares deber\u00e1n<\/strong> contar obligatoriamente con uno o m\u00e1s docente(s) a cargo que guiar\u00e1(n) al equipo en el desarrollo del proyecto.\u00a0 Los\/as estudiantes de los clubes deben pertenecer al mismo establecimiento del docente a cargo y deben estar cursando primer ciclo b\u00e1sico (1ero a 4to b\u00e1sico). Un Mini Club podr\u00e1 estar compuesto por estudiantes de distintos establecimientos y\/o instituciones educacionales siempre y cuando al menos una de estas instituciones resguarde el proceso (ejemplo: carta de respaldo institucional, registro de certificados de inhabilidades, protocolo con NNA, aspectos bio\u00e9ticos, entre otros). El n\u00famero m\u00ednimo de integrantes del equipo es de dos estudiantes (sin un m\u00e1ximo). En el caso de los establecimientos educacionales que sean mixtos, se solicita en medida de lo posible que exista paridad de g\u00e9nero en la constituci\u00f3n de los clubes.<\/p>\n<p><strong>Se deben adjuntar en su postulaci\u00f3n los siguientes documentos:<\/strong><\/p>\n<ol>\n<li>Autorizaci\u00f3n de los apoderados y derechos de uso de imagen de cada integrante del equipo<\/li>\n<li>Carta de compromiso del docente.<\/li>\n<li>Carta de compromiso del establecimiento educacional.<\/li>\n<li>Certificado de no inhabilidad de trabajo con menores de el\/la docente que est\u00e9 a cargo del Mini Club<\/li>\n<\/ol>\n<p><a href=\"https:\/\/forms.gle\/LMo1C4rDE7z5EFK37\"><img loading=\"lazy\" decoding=\"async\" class=\"wp-image-41206 alignnone\" src=\"https:\/\/dev.explora.cl\/rmnorte\/wp-content\/uploads\/sites\/11\/2022\/04\/btn_formulario.png\" alt=\"\" width=\"280\" height=\"82\" srcset=\"https:\/\/dev.explora.cl\/rmnorte\/wp-content\/uploads\/sites\/11\/2022\/04\/btn_formulario.png 1296w, https:\/\/dev.explora.cl\/rmnorte\/wp-content\/uploads\/sites\/11\/2022\/04\/btn_formulario-300x88.png 300w, https:\/\/dev.explora.cl\/rmnorte\/wp-content\/uploads\/sites\/11\/2022\/04\/btn_formulario-768x225.png 768w, https:\/\/dev.explora.cl\/rmnorte\/wp-content\/uploads\/sites\/11\/2022\/04\/btn_formulario-1024x300.png 1024w\" sizes=\"auto, (max-width: 280px) 100vw, 280px\" \/><\/a>\u00a0 \u00a0 \u00a0 \u00a0 \u00a0\u00a0 <a href=\"https:\/\/docs.google.com\/document\/d\/1pywOv9FkHjlT0-DD18CiUSsFvi58VGJ2\/edit?usp=sharing&amp;ouid=114933125820139823786&amp;rtpof=true&amp;sd=true\"><img loading=\"lazy\" decoding=\"async\" class=\"alignnone wp-image-41211\" src=\"https:\/\/dev.explora.cl\/rmnorte\/wp-content\/uploads\/sites\/11\/2022\/04\/btn_Apoderado.png\" alt=\"\" width=\"282\" height=\"83\" srcset=\"https:\/\/dev.explora.cl\/rmnorte\/wp-content\/uploads\/sites\/11\/2022\/04\/btn_Apoderado.png 1296w, https:\/\/dev.explora.cl\/rmnorte\/wp-content\/uploads\/sites\/11\/2022\/04\/btn_Apoderado-300x88.png 300w, https:\/\/dev.explora.cl\/rmnorte\/wp-content\/uploads\/sites\/11\/2022\/04\/btn_Apoderado-768x225.png 768w, https:\/\/dev.explora.cl\/rmnorte\/wp-content\/uploads\/sites\/11\/2022\/04\/btn_Apoderado-1024x300.png 1024w\" sizes=\"auto, (max-width: 282px) 100vw, 282px\" \/><\/a><\/p>\n<p><a href=\"https:\/\/drive.google.com\/file\/d\/1CMOO4Fgh9BjyoUMZI8PHSCegAhg1-Aer\/view?usp=sharing\"><img loading=\"lazy\" decoding=\"async\" class=\"wp-image-41207 alignnone\" src=\"https:\/\/dev.explora.cl\/rmnorte\/wp-content\/uploads\/sites\/11\/2022\/04\/btn_bases.png\" alt=\"\" width=\"282\" height=\"83\" srcset=\"https:\/\/dev.explora.cl\/rmnorte\/wp-content\/uploads\/sites\/11\/2022\/04\/btn_bases.png 1296w, https:\/\/dev.explora.cl\/rmnorte\/wp-content\/uploads\/sites\/11\/2022\/04\/btn_bases-300x88.png 300w, https:\/\/dev.explora.cl\/rmnorte\/wp-content\/uploads\/sites\/11\/2022\/04\/btn_bases-768x225.png 768w, https:\/\/dev.explora.cl\/rmnorte\/wp-content\/uploads\/sites\/11\/2022\/04\/btn_bases-1024x300.png 1024w\" sizes=\"auto, (max-width: 282px) 100vw, 282px\" \/><\/a>\u00a0 \u00a0 \u00a0 \u00a0 \u00a0 \u00a0<a href=\"https:\/\/docs.google.com\/spreadsheets\/d\/1m3Mhyf8ldB21NSuv6-tHPOH01Ty0yIML\/edit?usp=sharing&amp;ouid=114933125820139823786&amp;rtpof=true&amp;sd=true\"><img loading=\"lazy\" decoding=\"async\" class=\"alignnone wp-image-41208\" src=\"https:\/\/dev.explora.cl\/rmnorte\/wp-content\/uploads\/sites\/11\/2022\/04\/btn_Anexos.png\" alt=\"\" width=\"280\" height=\"82\" srcset=\"https:\/\/dev.explora.cl\/rmnorte\/wp-content\/uploads\/sites\/11\/2022\/04\/btn_Anexos.png 1296w, https:\/\/dev.explora.cl\/rmnorte\/wp-content\/uploads\/sites\/11\/2022\/04\/btn_Anexos-300x88.png 300w, https:\/\/dev.explora.cl\/rmnorte\/wp-content\/uploads\/sites\/11\/2022\/04\/btn_Anexos-768x225.png 768w, https:\/\/dev.explora.cl\/rmnorte\/wp-content\/uploads\/sites\/11\/2022\/04\/btn_Anexos-1024x300.png 1024w\" sizes=\"auto, (max-width: 280px) 100vw, 280px\" \/><\/a><\/p>\n<p><a href=\"https:\/\/docs.google.com\/document\/d\/1QlbggyybwwqWdMOeu58RGktY9-KoW2yq\/edit?usp=sharing&amp;ouid=114933125820139823786&amp;rtpof=true&amp;sd=true\"><img loading=\"lazy\" decoding=\"async\" class=\"wp-image-41210 alignnone\" src=\"https:\/\/dev.explora.cl\/rmnorte\/wp-content\/uploads\/sites\/11\/2022\/04\/btn_carta-compromiso.png\" alt=\"\" width=\"282\" height=\"83\" srcset=\"https:\/\/dev.explora.cl\/rmnorte\/wp-content\/uploads\/sites\/11\/2022\/04\/btn_carta-compromiso.png 1296w, https:\/\/dev.explora.cl\/rmnorte\/wp-content\/uploads\/sites\/11\/2022\/04\/btn_carta-compromiso-300x88.png 300w, https:\/\/dev.explora.cl\/rmnorte\/wp-content\/uploads\/sites\/11\/2022\/04\/btn_carta-compromiso-768x225.png 768w, https:\/\/dev.explora.cl\/rmnorte\/wp-content\/uploads\/sites\/11\/2022\/04\/btn_carta-compromiso-1024x300.png 1024w\" sizes=\"auto, (max-width: 282px) 100vw, 282px\" \/><\/a>\u00a0 \u00a0 \u00a0 \u00a0 \u00a0 <a href=\"https:\/\/docs.google.com\/document\/d\/1cF4kTkezEvoL_jlfYeEbTd6XwJZBLHwA\/edit?usp=sharing&amp;ouid=114933125820139823786&amp;rtpof=true&amp;sd=true\"><img loading=\"lazy\" decoding=\"async\" class=\"wp-image-41209 alignnone\" src=\"https:\/\/dev.explora.cl\/rmnorte\/wp-content\/uploads\/sites\/11\/2022\/04\/btn_director.png\" alt=\"\" width=\"282\" height=\"83\" srcset=\"https:\/\/dev.explora.cl\/rmnorte\/wp-content\/uploads\/sites\/11\/2022\/04\/btn_director.png 1296w, https:\/\/dev.explora.cl\/rmnorte\/wp-content\/uploads\/sites\/11\/2022\/04\/btn_director-300x88.png 300w, https:\/\/dev.explora.cl\/rmnorte\/wp-content\/uploads\/sites\/11\/2022\/04\/btn_director-768x225.png 768w, https:\/\/dev.explora.cl\/rmnorte\/wp-content\/uploads\/sites\/11\/2022\/04\/btn_director-1024x300.png 1024w\" sizes=\"auto, (max-width: 282px) 100vw, 282px\" \/><\/a><\/p>\n<p><a href=\"https:\/\/inhabilidades.srcei.cl\/ConsInhab\/consultaInhabilidad.do\"><img loading=\"lazy\" decoding=\"async\" class=\"wp-image-41205 alignleft\" src=\"https:\/\/dev.explora.cl\/rmnorte\/wp-content\/uploads\/sites\/11\/2022\/04\/btn_certificado_inabilidades.png\" alt=\"\" width=\"456\" height=\"89\" srcset=\"https:\/\/dev.explora.cl\/rmnorte\/wp-content\/uploads\/sites\/11\/2022\/04\/btn_certificado_inabilidades.png 1942w, https:\/\/dev.explora.cl\/rmnorte\/wp-content\/uploads\/sites\/11\/2022\/04\/btn_certificado_inabilidades-300x59.png 300w, https:\/\/dev.explora.cl\/rmnorte\/wp-content\/uploads\/sites\/11\/2022\/04\/btn_certificado_inabilidades-768x150.png 768w, https:\/\/dev.explora.cl\/rmnorte\/wp-content\/uploads\/sites\/11\/2022\/04\/btn_certificado_inabilidades-1024x200.png 1024w\" sizes=\"auto, (max-width: 456px) 100vw, 456px\" \/><\/a><\/p>\n<p>&nbsp;<\/p>\n<p>&nbsp;<\/p>\n<p>&nbsp;<\/p>\n<p>&nbsp;<\/p>\n<p>En caso de dudas, consultas o informaciones comunicarse con Emma Figari, encargada de Investigaci\u00f3n e Innovaci\u00f3n Escolar, al correo <a href=\"mailto:emmafigari@ciq.uchile.cl\">emmafigari@ciq.uchile.cl<\/a>.<\/p>\n","protected":false},"excerpt":{"rendered":"<p>\u00a1\u00a1No te quedes fuera para participar en los  Mini Clubes este a\u00f1o 2022!!<\/p>\n","protected":false},"author":26,"featured_media":41264,"comment_status":"open","ping_status":"open","sticky":false,"template":"","format":"standard","meta":{"_acf_changed":false,"_exactmetrics_skip_tracking":false,"_exactmetrics_sitenote_active":false,"_exactmetrics_sitenote_note":"","_exactmetrics_sitenote_category":0,"footnotes":"","_links_to":"","_links_to_target":""},"categories":[151,137],"tags":[],"class_list":["post-41240","post","type-post","status-publish","format-standard","has-post-thumbnail","hentry","category-banner","category-lugar-2"],"acf":[],"yoast_head":"<!-- This site is optimized with the Yoast SEO plugin v26.7 - https:\/\/yoast.com\/wordpress\/plugins\/seo\/ -->\n<title>\u00a1\u00a1No te quedes fuera para participar en los Mini Clubes este a\u00f1o 2022!! - RM Norte<\/title>\n<meta name=\"robots\" content=\"index, follow, max-snippet:-1, max-image-preview:large, max-video-preview:-1\" \/>\n<link rel=\"canonical\" href=\"https:\/\/dev.explora.cl\/rmnorte\/se-extendio-el-plazo-para-participar-en-los-mini-clubes-este-ano-2022\/\" class=\"yoast-seo-meta-tag\" \/>\n<meta property=\"og:locale\" content=\"es_ES\" class=\"yoast-seo-meta-tag\" \/>\n<meta property=\"og:type\" content=\"article\" class=\"yoast-seo-meta-tag\" \/>\n<meta property=\"og:title\" content=\"\u00a1\u00a1No te quedes fuera para participar en los Mini Clubes este a\u00f1o 2022!! - RM Norte\" class=\"yoast-seo-meta-tag\" \/>\n<meta property=\"og:description\" content=\"\u00a1\u00a1No te quedes fuera para participar en los Mini Clubes este a\u00f1o 2022!!\" class=\"yoast-seo-meta-tag\" \/>\n<meta property=\"og:url\" content=\"https:\/\/dev.explora.cl\/rmnorte\/se-extendio-el-plazo-para-participar-en-los-mini-clubes-este-ano-2022\/\" class=\"yoast-seo-meta-tag\" \/>\n<meta property=\"og:site_name\" content=\"RM Norte\" class=\"yoast-seo-meta-tag\" \/>\n<meta property=\"article:published_time\" content=\"2022-04-18T21:25:24+00:00\" class=\"yoast-seo-meta-tag\" \/>\n<meta property=\"article:modified_time\" content=\"2022-05-16T15:19:38+00:00\" class=\"yoast-seo-meta-tag\" \/>\n<meta property=\"og:image\" content=\"https:\/\/dev.explora.cl\/rmnorte\/wp-content\/uploads\/sites\/11\/2022\/04\/banner_web_extenci\u00f3n-de-plazo.png\" class=\"yoast-seo-meta-tag\" \/>\n\t<meta property=\"og:image:width\" content=\"2780\" class=\"yoast-seo-meta-tag\" \/>\n\t<meta property=\"og:image:height\" content=\"1812\" class=\"yoast-seo-meta-tag\" \/>\n\t<meta property=\"og:image:type\" content=\"image\/png\" class=\"yoast-seo-meta-tag\" \/>\n<meta name=\"author\" content=\"dgarcia\" class=\"yoast-seo-meta-tag\" \/>\n<meta name=\"twitter:card\" content=\"summary_large_image\" class=\"yoast-seo-meta-tag\" \/>\n<meta name=\"twitter:label1\" content=\"Escrito por\" class=\"yoast-seo-meta-tag\" \/>\n\t<meta name=\"twitter:data1\" content=\"dgarcia\" class=\"yoast-seo-meta-tag\" \/>\n\t<meta name=\"twitter:label2\" content=\"Tiempo estimado de lectura\" class=\"yoast-seo-meta-tag\" \/>\n\t<meta name=\"twitter:data2\" content=\"2 minutos\" class=\"yoast-seo-meta-tag\" \/>\n<script type=\"application\/ld+json\" class=\"yoast-schema-graph\">{\"@context\":\"https:\/\/schema.org\",\"@graph\":[{\"@type\":\"Article\",\"@id\":\"https:\/\/dev.explora.cl\/rmnorte\/se-extendio-el-plazo-para-participar-en-los-mini-clubes-este-ano-2022\/#article\",\"isPartOf\":{\"@id\":\"https:\/\/dev.explora.cl\/rmnorte\/se-extendio-el-plazo-para-participar-en-los-mini-clubes-este-ano-2022\/\"},\"author\":{\"name\":\"dgarcia\",\"@id\":\"https:\/\/dev.explora.cl\/rmnorte\/#\/schema\/person\/4ad985b29a183eab4170892260e133a5\"},\"headline\":\"\u00a1\u00a1No te quedes fuera para participar en los Mini Clubes este a\u00f1o 2022!!\",\"datePublished\":\"2022-04-18T21:25:24+00:00\",\"dateModified\":\"2022-05-16T15:19:38+00:00\",\"mainEntityOfPage\":{\"@id\":\"https:\/\/dev.explora.cl\/rmnorte\/se-extendio-el-plazo-para-participar-en-los-mini-clubes-este-ano-2022\/\"},\"wordCount\":490,\"commentCount\":0,\"image\":{\"@id\":\"https:\/\/dev.explora.cl\/rmnorte\/se-extendio-el-plazo-para-participar-en-los-mini-clubes-este-ano-2022\/#primaryimage\"},\"thumbnailUrl\":\"https:\/\/dev.explora.cl\/rmnorte\/wp-content\/uploads\/sites\/11\/2022\/04\/banner_web_extenci\u00f3n-de-plazo.png\",\"articleSection\":[\"Banner\",\"Lugar 2\"],\"inLanguage\":\"es-CL\",\"potentialAction\":[{\"@type\":\"CommentAction\",\"name\":\"Comment\",\"target\":[\"https:\/\/dev.explora.cl\/rmnorte\/se-extendio-el-plazo-para-participar-en-los-mini-clubes-este-ano-2022\/#respond\"]}]},{\"@type\":\"WebPage\",\"@id\":\"https:\/\/dev.explora.cl\/rmnorte\/se-extendio-el-plazo-para-participar-en-los-mini-clubes-este-ano-2022\/\",\"url\":\"https:\/\/dev.explora.cl\/rmnorte\/se-extendio-el-plazo-para-participar-en-los-mini-clubes-este-ano-2022\/\",\"name\":\"\u00a1\u00a1No te quedes fuera para participar en los Mini Clubes este a\u00f1o 2022!! - RM Norte\",\"isPartOf\":{\"@id\":\"https:\/\/dev.explora.cl\/rmnorte\/#website\"},\"primaryImageOfPage\":{\"@id\":\"https:\/\/dev.explora.cl\/rmnorte\/se-extendio-el-plazo-para-participar-en-los-mini-clubes-este-ano-2022\/#primaryimage\"},\"image\":{\"@id\":\"https:\/\/dev.explora.cl\/rmnorte\/se-extendio-el-plazo-para-participar-en-los-mini-clubes-este-ano-2022\/#primaryimage\"},\"thumbnailUrl\":\"https:\/\/dev.explora.cl\/rmnorte\/wp-content\/uploads\/sites\/11\/2022\/04\/banner_web_extenci\u00f3n-de-plazo.png\",\"datePublished\":\"2022-04-18T21:25:24+00:00\",\"dateModified\":\"2022-05-16T15:19:38+00:00\",\"author\":{\"@id\":\"https:\/\/dev.explora.cl\/rmnorte\/#\/schema\/person\/4ad985b29a183eab4170892260e133a5\"},\"breadcrumb\":{\"@id\":\"https:\/\/dev.explora.cl\/rmnorte\/se-extendio-el-plazo-para-participar-en-los-mini-clubes-este-ano-2022\/#breadcrumb\"},\"inLanguage\":\"es-CL\",\"potentialAction\":[{\"@type\":\"ReadAction\",\"target\":[\"https:\/\/dev.explora.cl\/rmnorte\/se-extendio-el-plazo-para-participar-en-los-mini-clubes-este-ano-2022\/\"]}]},{\"@type\":\"ImageObject\",\"inLanguage\":\"es-CL\",\"@id\":\"https:\/\/dev.explora.cl\/rmnorte\/se-extendio-el-plazo-para-participar-en-los-mini-clubes-este-ano-2022\/#primaryimage\",\"url\":\"https:\/\/dev.explora.cl\/rmnorte\/wp-content\/uploads\/sites\/11\/2022\/04\/banner_web_extenci\u00f3n-de-plazo.png\",\"contentUrl\":\"https:\/\/dev.explora.cl\/rmnorte\/wp-content\/uploads\/sites\/11\/2022\/04\/banner_web_extenci\u00f3n-de-plazo.png\",\"width\":2780,\"height\":1812},{\"@type\":\"BreadcrumbList\",\"@id\":\"https:\/\/dev.explora.cl\/rmnorte\/se-extendio-el-plazo-para-participar-en-los-mini-clubes-este-ano-2022\/#breadcrumb\",\"itemListElement\":[{\"@type\":\"ListItem\",\"position\":1,\"name\":\"Portada\",\"item\":\"https:\/\/dev.explora.cl\/rmnorte\/\"},{\"@type\":\"ListItem\",\"position\":2,\"name\":\"\u00a1\u00a1No te quedes fuera para participar en los Mini Clubes este a\u00f1o 2022!!\"}]},{\"@type\":\"WebSite\",\"@id\":\"https:\/\/dev.explora.cl\/rmnorte\/#website\",\"url\":\"https:\/\/dev.explora.cl\/rmnorte\/\",\"name\":\"RM Norte\",\"description\":\"RM Norte dev.explora.cl\",\"potentialAction\":[{\"@type\":\"SearchAction\",\"target\":{\"@type\":\"EntryPoint\",\"urlTemplate\":\"https:\/\/dev.explora.cl\/rmnorte\/?s={search_term_string}\"},\"query-input\":{\"@type\":\"PropertyValueSpecification\",\"valueRequired\":true,\"valueName\":\"search_term_string\"}}],\"inLanguage\":\"es-CL\"},{\"@type\":\"Person\",\"@id\":\"https:\/\/dev.explora.cl\/rmnorte\/#\/schema\/person\/4ad985b29a183eab4170892260e133a5\",\"name\":\"dgarcia\",\"image\":{\"@type\":\"ImageObject\",\"inLanguage\":\"es-CL\",\"@id\":\"https:\/\/dev.explora.cl\/rmnorte\/#\/schema\/person\/image\/\",\"url\":\"https:\/\/secure.gravatar.com\/avatar\/06e2fd9f68a0c19cd669ddc183de83489acab601aa57958e0f60175e5013e6b7?s=96&d=mm&r=g\",\"contentUrl\":\"https:\/\/secure.gravatar.com\/avatar\/06e2fd9f68a0c19cd669ddc183de83489acab601aa57958e0f60175e5013e6b7?s=96&d=mm&r=g\",\"caption\":\"dgarcia\"},\"url\":\"https:\/\/dev.explora.cl\/rmnorte\/author\/dgarcia\/\"}]}<\/script>\n<!-- \/ Yoast SEO plugin. -->","yoast_head_json":{"title":"\u00a1\u00a1No te quedes fuera para participar en los Mini Clubes este a\u00f1o 2022!! - RM Norte","robots":{"index":"index","follow":"follow","max-snippet":"max-snippet:-1","max-image-preview":"max-image-preview:large","max-video-preview":"max-video-preview:-1"},"canonical":"https:\/\/dev.explora.cl\/rmnorte\/se-extendio-el-plazo-para-participar-en-los-mini-clubes-este-ano-2022\/","og_locale":"es_ES","og_type":"article","og_title":"\u00a1\u00a1No te quedes fuera para participar en los Mini Clubes este a\u00f1o 2022!! - RM Norte","og_description":"\u00a1\u00a1No te quedes fuera para participar en los Mini Clubes este a\u00f1o 2022!!","og_url":"https:\/\/dev.explora.cl\/rmnorte\/se-extendio-el-plazo-para-participar-en-los-mini-clubes-este-ano-2022\/","og_site_name":"RM Norte","article_published_time":"2022-04-18T21:25:24+00:00","article_modified_time":"2022-05-16T15:19:38+00:00","og_image":[{"width":2780,"height":1812,"url":"https:\/\/dev.explora.cl\/rmnorte\/wp-content\/uploads\/sites\/11\/2022\/04\/banner_web_extenci\u00f3n-de-plazo.png","type":"image\/png"}],"author":"dgarcia","twitter_card":"summary_large_image","twitter_misc":{"Escrito por":"dgarcia","Tiempo estimado de lectura":"2 minutos"},"schema":{"@context":"https:\/\/schema.org","@graph":[{"@type":"Article","@id":"https:\/\/dev.explora.cl\/rmnorte\/se-extendio-el-plazo-para-participar-en-los-mini-clubes-este-ano-2022\/#article","isPartOf":{"@id":"https:\/\/dev.explora.cl\/rmnorte\/se-extendio-el-plazo-para-participar-en-los-mini-clubes-este-ano-2022\/"},"author":{"name":"dgarcia","@id":"https:\/\/dev.explora.cl\/rmnorte\/#\/schema\/person\/4ad985b29a183eab4170892260e133a5"},"headline":"\u00a1\u00a1No te quedes fuera para participar en los Mini Clubes este a\u00f1o 2022!!","datePublished":"2022-04-18T21:25:24+00:00","dateModified":"2022-05-16T15:19:38+00:00","mainEntityOfPage":{"@id":"https:\/\/dev.explora.cl\/rmnorte\/se-extendio-el-plazo-para-participar-en-los-mini-clubes-este-ano-2022\/"},"wordCount":490,"commentCount":0,"image":{"@id":"https:\/\/dev.explora.cl\/rmnorte\/se-extendio-el-plazo-para-participar-en-los-mini-clubes-este-ano-2022\/#primaryimage"},"thumbnailUrl":"https:\/\/dev.explora.cl\/rmnorte\/wp-content\/uploads\/sites\/11\/2022\/04\/banner_web_extenci\u00f3n-de-plazo.png","articleSection":["Banner","Lugar 2"],"inLanguage":"es-CL","potentialAction":[{"@type":"CommentAction","name":"Comment","target":["https:\/\/dev.explora.cl\/rmnorte\/se-extendio-el-plazo-para-participar-en-los-mini-clubes-este-ano-2022\/#respond"]}]},{"@type":"WebPage","@id":"https:\/\/dev.explora.cl\/rmnorte\/se-extendio-el-plazo-para-participar-en-los-mini-clubes-este-ano-2022\/","url":"https:\/\/dev.explora.cl\/rmnorte\/se-extendio-el-plazo-para-participar-en-los-mini-clubes-este-ano-2022\/","name":"\u00a1\u00a1No te quedes fuera para participar en los Mini Clubes este a\u00f1o 2022!! - RM Norte","isPartOf":{"@id":"https:\/\/dev.explora.cl\/rmnorte\/#website"},"primaryImageOfPage":{"@id":"https:\/\/dev.explora.cl\/rmnorte\/se-extendio-el-plazo-para-participar-en-los-mini-clubes-este-ano-2022\/#primaryimage"},"image":{"@id":"https:\/\/dev.explora.cl\/rmnorte\/se-extendio-el-plazo-para-participar-en-los-mini-clubes-este-ano-2022\/#primaryimage"},"thumbnailUrl":"https:\/\/dev.explora.cl\/rmnorte\/wp-content\/uploads\/sites\/11\/2022\/04\/banner_web_extenci\u00f3n-de-plazo.png","datePublished":"2022-04-18T21:25:24+00:00","dateModified":"2022-05-16T15:19:38+00:00","author":{"@id":"https:\/\/dev.explora.cl\/rmnorte\/#\/schema\/person\/4ad985b29a183eab4170892260e133a5"},"breadcrumb":{"@id":"https:\/\/dev.explora.cl\/rmnorte\/se-extendio-el-plazo-para-participar-en-los-mini-clubes-este-ano-2022\/#breadcrumb"},"inLanguage":"es-CL","potentialAction":[{"@type":"ReadAction","target":["https:\/\/dev.explora.cl\/rmnorte\/se-extendio-el-plazo-para-participar-en-los-mini-clubes-este-ano-2022\/"]}]},{"@type":"ImageObject","inLanguage":"es-CL","@id":"https:\/\/dev.explora.cl\/rmnorte\/se-extendio-el-plazo-para-participar-en-los-mini-clubes-este-ano-2022\/#primaryimage","url":"https:\/\/dev.explora.cl\/rmnorte\/wp-content\/uploads\/sites\/11\/2022\/04\/banner_web_extenci\u00f3n-de-plazo.png","contentUrl":"https:\/\/dev.explora.cl\/rmnorte\/wp-content\/uploads\/sites\/11\/2022\/04\/banner_web_extenci\u00f3n-de-plazo.png","width":2780,"height":1812},{"@type":"BreadcrumbList","@id":"https:\/\/dev.explora.cl\/rmnorte\/se-extendio-el-plazo-para-participar-en-los-mini-clubes-este-ano-2022\/#breadcrumb","itemListElement":[{"@type":"ListItem","position":1,"name":"Portada","item":"https:\/\/dev.explora.cl\/rmnorte\/"},{"@type":"ListItem","position":2,"name":"\u00a1\u00a1No te quedes fuera para participar en los Mini Clubes este a\u00f1o 2022!!"}]},{"@type":"WebSite","@id":"https:\/\/dev.explora.cl\/rmnorte\/#website","url":"https:\/\/dev.explora.cl\/rmnorte\/","name":"RM Norte","description":"RM Norte dev.explora.cl","potentialAction":[{"@type":"SearchAction","target":{"@type":"EntryPoint","urlTemplate":"https:\/\/dev.explora.cl\/rmnorte\/?s={search_term_string}"},"query-input":{"@type":"PropertyValueSpecification","valueRequired":true,"valueName":"search_term_string"}}],"inLanguage":"es-CL"},{"@type":"Person","@id":"https:\/\/dev.explora.cl\/rmnorte\/#\/schema\/person\/4ad985b29a183eab4170892260e133a5","name":"dgarcia","image":{"@type":"ImageObject","inLanguage":"es-CL","@id":"https:\/\/dev.explora.cl\/rmnorte\/#\/schema\/person\/image\/","url":"https:\/\/secure.gravatar.com\/avatar\/06e2fd9f68a0c19cd669ddc183de83489acab601aa57958e0f60175e5013e6b7?s=96&d=mm&r=g","contentUrl":"https:\/\/secure.gravatar.com\/avatar\/06e2fd9f68a0c19cd669ddc183de83489acab601aa57958e0f60175e5013e6b7?s=96&d=mm&r=g","caption":"dgarcia"},"url":"https:\/\/dev.explora.cl\/rmnorte\/author\/dgarcia\/"}]}},"_links":{"self":[{"href":"https:\/\/dev.explora.cl\/rmnorte\/wp-json\/wp\/v2\/posts\/41240","targetHints":{"allow":["GET"]}}],"collection":[{"href":"https:\/\/dev.explora.cl\/rmnorte\/wp-json\/wp\/v2\/posts"}],"about":[{"href":"https:\/\/dev.explora.cl\/rmnorte\/wp-json\/wp\/v2\/types\/post"}],"author":[{"embeddable":true,"href":"https:\/\/dev.explora.cl\/rmnorte\/wp-json\/wp\/v2\/users\/26"}],"replies":[{"embeddable":true,"href":"https:\/\/dev.explora.cl\/rmnorte\/wp-json\/wp\/v2\/comments?post=41240"}],"version-history":[{"count":5,"href":"https:\/\/dev.explora.cl\/rmnorte\/wp-json\/wp\/v2\/posts\/41240\/revisions"}],"predecessor-version":[{"id":41267,"href":"https:\/\/dev.explora.cl\/rmnorte\/wp-json\/wp\/v2\/posts\/41240\/revisions\/41267"}],"wp:featuredmedia":[{"embeddable":true,"href":"https:\/\/dev.explora.cl\/rmnorte\/wp-json\/wp\/v2\/media\/41264"}],"wp:attachment":[{"href":"https:\/\/dev.explora.cl\/rmnorte\/wp-json\/wp\/v2\/media?parent=41240"}],"wp:term":[{"taxonomy":"category","embeddable":true,"href":"https:\/\/dev.explora.cl\/rmnorte\/wp-json\/wp\/v2\/categories?post=41240"},{"taxonomy":"post_tag","embeddable":true,"href":"https:\/\/dev.explora.cl\/rmnorte\/wp-json\/wp\/v2\/tags?post=41240"}],"curies":[{"name":"wp","href":"https:\/\/api.w.org\/{rel}","templated":true}]}}