{"id":41094,"date":"2022-01-18T10:51:14","date_gmt":"2022-01-18T13:51:14","guid":{"rendered":"https:\/\/dev.explora.cl\/rmnorte\/?p=41094"},"modified":"2022-03-25T16:57:23","modified_gmt":"2022-03-25T19:57:23","slug":"la-virtualidad-no-fue-un-obstaculo-para-vivir-la-ciencia-en-el-campamento-explora-va-region-metropolitana-norte","status":"publish","type":"post","link":"https:\/\/dev.explora.cl\/rmnorte\/la-virtualidad-no-fue-un-obstaculo-para-vivir-la-ciencia-en-el-campamento-explora-va-region-metropolitana-norte\/","title":{"rendered":"La virtualidad no fue un obst\u00e1culo para vivir la ciencia en el Campamento Explora VA! Regi\u00f3n Metropolitana Norte"},"content":{"rendered":"<p>Durante las dos primeras semanas de enero, 28 docentes de educaci\u00f3n b\u00e1sica y media de diversas disciplinas, junto a educadoras\/res de p\u00e1rvulo de la Regi\u00f3n Metropolitana Norte, se reunieron por primera vez virtualmente en el Campamento Explora VA! \u201cConstruyendo comunidades de aprendizaje en CTCI\u201d. Actividad organizada por el Proyecto Explora de La Regi\u00f3n Metropolitana Norte del Ministerio de Ciencia.<\/p>\n<p>A trav\u00e9s de actividades sincr\u00f3nicas y asincr\u00f3nicas los profesores realizaron diversas din\u00e1micas con el fin de promover la apropiaci\u00f3n de herramientas pedag\u00f3gicas, basadas en el modelo de competencias e impulsar la formaci\u00f3n de comunidades de aprendizaje y redes de colaboraci\u00f3n entre los docentes.<\/p>\n<p>\u201cEducaci\u00f3n cient\u00edfica para todos\/das con sentido de pertenencia y apropiaci\u00f3n social del conocimiento\u201d fue el nombre del primer conversatorio que reuni\u00f3 a tres panelistas conformado por el Dr. Patricio Felmer, Premio Nacional de Ciencias Exactas 2011 y director del Programa ARPA de la Universidad de Chile, Mar\u00eda Magdalena, profesora de qu\u00edmica y Jes\u00fas Valderrama destacado estudiante participante en los Clubes Cient\u00edficos y algunos Congresos Escolares la RM Norte.<\/p>\n<p><img loading=\"lazy\" decoding=\"async\" class=\"wp-image-41103 alignleft\" src=\"https:\/\/dev.explora.cl\/rmnorte\/wp-content\/uploads\/sites\/11\/2022\/01\/C-d\u00eda-10.-3-e1642527959658.jpg\" alt=\"\" width=\"455\" height=\"239\" srcset=\"https:\/\/dev.explora.cl\/rmnorte\/wp-content\/uploads\/sites\/11\/2022\/01\/C-d\u00eda-10.-3-e1642527959658.jpg 1771w, https:\/\/dev.explora.cl\/rmnorte\/wp-content\/uploads\/sites\/11\/2022\/01\/C-d\u00eda-10.-3-e1642527959658-300x158.jpg 300w, https:\/\/dev.explora.cl\/rmnorte\/wp-content\/uploads\/sites\/11\/2022\/01\/C-d\u00eda-10.-3-e1642527959658-768x404.jpg 768w, https:\/\/dev.explora.cl\/rmnorte\/wp-content\/uploads\/sites\/11\/2022\/01\/C-d\u00eda-10.-3-e1642527959658-1024x538.jpg 1024w\" sizes=\"auto, (max-width: 455px) 100vw, 455px\" \/>El segundo conversatorio denominado \u201cEducaci\u00f3n cient\u00edfica con perspectiva de g\u00e9nero y enfoque intercultural\u201d cont\u00f3 con la participaci\u00f3n de Jessica Gonz\u00e1lez, directora del Centro de Liderazgo de Comunidad Mujer, Mario Quintanilla, Director del Laboratorio de Investigaci\u00f3n en did\u00e1ctica de las Ciencias Grecia PUC y Johanna Camacho, Doctora en ciencias de la educaci\u00f3n y profesora de la Universidad de Chile.<\/p>\n<p>Esta \u00faltima, destac\u00f3 tres puntos importantes respecto a la educaci\u00f3n cient\u00edfica con perspectiva de g\u00e9nero y enfoque intercultural, \u201cpor un lado, se debe diversificar la producci\u00f3n cient\u00edfica, es decir reconocer que el conocimiento cient\u00edfico es construido por personas con distintas caracter\u00edsticas. Este concepto tambi\u00e9n guarda relaci\u00f3n con la alfabetizaci\u00f3n de la ciencia, que todas las personas sin importar su condici\u00f3n sexual, social o racial se sientan part\u00edcipes de opinar y\/o tomar decisiones y por \u00faltimo se debe ser consiente que cuando se imparten clase, por ejemplo de ciencia, se generan casos de exclusi\u00f3n porque muchas veces dirigimos las preguntas a los ni\u00f1os que m\u00e1s atentos est\u00e1n o los que tienen mejor calificaciones tienen\u201d coment\u00f3 la profesora Johanna.<\/p>\n<p><strong>D\u00eda de sorpresa <\/strong><\/p>\n<p><img loading=\"lazy\" decoding=\"async\" class=\"wp-image-41107 alignright\" src=\"https:\/\/dev.explora.cl\/rmnorte\/wp-content\/uploads\/sites\/11\/2022\/01\/Captura-de-Pantalla-2022-01-12-a-las-10.57.16-a.-m..png\" alt=\"\" width=\"454\" height=\"284\" srcset=\"https:\/\/dev.explora.cl\/rmnorte\/wp-content\/uploads\/sites\/11\/2022\/01\/Captura-de-Pantalla-2022-01-12-a-las-10.57.16-a.-m..png 3360w, https:\/\/dev.explora.cl\/rmnorte\/wp-content\/uploads\/sites\/11\/2022\/01\/Captura-de-Pantalla-2022-01-12-a-las-10.57.16-a.-m.-300x188.png 300w, https:\/\/dev.explora.cl\/rmnorte\/wp-content\/uploads\/sites\/11\/2022\/01\/Captura-de-Pantalla-2022-01-12-a-las-10.57.16-a.-m.-768x480.png 768w, https:\/\/dev.explora.cl\/rmnorte\/wp-content\/uploads\/sites\/11\/2022\/01\/Captura-de-Pantalla-2022-01-12-a-las-10.57.16-a.-m.-1024x640.png 1024w\" sizes=\"auto, (max-width: 454px) 100vw, 454px\" \/><\/p>\n<p>Durante el d\u00eda ocho, los campistas recibieron dos regalos sorpresa, uno fue la oportunidad de conversar con Gabriel Le\u00f3n, comunicador cient\u00edfico, bioqu\u00edmico y doctor en biolog\u00eda molecular quien ofreci\u00f3 la charla llamada \u201cLa curiosidad como motor de la ciencia\u201d y la segunda sorpresa fue un obsequio de parte del Dr. Gabriel, quien les regal\u00f3 a todos los profesores un libro de su autor\u00eda.<\/p>\n<p>Al finalizar la charla los profesores dialogaron con Gabriel y una de las docentes destac\u00f3 \u201cAgradezco mucho este tipo de instancia, siento que sus libros no solo fomentan la curiosidad por la ciencia en los m\u00e1s peque\u00f1os, sino que tambi\u00e9n cautiva a los adultos. Es una linda manera de rencontrarse con la ciencia, desde una lectura mucho m\u00e1s ligera y entendible\u201d dijo Constanza \u00c1vila.<\/p>\n<p><img loading=\"lazy\" decoding=\"async\" class=\"wp-image-41096 alignleft\" src=\"https:\/\/dev.explora.cl\/rmnorte\/wp-content\/uploads\/sites\/11\/2022\/01\/profe_.png\" alt=\"\" width=\"204\" height=\"272\" srcset=\"https:\/\/dev.explora.cl\/rmnorte\/wp-content\/uploads\/sites\/11\/2022\/01\/profe_.png 1200w, https:\/\/dev.explora.cl\/rmnorte\/wp-content\/uploads\/sites\/11\/2022\/01\/profe_-225x300.png 225w, https:\/\/dev.explora.cl\/rmnorte\/wp-content\/uploads\/sites\/11\/2022\/01\/profe_-768x1024.png 768w\" sizes=\"auto, (max-width: 204px) 100vw, 204px\" \/>Por otro lado, el profesor Camilo Soto de Liceo Amanda Labarca de Vitacura coment\u00f3 \u201cEl Campamento para profe Explora VA! fue una gran experiencia, se nota todo el cari\u00f1o, esfuerzo y dedicaci\u00f3n del equipo. Y a pesar de estar en formato online, a trav\u00e9s de las actividades y ponencias se lograron espacios de reflexi\u00f3n, debate y mucho aprendizaje e incluso se gan\u00f3 algo muy importante que es comunidad\u201d. Tambi\u00e9n agreg\u00f3 que todas las herramientas pedag\u00f3gicas trabajadas en el campamento fueron muy apropiadas, ya que en lo personal me sirvieron para recordar muchas cosas olvidadas y actualizar los conocimientos y metodolog\u00edas despu\u00e9s de tantos a\u00f1os ejerciendo docencia.<\/p>\n<p>Durante el campamento, todos los participantes recibieron un refrigerio y un kit de herramientas para disfrutar la ciencia en la virtualidad, constituido por una mochila, juego ODS, libro sorpresa de Gabriel Le\u00f3n, una pizarra, un kit de experimentos y una botella.<\/p>\n<p>Explora RM Norte, es un proyecto asociativo liderado por la Universidad de Chile, a trav\u00e9s de la Facultad de Ciencias Qu\u00edmicas y Farmac\u00e9uticas y su unidad ejecutora es el Centro Avanzado de Enfermedades Cr\u00f3nicas<\/p>\n<p><a href=\"https:\/\/www.youtube.com\/watch?v=5yTvugSHNiU\"><img loading=\"lazy\" decoding=\"async\" class=\"wp-image-41102 aligncenter\" src=\"https:\/\/dev.explora.cl\/rmnorte\/wp-content\/uploads\/sites\/11\/2022\/01\/lalal.png\" alt=\"\" width=\"554\" height=\"309\" srcset=\"https:\/\/dev.explora.cl\/rmnorte\/wp-content\/uploads\/sites\/11\/2022\/01\/lalal.png 2936w, https:\/\/dev.explora.cl\/rmnorte\/wp-content\/uploads\/sites\/11\/2022\/01\/lalal-300x167.png 300w, https:\/\/dev.explora.cl\/rmnorte\/wp-content\/uploads\/sites\/11\/2022\/01\/lalal-768x429.png 768w, https:\/\/dev.explora.cl\/rmnorte\/wp-content\/uploads\/sites\/11\/2022\/01\/lalal-1024x572.png 1024w\" sizes=\"auto, (max-width: 554px) 100vw, 554px\" \/><\/a><\/p>\n<p>&nbsp;<\/p>\n","protected":false},"excerpt":{"rendered":"<p>Durante las dos primeras semanas de enero, 28 docentes de educaci\u00f3n b\u00e1sica y media de diversas disciplinas, junto a educadoras\/res de p\u00e1rvulo de la Regi\u00f3n Metropolitana Norte, se reunieron por primera vez virtualmente en el Campamento Explora VA! \u201cConstruyendo comunidades de aprendizaje en CTCI\u201d. Actividad organizada por el Proyecto Explora de La Regi\u00f3n Metropolitana Norte del Ministerio de Ciencia.<\/p>\n","protected":false},"author":26,"featured_media":41098,"comment_status":"open","ping_status":"open","sticky":false,"template":"","format":"standard","meta":{"_acf_changed":false,"_exactmetrics_skip_tracking":false,"_exactmetrics_sitenote_active":false,"_exactmetrics_sitenote_note":"","_exactmetrics_sitenote_category":0,"footnotes":"","_links_to":"","_links_to_target":""},"categories":[142],"tags":[],"class_list":["post-41094","post","type-post","status-publish","format-standard","has-post-thumbnail","hentry","category-lugar-7"],"acf":[],"yoast_head":"<!-- This site is optimized with the Yoast SEO plugin v26.7 - https:\/\/yoast.com\/wordpress\/plugins\/seo\/ -->\n<title>La virtualidad no fue un obst\u00e1culo para vivir la ciencia en el Campamento Explora VA! Regi\u00f3n Metropolitana Norte - RM Norte<\/title>\n<meta name=\"robots\" content=\"index, follow, max-snippet:-1, max-image-preview:large, max-video-preview:-1\" \/>\n<link rel=\"canonical\" href=\"https:\/\/dev.explora.cl\/rmnorte\/la-virtualidad-no-fue-un-obstaculo-para-vivir-la-ciencia-en-el-campamento-explora-va-region-metropolitana-norte\/\" class=\"yoast-seo-meta-tag\" \/>\n<meta property=\"og:locale\" content=\"es_ES\" class=\"yoast-seo-meta-tag\" \/>\n<meta property=\"og:type\" content=\"article\" class=\"yoast-seo-meta-tag\" \/>\n<meta property=\"og:title\" content=\"La virtualidad no fue un obst\u00e1culo para vivir la ciencia en el Campamento Explora VA! Regi\u00f3n Metropolitana Norte - RM Norte\" class=\"yoast-seo-meta-tag\" \/>\n<meta property=\"og:description\" content=\"Durante las dos primeras semanas de enero, 28 docentes de educaci\u00f3n b\u00e1sica y media de diversas disciplinas, junto a educadoras\/res de p\u00e1rvulo de la Regi\u00f3n Metropolitana Norte, se reunieron por primera vez virtualmente en el Campamento Explora VA! \u201cConstruyendo comunidades de aprendizaje en CTCI\u201d. Actividad organizada por el Proyecto Explora de La Regi\u00f3n Metropolitana Norte del Ministerio de Ciencia.\" class=\"yoast-seo-meta-tag\" \/>\n<meta property=\"og:url\" content=\"https:\/\/dev.explora.cl\/rmnorte\/la-virtualidad-no-fue-un-obstaculo-para-vivir-la-ciencia-en-el-campamento-explora-va-region-metropolitana-norte\/\" class=\"yoast-seo-meta-tag\" \/>\n<meta property=\"og:site_name\" content=\"RM Norte\" class=\"yoast-seo-meta-tag\" \/>\n<meta property=\"article:published_time\" content=\"2022-01-18T13:51:14+00:00\" class=\"yoast-seo-meta-tag\" \/>\n<meta property=\"article:modified_time\" content=\"2022-03-25T19:57:23+00:00\" class=\"yoast-seo-meta-tag\" \/>\n<meta property=\"og:image\" content=\"https:\/\/dev.explora.cl\/rmnorte\/wp-content\/uploads\/sites\/11\/2022\/01\/portadaa_nota-1-1024x582.png\" class=\"yoast-seo-meta-tag\" \/>\n\t<meta property=\"og:image:width\" content=\"1024\" class=\"yoast-seo-meta-tag\" \/>\n\t<meta property=\"og:image:height\" content=\"582\" class=\"yoast-seo-meta-tag\" \/>\n\t<meta property=\"og:image:type\" content=\"image\/png\" class=\"yoast-seo-meta-tag\" \/>\n<meta name=\"author\" content=\"dgarcia\" class=\"yoast-seo-meta-tag\" \/>\n<meta name=\"twitter:card\" content=\"summary_large_image\" class=\"yoast-seo-meta-tag\" \/>\n<meta name=\"twitter:label1\" content=\"Escrito por\" class=\"yoast-seo-meta-tag\" \/>\n\t<meta name=\"twitter:data1\" content=\"dgarcia\" class=\"yoast-seo-meta-tag\" \/>\n\t<meta name=\"twitter:label2\" content=\"Tiempo estimado de lectura\" class=\"yoast-seo-meta-tag\" \/>\n\t<meta name=\"twitter:data2\" content=\"4 minutos\" class=\"yoast-seo-meta-tag\" \/>\n<script type=\"application\/ld+json\" class=\"yoast-schema-graph\">{\"@context\":\"https:\/\/schema.org\",\"@graph\":[{\"@type\":\"Article\",\"@id\":\"https:\/\/dev.explora.cl\/rmnorte\/la-virtualidad-no-fue-un-obstaculo-para-vivir-la-ciencia-en-el-campamento-explora-va-region-metropolitana-norte\/#article\",\"isPartOf\":{\"@id\":\"https:\/\/dev.explora.cl\/rmnorte\/la-virtualidad-no-fue-un-obstaculo-para-vivir-la-ciencia-en-el-campamento-explora-va-region-metropolitana-norte\/\"},\"author\":{\"name\":\"dgarcia\",\"@id\":\"https:\/\/dev.explora.cl\/rmnorte\/#\/schema\/person\/4ad985b29a183eab4170892260e133a5\"},\"headline\":\"La virtualidad no fue un obst\u00e1culo para vivir la ciencia en el Campamento Explora VA! Regi\u00f3n Metropolitana Norte\",\"datePublished\":\"2022-01-18T13:51:14+00:00\",\"dateModified\":\"2022-03-25T19:57:23+00:00\",\"mainEntityOfPage\":{\"@id\":\"https:\/\/dev.explora.cl\/rmnorte\/la-virtualidad-no-fue-un-obstaculo-para-vivir-la-ciencia-en-el-campamento-explora-va-region-metropolitana-norte\/\"},\"wordCount\":747,\"commentCount\":0,\"image\":{\"@id\":\"https:\/\/dev.explora.cl\/rmnorte\/la-virtualidad-no-fue-un-obstaculo-para-vivir-la-ciencia-en-el-campamento-explora-va-region-metropolitana-norte\/#primaryimage\"},\"thumbnailUrl\":\"https:\/\/dev.explora.cl\/rmnorte\/wp-content\/uploads\/sites\/11\/2022\/01\/portadaa_nota-1.png\",\"articleSection\":[\"Lugar 7\"],\"inLanguage\":\"es-CL\",\"potentialAction\":[{\"@type\":\"CommentAction\",\"name\":\"Comment\",\"target\":[\"https:\/\/dev.explora.cl\/rmnorte\/la-virtualidad-no-fue-un-obstaculo-para-vivir-la-ciencia-en-el-campamento-explora-va-region-metropolitana-norte\/#respond\"]}]},{\"@type\":\"WebPage\",\"@id\":\"https:\/\/dev.explora.cl\/rmnorte\/la-virtualidad-no-fue-un-obstaculo-para-vivir-la-ciencia-en-el-campamento-explora-va-region-metropolitana-norte\/\",\"url\":\"https:\/\/dev.explora.cl\/rmnorte\/la-virtualidad-no-fue-un-obstaculo-para-vivir-la-ciencia-en-el-campamento-explora-va-region-metropolitana-norte\/\",\"name\":\"La virtualidad no fue un obst\u00e1culo para vivir la ciencia en el Campamento Explora VA! Regi\u00f3n Metropolitana Norte - RM Norte\",\"isPartOf\":{\"@id\":\"https:\/\/dev.explora.cl\/rmnorte\/#website\"},\"primaryImageOfPage\":{\"@id\":\"https:\/\/dev.explora.cl\/rmnorte\/la-virtualidad-no-fue-un-obstaculo-para-vivir-la-ciencia-en-el-campamento-explora-va-region-metropolitana-norte\/#primaryimage\"},\"image\":{\"@id\":\"https:\/\/dev.explora.cl\/rmnorte\/la-virtualidad-no-fue-un-obstaculo-para-vivir-la-ciencia-en-el-campamento-explora-va-region-metropolitana-norte\/#primaryimage\"},\"thumbnailUrl\":\"https:\/\/dev.explora.cl\/rmnorte\/wp-content\/uploads\/sites\/11\/2022\/01\/portadaa_nota-1.png\",\"datePublished\":\"2022-01-18T13:51:14+00:00\",\"dateModified\":\"2022-03-25T19:57:23+00:00\",\"author\":{\"@id\":\"https:\/\/dev.explora.cl\/rmnorte\/#\/schema\/person\/4ad985b29a183eab4170892260e133a5\"},\"breadcrumb\":{\"@id\":\"https:\/\/dev.explora.cl\/rmnorte\/la-virtualidad-no-fue-un-obstaculo-para-vivir-la-ciencia-en-el-campamento-explora-va-region-metropolitana-norte\/#breadcrumb\"},\"inLanguage\":\"es-CL\",\"potentialAction\":[{\"@type\":\"ReadAction\",\"target\":[\"https:\/\/dev.explora.cl\/rmnorte\/la-virtualidad-no-fue-un-obstaculo-para-vivir-la-ciencia-en-el-campamento-explora-va-region-metropolitana-norte\/\"]}]},{\"@type\":\"ImageObject\",\"inLanguage\":\"es-CL\",\"@id\":\"https:\/\/dev.explora.cl\/rmnorte\/la-virtualidad-no-fue-un-obstaculo-para-vivir-la-ciencia-en-el-campamento-explora-va-region-metropolitana-norte\/#primaryimage\",\"url\":\"https:\/\/dev.explora.cl\/rmnorte\/wp-content\/uploads\/sites\/11\/2022\/01\/portadaa_nota-1.png\",\"contentUrl\":\"https:\/\/dev.explora.cl\/rmnorte\/wp-content\/uploads\/sites\/11\/2022\/01\/portadaa_nota-1.png\",\"width\":2895,\"height\":1644},{\"@type\":\"BreadcrumbList\",\"@id\":\"https:\/\/dev.explora.cl\/rmnorte\/la-virtualidad-no-fue-un-obstaculo-para-vivir-la-ciencia-en-el-campamento-explora-va-region-metropolitana-norte\/#breadcrumb\",\"itemListElement\":[{\"@type\":\"ListItem\",\"position\":1,\"name\":\"Portada\",\"item\":\"https:\/\/dev.explora.cl\/rmnorte\/\"},{\"@type\":\"ListItem\",\"position\":2,\"name\":\"La virtualidad no fue un obst\u00e1culo para vivir la ciencia en el Campamento Explora VA! Regi\u00f3n Metropolitana Norte\"}]},{\"@type\":\"WebSite\",\"@id\":\"https:\/\/dev.explora.cl\/rmnorte\/#website\",\"url\":\"https:\/\/dev.explora.cl\/rmnorte\/\",\"name\":\"RM Norte\",\"description\":\"RM Norte dev.explora.cl\",\"potentialAction\":[{\"@type\":\"SearchAction\",\"target\":{\"@type\":\"EntryPoint\",\"urlTemplate\":\"https:\/\/dev.explora.cl\/rmnorte\/?s={search_term_string}\"},\"query-input\":{\"@type\":\"PropertyValueSpecification\",\"valueRequired\":true,\"valueName\":\"search_term_string\"}}],\"inLanguage\":\"es-CL\"},{\"@type\":\"Person\",\"@id\":\"https:\/\/dev.explora.cl\/rmnorte\/#\/schema\/person\/4ad985b29a183eab4170892260e133a5\",\"name\":\"dgarcia\",\"image\":{\"@type\":\"ImageObject\",\"inLanguage\":\"es-CL\",\"@id\":\"https:\/\/dev.explora.cl\/rmnorte\/#\/schema\/person\/image\/\",\"url\":\"https:\/\/secure.gravatar.com\/avatar\/06e2fd9f68a0c19cd669ddc183de83489acab601aa57958e0f60175e5013e6b7?s=96&d=mm&r=g\",\"contentUrl\":\"https:\/\/secure.gravatar.com\/avatar\/06e2fd9f68a0c19cd669ddc183de83489acab601aa57958e0f60175e5013e6b7?s=96&d=mm&r=g\",\"caption\":\"dgarcia\"},\"url\":\"https:\/\/dev.explora.cl\/rmnorte\/author\/dgarcia\/\"}]}<\/script>\n<!-- \/ Yoast SEO plugin. -->","yoast_head_json":{"title":"La virtualidad no fue un obst\u00e1culo para vivir la ciencia en el Campamento Explora VA! Regi\u00f3n Metropolitana Norte - RM Norte","robots":{"index":"index","follow":"follow","max-snippet":"max-snippet:-1","max-image-preview":"max-image-preview:large","max-video-preview":"max-video-preview:-1"},"canonical":"https:\/\/dev.explora.cl\/rmnorte\/la-virtualidad-no-fue-un-obstaculo-para-vivir-la-ciencia-en-el-campamento-explora-va-region-metropolitana-norte\/","og_locale":"es_ES","og_type":"article","og_title":"La virtualidad no fue un obst\u00e1culo para vivir la ciencia en el Campamento Explora VA! Regi\u00f3n Metropolitana Norte - RM Norte","og_description":"Durante las dos primeras semanas de enero, 28 docentes de educaci\u00f3n b\u00e1sica y media de diversas disciplinas, junto a educadoras\/res de p\u00e1rvulo de la Regi\u00f3n Metropolitana Norte, se reunieron por primera vez virtualmente en el Campamento Explora VA! \u201cConstruyendo comunidades de aprendizaje en CTCI\u201d. Actividad organizada por el Proyecto Explora de La Regi\u00f3n Metropolitana Norte del Ministerio de Ciencia.","og_url":"https:\/\/dev.explora.cl\/rmnorte\/la-virtualidad-no-fue-un-obstaculo-para-vivir-la-ciencia-en-el-campamento-explora-va-region-metropolitana-norte\/","og_site_name":"RM Norte","article_published_time":"2022-01-18T13:51:14+00:00","article_modified_time":"2022-03-25T19:57:23+00:00","og_image":[{"width":1024,"height":582,"url":"https:\/\/dev.explora.cl\/rmnorte\/wp-content\/uploads\/sites\/11\/2022\/01\/portadaa_nota-1-1024x582.png","type":"image\/png"}],"author":"dgarcia","twitter_card":"summary_large_image","twitter_misc":{"Escrito por":"dgarcia","Tiempo estimado de lectura":"4 minutos"},"schema":{"@context":"https:\/\/schema.org","@graph":[{"@type":"Article","@id":"https:\/\/dev.explora.cl\/rmnorte\/la-virtualidad-no-fue-un-obstaculo-para-vivir-la-ciencia-en-el-campamento-explora-va-region-metropolitana-norte\/#article","isPartOf":{"@id":"https:\/\/dev.explora.cl\/rmnorte\/la-virtualidad-no-fue-un-obstaculo-para-vivir-la-ciencia-en-el-campamento-explora-va-region-metropolitana-norte\/"},"author":{"name":"dgarcia","@id":"https:\/\/dev.explora.cl\/rmnorte\/#\/schema\/person\/4ad985b29a183eab4170892260e133a5"},"headline":"La virtualidad no fue un obst\u00e1culo para vivir la ciencia en el Campamento Explora VA! Regi\u00f3n Metropolitana Norte","datePublished":"2022-01-18T13:51:14+00:00","dateModified":"2022-03-25T19:57:23+00:00","mainEntityOfPage":{"@id":"https:\/\/dev.explora.cl\/rmnorte\/la-virtualidad-no-fue-un-obstaculo-para-vivir-la-ciencia-en-el-campamento-explora-va-region-metropolitana-norte\/"},"wordCount":747,"commentCount":0,"image":{"@id":"https:\/\/dev.explora.cl\/rmnorte\/la-virtualidad-no-fue-un-obstaculo-para-vivir-la-ciencia-en-el-campamento-explora-va-region-metropolitana-norte\/#primaryimage"},"thumbnailUrl":"https:\/\/dev.explora.cl\/rmnorte\/wp-content\/uploads\/sites\/11\/2022\/01\/portadaa_nota-1.png","articleSection":["Lugar 7"],"inLanguage":"es-CL","potentialAction":[{"@type":"CommentAction","name":"Comment","target":["https:\/\/dev.explora.cl\/rmnorte\/la-virtualidad-no-fue-un-obstaculo-para-vivir-la-ciencia-en-el-campamento-explora-va-region-metropolitana-norte\/#respond"]}]},{"@type":"WebPage","@id":"https:\/\/dev.explora.cl\/rmnorte\/la-virtualidad-no-fue-un-obstaculo-para-vivir-la-ciencia-en-el-campamento-explora-va-region-metropolitana-norte\/","url":"https:\/\/dev.explora.cl\/rmnorte\/la-virtualidad-no-fue-un-obstaculo-para-vivir-la-ciencia-en-el-campamento-explora-va-region-metropolitana-norte\/","name":"La virtualidad no fue un obst\u00e1culo para vivir la ciencia en el Campamento Explora VA! Regi\u00f3n Metropolitana Norte - RM Norte","isPartOf":{"@id":"https:\/\/dev.explora.cl\/rmnorte\/#website"},"primaryImageOfPage":{"@id":"https:\/\/dev.explora.cl\/rmnorte\/la-virtualidad-no-fue-un-obstaculo-para-vivir-la-ciencia-en-el-campamento-explora-va-region-metropolitana-norte\/#primaryimage"},"image":{"@id":"https:\/\/dev.explora.cl\/rmnorte\/la-virtualidad-no-fue-un-obstaculo-para-vivir-la-ciencia-en-el-campamento-explora-va-region-metropolitana-norte\/#primaryimage"},"thumbnailUrl":"https:\/\/dev.explora.cl\/rmnorte\/wp-content\/uploads\/sites\/11\/2022\/01\/portadaa_nota-1.png","datePublished":"2022-01-18T13:51:14+00:00","dateModified":"2022-03-25T19:57:23+00:00","author":{"@id":"https:\/\/dev.explora.cl\/rmnorte\/#\/schema\/person\/4ad985b29a183eab4170892260e133a5"},"breadcrumb":{"@id":"https:\/\/dev.explora.cl\/rmnorte\/la-virtualidad-no-fue-un-obstaculo-para-vivir-la-ciencia-en-el-campamento-explora-va-region-metropolitana-norte\/#breadcrumb"},"inLanguage":"es-CL","potentialAction":[{"@type":"ReadAction","target":["https:\/\/dev.explora.cl\/rmnorte\/la-virtualidad-no-fue-un-obstaculo-para-vivir-la-ciencia-en-el-campamento-explora-va-region-metropolitana-norte\/"]}]},{"@type":"ImageObject","inLanguage":"es-CL","@id":"https:\/\/dev.explora.cl\/rmnorte\/la-virtualidad-no-fue-un-obstaculo-para-vivir-la-ciencia-en-el-campamento-explora-va-region-metropolitana-norte\/#primaryimage","url":"https:\/\/dev.explora.cl\/rmnorte\/wp-content\/uploads\/sites\/11\/2022\/01\/portadaa_nota-1.png","contentUrl":"https:\/\/dev.explora.cl\/rmnorte\/wp-content\/uploads\/sites\/11\/2022\/01\/portadaa_nota-1.png","width":2895,"height":1644},{"@type":"BreadcrumbList","@id":"https:\/\/dev.explora.cl\/rmnorte\/la-virtualidad-no-fue-un-obstaculo-para-vivir-la-ciencia-en-el-campamento-explora-va-region-metropolitana-norte\/#breadcrumb","itemListElement":[{"@type":"ListItem","position":1,"name":"Portada","item":"https:\/\/dev.explora.cl\/rmnorte\/"},{"@type":"ListItem","position":2,"name":"La virtualidad no fue un obst\u00e1culo para vivir la ciencia en el Campamento Explora VA! Regi\u00f3n Metropolitana Norte"}]},{"@type":"WebSite","@id":"https:\/\/dev.explora.cl\/rmnorte\/#website","url":"https:\/\/dev.explora.cl\/rmnorte\/","name":"RM Norte","description":"RM Norte dev.explora.cl","potentialAction":[{"@type":"SearchAction","target":{"@type":"EntryPoint","urlTemplate":"https:\/\/dev.explora.cl\/rmnorte\/?s={search_term_string}"},"query-input":{"@type":"PropertyValueSpecification","valueRequired":true,"valueName":"search_term_string"}}],"inLanguage":"es-CL"},{"@type":"Person","@id":"https:\/\/dev.explora.cl\/rmnorte\/#\/schema\/person\/4ad985b29a183eab4170892260e133a5","name":"dgarcia","image":{"@type":"ImageObject","inLanguage":"es-CL","@id":"https:\/\/dev.explora.cl\/rmnorte\/#\/schema\/person\/image\/","url":"https:\/\/secure.gravatar.com\/avatar\/06e2fd9f68a0c19cd669ddc183de83489acab601aa57958e0f60175e5013e6b7?s=96&d=mm&r=g","contentUrl":"https:\/\/secure.gravatar.com\/avatar\/06e2fd9f68a0c19cd669ddc183de83489acab601aa57958e0f60175e5013e6b7?s=96&d=mm&r=g","caption":"dgarcia"},"url":"https:\/\/dev.explora.cl\/rmnorte\/author\/dgarcia\/"}]}},"_links":{"self":[{"href":"https:\/\/dev.explora.cl\/rmnorte\/wp-json\/wp\/v2\/posts\/41094","targetHints":{"allow":["GET"]}}],"collection":[{"href":"https:\/\/dev.explora.cl\/rmnorte\/wp-json\/wp\/v2\/posts"}],"about":[{"href":"https:\/\/dev.explora.cl\/rmnorte\/wp-json\/wp\/v2\/types\/post"}],"author":[{"embeddable":true,"href":"https:\/\/dev.explora.cl\/rmnorte\/wp-json\/wp\/v2\/users\/26"}],"replies":[{"embeddable":true,"href":"https:\/\/dev.explora.cl\/rmnorte\/wp-json\/wp\/v2\/comments?post=41094"}],"version-history":[{"count":6,"href":"https:\/\/dev.explora.cl\/rmnorte\/wp-json\/wp\/v2\/posts\/41094\/revisions"}],"predecessor-version":[{"id":41109,"href":"https:\/\/dev.explora.cl\/rmnorte\/wp-json\/wp\/v2\/posts\/41094\/revisions\/41109"}],"wp:featuredmedia":[{"embeddable":true,"href":"https:\/\/dev.explora.cl\/rmnorte\/wp-json\/wp\/v2\/media\/41098"}],"wp:attachment":[{"href":"https:\/\/dev.explora.cl\/rmnorte\/wp-json\/wp\/v2\/media?parent=41094"}],"wp:term":[{"taxonomy":"category","embeddable":true,"href":"https:\/\/dev.explora.cl\/rmnorte\/wp-json\/wp\/v2\/categories?post=41094"},{"taxonomy":"post_tag","embeddable":true,"href":"https:\/\/dev.explora.cl\/rmnorte\/wp-json\/wp\/v2\/tags?post=41094"}],"curies":[{"name":"wp","href":"https:\/\/api.w.org\/{rel}","templated":true}]}}