{"id":41083,"date":"2021-12-28T15:59:07","date_gmt":"2021-12-28T18:59:07","guid":{"rendered":"https:\/\/dev.explora.cl\/rmnorte\/?p=41083"},"modified":"2022-01-18T10:52:08","modified_gmt":"2022-01-18T13:52:08","slug":"ser-mujer-u-hombre-no-significa-mejor-o-peor-desempeno-en-ninguna-actividad-todas-las-personas-somos-capaces-dijo-la-dra-ulrike-kemmerling-2","status":"publish","type":"post","link":"https:\/\/dev.explora.cl\/rmnorte\/ser-mujer-u-hombre-no-significa-mejor-o-peor-desempeno-en-ninguna-actividad-todas-las-personas-somos-capaces-dijo-la-dra-ulrike-kemmerling-2\/","title":{"rendered":"\u201cSer mujer u hombre no significa mejor o peor desempe\u00f1o en ninguna actividad, todas las personas somos capaces\u201d dijo la Dra. Ulrike Kemmerling"},"content":{"rendered":"<h3><em>\u201c<\/em>Cient\u00edficas sin fronteras\u201d fue el nombre del conversatorio que reuni\u00f3 a tres investigadoras participantes de la iniciativa <em>\u201cIgualmente Sabias\u201d, <\/em>organizada por el <em>Proyecto Explora Regi\u00f3n Metropolitana Norte del Ministerio de Ciencia. La actividad busca inspirar y motivar a m\u00e1s ni\u00f1as, j\u00f3venes y mujeres a acercarse a las ciencias y cerrar la brecha de g\u00e9nero en estas \u00e1reas. <\/em><\/h3>\n<p>El conversatorio estuvo dirigido por la asesora cient\u00edfica del proyecto Dra. Alejandra Hern\u00e1ndez y cont\u00f3 con la participaci\u00f3n de la Dra. Ulrike Kemmerling, acad\u00e9mica de la Universidad de Chile, Tatiana G\u00f3mez acad\u00e9mica de la Universidad Aut\u00f3noma de Chile y Neida Colmenares directora de Ciencias Pol\u00edticas de la Universidad Central de Chile.<\/p>\n<p>De acuerdo a los \u00faltimos datos entregados por el Departamento de Extranjer\u00eda y Migraci\u00f3n y el Instituto Nacional de Estad\u00edsticas, 77% poblaci\u00f3n extranjera residente en Chile se concentra en 42 comunas del territorio nacional, entre ellas: Santiago, Independencia, Las Condes, Recoleta, \u00d1u\u00f1oa, Quilicura, Providencia, Colina, Conchal\u00ed, Lo Barnechea, Pudahuel, Vitacura, comunas con las que trabaja Explora RM Norte.<\/p>\n<p>En este sentido, la iniciativa <em>\u201cIgualmente Sabias: Cient\u00edficas sin fronteras\u201d, <\/em>busca relevar la contribuci\u00f3n de mujeres migrantes en material de ciencia, tecnolog\u00eda, conocimiento e innovaci\u00f3n. Destacando a mujeres provenientes de Per\u00fa, Venezuela, Colombia, Rusia, Alemania, Paraguay, Cuba, Argentina Y Dinamarca, todas ellas investigadoras que dan vida a esta iniciativa.<\/p>\n<h3><em>Durante el conversatorio la Dra. Tatiana y Dra. Neida comentaron que entre los obst\u00e1culos para desarrollarse como mujer cient\u00edfica en Chile y muchas partes del mundo, en el caso Neida, son los estereotipos que por cultura predominan en la sociedad. Tambi\u00e9n destacaron la cantidad de validaciones y tr\u00e1mites que se deben hacer para poder certificar sus conocimientos.\u00a0<\/em><\/h3>\n<p>Por otro lado, la Dra. Ulrike cont\u00f3 que ella es migrante desde muy peque\u00f1a, antes de venirse a Chile vivi\u00f3 en Colombia y luego estando aqu\u00ed vivi\u00f3 en Santiago, en Concepci\u00f3n y en diferentes regiones \u201cPero estas circunstancias te dan tremendas fortalezas, te preparan mejor para superar las dificultades y ver la vida desde otra perspectiva\u201d agreg\u00f3.<\/p>\n<p><strong>Aporte a las ciencias en Chile desde sus \u00e1reas de investigaci\u00f3n <\/strong><\/p>\n<p>Neida junto a su equipo de trabajo, se encuentran realizando un levantamiento del fen\u00f3meno migratorio desde una perspectiva territorial \u201cBuscamos evaluar c\u00f3mo afecta este fen\u00f3meno sociocultural en cada regi\u00f3n y c\u00f3mo desde el estado se pueden generar pol\u00edticas diferenciadas y salir un poco de la homogeneidad del discurso migratorio, esperamos poder dar recomendaciones de pol\u00edticas, aprendizajes y diagn\u00f3sticos territoriales\u201d explic\u00f3.<\/p>\n<p>Desde el \u00e1rea de las ciencias biom\u00e9dicas, donde se especializa Ulrike coment\u00f3 que se encuentran estudiante la interacci\u00f3n entre pat\u00f3genos y la placenta. \u201cParticularmente estamos estudiando la enfermedad de Chagas, una enfermedad t\u00f3pica y desatendida por la Organizaci\u00f3n Mundial de la Salud debido a que su propagaci\u00f3n se da generalmente en poblaciones muy pobres y por ende la industria farmac\u00e9utica la ha desplazado de sus prioridades. Esperamos en un futuro contar con f\u00e1rmacos que traten la enfermedad, pero para ello debemos conocer la infecci\u00f3n en profundidad\u201d, coment\u00f3 la Dra. Ulrike.<\/p>\n<p>Para finalizar, Tatiana inform\u00f3 que desde su \u00e1rea de investigaci\u00f3n enfocada en las simulaciones, trabajaron en un sistema llamado \u201cmachine learning\u201d \u2013aprendizaje autom\u00e1tico\u2013 se trata de una habilidad indispensable para hacer sistemas capaces de identificar patrones entre los datos y hacer predicciones.\u00a0Este sistema contribuy\u00f3 con la implementaci\u00f3n de test eficientes para el diagn\u00f3stico de ciertas enfermedades, como por ejemplo el COVID19.<\/p>\n<p>Ver exposici\u00f3n \u201cIgualmente Sabias: Cient\u00edficas sin Fronteras\u201d aqu\u00ed <a href=\"https:\/\/igualmentesabias.cl\/\">https:\/\/igualmentesabias.cl\/<\/a><\/p>\n<p>Ver conversatorio aqu\u00ed<\/p>\n<p><a href=\"https:\/\/www.youtube.com\/watch?v=6o6vSFJ1wcU&amp;ab_channel=ExploraRMNorte\">https:\/\/www.youtube.com\/watch?v=6o6vSFJ1wcU&amp;ab_channel=ExploraRMNorte<\/a><\/p>\n<p>Explora RM Norte, es un proyecto asociativo liderado por la Universidad de Chile, a trav\u00e9s de la Facultad de Ciencias Qu\u00edmicas y Farmac\u00e9uticas y su unidad ejecutora es el Centro Avanzado de Enfermedades Cr\u00f3nicas (ACCDiS).<\/p>\n<p>&nbsp;<\/p>\n","protected":false},"excerpt":{"rendered":"<p>\u201cCient\u00edficas sin fronteras\u201d fue el nombre del conversatorio que reuni\u00f3 a tres investigadoras participantes de la iniciativa \u201cIgualmente Sabias\u201d, organizada por el Proyecto Explora Regi\u00f3n Metropolitana Norte del Ministerio de Ciencia. La actividad busca inspirar y motivar a m\u00e1s ni\u00f1as, j\u00f3venes y mujeres a acercarse a las ciencias y cerrar la brecha de g\u00e9nero en estas \u00e1reas. \u00a0<\/p>\n","protected":false},"author":26,"featured_media":41087,"comment_status":"open","ping_status":"open","sticky":false,"template":"","format":"standard","meta":{"_acf_changed":false,"_exactmetrics_skip_tracking":false,"_exactmetrics_sitenote_active":false,"_exactmetrics_sitenote_note":"","_exactmetrics_sitenote_category":0,"footnotes":"","_links_to":"","_links_to_target":""},"categories":[143],"tags":[],"class_list":["post-41083","post","type-post","status-publish","format-standard","has-post-thumbnail","hentry","category-lugar-8"],"acf":[],"yoast_head":"<!-- This site is optimized with the Yoast SEO plugin v26.7 - https:\/\/yoast.com\/wordpress\/plugins\/seo\/ -->\n<title>\u201cSer mujer u hombre no significa mejor o peor desempe\u00f1o en ninguna actividad, todas las personas somos capaces\u201d dijo la Dra. Ulrike Kemmerling - RM Norte<\/title>\n<meta name=\"robots\" content=\"index, follow, max-snippet:-1, max-image-preview:large, max-video-preview:-1\" \/>\n<link rel=\"canonical\" href=\"https:\/\/dev.explora.cl\/rmnorte\/ser-mujer-u-hombre-no-significa-mejor-o-peor-desempeno-en-ninguna-actividad-todas-las-personas-somos-capaces-dijo-la-dra-ulrike-kemmerling-2\/\" class=\"yoast-seo-meta-tag\" \/>\n<meta property=\"og:locale\" content=\"es_ES\" class=\"yoast-seo-meta-tag\" \/>\n<meta property=\"og:type\" content=\"article\" class=\"yoast-seo-meta-tag\" \/>\n<meta property=\"og:title\" content=\"\u201cSer mujer u hombre no significa mejor o peor desempe\u00f1o en ninguna actividad, todas las personas somos capaces\u201d dijo la Dra. Ulrike Kemmerling - RM Norte\" class=\"yoast-seo-meta-tag\" \/>\n<meta property=\"og:description\" content=\"\u201cCient\u00edficas sin fronteras\u201d fue el nombre del conversatorio que reuni\u00f3 a tres investigadoras participantes de la iniciativa \u201cIgualmente Sabias\u201d, organizada por el Proyecto Explora Regi\u00f3n Metropolitana Norte del Ministerio de Ciencia. La actividad busca inspirar y motivar a m\u00e1s ni\u00f1as, j\u00f3venes y mujeres a acercarse a las ciencias y cerrar la brecha de g\u00e9nero en estas \u00e1reas. \u00a0\" class=\"yoast-seo-meta-tag\" \/>\n<meta property=\"og:url\" content=\"https:\/\/dev.explora.cl\/rmnorte\/ser-mujer-u-hombre-no-significa-mejor-o-peor-desempeno-en-ninguna-actividad-todas-las-personas-somos-capaces-dijo-la-dra-ulrike-kemmerling-2\/\" class=\"yoast-seo-meta-tag\" \/>\n<meta property=\"og:site_name\" content=\"RM Norte\" class=\"yoast-seo-meta-tag\" \/>\n<meta property=\"article:published_time\" content=\"2021-12-28T18:59:07+00:00\" class=\"yoast-seo-meta-tag\" \/>\n<meta property=\"article:modified_time\" content=\"2022-01-18T13:52:08+00:00\" class=\"yoast-seo-meta-tag\" \/>\n<meta property=\"og:image\" content=\"https:\/\/dev.explora.cl\/rmnorte\/wp-content\/uploads\/sites\/11\/2021\/12\/w.png\" class=\"yoast-seo-meta-tag\" \/>\n\t<meta property=\"og:image:width\" content=\"800\" class=\"yoast-seo-meta-tag\" \/>\n\t<meta property=\"og:image:height\" content=\"440\" class=\"yoast-seo-meta-tag\" \/>\n\t<meta property=\"og:image:type\" content=\"image\/png\" class=\"yoast-seo-meta-tag\" \/>\n<meta name=\"author\" content=\"dgarcia\" class=\"yoast-seo-meta-tag\" \/>\n<meta name=\"twitter:card\" content=\"summary_large_image\" class=\"yoast-seo-meta-tag\" \/>\n<meta name=\"twitter:label1\" content=\"Escrito por\" class=\"yoast-seo-meta-tag\" \/>\n\t<meta name=\"twitter:data1\" content=\"dgarcia\" class=\"yoast-seo-meta-tag\" \/>\n\t<meta name=\"twitter:label2\" content=\"Tiempo estimado de lectura\" class=\"yoast-seo-meta-tag\" \/>\n\t<meta name=\"twitter:data2\" content=\"3 minutos\" class=\"yoast-seo-meta-tag\" \/>\n<script type=\"application\/ld+json\" class=\"yoast-schema-graph\">{\"@context\":\"https:\/\/schema.org\",\"@graph\":[{\"@type\":\"Article\",\"@id\":\"https:\/\/dev.explora.cl\/rmnorte\/ser-mujer-u-hombre-no-significa-mejor-o-peor-desempeno-en-ninguna-actividad-todas-las-personas-somos-capaces-dijo-la-dra-ulrike-kemmerling-2\/#article\",\"isPartOf\":{\"@id\":\"https:\/\/dev.explora.cl\/rmnorte\/ser-mujer-u-hombre-no-significa-mejor-o-peor-desempeno-en-ninguna-actividad-todas-las-personas-somos-capaces-dijo-la-dra-ulrike-kemmerling-2\/\"},\"author\":{\"name\":\"dgarcia\",\"@id\":\"https:\/\/dev.explora.cl\/rmnorte\/#\/schema\/person\/4ad985b29a183eab4170892260e133a5\"},\"headline\":\"\u201cSer mujer u hombre no significa mejor o peor desempe\u00f1o en ninguna actividad, todas las personas somos capaces\u201d dijo la Dra. Ulrike Kemmerling\",\"datePublished\":\"2021-12-28T18:59:07+00:00\",\"dateModified\":\"2022-01-18T13:52:08+00:00\",\"mainEntityOfPage\":{\"@id\":\"https:\/\/dev.explora.cl\/rmnorte\/ser-mujer-u-hombre-no-significa-mejor-o-peor-desempeno-en-ninguna-actividad-todas-las-personas-somos-capaces-dijo-la-dra-ulrike-kemmerling-2\/\"},\"wordCount\":694,\"commentCount\":0,\"image\":{\"@id\":\"https:\/\/dev.explora.cl\/rmnorte\/ser-mujer-u-hombre-no-significa-mejor-o-peor-desempeno-en-ninguna-actividad-todas-las-personas-somos-capaces-dijo-la-dra-ulrike-kemmerling-2\/#primaryimage\"},\"thumbnailUrl\":\"https:\/\/dev.explora.cl\/rmnorte\/wp-content\/uploads\/sites\/11\/2021\/12\/w.png\",\"articleSection\":[\"Lugar 8\"],\"inLanguage\":\"es-CL\",\"potentialAction\":[{\"@type\":\"CommentAction\",\"name\":\"Comment\",\"target\":[\"https:\/\/dev.explora.cl\/rmnorte\/ser-mujer-u-hombre-no-significa-mejor-o-peor-desempeno-en-ninguna-actividad-todas-las-personas-somos-capaces-dijo-la-dra-ulrike-kemmerling-2\/#respond\"]}]},{\"@type\":\"WebPage\",\"@id\":\"https:\/\/dev.explora.cl\/rmnorte\/ser-mujer-u-hombre-no-significa-mejor-o-peor-desempeno-en-ninguna-actividad-todas-las-personas-somos-capaces-dijo-la-dra-ulrike-kemmerling-2\/\",\"url\":\"https:\/\/dev.explora.cl\/rmnorte\/ser-mujer-u-hombre-no-significa-mejor-o-peor-desempeno-en-ninguna-actividad-todas-las-personas-somos-capaces-dijo-la-dra-ulrike-kemmerling-2\/\",\"name\":\"\u201cSer mujer u hombre no significa mejor o peor desempe\u00f1o en ninguna actividad, todas las personas somos capaces\u201d dijo la Dra. Ulrike Kemmerling - RM Norte\",\"isPartOf\":{\"@id\":\"https:\/\/dev.explora.cl\/rmnorte\/#website\"},\"primaryImageOfPage\":{\"@id\":\"https:\/\/dev.explora.cl\/rmnorte\/ser-mujer-u-hombre-no-significa-mejor-o-peor-desempeno-en-ninguna-actividad-todas-las-personas-somos-capaces-dijo-la-dra-ulrike-kemmerling-2\/#primaryimage\"},\"image\":{\"@id\":\"https:\/\/dev.explora.cl\/rmnorte\/ser-mujer-u-hombre-no-significa-mejor-o-peor-desempeno-en-ninguna-actividad-todas-las-personas-somos-capaces-dijo-la-dra-ulrike-kemmerling-2\/#primaryimage\"},\"thumbnailUrl\":\"https:\/\/dev.explora.cl\/rmnorte\/wp-content\/uploads\/sites\/11\/2021\/12\/w.png\",\"datePublished\":\"2021-12-28T18:59:07+00:00\",\"dateModified\":\"2022-01-18T13:52:08+00:00\",\"author\":{\"@id\":\"https:\/\/dev.explora.cl\/rmnorte\/#\/schema\/person\/4ad985b29a183eab4170892260e133a5\"},\"breadcrumb\":{\"@id\":\"https:\/\/dev.explora.cl\/rmnorte\/ser-mujer-u-hombre-no-significa-mejor-o-peor-desempeno-en-ninguna-actividad-todas-las-personas-somos-capaces-dijo-la-dra-ulrike-kemmerling-2\/#breadcrumb\"},\"inLanguage\":\"es-CL\",\"potentialAction\":[{\"@type\":\"ReadAction\",\"target\":[\"https:\/\/dev.explora.cl\/rmnorte\/ser-mujer-u-hombre-no-significa-mejor-o-peor-desempeno-en-ninguna-actividad-todas-las-personas-somos-capaces-dijo-la-dra-ulrike-kemmerling-2\/\"]}]},{\"@type\":\"ImageObject\",\"inLanguage\":\"es-CL\",\"@id\":\"https:\/\/dev.explora.cl\/rmnorte\/ser-mujer-u-hombre-no-significa-mejor-o-peor-desempeno-en-ninguna-actividad-todas-las-personas-somos-capaces-dijo-la-dra-ulrike-kemmerling-2\/#primaryimage\",\"url\":\"https:\/\/dev.explora.cl\/rmnorte\/wp-content\/uploads\/sites\/11\/2021\/12\/w.png\",\"contentUrl\":\"https:\/\/dev.explora.cl\/rmnorte\/wp-content\/uploads\/sites\/11\/2021\/12\/w.png\",\"width\":800,\"height\":440},{\"@type\":\"BreadcrumbList\",\"@id\":\"https:\/\/dev.explora.cl\/rmnorte\/ser-mujer-u-hombre-no-significa-mejor-o-peor-desempeno-en-ninguna-actividad-todas-las-personas-somos-capaces-dijo-la-dra-ulrike-kemmerling-2\/#breadcrumb\",\"itemListElement\":[{\"@type\":\"ListItem\",\"position\":1,\"name\":\"Portada\",\"item\":\"https:\/\/dev.explora.cl\/rmnorte\/\"},{\"@type\":\"ListItem\",\"position\":2,\"name\":\"\u201cSer mujer u hombre no significa mejor o peor desempe\u00f1o en ninguna actividad, todas las personas somos capaces\u201d dijo la Dra. Ulrike Kemmerling\"}]},{\"@type\":\"WebSite\",\"@id\":\"https:\/\/dev.explora.cl\/rmnorte\/#website\",\"url\":\"https:\/\/dev.explora.cl\/rmnorte\/\",\"name\":\"RM Norte\",\"description\":\"RM Norte dev.explora.cl\",\"potentialAction\":[{\"@type\":\"SearchAction\",\"target\":{\"@type\":\"EntryPoint\",\"urlTemplate\":\"https:\/\/dev.explora.cl\/rmnorte\/?s={search_term_string}\"},\"query-input\":{\"@type\":\"PropertyValueSpecification\",\"valueRequired\":true,\"valueName\":\"search_term_string\"}}],\"inLanguage\":\"es-CL\"},{\"@type\":\"Person\",\"@id\":\"https:\/\/dev.explora.cl\/rmnorte\/#\/schema\/person\/4ad985b29a183eab4170892260e133a5\",\"name\":\"dgarcia\",\"image\":{\"@type\":\"ImageObject\",\"inLanguage\":\"es-CL\",\"@id\":\"https:\/\/dev.explora.cl\/rmnorte\/#\/schema\/person\/image\/\",\"url\":\"https:\/\/secure.gravatar.com\/avatar\/06e2fd9f68a0c19cd669ddc183de83489acab601aa57958e0f60175e5013e6b7?s=96&d=mm&r=g\",\"contentUrl\":\"https:\/\/secure.gravatar.com\/avatar\/06e2fd9f68a0c19cd669ddc183de83489acab601aa57958e0f60175e5013e6b7?s=96&d=mm&r=g\",\"caption\":\"dgarcia\"},\"url\":\"https:\/\/dev.explora.cl\/rmnorte\/author\/dgarcia\/\"}]}<\/script>\n<!-- \/ Yoast SEO plugin. -->","yoast_head_json":{"title":"\u201cSer mujer u hombre no significa mejor o peor desempe\u00f1o en ninguna actividad, todas las personas somos capaces\u201d dijo la Dra. Ulrike Kemmerling - RM Norte","robots":{"index":"index","follow":"follow","max-snippet":"max-snippet:-1","max-image-preview":"max-image-preview:large","max-video-preview":"max-video-preview:-1"},"canonical":"https:\/\/dev.explora.cl\/rmnorte\/ser-mujer-u-hombre-no-significa-mejor-o-peor-desempeno-en-ninguna-actividad-todas-las-personas-somos-capaces-dijo-la-dra-ulrike-kemmerling-2\/","og_locale":"es_ES","og_type":"article","og_title":"\u201cSer mujer u hombre no significa mejor o peor desempe\u00f1o en ninguna actividad, todas las personas somos capaces\u201d dijo la Dra. Ulrike Kemmerling - RM Norte","og_description":"\u201cCient\u00edficas sin fronteras\u201d fue el nombre del conversatorio que reuni\u00f3 a tres investigadoras participantes de la iniciativa \u201cIgualmente Sabias\u201d, organizada por el Proyecto Explora Regi\u00f3n Metropolitana Norte del Ministerio de Ciencia. La actividad busca inspirar y motivar a m\u00e1s ni\u00f1as, j\u00f3venes y mujeres a acercarse a las ciencias y cerrar la brecha de g\u00e9nero en estas \u00e1reas. \u00a0","og_url":"https:\/\/dev.explora.cl\/rmnorte\/ser-mujer-u-hombre-no-significa-mejor-o-peor-desempeno-en-ninguna-actividad-todas-las-personas-somos-capaces-dijo-la-dra-ulrike-kemmerling-2\/","og_site_name":"RM Norte","article_published_time":"2021-12-28T18:59:07+00:00","article_modified_time":"2022-01-18T13:52:08+00:00","og_image":[{"width":800,"height":440,"url":"https:\/\/dev.explora.cl\/rmnorte\/wp-content\/uploads\/sites\/11\/2021\/12\/w.png","type":"image\/png"}],"author":"dgarcia","twitter_card":"summary_large_image","twitter_misc":{"Escrito por":"dgarcia","Tiempo estimado de lectura":"3 minutos"},"schema":{"@context":"https:\/\/schema.org","@graph":[{"@type":"Article","@id":"https:\/\/dev.explora.cl\/rmnorte\/ser-mujer-u-hombre-no-significa-mejor-o-peor-desempeno-en-ninguna-actividad-todas-las-personas-somos-capaces-dijo-la-dra-ulrike-kemmerling-2\/#article","isPartOf":{"@id":"https:\/\/dev.explora.cl\/rmnorte\/ser-mujer-u-hombre-no-significa-mejor-o-peor-desempeno-en-ninguna-actividad-todas-las-personas-somos-capaces-dijo-la-dra-ulrike-kemmerling-2\/"},"author":{"name":"dgarcia","@id":"https:\/\/dev.explora.cl\/rmnorte\/#\/schema\/person\/4ad985b29a183eab4170892260e133a5"},"headline":"\u201cSer mujer u hombre no significa mejor o peor desempe\u00f1o en ninguna actividad, todas las personas somos capaces\u201d dijo la Dra. Ulrike Kemmerling","datePublished":"2021-12-28T18:59:07+00:00","dateModified":"2022-01-18T13:52:08+00:00","mainEntityOfPage":{"@id":"https:\/\/dev.explora.cl\/rmnorte\/ser-mujer-u-hombre-no-significa-mejor-o-peor-desempeno-en-ninguna-actividad-todas-las-personas-somos-capaces-dijo-la-dra-ulrike-kemmerling-2\/"},"wordCount":694,"commentCount":0,"image":{"@id":"https:\/\/dev.explora.cl\/rmnorte\/ser-mujer-u-hombre-no-significa-mejor-o-peor-desempeno-en-ninguna-actividad-todas-las-personas-somos-capaces-dijo-la-dra-ulrike-kemmerling-2\/#primaryimage"},"thumbnailUrl":"https:\/\/dev.explora.cl\/rmnorte\/wp-content\/uploads\/sites\/11\/2021\/12\/w.png","articleSection":["Lugar 8"],"inLanguage":"es-CL","potentialAction":[{"@type":"CommentAction","name":"Comment","target":["https:\/\/dev.explora.cl\/rmnorte\/ser-mujer-u-hombre-no-significa-mejor-o-peor-desempeno-en-ninguna-actividad-todas-las-personas-somos-capaces-dijo-la-dra-ulrike-kemmerling-2\/#respond"]}]},{"@type":"WebPage","@id":"https:\/\/dev.explora.cl\/rmnorte\/ser-mujer-u-hombre-no-significa-mejor-o-peor-desempeno-en-ninguna-actividad-todas-las-personas-somos-capaces-dijo-la-dra-ulrike-kemmerling-2\/","url":"https:\/\/dev.explora.cl\/rmnorte\/ser-mujer-u-hombre-no-significa-mejor-o-peor-desempeno-en-ninguna-actividad-todas-las-personas-somos-capaces-dijo-la-dra-ulrike-kemmerling-2\/","name":"\u201cSer mujer u hombre no significa mejor o peor desempe\u00f1o en ninguna actividad, todas las personas somos capaces\u201d dijo la Dra. Ulrike Kemmerling - RM Norte","isPartOf":{"@id":"https:\/\/dev.explora.cl\/rmnorte\/#website"},"primaryImageOfPage":{"@id":"https:\/\/dev.explora.cl\/rmnorte\/ser-mujer-u-hombre-no-significa-mejor-o-peor-desempeno-en-ninguna-actividad-todas-las-personas-somos-capaces-dijo-la-dra-ulrike-kemmerling-2\/#primaryimage"},"image":{"@id":"https:\/\/dev.explora.cl\/rmnorte\/ser-mujer-u-hombre-no-significa-mejor-o-peor-desempeno-en-ninguna-actividad-todas-las-personas-somos-capaces-dijo-la-dra-ulrike-kemmerling-2\/#primaryimage"},"thumbnailUrl":"https:\/\/dev.explora.cl\/rmnorte\/wp-content\/uploads\/sites\/11\/2021\/12\/w.png","datePublished":"2021-12-28T18:59:07+00:00","dateModified":"2022-01-18T13:52:08+00:00","author":{"@id":"https:\/\/dev.explora.cl\/rmnorte\/#\/schema\/person\/4ad985b29a183eab4170892260e133a5"},"breadcrumb":{"@id":"https:\/\/dev.explora.cl\/rmnorte\/ser-mujer-u-hombre-no-significa-mejor-o-peor-desempeno-en-ninguna-actividad-todas-las-personas-somos-capaces-dijo-la-dra-ulrike-kemmerling-2\/#breadcrumb"},"inLanguage":"es-CL","potentialAction":[{"@type":"ReadAction","target":["https:\/\/dev.explora.cl\/rmnorte\/ser-mujer-u-hombre-no-significa-mejor-o-peor-desempeno-en-ninguna-actividad-todas-las-personas-somos-capaces-dijo-la-dra-ulrike-kemmerling-2\/"]}]},{"@type":"ImageObject","inLanguage":"es-CL","@id":"https:\/\/dev.explora.cl\/rmnorte\/ser-mujer-u-hombre-no-significa-mejor-o-peor-desempeno-en-ninguna-actividad-todas-las-personas-somos-capaces-dijo-la-dra-ulrike-kemmerling-2\/#primaryimage","url":"https:\/\/dev.explora.cl\/rmnorte\/wp-content\/uploads\/sites\/11\/2021\/12\/w.png","contentUrl":"https:\/\/dev.explora.cl\/rmnorte\/wp-content\/uploads\/sites\/11\/2021\/12\/w.png","width":800,"height":440},{"@type":"BreadcrumbList","@id":"https:\/\/dev.explora.cl\/rmnorte\/ser-mujer-u-hombre-no-significa-mejor-o-peor-desempeno-en-ninguna-actividad-todas-las-personas-somos-capaces-dijo-la-dra-ulrike-kemmerling-2\/#breadcrumb","itemListElement":[{"@type":"ListItem","position":1,"name":"Portada","item":"https:\/\/dev.explora.cl\/rmnorte\/"},{"@type":"ListItem","position":2,"name":"\u201cSer mujer u hombre no significa mejor o peor desempe\u00f1o en ninguna actividad, todas las personas somos capaces\u201d dijo la Dra. Ulrike Kemmerling"}]},{"@type":"WebSite","@id":"https:\/\/dev.explora.cl\/rmnorte\/#website","url":"https:\/\/dev.explora.cl\/rmnorte\/","name":"RM Norte","description":"RM Norte dev.explora.cl","potentialAction":[{"@type":"SearchAction","target":{"@type":"EntryPoint","urlTemplate":"https:\/\/dev.explora.cl\/rmnorte\/?s={search_term_string}"},"query-input":{"@type":"PropertyValueSpecification","valueRequired":true,"valueName":"search_term_string"}}],"inLanguage":"es-CL"},{"@type":"Person","@id":"https:\/\/dev.explora.cl\/rmnorte\/#\/schema\/person\/4ad985b29a183eab4170892260e133a5","name":"dgarcia","image":{"@type":"ImageObject","inLanguage":"es-CL","@id":"https:\/\/dev.explora.cl\/rmnorte\/#\/schema\/person\/image\/","url":"https:\/\/secure.gravatar.com\/avatar\/06e2fd9f68a0c19cd669ddc183de83489acab601aa57958e0f60175e5013e6b7?s=96&d=mm&r=g","contentUrl":"https:\/\/secure.gravatar.com\/avatar\/06e2fd9f68a0c19cd669ddc183de83489acab601aa57958e0f60175e5013e6b7?s=96&d=mm&r=g","caption":"dgarcia"},"url":"https:\/\/dev.explora.cl\/rmnorte\/author\/dgarcia\/"}]}},"_links":{"self":[{"href":"https:\/\/dev.explora.cl\/rmnorte\/wp-json\/wp\/v2\/posts\/41083","targetHints":{"allow":["GET"]}}],"collection":[{"href":"https:\/\/dev.explora.cl\/rmnorte\/wp-json\/wp\/v2\/posts"}],"about":[{"href":"https:\/\/dev.explora.cl\/rmnorte\/wp-json\/wp\/v2\/types\/post"}],"author":[{"embeddable":true,"href":"https:\/\/dev.explora.cl\/rmnorte\/wp-json\/wp\/v2\/users\/26"}],"replies":[{"embeddable":true,"href":"https:\/\/dev.explora.cl\/rmnorte\/wp-json\/wp\/v2\/comments?post=41083"}],"version-history":[{"count":1,"href":"https:\/\/dev.explora.cl\/rmnorte\/wp-json\/wp\/v2\/posts\/41083\/revisions"}],"predecessor-version":[{"id":41086,"href":"https:\/\/dev.explora.cl\/rmnorte\/wp-json\/wp\/v2\/posts\/41083\/revisions\/41086"}],"wp:featuredmedia":[{"embeddable":true,"href":"https:\/\/dev.explora.cl\/rmnorte\/wp-json\/wp\/v2\/media\/41087"}],"wp:attachment":[{"href":"https:\/\/dev.explora.cl\/rmnorte\/wp-json\/wp\/v2\/media?parent=41083"}],"wp:term":[{"taxonomy":"category","embeddable":true,"href":"https:\/\/dev.explora.cl\/rmnorte\/wp-json\/wp\/v2\/categories?post=41083"},{"taxonomy":"post_tag","embeddable":true,"href":"https:\/\/dev.explora.cl\/rmnorte\/wp-json\/wp\/v2\/tags?post=41083"}],"curies":[{"name":"wp","href":"https:\/\/api.w.org\/{rel}","templated":true}]}}