{"id":40937,"date":"2021-10-20T09:16:46","date_gmt":"2021-10-20T12:16:46","guid":{"rendered":"https:\/\/dev.explora.cl\/rmnorte\/?p=40937"},"modified":"2021-11-02T14:31:56","modified_gmt":"2021-11-02T17:31:56","slug":"cybereureka-el-21-de-octubre-inician-las-actividades-de-la-segunda-version-del-programa-de-tv-digital-abierto-a-todo-el-pais","status":"publish","type":"post","link":"https:\/\/dev.explora.cl\/rmnorte\/cybereureka-el-21-de-octubre-inician-las-actividades-de-la-segunda-version-del-programa-de-tv-digital-abierto-a-todo-el-pais\/","title":{"rendered":"\u00a1CyberEureka! El 21 de octubre inician las actividades de la segunda versi\u00f3n del programa de TV digital abierto a todo el pa\u00eds"},"content":{"rendered":"<h3><strong><em>En el marco del Festival de la Ciencia del Proyecto Explora de La Regi\u00f3n Metropolitana Norte del Ministerio de Ciencia, el pr\u00f3ximo 21 de octubre se realizar\u00e1 el programa de televisi\u00f3n en vivo \u201cCyberEureka\u201d actividad que busca acercar la ciencia a grande y peque\u00f1os.<\/em><\/strong><\/h3>\n<p><strong>CyberEureka<\/strong> es un programa de TV digital, que por segundo a\u00f1o consecutivo invita a la comunidad a participar en diversas actividades cient\u00edficas, tecnol\u00f3gicas, tal como charlas, conversatorios y un taller te\u00f3rico pr\u00e1ctico, con el objetivo es despertar y celebrar la curiosidad, propia del mundo cient\u00edfico. <strong>CyberEureka <\/strong>cuenta adem\u00e1s con estudio de Zoom 360, para sorprender a los conectados en las actividades.<\/p>\n<p>Desde las 18 a 21 horas el d\u00eda 21 de octubre CyberEureka, presentar\u00e1 4 charlas, un conversatorio y un taller a cargo de destacados investigadores nacionales. La primera charla ser\u00e1 a las 18:30 horas y la dictar\u00e1 la doctora Claudia Ortiz Calder\u00f3n de la Universidad de Santiago de Chile (USACH), en el espacio CuriosasMENTES, con el tema \u201c<strong>Innovaci\u00f3n<\/strong>\u201d.<\/p>\n<p>La Dra. Claudia Ortiz Calder\u00f3n es acad\u00e9mica de la USACH y es reconocida por su trabajo con algas y la creaci\u00f3n de biofiltros para mejorar la calidad de aguas y recuperar el cobre residual. Ella coment\u00f3 que estas actividades son importantes porque \u201c<strong><em>la actividad cient\u00edfica es\u00a0un agente de cambio y de bienestar social\u201d <\/em><\/strong>por esta raz\u00f3n, asegura que es necesario darle importancia y encantar a las\/os j\u00f3venes para que tomen el camino de la ciencia.<\/p>\n<p>Para despertar el inter\u00e9s en la ciencia, la Dra. Ortiz coment\u00f3 que el desaf\u00edo est\u00e1 en encontrar un lenguaje adecuado, para que el mensaje sea claro y eficaz \u201cno hablar en cet\u00e1ceo\u201d, concluy\u00f3. Principio que justamente el Festival de la Ciencia invita a realizar.<\/p>\n<p>A las 18:40 horas comenzar\u00e1 la presentaci\u00f3n de Nicol\u00e1s Fern\u00e1ndez, director de Fundaci\u00f3n Encuentros del Futuro, con el tema \u201cConocimiento\u201d. Posteriormente a las 19:05 a 19:20 horas le seguir\u00e1 el taller Divertiquim: \u00a1Celebremos la curiosidad!<\/p>\n<p>La Dra. Marisol G\u00f3mez junto al Dr. Iv\u00e1n Mart\u00ednez D\u00edaz, ambos de la Universidad Bernardo O\u2019Higgins dictar\u00e1n el <strong>taller Divertiquim<\/strong>, donde destaca la curiosidad que genera entre los participantes. La Dra. Marisol G\u00f3mez, quien adem\u00e1s es jefa del Centro Integrativo de Biolog\u00eda y Qu\u00edmica Aplicada (CIBQA) coment\u00f3: \u201c<strong><em>Este taller logra que las familias se encanten y asombren con experimentos sencillos que pueden replicar en sus casas<\/em><\/strong>\u201d.<\/p>\n<p><img loading=\"lazy\" decoding=\"async\" class=\"wp-image-40939 alignleft\" src=\"https:\/\/dev.explora.cl\/rmnorte\/wp-content\/uploads\/sites\/11\/2021\/10\/IMG_3435.jpg\" alt=\"\" width=\"378\" height=\"252\" srcset=\"https:\/\/dev.explora.cl\/rmnorte\/wp-content\/uploads\/sites\/11\/2021\/10\/IMG_3435.jpg 5184w, https:\/\/dev.explora.cl\/rmnorte\/wp-content\/uploads\/sites\/11\/2021\/10\/IMG_3435-300x200.jpg 300w, https:\/\/dev.explora.cl\/rmnorte\/wp-content\/uploads\/sites\/11\/2021\/10\/IMG_3435-768x512.jpg 768w, https:\/\/dev.explora.cl\/rmnorte\/wp-content\/uploads\/sites\/11\/2021\/10\/IMG_3435-1024x683.jpg 1024w\" sizes=\"auto, (max-width: 378px) 100vw, 378px\" \/><\/p>\n<p>Para la Dra. Marisol G\u00f3mez, la divulgaci\u00f3n cient\u00edfica es el mecanismo que permite acercar e informar a la comunidad respecto a las ciencias, logrando despertar la curiosidad y motivaci\u00f3n y siendo el punto de partida para el proceso de aprendizaje. Justamente, por esa raz\u00f3n invita a toda la comunidad a participar en el Taller y de las otras actividades organizadas en CyberEureka.<\/p>\n<p>A las 19:25 en otra charla de CuriosasMENTES, el Dr. Marcelo Lagos abordar\u00e1 el tema \u201cCiencia\u201d que explicar\u00e1 mejor el mundo atr\u00e1s del trabajo cient\u00edfico en el pa\u00eds. De 19:45 a 20:30 horas se realizar\u00e1 un interesante conversatorio sobre \u201c<strong>Agentes de Cambio: Tecnolog\u00edas e Innovaci\u00f3n Hecho En Chile<\/strong>\u201d. Donde participar\u00e1 Camila C\u00e1rdenas, Directora de Operaciones Yaku; Benjam\u00edn Maturana, Jefe de Operaciones de Pol\u00edticas P\u00fablicas; Cristina Acu\u00f1a, Coordinadora General de Idea-Tec; y Javier Morales, Director de CENDHY e Investigador ACCDIS.<\/p>\n<p>Morales, en relaci\u00f3n a su presentaci\u00f3n destac\u00f3 que el pa\u00eds es l\u00edder en Latinoam\u00e9rica en tecnolog\u00eda e innovaci\u00f3n. \u201c<strong>Desacuerdo a la Organizaci\u00f3n Mundial de Propiedad Intelectual, Chile es el n\u00famero uno en Latinoam\u00e9rica y 53 a nivel mundial en el \u00edndice Global de Innovaci\u00f3n. Este es un indicador global donde Chile destaca en aspectos regulatorios, el impacto del conocimiento, capacitaci\u00f3n de los trabajadores y el uso de la propiedad intelectual<\/strong>\u201d coment\u00f3 el investigador de ACCDIS.<\/p>\n<p>El Dr. Javier Morales aprovech\u00f3 la oportunidad para recordar que instancias como CyberEureka son fundamentes para que toda la comunidad, y con un \u00e9nfasis en los m\u00e1s j\u00f3venes, puedan interiorizarse de los aspectos relevantes para el avance cient\u00edfico y tecnol\u00f3gico. Adem\u00e1s, dijo, \u201c<strong><em>los aspectos relativos a la innovaci\u00f3n no se atienden de manera espec\u00edfica por lo general, entonces, sesiones con un foco en esto tienen a\u00fan m\u00e1s valor para la sociedad<\/em><\/strong>\u201d.<\/p>\n<p><strong>CyberEureka<\/strong> concluir\u00e1 nada menos con la charla sobre Tecnolog\u00eda a cargo de la Dra. Barbara Poblete a las 20:35 en adelante. Ella es ingeniera y doctora en Computaci\u00f3n del Departamento de Computaci\u00f3n de la Universidad de Chile.<\/p>\n<p><img loading=\"lazy\" decoding=\"async\" class=\"wp-image-40940 alignleft\" src=\"https:\/\/dev.explora.cl\/rmnorte\/wp-content\/uploads\/sites\/11\/2021\/10\/IMG_2627.jpg\" alt=\"\" width=\"387\" height=\"258\" srcset=\"https:\/\/dev.explora.cl\/rmnorte\/wp-content\/uploads\/sites\/11\/2021\/10\/IMG_2627.jpg 5184w, https:\/\/dev.explora.cl\/rmnorte\/wp-content\/uploads\/sites\/11\/2021\/10\/IMG_2627-300x200.jpg 300w, https:\/\/dev.explora.cl\/rmnorte\/wp-content\/uploads\/sites\/11\/2021\/10\/IMG_2627-768x512.jpg 768w, https:\/\/dev.explora.cl\/rmnorte\/wp-content\/uploads\/sites\/11\/2021\/10\/IMG_2627-1024x683.jpg 1024w\" sizes=\"auto, (max-width: 387px) 100vw, 387px\" \/><\/p>\n<p>Para finalizar, el Dr. Mario Chiong, director de Explora RM Norte e investigador ACCDIS invit\u00f3 a toda la comunidad a ser parte de esta celebraci\u00f3n, que re\u00fane a grandes cient\u00edficos y a la sociedad en un solo lugar, ya que siendo parte del p\u00fablico virtual las personas podr\u00e1n hacer preguntas e interactuar con los investigadores y participar en la serie de concursos que se realizar\u00e1n durante el evento.<\/p>\n<p>Cabe recordar que, Explora RM Norte, es un proyecto asociativo liderado por la Universidad de Chile a trav\u00e9s de la Facultad de Ciencias Qu\u00edmicas y Farmac\u00e9uticas y su unidad ejecutora es el Centro Avanzado de Enfermedades Cr\u00f3nicas (ACCDiS).<\/p>\n<p>Revisa e inscr\u00edbete en las actividades en el siguiente bot\u00f3n:<\/p>\n<p><a href=\"https:\/\/eureka-feci.cl\/\"><img loading=\"lazy\" decoding=\"async\" class=\"wp-image-40941 aligncenter\" src=\"https:\/\/dev.explora.cl\/rmnorte\/wp-content\/uploads\/sites\/11\/2021\/10\/Boton_Feci.png\" alt=\"\" width=\"278\" height=\"114\" srcset=\"https:\/\/dev.explora.cl\/rmnorte\/wp-content\/uploads\/sites\/11\/2021\/10\/Boton_Feci.png 3034w, https:\/\/dev.explora.cl\/rmnorte\/wp-content\/uploads\/sites\/11\/2021\/10\/Boton_Feci-300x123.png 300w, https:\/\/dev.explora.cl\/rmnorte\/wp-content\/uploads\/sites\/11\/2021\/10\/Boton_Feci-768x315.png 768w, https:\/\/dev.explora.cl\/rmnorte\/wp-content\/uploads\/sites\/11\/2021\/10\/Boton_Feci-1024x421.png 1024w\" sizes=\"auto, (max-width: 278px) 100vw, 278px\" \/><\/a><\/p>\n","protected":false},"excerpt":{"rendered":"<p>En el marco del Festival de la Ciencia del Proyecto Explora de La Regi\u00f3n Metropolitana Norte del Ministerio de Ciencia, el pr\u00f3ximo 21 de octubre se realizar\u00e1 el programa de televisi\u00f3n en vivo \u201cCyberEureka\u201d actividad que busca acercar la ciencia a grande y peque\u00f1os.<\/p>\n","protected":false},"author":26,"featured_media":40938,"comment_status":"open","ping_status":"open","sticky":false,"template":"","format":"standard","meta":{"_acf_changed":false,"_exactmetrics_skip_tracking":false,"_exactmetrics_sitenote_active":false,"_exactmetrics_sitenote_note":"","_exactmetrics_sitenote_category":0,"footnotes":"","_links_to":"","_links_to_target":""},"categories":[4],"tags":[],"class_list":["post-40937","post","type-post","status-publish","format-standard","has-post-thumbnail","hentry","category-noticias"],"acf":[],"yoast_head":"<!-- This site is optimized with the Yoast SEO plugin v26.7 - https:\/\/yoast.com\/wordpress\/plugins\/seo\/ -->\n<title>\u00a1CyberEureka! El 21 de octubre inician las actividades de la segunda versi\u00f3n del programa de TV digital abierto a todo el pa\u00eds - RM Norte<\/title>\n<meta name=\"robots\" content=\"index, follow, max-snippet:-1, max-image-preview:large, max-video-preview:-1\" \/>\n<link rel=\"canonical\" href=\"https:\/\/dev.explora.cl\/rmnorte\/cybereureka-el-21-de-octubre-inician-las-actividades-de-la-segunda-version-del-programa-de-tv-digital-abierto-a-todo-el-pais\/\" class=\"yoast-seo-meta-tag\" \/>\n<meta property=\"og:locale\" content=\"es_ES\" class=\"yoast-seo-meta-tag\" \/>\n<meta property=\"og:type\" content=\"article\" class=\"yoast-seo-meta-tag\" \/>\n<meta property=\"og:title\" content=\"\u00a1CyberEureka! El 21 de octubre inician las actividades de la segunda versi\u00f3n del programa de TV digital abierto a todo el pa\u00eds - RM Norte\" class=\"yoast-seo-meta-tag\" \/>\n<meta property=\"og:description\" content=\"En el marco del Festival de la Ciencia del Proyecto Explora de La Regi\u00f3n Metropolitana Norte del Ministerio de Ciencia, el pr\u00f3ximo 21 de octubre se realizar\u00e1 el programa de televisi\u00f3n en vivo \u201cCyberEureka\u201d actividad que busca acercar la ciencia a grande y peque\u00f1os.\" class=\"yoast-seo-meta-tag\" \/>\n<meta property=\"og:url\" content=\"https:\/\/dev.explora.cl\/rmnorte\/cybereureka-el-21-de-octubre-inician-las-actividades-de-la-segunda-version-del-programa-de-tv-digital-abierto-a-todo-el-pais\/\" class=\"yoast-seo-meta-tag\" \/>\n<meta property=\"og:site_name\" content=\"RM Norte\" class=\"yoast-seo-meta-tag\" \/>\n<meta property=\"article:published_time\" content=\"2021-10-20T12:16:46+00:00\" class=\"yoast-seo-meta-tag\" \/>\n<meta property=\"article:modified_time\" content=\"2021-11-02T17:31:56+00:00\" class=\"yoast-seo-meta-tag\" \/>\n<meta property=\"og:image\" content=\"https:\/\/dev.explora.cl\/rmnorte\/wp-content\/uploads\/sites\/11\/2021\/10\/IMG_2592-1024x683.jpg\" class=\"yoast-seo-meta-tag\" \/>\n\t<meta property=\"og:image:width\" content=\"1024\" class=\"yoast-seo-meta-tag\" \/>\n\t<meta property=\"og:image:height\" content=\"683\" class=\"yoast-seo-meta-tag\" \/>\n\t<meta property=\"og:image:type\" content=\"image\/jpeg\" class=\"yoast-seo-meta-tag\" \/>\n<meta name=\"author\" content=\"dgarcia\" class=\"yoast-seo-meta-tag\" \/>\n<meta name=\"twitter:card\" content=\"summary_large_image\" class=\"yoast-seo-meta-tag\" \/>\n<meta name=\"twitter:label1\" content=\"Escrito por\" class=\"yoast-seo-meta-tag\" \/>\n\t<meta name=\"twitter:data1\" content=\"dgarcia\" class=\"yoast-seo-meta-tag\" \/>\n\t<meta name=\"twitter:label2\" content=\"Tiempo estimado de lectura\" class=\"yoast-seo-meta-tag\" \/>\n\t<meta name=\"twitter:data2\" content=\"4 minutos\" class=\"yoast-seo-meta-tag\" \/>\n<script type=\"application\/ld+json\" class=\"yoast-schema-graph\">{\"@context\":\"https:\/\/schema.org\",\"@graph\":[{\"@type\":\"Article\",\"@id\":\"https:\/\/dev.explora.cl\/rmnorte\/cybereureka-el-21-de-octubre-inician-las-actividades-de-la-segunda-version-del-programa-de-tv-digital-abierto-a-todo-el-pais\/#article\",\"isPartOf\":{\"@id\":\"https:\/\/dev.explora.cl\/rmnorte\/cybereureka-el-21-de-octubre-inician-las-actividades-de-la-segunda-version-del-programa-de-tv-digital-abierto-a-todo-el-pais\/\"},\"author\":{\"name\":\"dgarcia\",\"@id\":\"https:\/\/dev.explora.cl\/rmnorte\/#\/schema\/person\/4ad985b29a183eab4170892260e133a5\"},\"headline\":\"\u00a1CyberEureka! El 21 de octubre inician las actividades de la segunda versi\u00f3n del programa de TV digital abierto a todo el pa\u00eds\",\"datePublished\":\"2021-10-20T12:16:46+00:00\",\"dateModified\":\"2021-11-02T17:31:56+00:00\",\"mainEntityOfPage\":{\"@id\":\"https:\/\/dev.explora.cl\/rmnorte\/cybereureka-el-21-de-octubre-inician-las-actividades-de-la-segunda-version-del-programa-de-tv-digital-abierto-a-todo-el-pais\/\"},\"wordCount\":921,\"commentCount\":0,\"image\":{\"@id\":\"https:\/\/dev.explora.cl\/rmnorte\/cybereureka-el-21-de-octubre-inician-las-actividades-de-la-segunda-version-del-programa-de-tv-digital-abierto-a-todo-el-pais\/#primaryimage\"},\"thumbnailUrl\":\"https:\/\/dev.explora.cl\/rmnorte\/wp-content\/uploads\/sites\/11\/2021\/10\/IMG_2592.jpg\",\"articleSection\":[\"Noticias\"],\"inLanguage\":\"es-CL\",\"potentialAction\":[{\"@type\":\"CommentAction\",\"name\":\"Comment\",\"target\":[\"https:\/\/dev.explora.cl\/rmnorte\/cybereureka-el-21-de-octubre-inician-las-actividades-de-la-segunda-version-del-programa-de-tv-digital-abierto-a-todo-el-pais\/#respond\"]}]},{\"@type\":\"WebPage\",\"@id\":\"https:\/\/dev.explora.cl\/rmnorte\/cybereureka-el-21-de-octubre-inician-las-actividades-de-la-segunda-version-del-programa-de-tv-digital-abierto-a-todo-el-pais\/\",\"url\":\"https:\/\/dev.explora.cl\/rmnorte\/cybereureka-el-21-de-octubre-inician-las-actividades-de-la-segunda-version-del-programa-de-tv-digital-abierto-a-todo-el-pais\/\",\"name\":\"\u00a1CyberEureka! El 21 de octubre inician las actividades de la segunda versi\u00f3n del programa de TV digital abierto a todo el pa\u00eds - RM Norte\",\"isPartOf\":{\"@id\":\"https:\/\/dev.explora.cl\/rmnorte\/#website\"},\"primaryImageOfPage\":{\"@id\":\"https:\/\/dev.explora.cl\/rmnorte\/cybereureka-el-21-de-octubre-inician-las-actividades-de-la-segunda-version-del-programa-de-tv-digital-abierto-a-todo-el-pais\/#primaryimage\"},\"image\":{\"@id\":\"https:\/\/dev.explora.cl\/rmnorte\/cybereureka-el-21-de-octubre-inician-las-actividades-de-la-segunda-version-del-programa-de-tv-digital-abierto-a-todo-el-pais\/#primaryimage\"},\"thumbnailUrl\":\"https:\/\/dev.explora.cl\/rmnorte\/wp-content\/uploads\/sites\/11\/2021\/10\/IMG_2592.jpg\",\"datePublished\":\"2021-10-20T12:16:46+00:00\",\"dateModified\":\"2021-11-02T17:31:56+00:00\",\"author\":{\"@id\":\"https:\/\/dev.explora.cl\/rmnorte\/#\/schema\/person\/4ad985b29a183eab4170892260e133a5\"},\"breadcrumb\":{\"@id\":\"https:\/\/dev.explora.cl\/rmnorte\/cybereureka-el-21-de-octubre-inician-las-actividades-de-la-segunda-version-del-programa-de-tv-digital-abierto-a-todo-el-pais\/#breadcrumb\"},\"inLanguage\":\"es-CL\",\"potentialAction\":[{\"@type\":\"ReadAction\",\"target\":[\"https:\/\/dev.explora.cl\/rmnorte\/cybereureka-el-21-de-octubre-inician-las-actividades-de-la-segunda-version-del-programa-de-tv-digital-abierto-a-todo-el-pais\/\"]}]},{\"@type\":\"ImageObject\",\"inLanguage\":\"es-CL\",\"@id\":\"https:\/\/dev.explora.cl\/rmnorte\/cybereureka-el-21-de-octubre-inician-las-actividades-de-la-segunda-version-del-programa-de-tv-digital-abierto-a-todo-el-pais\/#primaryimage\",\"url\":\"https:\/\/dev.explora.cl\/rmnorte\/wp-content\/uploads\/sites\/11\/2021\/10\/IMG_2592.jpg\",\"contentUrl\":\"https:\/\/dev.explora.cl\/rmnorte\/wp-content\/uploads\/sites\/11\/2021\/10\/IMG_2592.jpg\",\"width\":5184,\"height\":3456},{\"@type\":\"BreadcrumbList\",\"@id\":\"https:\/\/dev.explora.cl\/rmnorte\/cybereureka-el-21-de-octubre-inician-las-actividades-de-la-segunda-version-del-programa-de-tv-digital-abierto-a-todo-el-pais\/#breadcrumb\",\"itemListElement\":[{\"@type\":\"ListItem\",\"position\":1,\"name\":\"Portada\",\"item\":\"https:\/\/dev.explora.cl\/rmnorte\/\"},{\"@type\":\"ListItem\",\"position\":2,\"name\":\"\u00a1CyberEureka! El 21 de octubre inician las actividades de la segunda versi\u00f3n del programa de TV digital abierto a todo el pa\u00eds\"}]},{\"@type\":\"WebSite\",\"@id\":\"https:\/\/dev.explora.cl\/rmnorte\/#website\",\"url\":\"https:\/\/dev.explora.cl\/rmnorte\/\",\"name\":\"RM Norte\",\"description\":\"RM Norte dev.explora.cl\",\"potentialAction\":[{\"@type\":\"SearchAction\",\"target\":{\"@type\":\"EntryPoint\",\"urlTemplate\":\"https:\/\/dev.explora.cl\/rmnorte\/?s={search_term_string}\"},\"query-input\":{\"@type\":\"PropertyValueSpecification\",\"valueRequired\":true,\"valueName\":\"search_term_string\"}}],\"inLanguage\":\"es-CL\"},{\"@type\":\"Person\",\"@id\":\"https:\/\/dev.explora.cl\/rmnorte\/#\/schema\/person\/4ad985b29a183eab4170892260e133a5\",\"name\":\"dgarcia\",\"image\":{\"@type\":\"ImageObject\",\"inLanguage\":\"es-CL\",\"@id\":\"https:\/\/dev.explora.cl\/rmnorte\/#\/schema\/person\/image\/\",\"url\":\"https:\/\/secure.gravatar.com\/avatar\/06e2fd9f68a0c19cd669ddc183de83489acab601aa57958e0f60175e5013e6b7?s=96&d=mm&r=g\",\"contentUrl\":\"https:\/\/secure.gravatar.com\/avatar\/06e2fd9f68a0c19cd669ddc183de83489acab601aa57958e0f60175e5013e6b7?s=96&d=mm&r=g\",\"caption\":\"dgarcia\"},\"url\":\"https:\/\/dev.explora.cl\/rmnorte\/author\/dgarcia\/\"}]}<\/script>\n<!-- \/ Yoast SEO plugin. -->","yoast_head_json":{"title":"\u00a1CyberEureka! El 21 de octubre inician las actividades de la segunda versi\u00f3n del programa de TV digital abierto a todo el pa\u00eds - RM Norte","robots":{"index":"index","follow":"follow","max-snippet":"max-snippet:-1","max-image-preview":"max-image-preview:large","max-video-preview":"max-video-preview:-1"},"canonical":"https:\/\/dev.explora.cl\/rmnorte\/cybereureka-el-21-de-octubre-inician-las-actividades-de-la-segunda-version-del-programa-de-tv-digital-abierto-a-todo-el-pais\/","og_locale":"es_ES","og_type":"article","og_title":"\u00a1CyberEureka! El 21 de octubre inician las actividades de la segunda versi\u00f3n del programa de TV digital abierto a todo el pa\u00eds - RM Norte","og_description":"En el marco del Festival de la Ciencia del Proyecto Explora de La Regi\u00f3n Metropolitana Norte del Ministerio de Ciencia, el pr\u00f3ximo 21 de octubre se realizar\u00e1 el programa de televisi\u00f3n en vivo \u201cCyberEureka\u201d actividad que busca acercar la ciencia a grande y peque\u00f1os.","og_url":"https:\/\/dev.explora.cl\/rmnorte\/cybereureka-el-21-de-octubre-inician-las-actividades-de-la-segunda-version-del-programa-de-tv-digital-abierto-a-todo-el-pais\/","og_site_name":"RM Norte","article_published_time":"2021-10-20T12:16:46+00:00","article_modified_time":"2021-11-02T17:31:56+00:00","og_image":[{"width":1024,"height":683,"url":"https:\/\/dev.explora.cl\/rmnorte\/wp-content\/uploads\/sites\/11\/2021\/10\/IMG_2592-1024x683.jpg","type":"image\/jpeg"}],"author":"dgarcia","twitter_card":"summary_large_image","twitter_misc":{"Escrito por":"dgarcia","Tiempo estimado de lectura":"4 minutos"},"schema":{"@context":"https:\/\/schema.org","@graph":[{"@type":"Article","@id":"https:\/\/dev.explora.cl\/rmnorte\/cybereureka-el-21-de-octubre-inician-las-actividades-de-la-segunda-version-del-programa-de-tv-digital-abierto-a-todo-el-pais\/#article","isPartOf":{"@id":"https:\/\/dev.explora.cl\/rmnorte\/cybereureka-el-21-de-octubre-inician-las-actividades-de-la-segunda-version-del-programa-de-tv-digital-abierto-a-todo-el-pais\/"},"author":{"name":"dgarcia","@id":"https:\/\/dev.explora.cl\/rmnorte\/#\/schema\/person\/4ad985b29a183eab4170892260e133a5"},"headline":"\u00a1CyberEureka! El 21 de octubre inician las actividades de la segunda versi\u00f3n del programa de TV digital abierto a todo el pa\u00eds","datePublished":"2021-10-20T12:16:46+00:00","dateModified":"2021-11-02T17:31:56+00:00","mainEntityOfPage":{"@id":"https:\/\/dev.explora.cl\/rmnorte\/cybereureka-el-21-de-octubre-inician-las-actividades-de-la-segunda-version-del-programa-de-tv-digital-abierto-a-todo-el-pais\/"},"wordCount":921,"commentCount":0,"image":{"@id":"https:\/\/dev.explora.cl\/rmnorte\/cybereureka-el-21-de-octubre-inician-las-actividades-de-la-segunda-version-del-programa-de-tv-digital-abierto-a-todo-el-pais\/#primaryimage"},"thumbnailUrl":"https:\/\/dev.explora.cl\/rmnorte\/wp-content\/uploads\/sites\/11\/2021\/10\/IMG_2592.jpg","articleSection":["Noticias"],"inLanguage":"es-CL","potentialAction":[{"@type":"CommentAction","name":"Comment","target":["https:\/\/dev.explora.cl\/rmnorte\/cybereureka-el-21-de-octubre-inician-las-actividades-de-la-segunda-version-del-programa-de-tv-digital-abierto-a-todo-el-pais\/#respond"]}]},{"@type":"WebPage","@id":"https:\/\/dev.explora.cl\/rmnorte\/cybereureka-el-21-de-octubre-inician-las-actividades-de-la-segunda-version-del-programa-de-tv-digital-abierto-a-todo-el-pais\/","url":"https:\/\/dev.explora.cl\/rmnorte\/cybereureka-el-21-de-octubre-inician-las-actividades-de-la-segunda-version-del-programa-de-tv-digital-abierto-a-todo-el-pais\/","name":"\u00a1CyberEureka! El 21 de octubre inician las actividades de la segunda versi\u00f3n del programa de TV digital abierto a todo el pa\u00eds - RM Norte","isPartOf":{"@id":"https:\/\/dev.explora.cl\/rmnorte\/#website"},"primaryImageOfPage":{"@id":"https:\/\/dev.explora.cl\/rmnorte\/cybereureka-el-21-de-octubre-inician-las-actividades-de-la-segunda-version-del-programa-de-tv-digital-abierto-a-todo-el-pais\/#primaryimage"},"image":{"@id":"https:\/\/dev.explora.cl\/rmnorte\/cybereureka-el-21-de-octubre-inician-las-actividades-de-la-segunda-version-del-programa-de-tv-digital-abierto-a-todo-el-pais\/#primaryimage"},"thumbnailUrl":"https:\/\/dev.explora.cl\/rmnorte\/wp-content\/uploads\/sites\/11\/2021\/10\/IMG_2592.jpg","datePublished":"2021-10-20T12:16:46+00:00","dateModified":"2021-11-02T17:31:56+00:00","author":{"@id":"https:\/\/dev.explora.cl\/rmnorte\/#\/schema\/person\/4ad985b29a183eab4170892260e133a5"},"breadcrumb":{"@id":"https:\/\/dev.explora.cl\/rmnorte\/cybereureka-el-21-de-octubre-inician-las-actividades-de-la-segunda-version-del-programa-de-tv-digital-abierto-a-todo-el-pais\/#breadcrumb"},"inLanguage":"es-CL","potentialAction":[{"@type":"ReadAction","target":["https:\/\/dev.explora.cl\/rmnorte\/cybereureka-el-21-de-octubre-inician-las-actividades-de-la-segunda-version-del-programa-de-tv-digital-abierto-a-todo-el-pais\/"]}]},{"@type":"ImageObject","inLanguage":"es-CL","@id":"https:\/\/dev.explora.cl\/rmnorte\/cybereureka-el-21-de-octubre-inician-las-actividades-de-la-segunda-version-del-programa-de-tv-digital-abierto-a-todo-el-pais\/#primaryimage","url":"https:\/\/dev.explora.cl\/rmnorte\/wp-content\/uploads\/sites\/11\/2021\/10\/IMG_2592.jpg","contentUrl":"https:\/\/dev.explora.cl\/rmnorte\/wp-content\/uploads\/sites\/11\/2021\/10\/IMG_2592.jpg","width":5184,"height":3456},{"@type":"BreadcrumbList","@id":"https:\/\/dev.explora.cl\/rmnorte\/cybereureka-el-21-de-octubre-inician-las-actividades-de-la-segunda-version-del-programa-de-tv-digital-abierto-a-todo-el-pais\/#breadcrumb","itemListElement":[{"@type":"ListItem","position":1,"name":"Portada","item":"https:\/\/dev.explora.cl\/rmnorte\/"},{"@type":"ListItem","position":2,"name":"\u00a1CyberEureka! El 21 de octubre inician las actividades de la segunda versi\u00f3n del programa de TV digital abierto a todo el pa\u00eds"}]},{"@type":"WebSite","@id":"https:\/\/dev.explora.cl\/rmnorte\/#website","url":"https:\/\/dev.explora.cl\/rmnorte\/","name":"RM Norte","description":"RM Norte dev.explora.cl","potentialAction":[{"@type":"SearchAction","target":{"@type":"EntryPoint","urlTemplate":"https:\/\/dev.explora.cl\/rmnorte\/?s={search_term_string}"},"query-input":{"@type":"PropertyValueSpecification","valueRequired":true,"valueName":"search_term_string"}}],"inLanguage":"es-CL"},{"@type":"Person","@id":"https:\/\/dev.explora.cl\/rmnorte\/#\/schema\/person\/4ad985b29a183eab4170892260e133a5","name":"dgarcia","image":{"@type":"ImageObject","inLanguage":"es-CL","@id":"https:\/\/dev.explora.cl\/rmnorte\/#\/schema\/person\/image\/","url":"https:\/\/secure.gravatar.com\/avatar\/06e2fd9f68a0c19cd669ddc183de83489acab601aa57958e0f60175e5013e6b7?s=96&d=mm&r=g","contentUrl":"https:\/\/secure.gravatar.com\/avatar\/06e2fd9f68a0c19cd669ddc183de83489acab601aa57958e0f60175e5013e6b7?s=96&d=mm&r=g","caption":"dgarcia"},"url":"https:\/\/dev.explora.cl\/rmnorte\/author\/dgarcia\/"}]}},"_links":{"self":[{"href":"https:\/\/dev.explora.cl\/rmnorte\/wp-json\/wp\/v2\/posts\/40937","targetHints":{"allow":["GET"]}}],"collection":[{"href":"https:\/\/dev.explora.cl\/rmnorte\/wp-json\/wp\/v2\/posts"}],"about":[{"href":"https:\/\/dev.explora.cl\/rmnorte\/wp-json\/wp\/v2\/types\/post"}],"author":[{"embeddable":true,"href":"https:\/\/dev.explora.cl\/rmnorte\/wp-json\/wp\/v2\/users\/26"}],"replies":[{"embeddable":true,"href":"https:\/\/dev.explora.cl\/rmnorte\/wp-json\/wp\/v2\/comments?post=40937"}],"version-history":[{"count":2,"href":"https:\/\/dev.explora.cl\/rmnorte\/wp-json\/wp\/v2\/posts\/40937\/revisions"}],"predecessor-version":[{"id":40943,"href":"https:\/\/dev.explora.cl\/rmnorte\/wp-json\/wp\/v2\/posts\/40937\/revisions\/40943"}],"wp:featuredmedia":[{"embeddable":true,"href":"https:\/\/dev.explora.cl\/rmnorte\/wp-json\/wp\/v2\/media\/40938"}],"wp:attachment":[{"href":"https:\/\/dev.explora.cl\/rmnorte\/wp-json\/wp\/v2\/media?parent=40937"}],"wp:term":[{"taxonomy":"category","embeddable":true,"href":"https:\/\/dev.explora.cl\/rmnorte\/wp-json\/wp\/v2\/categories?post=40937"},{"taxonomy":"post_tag","embeddable":true,"href":"https:\/\/dev.explora.cl\/rmnorte\/wp-json\/wp\/v2\/tags?post=40937"}],"curies":[{"name":"wp","href":"https:\/\/api.w.org\/{rel}","templated":true}]}}