{"id":40831,"date":"2021-08-19T15:22:04","date_gmt":"2021-08-19T19:22:04","guid":{"rendered":"https:\/\/dev.explora.cl\/rmnorte\/?p=40831"},"modified":"2021-09-29T16:44:17","modified_gmt":"2021-09-29T19:44:17","slug":"taller-informativo-sobre-el-regreso-a-las-actividades-presenciales","status":"publish","type":"post","link":"https:\/\/dev.explora.cl\/rmnorte\/taller-informativo-sobre-el-regreso-a-las-actividades-presenciales\/","title":{"rendered":"Taller informativo sobre el regreso a las actividades presenciales"},"content":{"rendered":"<p style=\"text-align: center\"><strong>ESCUELAS SEGURAS EN TIEMPOS DE COVID19<\/strong><\/p>\n<h3 style=\"text-align: left\"><strong>Con el objetivo de dar respuesta a las inquietudes que han surgido en la comunidad educativa, tras la reanudaci\u00f3n de las actividades presenciales, un equipo multidisciplinario de investigadores busca explicar y proveer informaci\u00f3n cient\u00edfica actualizada sobre la evidencia del COVID-19 y la eficacia de las medidas de mitigaci\u00f3n del contagio por SARS-COV-2. As\u00ed como, mejorar las pr\u00e1cticas que permitan el desarrollo de actividades presenciales, minimizando el mayor riesgo cuando sea posible.<\/strong><\/h3>\n<p>Durante la pandemia de COVID-19 se evidenci\u00f3\u00a0que\u00a0la presencialidad en las escuelas es la mejor forma para\u00a0que los ni\u00f1os, ni\u00f1as y adolescentes aprendan las herramientas necesarias para convivir en la sociedad. <u><a href=\"https:\/\/www.ncbi.nlm.nih.gov\/pmc\/articles\/PMC7695548\/\">Seg\u00fan los expertos<\/a><\/u>, el cierre de los colegios por tiempos prolongados, trae consigo efectos colaterales en la salud f\u00edsica y mental e incluso en la expectativa de vida de una generaci\u00f3n de ni\u00f1os que no ha podido interactuar de manera presencial con sus pares, ni con el medio ambiente, afectado su bienestar de forma integral.<\/p>\n<p>Pero las interrogantes que se hacen gran parte de la sociedad son: \u00bfEs seguro que los ni\u00f1os y ni\u00f1as vuelvan a clases presenciales? \u00bfQu\u00e9 acciones deber\u00edan cumplir los diferentes actores involucrados en el regreso a clases presenciales? Desde los establecimientos educaciones \u00bfcu\u00e1les son las recomendaciones generales para un pronto regreso a las escuelas? entre otras inquietudes muy comunes e importantes en estos tiempos.<\/p>\n<p>Por esta raz\u00f3n, un equipo de investigadores de diversas disciplinas pertenecientes a la Pontificia Universidad Cat\u00f3lica de Chile, Centro de Desarrollo Urbano Sustentable (CEDEUS), Escuela de Salud P\u00fablica, Facultad de Medicina, Universidad de Chile, Centro de Modelamiento Matem\u00e1tico, Facultad de Ciencias F\u00edsicas y Matem\u00e1ticas Departamento de Geof\u00edsica, Facultad de Ciencias F\u00edsicas y Matem\u00e1ticas, Universidad de Chile, Centro de Ciencia del Clima y la Resiliencia, Escuela de Psicolog\u00eda, Pontificia Universidad Cat\u00f3lica de Chile y Centro Avanzado de Enfermedades Cr\u00f3nicas ACCDIS realizaron una gu\u00eda informativa que busca explicar y proveer informaci\u00f3n cient\u00edfica actualizada sobre la evidencia de contagio y la eficacia de las medidas de mitigaci\u00f3n del SARS-COV-2.<\/p>\n<figure id=\"attachment_40832\" aria-describedby=\"caption-attachment-40832\" style=\"width: 262px\" class=\"wp-caption alignright\"><img loading=\"lazy\" decoding=\"async\" class=\"wp-image-40832\" src=\"https:\/\/dev.explora.cl\/rmnorte\/wp-content\/uploads\/sites\/11\/2021\/08\/sandra-cortes.jpg\" alt=\"\" width=\"262\" height=\"264\" srcset=\"https:\/\/dev.explora.cl\/rmnorte\/wp-content\/uploads\/sites\/11\/2021\/08\/sandra-cortes.jpg 445w, https:\/\/dev.explora.cl\/rmnorte\/wp-content\/uploads\/sites\/11\/2021\/08\/sandra-cortes-150x150.jpg 150w, https:\/\/dev.explora.cl\/rmnorte\/wp-content\/uploads\/sites\/11\/2021\/08\/sandra-cortes-297x300.jpg 297w, https:\/\/dev.explora.cl\/rmnorte\/wp-content\/uploads\/sites\/11\/2021\/08\/sandra-cortes-60x60.jpg 60w\" sizes=\"auto, (max-width: 262px) 100vw, 262px\" \/><figcaption id=\"caption-attachment-40832\" class=\"wp-caption-text\">Dra. Sandra Cort\u00e9s, epidemi\u00f3loga e investigadora ACCDIS \u2013 MAUCO y CEDEUS<\/figcaption><\/figure>\n<p>Ante las inquietudes antes mencionadas la Dra. Sandra Cort\u00e9s, epidemi\u00f3loga e investigadora ACCDIS \u2013 MAUCO y CEDEUS de la PUC, reforz\u00f3 el impacto negativo de la pandemia en los m\u00e1s peque\u00f1os, \u201cse hizo necesario replanificar las pr\u00e1cticas educativas, restringir el movimiento de los ni\u00f1os y ofrecerles educaci\u00f3n online en el mejor de los escenarios, pero sabemos que no todos los ni\u00f1os tienen las condiciones \u00f3ptimas para estudiar a distancia. Esto sin duda, ha generado deterioro en la salud de los ni\u00f1os, recientemente nosotros hicimos un peque\u00f1o trabajo y pudimos pesquisar que el patr\u00f3n de las actividades f\u00edsica se redujo notoriamente, se aument\u00f3 el tiempo de horas frente a las pantallas y no s\u00f3lo por temas educativos, sino que tambi\u00e9n se utiliz\u00f3 como \u00fanica herramienta de entretenimiento, aumentando significativamente los factores de riesgo de sufrir obesidad o diabetes\u201d.<\/p>\n<p><strong>\u00a0<\/strong><strong>Protegernos y proteger a los dem\u00e1s del COVID19<\/strong><\/p>\n<p>En principio, para que las escuelas sean seguras, se requiere que todas las personas mayores de edad est\u00e9n vacunadas, luego garantizar una ventilaci\u00f3n \u00f3ptima, \u201ces decir, debe haber una renovaci\u00f3n de aire continua y cruzada, el aire debe entrar por todas las ventanas del espacio donde est\u00e1n los ni\u00f1os\u201d explic\u00f3 la Dra. Sandra, <strong>destacando que no se debe abrir y cerrar la ventana por ratos, la ventilaci\u00f3n debe ser constante, <\/strong>por ello, en este punto la especialista tambi\u00e9n hizo \u00e9nfasis en que los ni\u00f1os y profesores, deben usar la ropa adecuada para cada estaci\u00f3n, por ejemplo para condiciones fr\u00edas, se recomienda vestirse en capas, ropa abrigada y liviana.<\/p>\n<p>Por otro lado, la Dra. Cort\u00e9s recomend\u00f3 que, para identificar la cantidad de personas a permitir en una sala con buenas condiciones de ventilaci\u00f3n, la instituci\u00f3n educativa puede usar la medici\u00f3n de di\u00f3xido de carbono (CO<sub>2<\/sub>) a trav\u00e9s de un medidor de calidad certificada. La Organizaci\u00f3n Mundial (OMS) recomienda que el aire permanezca por debajo de los 700 ppm en ambientes interiores.<\/p>\n<p>Cabe se\u00f1alar que los medidores de CO2 no solo servir\u00edan para la actual pandemia, sino que para muchas <u><a href=\"https:\/\/doi.org\/10.1111\/ina.12751\">enfermedades<\/a><\/u> infecto-contagiosas respiratorias, tales como el sarampi\u00f3n o la tuberculosis, las cuales pueden ser controladas por medio de adecuados niveles de ventilaci\u00f3n en recintos cerrados.<\/p>\n<p><strong>Dentro de las recomendaciones generales entregadas por los expertos se encuentran: <\/strong><\/p>\n<ul>\n<li>Uso de la medici\u00f3n de CO2 como indicador de la correcta ventilaci\u00f3n de un espacio interior. Estos monitores son herramientas simples que permiten cuantificar si los niveles de ventilaci\u00f3n en recintos cerrados son adecuados en reducir el riesgo de exposici\u00f3n a SARS-CoV2.<\/li>\n<\/ul>\n<ul>\n<li>Se recomienda usar mascarillas desechables de tres pliegues. La misma debe ser usada correctamente en todo momento, nunca se debe prestar o intercambiarse.<\/li>\n<li>Se debe mantener una distancia de 2 metros con las personas que no son parte del ciclo familiar, especialmente en lugares cerrados.<\/li>\n<li>Es preciso no permanecer en ambientes con mala ventilaci\u00f3n.<\/li>\n<\/ul>\n<ul>\n<li>Las colaciones y almuerzos deben ocurrir preferiblemente al aire libre, con distancia f\u00edsica y evitando conversar o re\u00edrse sin mascarilla.<\/li>\n<\/ul>\n<ul>\n<li>Cada sala debe contar con un recipiente preestablecido para desechar las mascarillas desechables.<\/li>\n<li>En el caso del personal del establecimiento educacional, se deben usar mascarillas de buena calidad y bien ajustadas durante la jornada escolar; \u00e9stas no deben ser reemplazadas por protectores faciales transparentes ni mascarillas de telas.<\/li>\n<li>Los profesores y educadores deben evitar el intercambio de \u00fatiles escolares entre los alumnos.<\/li>\n<li>Es responsabilidad de los centros educativos garantizar la correcta ventilaci\u00f3n en las salas de clase.<\/li>\n<li>Seg\u00fan las <u><a href=\"https:\/\/www.ncbi.nlm.nih.gov\/pmc\/articles\/PMC8118153\/\">evidencias cient\u00edficas<\/a><\/u>, se recomienda no usar separadores acr\u00edlicos entre escritorios de los alumnos ya que pueden producir m\u00e1s da\u00f1o que beneficio al interrumpir la ventilaci\u00f3n.<\/li>\n<li>Se debe evitar la aplicaci\u00f3n de desinfecciones masivas y promover el lavado de manos varias veces durante la jornada escolar. Los productos desinfectantes son irritantes respiratorios.<\/li>\n<\/ul>\n<p><strong>\u00a0<\/strong><strong>Taller: Escuelas seguras en tiempos de COVID19<\/strong><\/p>\n<p>En busca de asesorar y ofrecer respuesta a la comunidad educativa, sobre el regreso de las actividades presenciales en las escuelas, <strong>este viernes 20 de agosto desde las 15:00 horas por el canal de YouTube de <u><a href=\"https:\/\/www.youtube.com\/watch?v=gXYAR4cAk7Q&amp;ab_channel=ExploraRMNorte\">Explora RM Norte<\/a><\/u><\/strong>, un equipo de investigadores ofrecer\u00e1 un taller informativo donde explicar\u00e1n el detalle de las pr\u00e1cticas que permitir\u00e1n mejorar el desarrollo de actividades presenciales.<\/p>\n<p>En esta l\u00ednea, el equipo organizador invita a los tomadores de decisiones de los establecimientos educacionales, Departamento de Administraci\u00f3n de Educaci\u00f3n Municipal, profesores, educadores, direcci\u00f3n de establecimientos, cuidadores, adolescentes y p\u00fablico en general, a participar y dejar sus preguntas desde ahora en <u><a href=\"mailto:comunicaciones@accdis.cl\">comunicaciones@accdis.cl<\/a><\/u><\/p>\n<p>Para la directora del programa Explora, Marcela Colombres, &#8220;Esta actividad sin duda va en l\u00ednea con la esencia del programa Explora; la importancia de la socializaci\u00f3n del conocimiento dentro de la comunidad educativa. En este caso sobre el uso de evidencia relevante sobre la pandemia que ayuda a generar un retorno seguro y responsable de la comunidad educativa dentro del actual contexto\u201d.<\/p>\n<p>\u201cValoramos estas instancias desde el Ministerio de Ciencia, Tecnolog\u00eda, Conocimiento e Innovaci\u00f3n ya que permiten abrir un espacio donde el conocimiento cient\u00edfico se pone a disposici\u00f3n de las inquietudes y necesidades transversales de nuestra sociedad. Por esto invitamos a todos y a todas quienes quieran sumarse a esta actividad gratuita del Proyecto Asociativo Explora RM Norte y tomar decisiones y generar buenas pr\u00e1cticas en sus comunidades educativas\u201d, sentencia Colombres.<\/p>\n<p>Este taller organizado por ACCDIS, el Centro de Desarrollo Urbano Sustentable, Centro de Ciencia del Clima y la Resiliencia con el apoyo de los Proyecto Explora y Explora Regi\u00f3n Metropolitana Norte del Ministerio de Ciencia, Tecnolog\u00eda, Conocimiento e Innovaci\u00f3n.<\/p>\n<p>Leer investigaci\u00f3n completa en <u><a href=\"https:\/\/www.accdis.cl\/escuelas-seguras-en-tiempos-del-covid-19\/\">aqu\u00ed<\/a><\/u><\/p>\n<p><img loading=\"lazy\" decoding=\"async\" class=\"wp-image-40834 aligncenter\" src=\"https:\/\/dev.explora.cl\/rmnorte\/wp-content\/uploads\/sites\/11\/2021\/08\/Post_Alta-1.png\" alt=\"\" width=\"435\" height=\"551\" srcset=\"https:\/\/dev.explora.cl\/rmnorte\/wp-content\/uploads\/sites\/11\/2021\/08\/Post_Alta-1.png 4494w, https:\/\/dev.explora.cl\/rmnorte\/wp-content\/uploads\/sites\/11\/2021\/08\/Post_Alta-1-237x300.png 237w, https:\/\/dev.explora.cl\/rmnorte\/wp-content\/uploads\/sites\/11\/2021\/08\/Post_Alta-1-768x972.png 768w, https:\/\/dev.explora.cl\/rmnorte\/wp-content\/uploads\/sites\/11\/2021\/08\/Post_Alta-1-809x1024.png 809w\" sizes=\"auto, (max-width: 435px) 100vw, 435px\" \/><\/p>\n","protected":false},"excerpt":{"rendered":"<p>Con el objetivo de dar respuesta a las inquietudes que han surgido en la comunidad educativa, tras la reanudaci\u00f3n de las actividades presenciales, un equipo multidisciplinario de investigadores busca explicar y proveer informaci\u00f3n cient\u00edfica actualizada sobre la evidencia del COVID-19 y la eficacia de las medidas de mitigaci\u00f3n del contagio por SARS-COV-2. As\u00ed como, mejorar las pr\u00e1cticas que permitan el desarrollo de actividades presenciales, minimizando el mayor riesgo cuando sea posible. <\/p>\n","protected":false},"author":26,"featured_media":40833,"comment_status":"open","ping_status":"open","sticky":false,"template":"","format":"standard","meta":{"_acf_changed":false,"_exactmetrics_skip_tracking":false,"_exactmetrics_sitenote_active":false,"_exactmetrics_sitenote_note":"","_exactmetrics_sitenote_category":0,"footnotes":"","_links_to":"","_links_to_target":""},"categories":[142],"tags":[],"class_list":["post-40831","post","type-post","status-publish","format-standard","has-post-thumbnail","hentry","category-lugar-7"],"acf":[],"yoast_head":"<!-- This site is optimized with the Yoast SEO plugin v26.7 - https:\/\/yoast.com\/wordpress\/plugins\/seo\/ -->\n<title>Taller informativo sobre el regreso a las actividades presenciales - RM Norte<\/title>\n<meta name=\"robots\" content=\"index, follow, max-snippet:-1, max-image-preview:large, max-video-preview:-1\" \/>\n<link rel=\"canonical\" href=\"https:\/\/dev.explora.cl\/rmnorte\/taller-informativo-sobre-el-regreso-a-las-actividades-presenciales\/\" class=\"yoast-seo-meta-tag\" \/>\n<meta property=\"og:locale\" content=\"es_ES\" class=\"yoast-seo-meta-tag\" \/>\n<meta property=\"og:type\" content=\"article\" class=\"yoast-seo-meta-tag\" \/>\n<meta property=\"og:title\" content=\"Taller informativo sobre el regreso a las actividades presenciales - RM Norte\" class=\"yoast-seo-meta-tag\" \/>\n<meta property=\"og:description\" content=\"Con el objetivo de dar respuesta a las inquietudes que han surgido en la comunidad educativa, tras la reanudaci\u00f3n de las actividades presenciales, un equipo multidisciplinario de investigadores busca explicar y proveer informaci\u00f3n cient\u00edfica actualizada sobre la evidencia del COVID-19 y la eficacia de las medidas de mitigaci\u00f3n del contagio por SARS-COV-2. As\u00ed como, mejorar las pr\u00e1cticas que permitan el desarrollo de actividades presenciales, minimizando el mayor riesgo cuando sea posible.\" class=\"yoast-seo-meta-tag\" \/>\n<meta property=\"og:url\" content=\"https:\/\/dev.explora.cl\/rmnorte\/taller-informativo-sobre-el-regreso-a-las-actividades-presenciales\/\" class=\"yoast-seo-meta-tag\" \/>\n<meta property=\"og:site_name\" content=\"RM Norte\" class=\"yoast-seo-meta-tag\" \/>\n<meta property=\"article:published_time\" content=\"2021-08-19T19:22:04+00:00\" class=\"yoast-seo-meta-tag\" \/>\n<meta property=\"article:modified_time\" content=\"2021-09-29T19:44:17+00:00\" class=\"yoast-seo-meta-tag\" \/>\n<meta property=\"og:image\" content=\"https:\/\/dev.explora.cl\/rmnorte\/wp-content\/uploads\/sites\/11\/2021\/08\/boy-5746377_1280.jpg\" class=\"yoast-seo-meta-tag\" \/>\n\t<meta property=\"og:image:width\" content=\"1280\" class=\"yoast-seo-meta-tag\" \/>\n\t<meta property=\"og:image:height\" content=\"960\" class=\"yoast-seo-meta-tag\" \/>\n\t<meta property=\"og:image:type\" content=\"image\/jpeg\" class=\"yoast-seo-meta-tag\" \/>\n<meta name=\"author\" content=\"dgarcia\" class=\"yoast-seo-meta-tag\" \/>\n<meta name=\"twitter:card\" content=\"summary_large_image\" class=\"yoast-seo-meta-tag\" \/>\n<meta name=\"twitter:label1\" content=\"Escrito por\" class=\"yoast-seo-meta-tag\" \/>\n\t<meta name=\"twitter:data1\" content=\"dgarcia\" class=\"yoast-seo-meta-tag\" \/>\n\t<meta name=\"twitter:label2\" content=\"Tiempo estimado de lectura\" class=\"yoast-seo-meta-tag\" \/>\n\t<meta name=\"twitter:data2\" content=\"7 minutos\" class=\"yoast-seo-meta-tag\" \/>\n<script type=\"application\/ld+json\" class=\"yoast-schema-graph\">{\"@context\":\"https:\/\/schema.org\",\"@graph\":[{\"@type\":\"Article\",\"@id\":\"https:\/\/dev.explora.cl\/rmnorte\/taller-informativo-sobre-el-regreso-a-las-actividades-presenciales\/#article\",\"isPartOf\":{\"@id\":\"https:\/\/dev.explora.cl\/rmnorte\/taller-informativo-sobre-el-regreso-a-las-actividades-presenciales\/\"},\"author\":{\"name\":\"dgarcia\",\"@id\":\"https:\/\/dev.explora.cl\/rmnorte\/#\/schema\/person\/4ad985b29a183eab4170892260e133a5\"},\"headline\":\"Taller informativo sobre el regreso a las actividades presenciales\",\"datePublished\":\"2021-08-19T19:22:04+00:00\",\"dateModified\":\"2021-09-29T19:44:17+00:00\",\"mainEntityOfPage\":{\"@id\":\"https:\/\/dev.explora.cl\/rmnorte\/taller-informativo-sobre-el-regreso-a-las-actividades-presenciales\/\"},\"wordCount\":1362,\"commentCount\":0,\"image\":{\"@id\":\"https:\/\/dev.explora.cl\/rmnorte\/taller-informativo-sobre-el-regreso-a-las-actividades-presenciales\/#primaryimage\"},\"thumbnailUrl\":\"https:\/\/dev.explora.cl\/rmnorte\/wp-content\/uploads\/sites\/11\/2021\/08\/boy-5746377_1280.jpg\",\"articleSection\":[\"Lugar 7\"],\"inLanguage\":\"es-CL\",\"potentialAction\":[{\"@type\":\"CommentAction\",\"name\":\"Comment\",\"target\":[\"https:\/\/dev.explora.cl\/rmnorte\/taller-informativo-sobre-el-regreso-a-las-actividades-presenciales\/#respond\"]}]},{\"@type\":\"WebPage\",\"@id\":\"https:\/\/dev.explora.cl\/rmnorte\/taller-informativo-sobre-el-regreso-a-las-actividades-presenciales\/\",\"url\":\"https:\/\/dev.explora.cl\/rmnorte\/taller-informativo-sobre-el-regreso-a-las-actividades-presenciales\/\",\"name\":\"Taller informativo sobre el regreso a las actividades presenciales - RM Norte\",\"isPartOf\":{\"@id\":\"https:\/\/dev.explora.cl\/rmnorte\/#website\"},\"primaryImageOfPage\":{\"@id\":\"https:\/\/dev.explora.cl\/rmnorte\/taller-informativo-sobre-el-regreso-a-las-actividades-presenciales\/#primaryimage\"},\"image\":{\"@id\":\"https:\/\/dev.explora.cl\/rmnorte\/taller-informativo-sobre-el-regreso-a-las-actividades-presenciales\/#primaryimage\"},\"thumbnailUrl\":\"https:\/\/dev.explora.cl\/rmnorte\/wp-content\/uploads\/sites\/11\/2021\/08\/boy-5746377_1280.jpg\",\"datePublished\":\"2021-08-19T19:22:04+00:00\",\"dateModified\":\"2021-09-29T19:44:17+00:00\",\"author\":{\"@id\":\"https:\/\/dev.explora.cl\/rmnorte\/#\/schema\/person\/4ad985b29a183eab4170892260e133a5\"},\"breadcrumb\":{\"@id\":\"https:\/\/dev.explora.cl\/rmnorte\/taller-informativo-sobre-el-regreso-a-las-actividades-presenciales\/#breadcrumb\"},\"inLanguage\":\"es-CL\",\"potentialAction\":[{\"@type\":\"ReadAction\",\"target\":[\"https:\/\/dev.explora.cl\/rmnorte\/taller-informativo-sobre-el-regreso-a-las-actividades-presenciales\/\"]}]},{\"@type\":\"ImageObject\",\"inLanguage\":\"es-CL\",\"@id\":\"https:\/\/dev.explora.cl\/rmnorte\/taller-informativo-sobre-el-regreso-a-las-actividades-presenciales\/#primaryimage\",\"url\":\"https:\/\/dev.explora.cl\/rmnorte\/wp-content\/uploads\/sites\/11\/2021\/08\/boy-5746377_1280.jpg\",\"contentUrl\":\"https:\/\/dev.explora.cl\/rmnorte\/wp-content\/uploads\/sites\/11\/2021\/08\/boy-5746377_1280.jpg\",\"width\":1280,\"height\":960},{\"@type\":\"BreadcrumbList\",\"@id\":\"https:\/\/dev.explora.cl\/rmnorte\/taller-informativo-sobre-el-regreso-a-las-actividades-presenciales\/#breadcrumb\",\"itemListElement\":[{\"@type\":\"ListItem\",\"position\":1,\"name\":\"Portada\",\"item\":\"https:\/\/dev.explora.cl\/rmnorte\/\"},{\"@type\":\"ListItem\",\"position\":2,\"name\":\"Taller informativo sobre el regreso a las actividades presenciales\"}]},{\"@type\":\"WebSite\",\"@id\":\"https:\/\/dev.explora.cl\/rmnorte\/#website\",\"url\":\"https:\/\/dev.explora.cl\/rmnorte\/\",\"name\":\"RM Norte\",\"description\":\"RM Norte dev.explora.cl\",\"potentialAction\":[{\"@type\":\"SearchAction\",\"target\":{\"@type\":\"EntryPoint\",\"urlTemplate\":\"https:\/\/dev.explora.cl\/rmnorte\/?s={search_term_string}\"},\"query-input\":{\"@type\":\"PropertyValueSpecification\",\"valueRequired\":true,\"valueName\":\"search_term_string\"}}],\"inLanguage\":\"es-CL\"},{\"@type\":\"Person\",\"@id\":\"https:\/\/dev.explora.cl\/rmnorte\/#\/schema\/person\/4ad985b29a183eab4170892260e133a5\",\"name\":\"dgarcia\",\"image\":{\"@type\":\"ImageObject\",\"inLanguage\":\"es-CL\",\"@id\":\"https:\/\/dev.explora.cl\/rmnorte\/#\/schema\/person\/image\/\",\"url\":\"https:\/\/secure.gravatar.com\/avatar\/06e2fd9f68a0c19cd669ddc183de83489acab601aa57958e0f60175e5013e6b7?s=96&d=mm&r=g\",\"contentUrl\":\"https:\/\/secure.gravatar.com\/avatar\/06e2fd9f68a0c19cd669ddc183de83489acab601aa57958e0f60175e5013e6b7?s=96&d=mm&r=g\",\"caption\":\"dgarcia\"},\"url\":\"https:\/\/dev.explora.cl\/rmnorte\/author\/dgarcia\/\"}]}<\/script>\n<!-- \/ Yoast SEO plugin. -->","yoast_head_json":{"title":"Taller informativo sobre el regreso a las actividades presenciales - RM Norte","robots":{"index":"index","follow":"follow","max-snippet":"max-snippet:-1","max-image-preview":"max-image-preview:large","max-video-preview":"max-video-preview:-1"},"canonical":"https:\/\/dev.explora.cl\/rmnorte\/taller-informativo-sobre-el-regreso-a-las-actividades-presenciales\/","og_locale":"es_ES","og_type":"article","og_title":"Taller informativo sobre el regreso a las actividades presenciales - RM Norte","og_description":"Con el objetivo de dar respuesta a las inquietudes que han surgido en la comunidad educativa, tras la reanudaci\u00f3n de las actividades presenciales, un equipo multidisciplinario de investigadores busca explicar y proveer informaci\u00f3n cient\u00edfica actualizada sobre la evidencia del COVID-19 y la eficacia de las medidas de mitigaci\u00f3n del contagio por SARS-COV-2. As\u00ed como, mejorar las pr\u00e1cticas que permitan el desarrollo de actividades presenciales, minimizando el mayor riesgo cuando sea posible.","og_url":"https:\/\/dev.explora.cl\/rmnorte\/taller-informativo-sobre-el-regreso-a-las-actividades-presenciales\/","og_site_name":"RM Norte","article_published_time":"2021-08-19T19:22:04+00:00","article_modified_time":"2021-09-29T19:44:17+00:00","og_image":[{"width":1280,"height":960,"url":"https:\/\/dev.explora.cl\/rmnorte\/wp-content\/uploads\/sites\/11\/2021\/08\/boy-5746377_1280.jpg","type":"image\/jpeg"}],"author":"dgarcia","twitter_card":"summary_large_image","twitter_misc":{"Escrito por":"dgarcia","Tiempo estimado de lectura":"7 minutos"},"schema":{"@context":"https:\/\/schema.org","@graph":[{"@type":"Article","@id":"https:\/\/dev.explora.cl\/rmnorte\/taller-informativo-sobre-el-regreso-a-las-actividades-presenciales\/#article","isPartOf":{"@id":"https:\/\/dev.explora.cl\/rmnorte\/taller-informativo-sobre-el-regreso-a-las-actividades-presenciales\/"},"author":{"name":"dgarcia","@id":"https:\/\/dev.explora.cl\/rmnorte\/#\/schema\/person\/4ad985b29a183eab4170892260e133a5"},"headline":"Taller informativo sobre el regreso a las actividades presenciales","datePublished":"2021-08-19T19:22:04+00:00","dateModified":"2021-09-29T19:44:17+00:00","mainEntityOfPage":{"@id":"https:\/\/dev.explora.cl\/rmnorte\/taller-informativo-sobre-el-regreso-a-las-actividades-presenciales\/"},"wordCount":1362,"commentCount":0,"image":{"@id":"https:\/\/dev.explora.cl\/rmnorte\/taller-informativo-sobre-el-regreso-a-las-actividades-presenciales\/#primaryimage"},"thumbnailUrl":"https:\/\/dev.explora.cl\/rmnorte\/wp-content\/uploads\/sites\/11\/2021\/08\/boy-5746377_1280.jpg","articleSection":["Lugar 7"],"inLanguage":"es-CL","potentialAction":[{"@type":"CommentAction","name":"Comment","target":["https:\/\/dev.explora.cl\/rmnorte\/taller-informativo-sobre-el-regreso-a-las-actividades-presenciales\/#respond"]}]},{"@type":"WebPage","@id":"https:\/\/dev.explora.cl\/rmnorte\/taller-informativo-sobre-el-regreso-a-las-actividades-presenciales\/","url":"https:\/\/dev.explora.cl\/rmnorte\/taller-informativo-sobre-el-regreso-a-las-actividades-presenciales\/","name":"Taller informativo sobre el regreso a las actividades presenciales - RM Norte","isPartOf":{"@id":"https:\/\/dev.explora.cl\/rmnorte\/#website"},"primaryImageOfPage":{"@id":"https:\/\/dev.explora.cl\/rmnorte\/taller-informativo-sobre-el-regreso-a-las-actividades-presenciales\/#primaryimage"},"image":{"@id":"https:\/\/dev.explora.cl\/rmnorte\/taller-informativo-sobre-el-regreso-a-las-actividades-presenciales\/#primaryimage"},"thumbnailUrl":"https:\/\/dev.explora.cl\/rmnorte\/wp-content\/uploads\/sites\/11\/2021\/08\/boy-5746377_1280.jpg","datePublished":"2021-08-19T19:22:04+00:00","dateModified":"2021-09-29T19:44:17+00:00","author":{"@id":"https:\/\/dev.explora.cl\/rmnorte\/#\/schema\/person\/4ad985b29a183eab4170892260e133a5"},"breadcrumb":{"@id":"https:\/\/dev.explora.cl\/rmnorte\/taller-informativo-sobre-el-regreso-a-las-actividades-presenciales\/#breadcrumb"},"inLanguage":"es-CL","potentialAction":[{"@type":"ReadAction","target":["https:\/\/dev.explora.cl\/rmnorte\/taller-informativo-sobre-el-regreso-a-las-actividades-presenciales\/"]}]},{"@type":"ImageObject","inLanguage":"es-CL","@id":"https:\/\/dev.explora.cl\/rmnorte\/taller-informativo-sobre-el-regreso-a-las-actividades-presenciales\/#primaryimage","url":"https:\/\/dev.explora.cl\/rmnorte\/wp-content\/uploads\/sites\/11\/2021\/08\/boy-5746377_1280.jpg","contentUrl":"https:\/\/dev.explora.cl\/rmnorte\/wp-content\/uploads\/sites\/11\/2021\/08\/boy-5746377_1280.jpg","width":1280,"height":960},{"@type":"BreadcrumbList","@id":"https:\/\/dev.explora.cl\/rmnorte\/taller-informativo-sobre-el-regreso-a-las-actividades-presenciales\/#breadcrumb","itemListElement":[{"@type":"ListItem","position":1,"name":"Portada","item":"https:\/\/dev.explora.cl\/rmnorte\/"},{"@type":"ListItem","position":2,"name":"Taller informativo sobre el regreso a las actividades presenciales"}]},{"@type":"WebSite","@id":"https:\/\/dev.explora.cl\/rmnorte\/#website","url":"https:\/\/dev.explora.cl\/rmnorte\/","name":"RM Norte","description":"RM Norte dev.explora.cl","potentialAction":[{"@type":"SearchAction","target":{"@type":"EntryPoint","urlTemplate":"https:\/\/dev.explora.cl\/rmnorte\/?s={search_term_string}"},"query-input":{"@type":"PropertyValueSpecification","valueRequired":true,"valueName":"search_term_string"}}],"inLanguage":"es-CL"},{"@type":"Person","@id":"https:\/\/dev.explora.cl\/rmnorte\/#\/schema\/person\/4ad985b29a183eab4170892260e133a5","name":"dgarcia","image":{"@type":"ImageObject","inLanguage":"es-CL","@id":"https:\/\/dev.explora.cl\/rmnorte\/#\/schema\/person\/image\/","url":"https:\/\/secure.gravatar.com\/avatar\/06e2fd9f68a0c19cd669ddc183de83489acab601aa57958e0f60175e5013e6b7?s=96&d=mm&r=g","contentUrl":"https:\/\/secure.gravatar.com\/avatar\/06e2fd9f68a0c19cd669ddc183de83489acab601aa57958e0f60175e5013e6b7?s=96&d=mm&r=g","caption":"dgarcia"},"url":"https:\/\/dev.explora.cl\/rmnorte\/author\/dgarcia\/"}]}},"_links":{"self":[{"href":"https:\/\/dev.explora.cl\/rmnorte\/wp-json\/wp\/v2\/posts\/40831","targetHints":{"allow":["GET"]}}],"collection":[{"href":"https:\/\/dev.explora.cl\/rmnorte\/wp-json\/wp\/v2\/posts"}],"about":[{"href":"https:\/\/dev.explora.cl\/rmnorte\/wp-json\/wp\/v2\/types\/post"}],"author":[{"embeddable":true,"href":"https:\/\/dev.explora.cl\/rmnorte\/wp-json\/wp\/v2\/users\/26"}],"replies":[{"embeddable":true,"href":"https:\/\/dev.explora.cl\/rmnorte\/wp-json\/wp\/v2\/comments?post=40831"}],"version-history":[{"count":1,"href":"https:\/\/dev.explora.cl\/rmnorte\/wp-json\/wp\/v2\/posts\/40831\/revisions"}],"predecessor-version":[{"id":40835,"href":"https:\/\/dev.explora.cl\/rmnorte\/wp-json\/wp\/v2\/posts\/40831\/revisions\/40835"}],"wp:featuredmedia":[{"embeddable":true,"href":"https:\/\/dev.explora.cl\/rmnorte\/wp-json\/wp\/v2\/media\/40833"}],"wp:attachment":[{"href":"https:\/\/dev.explora.cl\/rmnorte\/wp-json\/wp\/v2\/media?parent=40831"}],"wp:term":[{"taxonomy":"category","embeddable":true,"href":"https:\/\/dev.explora.cl\/rmnorte\/wp-json\/wp\/v2\/categories?post=40831"},{"taxonomy":"post_tag","embeddable":true,"href":"https:\/\/dev.explora.cl\/rmnorte\/wp-json\/wp\/v2\/tags?post=40831"}],"curies":[{"name":"wp","href":"https:\/\/api.w.org\/{rel}","templated":true}]}}