{"id":40792,"date":"2021-08-13T23:04:17","date_gmt":"2021-08-14T03:04:17","guid":{"rendered":"https:\/\/dev.explora.cl\/rmnorte\/?p=40792"},"modified":"2021-08-19T15:22:38","modified_gmt":"2021-08-19T19:22:38","slug":"taller-escuelas-seguras-en-tiempos-de-covid19","status":"publish","type":"post","link":"https:\/\/dev.explora.cl\/rmnorte\/taller-escuelas-seguras-en-tiempos-de-covid19\/","title":{"rendered":"TALLER: Escuelas Seguras en tiempos de COVID19"},"content":{"rendered":"<p style=\"font-weight: 400\">Con el objetivo de dar respuesta a las inquietudes que han surgido en la comunidad educativa, tras la reanudaci\u00f3n de las actividades presenciales, un equipo multidisciplinario de cient\u00edficos explicar\u00e1 y proveer\u00e1 informaci\u00f3n cient\u00edfica actualizada sobre la evidencia del COVID19 y la eficacia de las medidas de mitigaci\u00f3n del contagio por SARS-COV-2. Adem\u00e1s, se tratar\u00e1n las pr\u00e1cticas que permitir\u00e1n mejorar el desarrollo de actividades presenciales, minimizando el riesgo cuando sea posible.<\/p>\n<p style=\"font-weight: 400\">Invitamos a los tomadores de decisiones de los establecimientos educacionales, Departamento de Administraci\u00f3n de Educaci\u00f3n Municipal, profesores, educadores, direcci\u00f3n de establecimientos, cuidadores, ni\u00f1os, ni\u00f1as, adolescentes y p\u00fablico en general, a participar y dejar sus preguntas desde ahora en\u00a0<a href=\"mailto:comunicaciones@accdis.cl\">comunicaciones@accdis.cl<\/a><\/p>\n<p style=\"font-weight: 400\"><strong>Fecha: 20 de agosto<\/strong><\/p>\n<p style=\"font-weight: 400\"><strong>Hora: 15:00 horas<\/strong><\/p>\n<p style=\"font-weight: 400\"><strong>Transmisi\u00f3n en vivo desde\u00a0<a href=\"https:\/\/www.youtube.com\/watch?v=gXYAR4cAk7Q&amp;ab_channel=ExploraRMNorte\" data-saferedirecturl=\"https:\/\/www.google.com\/url?q=https:\/\/www.youtube.com\/watch?v%3DgXYAR4cAk7Q%26ab_channel%3DExploraRMNorte&amp;source=gmail&amp;ust=1628996108246000&amp;usg=AFQjCNFEIBeYFllCkWhketI2t8i-CIScmA\">YouTube<\/a><\/strong><\/p>\n<p style=\"font-weight: 400\"><strong>\u00a0<\/strong><strong>Contenido del taller:<\/strong><\/p>\n<p style=\"font-weight: 400\"><strong>&#8211;\u00a0\u00a0\u00a0\u00a0\u00a0\u00a0\u00a0\u00a0\u00a0\u00a0 COVID en la infancia: Dra. Sandra Cort\u00e9s ACCDIS &#8211; CEDEUS<\/strong><\/p>\n<p style=\"font-weight: 400\"><strong>&#8211;\u00a0\u00a0\u00a0\u00a0\u00a0\u00a0\u00a0\u00a0\u00a0\u00a0 \u00bfC\u00f3mo ocurre la dispersi\u00f3n del virus en las escuelas y como vigilarlo mediante los niveles de CO2? Dr. Roberto Rondarelli (CR2)<\/strong><\/p>\n<p style=\"font-weight: 400\"><strong>&#8211;\u00a0\u00a0\u00a0\u00a0\u00a0\u00a0\u00a0\u00a0\u00a0\u00a0 \u00bfC\u00f3mo abordar la prevenci\u00f3n del COVID en las escuelas desde las pol\u00edticas p\u00fablicas? Dra. Soledad Mart\u00ednez, Escuela de Salud P\u00fablica Universidad de Chile<\/strong><\/p>\n<p style=\"font-weight: 400\">Taller organizado por el Centro Avanzado de Enfermedades Cr\u00f3nicas (ACCDIS), Centro de Desarrollo Urbano Sustentable, Centro de Ciencia del Clima y la Resiliencia con el apoyo de los Proyecto Explora y Explora Regi\u00f3n Metropolitana Norte del Ministerio de Ciencia, Conocimiento e Innovaci\u00f3n.<\/p>\n<p style=\"font-weight: 400\">Ver investigaci\u00f3n completa\u00a0<a href=\"https:\/\/www.accdis.cl\/escuelas-seguras-en-tiempos-del-covid-19\/\" data-saferedirecturl=\"https:\/\/www.google.com\/url?q=https:\/\/www.accdis.cl\/escuelas-seguras-en-tiempos-del-covid-19\/&amp;source=gmail&amp;ust=1628996108246000&amp;usg=AFQjCNGyZaOD50sqnWqiS5TqFgSGGU2kKQ\">aqu\u00ed<\/a><\/p>\n<p style=\"font-weight: 400\">\u00a1Comparte con los profes y aprovecha para aclarar todas las dudas!<\/p>\n<p><img loading=\"lazy\" decoding=\"async\" class=\"wp-image-40794 aligncenter\" src=\"https:\/\/dev.explora.cl\/rmnorte\/wp-content\/uploads\/sites\/11\/2021\/08\/Post_Alta.png\" alt=\"\" width=\"466\" height=\"588\" srcset=\"https:\/\/dev.explora.cl\/rmnorte\/wp-content\/uploads\/sites\/11\/2021\/08\/Post_Alta.png 4503w, https:\/\/dev.explora.cl\/rmnorte\/wp-content\/uploads\/sites\/11\/2021\/08\/Post_Alta-238x300.png 238w, https:\/\/dev.explora.cl\/rmnorte\/wp-content\/uploads\/sites\/11\/2021\/08\/Post_Alta-768x969.png 768w, https:\/\/dev.explora.cl\/rmnorte\/wp-content\/uploads\/sites\/11\/2021\/08\/Post_Alta-812x1024.png 812w\" sizes=\"auto, (max-width: 466px) 100vw, 466px\" \/><\/p>\n","protected":false},"excerpt":{"rendered":"<p>Con el objetivo de dar respuesta a las inquietudes que han surgido en la comunidad educativa, tras la reanudaci\u00f3n de las actividades presenciales, un equipo multidisciplinario de cient\u00edficos explicar\u00e1 y proveer\u00e1 informaci\u00f3n cient\u00edfica actualizada sobre la evidencia del COVID19 y la eficacia de las medidas de mitigaci\u00f3n del contagio por SARS-COV-2. Adem\u00e1s, se tratar\u00e1n las pr\u00e1cticas que permitir\u00e1n mejorar el desarrollo de actividades presenciales, minimizando el riesgo cuando sea posible.<\/p>\n","protected":false},"author":26,"featured_media":40797,"comment_status":"open","ping_status":"open","sticky":false,"template":"","format":"standard","meta":{"_acf_changed":false,"_exactmetrics_skip_tracking":false,"_exactmetrics_sitenote_active":false,"_exactmetrics_sitenote_note":"","_exactmetrics_sitenote_category":0,"footnotes":"","_links_to":"","_links_to_target":""},"categories":[142],"tags":[],"class_list":["post-40792","post","type-post","status-publish","format-standard","has-post-thumbnail","hentry","category-lugar-7"],"acf":[],"yoast_head":"<!-- This site is optimized with the Yoast SEO plugin v26.7 - https:\/\/yoast.com\/wordpress\/plugins\/seo\/ -->\n<title>TALLER: Escuelas Seguras en tiempos de COVID19 - RM Norte<\/title>\n<meta name=\"robots\" content=\"index, follow, max-snippet:-1, max-image-preview:large, max-video-preview:-1\" \/>\n<link rel=\"canonical\" href=\"https:\/\/dev.explora.cl\/rmnorte\/taller-escuelas-seguras-en-tiempos-de-covid19\/\" class=\"yoast-seo-meta-tag\" \/>\n<meta property=\"og:locale\" content=\"es_ES\" class=\"yoast-seo-meta-tag\" \/>\n<meta property=\"og:type\" content=\"article\" class=\"yoast-seo-meta-tag\" \/>\n<meta property=\"og:title\" content=\"TALLER: Escuelas Seguras en tiempos de COVID19 - RM Norte\" class=\"yoast-seo-meta-tag\" \/>\n<meta property=\"og:description\" content=\"Con el objetivo de dar respuesta a las inquietudes que han surgido en la comunidad educativa, tras la reanudaci\u00f3n de las actividades presenciales, un equipo multidisciplinario de cient\u00edficos explicar\u00e1 y proveer\u00e1 informaci\u00f3n cient\u00edfica actualizada sobre la evidencia del COVID19 y la eficacia de las medidas de mitigaci\u00f3n del contagio por SARS-COV-2. Adem\u00e1s, se tratar\u00e1n las pr\u00e1cticas que permitir\u00e1n mejorar el desarrollo de actividades presenciales, minimizando el riesgo cuando sea posible.\" class=\"yoast-seo-meta-tag\" \/>\n<meta property=\"og:url\" content=\"https:\/\/dev.explora.cl\/rmnorte\/taller-escuelas-seguras-en-tiempos-de-covid19\/\" class=\"yoast-seo-meta-tag\" \/>\n<meta property=\"og:site_name\" content=\"RM Norte\" class=\"yoast-seo-meta-tag\" \/>\n<meta property=\"article:published_time\" content=\"2021-08-14T03:04:17+00:00\" class=\"yoast-seo-meta-tag\" \/>\n<meta property=\"article:modified_time\" content=\"2021-08-19T19:22:38+00:00\" class=\"yoast-seo-meta-tag\" \/>\n<meta property=\"og:image\" content=\"https:\/\/dev.explora.cl\/rmnorte\/wp-content\/uploads\/sites\/11\/2021\/08\/Portada_Nota_-2.png\" class=\"yoast-seo-meta-tag\" \/>\n\t<meta property=\"og:image:width\" content=\"4796\" class=\"yoast-seo-meta-tag\" \/>\n\t<meta property=\"og:image:height\" content=\"2679\" class=\"yoast-seo-meta-tag\" \/>\n\t<meta property=\"og:image:type\" content=\"image\/png\" class=\"yoast-seo-meta-tag\" \/>\n<meta name=\"author\" content=\"dgarcia\" class=\"yoast-seo-meta-tag\" \/>\n<meta name=\"twitter:card\" content=\"summary_large_image\" class=\"yoast-seo-meta-tag\" \/>\n<meta name=\"twitter:label1\" content=\"Escrito por\" class=\"yoast-seo-meta-tag\" \/>\n\t<meta name=\"twitter:data1\" content=\"dgarcia\" class=\"yoast-seo-meta-tag\" \/>\n\t<meta name=\"twitter:label2\" content=\"Tiempo estimado de lectura\" class=\"yoast-seo-meta-tag\" \/>\n\t<meta name=\"twitter:data2\" content=\"1 minuto\" class=\"yoast-seo-meta-tag\" \/>\n<script type=\"application\/ld+json\" class=\"yoast-schema-graph\">{\"@context\":\"https:\/\/schema.org\",\"@graph\":[{\"@type\":\"Article\",\"@id\":\"https:\/\/dev.explora.cl\/rmnorte\/taller-escuelas-seguras-en-tiempos-de-covid19\/#article\",\"isPartOf\":{\"@id\":\"https:\/\/dev.explora.cl\/rmnorte\/taller-escuelas-seguras-en-tiempos-de-covid19\/\"},\"author\":{\"name\":\"dgarcia\",\"@id\":\"https:\/\/dev.explora.cl\/rmnorte\/#\/schema\/person\/4ad985b29a183eab4170892260e133a5\"},\"headline\":\"TALLER: Escuelas Seguras en tiempos de COVID19\",\"datePublished\":\"2021-08-14T03:04:17+00:00\",\"dateModified\":\"2021-08-19T19:22:38+00:00\",\"mainEntityOfPage\":{\"@id\":\"https:\/\/dev.explora.cl\/rmnorte\/taller-escuelas-seguras-en-tiempos-de-covid19\/\"},\"wordCount\":274,\"commentCount\":0,\"image\":{\"@id\":\"https:\/\/dev.explora.cl\/rmnorte\/taller-escuelas-seguras-en-tiempos-de-covid19\/#primaryimage\"},\"thumbnailUrl\":\"https:\/\/dev.explora.cl\/rmnorte\/wp-content\/uploads\/sites\/11\/2021\/08\/Portada_Nota_-2.png\",\"articleSection\":[\"Lugar 7\"],\"inLanguage\":\"es-CL\",\"potentialAction\":[{\"@type\":\"CommentAction\",\"name\":\"Comment\",\"target\":[\"https:\/\/dev.explora.cl\/rmnorte\/taller-escuelas-seguras-en-tiempos-de-covid19\/#respond\"]}]},{\"@type\":\"WebPage\",\"@id\":\"https:\/\/dev.explora.cl\/rmnorte\/taller-escuelas-seguras-en-tiempos-de-covid19\/\",\"url\":\"https:\/\/dev.explora.cl\/rmnorte\/taller-escuelas-seguras-en-tiempos-de-covid19\/\",\"name\":\"TALLER: Escuelas Seguras en tiempos de COVID19 - RM Norte\",\"isPartOf\":{\"@id\":\"https:\/\/dev.explora.cl\/rmnorte\/#website\"},\"primaryImageOfPage\":{\"@id\":\"https:\/\/dev.explora.cl\/rmnorte\/taller-escuelas-seguras-en-tiempos-de-covid19\/#primaryimage\"},\"image\":{\"@id\":\"https:\/\/dev.explora.cl\/rmnorte\/taller-escuelas-seguras-en-tiempos-de-covid19\/#primaryimage\"},\"thumbnailUrl\":\"https:\/\/dev.explora.cl\/rmnorte\/wp-content\/uploads\/sites\/11\/2021\/08\/Portada_Nota_-2.png\",\"datePublished\":\"2021-08-14T03:04:17+00:00\",\"dateModified\":\"2021-08-19T19:22:38+00:00\",\"author\":{\"@id\":\"https:\/\/dev.explora.cl\/rmnorte\/#\/schema\/person\/4ad985b29a183eab4170892260e133a5\"},\"breadcrumb\":{\"@id\":\"https:\/\/dev.explora.cl\/rmnorte\/taller-escuelas-seguras-en-tiempos-de-covid19\/#breadcrumb\"},\"inLanguage\":\"es-CL\",\"potentialAction\":[{\"@type\":\"ReadAction\",\"target\":[\"https:\/\/dev.explora.cl\/rmnorte\/taller-escuelas-seguras-en-tiempos-de-covid19\/\"]}]},{\"@type\":\"ImageObject\",\"inLanguage\":\"es-CL\",\"@id\":\"https:\/\/dev.explora.cl\/rmnorte\/taller-escuelas-seguras-en-tiempos-de-covid19\/#primaryimage\",\"url\":\"https:\/\/dev.explora.cl\/rmnorte\/wp-content\/uploads\/sites\/11\/2021\/08\/Portada_Nota_-2.png\",\"contentUrl\":\"https:\/\/dev.explora.cl\/rmnorte\/wp-content\/uploads\/sites\/11\/2021\/08\/Portada_Nota_-2.png\",\"width\":4796,\"height\":2679},{\"@type\":\"BreadcrumbList\",\"@id\":\"https:\/\/dev.explora.cl\/rmnorte\/taller-escuelas-seguras-en-tiempos-de-covid19\/#breadcrumb\",\"itemListElement\":[{\"@type\":\"ListItem\",\"position\":1,\"name\":\"Portada\",\"item\":\"https:\/\/dev.explora.cl\/rmnorte\/\"},{\"@type\":\"ListItem\",\"position\":2,\"name\":\"TALLER: Escuelas Seguras en tiempos de COVID19\"}]},{\"@type\":\"WebSite\",\"@id\":\"https:\/\/dev.explora.cl\/rmnorte\/#website\",\"url\":\"https:\/\/dev.explora.cl\/rmnorte\/\",\"name\":\"RM Norte\",\"description\":\"RM Norte dev.explora.cl\",\"potentialAction\":[{\"@type\":\"SearchAction\",\"target\":{\"@type\":\"EntryPoint\",\"urlTemplate\":\"https:\/\/dev.explora.cl\/rmnorte\/?s={search_term_string}\"},\"query-input\":{\"@type\":\"PropertyValueSpecification\",\"valueRequired\":true,\"valueName\":\"search_term_string\"}}],\"inLanguage\":\"es-CL\"},{\"@type\":\"Person\",\"@id\":\"https:\/\/dev.explora.cl\/rmnorte\/#\/schema\/person\/4ad985b29a183eab4170892260e133a5\",\"name\":\"dgarcia\",\"image\":{\"@type\":\"ImageObject\",\"inLanguage\":\"es-CL\",\"@id\":\"https:\/\/dev.explora.cl\/rmnorte\/#\/schema\/person\/image\/\",\"url\":\"https:\/\/secure.gravatar.com\/avatar\/06e2fd9f68a0c19cd669ddc183de83489acab601aa57958e0f60175e5013e6b7?s=96&d=mm&r=g\",\"contentUrl\":\"https:\/\/secure.gravatar.com\/avatar\/06e2fd9f68a0c19cd669ddc183de83489acab601aa57958e0f60175e5013e6b7?s=96&d=mm&r=g\",\"caption\":\"dgarcia\"},\"url\":\"https:\/\/dev.explora.cl\/rmnorte\/author\/dgarcia\/\"}]}<\/script>\n<!-- \/ Yoast SEO plugin. -->","yoast_head_json":{"title":"TALLER: Escuelas Seguras en tiempos de COVID19 - RM Norte","robots":{"index":"index","follow":"follow","max-snippet":"max-snippet:-1","max-image-preview":"max-image-preview:large","max-video-preview":"max-video-preview:-1"},"canonical":"https:\/\/dev.explora.cl\/rmnorte\/taller-escuelas-seguras-en-tiempos-de-covid19\/","og_locale":"es_ES","og_type":"article","og_title":"TALLER: Escuelas Seguras en tiempos de COVID19 - RM Norte","og_description":"Con el objetivo de dar respuesta a las inquietudes que han surgido en la comunidad educativa, tras la reanudaci\u00f3n de las actividades presenciales, un equipo multidisciplinario de cient\u00edficos explicar\u00e1 y proveer\u00e1 informaci\u00f3n cient\u00edfica actualizada sobre la evidencia del COVID19 y la eficacia de las medidas de mitigaci\u00f3n del contagio por SARS-COV-2. Adem\u00e1s, se tratar\u00e1n las pr\u00e1cticas que permitir\u00e1n mejorar el desarrollo de actividades presenciales, minimizando el riesgo cuando sea posible.","og_url":"https:\/\/dev.explora.cl\/rmnorte\/taller-escuelas-seguras-en-tiempos-de-covid19\/","og_site_name":"RM Norte","article_published_time":"2021-08-14T03:04:17+00:00","article_modified_time":"2021-08-19T19:22:38+00:00","og_image":[{"width":4796,"height":2679,"url":"https:\/\/dev.explora.cl\/rmnorte\/wp-content\/uploads\/sites\/11\/2021\/08\/Portada_Nota_-2.png","type":"image\/png"}],"author":"dgarcia","twitter_card":"summary_large_image","twitter_misc":{"Escrito por":"dgarcia","Tiempo estimado de lectura":"1 minuto"},"schema":{"@context":"https:\/\/schema.org","@graph":[{"@type":"Article","@id":"https:\/\/dev.explora.cl\/rmnorte\/taller-escuelas-seguras-en-tiempos-de-covid19\/#article","isPartOf":{"@id":"https:\/\/dev.explora.cl\/rmnorte\/taller-escuelas-seguras-en-tiempos-de-covid19\/"},"author":{"name":"dgarcia","@id":"https:\/\/dev.explora.cl\/rmnorte\/#\/schema\/person\/4ad985b29a183eab4170892260e133a5"},"headline":"TALLER: Escuelas Seguras en tiempos de COVID19","datePublished":"2021-08-14T03:04:17+00:00","dateModified":"2021-08-19T19:22:38+00:00","mainEntityOfPage":{"@id":"https:\/\/dev.explora.cl\/rmnorte\/taller-escuelas-seguras-en-tiempos-de-covid19\/"},"wordCount":274,"commentCount":0,"image":{"@id":"https:\/\/dev.explora.cl\/rmnorte\/taller-escuelas-seguras-en-tiempos-de-covid19\/#primaryimage"},"thumbnailUrl":"https:\/\/dev.explora.cl\/rmnorte\/wp-content\/uploads\/sites\/11\/2021\/08\/Portada_Nota_-2.png","articleSection":["Lugar 7"],"inLanguage":"es-CL","potentialAction":[{"@type":"CommentAction","name":"Comment","target":["https:\/\/dev.explora.cl\/rmnorte\/taller-escuelas-seguras-en-tiempos-de-covid19\/#respond"]}]},{"@type":"WebPage","@id":"https:\/\/dev.explora.cl\/rmnorte\/taller-escuelas-seguras-en-tiempos-de-covid19\/","url":"https:\/\/dev.explora.cl\/rmnorte\/taller-escuelas-seguras-en-tiempos-de-covid19\/","name":"TALLER: Escuelas Seguras en tiempos de COVID19 - RM Norte","isPartOf":{"@id":"https:\/\/dev.explora.cl\/rmnorte\/#website"},"primaryImageOfPage":{"@id":"https:\/\/dev.explora.cl\/rmnorte\/taller-escuelas-seguras-en-tiempos-de-covid19\/#primaryimage"},"image":{"@id":"https:\/\/dev.explora.cl\/rmnorte\/taller-escuelas-seguras-en-tiempos-de-covid19\/#primaryimage"},"thumbnailUrl":"https:\/\/dev.explora.cl\/rmnorte\/wp-content\/uploads\/sites\/11\/2021\/08\/Portada_Nota_-2.png","datePublished":"2021-08-14T03:04:17+00:00","dateModified":"2021-08-19T19:22:38+00:00","author":{"@id":"https:\/\/dev.explora.cl\/rmnorte\/#\/schema\/person\/4ad985b29a183eab4170892260e133a5"},"breadcrumb":{"@id":"https:\/\/dev.explora.cl\/rmnorte\/taller-escuelas-seguras-en-tiempos-de-covid19\/#breadcrumb"},"inLanguage":"es-CL","potentialAction":[{"@type":"ReadAction","target":["https:\/\/dev.explora.cl\/rmnorte\/taller-escuelas-seguras-en-tiempos-de-covid19\/"]}]},{"@type":"ImageObject","inLanguage":"es-CL","@id":"https:\/\/dev.explora.cl\/rmnorte\/taller-escuelas-seguras-en-tiempos-de-covid19\/#primaryimage","url":"https:\/\/dev.explora.cl\/rmnorte\/wp-content\/uploads\/sites\/11\/2021\/08\/Portada_Nota_-2.png","contentUrl":"https:\/\/dev.explora.cl\/rmnorte\/wp-content\/uploads\/sites\/11\/2021\/08\/Portada_Nota_-2.png","width":4796,"height":2679},{"@type":"BreadcrumbList","@id":"https:\/\/dev.explora.cl\/rmnorte\/taller-escuelas-seguras-en-tiempos-de-covid19\/#breadcrumb","itemListElement":[{"@type":"ListItem","position":1,"name":"Portada","item":"https:\/\/dev.explora.cl\/rmnorte\/"},{"@type":"ListItem","position":2,"name":"TALLER: Escuelas Seguras en tiempos de COVID19"}]},{"@type":"WebSite","@id":"https:\/\/dev.explora.cl\/rmnorte\/#website","url":"https:\/\/dev.explora.cl\/rmnorte\/","name":"RM Norte","description":"RM Norte dev.explora.cl","potentialAction":[{"@type":"SearchAction","target":{"@type":"EntryPoint","urlTemplate":"https:\/\/dev.explora.cl\/rmnorte\/?s={search_term_string}"},"query-input":{"@type":"PropertyValueSpecification","valueRequired":true,"valueName":"search_term_string"}}],"inLanguage":"es-CL"},{"@type":"Person","@id":"https:\/\/dev.explora.cl\/rmnorte\/#\/schema\/person\/4ad985b29a183eab4170892260e133a5","name":"dgarcia","image":{"@type":"ImageObject","inLanguage":"es-CL","@id":"https:\/\/dev.explora.cl\/rmnorte\/#\/schema\/person\/image\/","url":"https:\/\/secure.gravatar.com\/avatar\/06e2fd9f68a0c19cd669ddc183de83489acab601aa57958e0f60175e5013e6b7?s=96&d=mm&r=g","contentUrl":"https:\/\/secure.gravatar.com\/avatar\/06e2fd9f68a0c19cd669ddc183de83489acab601aa57958e0f60175e5013e6b7?s=96&d=mm&r=g","caption":"dgarcia"},"url":"https:\/\/dev.explora.cl\/rmnorte\/author\/dgarcia\/"}]}},"_links":{"self":[{"href":"https:\/\/dev.explora.cl\/rmnorte\/wp-json\/wp\/v2\/posts\/40792","targetHints":{"allow":["GET"]}}],"collection":[{"href":"https:\/\/dev.explora.cl\/rmnorte\/wp-json\/wp\/v2\/posts"}],"about":[{"href":"https:\/\/dev.explora.cl\/rmnorte\/wp-json\/wp\/v2\/types\/post"}],"author":[{"embeddable":true,"href":"https:\/\/dev.explora.cl\/rmnorte\/wp-json\/wp\/v2\/users\/26"}],"replies":[{"embeddable":true,"href":"https:\/\/dev.explora.cl\/rmnorte\/wp-json\/wp\/v2\/comments?post=40792"}],"version-history":[{"count":1,"href":"https:\/\/dev.explora.cl\/rmnorte\/wp-json\/wp\/v2\/posts\/40792\/revisions"}],"predecessor-version":[{"id":40795,"href":"https:\/\/dev.explora.cl\/rmnorte\/wp-json\/wp\/v2\/posts\/40792\/revisions\/40795"}],"wp:featuredmedia":[{"embeddable":true,"href":"https:\/\/dev.explora.cl\/rmnorte\/wp-json\/wp\/v2\/media\/40797"}],"wp:attachment":[{"href":"https:\/\/dev.explora.cl\/rmnorte\/wp-json\/wp\/v2\/media?parent=40792"}],"wp:term":[{"taxonomy":"category","embeddable":true,"href":"https:\/\/dev.explora.cl\/rmnorte\/wp-json\/wp\/v2\/categories?post=40792"},{"taxonomy":"post_tag","embeddable":true,"href":"https:\/\/dev.explora.cl\/rmnorte\/wp-json\/wp\/v2\/tags?post=40792"}],"curies":[{"name":"wp","href":"https:\/\/api.w.org\/{rel}","templated":true}]}}