{"id":40460,"date":"2021-05-04T18:10:00","date_gmt":"2021-05-04T22:10:00","guid":{"rendered":"https:\/\/dev.explora.cl\/rmnorte\/?p=40460"},"modified":"2021-06-16T12:43:02","modified_gmt":"2021-06-16T16:43:02","slug":"convocatoria-abierta-asesor-a-cientifics-en-accion","status":"publish","type":"post","link":"https:\/\/dev.explora.cl\/rmnorte\/convocatoria-abierta-asesor-a-cientifics-en-accion\/","title":{"rendered":"Convocatoria abierta: Asesor\/a Cient\u00edfic@s en Acci\u00f3n"},"content":{"rendered":"<div class=\"gs\">\n<div class=\"\">\n<div id=\":qk\" class=\"ii gt adO\">\n<div id=\":qj\" class=\"a3s aiL \">\n<div dir=\"ltr\">\n<div>\n<div dir=\"ltr\" data-smartmail=\"gmail_signature\">\n<div dir=\"ltr\">\n<div><em><strong>\u00a1Invitamos a todas y todos los\/as especialistas a que quieran ser asesores de un equipo de investigaci\u00f3n escolar a inscribirse hasta el 20 de mayo!<\/strong><\/em><\/div>\n<div><\/div>\n<div><\/div>\n<div>\n<div><span style=\"color: #000000\">Invitamos a toda la comunidad cient\u00edfica-tecnol\u00f3gica del pa\u00eds a formar\u00a0 parte de la iniciativa &#8220;Clubes Cient\u00edficos Escolares Explora RMN&#8221; en modalidad de asesores cient\u00edficos online. En esta iniciativa estudiantes de\u00a0\u00a05\u00b0 b\u00e1sico a 4\u00b0 medio forman equipos liderados por sus docentes ,y entre los meses de junio-octubre formulan y ejecutan un proyecto de investigaci\u00f3n o innovaci\u00f3n que surge desde su propio inter\u00e9s y motivaciones. Para este proceso es fundamental el acompa\u00f1amiento y gu\u00eda de especialistas en \u00e1reas afines a sus proyectos.<\/span><\/div>\n<div><span style=\"color: #000000\">\u00a0<\/span><\/div>\n<div><span style=\"color: #000000\">Los estudiantes y docentes que son parte de los clubes pertenecen a establecimientos educacionales de las 17 comunas que conforman\u00a0 de la comunidad Explora RM Norte: Lo Barnechea, \u00d1u\u00f1oa, Providencia, Pudahuel, Quilicura, Recoleta, Renca, Santiago, Tiltil, Vitacura, Colina, Conchal\u00ed, Huechuraba, Independencia, La Reina, Lampa y Las Conde<i>s.\u00a0<\/i><\/span><\/div>\n<div><i><span style=\"color: #000000\"><b>\u00a0<\/b><\/span><\/i><\/div>\n<div>\n<p><span style=\"color: #000000\"><b>\u00bfQui\u00e9nes pueden ser asesores\/as cient\u00edficos\/as?<\/b><\/span><\/p>\n<p>El\/la asesor\/a cient\u00edfico\/a debe ser un profesional de las distintas \u00e1reas de las ciencias, tecnolog\u00eda, artes y humanidades que tenga el grado de Mag\u00edster o Doctor, o bien, que se encuentre actualmente cursando estudios de postgrado o que sean especialista en el \u00e1rea de la innovaci\u00f3n y\/o tecnolog\u00eda. Debe ser una persona motivada, que quiera aportar de forma voluntaria y a partir desde sus saberes a los ni\u00f1os, ni\u00f1as y j\u00f3venes cient\u00edficos que se est\u00e1n iniciando en esta etapa de formaci\u00f3n fundamental.<\/p>\n<p><b>Las \u00e1reas en las que puede trabajar son las siguientes:<\/b><\/p>\n<p>1) \u00a0 Investigaci\u00f3n:<br \/>\n\u25cf Ciencias Naturales y\/o exactas: corresponde a investigaciones que abordan fen\u00f3menos de las ciencias biol\u00f3gicas, f\u00edsicas, qu\u00edmicas, de la tierra, m\u00e9dicas, de la salud, agr\u00edcolas, entre otras.<br \/>\n\u25cf Ciencias Sociales: corresponde a investigaciones que abordan fen\u00f3menos de la sociolog\u00eda, historia, geograf\u00eda, econom\u00eda, psicolog\u00eda, entre otras.<br \/>\n\u25cf Artes y Humanidades: corresponde a investigaciones que abordan fen\u00f3menos o problem\u00e1ticas relacionadas al estudio de la condici\u00f3n humana.<\/p>\n<p>2) \u00a0 Innovaci\u00f3n: soluciones cient\u00edfico\/tecnol\u00f3gicas a problem\u00e1ticas detectadas por las y los estudiantes.<\/p>\n<p><b>Esta iniciativa tiene como objetivos:<\/b><\/p>\n<p>1) Fomentar el desarrollo de competencias para la investigaci\u00f3n e innovaci\u00f3n en la comunidad educativa, haciendo \u00e9nfasis en preguntas y necesidades que surjan desde su entorno y vida cotidiana de manera colaborativa.<br \/>\n2) Promover la apropiaci\u00f3n social de la investigaci\u00f3n e innovaci\u00f3n como pr\u00e1ctica cultural en la comunidad educativa.<\/p>\n<\/div>\n<div><span style=\"color: #000000\">\u00a0<\/span><\/div>\n<div>\n<p><b>Para mayor informaci\u00f3n de la convocatoria:<\/b><\/p>\n<p><a href=\"https:\/\/drive.google.com\/file\/d\/1BKtweYdY4cC2VDadVfDEN8w0oWc_w_Gh\/view?usp=sharing\"><img loading=\"lazy\" decoding=\"async\" class=\"wp-image-40464 aligncenter\" src=\"https:\/\/dev.explora.cl\/rmnorte\/wp-content\/uploads\/sites\/11\/2021\/05\/Boton_Convocatoria.png\" alt=\"\" width=\"240\" height=\"70\" srcset=\"https:\/\/dev.explora.cl\/rmnorte\/wp-content\/uploads\/sites\/11\/2021\/05\/Boton_Convocatoria.png 946w, https:\/\/dev.explora.cl\/rmnorte\/wp-content\/uploads\/sites\/11\/2021\/05\/Boton_Convocatoria-300x88.png 300w, https:\/\/dev.explora.cl\/rmnorte\/wp-content\/uploads\/sites\/11\/2021\/05\/Boton_Convocatoria-768x224.png 768w\" sizes=\"auto, (max-width: 240px) 100vw, 240px\" \/><\/a><\/p>\n<p><b>La postulaci\u00f3n ser\u00e1 hasta el 20 de mayo a trav\u00e9s del\u00a0 siguiente formulario:<\/b><\/p>\n<p><a href=\"https:\/\/docs.google.com\/forms\/d\/e\/1FAIpQLSfdrD-uWSxTW6guqHBHWP1refMSsfa9NsXt6D0mceIDrni1UQ\/viewform\"><img loading=\"lazy\" decoding=\"async\" class=\"wp-image-40463 aligncenter\" src=\"https:\/\/dev.explora.cl\/rmnorte\/wp-content\/uploads\/sites\/11\/2021\/05\/Boton_Formulario_Asesores.png\" alt=\"\" width=\"241\" height=\"71\" srcset=\"https:\/\/dev.explora.cl\/rmnorte\/wp-content\/uploads\/sites\/11\/2021\/05\/Boton_Formulario_Asesores.png 946w, https:\/\/dev.explora.cl\/rmnorte\/wp-content\/uploads\/sites\/11\/2021\/05\/Boton_Formulario_Asesores-300x88.png 300w, https:\/\/dev.explora.cl\/rmnorte\/wp-content\/uploads\/sites\/11\/2021\/05\/Boton_Formulario_Asesores-768x224.png 768w\" sizes=\"auto, (max-width: 241px) 100vw, 241px\" \/><\/a><\/p>\n<\/div>\n<\/div>\n<div><b>***Importante: No olvides descargar y adjuntar al momento de postular el certificado de No inhabilidad de trabajo con menores:\u00a0<\/b><\/div>\n<\/div>\n<\/div>\n<\/div>\n<div class=\"yj6qo ajU\">\n<div id=\":qz\" class=\"ajR\" role=\"button\" data-tooltip=\"Mostrar contenido reducido\" aria-label=\"Mostrar contenido reducido\"><a href=\"https:\/\/inhabilidades.srcei.cl\/ConsInhab\/consultaInhabilidad.do\"><img loading=\"lazy\" decoding=\"async\" class=\"wp-image-40465 aligncenter\" src=\"https:\/\/dev.explora.cl\/rmnorte\/wp-content\/uploads\/sites\/11\/2021\/05\/Boton_Inhabilidades.png\" alt=\"\" width=\"240\" height=\"70\" srcset=\"https:\/\/dev.explora.cl\/rmnorte\/wp-content\/uploads\/sites\/11\/2021\/05\/Boton_Inhabilidades.png 946w, https:\/\/dev.explora.cl\/rmnorte\/wp-content\/uploads\/sites\/11\/2021\/05\/Boton_Inhabilidades-300x88.png 300w, https:\/\/dev.explora.cl\/rmnorte\/wp-content\/uploads\/sites\/11\/2021\/05\/Boton_Inhabilidades-768x224.png 768w\" sizes=\"auto, (max-width: 240px) 100vw, 240px\" \/><\/a><\/div>\n<\/div>\n<\/div>\n<\/div>\n<\/div>\n<\/div>\n<\/div>\n<p>&nbsp;<\/p>\n<p>&nbsp;<\/p>\n<p>&nbsp;<\/p>\n<p>&nbsp;<\/p>\n<h3><\/h3>\n<h3 style=\"text-align: left\"><\/h3>\n<p>&nbsp;<\/p>\n<p>&nbsp;<\/p>\n<h3><\/h3>\n<p>&nbsp;<\/p>\n<p>&nbsp;<\/p>\n<p>&nbsp;<\/p>\n<p>&nbsp;<\/p>\n<p>&nbsp;<\/p>\n<p>&nbsp;<\/p>\n<p>&nbsp;<\/p>\n<p>&nbsp;<\/p>\n<p>&nbsp;<\/p>\n<p>&nbsp;<\/p>\n","protected":false},"excerpt":{"rendered":"<p>\u00a1Invitamos a todas y todos los\/as especialistas a que quieran ser asesores de un equipo de investigaci\u00f3n escolar a inscribirse hasta el 20 de mayo! Invitamos a toda la comunidad cient\u00edfica-tecnol\u00f3gica del pa\u00eds a formar\u00a0 parte de la iniciativa &#8220;Clubes Cient\u00edficos Escolares Explora RMN&#8221; en modalidad de asesores cient\u00edficos online. En esta iniciativa estudiantes de\u00a0\u00a05\u00b0 [&hellip;]<\/p>\n","protected":false},"author":26,"featured_media":40461,"comment_status":"open","ping_status":"open","sticky":false,"template":"","format":"standard","meta":{"_acf_changed":false,"_exactmetrics_skip_tracking":false,"_exactmetrics_sitenote_active":false,"_exactmetrics_sitenote_note":"","_exactmetrics_sitenote_category":0,"footnotes":"","_links_to":"","_links_to_target":""},"categories":[151,137],"tags":[],"class_list":["post-40460","post","type-post","status-publish","format-standard","has-post-thumbnail","hentry","category-banner","category-lugar-2"],"acf":[],"yoast_head":"<!-- This site is optimized with the Yoast SEO plugin v26.7 - https:\/\/yoast.com\/wordpress\/plugins\/seo\/ -->\n<title>Convocatoria abierta: Asesor\/a Cient\u00edfic@s en Acci\u00f3n - RM Norte<\/title>\n<meta name=\"robots\" content=\"index, follow, max-snippet:-1, max-image-preview:large, max-video-preview:-1\" \/>\n<link rel=\"canonical\" href=\"https:\/\/dev.explora.cl\/rmnorte\/convocatoria-abierta-asesor-a-cientifics-en-accion\/\" class=\"yoast-seo-meta-tag\" \/>\n<meta property=\"og:locale\" content=\"es_ES\" class=\"yoast-seo-meta-tag\" \/>\n<meta property=\"og:type\" content=\"article\" class=\"yoast-seo-meta-tag\" \/>\n<meta property=\"og:title\" content=\"Convocatoria abierta: Asesor\/a Cient\u00edfic@s en Acci\u00f3n - RM Norte\" class=\"yoast-seo-meta-tag\" \/>\n<meta property=\"og:description\" content=\"\u00a1Invitamos a todas y todos los\/as especialistas a que quieran ser asesores de un equipo de investigaci\u00f3n escolar a inscribirse hasta el 20 de mayo! Invitamos a toda la comunidad cient\u00edfica-tecnol\u00f3gica del pa\u00eds a formar\u00a0 parte de la iniciativa &#8220;Clubes Cient\u00edficos Escolares Explora RMN&#8221; en modalidad de asesores cient\u00edficos online. En esta iniciativa estudiantes de\u00a0\u00a05\u00b0 [&hellip;]\" class=\"yoast-seo-meta-tag\" \/>\n<meta property=\"og:url\" content=\"https:\/\/dev.explora.cl\/rmnorte\/convocatoria-abierta-asesor-a-cientifics-en-accion\/\" class=\"yoast-seo-meta-tag\" \/>\n<meta property=\"og:site_name\" content=\"RM Norte\" class=\"yoast-seo-meta-tag\" \/>\n<meta property=\"article:published_time\" content=\"2021-05-04T22:10:00+00:00\" class=\"yoast-seo-meta-tag\" \/>\n<meta property=\"article:modified_time\" content=\"2021-06-16T16:43:02+00:00\" class=\"yoast-seo-meta-tag\" \/>\n<meta property=\"og:image\" content=\"https:\/\/dev.explora.cl\/rmnorte\/wp-content\/uploads\/sites\/11\/2021\/05\/Banner_Peque\u00f1o.png\" class=\"yoast-seo-meta-tag\" \/>\n\t<meta property=\"og:image:width\" content=\"1483\" class=\"yoast-seo-meta-tag\" \/>\n\t<meta property=\"og:image:height\" content=\"794\" class=\"yoast-seo-meta-tag\" \/>\n\t<meta property=\"og:image:type\" content=\"image\/png\" class=\"yoast-seo-meta-tag\" \/>\n<meta name=\"author\" content=\"dgarcia\" class=\"yoast-seo-meta-tag\" \/>\n<meta name=\"twitter:card\" content=\"summary_large_image\" class=\"yoast-seo-meta-tag\" \/>\n<meta name=\"twitter:label1\" content=\"Escrito por\" class=\"yoast-seo-meta-tag\" \/>\n\t<meta name=\"twitter:data1\" content=\"dgarcia\" class=\"yoast-seo-meta-tag\" \/>\n\t<meta name=\"twitter:label2\" content=\"Tiempo estimado de lectura\" class=\"yoast-seo-meta-tag\" \/>\n\t<meta name=\"twitter:data2\" content=\"2 minutos\" class=\"yoast-seo-meta-tag\" \/>\n<script type=\"application\/ld+json\" class=\"yoast-schema-graph\">{\"@context\":\"https:\/\/schema.org\",\"@graph\":[{\"@type\":\"Article\",\"@id\":\"https:\/\/dev.explora.cl\/rmnorte\/convocatoria-abierta-asesor-a-cientifics-en-accion\/#article\",\"isPartOf\":{\"@id\":\"https:\/\/dev.explora.cl\/rmnorte\/convocatoria-abierta-asesor-a-cientifics-en-accion\/\"},\"author\":{\"name\":\"dgarcia\",\"@id\":\"https:\/\/dev.explora.cl\/rmnorte\/#\/schema\/person\/4ad985b29a183eab4170892260e133a5\"},\"headline\":\"Convocatoria abierta: Asesor\/a Cient\u00edfic@s en Acci\u00f3n\",\"datePublished\":\"2021-05-04T22:10:00+00:00\",\"dateModified\":\"2021-06-16T16:43:02+00:00\",\"mainEntityOfPage\":{\"@id\":\"https:\/\/dev.explora.cl\/rmnorte\/convocatoria-abierta-asesor-a-cientifics-en-accion\/\"},\"wordCount\":497,\"commentCount\":0,\"image\":{\"@id\":\"https:\/\/dev.explora.cl\/rmnorte\/convocatoria-abierta-asesor-a-cientifics-en-accion\/#primaryimage\"},\"thumbnailUrl\":\"https:\/\/dev.explora.cl\/rmnorte\/wp-content\/uploads\/sites\/11\/2021\/05\/Banner_Peque\u00f1o.png\",\"articleSection\":[\"Banner\",\"Lugar 2\"],\"inLanguage\":\"es-CL\",\"potentialAction\":[{\"@type\":\"CommentAction\",\"name\":\"Comment\",\"target\":[\"https:\/\/dev.explora.cl\/rmnorte\/convocatoria-abierta-asesor-a-cientifics-en-accion\/#respond\"]}]},{\"@type\":\"WebPage\",\"@id\":\"https:\/\/dev.explora.cl\/rmnorte\/convocatoria-abierta-asesor-a-cientifics-en-accion\/\",\"url\":\"https:\/\/dev.explora.cl\/rmnorte\/convocatoria-abierta-asesor-a-cientifics-en-accion\/\",\"name\":\"Convocatoria abierta: Asesor\/a Cient\u00edfic@s en Acci\u00f3n - RM Norte\",\"isPartOf\":{\"@id\":\"https:\/\/dev.explora.cl\/rmnorte\/#website\"},\"primaryImageOfPage\":{\"@id\":\"https:\/\/dev.explora.cl\/rmnorte\/convocatoria-abierta-asesor-a-cientifics-en-accion\/#primaryimage\"},\"image\":{\"@id\":\"https:\/\/dev.explora.cl\/rmnorte\/convocatoria-abierta-asesor-a-cientifics-en-accion\/#primaryimage\"},\"thumbnailUrl\":\"https:\/\/dev.explora.cl\/rmnorte\/wp-content\/uploads\/sites\/11\/2021\/05\/Banner_Peque\u00f1o.png\",\"datePublished\":\"2021-05-04T22:10:00+00:00\",\"dateModified\":\"2021-06-16T16:43:02+00:00\",\"author\":{\"@id\":\"https:\/\/dev.explora.cl\/rmnorte\/#\/schema\/person\/4ad985b29a183eab4170892260e133a5\"},\"breadcrumb\":{\"@id\":\"https:\/\/dev.explora.cl\/rmnorte\/convocatoria-abierta-asesor-a-cientifics-en-accion\/#breadcrumb\"},\"inLanguage\":\"es-CL\",\"potentialAction\":[{\"@type\":\"ReadAction\",\"target\":[\"https:\/\/dev.explora.cl\/rmnorte\/convocatoria-abierta-asesor-a-cientifics-en-accion\/\"]}]},{\"@type\":\"ImageObject\",\"inLanguage\":\"es-CL\",\"@id\":\"https:\/\/dev.explora.cl\/rmnorte\/convocatoria-abierta-asesor-a-cientifics-en-accion\/#primaryimage\",\"url\":\"https:\/\/dev.explora.cl\/rmnorte\/wp-content\/uploads\/sites\/11\/2021\/05\/Banner_Peque\u00f1o.png\",\"contentUrl\":\"https:\/\/dev.explora.cl\/rmnorte\/wp-content\/uploads\/sites\/11\/2021\/05\/Banner_Peque\u00f1o.png\",\"width\":1483,\"height\":794},{\"@type\":\"BreadcrumbList\",\"@id\":\"https:\/\/dev.explora.cl\/rmnorte\/convocatoria-abierta-asesor-a-cientifics-en-accion\/#breadcrumb\",\"itemListElement\":[{\"@type\":\"ListItem\",\"position\":1,\"name\":\"Portada\",\"item\":\"https:\/\/dev.explora.cl\/rmnorte\/\"},{\"@type\":\"ListItem\",\"position\":2,\"name\":\"Convocatoria abierta: Asesor\/a Cient\u00edfic@s en Acci\u00f3n\"}]},{\"@type\":\"WebSite\",\"@id\":\"https:\/\/dev.explora.cl\/rmnorte\/#website\",\"url\":\"https:\/\/dev.explora.cl\/rmnorte\/\",\"name\":\"RM Norte\",\"description\":\"RM Norte dev.explora.cl\",\"potentialAction\":[{\"@type\":\"SearchAction\",\"target\":{\"@type\":\"EntryPoint\",\"urlTemplate\":\"https:\/\/dev.explora.cl\/rmnorte\/?s={search_term_string}\"},\"query-input\":{\"@type\":\"PropertyValueSpecification\",\"valueRequired\":true,\"valueName\":\"search_term_string\"}}],\"inLanguage\":\"es-CL\"},{\"@type\":\"Person\",\"@id\":\"https:\/\/dev.explora.cl\/rmnorte\/#\/schema\/person\/4ad985b29a183eab4170892260e133a5\",\"name\":\"dgarcia\",\"image\":{\"@type\":\"ImageObject\",\"inLanguage\":\"es-CL\",\"@id\":\"https:\/\/dev.explora.cl\/rmnorte\/#\/schema\/person\/image\/\",\"url\":\"https:\/\/secure.gravatar.com\/avatar\/06e2fd9f68a0c19cd669ddc183de83489acab601aa57958e0f60175e5013e6b7?s=96&d=mm&r=g\",\"contentUrl\":\"https:\/\/secure.gravatar.com\/avatar\/06e2fd9f68a0c19cd669ddc183de83489acab601aa57958e0f60175e5013e6b7?s=96&d=mm&r=g\",\"caption\":\"dgarcia\"},\"url\":\"https:\/\/dev.explora.cl\/rmnorte\/author\/dgarcia\/\"}]}<\/script>\n<!-- \/ Yoast SEO plugin. -->","yoast_head_json":{"title":"Convocatoria abierta: Asesor\/a Cient\u00edfic@s en Acci\u00f3n - RM Norte","robots":{"index":"index","follow":"follow","max-snippet":"max-snippet:-1","max-image-preview":"max-image-preview:large","max-video-preview":"max-video-preview:-1"},"canonical":"https:\/\/dev.explora.cl\/rmnorte\/convocatoria-abierta-asesor-a-cientifics-en-accion\/","og_locale":"es_ES","og_type":"article","og_title":"Convocatoria abierta: Asesor\/a Cient\u00edfic@s en Acci\u00f3n - RM Norte","og_description":"\u00a1Invitamos a todas y todos los\/as especialistas a que quieran ser asesores de un equipo de investigaci\u00f3n escolar a inscribirse hasta el 20 de mayo! Invitamos a toda la comunidad cient\u00edfica-tecnol\u00f3gica del pa\u00eds a formar\u00a0 parte de la iniciativa &#8220;Clubes Cient\u00edficos Escolares Explora RMN&#8221; en modalidad de asesores cient\u00edficos online. En esta iniciativa estudiantes de\u00a0\u00a05\u00b0 [&hellip;]","og_url":"https:\/\/dev.explora.cl\/rmnorte\/convocatoria-abierta-asesor-a-cientifics-en-accion\/","og_site_name":"RM Norte","article_published_time":"2021-05-04T22:10:00+00:00","article_modified_time":"2021-06-16T16:43:02+00:00","og_image":[{"width":1483,"height":794,"url":"https:\/\/dev.explora.cl\/rmnorte\/wp-content\/uploads\/sites\/11\/2021\/05\/Banner_Peque\u00f1o.png","type":"image\/png"}],"author":"dgarcia","twitter_card":"summary_large_image","twitter_misc":{"Escrito por":"dgarcia","Tiempo estimado de lectura":"2 minutos"},"schema":{"@context":"https:\/\/schema.org","@graph":[{"@type":"Article","@id":"https:\/\/dev.explora.cl\/rmnorte\/convocatoria-abierta-asesor-a-cientifics-en-accion\/#article","isPartOf":{"@id":"https:\/\/dev.explora.cl\/rmnorte\/convocatoria-abierta-asesor-a-cientifics-en-accion\/"},"author":{"name":"dgarcia","@id":"https:\/\/dev.explora.cl\/rmnorte\/#\/schema\/person\/4ad985b29a183eab4170892260e133a5"},"headline":"Convocatoria abierta: Asesor\/a Cient\u00edfic@s en Acci\u00f3n","datePublished":"2021-05-04T22:10:00+00:00","dateModified":"2021-06-16T16:43:02+00:00","mainEntityOfPage":{"@id":"https:\/\/dev.explora.cl\/rmnorte\/convocatoria-abierta-asesor-a-cientifics-en-accion\/"},"wordCount":497,"commentCount":0,"image":{"@id":"https:\/\/dev.explora.cl\/rmnorte\/convocatoria-abierta-asesor-a-cientifics-en-accion\/#primaryimage"},"thumbnailUrl":"https:\/\/dev.explora.cl\/rmnorte\/wp-content\/uploads\/sites\/11\/2021\/05\/Banner_Peque\u00f1o.png","articleSection":["Banner","Lugar 2"],"inLanguage":"es-CL","potentialAction":[{"@type":"CommentAction","name":"Comment","target":["https:\/\/dev.explora.cl\/rmnorte\/convocatoria-abierta-asesor-a-cientifics-en-accion\/#respond"]}]},{"@type":"WebPage","@id":"https:\/\/dev.explora.cl\/rmnorte\/convocatoria-abierta-asesor-a-cientifics-en-accion\/","url":"https:\/\/dev.explora.cl\/rmnorte\/convocatoria-abierta-asesor-a-cientifics-en-accion\/","name":"Convocatoria abierta: Asesor\/a Cient\u00edfic@s en Acci\u00f3n - RM Norte","isPartOf":{"@id":"https:\/\/dev.explora.cl\/rmnorte\/#website"},"primaryImageOfPage":{"@id":"https:\/\/dev.explora.cl\/rmnorte\/convocatoria-abierta-asesor-a-cientifics-en-accion\/#primaryimage"},"image":{"@id":"https:\/\/dev.explora.cl\/rmnorte\/convocatoria-abierta-asesor-a-cientifics-en-accion\/#primaryimage"},"thumbnailUrl":"https:\/\/dev.explora.cl\/rmnorte\/wp-content\/uploads\/sites\/11\/2021\/05\/Banner_Peque\u00f1o.png","datePublished":"2021-05-04T22:10:00+00:00","dateModified":"2021-06-16T16:43:02+00:00","author":{"@id":"https:\/\/dev.explora.cl\/rmnorte\/#\/schema\/person\/4ad985b29a183eab4170892260e133a5"},"breadcrumb":{"@id":"https:\/\/dev.explora.cl\/rmnorte\/convocatoria-abierta-asesor-a-cientifics-en-accion\/#breadcrumb"},"inLanguage":"es-CL","potentialAction":[{"@type":"ReadAction","target":["https:\/\/dev.explora.cl\/rmnorte\/convocatoria-abierta-asesor-a-cientifics-en-accion\/"]}]},{"@type":"ImageObject","inLanguage":"es-CL","@id":"https:\/\/dev.explora.cl\/rmnorte\/convocatoria-abierta-asesor-a-cientifics-en-accion\/#primaryimage","url":"https:\/\/dev.explora.cl\/rmnorte\/wp-content\/uploads\/sites\/11\/2021\/05\/Banner_Peque\u00f1o.png","contentUrl":"https:\/\/dev.explora.cl\/rmnorte\/wp-content\/uploads\/sites\/11\/2021\/05\/Banner_Peque\u00f1o.png","width":1483,"height":794},{"@type":"BreadcrumbList","@id":"https:\/\/dev.explora.cl\/rmnorte\/convocatoria-abierta-asesor-a-cientifics-en-accion\/#breadcrumb","itemListElement":[{"@type":"ListItem","position":1,"name":"Portada","item":"https:\/\/dev.explora.cl\/rmnorte\/"},{"@type":"ListItem","position":2,"name":"Convocatoria abierta: Asesor\/a Cient\u00edfic@s en Acci\u00f3n"}]},{"@type":"WebSite","@id":"https:\/\/dev.explora.cl\/rmnorte\/#website","url":"https:\/\/dev.explora.cl\/rmnorte\/","name":"RM Norte","description":"RM Norte dev.explora.cl","potentialAction":[{"@type":"SearchAction","target":{"@type":"EntryPoint","urlTemplate":"https:\/\/dev.explora.cl\/rmnorte\/?s={search_term_string}"},"query-input":{"@type":"PropertyValueSpecification","valueRequired":true,"valueName":"search_term_string"}}],"inLanguage":"es-CL"},{"@type":"Person","@id":"https:\/\/dev.explora.cl\/rmnorte\/#\/schema\/person\/4ad985b29a183eab4170892260e133a5","name":"dgarcia","image":{"@type":"ImageObject","inLanguage":"es-CL","@id":"https:\/\/dev.explora.cl\/rmnorte\/#\/schema\/person\/image\/","url":"https:\/\/secure.gravatar.com\/avatar\/06e2fd9f68a0c19cd669ddc183de83489acab601aa57958e0f60175e5013e6b7?s=96&d=mm&r=g","contentUrl":"https:\/\/secure.gravatar.com\/avatar\/06e2fd9f68a0c19cd669ddc183de83489acab601aa57958e0f60175e5013e6b7?s=96&d=mm&r=g","caption":"dgarcia"},"url":"https:\/\/dev.explora.cl\/rmnorte\/author\/dgarcia\/"}]}},"_links":{"self":[{"href":"https:\/\/dev.explora.cl\/rmnorte\/wp-json\/wp\/v2\/posts\/40460","targetHints":{"allow":["GET"]}}],"collection":[{"href":"https:\/\/dev.explora.cl\/rmnorte\/wp-json\/wp\/v2\/posts"}],"about":[{"href":"https:\/\/dev.explora.cl\/rmnorte\/wp-json\/wp\/v2\/types\/post"}],"author":[{"embeddable":true,"href":"https:\/\/dev.explora.cl\/rmnorte\/wp-json\/wp\/v2\/users\/26"}],"replies":[{"embeddable":true,"href":"https:\/\/dev.explora.cl\/rmnorte\/wp-json\/wp\/v2\/comments?post=40460"}],"version-history":[{"count":5,"href":"https:\/\/dev.explora.cl\/rmnorte\/wp-json\/wp\/v2\/posts\/40460\/revisions"}],"predecessor-version":[{"id":40477,"href":"https:\/\/dev.explora.cl\/rmnorte\/wp-json\/wp\/v2\/posts\/40460\/revisions\/40477"}],"wp:featuredmedia":[{"embeddable":true,"href":"https:\/\/dev.explora.cl\/rmnorte\/wp-json\/wp\/v2\/media\/40461"}],"wp:attachment":[{"href":"https:\/\/dev.explora.cl\/rmnorte\/wp-json\/wp\/v2\/media?parent=40460"}],"wp:term":[{"taxonomy":"category","embeddable":true,"href":"https:\/\/dev.explora.cl\/rmnorte\/wp-json\/wp\/v2\/categories?post=40460"},{"taxonomy":"post_tag","embeddable":true,"href":"https:\/\/dev.explora.cl\/rmnorte\/wp-json\/wp\/v2\/tags?post=40460"}],"curies":[{"name":"wp","href":"https:\/\/api.w.org\/{rel}","templated":true}]}}