{"id":31864,"date":"2014-05-23T00:00:00","date_gmt":"2014-05-23T04:00:00","guid":{"rendered":"https:\/\/dev.explora.cl\/rmnorte\/blog\/2014\/05\/23\/noticias-regional-metropolitana-norte-29\/"},"modified":"2019-05-20T17:24:47","modified_gmt":"2019-05-20T17:24:47","slug":"noticias-regional-metropolitana-norte-29","status":"publish","type":"post","link":"https:\/\/dev.explora.cl\/rmnorte\/noticias-regional-metropolitana-norte-29\/","title":{"rendered":"Origen de la forma animal en la evoluci\u00f3n y desarrollo"},"content":{"rendered":"<table style=\"height: 269px;width: 540px\" border=\"0\">\n<tbody>\n<tr>\n<td valign=\"top\"><img loading=\"lazy\" decoding=\"async\" class=\" size-full wp-image-2563\" src=\"http:\/\/ec2-34-218-253-251.us-west-2.compute.amazonaws.com\/wp-content\/uploads\/2014\/05\/Origen_de_la_forma_animal_-_portada.jpg\" alt=\"Origen de la forma animal - portada\" width=\"90\" height=\"90\" \/><\/td>\n<td>\n<p style=\"color: #555555;font-family: Arial, sans-serif;font-size: 14px;line-height: 23px\"><span style=\"color: #555555;font-family: Arial, sans-serif;font-size: 14px;line-height: 23px\">Los invitamos a participar de dos Conferencias de Divulgaci\u00f3n Cient\u00edfica sobre el \u201cEl Origen de la Forma Animal en la Evoluci\u00f3n y Desarrollo\u201d<\/span><\/p>\n<\/td>\n<\/tr>\n<tr>\n<td colspan=\"2\">&nbsp; <\/p>\n<div class=\"entry-content\" style=\"width: 514px;padding: 0px;border: 0px;overflow: hidden;color: #555555;font-family: Arial, sans-serif;font-size: 14px;line-height: 23px\">\n<p><img loading=\"lazy\" decoding=\"async\" class=\"alignright\" style=\"border: 1px solid #e2e2e2;max-width: 100%;height: auto;float: right;margin: 5px 0px 20px 20px\" src=\"https:\/\/dev.explora.cl\/images_new\/SitiosRegionales-RM\/NoticiasRegionales-RM\/Origen_de_la_forma_animal_-_afiche.jpg\" alt=\"Origen_de_la_forma_animal_-_afiche\" width=\"350\" height=\"541\" \/>Expondr\u00e1n cient\u00edficos de renombre mundial, quienes entregar\u00e1n los \u00faltimos avances sobre el origen de la forma en tejidos y organismos animales en la evoluci\u00f3n y desarrollo.<\/p>\n<div><strong><a style=\"color: #e28400;border-bottom-width: 1px;border-bottom-style: dotted\" href=\"http:\/\/www.nymc.edu\/sanewman\/\">STUART NEWMAN<\/a><\/strong>:&nbsp;Profesor de Biolog\u00eda Celular y Anatom\u00eda en el New York Medical College de EEUU. Destacado por su contribuci\u00f3n al entendimiento del origen de la forma animal desde una perspectiva f\u00edsico-evolutiva.<\/div>\n<div><strong>&nbsp;<\/strong><\/div>\n<div><strong><a style=\"color: #e28400;border-bottom-width: 1px;border-bottom-style: dotted\" href=\"http:\/\/faculty.virginia.edu\/keller-lab\/\">RAY KELLER<\/a>:&nbsp;<\/strong>Profesor de Biolog\u00eda de la Universidad de Virginia en EEUU. Destacado por su contribuci\u00f3n al entendimiento del origen de patrones y formas durante el desarrollo embrionario.<\/div>\n<div>&nbsp;<\/div>\n<div>Este evento es auspiciado por el Instituto de Neurociencia Biom\u00e9dica (Chile), la red Europea de Biolog\u00eda Cuantitativa QuanTissue, y CONICYT.<\/div>\n<div>&nbsp;<\/div>\n<div>&nbsp;<\/div>\n<div>\n<div><strong>C\u00f3mo Asistir<\/strong><\/div>\n<div>El evento es gratuito previa inscripci\u00f3n. Los cupos son limitados<br \/>INCRIPCIONES&nbsp;<a style=\"color: #e28400;border-bottom-width: 1px;border-bottom-style: dotted\" href=\"http:\/\/www.eventbrite.com\/e\/origen-de-la-forma-animal-en-la-evolucion-y-desarrollo-tickets-10992319323\">AQUI<\/a><\/div>\n<div>Si quieres inscribir a tu colegio o establecimiento&nbsp;<a style=\"color: #e28400;border-bottom-width: 1px;border-bottom-style: dotted\" href=\"http:\/\/form.jotformz.com\/form\/40655941981665\">AQUI<\/a><\/div>\n<div>&nbsp;<\/div>\n<div>&nbsp;<\/div>\n<div><strong>Lugar:&nbsp;<\/strong>Sede del Congreso Nacional en Santiago, Catedral 1158, Santiago (Metro Plaza de Armas).<\/div>\n<div><strong>D\u00eda y Hora<\/strong>: &nbsp;Mi\u00e9rcoles 14 de Mayo de 2014, de 10:00 a 13:00 hrs.<\/div>\n<div>&nbsp;<\/div>\n<div>&nbsp;<\/div>\n<div>M\u00c1S INFORMACI\u00d3N&nbsp;<a style=\"color: #e28400;border-bottom-width: 1px;border-bottom-style: dotted\" href=\"http:\/\/www.cellmorphodynamics.cl\/openlecture2014\/\">AQU\u00cd<\/a><\/div>\n<\/p><\/div>\n<\/p><\/div>\n<p style=\"color: #555555;font-family: Arial, sans-serif;font-size: 14px;line-height: 23px\">&nbsp;<\/p>\n<\/td>\n<\/tr>\n<\/tbody>\n<\/table>\n","protected":false},"excerpt":{"rendered":"<p>Los invitamos a participar de dos Conferencias de Divulgaci\u00f3n Cient\u00edfica sobre el \u201cEl Origen de la Forma Animal en la Evoluci\u00f3n y Desarrollo\u201d &nbsp; Expondr\u00e1n cient\u00edficos de renombre mundial, quienes entregar\u00e1n los \u00faltimos avances sobre el origen de la forma en tejidos y organismos animales en la evoluci\u00f3n y desarrollo. STUART NEWMAN:&nbsp;Profesor de Biolog\u00eda Celular [&hellip;]<\/p>\n","protected":false},"author":2,"featured_media":31865,"comment_status":"closed","ping_status":"open","sticky":false,"template":"","format":"standard","meta":{"_acf_changed":false,"_exactmetrics_skip_tracking":false,"_exactmetrics_sitenote_active":false,"_exactmetrics_sitenote_note":"","_exactmetrics_sitenote_category":0,"footnotes":"","_links_to":"","_links_to_target":""},"categories":[4],"tags":[],"class_list":["post-31864","post","type-post","status-publish","format-standard","has-post-thumbnail","hentry","category-noticias"],"acf":[],"yoast_head":"<!-- This site is optimized with the Yoast SEO plugin v26.7 - https:\/\/yoast.com\/wordpress\/plugins\/seo\/ -->\n<title>Origen de la forma animal en la evoluci\u00f3n y desarrollo - RM Norte<\/title>\n<meta name=\"robots\" content=\"index, follow, max-snippet:-1, max-image-preview:large, max-video-preview:-1\" \/>\n<link rel=\"canonical\" href=\"https:\/\/dev.explora.cl\/rmnorte\/noticias-regional-metropolitana-norte-29\/\" class=\"yoast-seo-meta-tag\" \/>\n<meta property=\"og:locale\" content=\"es_ES\" class=\"yoast-seo-meta-tag\" \/>\n<meta property=\"og:type\" content=\"article\" class=\"yoast-seo-meta-tag\" \/>\n<meta property=\"og:title\" content=\"Origen de la forma animal en la evoluci\u00f3n y desarrollo - RM Norte\" class=\"yoast-seo-meta-tag\" \/>\n<meta property=\"og:description\" content=\"Los invitamos a participar de dos Conferencias de Divulgaci\u00f3n Cient\u00edfica sobre el \u201cEl Origen de la Forma Animal en la Evoluci\u00f3n y Desarrollo\u201d &nbsp; Expondr\u00e1n cient\u00edficos de renombre mundial, quienes entregar\u00e1n los \u00faltimos avances sobre el origen de la forma en tejidos y organismos animales en la evoluci\u00f3n y desarrollo. STUART NEWMAN:&nbsp;Profesor de Biolog\u00eda Celular [&hellip;]\" class=\"yoast-seo-meta-tag\" \/>\n<meta property=\"og:url\" content=\"https:\/\/dev.explora.cl\/rmnorte\/noticias-regional-metropolitana-norte-29\/\" class=\"yoast-seo-meta-tag\" \/>\n<meta property=\"og:site_name\" content=\"RM Norte\" class=\"yoast-seo-meta-tag\" \/>\n<meta property=\"article:published_time\" content=\"2014-05-23T04:00:00+00:00\" class=\"yoast-seo-meta-tag\" \/>\n<meta property=\"article:modified_time\" content=\"2019-05-20T17:24:47+00:00\" class=\"yoast-seo-meta-tag\" \/>\n<meta property=\"og:image\" content=\"https:\/\/dev.explora.cl\/rmnorte\/wp-content\/uploads\/sites\/11\/2018\/06\/Origen_de_la_forma_animal_-_portada.jpg\" class=\"yoast-seo-meta-tag\" \/>\n\t<meta property=\"og:image:width\" content=\"90\" class=\"yoast-seo-meta-tag\" \/>\n\t<meta property=\"og:image:height\" content=\"90\" class=\"yoast-seo-meta-tag\" \/>\n\t<meta property=\"og:image:type\" content=\"image\/jpeg\" class=\"yoast-seo-meta-tag\" \/>\n<meta name=\"author\" content=\"webman\" class=\"yoast-seo-meta-tag\" \/>\n<meta name=\"twitter:card\" content=\"summary_large_image\" class=\"yoast-seo-meta-tag\" \/>\n<meta name=\"twitter:label1\" content=\"Escrito por\" class=\"yoast-seo-meta-tag\" \/>\n\t<meta name=\"twitter:data1\" content=\"webman\" class=\"yoast-seo-meta-tag\" \/>\n\t<meta name=\"twitter:label2\" content=\"Tiempo estimado de lectura\" class=\"yoast-seo-meta-tag\" \/>\n\t<meta name=\"twitter:data2\" content=\"1 minuto\" class=\"yoast-seo-meta-tag\" \/>\n<script type=\"application\/ld+json\" class=\"yoast-schema-graph\">{\"@context\":\"https:\/\/schema.org\",\"@graph\":[{\"@type\":\"Article\",\"@id\":\"https:\/\/dev.explora.cl\/rmnorte\/noticias-regional-metropolitana-norte-29\/#article\",\"isPartOf\":{\"@id\":\"https:\/\/dev.explora.cl\/rmnorte\/noticias-regional-metropolitana-norte-29\/\"},\"author\":{\"name\":\"webman\",\"@id\":\"https:\/\/dev.explora.cl\/rmnorte\/#\/schema\/person\/cb8349c13ea2d324080adf8480d7ba5d\"},\"headline\":\"Origen de la forma animal en la evoluci\u00f3n y desarrollo\",\"datePublished\":\"2014-05-23T04:00:00+00:00\",\"dateModified\":\"2019-05-20T17:24:47+00:00\",\"mainEntityOfPage\":{\"@id\":\"https:\/\/dev.explora.cl\/rmnorte\/noticias-regional-metropolitana-norte-29\/\"},\"wordCount\":226,\"image\":{\"@id\":\"https:\/\/dev.explora.cl\/rmnorte\/noticias-regional-metropolitana-norte-29\/#primaryimage\"},\"thumbnailUrl\":\"https:\/\/dev.explora.cl\/rmnorte\/wp-content\/uploads\/sites\/11\/2018\/06\/Origen_de_la_forma_animal_-_portada.jpg\",\"articleSection\":[\"Noticias\"],\"inLanguage\":\"es-CL\"},{\"@type\":\"WebPage\",\"@id\":\"https:\/\/dev.explora.cl\/rmnorte\/noticias-regional-metropolitana-norte-29\/\",\"url\":\"https:\/\/dev.explora.cl\/rmnorte\/noticias-regional-metropolitana-norte-29\/\",\"name\":\"Origen de la forma animal en la evoluci\u00f3n y desarrollo - RM Norte\",\"isPartOf\":{\"@id\":\"https:\/\/dev.explora.cl\/rmnorte\/#website\"},\"primaryImageOfPage\":{\"@id\":\"https:\/\/dev.explora.cl\/rmnorte\/noticias-regional-metropolitana-norte-29\/#primaryimage\"},\"image\":{\"@id\":\"https:\/\/dev.explora.cl\/rmnorte\/noticias-regional-metropolitana-norte-29\/#primaryimage\"},\"thumbnailUrl\":\"https:\/\/dev.explora.cl\/rmnorte\/wp-content\/uploads\/sites\/11\/2018\/06\/Origen_de_la_forma_animal_-_portada.jpg\",\"datePublished\":\"2014-05-23T04:00:00+00:00\",\"dateModified\":\"2019-05-20T17:24:47+00:00\",\"author\":{\"@id\":\"https:\/\/dev.explora.cl\/rmnorte\/#\/schema\/person\/cb8349c13ea2d324080adf8480d7ba5d\"},\"breadcrumb\":{\"@id\":\"https:\/\/dev.explora.cl\/rmnorte\/noticias-regional-metropolitana-norte-29\/#breadcrumb\"},\"inLanguage\":\"es-CL\",\"potentialAction\":[{\"@type\":\"ReadAction\",\"target\":[\"https:\/\/dev.explora.cl\/rmnorte\/noticias-regional-metropolitana-norte-29\/\"]}]},{\"@type\":\"ImageObject\",\"inLanguage\":\"es-CL\",\"@id\":\"https:\/\/dev.explora.cl\/rmnorte\/noticias-regional-metropolitana-norte-29\/#primaryimage\",\"url\":\"https:\/\/dev.explora.cl\/rmnorte\/wp-content\/uploads\/sites\/11\/2018\/06\/Origen_de_la_forma_animal_-_portada.jpg\",\"contentUrl\":\"https:\/\/dev.explora.cl\/rmnorte\/wp-content\/uploads\/sites\/11\/2018\/06\/Origen_de_la_forma_animal_-_portada.jpg\",\"width\":90,\"height\":90},{\"@type\":\"BreadcrumbList\",\"@id\":\"https:\/\/dev.explora.cl\/rmnorte\/noticias-regional-metropolitana-norte-29\/#breadcrumb\",\"itemListElement\":[{\"@type\":\"ListItem\",\"position\":1,\"name\":\"Portada\",\"item\":\"https:\/\/dev.explora.cl\/rmnorte\/\"},{\"@type\":\"ListItem\",\"position\":2,\"name\":\"Origen de la forma animal en la evoluci\u00f3n y desarrollo\"}]},{\"@type\":\"WebSite\",\"@id\":\"https:\/\/dev.explora.cl\/rmnorte\/#website\",\"url\":\"https:\/\/dev.explora.cl\/rmnorte\/\",\"name\":\"RM Norte\",\"description\":\"RM Norte dev.explora.cl\",\"potentialAction\":[{\"@type\":\"SearchAction\",\"target\":{\"@type\":\"EntryPoint\",\"urlTemplate\":\"https:\/\/dev.explora.cl\/rmnorte\/?s={search_term_string}\"},\"query-input\":{\"@type\":\"PropertyValueSpecification\",\"valueRequired\":true,\"valueName\":\"search_term_string\"}}],\"inLanguage\":\"es-CL\"},{\"@type\":\"Person\",\"@id\":\"https:\/\/dev.explora.cl\/rmnorte\/#\/schema\/person\/cb8349c13ea2d324080adf8480d7ba5d\",\"name\":\"webman\",\"image\":{\"@type\":\"ImageObject\",\"inLanguage\":\"es-CL\",\"@id\":\"https:\/\/dev.explora.cl\/rmnorte\/#\/schema\/person\/image\/\",\"url\":\"https:\/\/secure.gravatar.com\/avatar\/eeff3c82f2c02f7177d13663b7e6f890e9a6a0647ce9bb29cae02dcb094c7312?s=96&d=mm&r=g\",\"contentUrl\":\"https:\/\/secure.gravatar.com\/avatar\/eeff3c82f2c02f7177d13663b7e6f890e9a6a0647ce9bb29cae02dcb094c7312?s=96&d=mm&r=g\",\"caption\":\"webman\"},\"url\":\"https:\/\/dev.explora.cl\/rmnorte\/author\/webman\/\"}]}<\/script>\n<!-- \/ Yoast SEO plugin. -->","yoast_head_json":{"title":"Origen de la forma animal en la evoluci\u00f3n y desarrollo - RM Norte","robots":{"index":"index","follow":"follow","max-snippet":"max-snippet:-1","max-image-preview":"max-image-preview:large","max-video-preview":"max-video-preview:-1"},"canonical":"https:\/\/dev.explora.cl\/rmnorte\/noticias-regional-metropolitana-norte-29\/","og_locale":"es_ES","og_type":"article","og_title":"Origen de la forma animal en la evoluci\u00f3n y desarrollo - RM Norte","og_description":"Los invitamos a participar de dos Conferencias de Divulgaci\u00f3n Cient\u00edfica sobre el \u201cEl Origen de la Forma Animal en la Evoluci\u00f3n y Desarrollo\u201d &nbsp; Expondr\u00e1n cient\u00edficos de renombre mundial, quienes entregar\u00e1n los \u00faltimos avances sobre el origen de la forma en tejidos y organismos animales en la evoluci\u00f3n y desarrollo. STUART NEWMAN:&nbsp;Profesor de Biolog\u00eda Celular [&hellip;]","og_url":"https:\/\/dev.explora.cl\/rmnorte\/noticias-regional-metropolitana-norte-29\/","og_site_name":"RM Norte","article_published_time":"2014-05-23T04:00:00+00:00","article_modified_time":"2019-05-20T17:24:47+00:00","og_image":[{"width":90,"height":90,"url":"https:\/\/dev.explora.cl\/rmnorte\/wp-content\/uploads\/sites\/11\/2018\/06\/Origen_de_la_forma_animal_-_portada.jpg","type":"image\/jpeg"}],"author":"webman","twitter_card":"summary_large_image","twitter_misc":{"Escrito por":"webman","Tiempo estimado de lectura":"1 minuto"},"schema":{"@context":"https:\/\/schema.org","@graph":[{"@type":"Article","@id":"https:\/\/dev.explora.cl\/rmnorte\/noticias-regional-metropolitana-norte-29\/#article","isPartOf":{"@id":"https:\/\/dev.explora.cl\/rmnorte\/noticias-regional-metropolitana-norte-29\/"},"author":{"name":"webman","@id":"https:\/\/dev.explora.cl\/rmnorte\/#\/schema\/person\/cb8349c13ea2d324080adf8480d7ba5d"},"headline":"Origen de la forma animal en la evoluci\u00f3n y desarrollo","datePublished":"2014-05-23T04:00:00+00:00","dateModified":"2019-05-20T17:24:47+00:00","mainEntityOfPage":{"@id":"https:\/\/dev.explora.cl\/rmnorte\/noticias-regional-metropolitana-norte-29\/"},"wordCount":226,"image":{"@id":"https:\/\/dev.explora.cl\/rmnorte\/noticias-regional-metropolitana-norte-29\/#primaryimage"},"thumbnailUrl":"https:\/\/dev.explora.cl\/rmnorte\/wp-content\/uploads\/sites\/11\/2018\/06\/Origen_de_la_forma_animal_-_portada.jpg","articleSection":["Noticias"],"inLanguage":"es-CL"},{"@type":"WebPage","@id":"https:\/\/dev.explora.cl\/rmnorte\/noticias-regional-metropolitana-norte-29\/","url":"https:\/\/dev.explora.cl\/rmnorte\/noticias-regional-metropolitana-norte-29\/","name":"Origen de la forma animal en la evoluci\u00f3n y desarrollo - RM Norte","isPartOf":{"@id":"https:\/\/dev.explora.cl\/rmnorte\/#website"},"primaryImageOfPage":{"@id":"https:\/\/dev.explora.cl\/rmnorte\/noticias-regional-metropolitana-norte-29\/#primaryimage"},"image":{"@id":"https:\/\/dev.explora.cl\/rmnorte\/noticias-regional-metropolitana-norte-29\/#primaryimage"},"thumbnailUrl":"https:\/\/dev.explora.cl\/rmnorte\/wp-content\/uploads\/sites\/11\/2018\/06\/Origen_de_la_forma_animal_-_portada.jpg","datePublished":"2014-05-23T04:00:00+00:00","dateModified":"2019-05-20T17:24:47+00:00","author":{"@id":"https:\/\/dev.explora.cl\/rmnorte\/#\/schema\/person\/cb8349c13ea2d324080adf8480d7ba5d"},"breadcrumb":{"@id":"https:\/\/dev.explora.cl\/rmnorte\/noticias-regional-metropolitana-norte-29\/#breadcrumb"},"inLanguage":"es-CL","potentialAction":[{"@type":"ReadAction","target":["https:\/\/dev.explora.cl\/rmnorte\/noticias-regional-metropolitana-norte-29\/"]}]},{"@type":"ImageObject","inLanguage":"es-CL","@id":"https:\/\/dev.explora.cl\/rmnorte\/noticias-regional-metropolitana-norte-29\/#primaryimage","url":"https:\/\/dev.explora.cl\/rmnorte\/wp-content\/uploads\/sites\/11\/2018\/06\/Origen_de_la_forma_animal_-_portada.jpg","contentUrl":"https:\/\/dev.explora.cl\/rmnorte\/wp-content\/uploads\/sites\/11\/2018\/06\/Origen_de_la_forma_animal_-_portada.jpg","width":90,"height":90},{"@type":"BreadcrumbList","@id":"https:\/\/dev.explora.cl\/rmnorte\/noticias-regional-metropolitana-norte-29\/#breadcrumb","itemListElement":[{"@type":"ListItem","position":1,"name":"Portada","item":"https:\/\/dev.explora.cl\/rmnorte\/"},{"@type":"ListItem","position":2,"name":"Origen de la forma animal en la evoluci\u00f3n y desarrollo"}]},{"@type":"WebSite","@id":"https:\/\/dev.explora.cl\/rmnorte\/#website","url":"https:\/\/dev.explora.cl\/rmnorte\/","name":"RM Norte","description":"RM Norte dev.explora.cl","potentialAction":[{"@type":"SearchAction","target":{"@type":"EntryPoint","urlTemplate":"https:\/\/dev.explora.cl\/rmnorte\/?s={search_term_string}"},"query-input":{"@type":"PropertyValueSpecification","valueRequired":true,"valueName":"search_term_string"}}],"inLanguage":"es-CL"},{"@type":"Person","@id":"https:\/\/dev.explora.cl\/rmnorte\/#\/schema\/person\/cb8349c13ea2d324080adf8480d7ba5d","name":"webman","image":{"@type":"ImageObject","inLanguage":"es-CL","@id":"https:\/\/dev.explora.cl\/rmnorte\/#\/schema\/person\/image\/","url":"https:\/\/secure.gravatar.com\/avatar\/eeff3c82f2c02f7177d13663b7e6f890e9a6a0647ce9bb29cae02dcb094c7312?s=96&d=mm&r=g","contentUrl":"https:\/\/secure.gravatar.com\/avatar\/eeff3c82f2c02f7177d13663b7e6f890e9a6a0647ce9bb29cae02dcb094c7312?s=96&d=mm&r=g","caption":"webman"},"url":"https:\/\/dev.explora.cl\/rmnorte\/author\/webman\/"}]}},"_links":{"self":[{"href":"https:\/\/dev.explora.cl\/rmnorte\/wp-json\/wp\/v2\/posts\/31864","targetHints":{"allow":["GET"]}}],"collection":[{"href":"https:\/\/dev.explora.cl\/rmnorte\/wp-json\/wp\/v2\/posts"}],"about":[{"href":"https:\/\/dev.explora.cl\/rmnorte\/wp-json\/wp\/v2\/types\/post"}],"author":[{"embeddable":true,"href":"https:\/\/dev.explora.cl\/rmnorte\/wp-json\/wp\/v2\/users\/2"}],"replies":[{"embeddable":true,"href":"https:\/\/dev.explora.cl\/rmnorte\/wp-json\/wp\/v2\/comments?post=31864"}],"version-history":[{"count":1,"href":"https:\/\/dev.explora.cl\/rmnorte\/wp-json\/wp\/v2\/posts\/31864\/revisions"}],"predecessor-version":[{"id":38667,"href":"https:\/\/dev.explora.cl\/rmnorte\/wp-json\/wp\/v2\/posts\/31864\/revisions\/38667"}],"wp:featuredmedia":[{"embeddable":true,"href":"https:\/\/dev.explora.cl\/rmnorte\/wp-json\/wp\/v2\/media\/31865"}],"wp:attachment":[{"href":"https:\/\/dev.explora.cl\/rmnorte\/wp-json\/wp\/v2\/media?parent=31864"}],"wp:term":[{"taxonomy":"category","embeddable":true,"href":"https:\/\/dev.explora.cl\/rmnorte\/wp-json\/wp\/v2\/categories?post=31864"},{"taxonomy":"post_tag","embeddable":true,"href":"https:\/\/dev.explora.cl\/rmnorte\/wp-json\/wp\/v2\/tags?post=31864"}],"curies":[{"name":"wp","href":"https:\/\/api.w.org\/{rel}","templated":true}]}}