{"id":31862,"date":"2014-05-23T00:00:00","date_gmt":"2014-05-23T04:00:00","guid":{"rendered":"https:\/\/dev.explora.cl\/rmnorte\/blog\/2014\/05\/23\/noticias-regional-metropolitana-norte-28\/"},"modified":"2019-05-20T17:25:01","modified_gmt":"2019-05-20T17:25:01","slug":"noticias-regional-metropolitana-norte-28","status":"publish","type":"post","link":"https:\/\/dev.explora.cl\/rmnorte\/noticias-regional-metropolitana-norte-28\/","title":{"rendered":"Clubes AICE de la zona norte tendr\u00e1n su capacitaci\u00f3n inicial"},"content":{"rendered":"<table style=\"height: 269px;width: 540px\" border=\"0\">\n<tbody>\n<tr>\n<td valign=\"top\"><img loading=\"lazy\" decoding=\"async\" class=\" size-full wp-image-2561\" src=\"http:\/\/ec2-34-218-253-251.us-west-2.compute.amazonaws.com\/wp-content\/uploads\/2014\/05\/Logo_Clubes_AICE_-_portada.jpg\" alt=\"Logo Clubes AICE - portada\" width=\"90\" height=\"90\" \/><\/td>\n<td>\n<p style=\"color: #555555;font-family: Arial, sans-serif;font-size: 14px;line-height: 23px\"><span style=\"color: #555555;font-family: Arial, sans-serif;font-size: 14px;line-height: 23px\">Los pr\u00f3ximos 20 y 21 de marzo, los Clubes que se ejecutar\u00e1n este a\u00f1o sostendr\u00e1n un encuentro en el que se abordar\u00e1n diversas tem\u00e1ticas que les permitir\u00e1 a los docentes que los dirigen, llevar a cabo una correcta implementaci\u00f3n.<\/span><\/p>\n<\/td>\n<\/tr>\n<tr>\n<td colspan=\"2\">&nbsp; <\/p>\n<p style=\"color: #555555;font-family: Arial, sans-serif;font-size: 14px;line-height: 23px\"><img loading=\"lazy\" decoding=\"async\" class=\"alignright\" style=\"border: 1px solid #e2e2e2;max-width: 100%;height: auto;float: right;margin: 5px 0px 20px 20px\" src=\"https:\/\/dev.explora.cl\/images_new\/SitiosRegionales-RM\/NoticiasRegionales-RM\/Capacitacin_Clubes_-_afiche.jpg\" alt=\"Capacitacin_Clubes_-_afiche\" width=\"400\" height=\"579\" \/>En la Sede Santiago de la Universidad Arturo Prat se desarrollar\u00e1 esta capacitaci\u00f3n que est\u00e1 est\u00e1 destinada a las y los Profesores Asesores y Alternos de los Clubes de Apoyo a la Investigaci\u00f3n Cient\u00edfica Escolar que se ejecutar\u00e1n durante el presente a\u00f1o en establecimientos pertenecientes a las comunas incluidas en la Zona Norte de la Regi\u00f3n Metropolitana.<\/p>\n<p style=\"color: #555555;font-family: Arial, sans-serif;font-size: 14px;line-height: 23px\">En total son 8 los clubes, de 6 establecimientos, los que incluyen un total de 135 estudiantes de educaci\u00f3n b\u00e1sica y media, provenientes de las comunas de La Reina, Recoleta, Santiago, \u00d1u\u00f1oa y Til Til, clubes que adem\u00e1s incorporan la participaci\u00f3n de un cient\u00edfico asesor.<\/p>\n<p style=\"color: #555555;font-family: Arial, sans-serif;font-size: 14px;line-height: 23px\">Los proyectos tienen un periodo de ejecuci\u00f3n de 6 meses, culminando con la postulaci\u00f3n al Congreso Regional de Explora, el que se realizar\u00e1 en el mes de octubre.<\/p>\n<p style=\"color: #555555;font-family: Arial, sans-serif;font-size: 14px;line-height: 23px\">Las etapas del m\u00e9todo cient\u00edfico, Tipos y preguntas de investigaci\u00f3n, Objetivos e hip\u00f3tesis de una investigaci\u00f3n y Revisi\u00f3n bibliogr\u00e1fica y fuentes de informaci\u00f3n, son algunas de las tem\u00e1ticas que se abordar\u00e1n en la capacitaci\u00f3n la que ser\u00e1 encabezada por la directora del Proyecto Explora RM Norte, Dra. Elia Soto.<\/p>\n<p style=\"color: #555555;font-family: Arial, sans-serif;font-size: 14px;line-height: 23px\">El encuentro se llevar\u00e1 a cabo en dos jornadas los pr\u00f3ximos jueves 20 y viernes 21 de marzo entre las 9 y las 17:30 hrs. en la Sede Santiago de la Universidad Arturo Prat, ubicada en calle San Pablo N\u00b0 1796, Metro Santa Ana.<\/p>\n<p style=\"color: #555555;font-family: Arial, sans-serif;font-size: 14px;line-height: 23px\">Esta es la lista de Clubes AICE adjudicados para el a\u00f1o 2014 en la Zona Norte de la Regi\u00f3n Metropolitana y que participar\u00e1n de esta capacitaci\u00f3n:<\/p>\n<table style=\"border-collapse: collapse;border-spacing: 0px;width: 514px;color: #555555;font-family: Arial, sans-serif;font-size: 14px;line-height: 23px\" border=\"1\" cellspacing=\"0\" cellpadding=\"0\">\n<tbody>\n<tr>\n<td style=\"padding: 6px;border: 1px solid #bbbbbb\" valign=\"bottom\" width=\"190\">\n<p align=\"center\"><strong>Clubes<\/strong><\/p>\n<\/td>\n<td style=\"padding: 6px;border: 1px solid #bbbbbb\" valign=\"bottom\" width=\"312\">\n<p align=\"center\"><strong>Establecimiento<\/strong><\/p>\n<\/td>\n<td style=\"padding: 6px;border: 1px solid #bbbbbb\" valign=\"bottom\" width=\"64\">\n<p align=\"center\"><strong>Comuna<\/strong><\/p>\n<\/td>\n<\/tr>\n<tr>\n<td style=\"padding: 6px;border: 1px solid #bbbbbb\" valign=\"bottom\" width=\"190\">Robotr\u00f3nica<\/td>\n<td style=\"padding: 6px;border: 1px solid #bbbbbb\" valign=\"bottom\" width=\"312\">Complejo Educacional Juanita Fern\u00e1ndez Solar<\/td>\n<td style=\"padding: 6px;border: 1px solid #bbbbbb\" valign=\"bottom\" width=\"64\">Recoleta<\/td>\n<\/tr>\n<tr>\n<td style=\"padding: 6px;border: 1px solid #bbbbbb\" valign=\"bottom\" width=\"190\">Mejorando el agua potable con plantas acu\u00e1ticas<\/td>\n<td style=\"padding: 6px;border: 1px solid #bbbbbb\" valign=\"bottom\" width=\"312\">Liceo A-52 Jos\u00e9 Toribio Medina<\/td>\n<td style=\"padding: 6px;border: 1px solid #bbbbbb\" valign=\"bottom\" width=\"64\">\u00d1u\u00f1oa<\/td>\n<\/tr>\n<tr>\n<td style=\"padding: 6px;border: 1px solid #bbbbbb\" valign=\"bottom\" width=\"190\">Taller de ciencias del color<\/td>\n<td style=\"padding: 6px;border: 1px solid #bbbbbb\" valign=\"bottom\" width=\"312\">Liceo Carmela Silva Donoso \u2013 Internado Nacional Femenino<\/td>\n<td style=\"padding: 6px;border: 1px solid #bbbbbb\" valign=\"bottom\" width=\"64\">\u00d1u\u00f1oa<\/td>\n<\/tr>\n<tr>\n<td style=\"padding: 6px;border: 1px solid #bbbbbb\" valign=\"bottom\" width=\"190\">Gotitas de Rungue<\/td>\n<td style=\"padding: 6px;border: 1px solid #bbbbbb\" valign=\"bottom\" width=\"312\">Escuela de Rungue<\/td>\n<td style=\"padding: 6px;border: 1px solid #bbbbbb\" valign=\"bottom\" width=\"64\">Til Til<\/td>\n<\/tr>\n<tr>\n<td style=\"padding: 6px;border: 1px solid #bbbbbb\" valign=\"bottom\" width=\"190\">Club de Ciencia \u201cGalileo\u201d<\/td>\n<td style=\"padding: 6px;border: 1px solid #bbbbbb\" valign=\"bottom\" width=\"312\">Escuela Libertadores de Chile<\/td>\n<td style=\"padding: 6px;border: 1px solid #bbbbbb\" valign=\"bottom\" width=\"64\">Santiago<\/td>\n<\/tr>\n<tr>\n<td style=\"padding: 6px;border: 1px solid #bbbbbb\" valign=\"bottom\" width=\"190\">Linterna Verde<\/td>\n<td style=\"padding: 6px;border: 1px solid #bbbbbb\" valign=\"bottom\" width=\"312\">Complejo Educacional Juanita Fern\u00e1ndez Solar<\/td>\n<td style=\"padding: 6px;border: 1px solid #bbbbbb\" valign=\"bottom\" width=\"64\">Recoleta<\/td>\n<\/tr>\n<tr>\n<td style=\"padding: 6px;border: 1px solid #bbbbbb\" valign=\"bottom\" width=\"190\">Rescatando la memoria de Villa la Reina<\/td>\n<td style=\"padding: 6px;border: 1px solid #bbbbbb\" valign=\"bottom\" width=\"312\">Liceo Eugenio Mar\u00eda de Hostos<\/td>\n<td style=\"padding: 6px;border: 1px solid #bbbbbb\" valign=\"bottom\" width=\"64\">La Reina<\/td>\n<\/tr>\n<tr>\n<td style=\"padding: 6px;border: 1px solid #bbbbbb\" valign=\"bottom\" width=\"190\">L\u00edquenes del Parque Nacional la Campana<\/td>\n<td style=\"padding: 6px;border: 1px solid #bbbbbb\" valign=\"bottom\" width=\"312\">Liceo Eugenio Mar\u00eda de Hostos<\/td>\n<td style=\"padding: 6px;border: 1px solid #bbbbbb\" valign=\"bottom\" width=\"64\">La Reina<\/td>\n<\/tr>\n<\/tbody>\n<\/table>\n<div class=\"sharedaddy sd-sharing-enabled\" style=\"clear: both;color: #555555;font-family: Arial, sans-serif;font-size: 14px;line-height: 23px\">\n<div class=\"robots-nocontent sd-block sd-social sd-social-icon-text sd-sharing\">\n<h3 class=\"sd-title\" style=\"color: #333333;font-family: 'Cantata One', serif;margin: 0px 0px 1em;line-height: 1.2;font-size: 9pt\">&nbsp;<\/h3>\n<\/p><\/div>\n<\/p><\/div>\n<p style=\"color: #555555;font-family: Arial, sans-serif;font-size: 14px;line-height: 23px\">&nbsp;<\/p>\n<\/td>\n<\/tr>\n<\/tbody>\n<\/table>\n","protected":false},"excerpt":{"rendered":"<p>Los pr\u00f3ximos 20 y 21 de marzo, los Clubes que se ejecutar\u00e1n este a\u00f1o sostendr\u00e1n un encuentro en el que se abordar\u00e1n diversas tem\u00e1ticas que les permitir\u00e1 a los docentes que los dirigen, llevar a cabo una correcta implementaci\u00f3n. &nbsp; En la Sede Santiago de la Universidad Arturo Prat se desarrollar\u00e1 esta capacitaci\u00f3n que est\u00e1 [&hellip;]<\/p>\n","protected":false},"author":2,"featured_media":31863,"comment_status":"closed","ping_status":"open","sticky":false,"template":"","format":"standard","meta":{"_acf_changed":false,"_exactmetrics_skip_tracking":false,"_exactmetrics_sitenote_active":false,"_exactmetrics_sitenote_note":"","_exactmetrics_sitenote_category":0,"footnotes":"","_links_to":"","_links_to_target":""},"categories":[4],"tags":[],"class_list":["post-31862","post","type-post","status-publish","format-standard","has-post-thumbnail","hentry","category-noticias"],"acf":[],"yoast_head":"<!-- This site is optimized with the Yoast SEO plugin v26.7 - https:\/\/yoast.com\/wordpress\/plugins\/seo\/ -->\n<title>Clubes AICE de la zona norte tendr\u00e1n su capacitaci\u00f3n inicial - RM Norte<\/title>\n<meta name=\"robots\" content=\"index, follow, max-snippet:-1, max-image-preview:large, max-video-preview:-1\" \/>\n<link rel=\"canonical\" href=\"https:\/\/dev.explora.cl\/rmnorte\/noticias-regional-metropolitana-norte-28\/\" class=\"yoast-seo-meta-tag\" \/>\n<meta property=\"og:locale\" content=\"es_ES\" class=\"yoast-seo-meta-tag\" \/>\n<meta property=\"og:type\" content=\"article\" class=\"yoast-seo-meta-tag\" \/>\n<meta property=\"og:title\" content=\"Clubes AICE de la zona norte tendr\u00e1n su capacitaci\u00f3n inicial - RM Norte\" class=\"yoast-seo-meta-tag\" \/>\n<meta property=\"og:description\" content=\"Los pr\u00f3ximos 20 y 21 de marzo, los Clubes que se ejecutar\u00e1n este a\u00f1o sostendr\u00e1n un encuentro en el que se abordar\u00e1n diversas tem\u00e1ticas que les permitir\u00e1 a los docentes que los dirigen, llevar a cabo una correcta implementaci\u00f3n. &nbsp; En la Sede Santiago de la Universidad Arturo Prat se desarrollar\u00e1 esta capacitaci\u00f3n que est\u00e1 [&hellip;]\" class=\"yoast-seo-meta-tag\" \/>\n<meta property=\"og:url\" content=\"https:\/\/dev.explora.cl\/rmnorte\/noticias-regional-metropolitana-norte-28\/\" class=\"yoast-seo-meta-tag\" \/>\n<meta property=\"og:site_name\" content=\"RM Norte\" class=\"yoast-seo-meta-tag\" \/>\n<meta property=\"article:published_time\" content=\"2014-05-23T04:00:00+00:00\" class=\"yoast-seo-meta-tag\" \/>\n<meta property=\"article:modified_time\" content=\"2019-05-20T17:25:01+00:00\" class=\"yoast-seo-meta-tag\" \/>\n<meta property=\"og:image\" content=\"https:\/\/dev.explora.cl\/rmnorte\/wp-content\/uploads\/sites\/11\/2018\/06\/Logo_Clubes_AICE_-_portada.jpg\" class=\"yoast-seo-meta-tag\" \/>\n\t<meta property=\"og:image:width\" content=\"90\" class=\"yoast-seo-meta-tag\" \/>\n\t<meta property=\"og:image:height\" content=\"90\" class=\"yoast-seo-meta-tag\" \/>\n\t<meta property=\"og:image:type\" content=\"image\/jpeg\" class=\"yoast-seo-meta-tag\" \/>\n<meta name=\"author\" content=\"webman\" class=\"yoast-seo-meta-tag\" \/>\n<meta name=\"twitter:card\" content=\"summary_large_image\" class=\"yoast-seo-meta-tag\" \/>\n<meta name=\"twitter:label1\" content=\"Escrito por\" class=\"yoast-seo-meta-tag\" \/>\n\t<meta name=\"twitter:data1\" content=\"webman\" class=\"yoast-seo-meta-tag\" \/>\n\t<meta name=\"twitter:label2\" content=\"Tiempo estimado de lectura\" class=\"yoast-seo-meta-tag\" \/>\n\t<meta name=\"twitter:data2\" content=\"2 minutos\" class=\"yoast-seo-meta-tag\" \/>\n<script type=\"application\/ld+json\" class=\"yoast-schema-graph\">{\"@context\":\"https:\/\/schema.org\",\"@graph\":[{\"@type\":\"Article\",\"@id\":\"https:\/\/dev.explora.cl\/rmnorte\/noticias-regional-metropolitana-norte-28\/#article\",\"isPartOf\":{\"@id\":\"https:\/\/dev.explora.cl\/rmnorte\/noticias-regional-metropolitana-norte-28\/\"},\"author\":{\"name\":\"webman\",\"@id\":\"https:\/\/dev.explora.cl\/rmnorte\/#\/schema\/person\/cb8349c13ea2d324080adf8480d7ba5d\"},\"headline\":\"Clubes AICE de la zona norte tendr\u00e1n su capacitaci\u00f3n inicial\",\"datePublished\":\"2014-05-23T04:00:00+00:00\",\"dateModified\":\"2019-05-20T17:25:01+00:00\",\"mainEntityOfPage\":{\"@id\":\"https:\/\/dev.explora.cl\/rmnorte\/noticias-regional-metropolitana-norte-28\/\"},\"wordCount\":425,\"image\":{\"@id\":\"https:\/\/dev.explora.cl\/rmnorte\/noticias-regional-metropolitana-norte-28\/#primaryimage\"},\"thumbnailUrl\":\"https:\/\/dev.explora.cl\/rmnorte\/wp-content\/uploads\/sites\/11\/2018\/06\/Logo_Clubes_AICE_-_portada.jpg\",\"articleSection\":[\"Noticias\"],\"inLanguage\":\"es-CL\"},{\"@type\":\"WebPage\",\"@id\":\"https:\/\/dev.explora.cl\/rmnorte\/noticias-regional-metropolitana-norte-28\/\",\"url\":\"https:\/\/dev.explora.cl\/rmnorte\/noticias-regional-metropolitana-norte-28\/\",\"name\":\"Clubes AICE de la zona norte tendr\u00e1n su capacitaci\u00f3n inicial - RM Norte\",\"isPartOf\":{\"@id\":\"https:\/\/dev.explora.cl\/rmnorte\/#website\"},\"primaryImageOfPage\":{\"@id\":\"https:\/\/dev.explora.cl\/rmnorte\/noticias-regional-metropolitana-norte-28\/#primaryimage\"},\"image\":{\"@id\":\"https:\/\/dev.explora.cl\/rmnorte\/noticias-regional-metropolitana-norte-28\/#primaryimage\"},\"thumbnailUrl\":\"https:\/\/dev.explora.cl\/rmnorte\/wp-content\/uploads\/sites\/11\/2018\/06\/Logo_Clubes_AICE_-_portada.jpg\",\"datePublished\":\"2014-05-23T04:00:00+00:00\",\"dateModified\":\"2019-05-20T17:25:01+00:00\",\"author\":{\"@id\":\"https:\/\/dev.explora.cl\/rmnorte\/#\/schema\/person\/cb8349c13ea2d324080adf8480d7ba5d\"},\"breadcrumb\":{\"@id\":\"https:\/\/dev.explora.cl\/rmnorte\/noticias-regional-metropolitana-norte-28\/#breadcrumb\"},\"inLanguage\":\"es-CL\",\"potentialAction\":[{\"@type\":\"ReadAction\",\"target\":[\"https:\/\/dev.explora.cl\/rmnorte\/noticias-regional-metropolitana-norte-28\/\"]}]},{\"@type\":\"ImageObject\",\"inLanguage\":\"es-CL\",\"@id\":\"https:\/\/dev.explora.cl\/rmnorte\/noticias-regional-metropolitana-norte-28\/#primaryimage\",\"url\":\"https:\/\/dev.explora.cl\/rmnorte\/wp-content\/uploads\/sites\/11\/2018\/06\/Logo_Clubes_AICE_-_portada.jpg\",\"contentUrl\":\"https:\/\/dev.explora.cl\/rmnorte\/wp-content\/uploads\/sites\/11\/2018\/06\/Logo_Clubes_AICE_-_portada.jpg\",\"width\":90,\"height\":90},{\"@type\":\"BreadcrumbList\",\"@id\":\"https:\/\/dev.explora.cl\/rmnorte\/noticias-regional-metropolitana-norte-28\/#breadcrumb\",\"itemListElement\":[{\"@type\":\"ListItem\",\"position\":1,\"name\":\"Portada\",\"item\":\"https:\/\/dev.explora.cl\/rmnorte\/\"},{\"@type\":\"ListItem\",\"position\":2,\"name\":\"Clubes AICE de la zona norte tendr\u00e1n su capacitaci\u00f3n inicial\"}]},{\"@type\":\"WebSite\",\"@id\":\"https:\/\/dev.explora.cl\/rmnorte\/#website\",\"url\":\"https:\/\/dev.explora.cl\/rmnorte\/\",\"name\":\"RM Norte\",\"description\":\"RM Norte dev.explora.cl\",\"potentialAction\":[{\"@type\":\"SearchAction\",\"target\":{\"@type\":\"EntryPoint\",\"urlTemplate\":\"https:\/\/dev.explora.cl\/rmnorte\/?s={search_term_string}\"},\"query-input\":{\"@type\":\"PropertyValueSpecification\",\"valueRequired\":true,\"valueName\":\"search_term_string\"}}],\"inLanguage\":\"es-CL\"},{\"@type\":\"Person\",\"@id\":\"https:\/\/dev.explora.cl\/rmnorte\/#\/schema\/person\/cb8349c13ea2d324080adf8480d7ba5d\",\"name\":\"webman\",\"image\":{\"@type\":\"ImageObject\",\"inLanguage\":\"es-CL\",\"@id\":\"https:\/\/dev.explora.cl\/rmnorte\/#\/schema\/person\/image\/\",\"url\":\"https:\/\/secure.gravatar.com\/avatar\/eeff3c82f2c02f7177d13663b7e6f890e9a6a0647ce9bb29cae02dcb094c7312?s=96&d=mm&r=g\",\"contentUrl\":\"https:\/\/secure.gravatar.com\/avatar\/eeff3c82f2c02f7177d13663b7e6f890e9a6a0647ce9bb29cae02dcb094c7312?s=96&d=mm&r=g\",\"caption\":\"webman\"},\"url\":\"https:\/\/dev.explora.cl\/rmnorte\/author\/webman\/\"}]}<\/script>\n<!-- \/ Yoast SEO plugin. -->","yoast_head_json":{"title":"Clubes AICE de la zona norte tendr\u00e1n su capacitaci\u00f3n inicial - RM Norte","robots":{"index":"index","follow":"follow","max-snippet":"max-snippet:-1","max-image-preview":"max-image-preview:large","max-video-preview":"max-video-preview:-1"},"canonical":"https:\/\/dev.explora.cl\/rmnorte\/noticias-regional-metropolitana-norte-28\/","og_locale":"es_ES","og_type":"article","og_title":"Clubes AICE de la zona norte tendr\u00e1n su capacitaci\u00f3n inicial - RM Norte","og_description":"Los pr\u00f3ximos 20 y 21 de marzo, los Clubes que se ejecutar\u00e1n este a\u00f1o sostendr\u00e1n un encuentro en el que se abordar\u00e1n diversas tem\u00e1ticas que les permitir\u00e1 a los docentes que los dirigen, llevar a cabo una correcta implementaci\u00f3n. &nbsp; En la Sede Santiago de la Universidad Arturo Prat se desarrollar\u00e1 esta capacitaci\u00f3n que est\u00e1 [&hellip;]","og_url":"https:\/\/dev.explora.cl\/rmnorte\/noticias-regional-metropolitana-norte-28\/","og_site_name":"RM Norte","article_published_time":"2014-05-23T04:00:00+00:00","article_modified_time":"2019-05-20T17:25:01+00:00","og_image":[{"width":90,"height":90,"url":"https:\/\/dev.explora.cl\/rmnorte\/wp-content\/uploads\/sites\/11\/2018\/06\/Logo_Clubes_AICE_-_portada.jpg","type":"image\/jpeg"}],"author":"webman","twitter_card":"summary_large_image","twitter_misc":{"Escrito por":"webman","Tiempo estimado de lectura":"2 minutos"},"schema":{"@context":"https:\/\/schema.org","@graph":[{"@type":"Article","@id":"https:\/\/dev.explora.cl\/rmnorte\/noticias-regional-metropolitana-norte-28\/#article","isPartOf":{"@id":"https:\/\/dev.explora.cl\/rmnorte\/noticias-regional-metropolitana-norte-28\/"},"author":{"name":"webman","@id":"https:\/\/dev.explora.cl\/rmnorte\/#\/schema\/person\/cb8349c13ea2d324080adf8480d7ba5d"},"headline":"Clubes AICE de la zona norte tendr\u00e1n su capacitaci\u00f3n inicial","datePublished":"2014-05-23T04:00:00+00:00","dateModified":"2019-05-20T17:25:01+00:00","mainEntityOfPage":{"@id":"https:\/\/dev.explora.cl\/rmnorte\/noticias-regional-metropolitana-norte-28\/"},"wordCount":425,"image":{"@id":"https:\/\/dev.explora.cl\/rmnorte\/noticias-regional-metropolitana-norte-28\/#primaryimage"},"thumbnailUrl":"https:\/\/dev.explora.cl\/rmnorte\/wp-content\/uploads\/sites\/11\/2018\/06\/Logo_Clubes_AICE_-_portada.jpg","articleSection":["Noticias"],"inLanguage":"es-CL"},{"@type":"WebPage","@id":"https:\/\/dev.explora.cl\/rmnorte\/noticias-regional-metropolitana-norte-28\/","url":"https:\/\/dev.explora.cl\/rmnorte\/noticias-regional-metropolitana-norte-28\/","name":"Clubes AICE de la zona norte tendr\u00e1n su capacitaci\u00f3n inicial - RM Norte","isPartOf":{"@id":"https:\/\/dev.explora.cl\/rmnorte\/#website"},"primaryImageOfPage":{"@id":"https:\/\/dev.explora.cl\/rmnorte\/noticias-regional-metropolitana-norte-28\/#primaryimage"},"image":{"@id":"https:\/\/dev.explora.cl\/rmnorte\/noticias-regional-metropolitana-norte-28\/#primaryimage"},"thumbnailUrl":"https:\/\/dev.explora.cl\/rmnorte\/wp-content\/uploads\/sites\/11\/2018\/06\/Logo_Clubes_AICE_-_portada.jpg","datePublished":"2014-05-23T04:00:00+00:00","dateModified":"2019-05-20T17:25:01+00:00","author":{"@id":"https:\/\/dev.explora.cl\/rmnorte\/#\/schema\/person\/cb8349c13ea2d324080adf8480d7ba5d"},"breadcrumb":{"@id":"https:\/\/dev.explora.cl\/rmnorte\/noticias-regional-metropolitana-norte-28\/#breadcrumb"},"inLanguage":"es-CL","potentialAction":[{"@type":"ReadAction","target":["https:\/\/dev.explora.cl\/rmnorte\/noticias-regional-metropolitana-norte-28\/"]}]},{"@type":"ImageObject","inLanguage":"es-CL","@id":"https:\/\/dev.explora.cl\/rmnorte\/noticias-regional-metropolitana-norte-28\/#primaryimage","url":"https:\/\/dev.explora.cl\/rmnorte\/wp-content\/uploads\/sites\/11\/2018\/06\/Logo_Clubes_AICE_-_portada.jpg","contentUrl":"https:\/\/dev.explora.cl\/rmnorte\/wp-content\/uploads\/sites\/11\/2018\/06\/Logo_Clubes_AICE_-_portada.jpg","width":90,"height":90},{"@type":"BreadcrumbList","@id":"https:\/\/dev.explora.cl\/rmnorte\/noticias-regional-metropolitana-norte-28\/#breadcrumb","itemListElement":[{"@type":"ListItem","position":1,"name":"Portada","item":"https:\/\/dev.explora.cl\/rmnorte\/"},{"@type":"ListItem","position":2,"name":"Clubes AICE de la zona norte tendr\u00e1n su capacitaci\u00f3n inicial"}]},{"@type":"WebSite","@id":"https:\/\/dev.explora.cl\/rmnorte\/#website","url":"https:\/\/dev.explora.cl\/rmnorte\/","name":"RM Norte","description":"RM Norte dev.explora.cl","potentialAction":[{"@type":"SearchAction","target":{"@type":"EntryPoint","urlTemplate":"https:\/\/dev.explora.cl\/rmnorte\/?s={search_term_string}"},"query-input":{"@type":"PropertyValueSpecification","valueRequired":true,"valueName":"search_term_string"}}],"inLanguage":"es-CL"},{"@type":"Person","@id":"https:\/\/dev.explora.cl\/rmnorte\/#\/schema\/person\/cb8349c13ea2d324080adf8480d7ba5d","name":"webman","image":{"@type":"ImageObject","inLanguage":"es-CL","@id":"https:\/\/dev.explora.cl\/rmnorte\/#\/schema\/person\/image\/","url":"https:\/\/secure.gravatar.com\/avatar\/eeff3c82f2c02f7177d13663b7e6f890e9a6a0647ce9bb29cae02dcb094c7312?s=96&d=mm&r=g","contentUrl":"https:\/\/secure.gravatar.com\/avatar\/eeff3c82f2c02f7177d13663b7e6f890e9a6a0647ce9bb29cae02dcb094c7312?s=96&d=mm&r=g","caption":"webman"},"url":"https:\/\/dev.explora.cl\/rmnorte\/author\/webman\/"}]}},"_links":{"self":[{"href":"https:\/\/dev.explora.cl\/rmnorte\/wp-json\/wp\/v2\/posts\/31862","targetHints":{"allow":["GET"]}}],"collection":[{"href":"https:\/\/dev.explora.cl\/rmnorte\/wp-json\/wp\/v2\/posts"}],"about":[{"href":"https:\/\/dev.explora.cl\/rmnorte\/wp-json\/wp\/v2\/types\/post"}],"author":[{"embeddable":true,"href":"https:\/\/dev.explora.cl\/rmnorte\/wp-json\/wp\/v2\/users\/2"}],"replies":[{"embeddable":true,"href":"https:\/\/dev.explora.cl\/rmnorte\/wp-json\/wp\/v2\/comments?post=31862"}],"version-history":[{"count":1,"href":"https:\/\/dev.explora.cl\/rmnorte\/wp-json\/wp\/v2\/posts\/31862\/revisions"}],"predecessor-version":[{"id":38694,"href":"https:\/\/dev.explora.cl\/rmnorte\/wp-json\/wp\/v2\/posts\/31862\/revisions\/38694"}],"wp:featuredmedia":[{"embeddable":true,"href":"https:\/\/dev.explora.cl\/rmnorte\/wp-json\/wp\/v2\/media\/31863"}],"wp:attachment":[{"href":"https:\/\/dev.explora.cl\/rmnorte\/wp-json\/wp\/v2\/media?parent=31862"}],"wp:term":[{"taxonomy":"category","embeddable":true,"href":"https:\/\/dev.explora.cl\/rmnorte\/wp-json\/wp\/v2\/categories?post=31862"},{"taxonomy":"post_tag","embeddable":true,"href":"https:\/\/dev.explora.cl\/rmnorte\/wp-json\/wp\/v2\/tags?post=31862"}],"curies":[{"name":"wp","href":"https:\/\/api.w.org\/{rel}","templated":true}]}}