{"id":31858,"date":"2014-05-23T00:00:00","date_gmt":"2014-05-23T04:00:00","guid":{"rendered":"https:\/\/dev.explora.cl\/rmnorte\/blog\/2014\/05\/23\/noticias-regional-metropolitana-norte-26\/"},"modified":"2019-05-20T17:24:58","modified_gmt":"2019-05-20T17:24:58","slug":"noticias-regional-metropolitana-norte-26","status":"publish","type":"post","link":"https:\/\/dev.explora.cl\/rmnorte\/noticias-regional-metropolitana-norte-26\/","title":{"rendered":"Exposiciones sobre astronom\u00eda se inauguraron en el GAM"},"content":{"rendered":"<table style=\"height: 269px;width: 540px\" border=\"0\">\n<tbody>\n<tr>\n<td valign=\"top\"><img loading=\"lazy\" decoding=\"async\" class=\" size-full wp-image-2557\" src=\"http:\/\/ec2-34-218-253-251.us-west-2.compute.amazonaws.com\/wp-content\/uploads\/2014\/05\/NDU_y_Puro_Cielo_-_portada.jpg\" alt=\"NDU y Puro Cielo - portada\" width=\"90\" height=\"90\" \/><\/td>\n<td>\n<p style=\"color: #555555;font-family: Arial, sans-serif;font-size: 14px;line-height: 23px\"><span style=\"color: #555555;font-family: Arial, sans-serif;font-size: 14px;line-height: 23px\">Este viernes 31 de enero quedaron disponibles para ser visitadas en forma gratuita, dos muestras que hablan sobre los avances en materia astron\u00f3mica y de la estrecha relaci\u00f3n que tiene nuestro pa\u00eds con esta ciencia.<\/span><\/p>\n<\/td>\n<\/tr>\n<tr>\n<td colspan=\"2\">&nbsp; <\/p>\n<p style=\"color: #555555;font-family: Arial, sans-serif;font-size: 14px;line-height: 23px\">\u201cNoticias del Universo\u201d y \u201cPuro Cielo\u201d son los nombres de las exposiciones interactivas que el Proyecto Explora RM Norte de la Universidad Arturo Prat instal\u00f3 hasta el 28 de febrero en la Sala de Artes Visuales del GAM.<\/p>\n<p style=\"color: #555555;font-family: Arial, sans-serif;font-size: 14px;line-height: 23px\"><img loading=\"lazy\" decoding=\"async\" class=\"alignright\" style=\"border: 1px solid #e2e2e2;max-width: 100%;height: auto;float: right;margin: 5px 0px 20px 20px\" src=\"https:\/\/dev.explora.cl\/images_new\/SitiosRegionales-RM\/NoticiasRegionales-RM\/NDU_y_Puro_Cielo_-_03.jpg\" alt=\"NDU_y_Puro_Cielo_-_03\" width=\"200\" height=\"135\" \/>Durante la inauguraci\u00f3n, la Directora del Centro Cultural que albergar\u00e1 las muestras, Alejandra Wood, se refiri\u00f3 a la importancia de abrir el conocimiento cient\u00edfico a la comunidad en este tio de espacios, adem\u00e1s de destacar la consolidaci\u00f3n del v\u00ednculo generado con el Programa EXPLORA CONICYT.<\/p>\n<p style=\"color: #555555;font-family: Arial, sans-serif;font-size: 14px;line-height: 23px\">Por su parte, la Directora de Docencia de la Universidad Arturo Prat, Mar\u00eda Carolina Gatica, plante\u00f3 el compromiso de esta Casa de Estudios con la ejecuci\u00f3n de las iniciativas impulsadas por Explora, ya que la UNAP es la \u00fanica Universidad del pa\u00eds en ejecutar en forma simult\u00e1nea, dos de estos proyectos, en las regiones de Tarapac\u00e1 y Metropolitana.<\/p>\n<p style=\"color: #555555;font-family: Arial, sans-serif;font-size: 14px;line-height: 23px\">Marianela Velasco, Jefa de Comunicaciones de EXPLORA CONICYT ahond\u00f3 en el contenido de las muestras y en el proceso de su creaci\u00f3n, junto con el desaf\u00edo que ha significado su permanente actualizaci\u00f3n, debido al surgimiento cada vez m\u00e1s veloz de nuevos antecedentes esta materia.<\/p>\n<p style=\"color: #555555;font-family: Arial, sans-serif;font-size: 14px;line-height: 23px\"><img loading=\"lazy\" decoding=\"async\" class=\"alignleft\" style=\"border: 1px solid #e2e2e2;max-width: 100%;height: auto;float: left;margin: 5px 20px 20px 0px\" src=\"https:\/\/dev.explora.cl\/images_new\/SitiosRegionales-RM\/NoticiasRegionales-RM\/NDU_y_Puro_Cielo_-_01.jpg\" alt=\"NDU_y_Puro_Cielo_-_01\" width=\"200\" height=\"130\" \/>Durante la ceremonia se celebr\u00f3 tambi\u00e9n la firma de un convenio por parte del Centro Cultural Gabriela Mistral con la Universidad Arturo Prat y su Proyecto Explora, el que optimizar\u00e1 la colaboraci\u00f3n mutua, asegurando que las iniciativas que en el futuro se impulsen se desarrollen de la mejor forma posible, buscando llegar con actividades de calidad a un p\u00fablico cada vez m\u00e1s amplio.<\/p>\n<p style=\"color: #555555;font-family: Arial, sans-serif;font-size: 14px;line-height: 23px\">\u201cNoticias del Universo\u201d cuenta con ocho m\u00f3dulos interactivos y tiene como objetivo mostrar c\u00f3mo el ser humano ha sido capaz de interpretar la informaci\u00f3n que llega desde el espacio exterior. Esta exposici\u00f3n fue desarrollada por EXPLORA CONICYT, con el apoyo del Observatorio Europeo Austral (ESO), Atacama Large Millimeter\/submillimeter Array (ALMA) y el Programa de Astronom\u00eda de CONICYT.<\/p>\n<p style=\"color: #555555;font-family: Arial, sans-serif;font-size: 14px;line-height: 23px\">Por su parte, \u201cPuro Cielo\u201d informa a los visitantes por qu\u00e9 Chile es potencia astron\u00f3mica, caracter\u00edsticas que van desde sus privilegiados cielos nortinos, hasta los aportes realizados desde el sur del mundo por astr\u00f3nomos chilenos y los grandes complejos astron\u00f3micos instalados en nuestro pa\u00eds.<\/p>\n<p style=\"color: #555555;font-family: Arial, sans-serif;font-size: 14px;line-height: 23px\">El GAM abre sus puertas entre las 10 y las 21:30 horas de martes a s\u00e1bado, mientras que el domingo es desde las 11 hasta las 21:30 horas, permaneciendo cerrado los d\u00edas lunes.<\/p>\n<p style=\"color: #555555;font-family: Arial, sans-serif;font-size: 14px;line-height: 23px\"><img loading=\"lazy\" decoding=\"async\" class=\"aligncenter\" style=\"border: 1px solid #e2e2e2;max-width: 100%;height: auto;margin: 5px auto\" src=\"https:\/\/dev.explora.cl\/images_new\/SitiosRegionales-RM\/NoticiasRegionales-RM\/NDU_y_Puro_Cielo_-_02.jpg\" alt=\"NDU_y_Puro_Cielo_-_02\" width=\"400\" height=\"138\" \/><\/p>\n<p>&nbsp;<\/p>\n<div class=\"sharedaddy sd-sharing-enabled\" style=\"clear: both;color: #555555;font-family: Arial, sans-serif;font-size: 14px;line-height: 23px\">&nbsp;<\/div>\n<p style=\"color: #555555;font-family: Arial, sans-serif;font-size: 14px;line-height: 23px\">&nbsp;<\/p>\n<\/td>\n<\/tr>\n<\/tbody>\n<\/table>\n","protected":false},"excerpt":{"rendered":"<p>Este viernes 31 de enero quedaron disponibles para ser visitadas en forma gratuita, dos muestras que hablan sobre los avances en materia astron\u00f3mica y de la estrecha relaci\u00f3n que tiene nuestro pa\u00eds con esta ciencia. &nbsp; \u201cNoticias del Universo\u201d y \u201cPuro Cielo\u201d son los nombres de las exposiciones interactivas que el Proyecto Explora RM Norte [&hellip;]<\/p>\n","protected":false},"author":2,"featured_media":31859,"comment_status":"closed","ping_status":"open","sticky":false,"template":"","format":"standard","meta":{"_acf_changed":false,"_exactmetrics_skip_tracking":false,"_exactmetrics_sitenote_active":false,"_exactmetrics_sitenote_note":"","_exactmetrics_sitenote_category":0,"footnotes":"","_links_to":"","_links_to_target":""},"categories":[4],"tags":[],"class_list":["post-31858","post","type-post","status-publish","format-standard","has-post-thumbnail","hentry","category-noticias"],"acf":[],"yoast_head":"<!-- This site is optimized with the Yoast SEO plugin v26.7 - https:\/\/yoast.com\/wordpress\/plugins\/seo\/ -->\n<title>Exposiciones sobre astronom\u00eda se inauguraron en el GAM - RM Norte<\/title>\n<meta name=\"robots\" content=\"index, follow, max-snippet:-1, max-image-preview:large, max-video-preview:-1\" \/>\n<link rel=\"canonical\" href=\"https:\/\/dev.explora.cl\/rmnorte\/noticias-regional-metropolitana-norte-26\/\" class=\"yoast-seo-meta-tag\" \/>\n<meta property=\"og:locale\" content=\"es_ES\" class=\"yoast-seo-meta-tag\" \/>\n<meta property=\"og:type\" content=\"article\" class=\"yoast-seo-meta-tag\" \/>\n<meta property=\"og:title\" content=\"Exposiciones sobre astronom\u00eda se inauguraron en el GAM - RM Norte\" class=\"yoast-seo-meta-tag\" \/>\n<meta property=\"og:description\" content=\"Este viernes 31 de enero quedaron disponibles para ser visitadas en forma gratuita, dos muestras que hablan sobre los avances en materia astron\u00f3mica y de la estrecha relaci\u00f3n que tiene nuestro pa\u00eds con esta ciencia. &nbsp; \u201cNoticias del Universo\u201d y \u201cPuro Cielo\u201d son los nombres de las exposiciones interactivas que el Proyecto Explora RM Norte [&hellip;]\" class=\"yoast-seo-meta-tag\" \/>\n<meta property=\"og:url\" content=\"https:\/\/dev.explora.cl\/rmnorte\/noticias-regional-metropolitana-norte-26\/\" class=\"yoast-seo-meta-tag\" \/>\n<meta property=\"og:site_name\" content=\"RM Norte\" class=\"yoast-seo-meta-tag\" \/>\n<meta property=\"article:published_time\" content=\"2014-05-23T04:00:00+00:00\" class=\"yoast-seo-meta-tag\" \/>\n<meta property=\"article:modified_time\" content=\"2019-05-20T17:24:58+00:00\" class=\"yoast-seo-meta-tag\" \/>\n<meta property=\"og:image\" content=\"https:\/\/dev.explora.cl\/rmnorte\/wp-content\/uploads\/sites\/11\/2018\/06\/NDU_y_Puro_Cielo_-_portada.jpg\" class=\"yoast-seo-meta-tag\" \/>\n\t<meta property=\"og:image:width\" content=\"90\" class=\"yoast-seo-meta-tag\" \/>\n\t<meta property=\"og:image:height\" content=\"90\" class=\"yoast-seo-meta-tag\" \/>\n\t<meta property=\"og:image:type\" content=\"image\/jpeg\" class=\"yoast-seo-meta-tag\" \/>\n<meta name=\"author\" content=\"webman\" class=\"yoast-seo-meta-tag\" \/>\n<meta name=\"twitter:card\" content=\"summary_large_image\" class=\"yoast-seo-meta-tag\" \/>\n<meta name=\"twitter:label1\" content=\"Escrito por\" class=\"yoast-seo-meta-tag\" \/>\n\t<meta name=\"twitter:data1\" content=\"webman\" class=\"yoast-seo-meta-tag\" \/>\n\t<meta name=\"twitter:label2\" content=\"Tiempo estimado de lectura\" class=\"yoast-seo-meta-tag\" \/>\n\t<meta name=\"twitter:data2\" content=\"2 minutos\" class=\"yoast-seo-meta-tag\" \/>\n<script type=\"application\/ld+json\" class=\"yoast-schema-graph\">{\"@context\":\"https:\/\/schema.org\",\"@graph\":[{\"@type\":\"Article\",\"@id\":\"https:\/\/dev.explora.cl\/rmnorte\/noticias-regional-metropolitana-norte-26\/#article\",\"isPartOf\":{\"@id\":\"https:\/\/dev.explora.cl\/rmnorte\/noticias-regional-metropolitana-norte-26\/\"},\"author\":{\"name\":\"webman\",\"@id\":\"https:\/\/dev.explora.cl\/rmnorte\/#\/schema\/person\/cb8349c13ea2d324080adf8480d7ba5d\"},\"headline\":\"Exposiciones sobre astronom\u00eda se inauguraron en el GAM\",\"datePublished\":\"2014-05-23T04:00:00+00:00\",\"dateModified\":\"2019-05-20T17:24:58+00:00\",\"mainEntityOfPage\":{\"@id\":\"https:\/\/dev.explora.cl\/rmnorte\/noticias-regional-metropolitana-norte-26\/\"},\"wordCount\":457,\"image\":{\"@id\":\"https:\/\/dev.explora.cl\/rmnorte\/noticias-regional-metropolitana-norte-26\/#primaryimage\"},\"thumbnailUrl\":\"https:\/\/dev.explora.cl\/rmnorte\/wp-content\/uploads\/sites\/11\/2018\/06\/NDU_y_Puro_Cielo_-_portada.jpg\",\"articleSection\":[\"Noticias\"],\"inLanguage\":\"es-CL\"},{\"@type\":\"WebPage\",\"@id\":\"https:\/\/dev.explora.cl\/rmnorte\/noticias-regional-metropolitana-norte-26\/\",\"url\":\"https:\/\/dev.explora.cl\/rmnorte\/noticias-regional-metropolitana-norte-26\/\",\"name\":\"Exposiciones sobre astronom\u00eda se inauguraron en el GAM - RM Norte\",\"isPartOf\":{\"@id\":\"https:\/\/dev.explora.cl\/rmnorte\/#website\"},\"primaryImageOfPage\":{\"@id\":\"https:\/\/dev.explora.cl\/rmnorte\/noticias-regional-metropolitana-norte-26\/#primaryimage\"},\"image\":{\"@id\":\"https:\/\/dev.explora.cl\/rmnorte\/noticias-regional-metropolitana-norte-26\/#primaryimage\"},\"thumbnailUrl\":\"https:\/\/dev.explora.cl\/rmnorte\/wp-content\/uploads\/sites\/11\/2018\/06\/NDU_y_Puro_Cielo_-_portada.jpg\",\"datePublished\":\"2014-05-23T04:00:00+00:00\",\"dateModified\":\"2019-05-20T17:24:58+00:00\",\"author\":{\"@id\":\"https:\/\/dev.explora.cl\/rmnorte\/#\/schema\/person\/cb8349c13ea2d324080adf8480d7ba5d\"},\"breadcrumb\":{\"@id\":\"https:\/\/dev.explora.cl\/rmnorte\/noticias-regional-metropolitana-norte-26\/#breadcrumb\"},\"inLanguage\":\"es-CL\",\"potentialAction\":[{\"@type\":\"ReadAction\",\"target\":[\"https:\/\/dev.explora.cl\/rmnorte\/noticias-regional-metropolitana-norte-26\/\"]}]},{\"@type\":\"ImageObject\",\"inLanguage\":\"es-CL\",\"@id\":\"https:\/\/dev.explora.cl\/rmnorte\/noticias-regional-metropolitana-norte-26\/#primaryimage\",\"url\":\"https:\/\/dev.explora.cl\/rmnorte\/wp-content\/uploads\/sites\/11\/2018\/06\/NDU_y_Puro_Cielo_-_portada.jpg\",\"contentUrl\":\"https:\/\/dev.explora.cl\/rmnorte\/wp-content\/uploads\/sites\/11\/2018\/06\/NDU_y_Puro_Cielo_-_portada.jpg\",\"width\":90,\"height\":90},{\"@type\":\"BreadcrumbList\",\"@id\":\"https:\/\/dev.explora.cl\/rmnorte\/noticias-regional-metropolitana-norte-26\/#breadcrumb\",\"itemListElement\":[{\"@type\":\"ListItem\",\"position\":1,\"name\":\"Portada\",\"item\":\"https:\/\/dev.explora.cl\/rmnorte\/\"},{\"@type\":\"ListItem\",\"position\":2,\"name\":\"Exposiciones sobre astronom\u00eda se inauguraron en el GAM\"}]},{\"@type\":\"WebSite\",\"@id\":\"https:\/\/dev.explora.cl\/rmnorte\/#website\",\"url\":\"https:\/\/dev.explora.cl\/rmnorte\/\",\"name\":\"RM Norte\",\"description\":\"RM Norte dev.explora.cl\",\"potentialAction\":[{\"@type\":\"SearchAction\",\"target\":{\"@type\":\"EntryPoint\",\"urlTemplate\":\"https:\/\/dev.explora.cl\/rmnorte\/?s={search_term_string}\"},\"query-input\":{\"@type\":\"PropertyValueSpecification\",\"valueRequired\":true,\"valueName\":\"search_term_string\"}}],\"inLanguage\":\"es-CL\"},{\"@type\":\"Person\",\"@id\":\"https:\/\/dev.explora.cl\/rmnorte\/#\/schema\/person\/cb8349c13ea2d324080adf8480d7ba5d\",\"name\":\"webman\",\"image\":{\"@type\":\"ImageObject\",\"inLanguage\":\"es-CL\",\"@id\":\"https:\/\/dev.explora.cl\/rmnorte\/#\/schema\/person\/image\/\",\"url\":\"https:\/\/secure.gravatar.com\/avatar\/eeff3c82f2c02f7177d13663b7e6f890e9a6a0647ce9bb29cae02dcb094c7312?s=96&d=mm&r=g\",\"contentUrl\":\"https:\/\/secure.gravatar.com\/avatar\/eeff3c82f2c02f7177d13663b7e6f890e9a6a0647ce9bb29cae02dcb094c7312?s=96&d=mm&r=g\",\"caption\":\"webman\"},\"url\":\"https:\/\/dev.explora.cl\/rmnorte\/author\/webman\/\"}]}<\/script>\n<!-- \/ Yoast SEO plugin. -->","yoast_head_json":{"title":"Exposiciones sobre astronom\u00eda se inauguraron en el GAM - RM Norte","robots":{"index":"index","follow":"follow","max-snippet":"max-snippet:-1","max-image-preview":"max-image-preview:large","max-video-preview":"max-video-preview:-1"},"canonical":"https:\/\/dev.explora.cl\/rmnorte\/noticias-regional-metropolitana-norte-26\/","og_locale":"es_ES","og_type":"article","og_title":"Exposiciones sobre astronom\u00eda se inauguraron en el GAM - RM Norte","og_description":"Este viernes 31 de enero quedaron disponibles para ser visitadas en forma gratuita, dos muestras que hablan sobre los avances en materia astron\u00f3mica y de la estrecha relaci\u00f3n que tiene nuestro pa\u00eds con esta ciencia. &nbsp; \u201cNoticias del Universo\u201d y \u201cPuro Cielo\u201d son los nombres de las exposiciones interactivas que el Proyecto Explora RM Norte [&hellip;]","og_url":"https:\/\/dev.explora.cl\/rmnorte\/noticias-regional-metropolitana-norte-26\/","og_site_name":"RM Norte","article_published_time":"2014-05-23T04:00:00+00:00","article_modified_time":"2019-05-20T17:24:58+00:00","og_image":[{"width":90,"height":90,"url":"https:\/\/dev.explora.cl\/rmnorte\/wp-content\/uploads\/sites\/11\/2018\/06\/NDU_y_Puro_Cielo_-_portada.jpg","type":"image\/jpeg"}],"author":"webman","twitter_card":"summary_large_image","twitter_misc":{"Escrito por":"webman","Tiempo estimado de lectura":"2 minutos"},"schema":{"@context":"https:\/\/schema.org","@graph":[{"@type":"Article","@id":"https:\/\/dev.explora.cl\/rmnorte\/noticias-regional-metropolitana-norte-26\/#article","isPartOf":{"@id":"https:\/\/dev.explora.cl\/rmnorte\/noticias-regional-metropolitana-norte-26\/"},"author":{"name":"webman","@id":"https:\/\/dev.explora.cl\/rmnorte\/#\/schema\/person\/cb8349c13ea2d324080adf8480d7ba5d"},"headline":"Exposiciones sobre astronom\u00eda se inauguraron en el GAM","datePublished":"2014-05-23T04:00:00+00:00","dateModified":"2019-05-20T17:24:58+00:00","mainEntityOfPage":{"@id":"https:\/\/dev.explora.cl\/rmnorte\/noticias-regional-metropolitana-norte-26\/"},"wordCount":457,"image":{"@id":"https:\/\/dev.explora.cl\/rmnorte\/noticias-regional-metropolitana-norte-26\/#primaryimage"},"thumbnailUrl":"https:\/\/dev.explora.cl\/rmnorte\/wp-content\/uploads\/sites\/11\/2018\/06\/NDU_y_Puro_Cielo_-_portada.jpg","articleSection":["Noticias"],"inLanguage":"es-CL"},{"@type":"WebPage","@id":"https:\/\/dev.explora.cl\/rmnorte\/noticias-regional-metropolitana-norte-26\/","url":"https:\/\/dev.explora.cl\/rmnorte\/noticias-regional-metropolitana-norte-26\/","name":"Exposiciones sobre astronom\u00eda se inauguraron en el GAM - RM Norte","isPartOf":{"@id":"https:\/\/dev.explora.cl\/rmnorte\/#website"},"primaryImageOfPage":{"@id":"https:\/\/dev.explora.cl\/rmnorte\/noticias-regional-metropolitana-norte-26\/#primaryimage"},"image":{"@id":"https:\/\/dev.explora.cl\/rmnorte\/noticias-regional-metropolitana-norte-26\/#primaryimage"},"thumbnailUrl":"https:\/\/dev.explora.cl\/rmnorte\/wp-content\/uploads\/sites\/11\/2018\/06\/NDU_y_Puro_Cielo_-_portada.jpg","datePublished":"2014-05-23T04:00:00+00:00","dateModified":"2019-05-20T17:24:58+00:00","author":{"@id":"https:\/\/dev.explora.cl\/rmnorte\/#\/schema\/person\/cb8349c13ea2d324080adf8480d7ba5d"},"breadcrumb":{"@id":"https:\/\/dev.explora.cl\/rmnorte\/noticias-regional-metropolitana-norte-26\/#breadcrumb"},"inLanguage":"es-CL","potentialAction":[{"@type":"ReadAction","target":["https:\/\/dev.explora.cl\/rmnorte\/noticias-regional-metropolitana-norte-26\/"]}]},{"@type":"ImageObject","inLanguage":"es-CL","@id":"https:\/\/dev.explora.cl\/rmnorte\/noticias-regional-metropolitana-norte-26\/#primaryimage","url":"https:\/\/dev.explora.cl\/rmnorte\/wp-content\/uploads\/sites\/11\/2018\/06\/NDU_y_Puro_Cielo_-_portada.jpg","contentUrl":"https:\/\/dev.explora.cl\/rmnorte\/wp-content\/uploads\/sites\/11\/2018\/06\/NDU_y_Puro_Cielo_-_portada.jpg","width":90,"height":90},{"@type":"BreadcrumbList","@id":"https:\/\/dev.explora.cl\/rmnorte\/noticias-regional-metropolitana-norte-26\/#breadcrumb","itemListElement":[{"@type":"ListItem","position":1,"name":"Portada","item":"https:\/\/dev.explora.cl\/rmnorte\/"},{"@type":"ListItem","position":2,"name":"Exposiciones sobre astronom\u00eda se inauguraron en el GAM"}]},{"@type":"WebSite","@id":"https:\/\/dev.explora.cl\/rmnorte\/#website","url":"https:\/\/dev.explora.cl\/rmnorte\/","name":"RM Norte","description":"RM Norte dev.explora.cl","potentialAction":[{"@type":"SearchAction","target":{"@type":"EntryPoint","urlTemplate":"https:\/\/dev.explora.cl\/rmnorte\/?s={search_term_string}"},"query-input":{"@type":"PropertyValueSpecification","valueRequired":true,"valueName":"search_term_string"}}],"inLanguage":"es-CL"},{"@type":"Person","@id":"https:\/\/dev.explora.cl\/rmnorte\/#\/schema\/person\/cb8349c13ea2d324080adf8480d7ba5d","name":"webman","image":{"@type":"ImageObject","inLanguage":"es-CL","@id":"https:\/\/dev.explora.cl\/rmnorte\/#\/schema\/person\/image\/","url":"https:\/\/secure.gravatar.com\/avatar\/eeff3c82f2c02f7177d13663b7e6f890e9a6a0647ce9bb29cae02dcb094c7312?s=96&d=mm&r=g","contentUrl":"https:\/\/secure.gravatar.com\/avatar\/eeff3c82f2c02f7177d13663b7e6f890e9a6a0647ce9bb29cae02dcb094c7312?s=96&d=mm&r=g","caption":"webman"},"url":"https:\/\/dev.explora.cl\/rmnorte\/author\/webman\/"}]}},"_links":{"self":[{"href":"https:\/\/dev.explora.cl\/rmnorte\/wp-json\/wp\/v2\/posts\/31858","targetHints":{"allow":["GET"]}}],"collection":[{"href":"https:\/\/dev.explora.cl\/rmnorte\/wp-json\/wp\/v2\/posts"}],"about":[{"href":"https:\/\/dev.explora.cl\/rmnorte\/wp-json\/wp\/v2\/types\/post"}],"author":[{"embeddable":true,"href":"https:\/\/dev.explora.cl\/rmnorte\/wp-json\/wp\/v2\/users\/2"}],"replies":[{"embeddable":true,"href":"https:\/\/dev.explora.cl\/rmnorte\/wp-json\/wp\/v2\/comments?post=31858"}],"version-history":[{"count":1,"href":"https:\/\/dev.explora.cl\/rmnorte\/wp-json\/wp\/v2\/posts\/31858\/revisions"}],"predecessor-version":[{"id":38688,"href":"https:\/\/dev.explora.cl\/rmnorte\/wp-json\/wp\/v2\/posts\/31858\/revisions\/38688"}],"wp:featuredmedia":[{"embeddable":true,"href":"https:\/\/dev.explora.cl\/rmnorte\/wp-json\/wp\/v2\/media\/31859"}],"wp:attachment":[{"href":"https:\/\/dev.explora.cl\/rmnorte\/wp-json\/wp\/v2\/media?parent=31858"}],"wp:term":[{"taxonomy":"category","embeddable":true,"href":"https:\/\/dev.explora.cl\/rmnorte\/wp-json\/wp\/v2\/categories?post=31858"},{"taxonomy":"post_tag","embeddable":true,"href":"https:\/\/dev.explora.cl\/rmnorte\/wp-json\/wp\/v2\/tags?post=31858"}],"curies":[{"name":"wp","href":"https:\/\/api.w.org\/{rel}","templated":true}]}}