{"id":31816,"date":"2014-05-23T00:00:00","date_gmt":"2014-05-23T04:00:00","guid":{"rendered":"https:\/\/dev.explora.cl\/rmnorte\/blog\/2014\/05\/23\/noticias-regional-metropolitana-norte-5\/"},"modified":"2019-05-20T17:24:59","modified_gmt":"2019-05-20T17:24:59","slug":"noticias-regional-metropolitana-norte-5","status":"publish","type":"post","link":"https:\/\/dev.explora.cl\/rmnorte\/noticias-regional-metropolitana-norte-5\/","title":{"rendered":"Educadoras TCC se preparan para la Feria de P\u00e1rvulos"},"content":{"rendered":"<table style=\"height: 269px;width: 540px\" border=\"0\">\n<tbody>\n<tr>\n<td valign=\"top\"><img loading=\"lazy\" decoding=\"async\" class=\" size-full wp-image-2513\" src=\"http:\/\/ec2-34-218-253-251.us-west-2.compute.amazonaws.com\/wp-content\/uploads\/2014\/05\/Taller_astronoma_para_TCC_-_portada.jpg\" alt=\"Taller astronoma para TCC - portada\" width=\"190\" height=\"190\" \/><\/td>\n<td>\n<p style=\"margin-top: 10px;margin-bottom: 5px;color: #444444;font-family: 'Trebuchet MS', sans-serif;font-size: 12px;line-height: 16px;text-align: justify\"><span style=\"color: #555555;font-family: Arial, sans-serif;font-size: 14px;line-height: 23px\">Se viene \u201cEstrellitas de la Ciencia\u201d, la muestra cient\u00edfica astron\u00f3mica protagonizada por estudiantes de pre-b\u00e1sica y para llegar en buena forma al evento, las t\u00edas recibieron charlas de capacitaci\u00f3n en el tema.<\/span><\/p>\n<\/td>\n<\/tr>\n<tr>\n<td colspan=\"2\">&nbsp; <\/p>\n<p style=\"color: #555555;font-family: Arial, sans-serif;font-size: 14px;line-height: 23px\"><img loading=\"lazy\" decoding=\"async\" class=\"alignright\" style=\"border: 1px solid #e2e2e2;max-width: 100%;height: auto;float: right;margin: 5px 0px 20px 20px\" src=\"https:\/\/dev.explora.cl\/images_new\/SitiosRegionales-RM\/NoticiasRegionales-RM\/Taller_astronoma_para_TCC_-_01.jpg\" alt=\"Taller_astronoma_para_TCC_-_01\" width=\"278\" height=\"150\" \/>El pasado 30 de octubre se reunieron en la Sede Santiago de la Universidad Arturo Prat, las educadoras capacitadas el 2013 en la iniciativa del Programa Explora \u201cTus Competencias en Ciencias\u201d (TCC), para interiorizarse en el \u00e1rea de la Astronom\u00eda, que ser\u00e1 el eje central de la Feria de P\u00e1rvulos que se desarrollar\u00e1 en el Centro Cultural Gabriela Mistral.<\/p>\n<p style=\"color: #555555;font-family: Arial, sans-serif;font-size: 14px;line-height: 23px\">En la muestra ser\u00e1n los estudiantes participantes del Taller TCC, los que deber\u00e1n dar a conocer al p\u00fablico algunas experiencias y actividades relacionadas con el estudio del espacio y sus cuerpos. Para eso se llev\u00f3 a cabo un encuentro con las educadoras, con la finalidad de hacer una bajada de los conceptos te\u00f3ricos para ser aplicados en la etapa pre-escolar.<\/p>\n<p style=\"color: #555555;font-family: Arial, sans-serif;font-size: 14px;line-height: 23px\">Javier Silva, estudiante de Astronom\u00eda de la Universidad de Chile, acompa\u00f1ado de Allan Carrero, estudiante de tercer a\u00f1o del Instituto Nacional y miembro del taller de astronom\u00eda de su establecimiento, fueron quienes encabezaron el taller, entreg\u00e1ndoles algunas sencillas formas de explicar conceptos y fen\u00f3menos astron\u00f3micos.<\/p>\n<p style=\"color: #555555;font-family: Arial, sans-serif;font-size: 14px;line-height: 23px\">\u201cEstrellitas de la Ciencia\u201d se realizar\u00e1 en el marco del Mes de la Astronom\u00eda organizado por el GAM, para el cual han preparado en conjunto con astr\u00f3nomos del Observatorio ALMA, actividades de formaci\u00f3n dirigidas especialmente para docentes y estudiantes.<\/p>\n<p style=\"color: #555555;font-family: Arial, sans-serif;font-size: 14px;line-height: 23px\">La muestra se desarrollar\u00e1 el pr\u00f3ximo viernes 15 de noviembre entre las 10 y las 13 horas en la Plaza Central del Centro Cultural Gabriela Mistral y la entrada es absolutamente gratuita.<\/p>\n<p style=\"color: #555555;font-family: Arial, sans-serif;font-size: 14px;line-height: 23px\"><img loading=\"lazy\" decoding=\"async\" class=\"aligncenter\" style=\"border: 1px solid #e2e2e2;max-width: 100%;height: auto;margin: 5px auto\" src=\"https:\/\/dev.explora.cl\/images_new\/SitiosRegionales-RM\/NoticiasRegionales-RM\/Taller_astronoma_para_TCC_-_02.jpg\" alt=\"Taller_astronoma_para_TCC_-_02\" width=\"307\" height=\"150\" \/><\/p>\n<p style=\"color: #555555;font-family: Arial, sans-serif;font-size: 14px;line-height: 23px\"><strong>&nbsp;<\/strong><\/p>\n<p style=\"color: #555555;font-family: Arial, sans-serif;font-size: 14px;line-height: 23px\"><strong>\u00bfEl huevo o la gallina?<\/strong><\/p>\n<p style=\"color: #555555;font-family: Arial, sans-serif;font-size: 14px;line-height: 23px\"><img loading=\"lazy\" decoding=\"async\" class=\"alignright\" style=\"border: 1px solid #e2e2e2;max-width: 100%;height: auto;float: right;margin: 5px 0px 20px 20px\" src=\"https:\/\/dev.explora.cl\/images_new\/SitiosRegionales-RM\/NoticiasRegionales-RM\/Taller_astronoma_para_TCC_-_03.jpg\" alt=\"Taller_astronoma_para_TCC_-_03\" width=\"211\" height=\"150\" \/>Durante la reuni\u00f3n con la educadoras, se present\u00f3 adem\u00e1s Ayda Leyton, veterinaria con estudios en did\u00e1ctica de las ciencias, quien dio una charla sobre el huevo de gallina y sus caracter\u00edsticas, la que ten\u00eda como objetivo entregar a las asistentes una herramienta pedag\u00f3gica que pudieran replicar con sus estudiantes.<\/p>\n<p style=\"color: #555555;font-family: Arial, sans-serif;font-size: 14px;line-height: 23px\">Durante la exposici\u00f3n se habl\u00f3 sobre el tama\u00f1o del huevo y su influencia en el tipo de c\u00e1scara, ya que entre m\u00e1s peque\u00f1o sea el huevo, m\u00e1s concentrada ser\u00e1 su estructura calcar\u00eda y por ende es m\u00e1s dif\u00edcil que le entre agua, virus o bacterias, transform\u00e1ndolo en un huevo m\u00e1s sano en contraposici\u00f3n con los de mayor tama\u00f1o, los que est\u00e1n m\u00e1s expuestos a las condiciones externas.<\/p>\n<div class=\"sharedaddy sd-sharing-enabled\" style=\"font-family: 'Helvetica Neue', Helvetica, Arial, sans-serif;font-size: 12px;clear: both\">\n<div class=\"robots-nocontent sd-block sd-social sd-social-icon-text sd-sharing\" style=\"border-top-width: 1px;border-top-style: solid;padding: 10px 0px 5px;margin: 0px\">&nbsp;<\/div>\n<\/p><\/div>\n<\/td>\n<\/tr>\n<\/tbody>\n<\/table>\n","protected":false},"excerpt":{"rendered":"<p>Se viene \u201cEstrellitas de la Ciencia\u201d, la muestra cient\u00edfica astron\u00f3mica protagonizada por estudiantes de pre-b\u00e1sica y para llegar en buena forma al evento, las t\u00edas recibieron charlas de capacitaci\u00f3n en el tema. &nbsp; El pasado 30 de octubre se reunieron en la Sede Santiago de la Universidad Arturo Prat, las educadoras capacitadas el 2013 en [&hellip;]<\/p>\n","protected":false},"author":2,"featured_media":31817,"comment_status":"closed","ping_status":"open","sticky":false,"template":"","format":"standard","meta":{"_acf_changed":false,"_exactmetrics_skip_tracking":false,"_exactmetrics_sitenote_active":false,"_exactmetrics_sitenote_note":"","_exactmetrics_sitenote_category":0,"footnotes":"","_links_to":"","_links_to_target":""},"categories":[4],"tags":[],"class_list":["post-31816","post","type-post","status-publish","format-standard","has-post-thumbnail","hentry","category-noticias"],"acf":[],"yoast_head":"<!-- This site is optimized with the Yoast SEO plugin v26.7 - https:\/\/yoast.com\/wordpress\/plugins\/seo\/ -->\n<title>Educadoras TCC se preparan para la Feria de P\u00e1rvulos - RM Norte<\/title>\n<meta name=\"robots\" content=\"index, follow, max-snippet:-1, max-image-preview:large, max-video-preview:-1\" \/>\n<link rel=\"canonical\" href=\"https:\/\/dev.explora.cl\/rmnorte\/noticias-regional-metropolitana-norte-5\/\" class=\"yoast-seo-meta-tag\" \/>\n<meta property=\"og:locale\" content=\"es_ES\" class=\"yoast-seo-meta-tag\" \/>\n<meta property=\"og:type\" content=\"article\" class=\"yoast-seo-meta-tag\" \/>\n<meta property=\"og:title\" content=\"Educadoras TCC se preparan para la Feria de P\u00e1rvulos - RM Norte\" class=\"yoast-seo-meta-tag\" \/>\n<meta property=\"og:description\" content=\"Se viene \u201cEstrellitas de la Ciencia\u201d, la muestra cient\u00edfica astron\u00f3mica protagonizada por estudiantes de pre-b\u00e1sica y para llegar en buena forma al evento, las t\u00edas recibieron charlas de capacitaci\u00f3n en el tema. &nbsp; El pasado 30 de octubre se reunieron en la Sede Santiago de la Universidad Arturo Prat, las educadoras capacitadas el 2013 en [&hellip;]\" class=\"yoast-seo-meta-tag\" \/>\n<meta property=\"og:url\" content=\"https:\/\/dev.explora.cl\/rmnorte\/noticias-regional-metropolitana-norte-5\/\" class=\"yoast-seo-meta-tag\" \/>\n<meta property=\"og:site_name\" content=\"RM Norte\" class=\"yoast-seo-meta-tag\" \/>\n<meta property=\"article:published_time\" content=\"2014-05-23T04:00:00+00:00\" class=\"yoast-seo-meta-tag\" \/>\n<meta property=\"article:modified_time\" content=\"2019-05-20T17:24:59+00:00\" class=\"yoast-seo-meta-tag\" \/>\n<meta property=\"og:image\" content=\"https:\/\/dev.explora.cl\/rmnorte\/wp-content\/uploads\/sites\/11\/2018\/06\/Taller_astronoma_para_TCC_-_portada.jpg\" class=\"yoast-seo-meta-tag\" \/>\n\t<meta property=\"og:image:width\" content=\"90\" class=\"yoast-seo-meta-tag\" \/>\n\t<meta property=\"og:image:height\" content=\"90\" class=\"yoast-seo-meta-tag\" \/>\n\t<meta property=\"og:image:type\" content=\"image\/jpeg\" class=\"yoast-seo-meta-tag\" \/>\n<meta name=\"author\" content=\"webman\" class=\"yoast-seo-meta-tag\" \/>\n<meta name=\"twitter:card\" content=\"summary_large_image\" class=\"yoast-seo-meta-tag\" \/>\n<meta name=\"twitter:label1\" content=\"Escrito por\" class=\"yoast-seo-meta-tag\" \/>\n\t<meta name=\"twitter:data1\" content=\"webman\" class=\"yoast-seo-meta-tag\" \/>\n\t<meta name=\"twitter:label2\" content=\"Tiempo estimado de lectura\" class=\"yoast-seo-meta-tag\" \/>\n\t<meta name=\"twitter:data2\" content=\"2 minutos\" class=\"yoast-seo-meta-tag\" \/>\n<script type=\"application\/ld+json\" class=\"yoast-schema-graph\">{\"@context\":\"https:\/\/schema.org\",\"@graph\":[{\"@type\":\"Article\",\"@id\":\"https:\/\/dev.explora.cl\/rmnorte\/noticias-regional-metropolitana-norte-5\/#article\",\"isPartOf\":{\"@id\":\"https:\/\/dev.explora.cl\/rmnorte\/noticias-regional-metropolitana-norte-5\/\"},\"author\":{\"name\":\"webman\",\"@id\":\"https:\/\/dev.explora.cl\/rmnorte\/#\/schema\/person\/cb8349c13ea2d324080adf8480d7ba5d\"},\"headline\":\"Educadoras TCC se preparan para la Feria de P\u00e1rvulos\",\"datePublished\":\"2014-05-23T04:00:00+00:00\",\"dateModified\":\"2019-05-20T17:24:59+00:00\",\"mainEntityOfPage\":{\"@id\":\"https:\/\/dev.explora.cl\/rmnorte\/noticias-regional-metropolitana-norte-5\/\"},\"wordCount\":439,\"image\":{\"@id\":\"https:\/\/dev.explora.cl\/rmnorte\/noticias-regional-metropolitana-norte-5\/#primaryimage\"},\"thumbnailUrl\":\"https:\/\/dev.explora.cl\/rmnorte\/wp-content\/uploads\/sites\/11\/2018\/06\/Taller_astronoma_para_TCC_-_portada.jpg\",\"articleSection\":[\"Noticias\"],\"inLanguage\":\"es-CL\"},{\"@type\":\"WebPage\",\"@id\":\"https:\/\/dev.explora.cl\/rmnorte\/noticias-regional-metropolitana-norte-5\/\",\"url\":\"https:\/\/dev.explora.cl\/rmnorte\/noticias-regional-metropolitana-norte-5\/\",\"name\":\"Educadoras TCC se preparan para la Feria de P\u00e1rvulos - RM Norte\",\"isPartOf\":{\"@id\":\"https:\/\/dev.explora.cl\/rmnorte\/#website\"},\"primaryImageOfPage\":{\"@id\":\"https:\/\/dev.explora.cl\/rmnorte\/noticias-regional-metropolitana-norte-5\/#primaryimage\"},\"image\":{\"@id\":\"https:\/\/dev.explora.cl\/rmnorte\/noticias-regional-metropolitana-norte-5\/#primaryimage\"},\"thumbnailUrl\":\"https:\/\/dev.explora.cl\/rmnorte\/wp-content\/uploads\/sites\/11\/2018\/06\/Taller_astronoma_para_TCC_-_portada.jpg\",\"datePublished\":\"2014-05-23T04:00:00+00:00\",\"dateModified\":\"2019-05-20T17:24:59+00:00\",\"author\":{\"@id\":\"https:\/\/dev.explora.cl\/rmnorte\/#\/schema\/person\/cb8349c13ea2d324080adf8480d7ba5d\"},\"breadcrumb\":{\"@id\":\"https:\/\/dev.explora.cl\/rmnorte\/noticias-regional-metropolitana-norte-5\/#breadcrumb\"},\"inLanguage\":\"es-CL\",\"potentialAction\":[{\"@type\":\"ReadAction\",\"target\":[\"https:\/\/dev.explora.cl\/rmnorte\/noticias-regional-metropolitana-norte-5\/\"]}]},{\"@type\":\"ImageObject\",\"inLanguage\":\"es-CL\",\"@id\":\"https:\/\/dev.explora.cl\/rmnorte\/noticias-regional-metropolitana-norte-5\/#primaryimage\",\"url\":\"https:\/\/dev.explora.cl\/rmnorte\/wp-content\/uploads\/sites\/11\/2018\/06\/Taller_astronoma_para_TCC_-_portada.jpg\",\"contentUrl\":\"https:\/\/dev.explora.cl\/rmnorte\/wp-content\/uploads\/sites\/11\/2018\/06\/Taller_astronoma_para_TCC_-_portada.jpg\",\"width\":90,\"height\":90},{\"@type\":\"BreadcrumbList\",\"@id\":\"https:\/\/dev.explora.cl\/rmnorte\/noticias-regional-metropolitana-norte-5\/#breadcrumb\",\"itemListElement\":[{\"@type\":\"ListItem\",\"position\":1,\"name\":\"Portada\",\"item\":\"https:\/\/dev.explora.cl\/rmnorte\/\"},{\"@type\":\"ListItem\",\"position\":2,\"name\":\"Educadoras TCC se preparan para la Feria de P\u00e1rvulos\"}]},{\"@type\":\"WebSite\",\"@id\":\"https:\/\/dev.explora.cl\/rmnorte\/#website\",\"url\":\"https:\/\/dev.explora.cl\/rmnorte\/\",\"name\":\"RM Norte\",\"description\":\"RM Norte dev.explora.cl\",\"potentialAction\":[{\"@type\":\"SearchAction\",\"target\":{\"@type\":\"EntryPoint\",\"urlTemplate\":\"https:\/\/dev.explora.cl\/rmnorte\/?s={search_term_string}\"},\"query-input\":{\"@type\":\"PropertyValueSpecification\",\"valueRequired\":true,\"valueName\":\"search_term_string\"}}],\"inLanguage\":\"es-CL\"},{\"@type\":\"Person\",\"@id\":\"https:\/\/dev.explora.cl\/rmnorte\/#\/schema\/person\/cb8349c13ea2d324080adf8480d7ba5d\",\"name\":\"webman\",\"image\":{\"@type\":\"ImageObject\",\"inLanguage\":\"es-CL\",\"@id\":\"https:\/\/dev.explora.cl\/rmnorte\/#\/schema\/person\/image\/\",\"url\":\"https:\/\/secure.gravatar.com\/avatar\/eeff3c82f2c02f7177d13663b7e6f890e9a6a0647ce9bb29cae02dcb094c7312?s=96&d=mm&r=g\",\"contentUrl\":\"https:\/\/secure.gravatar.com\/avatar\/eeff3c82f2c02f7177d13663b7e6f890e9a6a0647ce9bb29cae02dcb094c7312?s=96&d=mm&r=g\",\"caption\":\"webman\"},\"url\":\"https:\/\/dev.explora.cl\/rmnorte\/author\/webman\/\"}]}<\/script>\n<!-- \/ Yoast SEO plugin. -->","yoast_head_json":{"title":"Educadoras TCC se preparan para la Feria de P\u00e1rvulos - RM Norte","robots":{"index":"index","follow":"follow","max-snippet":"max-snippet:-1","max-image-preview":"max-image-preview:large","max-video-preview":"max-video-preview:-1"},"canonical":"https:\/\/dev.explora.cl\/rmnorte\/noticias-regional-metropolitana-norte-5\/","og_locale":"es_ES","og_type":"article","og_title":"Educadoras TCC se preparan para la Feria de P\u00e1rvulos - RM Norte","og_description":"Se viene \u201cEstrellitas de la Ciencia\u201d, la muestra cient\u00edfica astron\u00f3mica protagonizada por estudiantes de pre-b\u00e1sica y para llegar en buena forma al evento, las t\u00edas recibieron charlas de capacitaci\u00f3n en el tema. &nbsp; El pasado 30 de octubre se reunieron en la Sede Santiago de la Universidad Arturo Prat, las educadoras capacitadas el 2013 en [&hellip;]","og_url":"https:\/\/dev.explora.cl\/rmnorte\/noticias-regional-metropolitana-norte-5\/","og_site_name":"RM Norte","article_published_time":"2014-05-23T04:00:00+00:00","article_modified_time":"2019-05-20T17:24:59+00:00","og_image":[{"width":90,"height":90,"url":"https:\/\/dev.explora.cl\/rmnorte\/wp-content\/uploads\/sites\/11\/2018\/06\/Taller_astronoma_para_TCC_-_portada.jpg","type":"image\/jpeg"}],"author":"webman","twitter_card":"summary_large_image","twitter_misc":{"Escrito por":"webman","Tiempo estimado de lectura":"2 minutos"},"schema":{"@context":"https:\/\/schema.org","@graph":[{"@type":"Article","@id":"https:\/\/dev.explora.cl\/rmnorte\/noticias-regional-metropolitana-norte-5\/#article","isPartOf":{"@id":"https:\/\/dev.explora.cl\/rmnorte\/noticias-regional-metropolitana-norte-5\/"},"author":{"name":"webman","@id":"https:\/\/dev.explora.cl\/rmnorte\/#\/schema\/person\/cb8349c13ea2d324080adf8480d7ba5d"},"headline":"Educadoras TCC se preparan para la Feria de P\u00e1rvulos","datePublished":"2014-05-23T04:00:00+00:00","dateModified":"2019-05-20T17:24:59+00:00","mainEntityOfPage":{"@id":"https:\/\/dev.explora.cl\/rmnorte\/noticias-regional-metropolitana-norte-5\/"},"wordCount":439,"image":{"@id":"https:\/\/dev.explora.cl\/rmnorte\/noticias-regional-metropolitana-norte-5\/#primaryimage"},"thumbnailUrl":"https:\/\/dev.explora.cl\/rmnorte\/wp-content\/uploads\/sites\/11\/2018\/06\/Taller_astronoma_para_TCC_-_portada.jpg","articleSection":["Noticias"],"inLanguage":"es-CL"},{"@type":"WebPage","@id":"https:\/\/dev.explora.cl\/rmnorte\/noticias-regional-metropolitana-norte-5\/","url":"https:\/\/dev.explora.cl\/rmnorte\/noticias-regional-metropolitana-norte-5\/","name":"Educadoras TCC se preparan para la Feria de P\u00e1rvulos - RM Norte","isPartOf":{"@id":"https:\/\/dev.explora.cl\/rmnorte\/#website"},"primaryImageOfPage":{"@id":"https:\/\/dev.explora.cl\/rmnorte\/noticias-regional-metropolitana-norte-5\/#primaryimage"},"image":{"@id":"https:\/\/dev.explora.cl\/rmnorte\/noticias-regional-metropolitana-norte-5\/#primaryimage"},"thumbnailUrl":"https:\/\/dev.explora.cl\/rmnorte\/wp-content\/uploads\/sites\/11\/2018\/06\/Taller_astronoma_para_TCC_-_portada.jpg","datePublished":"2014-05-23T04:00:00+00:00","dateModified":"2019-05-20T17:24:59+00:00","author":{"@id":"https:\/\/dev.explora.cl\/rmnorte\/#\/schema\/person\/cb8349c13ea2d324080adf8480d7ba5d"},"breadcrumb":{"@id":"https:\/\/dev.explora.cl\/rmnorte\/noticias-regional-metropolitana-norte-5\/#breadcrumb"},"inLanguage":"es-CL","potentialAction":[{"@type":"ReadAction","target":["https:\/\/dev.explora.cl\/rmnorte\/noticias-regional-metropolitana-norte-5\/"]}]},{"@type":"ImageObject","inLanguage":"es-CL","@id":"https:\/\/dev.explora.cl\/rmnorte\/noticias-regional-metropolitana-norte-5\/#primaryimage","url":"https:\/\/dev.explora.cl\/rmnorte\/wp-content\/uploads\/sites\/11\/2018\/06\/Taller_astronoma_para_TCC_-_portada.jpg","contentUrl":"https:\/\/dev.explora.cl\/rmnorte\/wp-content\/uploads\/sites\/11\/2018\/06\/Taller_astronoma_para_TCC_-_portada.jpg","width":90,"height":90},{"@type":"BreadcrumbList","@id":"https:\/\/dev.explora.cl\/rmnorte\/noticias-regional-metropolitana-norte-5\/#breadcrumb","itemListElement":[{"@type":"ListItem","position":1,"name":"Portada","item":"https:\/\/dev.explora.cl\/rmnorte\/"},{"@type":"ListItem","position":2,"name":"Educadoras TCC se preparan para la Feria de P\u00e1rvulos"}]},{"@type":"WebSite","@id":"https:\/\/dev.explora.cl\/rmnorte\/#website","url":"https:\/\/dev.explora.cl\/rmnorte\/","name":"RM Norte","description":"RM Norte dev.explora.cl","potentialAction":[{"@type":"SearchAction","target":{"@type":"EntryPoint","urlTemplate":"https:\/\/dev.explora.cl\/rmnorte\/?s={search_term_string}"},"query-input":{"@type":"PropertyValueSpecification","valueRequired":true,"valueName":"search_term_string"}}],"inLanguage":"es-CL"},{"@type":"Person","@id":"https:\/\/dev.explora.cl\/rmnorte\/#\/schema\/person\/cb8349c13ea2d324080adf8480d7ba5d","name":"webman","image":{"@type":"ImageObject","inLanguage":"es-CL","@id":"https:\/\/dev.explora.cl\/rmnorte\/#\/schema\/person\/image\/","url":"https:\/\/secure.gravatar.com\/avatar\/eeff3c82f2c02f7177d13663b7e6f890e9a6a0647ce9bb29cae02dcb094c7312?s=96&d=mm&r=g","contentUrl":"https:\/\/secure.gravatar.com\/avatar\/eeff3c82f2c02f7177d13663b7e6f890e9a6a0647ce9bb29cae02dcb094c7312?s=96&d=mm&r=g","caption":"webman"},"url":"https:\/\/dev.explora.cl\/rmnorte\/author\/webman\/"}]}},"_links":{"self":[{"href":"https:\/\/dev.explora.cl\/rmnorte\/wp-json\/wp\/v2\/posts\/31816","targetHints":{"allow":["GET"]}}],"collection":[{"href":"https:\/\/dev.explora.cl\/rmnorte\/wp-json\/wp\/v2\/posts"}],"about":[{"href":"https:\/\/dev.explora.cl\/rmnorte\/wp-json\/wp\/v2\/types\/post"}],"author":[{"embeddable":true,"href":"https:\/\/dev.explora.cl\/rmnorte\/wp-json\/wp\/v2\/users\/2"}],"replies":[{"embeddable":true,"href":"https:\/\/dev.explora.cl\/rmnorte\/wp-json\/wp\/v2\/comments?post=31816"}],"version-history":[{"count":1,"href":"https:\/\/dev.explora.cl\/rmnorte\/wp-json\/wp\/v2\/posts\/31816\/revisions"}],"predecessor-version":[{"id":38689,"href":"https:\/\/dev.explora.cl\/rmnorte\/wp-json\/wp\/v2\/posts\/31816\/revisions\/38689"}],"wp:featuredmedia":[{"embeddable":true,"href":"https:\/\/dev.explora.cl\/rmnorte\/wp-json\/wp\/v2\/media\/31817"}],"wp:attachment":[{"href":"https:\/\/dev.explora.cl\/rmnorte\/wp-json\/wp\/v2\/media?parent=31816"}],"wp:term":[{"taxonomy":"category","embeddable":true,"href":"https:\/\/dev.explora.cl\/rmnorte\/wp-json\/wp\/v2\/categories?post=31816"},{"taxonomy":"post_tag","embeddable":true,"href":"https:\/\/dev.explora.cl\/rmnorte\/wp-json\/wp\/v2\/tags?post=31816"}],"curies":[{"name":"wp","href":"https:\/\/api.w.org\/{rel}","templated":true}]}}