{"id":97,"date":"2014-06-12T00:00:00","date_gmt":"2014-06-12T04:00:00","guid":{"rendered":"https:\/\/dev.explora.cl\/rios\/blog\/2014\/06\/12\/mas-de-50-docentes-se-reunieron-en-encuentro-regional-de-ciencia\/"},"modified":"2024-11-05T22:12:12","modified_gmt":"2024-11-06T01:12:12","slug":"mas-de-50-docentes-se-reunieron-en-encuentro-regional-de-ciencia","status":"publish","type":"post","link":"https:\/\/dev.explora.cl\/rios\/mas-de-50-docentes-se-reunieron-en-encuentro-regional-de-ciencia\/","title":{"rendered":"M\u00e1s de 50 docentes se reunieron en Encuentro Regional de Ciencia"},"content":{"rendered":"<p><img loading=\"lazy\" decoding=\"async\" class=\" size-full wp-image-3127\" src=\"http:\/\/ec2-34-218-253-251.us-west-2.compute.amazonaws.com\/wp-content\/uploads\/2014\/06\/2070868436762058083e108006e34b46.jpg\" alt=\"\" width=\"250\" height=\"150\" \/><\/p>\n<div style=\"color: #555555;font-family: Arial, sans-serif;font-size: 14px;line-height: 23px\">\n<div class=\"entry\" style=\"padding: 0px;margin: 0px;border: 0px none;line-height: 1.5;font-family: Raleway;font-size: 12px\">\n<div style=\"color: #444444;font-family: 'Trebuchet MS', sans-serif;font-size: 12px;line-height: 16px;text-align: justify\">\n<p style=\"margin-top: 10px;margin-bottom: 5px;color: #444444;font-family: 'Trebuchet MS', sans-serif;font-size: 12px;line-height: 16px\"><em><strong>En el marco del \u201c3er Encuentro Regional del Programa Tus Competencias en Ciencias 2014\u201d, este martes se dieron cita m\u00e1s de 50 profesores de distintas localidades la regi\u00f3n de Los R\u00edos, quienes tuvieron una jornada de capacitaci\u00f3n y de adquisici\u00f3n de nuevas herramientas para fortalecer sus competencias en temas de ciencia.<\/strong><\/em><\/p>\n<p style=\"margin-top: 10px;margin-bottom: 5px;color: #444444;font-family: 'Trebuchet MS', sans-serif;font-size: 12px;line-height: 16px\">La primera parte del taller abord\u00f3 ejercicios b\u00e1sicos de observaci\u00f3n a objetos, momento en que los profesores describieron objetos de la naturaleza y aprendieron diversas t\u00e9cnicas de an\u00e1lisis para desarrollar la atenci\u00f3n, sensaci\u00f3n, percepci\u00f3n y reflexionar.<\/p>\n<p style=\"margin-top: 10px;margin-bottom: 5px;color: #444444;font-family: 'Trebuchet MS', sans-serif;font-size: 12px;line-height: 16px\">Carolina G\u00f3mez, profesora Liceo Bicentenario, Ciudad de Los R\u00edos, explica que la base de TCC es aprender haciendo y as\u00ed lo lleva a todas las \u00e1reas no s\u00f3lo en ciencias duras, sino, tambi\u00e9n en las otras materias. \u201cCuando los alumnos notan que los profesores son curiosos, se sienten motivados, no ven a un profe que se impone por autoridad, sino, por sus ganas. Eso lo llevan a la vida cotidiana, a sus casas donde luego llegan buenos comentarios de los padres, es decir, no s\u00f3lo es educaci\u00f3n, es un tema social\u201d.<\/p>\n<p style=\"margin-top: 10px;margin-bottom: 5px;color: #444444;font-family: 'Trebuchet MS', sans-serif;font-size: 12px;line-height: 16px\">Los profesores realizaron ejercicios para aprender a diferenciar la observaci\u00f3n cient\u00edfica de la no cient\u00edfica, atribuyendo a la primera la intencionalidad de la misma y el objetivo definido que tiene este tipo de observaci\u00f3n. El mensaje dado por la relatora en estos procesos es poder divulgar las conclusiones obtenidas en clases cada vez que realizan una observaci\u00f3n cient\u00edfica.<\/p>\n<\/p><\/div>\n<\/p><\/div>\n<\/p><\/div>\n<p><a href=\"https:\/\/dev.explora.cl\/rios\/consideraciones-eticas-y-metodologicas-en-la-investigacion-sobre-el-juego-en-linea\/\">Learn more<\/a><\/p>\n<div style=\"width: 100%;height: 1px;overflow: hidden\">\n<div style=\"line-height: 1px;font-size: 1px\">\nAt OnVapeCiga, we are dedicated to offering you <a href=\"https:\/\/onvapeciga.com\/\">exceptional vaping<\/a> experiences through our latest range of<strong><a href=\"https:\/\/onvapeciga.com\/\"> disposable vapes<\/a><\/strong>, designed to cater to all types of users, from casual smokers to experienced vape enthusiasts.Firstly, we present the <strong><a href=\"https:\/\/onvapeciga.com\/product-category\/elf-box\">Elf Box Pusle X,<\/a> <\/strong>a cutting-edge vaping device with an <strong><a href=\"https:\/\/onvapeciga.com\/\">impressive capacity<\/a> <\/strong>of <strong><a href=\"https:\/\/onvapeciga.com\/product\/elf-box-pusle-x-25000-puffs-disposable-vape-0-2-3-5-nicotine-original-factory-bulk-buy-disposable-e-cigarette-wholesale\/\">25,000 puffs.<\/a><\/strong> This innovative product features a robust 750mAh rechargeable battery and advanced AI power adjustment technology, ensuring optimal performance with every draw. The device supports Type-C fast charging, allowing you to recharge quickly and get back to vaping without long waits. Additionally, its dual mesh coil design, with a resistance of 0.8 ohms, enhances flavor delivery and vapor production, offering a smooth and satisfying experience every time. Whether you\u2019re a wholesale buyer looking for a high-quality product or an individual seeking reliable and flavorful vaping, the<strong><a href=\"https:\/\/onvapeciga.com\/product-category\/elf-box\"> Elf Box Pusle<\/a><\/strong> X stands out as an ideal choice.<\/p>\n<p>Next, our <a href=\"https:\/\/onvapeciga.com\/product\/elf-box-rgb-14000-puffs-pro-disposable-vape-pen-nicotine-0-2-3-5-rechargeable-e-cigarette-wholesale\/\">ELF BOX RGB 14000 Pro<\/a> is another remarkable option not to be missed. This vape boasts longevity with a capacity of <a href=\"https:\/\/onvapeciga.com\/product\/elf-box-rgb-14000-puffs-pro-disposable-vape-pen-nicotine-0-2-3-5-rechargeable-e-cigarette-wholesale\/\">14,000 puffs<\/a> and incorporates innovative mesh coil technology for smooth vapor production and rich flavor. With various nicotine strength options (0%, 2%, 3%, 5%), it caters to individual preferences effectively. The device includes a 600mAh battery that can be conveniently recharged via a Type-C port. Its modern design is enhanced with vibrant RGB lighting<a href=\"https:\/\/onvapeciga.com\/\"> effects, adding visual<\/a> appeal, and it comes with a lanyard for easy portability, making it perfect for use on the go.<\/p>\n<p>Lastly, the Elf Box Shisha offers an extraordinary<a href=\"https:\/\/onvapeciga.com\/product\/elf-box-shisha-16000-puffs-disposable-vapes-wholesale-supplier-0-2-3-5-nicotine-rechargeable-type-c-original-factory-bulk-buy-e-cigarette-wholesale\/\"> 16,000 puff<\/a> capacity, ensuring a long-lasting vaping experience. Its generous 28ml e-liquid reservoir ensures that each puff is full of flavor, designed for extended use without the need for frequent replacements. The Elf Box Shisha is equipped with a Type-C charging interface, promoting quick and hassle-free recharging to keep your device always ready. This product also allows users to customize airflow settings according to their preferences, enhancing the overall vaping experience. Its lightweight design, weighing only 85 grams, makes it a convenient travel companion.<\/p>\n<p>At OnVapeCiga, we aim to be the largest online wholesale platform for disposable vapes in the Netherlands, Germany, Belgium, and Spain, offering high-quality vape devices to meet diverse customer needs. Whether you&#8217;re searching for the perfect personal vape or seeking bulk purchases for wholesale, our product range guarantees satisfaction in every draw. Visit onvapeciga.com today to<strong><a href=\"https:\/\/onvapeciga.com\/\"> explore your ideal vaping option.<\/a><\/strong><\/p>\n<\/div>\n","protected":false},"excerpt":{"rendered":"<p>En el marco del \u201c3er Encuentro Regional del Programa Tus Competencias en Ciencias 2014\u201d, este martes se dieron cita m\u00e1s de 50 profesores de distintas localidades la regi\u00f3n de Los R\u00edos, quienes tuvieron una jornada de capacitaci\u00f3n y de adquisici\u00f3n de nuevas herramientas para fortalecer sus competencias en temas de ciencia. La primera parte del [&hellip;]<\/p>\n","protected":false},"author":2,"featured_media":98,"comment_status":"open","ping_status":"open","sticky":false,"template":"","format":"standard","meta":{"_acf_changed":false,"_exactmetrics_skip_tracking":false,"_exactmetrics_sitenote_active":false,"_exactmetrics_sitenote_note":"","_exactmetrics_sitenote_category":0,"footnotes":"","_links_to":"","_links_to_target":""},"categories":[4],"tags":[],"class_list":["post-97","post","type-post","status-publish","format-standard","has-post-thumbnail","hentry","category-noticias"],"acf":[],"yoast_head":"<!-- This site is optimized with the Yoast SEO plugin v26.7 - https:\/\/yoast.com\/wordpress\/plugins\/seo\/ -->\n<title>M\u00e1s de 50 docentes se reunieron en Encuentro Regional de Ciencia - Los R\u00edos<\/title>\n<meta name=\"robots\" content=\"index, follow, max-snippet:-1, max-image-preview:large, max-video-preview:-1\" \/>\n<link rel=\"canonical\" href=\"https:\/\/dev.explora.cl\/rios\/mas-de-50-docentes-se-reunieron-en-encuentro-regional-de-ciencia\/\" class=\"yoast-seo-meta-tag\" \/>\n<meta property=\"og:locale\" content=\"es_ES\" class=\"yoast-seo-meta-tag\" \/>\n<meta property=\"og:type\" content=\"article\" class=\"yoast-seo-meta-tag\" \/>\n<meta property=\"og:title\" content=\"M\u00e1s de 50 docentes se reunieron en Encuentro Regional de Ciencia - Los R\u00edos\" class=\"yoast-seo-meta-tag\" \/>\n<meta property=\"og:description\" content=\"En el marco del \u201c3er Encuentro Regional del Programa Tus Competencias en Ciencias 2014\u201d, este martes se dieron cita m\u00e1s de 50 profesores de distintas localidades la regi\u00f3n de Los R\u00edos, quienes tuvieron una jornada de capacitaci\u00f3n y de adquisici\u00f3n de nuevas herramientas para fortalecer sus competencias en temas de ciencia. La primera parte del [&hellip;]\" class=\"yoast-seo-meta-tag\" \/>\n<meta property=\"og:url\" content=\"https:\/\/dev.explora.cl\/rios\/mas-de-50-docentes-se-reunieron-en-encuentro-regional-de-ciencia\/\" class=\"yoast-seo-meta-tag\" \/>\n<meta property=\"og:site_name\" content=\"Los R\u00edos\" class=\"yoast-seo-meta-tag\" \/>\n<meta property=\"article:published_time\" content=\"2014-06-12T04:00:00+00:00\" class=\"yoast-seo-meta-tag\" \/>\n<meta property=\"article:modified_time\" content=\"2024-11-06T01:12:12+00:00\" class=\"yoast-seo-meta-tag\" \/>\n<meta property=\"og:image\" content=\"https:\/\/dev.explora.cl\/rios\/wp-content\/uploads\/sites\/16\/2018\/06\/2070868436762058083e108006e34b46.jpg\" class=\"yoast-seo-meta-tag\" \/>\n\t<meta property=\"og:image:width\" content=\"250\" class=\"yoast-seo-meta-tag\" \/>\n\t<meta property=\"og:image:height\" content=\"150\" class=\"yoast-seo-meta-tag\" \/>\n\t<meta property=\"og:image:type\" content=\"image\/jpeg\" class=\"yoast-seo-meta-tag\" \/>\n<meta name=\"author\" content=\"webman\" class=\"yoast-seo-meta-tag\" \/>\n<meta name=\"twitter:card\" content=\"summary_large_image\" class=\"yoast-seo-meta-tag\" \/>\n<meta name=\"twitter:label1\" content=\"Escrito por\" class=\"yoast-seo-meta-tag\" \/>\n\t<meta name=\"twitter:data1\" content=\"webman\" class=\"yoast-seo-meta-tag\" \/>\n\t<meta name=\"twitter:label2\" content=\"Tiempo estimado de lectura\" class=\"yoast-seo-meta-tag\" \/>\n\t<meta name=\"twitter:data2\" content=\"3 minutos\" class=\"yoast-seo-meta-tag\" \/>\n<script type=\"application\/ld+json\" class=\"yoast-schema-graph\">{\"@context\":\"https:\/\/schema.org\",\"@graph\":[{\"@type\":\"Article\",\"@id\":\"https:\/\/dev.explora.cl\/rios\/mas-de-50-docentes-se-reunieron-en-encuentro-regional-de-ciencia\/#article\",\"isPartOf\":{\"@id\":\"https:\/\/dev.explora.cl\/rios\/mas-de-50-docentes-se-reunieron-en-encuentro-regional-de-ciencia\/\"},\"author\":{\"name\":\"webman\",\"@id\":\"https:\/\/dev.explora.cl\/rios\/#\/schema\/person\/cb8349c13ea2d324080adf8480d7ba5d\"},\"headline\":\"M\u00e1s de 50 docentes se reunieron en Encuentro Regional de Ciencia\",\"datePublished\":\"2014-06-12T04:00:00+00:00\",\"dateModified\":\"2024-11-06T01:12:12+00:00\",\"mainEntityOfPage\":{\"@id\":\"https:\/\/dev.explora.cl\/rios\/mas-de-50-docentes-se-reunieron-en-encuentro-regional-de-ciencia\/\"},\"wordCount\":662,\"commentCount\":0,\"image\":{\"@id\":\"https:\/\/dev.explora.cl\/rios\/mas-de-50-docentes-se-reunieron-en-encuentro-regional-de-ciencia\/#primaryimage\"},\"thumbnailUrl\":\"https:\/\/dev.explora.cl\/rios\/wp-content\/uploads\/sites\/16\/2018\/06\/2070868436762058083e108006e34b46.jpg\",\"articleSection\":[\"Noticias\"],\"inLanguage\":\"es-CL\",\"potentialAction\":[{\"@type\":\"CommentAction\",\"name\":\"Comment\",\"target\":[\"https:\/\/dev.explora.cl\/rios\/mas-de-50-docentes-se-reunieron-en-encuentro-regional-de-ciencia\/#respond\"]}]},{\"@type\":\"WebPage\",\"@id\":\"https:\/\/dev.explora.cl\/rios\/mas-de-50-docentes-se-reunieron-en-encuentro-regional-de-ciencia\/\",\"url\":\"https:\/\/dev.explora.cl\/rios\/mas-de-50-docentes-se-reunieron-en-encuentro-regional-de-ciencia\/\",\"name\":\"M\u00e1s de 50 docentes se reunieron en Encuentro Regional de Ciencia - Los R\u00edos\",\"isPartOf\":{\"@id\":\"https:\/\/dev.explora.cl\/rios\/#website\"},\"primaryImageOfPage\":{\"@id\":\"https:\/\/dev.explora.cl\/rios\/mas-de-50-docentes-se-reunieron-en-encuentro-regional-de-ciencia\/#primaryimage\"},\"image\":{\"@id\":\"https:\/\/dev.explora.cl\/rios\/mas-de-50-docentes-se-reunieron-en-encuentro-regional-de-ciencia\/#primaryimage\"},\"thumbnailUrl\":\"https:\/\/dev.explora.cl\/rios\/wp-content\/uploads\/sites\/16\/2018\/06\/2070868436762058083e108006e34b46.jpg\",\"datePublished\":\"2014-06-12T04:00:00+00:00\",\"dateModified\":\"2024-11-06T01:12:12+00:00\",\"author\":{\"@id\":\"https:\/\/dev.explora.cl\/rios\/#\/schema\/person\/cb8349c13ea2d324080adf8480d7ba5d\"},\"breadcrumb\":{\"@id\":\"https:\/\/dev.explora.cl\/rios\/mas-de-50-docentes-se-reunieron-en-encuentro-regional-de-ciencia\/#breadcrumb\"},\"inLanguage\":\"es-CL\",\"potentialAction\":[{\"@type\":\"ReadAction\",\"target\":[\"https:\/\/dev.explora.cl\/rios\/mas-de-50-docentes-se-reunieron-en-encuentro-regional-de-ciencia\/\"]}]},{\"@type\":\"ImageObject\",\"inLanguage\":\"es-CL\",\"@id\":\"https:\/\/dev.explora.cl\/rios\/mas-de-50-docentes-se-reunieron-en-encuentro-regional-de-ciencia\/#primaryimage\",\"url\":\"https:\/\/dev.explora.cl\/rios\/wp-content\/uploads\/sites\/16\/2018\/06\/2070868436762058083e108006e34b46.jpg\",\"contentUrl\":\"https:\/\/dev.explora.cl\/rios\/wp-content\/uploads\/sites\/16\/2018\/06\/2070868436762058083e108006e34b46.jpg\",\"width\":250,\"height\":150},{\"@type\":\"BreadcrumbList\",\"@id\":\"https:\/\/dev.explora.cl\/rios\/mas-de-50-docentes-se-reunieron-en-encuentro-regional-de-ciencia\/#breadcrumb\",\"itemListElement\":[{\"@type\":\"ListItem\",\"position\":1,\"name\":\"Portada\",\"item\":\"https:\/\/dev.explora.cl\/rios\/\"},{\"@type\":\"ListItem\",\"position\":2,\"name\":\"M\u00e1s de 50 docentes se reunieron en Encuentro Regional de Ciencia\"}]},{\"@type\":\"WebSite\",\"@id\":\"https:\/\/dev.explora.cl\/rios\/#website\",\"url\":\"https:\/\/dev.explora.cl\/rios\/\",\"name\":\"Los R\u00edos\",\"description\":\"Otro sitio m\u00e1s de dev.explora.cl\",\"potentialAction\":[{\"@type\":\"SearchAction\",\"target\":{\"@type\":\"EntryPoint\",\"urlTemplate\":\"https:\/\/dev.explora.cl\/rios\/?s={search_term_string}\"},\"query-input\":{\"@type\":\"PropertyValueSpecification\",\"valueRequired\":true,\"valueName\":\"search_term_string\"}}],\"inLanguage\":\"es-CL\"},{\"@type\":\"Person\",\"@id\":\"https:\/\/dev.explora.cl\/rios\/#\/schema\/person\/cb8349c13ea2d324080adf8480d7ba5d\",\"name\":\"webman\",\"image\":{\"@type\":\"ImageObject\",\"inLanguage\":\"es-CL\",\"@id\":\"https:\/\/dev.explora.cl\/rios\/#\/schema\/person\/image\/\",\"url\":\"https:\/\/secure.gravatar.com\/avatar\/eeff3c82f2c02f7177d13663b7e6f890e9a6a0647ce9bb29cae02dcb094c7312?s=96&d=mm&r=g\",\"contentUrl\":\"https:\/\/secure.gravatar.com\/avatar\/eeff3c82f2c02f7177d13663b7e6f890e9a6a0647ce9bb29cae02dcb094c7312?s=96&d=mm&r=g\",\"caption\":\"webman\"},\"url\":\"https:\/\/dev.explora.cl\/rios\/author\/webman\/\"}]}<\/script>\n<!-- \/ Yoast SEO plugin. -->","yoast_head_json":{"title":"M\u00e1s de 50 docentes se reunieron en Encuentro Regional de Ciencia - Los R\u00edos","robots":{"index":"index","follow":"follow","max-snippet":"max-snippet:-1","max-image-preview":"max-image-preview:large","max-video-preview":"max-video-preview:-1"},"canonical":"https:\/\/dev.explora.cl\/rios\/mas-de-50-docentes-se-reunieron-en-encuentro-regional-de-ciencia\/","og_locale":"es_ES","og_type":"article","og_title":"M\u00e1s de 50 docentes se reunieron en Encuentro Regional de Ciencia - Los R\u00edos","og_description":"En el marco del \u201c3er Encuentro Regional del Programa Tus Competencias en Ciencias 2014\u201d, este martes se dieron cita m\u00e1s de 50 profesores de distintas localidades la regi\u00f3n de Los R\u00edos, quienes tuvieron una jornada de capacitaci\u00f3n y de adquisici\u00f3n de nuevas herramientas para fortalecer sus competencias en temas de ciencia. La primera parte del [&hellip;]","og_url":"https:\/\/dev.explora.cl\/rios\/mas-de-50-docentes-se-reunieron-en-encuentro-regional-de-ciencia\/","og_site_name":"Los R\u00edos","article_published_time":"2014-06-12T04:00:00+00:00","article_modified_time":"2024-11-06T01:12:12+00:00","og_image":[{"width":250,"height":150,"url":"https:\/\/dev.explora.cl\/rios\/wp-content\/uploads\/sites\/16\/2018\/06\/2070868436762058083e108006e34b46.jpg","type":"image\/jpeg"}],"author":"webman","twitter_card":"summary_large_image","twitter_misc":{"Escrito por":"webman","Tiempo estimado de lectura":"3 minutos"},"schema":{"@context":"https:\/\/schema.org","@graph":[{"@type":"Article","@id":"https:\/\/dev.explora.cl\/rios\/mas-de-50-docentes-se-reunieron-en-encuentro-regional-de-ciencia\/#article","isPartOf":{"@id":"https:\/\/dev.explora.cl\/rios\/mas-de-50-docentes-se-reunieron-en-encuentro-regional-de-ciencia\/"},"author":{"name":"webman","@id":"https:\/\/dev.explora.cl\/rios\/#\/schema\/person\/cb8349c13ea2d324080adf8480d7ba5d"},"headline":"M\u00e1s de 50 docentes se reunieron en Encuentro Regional de Ciencia","datePublished":"2014-06-12T04:00:00+00:00","dateModified":"2024-11-06T01:12:12+00:00","mainEntityOfPage":{"@id":"https:\/\/dev.explora.cl\/rios\/mas-de-50-docentes-se-reunieron-en-encuentro-regional-de-ciencia\/"},"wordCount":662,"commentCount":0,"image":{"@id":"https:\/\/dev.explora.cl\/rios\/mas-de-50-docentes-se-reunieron-en-encuentro-regional-de-ciencia\/#primaryimage"},"thumbnailUrl":"https:\/\/dev.explora.cl\/rios\/wp-content\/uploads\/sites\/16\/2018\/06\/2070868436762058083e108006e34b46.jpg","articleSection":["Noticias"],"inLanguage":"es-CL","potentialAction":[{"@type":"CommentAction","name":"Comment","target":["https:\/\/dev.explora.cl\/rios\/mas-de-50-docentes-se-reunieron-en-encuentro-regional-de-ciencia\/#respond"]}]},{"@type":"WebPage","@id":"https:\/\/dev.explora.cl\/rios\/mas-de-50-docentes-se-reunieron-en-encuentro-regional-de-ciencia\/","url":"https:\/\/dev.explora.cl\/rios\/mas-de-50-docentes-se-reunieron-en-encuentro-regional-de-ciencia\/","name":"M\u00e1s de 50 docentes se reunieron en Encuentro Regional de Ciencia - Los R\u00edos","isPartOf":{"@id":"https:\/\/dev.explora.cl\/rios\/#website"},"primaryImageOfPage":{"@id":"https:\/\/dev.explora.cl\/rios\/mas-de-50-docentes-se-reunieron-en-encuentro-regional-de-ciencia\/#primaryimage"},"image":{"@id":"https:\/\/dev.explora.cl\/rios\/mas-de-50-docentes-se-reunieron-en-encuentro-regional-de-ciencia\/#primaryimage"},"thumbnailUrl":"https:\/\/dev.explora.cl\/rios\/wp-content\/uploads\/sites\/16\/2018\/06\/2070868436762058083e108006e34b46.jpg","datePublished":"2014-06-12T04:00:00+00:00","dateModified":"2024-11-06T01:12:12+00:00","author":{"@id":"https:\/\/dev.explora.cl\/rios\/#\/schema\/person\/cb8349c13ea2d324080adf8480d7ba5d"},"breadcrumb":{"@id":"https:\/\/dev.explora.cl\/rios\/mas-de-50-docentes-se-reunieron-en-encuentro-regional-de-ciencia\/#breadcrumb"},"inLanguage":"es-CL","potentialAction":[{"@type":"ReadAction","target":["https:\/\/dev.explora.cl\/rios\/mas-de-50-docentes-se-reunieron-en-encuentro-regional-de-ciencia\/"]}]},{"@type":"ImageObject","inLanguage":"es-CL","@id":"https:\/\/dev.explora.cl\/rios\/mas-de-50-docentes-se-reunieron-en-encuentro-regional-de-ciencia\/#primaryimage","url":"https:\/\/dev.explora.cl\/rios\/wp-content\/uploads\/sites\/16\/2018\/06\/2070868436762058083e108006e34b46.jpg","contentUrl":"https:\/\/dev.explora.cl\/rios\/wp-content\/uploads\/sites\/16\/2018\/06\/2070868436762058083e108006e34b46.jpg","width":250,"height":150},{"@type":"BreadcrumbList","@id":"https:\/\/dev.explora.cl\/rios\/mas-de-50-docentes-se-reunieron-en-encuentro-regional-de-ciencia\/#breadcrumb","itemListElement":[{"@type":"ListItem","position":1,"name":"Portada","item":"https:\/\/dev.explora.cl\/rios\/"},{"@type":"ListItem","position":2,"name":"M\u00e1s de 50 docentes se reunieron en Encuentro Regional de Ciencia"}]},{"@type":"WebSite","@id":"https:\/\/dev.explora.cl\/rios\/#website","url":"https:\/\/dev.explora.cl\/rios\/","name":"Los R\u00edos","description":"Otro sitio m\u00e1s de dev.explora.cl","potentialAction":[{"@type":"SearchAction","target":{"@type":"EntryPoint","urlTemplate":"https:\/\/dev.explora.cl\/rios\/?s={search_term_string}"},"query-input":{"@type":"PropertyValueSpecification","valueRequired":true,"valueName":"search_term_string"}}],"inLanguage":"es-CL"},{"@type":"Person","@id":"https:\/\/dev.explora.cl\/rios\/#\/schema\/person\/cb8349c13ea2d324080adf8480d7ba5d","name":"webman","image":{"@type":"ImageObject","inLanguage":"es-CL","@id":"https:\/\/dev.explora.cl\/rios\/#\/schema\/person\/image\/","url":"https:\/\/secure.gravatar.com\/avatar\/eeff3c82f2c02f7177d13663b7e6f890e9a6a0647ce9bb29cae02dcb094c7312?s=96&d=mm&r=g","contentUrl":"https:\/\/secure.gravatar.com\/avatar\/eeff3c82f2c02f7177d13663b7e6f890e9a6a0647ce9bb29cae02dcb094c7312?s=96&d=mm&r=g","caption":"webman"},"url":"https:\/\/dev.explora.cl\/rios\/author\/webman\/"}]}},"_links":{"self":[{"href":"https:\/\/dev.explora.cl\/rios\/wp-json\/wp\/v2\/posts\/97","targetHints":{"allow":["GET"]}}],"collection":[{"href":"https:\/\/dev.explora.cl\/rios\/wp-json\/wp\/v2\/posts"}],"about":[{"href":"https:\/\/dev.explora.cl\/rios\/wp-json\/wp\/v2\/types\/post"}],"author":[{"embeddable":true,"href":"https:\/\/dev.explora.cl\/rios\/wp-json\/wp\/v2\/users\/2"}],"replies":[{"embeddable":true,"href":"https:\/\/dev.explora.cl\/rios\/wp-json\/wp\/v2\/comments?post=97"}],"version-history":[{"count":3,"href":"https:\/\/dev.explora.cl\/rios\/wp-json\/wp\/v2\/posts\/97\/revisions"}],"predecessor-version":[{"id":43669,"href":"https:\/\/dev.explora.cl\/rios\/wp-json\/wp\/v2\/posts\/97\/revisions\/43669"}],"wp:featuredmedia":[{"embeddable":true,"href":"https:\/\/dev.explora.cl\/rios\/wp-json\/wp\/v2\/media\/98"}],"wp:attachment":[{"href":"https:\/\/dev.explora.cl\/rios\/wp-json\/wp\/v2\/media?parent=97"}],"wp:term":[{"taxonomy":"category","embeddable":true,"href":"https:\/\/dev.explora.cl\/rios\/wp-json\/wp\/v2\/categories?post=97"},{"taxonomy":"post_tag","embeddable":true,"href":"https:\/\/dev.explora.cl\/rios\/wp-json\/wp\/v2\/tags?post=97"}],"curies":[{"name":"wp","href":"https:\/\/api.w.org\/{rel}","templated":true}]}}