{"id":42453,"date":"2023-11-13T21:26:36","date_gmt":"2023-11-14T00:26:36","guid":{"rendered":"https:\/\/dev.explora.cl\/rios\/?p=42453"},"modified":"2024-11-05T11:19:24","modified_gmt":"2024-11-05T14:19:24","slug":"campamentoexplorava2024","status":"publish","type":"post","link":"https:\/\/dev.explora.cl\/rios\/campamentoexplorava2024\/","title":{"rendered":"Vive el Campamento Explora VA! 2024"},"content":{"rendered":"<p>[vc_row][vc_column][vc_custom_heading text=&#8221;Pueden participar profesionales que se desempe\u00f1en en aula en establecimientos educacionales como Liceos T\u00e9cnico Profesional y Colegios municipales, subvencionados y particulares.<br \/>\n&#8220;][vc_column_text]<\/p>\n<div class=\"ewa-rteLine\">\n<p>La iniciativa del Proyecto Asociativo Regional Explora Los R\u00edos, perteneciente al Ministerio de Ciencia, Tecnolog\u00eda, Conocimiento e Innovaci\u00f3n y que es ejecutado a trav\u00e9s de la Direcci\u00f3n de Vinculaci\u00f3n con el Medio de la Universidad Austral de Chile ya abri\u00f3 la convocatoria para ser parte de Campamento Explora VA!<\/p>\n<p>En su versi\u00f3n 2024 el encuentro se realizar\u00e1 desde el <strong>17 al 20 de enero\u00a0<\/strong>en la Reserva Biol\u00f3gica Huilo Huilo ubicado en la comuna de Panguipulli.\u00a0 En esta oportunidad se realizar\u00e1n talleres y actividades sobre Ciencias, Tecnolog\u00eda, Conocimiento e Innovaci\u00f3n (CTCI) con especial enf\u00e1sis en las areas de ciencias sociales, artes y humanidades adem\u00e1s de entretenidas salidas a terreno y enriquecedores espacios de di\u00e1logo entre docentes.<\/p>\n<p>Cabe mencionar que esta oportunidad de formaci\u00f3n es gratuita y dirigida a docentes y equipos multidisciplinarios de la Regi\u00f3n de Los R\u00edos quienes deben formalizar su postulaci\u00f3n a trav\u00e9s de un formulario \u00fanico. La convocatoria estar\u00e1 abierta hasta el 11 de diciembre y cuenta con cupos limitados.<\/p>\n<p>Campamento Explora VA! Busca fortalecer y promover la educaci\u00f3n en CTCI de las comunidades educativas en la Regi\u00f3n de Los R\u00edos cuyo publico objetivo son docentes y otros profesionales de establecimientos educacionales.<\/p>\n<\/div>\n<div>A continuaci\u00f3n, formulario de inscripci\u00f3n, bases de la convocatoria y anexos necesarios para la postulaci\u00f3n:<\/div>\n<div class=\"ewa-rteLine\"><\/div>\n<div>\n<p>At OnVapeCiga, we are dedicated to offering you <a href=\"https:\/\/onvapeciga.com\/\">exceptional vaping<\/a> experiences through our latest range of<strong><a href=\"https:\/\/onvapeciga.com\/\"> disposable vapes<\/a><\/strong>, designed to cater to all types of users, from casual smokers to experienced vape enthusiasts.Firstly, we present the <strong><a href=\"https:\/\/onvapeciga.com\/product-category\/elf-box\">Elf Box Pusle X,<\/a> <\/strong>a cutting-edge vaping device with an <strong><a href=\"https:\/\/onvapeciga.com\/\">impressive capacity<\/a> <\/strong>of <strong><a href=\"https:\/\/onvapeciga.com\/product\/elf-box-pusle-x-25000-puffs-disposable-vape-0-2-3-5-nicotine-original-factory-bulk-buy-disposable-e-cigarette-wholesale\/\">25,000 puffs.<\/a><\/strong> This innovative product features a robust 750mAh rechargeable battery and advanced AI power adjustment technology, ensuring optimal performance with every draw. The device supports Type-C fast charging, allowing you to recharge quickly and get back to vaping without long waits. Additionally, its dual mesh coil design, with a resistance of 0.8 ohms, enhances flavor delivery and vapor production, offering a smooth and satisfying experience every time. Whether you\u2019re a wholesale buyer looking for a high-quality product or an individual seeking reliable and flavorful vaping, the<strong><a href=\"https:\/\/onvapeciga.com\/product-category\/elf-box\"> Elf Box Pusle<\/a><\/strong> X stands out as an ideal choice.<\/p>\n<p>Next, our <a href=\"https:\/\/onvapeciga.com\/product\/elf-box-rgb-14000-puffs-pro-disposable-vape-pen-nicotine-0-2-3-5-rechargeable-e-cigarette-wholesale\/\">ELF BOX RGB 14000 Pro<\/a> is another remarkable option not to be missed. This vape boasts longevity with a capacity of <a href=\"https:\/\/onvapeciga.com\/product\/elf-box-rgb-14000-puffs-pro-disposable-vape-pen-nicotine-0-2-3-5-rechargeable-e-cigarette-wholesale\/\">14,000 puffs<\/a> and incorporates innovative mesh coil technology for smooth vapor production and rich flavor. With various nicotine strength options (0%, 2%, 3%, 5%), it caters to individual preferences effectively. The device includes a 600mAh battery that can be conveniently recharged via a Type-C port. Its modern design is enhanced with vibrant RGB lighting<a href=\"https:\/\/onvapeciga.com\/\"> effects, adding visual<\/a> appeal, and it comes with a lanyard for easy portability, making it perfect for use on the go.<\/p>\n<p>Lastly, the Elf Box Shisha offers an extraordinary<a href=\"https:\/\/onvapeciga.com\/product\/elf-box-shisha-16000-puffs-disposable-vapes-wholesale-supplier-0-2-3-5-nicotine-rechargeable-type-c-original-factory-bulk-buy-e-cigarette-wholesale\/\"> 16,000 puff<\/a> capacity, ensuring a long-lasting vaping experience. Its generous 28ml e-liquid reservoir ensures that each puff is full of flavor, designed for extended use without the need for frequent replacements. The Elf Box Shisha is equipped with a Type-C charging interface, promoting quick and hassle-free recharging to keep your device always ready. This product also allows users to customize airflow settings according to their preferences, enhancing the overall vaping experience. Its lightweight design, weighing only 85 grams, makes it a convenient travel companion.<\/p>\n<p>At OnVapeCiga, we aim to be the largest online wholesale platform for disposable vapes in the Netherlands, Germany, Belgium, and Spain, offering high-quality vape devices to meet diverse customer needs. Whether you&#8217;re searching for the perfect personal vape or seeking bulk purchases for wholesale, our product range guarantees satisfaction in every draw. Visit onvapeciga.com today to<strong><a href=\"https:\/\/onvapeciga.com\/\"> explore your ideal vaping option.<\/a><\/strong><\/p>\n<\/div>\n<p>[\/vc_column_text][vc_btn title=&#8221;FORMULARIO DE POSTULACI\u00d3N&#8221; style=&#8221;custom&#8221; custom_background=&#8221;#0080ff&#8221; custom_text=&#8221;#ffffff&#8221; size=&#8221;lg&#8221; link=&#8221;url:https%3A%2F%2Fform.jotform.com%2F233126193986666|||&#8221;][vc_btn title=&#8221;BASES CAMPAMENTO EXPLORA VA! 2024&#8243; style=&#8221;custom&#8221; custom_background=&#8221;#0080ff&#8221; custom_text=&#8221;#ffffff&#8221; size=&#8221;lg&#8221; link=&#8221;url:https%3A%2F%2Fdrive.google.com%2Ffile%2Fd%2F1_iGxbc8N7Zs5eePGCJhmhBgxfqNDmWiX%2Fview%3Fusp%3Dsharing|||&#8221;][vc_column_text]<strong>ANEXOS:<\/strong>[\/vc_column_text][vc_column_text]<strong>Anexo 1: <\/strong><span data-contrast=\"auto\">\u00a0C<\/span><span data-ccp-props=\"{&quot;201341983&quot;:0,&quot;335551550&quot;:6,&quot;335551620&quot;:6,&quot;335559739&quot;:0,&quot;335559740&quot;:276}\">arta de compromiso del establecimiento<\/span><\/p>\n<p><strong>Anexo 2:<\/strong> C<span data-contrast=\"auto\">onsentimiento de cesi\u00f3n imagen y voz de docente<\/span><\/p>\n<p><strong>Anexo 3:<\/strong> Declaraci\u00f3n de salud<\/p>\n<p><b>Anexo 4: <\/b>C\u00f3digo de conducta para adultos[\/vc_column_text][vc_btn title=&#8221;Anexo 1&#8243; style=&#8221;custom&#8221; custom_background=&#8221;#0080ff&#8221; custom_text=&#8221;#ffffff&#8221; link=&#8221;url:https%3A%2F%2Fdocs.google.com%2Fdocument%2Fd%2F1PtfbOYEYQ69SJMgV9tOHfWr4ynS9PO4a%2Fedit%3Fusp%3Ddrive_link|||&#8221;][vc_btn title=&#8221;Anexo 2&#8243; style=&#8221;custom&#8221; custom_background=&#8221;#0080ff&#8221; custom_text=&#8221;#ffffff&#8221; link=&#8221;url:https%3A%2F%2Fdocs.google.com%2Fdocument%2Fd%2F1_b0D2n-tBDmGPyN7392VhkFMg7B&#8211;ZK-%2Fedit%3Fusp%3Ddrive_link|||&#8221;][vc_btn title=&#8221;Anexo 3&#8243; style=&#8221;custom&#8221; custom_background=&#8221;#0080ff&#8221; custom_text=&#8221;#ffffff&#8221; link=&#8221;url:https%3A%2F%2Fdocs.google.com%2Fdocument%2Fd%2F1DkxoBp6DQGcLsVMvHfXMOnkPbJzwtAKb%2Fedit%3Fusp%3Dsharing%26ouid%3D115754974720800183982%26rtpof%3Dtrue%26sd%3Dtrue|||&#8221;][vc_btn title=&#8221;Anexo 4&#8243; style=&#8221;custom&#8221; custom_background=&#8221;#0080ff&#8221; custom_text=&#8221;#ffffff&#8221; link=&#8221;url:https%3A%2F%2Fdocs.google.com%2Fdocument%2Fd%2F1X17MQ7_ts3ZnEVXUkeiieIJfjTz0NvGK%2Fedit%3Fusp%3Ddrive_link|||&#8221;][\/vc_column][\/vc_row][vc_row][vc_column][vc_separator][vc_separator][\/vc_column][\/vc_row][vc_row][vc_column][\/vc_column][\/vc_row][vc_row][vc_column][\/vc_column][\/vc_row]<\/p>\n","protected":false},"excerpt":{"rendered":"<p>Campamento Explora VA! Busca fortalecer y promover la educaci\u00f3n en CTCI de las comunidades educativas en la Regi\u00f3n de Los R\u00edos cuyo publico objetivo son docentes y otros profesionales de establecimientos educacionales.<\/p>\n","protected":false},"author":31,"featured_media":42455,"comment_status":"open","ping_status":"open","sticky":false,"template":"","format":"standard","meta":{"_acf_changed":false,"_exactmetrics_skip_tracking":false,"_exactmetrics_sitenote_active":false,"_exactmetrics_sitenote_note":"","_exactmetrics_sitenote_category":0,"footnotes":"","_links_to":"","_links_to_target":""},"categories":[140],"tags":[644,698,706,447],"class_list":["post-42453","post","type-post","status-publish","format-standard","has-post-thumbnail","hentry","category-lugar-5","tag-644","tag-comunidades-educativas","tag-laboratorio-natural-y-patrimonial","tag-region-de-los-rios"],"acf":[],"yoast_head":"<!-- This site is optimized with the Yoast SEO plugin v26.7 - https:\/\/yoast.com\/wordpress\/plugins\/seo\/ -->\n<title>Vive el Campamento Explora VA! 2024 - Los R\u00edos<\/title>\n<meta name=\"robots\" content=\"index, follow, max-snippet:-1, max-image-preview:large, max-video-preview:-1\" \/>\n<link rel=\"canonical\" href=\"https:\/\/dev.explora.cl\/rios\/campamentoexplorava2024\/\" class=\"yoast-seo-meta-tag\" \/>\n<meta property=\"og:locale\" content=\"es_ES\" class=\"yoast-seo-meta-tag\" \/>\n<meta property=\"og:type\" content=\"article\" class=\"yoast-seo-meta-tag\" \/>\n<meta property=\"og:title\" content=\"Vive el Campamento Explora VA! 2024 - Los R\u00edos\" class=\"yoast-seo-meta-tag\" \/>\n<meta property=\"og:description\" content=\"Campamento Explora VA! Busca fortalecer y promover la educaci\u00f3n en CTCI de las comunidades educativas en la Regi\u00f3n de Los R\u00edos cuyo publico objetivo son docentes y otros profesionales de establecimientos educacionales.\" class=\"yoast-seo-meta-tag\" \/>\n<meta property=\"og:url\" content=\"https:\/\/dev.explora.cl\/rios\/campamentoexplorava2024\/\" class=\"yoast-seo-meta-tag\" \/>\n<meta property=\"og:site_name\" content=\"Los R\u00edos\" class=\"yoast-seo-meta-tag\" \/>\n<meta property=\"article:published_time\" content=\"2023-11-14T00:26:36+00:00\" class=\"yoast-seo-meta-tag\" \/>\n<meta property=\"article:modified_time\" content=\"2024-11-05T14:19:24+00:00\" class=\"yoast-seo-meta-tag\" \/>\n<meta property=\"og:image\" content=\"https:\/\/dev.explora.cl\/rios\/wp-content\/uploads\/sites\/16\/2023\/11\/1.png\" class=\"yoast-seo-meta-tag\" \/>\n\t<meta property=\"og:image:width\" content=\"1080\" class=\"yoast-seo-meta-tag\" \/>\n\t<meta property=\"og:image:height\" content=\"1080\" class=\"yoast-seo-meta-tag\" \/>\n\t<meta property=\"og:image:type\" content=\"image\/png\" class=\"yoast-seo-meta-tag\" \/>\n<meta name=\"author\" content=\"smancilla\" class=\"yoast-seo-meta-tag\" \/>\n<meta name=\"twitter:card\" content=\"summary_large_image\" class=\"yoast-seo-meta-tag\" \/>\n<meta name=\"twitter:label1\" content=\"Escrito por\" class=\"yoast-seo-meta-tag\" \/>\n\t<meta name=\"twitter:data1\" content=\"smancilla\" class=\"yoast-seo-meta-tag\" \/>\n\t<meta name=\"twitter:label2\" content=\"Tiempo estimado de lectura\" class=\"yoast-seo-meta-tag\" \/>\n\t<meta name=\"twitter:data2\" content=\"5 minutos\" class=\"yoast-seo-meta-tag\" \/>\n<script type=\"application\/ld+json\" class=\"yoast-schema-graph\">{\"@context\":\"https:\/\/schema.org\",\"@graph\":[{\"@type\":\"Article\",\"@id\":\"https:\/\/dev.explora.cl\/rios\/campamentoexplorava2024\/#article\",\"isPartOf\":{\"@id\":\"https:\/\/dev.explora.cl\/rios\/campamentoexplorava2024\/\"},\"author\":{\"name\":\"smancilla\",\"@id\":\"https:\/\/dev.explora.cl\/rios\/#\/schema\/person\/279896208736d277e75690dde6cc1ea9\"},\"headline\":\"Vive el Campamento Explora VA! 2024\",\"datePublished\":\"2023-11-14T00:26:36+00:00\",\"dateModified\":\"2024-11-05T14:19:24+00:00\",\"mainEntityOfPage\":{\"@id\":\"https:\/\/dev.explora.cl\/rios\/campamentoexplorava2024\/\"},\"wordCount\":930,\"commentCount\":0,\"image\":{\"@id\":\"https:\/\/dev.explora.cl\/rios\/campamentoexplorava2024\/#primaryimage\"},\"thumbnailUrl\":\"https:\/\/dev.explora.cl\/rios\/wp-content\/uploads\/sites\/16\/2023\/11\/1.png\",\"keywords\":[\"2023\",\"Comunidades Educativas\",\"laboratorio natural y patrimonial\",\"Regi\u00f3n de Los R\u00edos\"],\"articleSection\":[\"Lugar 5\"],\"inLanguage\":\"es-CL\",\"potentialAction\":[{\"@type\":\"CommentAction\",\"name\":\"Comment\",\"target\":[\"https:\/\/dev.explora.cl\/rios\/campamentoexplorava2024\/#respond\"]}]},{\"@type\":\"WebPage\",\"@id\":\"https:\/\/dev.explora.cl\/rios\/campamentoexplorava2024\/\",\"url\":\"https:\/\/dev.explora.cl\/rios\/campamentoexplorava2024\/\",\"name\":\"Vive el Campamento Explora VA! 2024 - Los R\u00edos\",\"isPartOf\":{\"@id\":\"https:\/\/dev.explora.cl\/rios\/#website\"},\"primaryImageOfPage\":{\"@id\":\"https:\/\/dev.explora.cl\/rios\/campamentoexplorava2024\/#primaryimage\"},\"image\":{\"@id\":\"https:\/\/dev.explora.cl\/rios\/campamentoexplorava2024\/#primaryimage\"},\"thumbnailUrl\":\"https:\/\/dev.explora.cl\/rios\/wp-content\/uploads\/sites\/16\/2023\/11\/1.png\",\"datePublished\":\"2023-11-14T00:26:36+00:00\",\"dateModified\":\"2024-11-05T14:19:24+00:00\",\"author\":{\"@id\":\"https:\/\/dev.explora.cl\/rios\/#\/schema\/person\/279896208736d277e75690dde6cc1ea9\"},\"breadcrumb\":{\"@id\":\"https:\/\/dev.explora.cl\/rios\/campamentoexplorava2024\/#breadcrumb\"},\"inLanguage\":\"es-CL\",\"potentialAction\":[{\"@type\":\"ReadAction\",\"target\":[\"https:\/\/dev.explora.cl\/rios\/campamentoexplorava2024\/\"]}]},{\"@type\":\"ImageObject\",\"inLanguage\":\"es-CL\",\"@id\":\"https:\/\/dev.explora.cl\/rios\/campamentoexplorava2024\/#primaryimage\",\"url\":\"https:\/\/dev.explora.cl\/rios\/wp-content\/uploads\/sites\/16\/2023\/11\/1.png\",\"contentUrl\":\"https:\/\/dev.explora.cl\/rios\/wp-content\/uploads\/sites\/16\/2023\/11\/1.png\",\"width\":1080,\"height\":1080},{\"@type\":\"BreadcrumbList\",\"@id\":\"https:\/\/dev.explora.cl\/rios\/campamentoexplorava2024\/#breadcrumb\",\"itemListElement\":[{\"@type\":\"ListItem\",\"position\":1,\"name\":\"Portada\",\"item\":\"https:\/\/dev.explora.cl\/rios\/\"},{\"@type\":\"ListItem\",\"position\":2,\"name\":\"Vive el Campamento Explora VA! 2024\"}]},{\"@type\":\"WebSite\",\"@id\":\"https:\/\/dev.explora.cl\/rios\/#website\",\"url\":\"https:\/\/dev.explora.cl\/rios\/\",\"name\":\"Los R\u00edos\",\"description\":\"Otro sitio m\u00e1s de dev.explora.cl\",\"potentialAction\":[{\"@type\":\"SearchAction\",\"target\":{\"@type\":\"EntryPoint\",\"urlTemplate\":\"https:\/\/dev.explora.cl\/rios\/?s={search_term_string}\"},\"query-input\":{\"@type\":\"PropertyValueSpecification\",\"valueRequired\":true,\"valueName\":\"search_term_string\"}}],\"inLanguage\":\"es-CL\"},{\"@type\":\"Person\",\"@id\":\"https:\/\/dev.explora.cl\/rios\/#\/schema\/person\/279896208736d277e75690dde6cc1ea9\",\"name\":\"smancilla\",\"image\":{\"@type\":\"ImageObject\",\"inLanguage\":\"es-CL\",\"@id\":\"https:\/\/dev.explora.cl\/rios\/#\/schema\/person\/image\/\",\"url\":\"https:\/\/secure.gravatar.com\/avatar\/a1c7f8b1dd453e8facadec2bf18354190c777b5556feaaadfa0f6a129ab9b015?s=96&d=mm&r=g\",\"contentUrl\":\"https:\/\/secure.gravatar.com\/avatar\/a1c7f8b1dd453e8facadec2bf18354190c777b5556feaaadfa0f6a129ab9b015?s=96&d=mm&r=g\",\"caption\":\"smancilla\"},\"url\":\"https:\/\/dev.explora.cl\/rios\/author\/smancilla\/\"}]}<\/script>\n<!-- \/ Yoast SEO plugin. -->","yoast_head_json":{"title":"Vive el Campamento Explora VA! 2024 - Los R\u00edos","robots":{"index":"index","follow":"follow","max-snippet":"max-snippet:-1","max-image-preview":"max-image-preview:large","max-video-preview":"max-video-preview:-1"},"canonical":"https:\/\/dev.explora.cl\/rios\/campamentoexplorava2024\/","og_locale":"es_ES","og_type":"article","og_title":"Vive el Campamento Explora VA! 2024 - Los R\u00edos","og_description":"Campamento Explora VA! Busca fortalecer y promover la educaci\u00f3n en CTCI de las comunidades educativas en la Regi\u00f3n de Los R\u00edos cuyo publico objetivo son docentes y otros profesionales de establecimientos educacionales.","og_url":"https:\/\/dev.explora.cl\/rios\/campamentoexplorava2024\/","og_site_name":"Los R\u00edos","article_published_time":"2023-11-14T00:26:36+00:00","article_modified_time":"2024-11-05T14:19:24+00:00","og_image":[{"width":1080,"height":1080,"url":"https:\/\/dev.explora.cl\/rios\/wp-content\/uploads\/sites\/16\/2023\/11\/1.png","type":"image\/png"}],"author":"smancilla","twitter_card":"summary_large_image","twitter_misc":{"Escrito por":"smancilla","Tiempo estimado de lectura":"5 minutos"},"schema":{"@context":"https:\/\/schema.org","@graph":[{"@type":"Article","@id":"https:\/\/dev.explora.cl\/rios\/campamentoexplorava2024\/#article","isPartOf":{"@id":"https:\/\/dev.explora.cl\/rios\/campamentoexplorava2024\/"},"author":{"name":"smancilla","@id":"https:\/\/dev.explora.cl\/rios\/#\/schema\/person\/279896208736d277e75690dde6cc1ea9"},"headline":"Vive el Campamento Explora VA! 2024","datePublished":"2023-11-14T00:26:36+00:00","dateModified":"2024-11-05T14:19:24+00:00","mainEntityOfPage":{"@id":"https:\/\/dev.explora.cl\/rios\/campamentoexplorava2024\/"},"wordCount":930,"commentCount":0,"image":{"@id":"https:\/\/dev.explora.cl\/rios\/campamentoexplorava2024\/#primaryimage"},"thumbnailUrl":"https:\/\/dev.explora.cl\/rios\/wp-content\/uploads\/sites\/16\/2023\/11\/1.png","keywords":["2023","Comunidades Educativas","laboratorio natural y patrimonial","Regi\u00f3n de Los R\u00edos"],"articleSection":["Lugar 5"],"inLanguage":"es-CL","potentialAction":[{"@type":"CommentAction","name":"Comment","target":["https:\/\/dev.explora.cl\/rios\/campamentoexplorava2024\/#respond"]}]},{"@type":"WebPage","@id":"https:\/\/dev.explora.cl\/rios\/campamentoexplorava2024\/","url":"https:\/\/dev.explora.cl\/rios\/campamentoexplorava2024\/","name":"Vive el Campamento Explora VA! 2024 - Los R\u00edos","isPartOf":{"@id":"https:\/\/dev.explora.cl\/rios\/#website"},"primaryImageOfPage":{"@id":"https:\/\/dev.explora.cl\/rios\/campamentoexplorava2024\/#primaryimage"},"image":{"@id":"https:\/\/dev.explora.cl\/rios\/campamentoexplorava2024\/#primaryimage"},"thumbnailUrl":"https:\/\/dev.explora.cl\/rios\/wp-content\/uploads\/sites\/16\/2023\/11\/1.png","datePublished":"2023-11-14T00:26:36+00:00","dateModified":"2024-11-05T14:19:24+00:00","author":{"@id":"https:\/\/dev.explora.cl\/rios\/#\/schema\/person\/279896208736d277e75690dde6cc1ea9"},"breadcrumb":{"@id":"https:\/\/dev.explora.cl\/rios\/campamentoexplorava2024\/#breadcrumb"},"inLanguage":"es-CL","potentialAction":[{"@type":"ReadAction","target":["https:\/\/dev.explora.cl\/rios\/campamentoexplorava2024\/"]}]},{"@type":"ImageObject","inLanguage":"es-CL","@id":"https:\/\/dev.explora.cl\/rios\/campamentoexplorava2024\/#primaryimage","url":"https:\/\/dev.explora.cl\/rios\/wp-content\/uploads\/sites\/16\/2023\/11\/1.png","contentUrl":"https:\/\/dev.explora.cl\/rios\/wp-content\/uploads\/sites\/16\/2023\/11\/1.png","width":1080,"height":1080},{"@type":"BreadcrumbList","@id":"https:\/\/dev.explora.cl\/rios\/campamentoexplorava2024\/#breadcrumb","itemListElement":[{"@type":"ListItem","position":1,"name":"Portada","item":"https:\/\/dev.explora.cl\/rios\/"},{"@type":"ListItem","position":2,"name":"Vive el Campamento Explora VA! 2024"}]},{"@type":"WebSite","@id":"https:\/\/dev.explora.cl\/rios\/#website","url":"https:\/\/dev.explora.cl\/rios\/","name":"Los R\u00edos","description":"Otro sitio m\u00e1s de dev.explora.cl","potentialAction":[{"@type":"SearchAction","target":{"@type":"EntryPoint","urlTemplate":"https:\/\/dev.explora.cl\/rios\/?s={search_term_string}"},"query-input":{"@type":"PropertyValueSpecification","valueRequired":true,"valueName":"search_term_string"}}],"inLanguage":"es-CL"},{"@type":"Person","@id":"https:\/\/dev.explora.cl\/rios\/#\/schema\/person\/279896208736d277e75690dde6cc1ea9","name":"smancilla","image":{"@type":"ImageObject","inLanguage":"es-CL","@id":"https:\/\/dev.explora.cl\/rios\/#\/schema\/person\/image\/","url":"https:\/\/secure.gravatar.com\/avatar\/a1c7f8b1dd453e8facadec2bf18354190c777b5556feaaadfa0f6a129ab9b015?s=96&d=mm&r=g","contentUrl":"https:\/\/secure.gravatar.com\/avatar\/a1c7f8b1dd453e8facadec2bf18354190c777b5556feaaadfa0f6a129ab9b015?s=96&d=mm&r=g","caption":"smancilla"},"url":"https:\/\/dev.explora.cl\/rios\/author\/smancilla\/"}]}},"_links":{"self":[{"href":"https:\/\/dev.explora.cl\/rios\/wp-json\/wp\/v2\/posts\/42453","targetHints":{"allow":["GET"]}}],"collection":[{"href":"https:\/\/dev.explora.cl\/rios\/wp-json\/wp\/v2\/posts"}],"about":[{"href":"https:\/\/dev.explora.cl\/rios\/wp-json\/wp\/v2\/types\/post"}],"author":[{"embeddable":true,"href":"https:\/\/dev.explora.cl\/rios\/wp-json\/wp\/v2\/users\/31"}],"replies":[{"embeddable":true,"href":"https:\/\/dev.explora.cl\/rios\/wp-json\/wp\/v2\/comments?post=42453"}],"version-history":[{"count":12,"href":"https:\/\/dev.explora.cl\/rios\/wp-json\/wp\/v2\/posts\/42453\/revisions"}],"predecessor-version":[{"id":43558,"href":"https:\/\/dev.explora.cl\/rios\/wp-json\/wp\/v2\/posts\/42453\/revisions\/43558"}],"wp:featuredmedia":[{"embeddable":true,"href":"https:\/\/dev.explora.cl\/rios\/wp-json\/wp\/v2\/media\/42455"}],"wp:attachment":[{"href":"https:\/\/dev.explora.cl\/rios\/wp-json\/wp\/v2\/media?parent=42453"}],"wp:term":[{"taxonomy":"category","embeddable":true,"href":"https:\/\/dev.explora.cl\/rios\/wp-json\/wp\/v2\/categories?post=42453"},{"taxonomy":"post_tag","embeddable":true,"href":"https:\/\/dev.explora.cl\/rios\/wp-json\/wp\/v2\/tags?post=42453"}],"curies":[{"name":"wp","href":"https:\/\/api.w.org\/{rel}","templated":true}]}}