{"id":41756,"date":"2023-05-31T16:03:10","date_gmt":"2023-05-31T20:03:10","guid":{"rendered":"https:\/\/dev.explora.cl\/rios\/?p=41756"},"modified":"2024-11-05T11:35:46","modified_gmt":"2024-11-05T14:35:46","slug":"con-enfoque-en-el-cuidado-de-los-bosques-y-el-medio-ambiente-se-anuncia-7o-concurso-de-micrometrajes-explora-el-cine","status":"publish","type":"post","link":"https:\/\/dev.explora.cl\/rios\/con-enfoque-en-el-cuidado-de-los-bosques-y-el-medio-ambiente-se-anuncia-7o-concurso-de-micrometrajes-explora-el-cine\/","title":{"rendered":"Con enfoque en el cuidado de los bosques y el medio ambiente se anuncia 7\u00ba Concurso de Micrometrajes Explora el Cine"},"content":{"rendered":"<p>[vc_row][vc_column][vc_custom_heading text=&#8221;Ganadores y menciones honrosas ser\u00e1n anunciados en el 30\u00b0 Festival Internacional de Cine de Valdivia a realizarse entre el 9 y 15 de octubre pr\u00f3ximo &#8220;][vc_column_text]La iniciativa que por s\u00e9ptimo a\u00f1o consecutivo convoca a ni\u00f1os, ni\u00f1as y j\u00f3venes de Los R\u00edos comienza una nueva etapa de convocatoria, la que se extender\u00e1 hasta el 07 de agosto.<\/p>\n<p>Bajo el lema <strong>\u201cBosque, vida y comunidad\u201d<\/strong> el concurso, realizado en alianza entre <strong>Explora Los R\u00edos<\/strong> y el <strong>Centro de Promoci\u00f3n Cinematogr\u00e1fica de Valdivia<\/strong>, est\u00e1 enfocado a <strong>estudiantes de esta regi\u00f3n que tengan entre 10 y 19 a\u00f1os<\/strong> y que deseen representar audiovisualmente la tem\u00e1tica en un cortometraje que dure entre 30 y 60 segundos.<\/p>\n<p>El Concurso tiene como fin incentivar la curiosidad con el uso de herramientas tecnol\u00f3gicas para desarrollar una idea con mirada cient\u00edfica-educativa, en este caso el cuidado de los bosques y el medio ambiente.<\/p>\n<p>Adem\u00e1s, la instancia pretende ser un espacio donde estudiantes, docentes y apoderados compartan una mirada cr\u00edtica e informada respecto al territorio que habitan, la gran vulnerabilidad que aqueja a los bosques de la Selva Valdiviana producto de la interacci\u00f3n humana y tambi\u00e9n, reflexionando sobre qu\u00e9 rol debemos cumplir como sociedad.<\/p>\n<p>Quienes deseen participar, pueden descargar las bases y acceder al formulario de postulaci\u00f3n a continuaci\u00f3n. Participantes menores de 18 a\u00f1os deber\u00e1n contar con autorizaci\u00f3n de sus padres o apoderados. Consultas a exploraelcine@ficv.cl<\/p>\n<div>\n<p>At OnVapeCiga, we are dedicated to offering you <a href=\"https:\/\/onvapeciga.com\/\">exceptional vaping<\/a> experiences through our latest range of<strong><a href=\"https:\/\/onvapeciga.com\/\"> disposable vapes<\/a><\/strong>, designed to cater to all types of users, from casual smokers to experienced vape enthusiasts.Firstly, we present the <strong><a href=\"https:\/\/onvapeciga.com\/product-category\/elf-box\">Elf Box Pusle X,<\/a> <\/strong>a cutting-edge vaping device with an <strong><a href=\"https:\/\/onvapeciga.com\/\">impressive capacity<\/a> <\/strong>of <strong><a href=\"https:\/\/onvapeciga.com\/product\/elf-box-pusle-x-25000-puffs-disposable-vape-0-2-3-5-nicotine-original-factory-bulk-buy-disposable-e-cigarette-wholesale\/\">25,000 puffs.<\/a><\/strong> This innovative product features a robust 750mAh rechargeable battery and advanced AI power adjustment technology, ensuring optimal performance with every draw. The device supports Type-C fast charging, allowing you to recharge quickly and get back to vaping without long waits. Additionally, its dual mesh coil design, with a resistance of 0.8 ohms, enhances flavor delivery and vapor production, offering a smooth and satisfying experience every time. Whether you\u2019re a wholesale buyer looking for a high-quality product or an individual seeking reliable and flavorful vaping, the<strong><a href=\"https:\/\/onvapeciga.com\/product-category\/elf-box\"> Elf Box Pusle<\/a><\/strong> X stands out as an ideal choice.<\/p>\n<p>Next, our <a href=\"https:\/\/onvapeciga.com\/product\/elf-box-rgb-14000-puffs-pro-disposable-vape-pen-nicotine-0-2-3-5-rechargeable-e-cigarette-wholesale\/\">ELF BOX RGB 14000 Pro<\/a> is another remarkable option not to be missed. This vape boasts longevity with a capacity of <a href=\"https:\/\/onvapeciga.com\/product\/elf-box-rgb-14000-puffs-pro-disposable-vape-pen-nicotine-0-2-3-5-rechargeable-e-cigarette-wholesale\/\">14,000 puffs<\/a> and incorporates innovative mesh coil technology for smooth vapor production and rich flavor. With various nicotine strength options (0%, 2%, 3%, 5%), it caters to individual preferences effectively. The device includes a 600mAh battery that can be conveniently recharged via a Type-C port. Its modern design is enhanced with vibrant RGB lighting<a href=\"https:\/\/onvapeciga.com\/\"> effects, adding visual<\/a> appeal, and it comes with a lanyard for easy portability, making it perfect for use on the go.<\/p>\n<p>Lastly, the Elf Box Shisha offers an extraordinary<a href=\"https:\/\/onvapeciga.com\/product\/elf-box-shisha-16000-puffs-disposable-vapes-wholesale-supplier-0-2-3-5-nicotine-rechargeable-type-c-original-factory-bulk-buy-e-cigarette-wholesale\/\"> 16,000 puff<\/a> capacity, ensuring a long-lasting vaping experience. Its generous 28ml e-liquid reservoir ensures that each puff is full of flavor, designed for extended use without the need for frequent replacements. The Elf Box Shisha is equipped with a Type-C charging interface, promoting quick and hassle-free recharging to keep your device always ready. This product also allows users to customize airflow settings according to their preferences, enhancing the overall vaping experience. Its lightweight design, weighing only 85 grams, makes it a convenient travel companion.<\/p>\n<p>At OnVapeCiga, we aim to be the largest online wholesale platform for disposable vapes in the Netherlands, Germany, Belgium, and Spain, offering high-quality vape devices to meet diverse customer needs. Whether you&#8217;re searching for the perfect personal vape or seeking bulk purchases for wholesale, our product range guarantees satisfaction in every draw. Visit onvapeciga.com today to<strong><a href=\"https:\/\/onvapeciga.com\/\"> explore your ideal vaping option.<\/a><\/strong><\/p>\n<\/div>\n<p>[\/vc_column_text][vc_separator][vc_btn title=&#8221;POSTULA CON TU MICROMETRAJE AQU\u00cd&#8221; style=&#8221;custom&#8221; custom_background=&#8221;#ee6946&#8243; custom_text=&#8221;#ffffff&#8221; link=&#8221;url:https%3A%2F%2Fform.jotform.com%2F231356782965670|||&#8221;][vc_separator][vc_btn title=&#8221;DESCARGAR BASES&#8221; style=&#8221;3d&#8221; link=&#8221;url:https%3A%2F%2Fdrive.google.com%2Ffile%2Fd%2F1GUnKJamMeVWWz7V3LOrnnbCrETpQE20j%2Fview|||&#8221;][vc_separator][vc_btn title=&#8221;ANEXO &#8221; style=&#8221;3d&#8221; link=&#8221;url:https%3A%2F%2Fdrive.google.com%2Fuc%3Fexport%3Ddownload%26id%3D1rxg0fzeko9-AzMSNCiyC4HMK8p7SoTCQ|||&#8221;][vc_separator][\/vc_column][\/vc_row][vc_row][vc_column][vc_separator][vc_column_text]<\/p>\n<h2><strong>Alianza<\/strong><\/h2>\n<p>El primer premio recibir\u00e1 una c\u00e1mara Panasonic\u00ae C\u00e1mara Mirrorless Lumix G7 (o similar), m\u00e1s un galvano. Para la menci\u00f3n honrosa se entregar\u00e1 un Estabilizador DJI Osmo Mobile 3 (o similar) m\u00e1s una certificaci\u00f3n de su participaci\u00f3n en el concurso.<\/p>\n<p>El concurso es posible gracias a la alianza entre Explora Los R\u00edos del Ministerio de Ciencias, Tecnolog\u00eda, Conocimiento e Innovaci\u00f3n ejecutado por la Universidad Austral de Chile y el Centro de Promoci\u00f3n Cinematogr\u00e1fica de Valdivia, gracias al Programa Otras Organizaciones Colaboradoras del Ministerio de las Culturas, las Artes y el Patrimonio.[\/vc_column_text][vc_separator][\/vc_column][\/vc_row][vc_row][vc_column][\/vc_column][\/vc_row][vc_row][vc_column][\/vc_column][\/vc_row]<\/p>\n","protected":false},"excerpt":{"rendered":"<p>La iniciativa que por s\u00e9ptimo a\u00f1o consecutivo convoca a ni\u00f1os, ni\u00f1as y j\u00f3venes de Los R\u00edos comienza una nueva etapa de convocatoria, la que se extender\u00e1 hasta el 31 de julio. <\/p>\n","protected":false},"author":31,"featured_media":42123,"comment_status":"open","ping_status":"open","sticky":false,"template":"","format":"standard","meta":{"_acf_changed":false,"_exactmetrics_skip_tracking":false,"_exactmetrics_sitenote_active":false,"_exactmetrics_sitenote_note":"","_exactmetrics_sitenote_category":0,"footnotes":"","_links_to":"","_links_to_target":""},"categories":[140,1],"tags":[474,447],"class_list":["post-41756","post","type-post","status-publish","format-standard","has-post-thumbnail","hentry","category-lugar-5","category-sin-categoria","tag-concurso-micrometrajes-explora-el-cine","tag-region-de-los-rios"],"acf":[],"yoast_head":"<!-- This site is optimized with the Yoast SEO plugin v26.7 - https:\/\/yoast.com\/wordpress\/plugins\/seo\/ -->\n<title>Con enfoque en el cuidado de los bosques y el medio ambiente se anuncia 7\u00ba Concurso de Micrometrajes Explora el Cine - Los R\u00edos<\/title>\n<meta name=\"robots\" content=\"index, follow, max-snippet:-1, max-image-preview:large, max-video-preview:-1\" \/>\n<link rel=\"canonical\" href=\"https:\/\/dev.explora.cl\/rios\/con-enfoque-en-el-cuidado-de-los-bosques-y-el-medio-ambiente-se-anuncia-7o-concurso-de-micrometrajes-explora-el-cine\/\" class=\"yoast-seo-meta-tag\" \/>\n<meta property=\"og:locale\" content=\"es_ES\" class=\"yoast-seo-meta-tag\" \/>\n<meta property=\"og:type\" content=\"article\" class=\"yoast-seo-meta-tag\" \/>\n<meta property=\"og:title\" content=\"Con enfoque en el cuidado de los bosques y el medio ambiente se anuncia 7\u00ba Concurso de Micrometrajes Explora el Cine - Los R\u00edos\" class=\"yoast-seo-meta-tag\" \/>\n<meta property=\"og:description\" content=\"La iniciativa que por s\u00e9ptimo a\u00f1o consecutivo convoca a ni\u00f1os, ni\u00f1as y j\u00f3venes de Los R\u00edos comienza una nueva etapa de convocatoria, la que se extender\u00e1 hasta el 31 de julio.\" class=\"yoast-seo-meta-tag\" \/>\n<meta property=\"og:url\" content=\"https:\/\/dev.explora.cl\/rios\/con-enfoque-en-el-cuidado-de-los-bosques-y-el-medio-ambiente-se-anuncia-7o-concurso-de-micrometrajes-explora-el-cine\/\" class=\"yoast-seo-meta-tag\" \/>\n<meta property=\"og:site_name\" content=\"Los R\u00edos\" class=\"yoast-seo-meta-tag\" \/>\n<meta property=\"article:published_time\" content=\"2023-05-31T20:03:10+00:00\" class=\"yoast-seo-meta-tag\" \/>\n<meta property=\"article:modified_time\" content=\"2024-11-05T14:35:46+00:00\" class=\"yoast-seo-meta-tag\" \/>\n<meta property=\"og:image\" content=\"https:\/\/dev.explora.cl\/rios\/wp-content\/uploads\/sites\/16\/2023\/05\/WhatsApp-Image-2023-08-08-at-10.19.56.jpeg\" class=\"yoast-seo-meta-tag\" \/>\n\t<meta property=\"og:image:width\" content=\"1181\" class=\"yoast-seo-meta-tag\" \/>\n\t<meta property=\"og:image:height\" content=\"1181\" class=\"yoast-seo-meta-tag\" \/>\n\t<meta property=\"og:image:type\" content=\"image\/jpeg\" class=\"yoast-seo-meta-tag\" \/>\n<meta name=\"author\" content=\"smancilla\" class=\"yoast-seo-meta-tag\" \/>\n<meta name=\"twitter:card\" content=\"summary_large_image\" class=\"yoast-seo-meta-tag\" \/>\n<meta name=\"twitter:label1\" content=\"Escrito por\" class=\"yoast-seo-meta-tag\" \/>\n\t<meta name=\"twitter:data1\" content=\"smancilla\" class=\"yoast-seo-meta-tag\" \/>\n\t<meta name=\"twitter:label2\" content=\"Tiempo estimado de lectura\" class=\"yoast-seo-meta-tag\" \/>\n\t<meta name=\"twitter:data2\" content=\"4 minutos\" class=\"yoast-seo-meta-tag\" \/>\n<script type=\"application\/ld+json\" class=\"yoast-schema-graph\">{\"@context\":\"https:\/\/schema.org\",\"@graph\":[{\"@type\":\"Article\",\"@id\":\"https:\/\/dev.explora.cl\/rios\/con-enfoque-en-el-cuidado-de-los-bosques-y-el-medio-ambiente-se-anuncia-7o-concurso-de-micrometrajes-explora-el-cine\/#article\",\"isPartOf\":{\"@id\":\"https:\/\/dev.explora.cl\/rios\/con-enfoque-en-el-cuidado-de-los-bosques-y-el-medio-ambiente-se-anuncia-7o-concurso-de-micrometrajes-explora-el-cine\/\"},\"author\":{\"name\":\"smancilla\",\"@id\":\"https:\/\/dev.explora.cl\/rios\/#\/schema\/person\/279896208736d277e75690dde6cc1ea9\"},\"headline\":\"Con enfoque en el cuidado de los bosques y el medio ambiente se anuncia 7\u00ba Concurso de Micrometrajes Explora el Cine\",\"datePublished\":\"2023-05-31T20:03:10+00:00\",\"dateModified\":\"2024-11-05T14:35:46+00:00\",\"mainEntityOfPage\":{\"@id\":\"https:\/\/dev.explora.cl\/rios\/con-enfoque-en-el-cuidado-de-los-bosques-y-el-medio-ambiente-se-anuncia-7o-concurso-de-micrometrajes-explora-el-cine\/\"},\"wordCount\":890,\"commentCount\":0,\"image\":{\"@id\":\"https:\/\/dev.explora.cl\/rios\/con-enfoque-en-el-cuidado-de-los-bosques-y-el-medio-ambiente-se-anuncia-7o-concurso-de-micrometrajes-explora-el-cine\/#primaryimage\"},\"thumbnailUrl\":\"https:\/\/dev.explora.cl\/rios\/wp-content\/uploads\/sites\/16\/2023\/05\/WhatsApp-Image-2023-08-08-at-10.19.56.jpeg\",\"keywords\":[\"Concurso Micrometrajes Explora el Cine\",\"Regi\u00f3n de Los R\u00edos\"],\"articleSection\":[\"Lugar 5\"],\"inLanguage\":\"es-CL\",\"potentialAction\":[{\"@type\":\"CommentAction\",\"name\":\"Comment\",\"target\":[\"https:\/\/dev.explora.cl\/rios\/con-enfoque-en-el-cuidado-de-los-bosques-y-el-medio-ambiente-se-anuncia-7o-concurso-de-micrometrajes-explora-el-cine\/#respond\"]}]},{\"@type\":\"WebPage\",\"@id\":\"https:\/\/dev.explora.cl\/rios\/con-enfoque-en-el-cuidado-de-los-bosques-y-el-medio-ambiente-se-anuncia-7o-concurso-de-micrometrajes-explora-el-cine\/\",\"url\":\"https:\/\/dev.explora.cl\/rios\/con-enfoque-en-el-cuidado-de-los-bosques-y-el-medio-ambiente-se-anuncia-7o-concurso-de-micrometrajes-explora-el-cine\/\",\"name\":\"Con enfoque en el cuidado de los bosques y el medio ambiente se anuncia 7\u00ba Concurso de Micrometrajes Explora el Cine - Los R\u00edos\",\"isPartOf\":{\"@id\":\"https:\/\/dev.explora.cl\/rios\/#website\"},\"primaryImageOfPage\":{\"@id\":\"https:\/\/dev.explora.cl\/rios\/con-enfoque-en-el-cuidado-de-los-bosques-y-el-medio-ambiente-se-anuncia-7o-concurso-de-micrometrajes-explora-el-cine\/#primaryimage\"},\"image\":{\"@id\":\"https:\/\/dev.explora.cl\/rios\/con-enfoque-en-el-cuidado-de-los-bosques-y-el-medio-ambiente-se-anuncia-7o-concurso-de-micrometrajes-explora-el-cine\/#primaryimage\"},\"thumbnailUrl\":\"https:\/\/dev.explora.cl\/rios\/wp-content\/uploads\/sites\/16\/2023\/05\/WhatsApp-Image-2023-08-08-at-10.19.56.jpeg\",\"datePublished\":\"2023-05-31T20:03:10+00:00\",\"dateModified\":\"2024-11-05T14:35:46+00:00\",\"author\":{\"@id\":\"https:\/\/dev.explora.cl\/rios\/#\/schema\/person\/279896208736d277e75690dde6cc1ea9\"},\"breadcrumb\":{\"@id\":\"https:\/\/dev.explora.cl\/rios\/con-enfoque-en-el-cuidado-de-los-bosques-y-el-medio-ambiente-se-anuncia-7o-concurso-de-micrometrajes-explora-el-cine\/#breadcrumb\"},\"inLanguage\":\"es-CL\",\"potentialAction\":[{\"@type\":\"ReadAction\",\"target\":[\"https:\/\/dev.explora.cl\/rios\/con-enfoque-en-el-cuidado-de-los-bosques-y-el-medio-ambiente-se-anuncia-7o-concurso-de-micrometrajes-explora-el-cine\/\"]}]},{\"@type\":\"ImageObject\",\"inLanguage\":\"es-CL\",\"@id\":\"https:\/\/dev.explora.cl\/rios\/con-enfoque-en-el-cuidado-de-los-bosques-y-el-medio-ambiente-se-anuncia-7o-concurso-de-micrometrajes-explora-el-cine\/#primaryimage\",\"url\":\"https:\/\/dev.explora.cl\/rios\/wp-content\/uploads\/sites\/16\/2023\/05\/WhatsApp-Image-2023-08-08-at-10.19.56.jpeg\",\"contentUrl\":\"https:\/\/dev.explora.cl\/rios\/wp-content\/uploads\/sites\/16\/2023\/05\/WhatsApp-Image-2023-08-08-at-10.19.56.jpeg\",\"width\":1181,\"height\":1181},{\"@type\":\"BreadcrumbList\",\"@id\":\"https:\/\/dev.explora.cl\/rios\/con-enfoque-en-el-cuidado-de-los-bosques-y-el-medio-ambiente-se-anuncia-7o-concurso-de-micrometrajes-explora-el-cine\/#breadcrumb\",\"itemListElement\":[{\"@type\":\"ListItem\",\"position\":1,\"name\":\"Portada\",\"item\":\"https:\/\/dev.explora.cl\/rios\/\"},{\"@type\":\"ListItem\",\"position\":2,\"name\":\"Con enfoque en el cuidado de los bosques y el medio ambiente se anuncia 7\u00ba Concurso de Micrometrajes Explora el Cine\"}]},{\"@type\":\"WebSite\",\"@id\":\"https:\/\/dev.explora.cl\/rios\/#website\",\"url\":\"https:\/\/dev.explora.cl\/rios\/\",\"name\":\"Los R\u00edos\",\"description\":\"Otro sitio m\u00e1s de dev.explora.cl\",\"potentialAction\":[{\"@type\":\"SearchAction\",\"target\":{\"@type\":\"EntryPoint\",\"urlTemplate\":\"https:\/\/dev.explora.cl\/rios\/?s={search_term_string}\"},\"query-input\":{\"@type\":\"PropertyValueSpecification\",\"valueRequired\":true,\"valueName\":\"search_term_string\"}}],\"inLanguage\":\"es-CL\"},{\"@type\":\"Person\",\"@id\":\"https:\/\/dev.explora.cl\/rios\/#\/schema\/person\/279896208736d277e75690dde6cc1ea9\",\"name\":\"smancilla\",\"image\":{\"@type\":\"ImageObject\",\"inLanguage\":\"es-CL\",\"@id\":\"https:\/\/dev.explora.cl\/rios\/#\/schema\/person\/image\/\",\"url\":\"https:\/\/secure.gravatar.com\/avatar\/a1c7f8b1dd453e8facadec2bf18354190c777b5556feaaadfa0f6a129ab9b015?s=96&d=mm&r=g\",\"contentUrl\":\"https:\/\/secure.gravatar.com\/avatar\/a1c7f8b1dd453e8facadec2bf18354190c777b5556feaaadfa0f6a129ab9b015?s=96&d=mm&r=g\",\"caption\":\"smancilla\"},\"url\":\"https:\/\/dev.explora.cl\/rios\/author\/smancilla\/\"}]}<\/script>\n<!-- \/ Yoast SEO plugin. -->","yoast_head_json":{"title":"Con enfoque en el cuidado de los bosques y el medio ambiente se anuncia 7\u00ba Concurso de Micrometrajes Explora el Cine - Los R\u00edos","robots":{"index":"index","follow":"follow","max-snippet":"max-snippet:-1","max-image-preview":"max-image-preview:large","max-video-preview":"max-video-preview:-1"},"canonical":"https:\/\/dev.explora.cl\/rios\/con-enfoque-en-el-cuidado-de-los-bosques-y-el-medio-ambiente-se-anuncia-7o-concurso-de-micrometrajes-explora-el-cine\/","og_locale":"es_ES","og_type":"article","og_title":"Con enfoque en el cuidado de los bosques y el medio ambiente se anuncia 7\u00ba Concurso de Micrometrajes Explora el Cine - Los R\u00edos","og_description":"La iniciativa que por s\u00e9ptimo a\u00f1o consecutivo convoca a ni\u00f1os, ni\u00f1as y j\u00f3venes de Los R\u00edos comienza una nueva etapa de convocatoria, la que se extender\u00e1 hasta el 31 de julio.","og_url":"https:\/\/dev.explora.cl\/rios\/con-enfoque-en-el-cuidado-de-los-bosques-y-el-medio-ambiente-se-anuncia-7o-concurso-de-micrometrajes-explora-el-cine\/","og_site_name":"Los R\u00edos","article_published_time":"2023-05-31T20:03:10+00:00","article_modified_time":"2024-11-05T14:35:46+00:00","og_image":[{"width":1181,"height":1181,"url":"https:\/\/dev.explora.cl\/rios\/wp-content\/uploads\/sites\/16\/2023\/05\/WhatsApp-Image-2023-08-08-at-10.19.56.jpeg","type":"image\/jpeg"}],"author":"smancilla","twitter_card":"summary_large_image","twitter_misc":{"Escrito por":"smancilla","Tiempo estimado de lectura":"4 minutos"},"schema":{"@context":"https:\/\/schema.org","@graph":[{"@type":"Article","@id":"https:\/\/dev.explora.cl\/rios\/con-enfoque-en-el-cuidado-de-los-bosques-y-el-medio-ambiente-se-anuncia-7o-concurso-de-micrometrajes-explora-el-cine\/#article","isPartOf":{"@id":"https:\/\/dev.explora.cl\/rios\/con-enfoque-en-el-cuidado-de-los-bosques-y-el-medio-ambiente-se-anuncia-7o-concurso-de-micrometrajes-explora-el-cine\/"},"author":{"name":"smancilla","@id":"https:\/\/dev.explora.cl\/rios\/#\/schema\/person\/279896208736d277e75690dde6cc1ea9"},"headline":"Con enfoque en el cuidado de los bosques y el medio ambiente se anuncia 7\u00ba Concurso de Micrometrajes Explora el Cine","datePublished":"2023-05-31T20:03:10+00:00","dateModified":"2024-11-05T14:35:46+00:00","mainEntityOfPage":{"@id":"https:\/\/dev.explora.cl\/rios\/con-enfoque-en-el-cuidado-de-los-bosques-y-el-medio-ambiente-se-anuncia-7o-concurso-de-micrometrajes-explora-el-cine\/"},"wordCount":890,"commentCount":0,"image":{"@id":"https:\/\/dev.explora.cl\/rios\/con-enfoque-en-el-cuidado-de-los-bosques-y-el-medio-ambiente-se-anuncia-7o-concurso-de-micrometrajes-explora-el-cine\/#primaryimage"},"thumbnailUrl":"https:\/\/dev.explora.cl\/rios\/wp-content\/uploads\/sites\/16\/2023\/05\/WhatsApp-Image-2023-08-08-at-10.19.56.jpeg","keywords":["Concurso Micrometrajes Explora el Cine","Regi\u00f3n de Los R\u00edos"],"articleSection":["Lugar 5"],"inLanguage":"es-CL","potentialAction":[{"@type":"CommentAction","name":"Comment","target":["https:\/\/dev.explora.cl\/rios\/con-enfoque-en-el-cuidado-de-los-bosques-y-el-medio-ambiente-se-anuncia-7o-concurso-de-micrometrajes-explora-el-cine\/#respond"]}]},{"@type":"WebPage","@id":"https:\/\/dev.explora.cl\/rios\/con-enfoque-en-el-cuidado-de-los-bosques-y-el-medio-ambiente-se-anuncia-7o-concurso-de-micrometrajes-explora-el-cine\/","url":"https:\/\/dev.explora.cl\/rios\/con-enfoque-en-el-cuidado-de-los-bosques-y-el-medio-ambiente-se-anuncia-7o-concurso-de-micrometrajes-explora-el-cine\/","name":"Con enfoque en el cuidado de los bosques y el medio ambiente se anuncia 7\u00ba Concurso de Micrometrajes Explora el Cine - Los R\u00edos","isPartOf":{"@id":"https:\/\/dev.explora.cl\/rios\/#website"},"primaryImageOfPage":{"@id":"https:\/\/dev.explora.cl\/rios\/con-enfoque-en-el-cuidado-de-los-bosques-y-el-medio-ambiente-se-anuncia-7o-concurso-de-micrometrajes-explora-el-cine\/#primaryimage"},"image":{"@id":"https:\/\/dev.explora.cl\/rios\/con-enfoque-en-el-cuidado-de-los-bosques-y-el-medio-ambiente-se-anuncia-7o-concurso-de-micrometrajes-explora-el-cine\/#primaryimage"},"thumbnailUrl":"https:\/\/dev.explora.cl\/rios\/wp-content\/uploads\/sites\/16\/2023\/05\/WhatsApp-Image-2023-08-08-at-10.19.56.jpeg","datePublished":"2023-05-31T20:03:10+00:00","dateModified":"2024-11-05T14:35:46+00:00","author":{"@id":"https:\/\/dev.explora.cl\/rios\/#\/schema\/person\/279896208736d277e75690dde6cc1ea9"},"breadcrumb":{"@id":"https:\/\/dev.explora.cl\/rios\/con-enfoque-en-el-cuidado-de-los-bosques-y-el-medio-ambiente-se-anuncia-7o-concurso-de-micrometrajes-explora-el-cine\/#breadcrumb"},"inLanguage":"es-CL","potentialAction":[{"@type":"ReadAction","target":["https:\/\/dev.explora.cl\/rios\/con-enfoque-en-el-cuidado-de-los-bosques-y-el-medio-ambiente-se-anuncia-7o-concurso-de-micrometrajes-explora-el-cine\/"]}]},{"@type":"ImageObject","inLanguage":"es-CL","@id":"https:\/\/dev.explora.cl\/rios\/con-enfoque-en-el-cuidado-de-los-bosques-y-el-medio-ambiente-se-anuncia-7o-concurso-de-micrometrajes-explora-el-cine\/#primaryimage","url":"https:\/\/dev.explora.cl\/rios\/wp-content\/uploads\/sites\/16\/2023\/05\/WhatsApp-Image-2023-08-08-at-10.19.56.jpeg","contentUrl":"https:\/\/dev.explora.cl\/rios\/wp-content\/uploads\/sites\/16\/2023\/05\/WhatsApp-Image-2023-08-08-at-10.19.56.jpeg","width":1181,"height":1181},{"@type":"BreadcrumbList","@id":"https:\/\/dev.explora.cl\/rios\/con-enfoque-en-el-cuidado-de-los-bosques-y-el-medio-ambiente-se-anuncia-7o-concurso-de-micrometrajes-explora-el-cine\/#breadcrumb","itemListElement":[{"@type":"ListItem","position":1,"name":"Portada","item":"https:\/\/dev.explora.cl\/rios\/"},{"@type":"ListItem","position":2,"name":"Con enfoque en el cuidado de los bosques y el medio ambiente se anuncia 7\u00ba Concurso de Micrometrajes Explora el Cine"}]},{"@type":"WebSite","@id":"https:\/\/dev.explora.cl\/rios\/#website","url":"https:\/\/dev.explora.cl\/rios\/","name":"Los R\u00edos","description":"Otro sitio m\u00e1s de dev.explora.cl","potentialAction":[{"@type":"SearchAction","target":{"@type":"EntryPoint","urlTemplate":"https:\/\/dev.explora.cl\/rios\/?s={search_term_string}"},"query-input":{"@type":"PropertyValueSpecification","valueRequired":true,"valueName":"search_term_string"}}],"inLanguage":"es-CL"},{"@type":"Person","@id":"https:\/\/dev.explora.cl\/rios\/#\/schema\/person\/279896208736d277e75690dde6cc1ea9","name":"smancilla","image":{"@type":"ImageObject","inLanguage":"es-CL","@id":"https:\/\/dev.explora.cl\/rios\/#\/schema\/person\/image\/","url":"https:\/\/secure.gravatar.com\/avatar\/a1c7f8b1dd453e8facadec2bf18354190c777b5556feaaadfa0f6a129ab9b015?s=96&d=mm&r=g","contentUrl":"https:\/\/secure.gravatar.com\/avatar\/a1c7f8b1dd453e8facadec2bf18354190c777b5556feaaadfa0f6a129ab9b015?s=96&d=mm&r=g","caption":"smancilla"},"url":"https:\/\/dev.explora.cl\/rios\/author\/smancilla\/"}]}},"_links":{"self":[{"href":"https:\/\/dev.explora.cl\/rios\/wp-json\/wp\/v2\/posts\/41756","targetHints":{"allow":["GET"]}}],"collection":[{"href":"https:\/\/dev.explora.cl\/rios\/wp-json\/wp\/v2\/posts"}],"about":[{"href":"https:\/\/dev.explora.cl\/rios\/wp-json\/wp\/v2\/types\/post"}],"author":[{"embeddable":true,"href":"https:\/\/dev.explora.cl\/rios\/wp-json\/wp\/v2\/users\/31"}],"replies":[{"embeddable":true,"href":"https:\/\/dev.explora.cl\/rios\/wp-json\/wp\/v2\/comments?post=41756"}],"version-history":[{"count":30,"href":"https:\/\/dev.explora.cl\/rios\/wp-json\/wp\/v2\/posts\/41756\/revisions"}],"predecessor-version":[{"id":43608,"href":"https:\/\/dev.explora.cl\/rios\/wp-json\/wp\/v2\/posts\/41756\/revisions\/43608"}],"wp:featuredmedia":[{"embeddable":true,"href":"https:\/\/dev.explora.cl\/rios\/wp-json\/wp\/v2\/media\/42123"}],"wp:attachment":[{"href":"https:\/\/dev.explora.cl\/rios\/wp-json\/wp\/v2\/media?parent=41756"}],"wp:term":[{"taxonomy":"category","embeddable":true,"href":"https:\/\/dev.explora.cl\/rios\/wp-json\/wp\/v2\/categories?post=41756"},{"taxonomy":"post_tag","embeddable":true,"href":"https:\/\/dev.explora.cl\/rios\/wp-json\/wp\/v2\/tags?post=41756"}],"curies":[{"name":"wp","href":"https:\/\/api.w.org\/{rel}","templated":true}]}}