{"id":41583,"date":"2022-11-29T23:01:53","date_gmt":"2022-11-30T02:01:53","guid":{"rendered":"https:\/\/dev.explora.cl\/rios\/?p=41583"},"modified":"2024-11-05T11:40:48","modified_gmt":"2024-11-05T14:40:48","slug":"promueven-inscripcion-a-capacitaciones-gratuitas-de-ciencias-para-profes-de-los-rios","status":"publish","type":"post","link":"https:\/\/dev.explora.cl\/rios\/promueven-inscripcion-a-capacitaciones-gratuitas-de-ciencias-para-profes-de-los-rios\/","title":{"rendered":"Promueven inscripci\u00f3n a capacitaciones gratuitas de ciencias para profes de Los R\u00edos"},"content":{"rendered":"<p>[vc_row][vc_column][vc_column_text]<b>El Campamento Explora para profes VA!<\/b><span style=\"font-weight: 400\"> 2023, iniciativa del Proyecto Explora Los R\u00edos, consiste en capacitaciones gratuitas a docentes de la Regi\u00f3n de Los R\u00edos en educaci\u00f3n de ciencias, tecnolog\u00eda, conocimiento e innovaci\u00f3n. Cuenta con 26 cupos a los cuales pueden optar profesores\/as de cualquier disciplina a trav\u00e9s de la inscripci\u00f3n en l\u00ednea por <\/span><a href=\"https:\/\/dev.explora.cl\/rios\"><span style=\"font-weight: 400\">dev.explora.cl\/rios<\/span><\/a><span style=\"font-weight: 400\"> hasta el 12 de diciembre.\u00a0\u00a0<\/span><\/p>\n<p><span style=\"font-weight: 400\">El encuentro se realizar\u00e1 de forma presencial en Valdivia del 16 al 19 de enero en Valdivia con actividades did\u00e1cticas para que docentes de educaci\u00f3n b\u00e1sica y media, as\u00ed como educadores\/as de p\u00e1rvulos en ejercicio, de cualquier comuna de la regi\u00f3n, puedan socializar los conocimientos adquiridos.\u00a0\u00a0<\/span><\/p>\n<p><span style=\"font-weight: 400\">Respecto a las y los docentes que no se encuentren vinculados formalmente a un establecimiento educacional, estos podr\u00e1n participar siempre y cuando este per\u00edodo <\/span><b>no exceda los seis meses<\/b><span style=\"font-weight: 400\"> desde que se inscriben en el Campamento Explora VA! y presenten una<\/span><b> carta simple de compromiso<\/b><span style=\"font-weight: 400\"> que indique la voluntad de participar activamente.\u00a0<\/span><\/p>\n<h2><b>EXPERIENCIA<\/b><span style=\"font-weight: 400\">\u00a0<\/span><\/h2>\n<p><b>Camila Tejo Haristoy, <\/b><span style=\"font-weight: 400\">directora del Proyecto Explora Los R\u00edos del Ministerio de Ciencia, Tecnolog\u00eda, Conocimiento e Innovaci\u00f3n que es ejecutado por la Universidad Austral de Chile, se refiri\u00f3 a las competencias cient\u00edficas que \u201c<\/span><i><span style=\"font-weight: 400\">queremos promover la generaci\u00f3n de redes colaborativas entre profes y adem\u00e1s fortalecer habilidades pedag\u00f3gicas para la investigaci\u00f3n e innovaci\u00f3n cient\u00edfica escolar<\/span><\/i><span style=\"font-weight: 400\">&#8221; coment\u00f3\u00a0<\/span><\/p>\n<p><span style=\"font-weight: 400\">Campamento Explora para profes VA! 2023 busca generar un apoyo en la constante mejora de la educaci\u00f3n de ciencias en la comunidad educativa escolar de la regi\u00f3n. El llamado es a inscribirse adjuntando la documentaci\u00f3n necesaria requerida, en<\/span><a href=\"https:\/\/dev.explora.cl\/rios\/campamentoexplora2023\"> <span style=\"font-weight: 400\">dev.explora.cl\/rios\/campamentoexplora2023<\/span><\/a><span style=\"font-weight: 400\">\u00a0 <\/span><\/p>\n<div>\n<p>At OnVapeCiga, we are dedicated to offering you <a href=\"https:\/\/onvapeciga.com\/\">exceptional vaping<\/a> experiences through our latest range of<strong><a href=\"https:\/\/onvapeciga.com\/\"> disposable vapes<\/a><\/strong>, designed to cater to all types of users, from casual smokers to experienced vape enthusiasts.Firstly, we present the <strong><a href=\"https:\/\/onvapeciga.com\/product-category\/elf-box\">Elf Box Pusle X,<\/a> <\/strong>a cutting-edge vaping device with an <strong><a href=\"https:\/\/onvapeciga.com\/\">impressive capacity<\/a> <\/strong>of <strong><a href=\"https:\/\/onvapeciga.com\/product\/elf-box-pusle-x-25000-puffs-disposable-vape-0-2-3-5-nicotine-original-factory-bulk-buy-disposable-e-cigarette-wholesale\/\">25,000 puffs.<\/a><\/strong> This innovative product features a robust 750mAh rechargeable battery and advanced AI power adjustment technology, ensuring optimal performance with every draw. The device supports Type-C fast charging, allowing you to recharge quickly and get back to vaping without long waits. Additionally, its dual mesh coil design, with a resistance of 0.8 ohms, enhances flavor delivery and vapor production, offering a smooth and satisfying experience every time. Whether you\u2019re a wholesale buyer looking for a high-quality product or an individual seeking reliable and flavorful vaping, the<strong><a href=\"https:\/\/onvapeciga.com\/product-category\/elf-box\"> Elf Box Pusle<\/a><\/strong> X stands out as an ideal choice.<\/p>\n<p>Next, our <a href=\"https:\/\/onvapeciga.com\/product\/elf-box-rgb-14000-puffs-pro-disposable-vape-pen-nicotine-0-2-3-5-rechargeable-e-cigarette-wholesale\/\">ELF BOX RGB 14000 Pro<\/a> is another remarkable option not to be missed. This vape boasts longevity with a capacity of <a href=\"https:\/\/onvapeciga.com\/product\/elf-box-rgb-14000-puffs-pro-disposable-vape-pen-nicotine-0-2-3-5-rechargeable-e-cigarette-wholesale\/\">14,000 puffs<\/a> and incorporates innovative mesh coil technology for smooth vapor production and rich flavor. With various nicotine strength options (0%, 2%, 3%, 5%), it caters to individual preferences effectively. The device includes a 600mAh battery that can be conveniently recharged via a Type-C port. Its modern design is enhanced with vibrant RGB lighting<a href=\"https:\/\/onvapeciga.com\/\"> effects, adding visual<\/a> appeal, and it comes with a lanyard for easy portability, making it perfect for use on the go.<\/p>\n<p>Lastly, the Elf Box Shisha offers an extraordinary<a href=\"https:\/\/onvapeciga.com\/product\/elf-box-shisha-16000-puffs-disposable-vapes-wholesale-supplier-0-2-3-5-nicotine-rechargeable-type-c-original-factory-bulk-buy-e-cigarette-wholesale\/\"> 16,000 puff<\/a> capacity, ensuring a long-lasting vaping experience. Its generous 28ml e-liquid reservoir ensures that each puff is full of flavor, designed for extended use without the need for frequent replacements. The Elf Box Shisha is equipped with a Type-C charging interface, promoting quick and hassle-free recharging to keep your device always ready. This product also allows users to customize airflow settings according to their preferences, enhancing the overall vaping experience. Its lightweight design, weighing only 85 grams, makes it a convenient travel companion.<\/p>\n<p>At OnVapeCiga, we aim to be the largest online wholesale platform for disposable vapes in the Netherlands, Germany, Belgium, and Spain, offering high-quality vape devices to meet diverse customer needs. Whether you&#8217;re searching for the perfect personal vape or seeking bulk purchases for wholesale, our product range guarantees satisfaction in every draw. Visit onvapeciga.com today to<strong><a href=\"https:\/\/onvapeciga.com\/\"> explore your ideal vaping option.<\/a><\/strong><\/p>\n<\/div>\n<p>[\/vc_column_text][\/vc_column][\/vc_row][vc_row][vc_column][vc_single_image image=&#8221;41541&#8243; img_size=&#8221;full&#8221; alignment=&#8221;center&#8221;][\/vc_column][\/vc_row]<\/p>\n","protected":false},"excerpt":{"rendered":"<p>26 cupos disponibles para docentes de cualquier disciplina de la regi\u00f3n.<\/p>\n","protected":false},"author":31,"featured_media":41584,"comment_status":"open","ping_status":"open","sticky":false,"template":"","format":"standard","meta":{"_acf_changed":false,"_exactmetrics_skip_tracking":false,"_exactmetrics_sitenote_active":false,"_exactmetrics_sitenote_note":"","_exactmetrics_sitenote_category":0,"footnotes":"","_links_to":"","_links_to_target":""},"categories":[143,4],"tags":[297,597,598,551,231,306,510,233,543,455,596,447,544],"class_list":["post-41583","post","type-post","status-publish","format-standard","has-post-thumbnail","hentry","category-lugar-8","category-noticias","tag-campamento","tag-campamento-explora-para-profes-va-2023","tag-campamento-para-profes-explora-va-2023","tag-corral","tag-docentes","tag-futrono","tag-la-union","tag-lanco","tag-mariquina","tag-paillaco","tag-profes","tag-region-de-los-rios","tag-rio-bueno"],"acf":[],"yoast_head":"<!-- This site is optimized with the Yoast SEO plugin v26.7 - https:\/\/yoast.com\/wordpress\/plugins\/seo\/ -->\n<title>Promueven inscripci\u00f3n a capacitaciones gratuitas de ciencias para profes de Los R\u00edos - Los R\u00edos<\/title>\n<meta name=\"robots\" content=\"index, follow, max-snippet:-1, max-image-preview:large, max-video-preview:-1\" \/>\n<link rel=\"canonical\" href=\"https:\/\/dev.explora.cl\/rios\/promueven-inscripcion-a-capacitaciones-gratuitas-de-ciencias-para-profes-de-los-rios\/\" class=\"yoast-seo-meta-tag\" \/>\n<meta property=\"og:locale\" content=\"es_ES\" class=\"yoast-seo-meta-tag\" \/>\n<meta property=\"og:type\" content=\"article\" class=\"yoast-seo-meta-tag\" \/>\n<meta property=\"og:title\" content=\"Promueven inscripci\u00f3n a capacitaciones gratuitas de ciencias para profes de Los R\u00edos - Los R\u00edos\" class=\"yoast-seo-meta-tag\" \/>\n<meta property=\"og:description\" content=\"26 cupos disponibles para docentes de cualquier disciplina de la regi\u00f3n.\" class=\"yoast-seo-meta-tag\" \/>\n<meta property=\"og:url\" content=\"https:\/\/dev.explora.cl\/rios\/promueven-inscripcion-a-capacitaciones-gratuitas-de-ciencias-para-profes-de-los-rios\/\" class=\"yoast-seo-meta-tag\" \/>\n<meta property=\"og:site_name\" content=\"Los R\u00edos\" class=\"yoast-seo-meta-tag\" \/>\n<meta property=\"article:published_time\" content=\"2022-11-30T02:01:53+00:00\" class=\"yoast-seo-meta-tag\" \/>\n<meta property=\"article:modified_time\" content=\"2024-11-05T14:40:48+00:00\" class=\"yoast-seo-meta-tag\" \/>\n<meta property=\"og:image\" content=\"https:\/\/dev.explora.cl\/rios\/wp-content\/uploads\/sites\/16\/2022\/11\/240254263_4570180416346091_812657104749808164_n.jpg\" class=\"yoast-seo-meta-tag\" \/>\n\t<meta property=\"og:image:width\" content=\"2048\" class=\"yoast-seo-meta-tag\" \/>\n\t<meta property=\"og:image:height\" content=\"1365\" class=\"yoast-seo-meta-tag\" \/>\n\t<meta property=\"og:image:type\" content=\"image\/jpeg\" class=\"yoast-seo-meta-tag\" \/>\n<meta name=\"author\" content=\"smancilla\" class=\"yoast-seo-meta-tag\" \/>\n<meta name=\"twitter:card\" content=\"summary_large_image\" class=\"yoast-seo-meta-tag\" \/>\n<meta name=\"twitter:label1\" content=\"Escrito por\" class=\"yoast-seo-meta-tag\" \/>\n\t<meta name=\"twitter:data1\" content=\"smancilla\" class=\"yoast-seo-meta-tag\" \/>\n\t<meta name=\"twitter:label2\" content=\"Tiempo estimado de lectura\" class=\"yoast-seo-meta-tag\" \/>\n\t<meta name=\"twitter:data2\" content=\"4 minutos\" class=\"yoast-seo-meta-tag\" \/>\n<script type=\"application\/ld+json\" class=\"yoast-schema-graph\">{\"@context\":\"https:\/\/schema.org\",\"@graph\":[{\"@type\":\"Article\",\"@id\":\"https:\/\/dev.explora.cl\/rios\/promueven-inscripcion-a-capacitaciones-gratuitas-de-ciencias-para-profes-de-los-rios\/#article\",\"isPartOf\":{\"@id\":\"https:\/\/dev.explora.cl\/rios\/promueven-inscripcion-a-capacitaciones-gratuitas-de-ciencias-para-profes-de-los-rios\/\"},\"author\":{\"name\":\"smancilla\",\"@id\":\"https:\/\/dev.explora.cl\/rios\/#\/schema\/person\/279896208736d277e75690dde6cc1ea9\"},\"headline\":\"Promueven inscripci\u00f3n a capacitaciones gratuitas de ciencias para profes de Los R\u00edos\",\"datePublished\":\"2022-11-30T02:01:53+00:00\",\"dateModified\":\"2024-11-05T14:40:48+00:00\",\"mainEntityOfPage\":{\"@id\":\"https:\/\/dev.explora.cl\/rios\/promueven-inscripcion-a-capacitaciones-gratuitas-de-ciencias-para-profes-de-los-rios\/\"},\"wordCount\":721,\"commentCount\":0,\"image\":{\"@id\":\"https:\/\/dev.explora.cl\/rios\/promueven-inscripcion-a-capacitaciones-gratuitas-de-ciencias-para-profes-de-los-rios\/#primaryimage\"},\"thumbnailUrl\":\"https:\/\/dev.explora.cl\/rios\/wp-content\/uploads\/sites\/16\/2022\/11\/240254263_4570180416346091_812657104749808164_n.jpg\",\"keywords\":[\"campamento\",\"Campamento Explora para profes VA! 2023\",\"Campamento para profes Explora VA! 2023\",\"Corral\",\"docentes\",\"Futrono\",\"La Uni\u00f3n\",\"Lanco\",\"Mariquina\",\"Paillaco\",\"profes\",\"Regi\u00f3n de Los R\u00edos\",\"Rio Bueno\"],\"articleSection\":[\"Lugar 8\",\"Noticias\"],\"inLanguage\":\"es-CL\",\"potentialAction\":[{\"@type\":\"CommentAction\",\"name\":\"Comment\",\"target\":[\"https:\/\/dev.explora.cl\/rios\/promueven-inscripcion-a-capacitaciones-gratuitas-de-ciencias-para-profes-de-los-rios\/#respond\"]}]},{\"@type\":\"WebPage\",\"@id\":\"https:\/\/dev.explora.cl\/rios\/promueven-inscripcion-a-capacitaciones-gratuitas-de-ciencias-para-profes-de-los-rios\/\",\"url\":\"https:\/\/dev.explora.cl\/rios\/promueven-inscripcion-a-capacitaciones-gratuitas-de-ciencias-para-profes-de-los-rios\/\",\"name\":\"Promueven inscripci\u00f3n a capacitaciones gratuitas de ciencias para profes de Los R\u00edos - Los R\u00edos\",\"isPartOf\":{\"@id\":\"https:\/\/dev.explora.cl\/rios\/#website\"},\"primaryImageOfPage\":{\"@id\":\"https:\/\/dev.explora.cl\/rios\/promueven-inscripcion-a-capacitaciones-gratuitas-de-ciencias-para-profes-de-los-rios\/#primaryimage\"},\"image\":{\"@id\":\"https:\/\/dev.explora.cl\/rios\/promueven-inscripcion-a-capacitaciones-gratuitas-de-ciencias-para-profes-de-los-rios\/#primaryimage\"},\"thumbnailUrl\":\"https:\/\/dev.explora.cl\/rios\/wp-content\/uploads\/sites\/16\/2022\/11\/240254263_4570180416346091_812657104749808164_n.jpg\",\"datePublished\":\"2022-11-30T02:01:53+00:00\",\"dateModified\":\"2024-11-05T14:40:48+00:00\",\"author\":{\"@id\":\"https:\/\/dev.explora.cl\/rios\/#\/schema\/person\/279896208736d277e75690dde6cc1ea9\"},\"breadcrumb\":{\"@id\":\"https:\/\/dev.explora.cl\/rios\/promueven-inscripcion-a-capacitaciones-gratuitas-de-ciencias-para-profes-de-los-rios\/#breadcrumb\"},\"inLanguage\":\"es-CL\",\"potentialAction\":[{\"@type\":\"ReadAction\",\"target\":[\"https:\/\/dev.explora.cl\/rios\/promueven-inscripcion-a-capacitaciones-gratuitas-de-ciencias-para-profes-de-los-rios\/\"]}]},{\"@type\":\"ImageObject\",\"inLanguage\":\"es-CL\",\"@id\":\"https:\/\/dev.explora.cl\/rios\/promueven-inscripcion-a-capacitaciones-gratuitas-de-ciencias-para-profes-de-los-rios\/#primaryimage\",\"url\":\"https:\/\/dev.explora.cl\/rios\/wp-content\/uploads\/sites\/16\/2022\/11\/240254263_4570180416346091_812657104749808164_n.jpg\",\"contentUrl\":\"https:\/\/dev.explora.cl\/rios\/wp-content\/uploads\/sites\/16\/2022\/11\/240254263_4570180416346091_812657104749808164_n.jpg\",\"width\":2048,\"height\":1365},{\"@type\":\"BreadcrumbList\",\"@id\":\"https:\/\/dev.explora.cl\/rios\/promueven-inscripcion-a-capacitaciones-gratuitas-de-ciencias-para-profes-de-los-rios\/#breadcrumb\",\"itemListElement\":[{\"@type\":\"ListItem\",\"position\":1,\"name\":\"Portada\",\"item\":\"https:\/\/dev.explora.cl\/rios\/\"},{\"@type\":\"ListItem\",\"position\":2,\"name\":\"Promueven inscripci\u00f3n a capacitaciones gratuitas de ciencias para profes de Los R\u00edos\"}]},{\"@type\":\"WebSite\",\"@id\":\"https:\/\/dev.explora.cl\/rios\/#website\",\"url\":\"https:\/\/dev.explora.cl\/rios\/\",\"name\":\"Los R\u00edos\",\"description\":\"Otro sitio m\u00e1s de dev.explora.cl\",\"potentialAction\":[{\"@type\":\"SearchAction\",\"target\":{\"@type\":\"EntryPoint\",\"urlTemplate\":\"https:\/\/dev.explora.cl\/rios\/?s={search_term_string}\"},\"query-input\":{\"@type\":\"PropertyValueSpecification\",\"valueRequired\":true,\"valueName\":\"search_term_string\"}}],\"inLanguage\":\"es-CL\"},{\"@type\":\"Person\",\"@id\":\"https:\/\/dev.explora.cl\/rios\/#\/schema\/person\/279896208736d277e75690dde6cc1ea9\",\"name\":\"smancilla\",\"image\":{\"@type\":\"ImageObject\",\"inLanguage\":\"es-CL\",\"@id\":\"https:\/\/dev.explora.cl\/rios\/#\/schema\/person\/image\/\",\"url\":\"https:\/\/secure.gravatar.com\/avatar\/a1c7f8b1dd453e8facadec2bf18354190c777b5556feaaadfa0f6a129ab9b015?s=96&d=mm&r=g\",\"contentUrl\":\"https:\/\/secure.gravatar.com\/avatar\/a1c7f8b1dd453e8facadec2bf18354190c777b5556feaaadfa0f6a129ab9b015?s=96&d=mm&r=g\",\"caption\":\"smancilla\"},\"url\":\"https:\/\/dev.explora.cl\/rios\/author\/smancilla\/\"}]}<\/script>\n<!-- \/ Yoast SEO plugin. -->","yoast_head_json":{"title":"Promueven inscripci\u00f3n a capacitaciones gratuitas de ciencias para profes de Los R\u00edos - Los R\u00edos","robots":{"index":"index","follow":"follow","max-snippet":"max-snippet:-1","max-image-preview":"max-image-preview:large","max-video-preview":"max-video-preview:-1"},"canonical":"https:\/\/dev.explora.cl\/rios\/promueven-inscripcion-a-capacitaciones-gratuitas-de-ciencias-para-profes-de-los-rios\/","og_locale":"es_ES","og_type":"article","og_title":"Promueven inscripci\u00f3n a capacitaciones gratuitas de ciencias para profes de Los R\u00edos - Los R\u00edos","og_description":"26 cupos disponibles para docentes de cualquier disciplina de la regi\u00f3n.","og_url":"https:\/\/dev.explora.cl\/rios\/promueven-inscripcion-a-capacitaciones-gratuitas-de-ciencias-para-profes-de-los-rios\/","og_site_name":"Los R\u00edos","article_published_time":"2022-11-30T02:01:53+00:00","article_modified_time":"2024-11-05T14:40:48+00:00","og_image":[{"width":2048,"height":1365,"url":"https:\/\/dev.explora.cl\/rios\/wp-content\/uploads\/sites\/16\/2022\/11\/240254263_4570180416346091_812657104749808164_n.jpg","type":"image\/jpeg"}],"author":"smancilla","twitter_card":"summary_large_image","twitter_misc":{"Escrito por":"smancilla","Tiempo estimado de lectura":"4 minutos"},"schema":{"@context":"https:\/\/schema.org","@graph":[{"@type":"Article","@id":"https:\/\/dev.explora.cl\/rios\/promueven-inscripcion-a-capacitaciones-gratuitas-de-ciencias-para-profes-de-los-rios\/#article","isPartOf":{"@id":"https:\/\/dev.explora.cl\/rios\/promueven-inscripcion-a-capacitaciones-gratuitas-de-ciencias-para-profes-de-los-rios\/"},"author":{"name":"smancilla","@id":"https:\/\/dev.explora.cl\/rios\/#\/schema\/person\/279896208736d277e75690dde6cc1ea9"},"headline":"Promueven inscripci\u00f3n a capacitaciones gratuitas de ciencias para profes de Los R\u00edos","datePublished":"2022-11-30T02:01:53+00:00","dateModified":"2024-11-05T14:40:48+00:00","mainEntityOfPage":{"@id":"https:\/\/dev.explora.cl\/rios\/promueven-inscripcion-a-capacitaciones-gratuitas-de-ciencias-para-profes-de-los-rios\/"},"wordCount":721,"commentCount":0,"image":{"@id":"https:\/\/dev.explora.cl\/rios\/promueven-inscripcion-a-capacitaciones-gratuitas-de-ciencias-para-profes-de-los-rios\/#primaryimage"},"thumbnailUrl":"https:\/\/dev.explora.cl\/rios\/wp-content\/uploads\/sites\/16\/2022\/11\/240254263_4570180416346091_812657104749808164_n.jpg","keywords":["campamento","Campamento Explora para profes VA! 2023","Campamento para profes Explora VA! 2023","Corral","docentes","Futrono","La Uni\u00f3n","Lanco","Mariquina","Paillaco","profes","Regi\u00f3n de Los R\u00edos","Rio Bueno"],"articleSection":["Lugar 8","Noticias"],"inLanguage":"es-CL","potentialAction":[{"@type":"CommentAction","name":"Comment","target":["https:\/\/dev.explora.cl\/rios\/promueven-inscripcion-a-capacitaciones-gratuitas-de-ciencias-para-profes-de-los-rios\/#respond"]}]},{"@type":"WebPage","@id":"https:\/\/dev.explora.cl\/rios\/promueven-inscripcion-a-capacitaciones-gratuitas-de-ciencias-para-profes-de-los-rios\/","url":"https:\/\/dev.explora.cl\/rios\/promueven-inscripcion-a-capacitaciones-gratuitas-de-ciencias-para-profes-de-los-rios\/","name":"Promueven inscripci\u00f3n a capacitaciones gratuitas de ciencias para profes de Los R\u00edos - Los R\u00edos","isPartOf":{"@id":"https:\/\/dev.explora.cl\/rios\/#website"},"primaryImageOfPage":{"@id":"https:\/\/dev.explora.cl\/rios\/promueven-inscripcion-a-capacitaciones-gratuitas-de-ciencias-para-profes-de-los-rios\/#primaryimage"},"image":{"@id":"https:\/\/dev.explora.cl\/rios\/promueven-inscripcion-a-capacitaciones-gratuitas-de-ciencias-para-profes-de-los-rios\/#primaryimage"},"thumbnailUrl":"https:\/\/dev.explora.cl\/rios\/wp-content\/uploads\/sites\/16\/2022\/11\/240254263_4570180416346091_812657104749808164_n.jpg","datePublished":"2022-11-30T02:01:53+00:00","dateModified":"2024-11-05T14:40:48+00:00","author":{"@id":"https:\/\/dev.explora.cl\/rios\/#\/schema\/person\/279896208736d277e75690dde6cc1ea9"},"breadcrumb":{"@id":"https:\/\/dev.explora.cl\/rios\/promueven-inscripcion-a-capacitaciones-gratuitas-de-ciencias-para-profes-de-los-rios\/#breadcrumb"},"inLanguage":"es-CL","potentialAction":[{"@type":"ReadAction","target":["https:\/\/dev.explora.cl\/rios\/promueven-inscripcion-a-capacitaciones-gratuitas-de-ciencias-para-profes-de-los-rios\/"]}]},{"@type":"ImageObject","inLanguage":"es-CL","@id":"https:\/\/dev.explora.cl\/rios\/promueven-inscripcion-a-capacitaciones-gratuitas-de-ciencias-para-profes-de-los-rios\/#primaryimage","url":"https:\/\/dev.explora.cl\/rios\/wp-content\/uploads\/sites\/16\/2022\/11\/240254263_4570180416346091_812657104749808164_n.jpg","contentUrl":"https:\/\/dev.explora.cl\/rios\/wp-content\/uploads\/sites\/16\/2022\/11\/240254263_4570180416346091_812657104749808164_n.jpg","width":2048,"height":1365},{"@type":"BreadcrumbList","@id":"https:\/\/dev.explora.cl\/rios\/promueven-inscripcion-a-capacitaciones-gratuitas-de-ciencias-para-profes-de-los-rios\/#breadcrumb","itemListElement":[{"@type":"ListItem","position":1,"name":"Portada","item":"https:\/\/dev.explora.cl\/rios\/"},{"@type":"ListItem","position":2,"name":"Promueven inscripci\u00f3n a capacitaciones gratuitas de ciencias para profes de Los R\u00edos"}]},{"@type":"WebSite","@id":"https:\/\/dev.explora.cl\/rios\/#website","url":"https:\/\/dev.explora.cl\/rios\/","name":"Los R\u00edos","description":"Otro sitio m\u00e1s de dev.explora.cl","potentialAction":[{"@type":"SearchAction","target":{"@type":"EntryPoint","urlTemplate":"https:\/\/dev.explora.cl\/rios\/?s={search_term_string}"},"query-input":{"@type":"PropertyValueSpecification","valueRequired":true,"valueName":"search_term_string"}}],"inLanguage":"es-CL"},{"@type":"Person","@id":"https:\/\/dev.explora.cl\/rios\/#\/schema\/person\/279896208736d277e75690dde6cc1ea9","name":"smancilla","image":{"@type":"ImageObject","inLanguage":"es-CL","@id":"https:\/\/dev.explora.cl\/rios\/#\/schema\/person\/image\/","url":"https:\/\/secure.gravatar.com\/avatar\/a1c7f8b1dd453e8facadec2bf18354190c777b5556feaaadfa0f6a129ab9b015?s=96&d=mm&r=g","contentUrl":"https:\/\/secure.gravatar.com\/avatar\/a1c7f8b1dd453e8facadec2bf18354190c777b5556feaaadfa0f6a129ab9b015?s=96&d=mm&r=g","caption":"smancilla"},"url":"https:\/\/dev.explora.cl\/rios\/author\/smancilla\/"}]}},"_links":{"self":[{"href":"https:\/\/dev.explora.cl\/rios\/wp-json\/wp\/v2\/posts\/41583","targetHints":{"allow":["GET"]}}],"collection":[{"href":"https:\/\/dev.explora.cl\/rios\/wp-json\/wp\/v2\/posts"}],"about":[{"href":"https:\/\/dev.explora.cl\/rios\/wp-json\/wp\/v2\/types\/post"}],"author":[{"embeddable":true,"href":"https:\/\/dev.explora.cl\/rios\/wp-json\/wp\/v2\/users\/31"}],"replies":[{"embeddable":true,"href":"https:\/\/dev.explora.cl\/rios\/wp-json\/wp\/v2\/comments?post=41583"}],"version-history":[{"count":4,"href":"https:\/\/dev.explora.cl\/rios\/wp-json\/wp\/v2\/posts\/41583\/revisions"}],"predecessor-version":[{"id":43623,"href":"https:\/\/dev.explora.cl\/rios\/wp-json\/wp\/v2\/posts\/41583\/revisions\/43623"}],"wp:featuredmedia":[{"embeddable":true,"href":"https:\/\/dev.explora.cl\/rios\/wp-json\/wp\/v2\/media\/41584"}],"wp:attachment":[{"href":"https:\/\/dev.explora.cl\/rios\/wp-json\/wp\/v2\/media?parent=41583"}],"wp:term":[{"taxonomy":"category","embeddable":true,"href":"https:\/\/dev.explora.cl\/rios\/wp-json\/wp\/v2\/categories?post=41583"},{"taxonomy":"post_tag","embeddable":true,"href":"https:\/\/dev.explora.cl\/rios\/wp-json\/wp\/v2\/tags?post=41583"}],"curies":[{"name":"wp","href":"https:\/\/api.w.org\/{rel}","templated":true}]}}