{"id":41247,"date":"2022-09-08T18:22:13","date_gmt":"2022-09-08T21:22:13","guid":{"rendered":"https:\/\/dev.explora.cl\/rios\/?p=41247"},"modified":"2022-10-12T17:25:21","modified_gmt":"2022-10-12T20:25:21","slug":"inicia-convocatoria-para-el-congreso-regional-explora","status":"publish","type":"post","link":"https:\/\/dev.explora.cl\/rios\/inicia-convocatoria-para-el-congreso-regional-explora\/","title":{"rendered":"INICIA CONVOCATORIA PARA EL CONGRESO REGIONAL EXPLORA DE INVESTIGACI\u00d3N E INNOVACI\u00d3N ESCOLAR 2022"},"content":{"rendered":"<p><span style=\"font-weight: 400\">El Proyecto Explora Los R\u00edos del Ministerio de Ciencia, Tecnolog\u00eda, Conocimiento e Innovaci\u00f3n, invita a la comunidad educativa a ser parte del <\/span><b>Congreso Regional Explora de Investigaci\u00f3n e Innovaci\u00f3n Escolar 2022<\/b><span style=\"font-weight: 400\">. El encuentro se realizar\u00e1 el <\/span><b>9, 10 y 11 de noviembre<\/b><span style=\"font-weight: 400\"> en la \u201cPerla del Sur\u201d Valdivia. Las bases, requisitos y formulario se encuentran disponibles en el sitio web <\/span><a href=\"https:\/\/dev.explora.cl\/rios\/congreso2022\"><span style=\"font-weight: 400\">dev.explora.cl\/rios\/congreso2022<\/span><\/a> <b>hasta el 11 de octubre<\/b><span style=\"font-weight: 400\">.\u00a0<\/span><\/p>\n<p><span style=\"font-weight: 400\">Los equipos interesados\/as en postular al Congreso podr\u00e1n presentar proyectos para alguna de las <\/span><b>dos categor\u00edas:<\/b><span style=\"font-weight: 400\"> (1) investigaci\u00f3n o (2) innovaci\u00f3n. Como parte de los requisitos, es conformar un equipo de estudiantes de 5\u00b0 b\u00e1sico a 4\u00b0 medio con un m\u00ednimo de 2 estudiantes expositores y un\/a docente gu\u00eda a cargo. Deben residir en alguna de las 12 comunas de la Regi\u00f3n de Los R\u00edos.<\/span><\/p>\n<p><span style=\"font-weight: 400\">Tras dos a\u00f1os de virtualidad debido al contexto sanitario, la presencialidad retorna para esta versi\u00f3n en la que ser\u00e1n seleccionados al menos 20 proyectos para participar del Congreso que busca ser una experiencia estimulante e inolvidable.\u00a0 Como parte de la agenda, el <\/span><b>12 de septiembre<\/b><span style=\"font-weight: 400\"> en una <\/span><b>transmisi\u00f3n en vivo a las 17:00 hrs\u00a0<\/b><span style=\"font-weight: 400\">por nuestro canal de Youtube \u201cPAR Explora Los R\u00edos\u201d se resolver\u00e1n dudas y el lunes<\/span><b> 24 de octubre<\/b><span style=\"font-weight: 400\"> a las ser\u00e1n comunicados los resultados en el sitio web oficial ya mencionado.<\/span><\/p>\n<p><b>Camila Tejo, directora <\/b><span style=\"font-weight: 400\">del<\/span> <span style=\"font-weight: 400\">Proyecto Asociativo Regional (<\/span><b>PAR<\/b><span style=\"font-weight: 400\">) <\/span><b>Explora Los R\u00edos<\/b><span style=\"font-weight: 400\">, se\u00f1al\u00f3 que \u201c<\/span><b><i>este encuentro permite que tanto estudiantes como profesores\/as desarrollen y enriquezcan sus habilidades al interactuar con cient\u00edficos\/as y p\u00fablico asistente al exponer sus proyectos<\/i><\/b><span style=\"font-weight: 400\">\u201d haciendo un llamado a la valorizaci\u00f3n del espacio. <\/span><\/p>\n<audio class=\"wp-audio-shortcode\" id=\"audio-41247-1\" loop autoplay preload=\"none\" style=\"width: 100%;\" controls=\"controls\"><source type=\"audio\/mpeg\" src=\"https:\/\/dev.explora.cl\/rios\/wp-content\/uploads\/sites\/16\/2022\/09\/CU\u00d1A_DIRECTORAEXPLORALOSRIOS_CONGRESO2022.mp3?_=1\" \/><a href=\"https:\/\/dev.explora.cl\/rios\/wp-content\/uploads\/sites\/16\/2022\/09\/CU\u00d1A_DIRECTORAEXPLORALOSRIOS_CONGRESO2022.mp3\">https:\/\/dev.explora.cl\/rios\/wp-content\/uploads\/sites\/16\/2022\/09\/CU\u00d1A_DIRECTORAEXPLORALOSRIOS_CONGRESO2022.mp3<\/a><\/audio>\n<p><span style=\"font-weight: 400\">El Congreso Regional Explora\u00a0 que es liderado por el PAR Explora Los R\u00edos que es ejecutado por la Universidad Austral de Chile, cada a\u00f1o promueve las herramientas y motiva a escolares as\u00ed como docentes, de toda la regi\u00f3n, a desarrollar ciencia en el aula.\u00a0<\/span><\/p>\n","protected":false},"excerpt":{"rendered":"<p>cEl Proyecto Explora Los R\u00edos invita a la comunidad educativa a ser parte del Congreso Regional Explora 2022. Las bases, requisitos y formulario se encuentran disponibles en el sitio web dev.explora.cl\/rios\/congreso2022 hasta el 11 de octubre.\u00a0<\/p>\n","protected":false},"author":31,"featured_media":41254,"comment_status":"open","ping_status":"open","sticky":false,"template":"","format":"standard","meta":{"_acf_changed":false,"_exactmetrics_skip_tracking":false,"_exactmetrics_sitenote_active":false,"_exactmetrics_sitenote_note":"","_exactmetrics_sitenote_category":0,"footnotes":"","_links_to":"","_links_to_target":""},"categories":[143,4],"tags":[537,534,12,536,535,516,416,530,147,177,531,477,532,317,533],"class_list":["post-41247","post","type-post","status-publish","format-standard","has-post-thumbnail","hentry","category-lugar-8","category-noticias","tag-camila-tejo","tag-ciencia-en-chile","tag-ciencia-escolar","tag-cientificas-chilenas","tag-cientificos-chilenos","tag-congreso-regional-explora-2022","tag-iie","tag-innovacion","tag-innovacion-escolar","tag-investigacion-escolar","tag-perla-del-sur","tag-proyecto-explora-los-rios","tag-socializacion","tag-valdivia","tag-xix-congreso-regional-explora-de-investigacion-innovacion-escolar-2022"],"acf":[],"yoast_head":"<!-- This site is optimized with the Yoast SEO plugin v26.7 - https:\/\/yoast.com\/wordpress\/plugins\/seo\/ -->\n<title>INICIA CONVOCATORIA PARA EL CONGRESO REGIONAL EXPLORA DE INVESTIGACI\u00d3N E INNOVACI\u00d3N ESCOLAR 2022 - Los R\u00edos<\/title>\n<meta name=\"robots\" content=\"index, follow, max-snippet:-1, max-image-preview:large, max-video-preview:-1\" \/>\n<link rel=\"canonical\" href=\"https:\/\/dev.explora.cl\/rios\/inicia-convocatoria-para-el-congreso-regional-explora\/\" class=\"yoast-seo-meta-tag\" \/>\n<meta property=\"og:locale\" content=\"es_ES\" class=\"yoast-seo-meta-tag\" \/>\n<meta property=\"og:type\" content=\"article\" class=\"yoast-seo-meta-tag\" \/>\n<meta property=\"og:title\" content=\"INICIA CONVOCATORIA PARA EL CONGRESO REGIONAL EXPLORA DE INVESTIGACI\u00d3N E INNOVACI\u00d3N ESCOLAR 2022 - Los R\u00edos\" class=\"yoast-seo-meta-tag\" \/>\n<meta property=\"og:description\" content=\"cEl Proyecto Explora Los R\u00edos invita a la comunidad educativa a ser parte del Congreso Regional Explora 2022. Las bases, requisitos y formulario se encuentran disponibles en el sitio web dev.explora.cl\/rios\/congreso2022 hasta el 11 de octubre.\u00a0\" class=\"yoast-seo-meta-tag\" \/>\n<meta property=\"og:url\" content=\"https:\/\/dev.explora.cl\/rios\/inicia-convocatoria-para-el-congreso-regional-explora\/\" class=\"yoast-seo-meta-tag\" \/>\n<meta property=\"og:site_name\" content=\"Los R\u00edos\" class=\"yoast-seo-meta-tag\" \/>\n<meta property=\"article:published_time\" content=\"2022-09-08T21:22:13+00:00\" class=\"yoast-seo-meta-tag\" \/>\n<meta property=\"article:modified_time\" content=\"2022-10-12T20:25:21+00:00\" class=\"yoast-seo-meta-tag\" \/>\n<meta property=\"og:image\" content=\"https:\/\/dev.explora.cl\/rios\/wp-content\/uploads\/sites\/16\/2022\/09\/BANNER-WEB-Congreso-2022-736-\u00d7-420-px-2-1.png\" class=\"yoast-seo-meta-tag\" \/>\n\t<meta property=\"og:image:width\" content=\"736\" class=\"yoast-seo-meta-tag\" \/>\n\t<meta property=\"og:image:height\" content=\"420\" class=\"yoast-seo-meta-tag\" \/>\n\t<meta property=\"og:image:type\" content=\"image\/png\" class=\"yoast-seo-meta-tag\" \/>\n<meta name=\"author\" content=\"smancilla\" class=\"yoast-seo-meta-tag\" \/>\n<meta name=\"twitter:card\" content=\"summary_large_image\" class=\"yoast-seo-meta-tag\" \/>\n<meta name=\"twitter:label1\" content=\"Escrito por\" class=\"yoast-seo-meta-tag\" \/>\n\t<meta name=\"twitter:data1\" content=\"smancilla\" class=\"yoast-seo-meta-tag\" \/>\n\t<meta name=\"twitter:label2\" content=\"Tiempo estimado de lectura\" class=\"yoast-seo-meta-tag\" \/>\n\t<meta name=\"twitter:data2\" content=\"2 minutos\" class=\"yoast-seo-meta-tag\" \/>\n<script type=\"application\/ld+json\" class=\"yoast-schema-graph\">{\"@context\":\"https:\/\/schema.org\",\"@graph\":[{\"@type\":\"Article\",\"@id\":\"https:\/\/dev.explora.cl\/rios\/inicia-convocatoria-para-el-congreso-regional-explora\/#article\",\"isPartOf\":{\"@id\":\"https:\/\/dev.explora.cl\/rios\/inicia-convocatoria-para-el-congreso-regional-explora\/\"},\"author\":{\"name\":\"smancilla\",\"@id\":\"https:\/\/dev.explora.cl\/rios\/#\/schema\/person\/279896208736d277e75690dde6cc1ea9\"},\"headline\":\"INICIA CONVOCATORIA PARA EL CONGRESO REGIONAL EXPLORA DE INVESTIGACI\u00d3N E INNOVACI\u00d3N ESCOLAR 2022\",\"datePublished\":\"2022-09-08T21:22:13+00:00\",\"dateModified\":\"2022-10-12T20:25:21+00:00\",\"mainEntityOfPage\":{\"@id\":\"https:\/\/dev.explora.cl\/rios\/inicia-convocatoria-para-el-congreso-regional-explora\/\"},\"wordCount\":361,\"commentCount\":0,\"image\":{\"@id\":\"https:\/\/dev.explora.cl\/rios\/inicia-convocatoria-para-el-congreso-regional-explora\/#primaryimage\"},\"thumbnailUrl\":\"https:\/\/dev.explora.cl\/rios\/wp-content\/uploads\/sites\/16\/2022\/09\/BANNER-WEB-Congreso-2022-736-\u00d7-420-px-2-1.png\",\"keywords\":[\"Camila Tejo\",\"Ciencia en Chile\",\"ciencia escolar\",\"Cient\u00edficas Chilenas\",\"Cient\u00edficos Chilenos\",\"Congreso Regional Explora 2022\",\"iie\",\"Innovaci\u00f3n\",\"innovaci\u00f3n escolar\",\"investigaci\u00f3n escolar\",\"Perla del Sur\",\"Proyecto Explora Los R\u00edos\",\"socializaci\u00f3n\",\"Valdivia\",\"XIX Congreso Regional Explora de Investigaci\u00f3n Innovaci\u00f3n Escolar 2022\"],\"articleSection\":[\"Lugar 8\",\"Noticias\"],\"inLanguage\":\"es-CL\",\"potentialAction\":[{\"@type\":\"CommentAction\",\"name\":\"Comment\",\"target\":[\"https:\/\/dev.explora.cl\/rios\/inicia-convocatoria-para-el-congreso-regional-explora\/#respond\"]}]},{\"@type\":\"WebPage\",\"@id\":\"https:\/\/dev.explora.cl\/rios\/inicia-convocatoria-para-el-congreso-regional-explora\/\",\"url\":\"https:\/\/dev.explora.cl\/rios\/inicia-convocatoria-para-el-congreso-regional-explora\/\",\"name\":\"INICIA CONVOCATORIA PARA EL CONGRESO REGIONAL EXPLORA DE INVESTIGACI\u00d3N E INNOVACI\u00d3N ESCOLAR 2022 - Los R\u00edos\",\"isPartOf\":{\"@id\":\"https:\/\/dev.explora.cl\/rios\/#website\"},\"primaryImageOfPage\":{\"@id\":\"https:\/\/dev.explora.cl\/rios\/inicia-convocatoria-para-el-congreso-regional-explora\/#primaryimage\"},\"image\":{\"@id\":\"https:\/\/dev.explora.cl\/rios\/inicia-convocatoria-para-el-congreso-regional-explora\/#primaryimage\"},\"thumbnailUrl\":\"https:\/\/dev.explora.cl\/rios\/wp-content\/uploads\/sites\/16\/2022\/09\/BANNER-WEB-Congreso-2022-736-\u00d7-420-px-2-1.png\",\"datePublished\":\"2022-09-08T21:22:13+00:00\",\"dateModified\":\"2022-10-12T20:25:21+00:00\",\"author\":{\"@id\":\"https:\/\/dev.explora.cl\/rios\/#\/schema\/person\/279896208736d277e75690dde6cc1ea9\"},\"breadcrumb\":{\"@id\":\"https:\/\/dev.explora.cl\/rios\/inicia-convocatoria-para-el-congreso-regional-explora\/#breadcrumb\"},\"inLanguage\":\"es-CL\",\"potentialAction\":[{\"@type\":\"ReadAction\",\"target\":[\"https:\/\/dev.explora.cl\/rios\/inicia-convocatoria-para-el-congreso-regional-explora\/\"]}]},{\"@type\":\"ImageObject\",\"inLanguage\":\"es-CL\",\"@id\":\"https:\/\/dev.explora.cl\/rios\/inicia-convocatoria-para-el-congreso-regional-explora\/#primaryimage\",\"url\":\"https:\/\/dev.explora.cl\/rios\/wp-content\/uploads\/sites\/16\/2022\/09\/BANNER-WEB-Congreso-2022-736-\u00d7-420-px-2-1.png\",\"contentUrl\":\"https:\/\/dev.explora.cl\/rios\/wp-content\/uploads\/sites\/16\/2022\/09\/BANNER-WEB-Congreso-2022-736-\u00d7-420-px-2-1.png\",\"width\":736,\"height\":420},{\"@type\":\"BreadcrumbList\",\"@id\":\"https:\/\/dev.explora.cl\/rios\/inicia-convocatoria-para-el-congreso-regional-explora\/#breadcrumb\",\"itemListElement\":[{\"@type\":\"ListItem\",\"position\":1,\"name\":\"Portada\",\"item\":\"https:\/\/dev.explora.cl\/rios\/\"},{\"@type\":\"ListItem\",\"position\":2,\"name\":\"INICIA CONVOCATORIA PARA EL CONGRESO REGIONAL EXPLORA DE INVESTIGACI\u00d3N E INNOVACI\u00d3N ESCOLAR 2022\"}]},{\"@type\":\"WebSite\",\"@id\":\"https:\/\/dev.explora.cl\/rios\/#website\",\"url\":\"https:\/\/dev.explora.cl\/rios\/\",\"name\":\"Los R\u00edos\",\"description\":\"Otro sitio m\u00e1s de dev.explora.cl\",\"potentialAction\":[{\"@type\":\"SearchAction\",\"target\":{\"@type\":\"EntryPoint\",\"urlTemplate\":\"https:\/\/dev.explora.cl\/rios\/?s={search_term_string}\"},\"query-input\":{\"@type\":\"PropertyValueSpecification\",\"valueRequired\":true,\"valueName\":\"search_term_string\"}}],\"inLanguage\":\"es-CL\"},{\"@type\":\"Person\",\"@id\":\"https:\/\/dev.explora.cl\/rios\/#\/schema\/person\/279896208736d277e75690dde6cc1ea9\",\"name\":\"smancilla\",\"image\":{\"@type\":\"ImageObject\",\"inLanguage\":\"es-CL\",\"@id\":\"https:\/\/dev.explora.cl\/rios\/#\/schema\/person\/image\/\",\"url\":\"https:\/\/secure.gravatar.com\/avatar\/a1c7f8b1dd453e8facadec2bf18354190c777b5556feaaadfa0f6a129ab9b015?s=96&d=mm&r=g\",\"contentUrl\":\"https:\/\/secure.gravatar.com\/avatar\/a1c7f8b1dd453e8facadec2bf18354190c777b5556feaaadfa0f6a129ab9b015?s=96&d=mm&r=g\",\"caption\":\"smancilla\"},\"url\":\"https:\/\/dev.explora.cl\/rios\/author\/smancilla\/\"}]}<\/script>\n<!-- \/ Yoast SEO plugin. -->","yoast_head_json":{"title":"INICIA CONVOCATORIA PARA EL CONGRESO REGIONAL EXPLORA DE INVESTIGACI\u00d3N E INNOVACI\u00d3N ESCOLAR 2022 - Los R\u00edos","robots":{"index":"index","follow":"follow","max-snippet":"max-snippet:-1","max-image-preview":"max-image-preview:large","max-video-preview":"max-video-preview:-1"},"canonical":"https:\/\/dev.explora.cl\/rios\/inicia-convocatoria-para-el-congreso-regional-explora\/","og_locale":"es_ES","og_type":"article","og_title":"INICIA CONVOCATORIA PARA EL CONGRESO REGIONAL EXPLORA DE INVESTIGACI\u00d3N E INNOVACI\u00d3N ESCOLAR 2022 - Los R\u00edos","og_description":"cEl Proyecto Explora Los R\u00edos invita a la comunidad educativa a ser parte del Congreso Regional Explora 2022. Las bases, requisitos y formulario se encuentran disponibles en el sitio web dev.explora.cl\/rios\/congreso2022 hasta el 11 de octubre.\u00a0","og_url":"https:\/\/dev.explora.cl\/rios\/inicia-convocatoria-para-el-congreso-regional-explora\/","og_site_name":"Los R\u00edos","article_published_time":"2022-09-08T21:22:13+00:00","article_modified_time":"2022-10-12T20:25:21+00:00","og_image":[{"width":736,"height":420,"url":"https:\/\/dev.explora.cl\/rios\/wp-content\/uploads\/sites\/16\/2022\/09\/BANNER-WEB-Congreso-2022-736-\u00d7-420-px-2-1.png","type":"image\/png"}],"author":"smancilla","twitter_card":"summary_large_image","twitter_misc":{"Escrito por":"smancilla","Tiempo estimado de lectura":"2 minutos"},"schema":{"@context":"https:\/\/schema.org","@graph":[{"@type":"Article","@id":"https:\/\/dev.explora.cl\/rios\/inicia-convocatoria-para-el-congreso-regional-explora\/#article","isPartOf":{"@id":"https:\/\/dev.explora.cl\/rios\/inicia-convocatoria-para-el-congreso-regional-explora\/"},"author":{"name":"smancilla","@id":"https:\/\/dev.explora.cl\/rios\/#\/schema\/person\/279896208736d277e75690dde6cc1ea9"},"headline":"INICIA CONVOCATORIA PARA EL CONGRESO REGIONAL EXPLORA DE INVESTIGACI\u00d3N E INNOVACI\u00d3N ESCOLAR 2022","datePublished":"2022-09-08T21:22:13+00:00","dateModified":"2022-10-12T20:25:21+00:00","mainEntityOfPage":{"@id":"https:\/\/dev.explora.cl\/rios\/inicia-convocatoria-para-el-congreso-regional-explora\/"},"wordCount":361,"commentCount":0,"image":{"@id":"https:\/\/dev.explora.cl\/rios\/inicia-convocatoria-para-el-congreso-regional-explora\/#primaryimage"},"thumbnailUrl":"https:\/\/dev.explora.cl\/rios\/wp-content\/uploads\/sites\/16\/2022\/09\/BANNER-WEB-Congreso-2022-736-\u00d7-420-px-2-1.png","keywords":["Camila Tejo","Ciencia en Chile","ciencia escolar","Cient\u00edficas Chilenas","Cient\u00edficos Chilenos","Congreso Regional Explora 2022","iie","Innovaci\u00f3n","innovaci\u00f3n escolar","investigaci\u00f3n escolar","Perla del Sur","Proyecto Explora Los R\u00edos","socializaci\u00f3n","Valdivia","XIX Congreso Regional Explora de Investigaci\u00f3n Innovaci\u00f3n Escolar 2022"],"articleSection":["Lugar 8","Noticias"],"inLanguage":"es-CL","potentialAction":[{"@type":"CommentAction","name":"Comment","target":["https:\/\/dev.explora.cl\/rios\/inicia-convocatoria-para-el-congreso-regional-explora\/#respond"]}]},{"@type":"WebPage","@id":"https:\/\/dev.explora.cl\/rios\/inicia-convocatoria-para-el-congreso-regional-explora\/","url":"https:\/\/dev.explora.cl\/rios\/inicia-convocatoria-para-el-congreso-regional-explora\/","name":"INICIA CONVOCATORIA PARA EL CONGRESO REGIONAL EXPLORA DE INVESTIGACI\u00d3N E INNOVACI\u00d3N ESCOLAR 2022 - Los R\u00edos","isPartOf":{"@id":"https:\/\/dev.explora.cl\/rios\/#website"},"primaryImageOfPage":{"@id":"https:\/\/dev.explora.cl\/rios\/inicia-convocatoria-para-el-congreso-regional-explora\/#primaryimage"},"image":{"@id":"https:\/\/dev.explora.cl\/rios\/inicia-convocatoria-para-el-congreso-regional-explora\/#primaryimage"},"thumbnailUrl":"https:\/\/dev.explora.cl\/rios\/wp-content\/uploads\/sites\/16\/2022\/09\/BANNER-WEB-Congreso-2022-736-\u00d7-420-px-2-1.png","datePublished":"2022-09-08T21:22:13+00:00","dateModified":"2022-10-12T20:25:21+00:00","author":{"@id":"https:\/\/dev.explora.cl\/rios\/#\/schema\/person\/279896208736d277e75690dde6cc1ea9"},"breadcrumb":{"@id":"https:\/\/dev.explora.cl\/rios\/inicia-convocatoria-para-el-congreso-regional-explora\/#breadcrumb"},"inLanguage":"es-CL","potentialAction":[{"@type":"ReadAction","target":["https:\/\/dev.explora.cl\/rios\/inicia-convocatoria-para-el-congreso-regional-explora\/"]}]},{"@type":"ImageObject","inLanguage":"es-CL","@id":"https:\/\/dev.explora.cl\/rios\/inicia-convocatoria-para-el-congreso-regional-explora\/#primaryimage","url":"https:\/\/dev.explora.cl\/rios\/wp-content\/uploads\/sites\/16\/2022\/09\/BANNER-WEB-Congreso-2022-736-\u00d7-420-px-2-1.png","contentUrl":"https:\/\/dev.explora.cl\/rios\/wp-content\/uploads\/sites\/16\/2022\/09\/BANNER-WEB-Congreso-2022-736-\u00d7-420-px-2-1.png","width":736,"height":420},{"@type":"BreadcrumbList","@id":"https:\/\/dev.explora.cl\/rios\/inicia-convocatoria-para-el-congreso-regional-explora\/#breadcrumb","itemListElement":[{"@type":"ListItem","position":1,"name":"Portada","item":"https:\/\/dev.explora.cl\/rios\/"},{"@type":"ListItem","position":2,"name":"INICIA CONVOCATORIA PARA EL CONGRESO REGIONAL EXPLORA DE INVESTIGACI\u00d3N E INNOVACI\u00d3N ESCOLAR 2022"}]},{"@type":"WebSite","@id":"https:\/\/dev.explora.cl\/rios\/#website","url":"https:\/\/dev.explora.cl\/rios\/","name":"Los R\u00edos","description":"Otro sitio m\u00e1s de dev.explora.cl","potentialAction":[{"@type":"SearchAction","target":{"@type":"EntryPoint","urlTemplate":"https:\/\/dev.explora.cl\/rios\/?s={search_term_string}"},"query-input":{"@type":"PropertyValueSpecification","valueRequired":true,"valueName":"search_term_string"}}],"inLanguage":"es-CL"},{"@type":"Person","@id":"https:\/\/dev.explora.cl\/rios\/#\/schema\/person\/279896208736d277e75690dde6cc1ea9","name":"smancilla","image":{"@type":"ImageObject","inLanguage":"es-CL","@id":"https:\/\/dev.explora.cl\/rios\/#\/schema\/person\/image\/","url":"https:\/\/secure.gravatar.com\/avatar\/a1c7f8b1dd453e8facadec2bf18354190c777b5556feaaadfa0f6a129ab9b015?s=96&d=mm&r=g","contentUrl":"https:\/\/secure.gravatar.com\/avatar\/a1c7f8b1dd453e8facadec2bf18354190c777b5556feaaadfa0f6a129ab9b015?s=96&d=mm&r=g","caption":"smancilla"},"url":"https:\/\/dev.explora.cl\/rios\/author\/smancilla\/"}]}},"_links":{"self":[{"href":"https:\/\/dev.explora.cl\/rios\/wp-json\/wp\/v2\/posts\/41247","targetHints":{"allow":["GET"]}}],"collection":[{"href":"https:\/\/dev.explora.cl\/rios\/wp-json\/wp\/v2\/posts"}],"about":[{"href":"https:\/\/dev.explora.cl\/rios\/wp-json\/wp\/v2\/types\/post"}],"author":[{"embeddable":true,"href":"https:\/\/dev.explora.cl\/rios\/wp-json\/wp\/v2\/users\/31"}],"replies":[{"embeddable":true,"href":"https:\/\/dev.explora.cl\/rios\/wp-json\/wp\/v2\/comments?post=41247"}],"version-history":[{"count":4,"href":"https:\/\/dev.explora.cl\/rios\/wp-json\/wp\/v2\/posts\/41247\/revisions"}],"predecessor-version":[{"id":41285,"href":"https:\/\/dev.explora.cl\/rios\/wp-json\/wp\/v2\/posts\/41247\/revisions\/41285"}],"wp:featuredmedia":[{"embeddable":true,"href":"https:\/\/dev.explora.cl\/rios\/wp-json\/wp\/v2\/media\/41254"}],"wp:attachment":[{"href":"https:\/\/dev.explora.cl\/rios\/wp-json\/wp\/v2\/media?parent=41247"}],"wp:term":[{"taxonomy":"category","embeddable":true,"href":"https:\/\/dev.explora.cl\/rios\/wp-json\/wp\/v2\/categories?post=41247"},{"taxonomy":"post_tag","embeddable":true,"href":"https:\/\/dev.explora.cl\/rios\/wp-json\/wp\/v2\/tags?post=41247"}],"curies":[{"name":"wp","href":"https:\/\/api.w.org\/{rel}","templated":true}]}}