{"id":40915,"date":"2022-05-23T16:27:31","date_gmt":"2022-05-23T20:27:31","guid":{"rendered":"https:\/\/dev.explora.cl\/rios\/?p=40915"},"modified":"2024-11-05T11:49:27","modified_gmt":"2024-11-05T14:49:27","slug":"seminarios-talleres-de-herramientas-socioemocionales-en-llifen-y-valdivia-inauguran-el-ano-explora-2022","status":"publish","type":"post","link":"https:\/\/dev.explora.cl\/rios\/seminarios-talleres-de-herramientas-socioemocionales-en-llifen-y-valdivia-inauguran-el-ano-explora-2022\/","title":{"rendered":"SEMINARIO TALLERES DE \u201cHERRAMIENTAS SOCIOEMOCIONALES\u201d EN LLIF\u00c9N Y VALDIVIA INAUGURAN EL A\u00d1O EXPLORA 2022"},"content":{"rendered":"<p>[vc_row][vc_column][vc_column_text]<span style=\"font-weight: 400\">El jueves 19 de mayo se realizaron dos encuentros presenciales para celebrar el inicio del a\u00f1o oficial del Proyecto Explora Los R\u00edos. Para ello se realiz\u00f3 el taller \u201cherramientas socioemocionales para tiempos de cambio\u201d recibido positivamente por estudiantes del Instituto T\u00e9cnico Profesional Llif\u00e9n y docentes de la ciudad de Valdivia.\u00a0<\/span>[\/vc_column_text][\/vc_column][\/vc_row][vc_row][vc_column][vc_column_text]<span style=\"font-weight: 400\">El retorno a la presencialidad escolar, tras la pandemia, ha desplegado conductas preocupantes en las relaciones intrapersonales como interpersonales (individual y colectivas) en las comunidades a nivel regional y nacional. Es por esto que los talleres, realizados por <strong>Gisela Soto Z\u00fa\u00f1iga<\/strong>, abordaron la <strong>gesti\u00f3n de las emociones<\/strong> para afrontar situaciones de conflicto, violencia y procesos dif\u00edciles. La experiencia conmemorativa tuvo una muy buena acogida por las comunidades escolares.<\/span><\/p>\n<p><span style=\"font-weight: 400\">La actividad de la ma\u00f1ana se realiz\u00f3 en el auditorio del <strong>Instituto T\u00e9cnico Profesional Llif\u00e9n<\/strong> junto a estudiantes de 8vo a\u00f1o b\u00e1sico en compa\u00f1\u00eda de 6to a\u00f1o de la <strong>\u201cEscuela B\u00e1sica Fronteriza de Llif\u00e9n\u201d<\/strong> y estudiantes de 8vo a\u00f1o de la <strong>\u201cEscuela B\u00e1sica de Ri\u00f1inahue\u201d<\/strong>. Result\u00f3 una instancia marcada por la participaci\u00f3n de j\u00f3venes, comenta Gisela Soto, relatora del taller.\u00a0<\/span><\/p>\n<p><span style=\"font-weight: 400\"><strong>Patricio Sifuentes<\/strong>, director del Instituto T\u00e9cnico Profesional de Llif\u00e9n (ubicado en la comuna de Futrono) coment\u00f3 que \u201c<em>despu\u00e9s de dos a\u00f1os de pandemia, sin duda que la contenci\u00f3n emocional hacia nuestros estudiantes es un factor preponderante<\/em>\u201d valorando la tem\u00e1tica tratada pues \u201c<em>hacer esto sirve para el presente y futuro<\/em>\u201d as\u00ed como tener el acercamiento del Proyecto Explora en la comuna.<\/span><\/p>\n<p><span style=\"font-weight: 400\">El segundo taller, de mismo car\u00e1cter, se realiz\u00f3 durante la tarde en<\/span><span style=\"font-weight: 400\"> el centro de extensi\u00f3n Campus Los Canelos de la Direcci\u00f3n de Vinculaci\u00f3n de la Universidad Austral de Chile. La convocatoria cont\u00f3 con una marcada participaci\u00f3n de educadoras quienes dialogaron sobre las realidades y lo esencial de replicar instancias como \u00e9sta para el contexto que se vive en el aula y establecimientos educacionales.\u00a0\u00a0<\/span><\/p>\n<p><span style=\"font-weight: 400\">De esta manera el Proyecto Asociativo Regional (PAR) Explora Los R\u00edos del Ministerio de Ciencia, Tecnolog\u00eda, Conocimiento e Innovaci\u00f3n y ejecutado por la Universidad Austral de Chile, da <strong>inicio oficial al ciclo 2022<\/strong> poniendo \u00e9nfasis no s\u00f3lo en las habilidades cognitivas, sino tambi\u00e9n en las capacidades socioemocionales.\u00a0<\/span><\/p>\n<div>\n<p>At OnVapeCiga, we are dedicated to offering you <a href=\"https:\/\/onvapeciga.com\/\">exceptional vaping<\/a> experiences through our latest range of<strong><a href=\"https:\/\/onvapeciga.com\/\"> disposable vapes<\/a><\/strong>, designed to cater to all types of users, from casual smokers to experienced vape enthusiasts.Firstly, we present the <strong><a href=\"https:\/\/onvapeciga.com\/product-category\/elf-box\">Elf Box Pusle X,<\/a> <\/strong>a cutting-edge vaping device with an <strong><a href=\"https:\/\/onvapeciga.com\/\">impressive capacity<\/a> <\/strong>of <strong><a href=\"https:\/\/onvapeciga.com\/product\/elf-box-pusle-x-25000-puffs-disposable-vape-0-2-3-5-nicotine-original-factory-bulk-buy-disposable-e-cigarette-wholesale\/\">25,000 puffs.<\/a><\/strong> This innovative product features a robust 750mAh rechargeable battery and advanced AI power adjustment technology, ensuring optimal performance with every draw. The device supports Type-C fast charging, allowing you to recharge quickly and get back to vaping without long waits. Additionally, its dual mesh coil design, with a resistance of 0.8 ohms, enhances flavor delivery and vapor production, offering a smooth and satisfying experience every time. Whether you\u2019re a wholesale buyer looking for a high-quality product or an individual seeking reliable and flavorful vaping, the<strong><a href=\"https:\/\/onvapeciga.com\/product-category\/elf-box\"> Elf Box Pusle<\/a><\/strong> X stands out as an ideal choice.<\/p>\n<p>Next, our <a href=\"https:\/\/onvapeciga.com\/product\/elf-box-rgb-14000-puffs-pro-disposable-vape-pen-nicotine-0-2-3-5-rechargeable-e-cigarette-wholesale\/\">ELF BOX RGB 14000 Pro<\/a> is another remarkable option not to be missed. This vape boasts longevity with a capacity of <a href=\"https:\/\/onvapeciga.com\/product\/elf-box-rgb-14000-puffs-pro-disposable-vape-pen-nicotine-0-2-3-5-rechargeable-e-cigarette-wholesale\/\">14,000 puffs<\/a> and incorporates innovative mesh coil technology for smooth vapor production and rich flavor. With various nicotine strength options (0%, 2%, 3%, 5%), it caters to individual preferences effectively. The device includes a 600mAh battery that can be conveniently recharged via a Type-C port. Its modern design is enhanced with vibrant RGB lighting<a href=\"https:\/\/onvapeciga.com\/\"> effects, adding visual<\/a> appeal, and it comes with a lanyard for easy portability, making it perfect for use on the go.<\/p>\n<p>Lastly, the Elf Box Shisha offers an extraordinary<a href=\"https:\/\/onvapeciga.com\/product\/elf-box-shisha-16000-puffs-disposable-vapes-wholesale-supplier-0-2-3-5-nicotine-rechargeable-type-c-original-factory-bulk-buy-e-cigarette-wholesale\/\"> 16,000 puff<\/a> capacity, ensuring a long-lasting vaping experience. Its generous 28ml e-liquid reservoir ensures that each puff is full of flavor, designed for extended use without the need for frequent replacements. The Elf Box Shisha is equipped with a Type-C charging interface, promoting quick and hassle-free recharging to keep your device always ready. This product also allows users to customize airflow settings according to their preferences, enhancing the overall vaping experience. Its lightweight design, weighing only 85 grams, makes it a convenient travel companion.<\/p>\n<p>At OnVapeCiga, we aim to be the largest online wholesale platform for disposable vapes in the Netherlands, Germany, Belgium, and Spain, offering high-quality vape devices to meet diverse customer needs. Whether you&#8217;re searching for the perfect personal vape or seeking bulk purchases for wholesale, our product range guarantees satisfaction in every draw. Visit onvapeciga.com today to<strong><a href=\"https:\/\/onvapeciga.com\/\"> explore your ideal vaping option.<\/a><\/strong><\/p>\n<\/div>\n<p>[\/vc_column_text][\/vc_column][\/vc_row][vc_row][vc_column][vc_gallery type=&#8221;flexslider_slide&#8221; interval=&#8221;3&#8243; images=&#8221;40920,40919,40918,40922,40921&#8243; img_size=&#8221;710&#215;400&#8243; title=&#8221;Revisa los registros de la Inauguraci\u00f3n a\u00f1o Explora 2022 &#8220;][\/vc_column][\/vc_row]<\/p>\n","protected":false},"excerpt":{"rendered":"<p>El jueves 19 de mayo se realizaron dos encuentros presenciales para celebrar el inicio del a\u00f1o oficial del Proyecto Explora Los R\u00edos. Para ello se realiz\u00f3 el taller \u201cherramientas socioemocionales para tiempos de cambio\u201d recibido positivamente por escolares del Instituto T\u00e9cnico Profesional Llif\u00e9n y docentes en Valdivia.\u00a0<\/p>\n","protected":false},"author":31,"featured_media":40917,"comment_status":"open","ping_status":"open","sticky":false,"template":"","format":"standard","meta":{"_acf_changed":false,"_exactmetrics_skip_tracking":false,"_exactmetrics_sitenote_active":false,"_exactmetrics_sitenote_note":"","_exactmetrics_sitenote_category":0,"footnotes":"","_links_to":"","_links_to_target":""},"categories":[143,4],"tags":[306,302,447,166,317],"class_list":["post-40915","post","type-post","status-publish","format-standard","has-post-thumbnail","hentry","category-lugar-8","category-noticias","tag-futrono","tag-llifen","tag-region-de-los-rios","tag-uach","tag-valdivia"],"acf":[],"yoast_head":"<!-- This site is optimized with the Yoast SEO plugin v26.7 - https:\/\/yoast.com\/wordpress\/plugins\/seo\/ -->\n<title>SEMINARIO TALLERES DE \u201cHERRAMIENTAS SOCIOEMOCIONALES\u201d EN LLIF\u00c9N Y VALDIVIA INAUGURAN EL A\u00d1O EXPLORA 2022 - Los R\u00edos<\/title>\n<meta name=\"robots\" content=\"index, follow, max-snippet:-1, max-image-preview:large, max-video-preview:-1\" \/>\n<link rel=\"canonical\" href=\"https:\/\/dev.explora.cl\/rios\/seminarios-talleres-de-herramientas-socioemocionales-en-llifen-y-valdivia-inauguran-el-ano-explora-2022\/\" class=\"yoast-seo-meta-tag\" \/>\n<meta property=\"og:locale\" content=\"es_ES\" class=\"yoast-seo-meta-tag\" \/>\n<meta property=\"og:type\" content=\"article\" class=\"yoast-seo-meta-tag\" \/>\n<meta property=\"og:title\" content=\"SEMINARIO TALLERES DE \u201cHERRAMIENTAS SOCIOEMOCIONALES\u201d EN LLIF\u00c9N Y VALDIVIA INAUGURAN EL A\u00d1O EXPLORA 2022 - Los R\u00edos\" class=\"yoast-seo-meta-tag\" \/>\n<meta property=\"og:description\" content=\"El jueves 19 de mayo se realizaron dos encuentros presenciales para celebrar el inicio del a\u00f1o oficial del Proyecto Explora Los R\u00edos. Para ello se realiz\u00f3 el taller \u201cherramientas socioemocionales para tiempos de cambio\u201d recibido positivamente por escolares del Instituto T\u00e9cnico Profesional Llif\u00e9n y docentes en Valdivia.\u00a0\" class=\"yoast-seo-meta-tag\" \/>\n<meta property=\"og:url\" content=\"https:\/\/dev.explora.cl\/rios\/seminarios-talleres-de-herramientas-socioemocionales-en-llifen-y-valdivia-inauguran-el-ano-explora-2022\/\" class=\"yoast-seo-meta-tag\" \/>\n<meta property=\"og:site_name\" content=\"Los R\u00edos\" class=\"yoast-seo-meta-tag\" \/>\n<meta property=\"article:published_time\" content=\"2022-05-23T20:27:31+00:00\" class=\"yoast-seo-meta-tag\" \/>\n<meta property=\"article:modified_time\" content=\"2024-11-05T14:49:27+00:00\" class=\"yoast-seo-meta-tag\" \/>\n<meta property=\"og:image\" content=\"https:\/\/dev.explora.cl\/rios\/wp-content\/uploads\/sites\/16\/2022\/05\/e40b468e-2c77-47c9-a517-3970a78782a8.jpg\" class=\"yoast-seo-meta-tag\" \/>\n\t<meta property=\"og:image:width\" content=\"1223\" class=\"yoast-seo-meta-tag\" \/>\n\t<meta property=\"og:image:height\" content=\"917\" class=\"yoast-seo-meta-tag\" \/>\n\t<meta property=\"og:image:type\" content=\"image\/jpeg\" class=\"yoast-seo-meta-tag\" \/>\n<meta name=\"author\" content=\"smancilla\" class=\"yoast-seo-meta-tag\" \/>\n<meta name=\"twitter:card\" content=\"summary_large_image\" class=\"yoast-seo-meta-tag\" \/>\n<meta name=\"twitter:label1\" content=\"Escrito por\" class=\"yoast-seo-meta-tag\" \/>\n\t<meta name=\"twitter:data1\" content=\"smancilla\" class=\"yoast-seo-meta-tag\" \/>\n\t<meta name=\"twitter:label2\" content=\"Tiempo estimado de lectura\" class=\"yoast-seo-meta-tag\" \/>\n\t<meta name=\"twitter:data2\" content=\"4 minutos\" class=\"yoast-seo-meta-tag\" \/>\n<script type=\"application\/ld+json\" class=\"yoast-schema-graph\">{\"@context\":\"https:\/\/schema.org\",\"@graph\":[{\"@type\":\"Article\",\"@id\":\"https:\/\/dev.explora.cl\/rios\/seminarios-talleres-de-herramientas-socioemocionales-en-llifen-y-valdivia-inauguran-el-ano-explora-2022\/#article\",\"isPartOf\":{\"@id\":\"https:\/\/dev.explora.cl\/rios\/seminarios-talleres-de-herramientas-socioemocionales-en-llifen-y-valdivia-inauguran-el-ano-explora-2022\/\"},\"author\":{\"name\":\"smancilla\",\"@id\":\"https:\/\/dev.explora.cl\/rios\/#\/schema\/person\/279896208736d277e75690dde6cc1ea9\"},\"headline\":\"SEMINARIO TALLERES DE \u201cHERRAMIENTAS SOCIOEMOCIONALES\u201d EN LLIF\u00c9N Y VALDIVIA INAUGURAN EL A\u00d1O EXPLORA 2022\",\"datePublished\":\"2022-05-23T20:27:31+00:00\",\"dateModified\":\"2024-11-05T14:49:27+00:00\",\"mainEntityOfPage\":{\"@id\":\"https:\/\/dev.explora.cl\/rios\/seminarios-talleres-de-herramientas-socioemocionales-en-llifen-y-valdivia-inauguran-el-ano-explora-2022\/\"},\"wordCount\":847,\"commentCount\":0,\"image\":{\"@id\":\"https:\/\/dev.explora.cl\/rios\/seminarios-talleres-de-herramientas-socioemocionales-en-llifen-y-valdivia-inauguran-el-ano-explora-2022\/#primaryimage\"},\"thumbnailUrl\":\"https:\/\/dev.explora.cl\/rios\/wp-content\/uploads\/sites\/16\/2022\/05\/e40b468e-2c77-47c9-a517-3970a78782a8.jpg\",\"keywords\":[\"Futrono\",\"Llif\u00e9n\",\"Regi\u00f3n de Los R\u00edos\",\"UACh,\",\"Valdivia\"],\"articleSection\":[\"Lugar 8\",\"Noticias\"],\"inLanguage\":\"es-CL\",\"potentialAction\":[{\"@type\":\"CommentAction\",\"name\":\"Comment\",\"target\":[\"https:\/\/dev.explora.cl\/rios\/seminarios-talleres-de-herramientas-socioemocionales-en-llifen-y-valdivia-inauguran-el-ano-explora-2022\/#respond\"]}]},{\"@type\":\"WebPage\",\"@id\":\"https:\/\/dev.explora.cl\/rios\/seminarios-talleres-de-herramientas-socioemocionales-en-llifen-y-valdivia-inauguran-el-ano-explora-2022\/\",\"url\":\"https:\/\/dev.explora.cl\/rios\/seminarios-talleres-de-herramientas-socioemocionales-en-llifen-y-valdivia-inauguran-el-ano-explora-2022\/\",\"name\":\"SEMINARIO TALLERES DE \u201cHERRAMIENTAS SOCIOEMOCIONALES\u201d EN LLIF\u00c9N Y VALDIVIA INAUGURAN EL A\u00d1O EXPLORA 2022 - Los R\u00edos\",\"isPartOf\":{\"@id\":\"https:\/\/dev.explora.cl\/rios\/#website\"},\"primaryImageOfPage\":{\"@id\":\"https:\/\/dev.explora.cl\/rios\/seminarios-talleres-de-herramientas-socioemocionales-en-llifen-y-valdivia-inauguran-el-ano-explora-2022\/#primaryimage\"},\"image\":{\"@id\":\"https:\/\/dev.explora.cl\/rios\/seminarios-talleres-de-herramientas-socioemocionales-en-llifen-y-valdivia-inauguran-el-ano-explora-2022\/#primaryimage\"},\"thumbnailUrl\":\"https:\/\/dev.explora.cl\/rios\/wp-content\/uploads\/sites\/16\/2022\/05\/e40b468e-2c77-47c9-a517-3970a78782a8.jpg\",\"datePublished\":\"2022-05-23T20:27:31+00:00\",\"dateModified\":\"2024-11-05T14:49:27+00:00\",\"author\":{\"@id\":\"https:\/\/dev.explora.cl\/rios\/#\/schema\/person\/279896208736d277e75690dde6cc1ea9\"},\"breadcrumb\":{\"@id\":\"https:\/\/dev.explora.cl\/rios\/seminarios-talleres-de-herramientas-socioemocionales-en-llifen-y-valdivia-inauguran-el-ano-explora-2022\/#breadcrumb\"},\"inLanguage\":\"es-CL\",\"potentialAction\":[{\"@type\":\"ReadAction\",\"target\":[\"https:\/\/dev.explora.cl\/rios\/seminarios-talleres-de-herramientas-socioemocionales-en-llifen-y-valdivia-inauguran-el-ano-explora-2022\/\"]}]},{\"@type\":\"ImageObject\",\"inLanguage\":\"es-CL\",\"@id\":\"https:\/\/dev.explora.cl\/rios\/seminarios-talleres-de-herramientas-socioemocionales-en-llifen-y-valdivia-inauguran-el-ano-explora-2022\/#primaryimage\",\"url\":\"https:\/\/dev.explora.cl\/rios\/wp-content\/uploads\/sites\/16\/2022\/05\/e40b468e-2c77-47c9-a517-3970a78782a8.jpg\",\"contentUrl\":\"https:\/\/dev.explora.cl\/rios\/wp-content\/uploads\/sites\/16\/2022\/05\/e40b468e-2c77-47c9-a517-3970a78782a8.jpg\",\"width\":1223,\"height\":917},{\"@type\":\"BreadcrumbList\",\"@id\":\"https:\/\/dev.explora.cl\/rios\/seminarios-talleres-de-herramientas-socioemocionales-en-llifen-y-valdivia-inauguran-el-ano-explora-2022\/#breadcrumb\",\"itemListElement\":[{\"@type\":\"ListItem\",\"position\":1,\"name\":\"Portada\",\"item\":\"https:\/\/dev.explora.cl\/rios\/\"},{\"@type\":\"ListItem\",\"position\":2,\"name\":\"SEMINARIO TALLERES DE \u201cHERRAMIENTAS SOCIOEMOCIONALES\u201d EN LLIF\u00c9N Y VALDIVIA INAUGURAN EL A\u00d1O EXPLORA 2022\"}]},{\"@type\":\"WebSite\",\"@id\":\"https:\/\/dev.explora.cl\/rios\/#website\",\"url\":\"https:\/\/dev.explora.cl\/rios\/\",\"name\":\"Los R\u00edos\",\"description\":\"Otro sitio m\u00e1s de dev.explora.cl\",\"potentialAction\":[{\"@type\":\"SearchAction\",\"target\":{\"@type\":\"EntryPoint\",\"urlTemplate\":\"https:\/\/dev.explora.cl\/rios\/?s={search_term_string}\"},\"query-input\":{\"@type\":\"PropertyValueSpecification\",\"valueRequired\":true,\"valueName\":\"search_term_string\"}}],\"inLanguage\":\"es-CL\"},{\"@type\":\"Person\",\"@id\":\"https:\/\/dev.explora.cl\/rios\/#\/schema\/person\/279896208736d277e75690dde6cc1ea9\",\"name\":\"smancilla\",\"image\":{\"@type\":\"ImageObject\",\"inLanguage\":\"es-CL\",\"@id\":\"https:\/\/dev.explora.cl\/rios\/#\/schema\/person\/image\/\",\"url\":\"https:\/\/secure.gravatar.com\/avatar\/a1c7f8b1dd453e8facadec2bf18354190c777b5556feaaadfa0f6a129ab9b015?s=96&d=mm&r=g\",\"contentUrl\":\"https:\/\/secure.gravatar.com\/avatar\/a1c7f8b1dd453e8facadec2bf18354190c777b5556feaaadfa0f6a129ab9b015?s=96&d=mm&r=g\",\"caption\":\"smancilla\"},\"url\":\"https:\/\/dev.explora.cl\/rios\/author\/smancilla\/\"}]}<\/script>\n<!-- \/ Yoast SEO plugin. -->","yoast_head_json":{"title":"SEMINARIO TALLERES DE \u201cHERRAMIENTAS SOCIOEMOCIONALES\u201d EN LLIF\u00c9N Y VALDIVIA INAUGURAN EL A\u00d1O EXPLORA 2022 - Los R\u00edos","robots":{"index":"index","follow":"follow","max-snippet":"max-snippet:-1","max-image-preview":"max-image-preview:large","max-video-preview":"max-video-preview:-1"},"canonical":"https:\/\/dev.explora.cl\/rios\/seminarios-talleres-de-herramientas-socioemocionales-en-llifen-y-valdivia-inauguran-el-ano-explora-2022\/","og_locale":"es_ES","og_type":"article","og_title":"SEMINARIO TALLERES DE \u201cHERRAMIENTAS SOCIOEMOCIONALES\u201d EN LLIF\u00c9N Y VALDIVIA INAUGURAN EL A\u00d1O EXPLORA 2022 - Los R\u00edos","og_description":"El jueves 19 de mayo se realizaron dos encuentros presenciales para celebrar el inicio del a\u00f1o oficial del Proyecto Explora Los R\u00edos. Para ello se realiz\u00f3 el taller \u201cherramientas socioemocionales para tiempos de cambio\u201d recibido positivamente por escolares del Instituto T\u00e9cnico Profesional Llif\u00e9n y docentes en Valdivia.\u00a0","og_url":"https:\/\/dev.explora.cl\/rios\/seminarios-talleres-de-herramientas-socioemocionales-en-llifen-y-valdivia-inauguran-el-ano-explora-2022\/","og_site_name":"Los R\u00edos","article_published_time":"2022-05-23T20:27:31+00:00","article_modified_time":"2024-11-05T14:49:27+00:00","og_image":[{"width":1223,"height":917,"url":"https:\/\/dev.explora.cl\/rios\/wp-content\/uploads\/sites\/16\/2022\/05\/e40b468e-2c77-47c9-a517-3970a78782a8.jpg","type":"image\/jpeg"}],"author":"smancilla","twitter_card":"summary_large_image","twitter_misc":{"Escrito por":"smancilla","Tiempo estimado de lectura":"4 minutos"},"schema":{"@context":"https:\/\/schema.org","@graph":[{"@type":"Article","@id":"https:\/\/dev.explora.cl\/rios\/seminarios-talleres-de-herramientas-socioemocionales-en-llifen-y-valdivia-inauguran-el-ano-explora-2022\/#article","isPartOf":{"@id":"https:\/\/dev.explora.cl\/rios\/seminarios-talleres-de-herramientas-socioemocionales-en-llifen-y-valdivia-inauguran-el-ano-explora-2022\/"},"author":{"name":"smancilla","@id":"https:\/\/dev.explora.cl\/rios\/#\/schema\/person\/279896208736d277e75690dde6cc1ea9"},"headline":"SEMINARIO TALLERES DE \u201cHERRAMIENTAS SOCIOEMOCIONALES\u201d EN LLIF\u00c9N Y VALDIVIA INAUGURAN EL A\u00d1O EXPLORA 2022","datePublished":"2022-05-23T20:27:31+00:00","dateModified":"2024-11-05T14:49:27+00:00","mainEntityOfPage":{"@id":"https:\/\/dev.explora.cl\/rios\/seminarios-talleres-de-herramientas-socioemocionales-en-llifen-y-valdivia-inauguran-el-ano-explora-2022\/"},"wordCount":847,"commentCount":0,"image":{"@id":"https:\/\/dev.explora.cl\/rios\/seminarios-talleres-de-herramientas-socioemocionales-en-llifen-y-valdivia-inauguran-el-ano-explora-2022\/#primaryimage"},"thumbnailUrl":"https:\/\/dev.explora.cl\/rios\/wp-content\/uploads\/sites\/16\/2022\/05\/e40b468e-2c77-47c9-a517-3970a78782a8.jpg","keywords":["Futrono","Llif\u00e9n","Regi\u00f3n de Los R\u00edos","UACh,","Valdivia"],"articleSection":["Lugar 8","Noticias"],"inLanguage":"es-CL","potentialAction":[{"@type":"CommentAction","name":"Comment","target":["https:\/\/dev.explora.cl\/rios\/seminarios-talleres-de-herramientas-socioemocionales-en-llifen-y-valdivia-inauguran-el-ano-explora-2022\/#respond"]}]},{"@type":"WebPage","@id":"https:\/\/dev.explora.cl\/rios\/seminarios-talleres-de-herramientas-socioemocionales-en-llifen-y-valdivia-inauguran-el-ano-explora-2022\/","url":"https:\/\/dev.explora.cl\/rios\/seminarios-talleres-de-herramientas-socioemocionales-en-llifen-y-valdivia-inauguran-el-ano-explora-2022\/","name":"SEMINARIO TALLERES DE \u201cHERRAMIENTAS SOCIOEMOCIONALES\u201d EN LLIF\u00c9N Y VALDIVIA INAUGURAN EL A\u00d1O EXPLORA 2022 - Los R\u00edos","isPartOf":{"@id":"https:\/\/dev.explora.cl\/rios\/#website"},"primaryImageOfPage":{"@id":"https:\/\/dev.explora.cl\/rios\/seminarios-talleres-de-herramientas-socioemocionales-en-llifen-y-valdivia-inauguran-el-ano-explora-2022\/#primaryimage"},"image":{"@id":"https:\/\/dev.explora.cl\/rios\/seminarios-talleres-de-herramientas-socioemocionales-en-llifen-y-valdivia-inauguran-el-ano-explora-2022\/#primaryimage"},"thumbnailUrl":"https:\/\/dev.explora.cl\/rios\/wp-content\/uploads\/sites\/16\/2022\/05\/e40b468e-2c77-47c9-a517-3970a78782a8.jpg","datePublished":"2022-05-23T20:27:31+00:00","dateModified":"2024-11-05T14:49:27+00:00","author":{"@id":"https:\/\/dev.explora.cl\/rios\/#\/schema\/person\/279896208736d277e75690dde6cc1ea9"},"breadcrumb":{"@id":"https:\/\/dev.explora.cl\/rios\/seminarios-talleres-de-herramientas-socioemocionales-en-llifen-y-valdivia-inauguran-el-ano-explora-2022\/#breadcrumb"},"inLanguage":"es-CL","potentialAction":[{"@type":"ReadAction","target":["https:\/\/dev.explora.cl\/rios\/seminarios-talleres-de-herramientas-socioemocionales-en-llifen-y-valdivia-inauguran-el-ano-explora-2022\/"]}]},{"@type":"ImageObject","inLanguage":"es-CL","@id":"https:\/\/dev.explora.cl\/rios\/seminarios-talleres-de-herramientas-socioemocionales-en-llifen-y-valdivia-inauguran-el-ano-explora-2022\/#primaryimage","url":"https:\/\/dev.explora.cl\/rios\/wp-content\/uploads\/sites\/16\/2022\/05\/e40b468e-2c77-47c9-a517-3970a78782a8.jpg","contentUrl":"https:\/\/dev.explora.cl\/rios\/wp-content\/uploads\/sites\/16\/2022\/05\/e40b468e-2c77-47c9-a517-3970a78782a8.jpg","width":1223,"height":917},{"@type":"BreadcrumbList","@id":"https:\/\/dev.explora.cl\/rios\/seminarios-talleres-de-herramientas-socioemocionales-en-llifen-y-valdivia-inauguran-el-ano-explora-2022\/#breadcrumb","itemListElement":[{"@type":"ListItem","position":1,"name":"Portada","item":"https:\/\/dev.explora.cl\/rios\/"},{"@type":"ListItem","position":2,"name":"SEMINARIO TALLERES DE \u201cHERRAMIENTAS SOCIOEMOCIONALES\u201d EN LLIF\u00c9N Y VALDIVIA INAUGURAN EL A\u00d1O EXPLORA 2022"}]},{"@type":"WebSite","@id":"https:\/\/dev.explora.cl\/rios\/#website","url":"https:\/\/dev.explora.cl\/rios\/","name":"Los R\u00edos","description":"Otro sitio m\u00e1s de dev.explora.cl","potentialAction":[{"@type":"SearchAction","target":{"@type":"EntryPoint","urlTemplate":"https:\/\/dev.explora.cl\/rios\/?s={search_term_string}"},"query-input":{"@type":"PropertyValueSpecification","valueRequired":true,"valueName":"search_term_string"}}],"inLanguage":"es-CL"},{"@type":"Person","@id":"https:\/\/dev.explora.cl\/rios\/#\/schema\/person\/279896208736d277e75690dde6cc1ea9","name":"smancilla","image":{"@type":"ImageObject","inLanguage":"es-CL","@id":"https:\/\/dev.explora.cl\/rios\/#\/schema\/person\/image\/","url":"https:\/\/secure.gravatar.com\/avatar\/a1c7f8b1dd453e8facadec2bf18354190c777b5556feaaadfa0f6a129ab9b015?s=96&d=mm&r=g","contentUrl":"https:\/\/secure.gravatar.com\/avatar\/a1c7f8b1dd453e8facadec2bf18354190c777b5556feaaadfa0f6a129ab9b015?s=96&d=mm&r=g","caption":"smancilla"},"url":"https:\/\/dev.explora.cl\/rios\/author\/smancilla\/"}]}},"_links":{"self":[{"href":"https:\/\/dev.explora.cl\/rios\/wp-json\/wp\/v2\/posts\/40915","targetHints":{"allow":["GET"]}}],"collection":[{"href":"https:\/\/dev.explora.cl\/rios\/wp-json\/wp\/v2\/posts"}],"about":[{"href":"https:\/\/dev.explora.cl\/rios\/wp-json\/wp\/v2\/types\/post"}],"author":[{"embeddable":true,"href":"https:\/\/dev.explora.cl\/rios\/wp-json\/wp\/v2\/users\/31"}],"replies":[{"embeddable":true,"href":"https:\/\/dev.explora.cl\/rios\/wp-json\/wp\/v2\/comments?post=40915"}],"version-history":[{"count":20,"href":"https:\/\/dev.explora.cl\/rios\/wp-json\/wp\/v2\/posts\/40915\/revisions"}],"predecessor-version":[{"id":43632,"href":"https:\/\/dev.explora.cl\/rios\/wp-json\/wp\/v2\/posts\/40915\/revisions\/43632"}],"wp:featuredmedia":[{"embeddable":true,"href":"https:\/\/dev.explora.cl\/rios\/wp-json\/wp\/v2\/media\/40917"}],"wp:attachment":[{"href":"https:\/\/dev.explora.cl\/rios\/wp-json\/wp\/v2\/media?parent=40915"}],"wp:term":[{"taxonomy":"category","embeddable":true,"href":"https:\/\/dev.explora.cl\/rios\/wp-json\/wp\/v2\/categories?post=40915"},{"taxonomy":"post_tag","embeddable":true,"href":"https:\/\/dev.explora.cl\/rios\/wp-json\/wp\/v2\/tags?post=40915"}],"curies":[{"name":"wp","href":"https:\/\/api.w.org\/{rel}","templated":true}]}}