{"id":40586,"date":"2022-01-17T11:43:53","date_gmt":"2022-01-17T14:43:53","guid":{"rendered":"https:\/\/dev.explora.cl\/rios\/?p=40586"},"modified":"2022-06-10T20:42:02","modified_gmt":"2022-06-11T00:42:02","slug":"docentes-de-los-rios-participaron-de-una-semana-de-capacitaciones-en-el-campamento-explora-va","status":"publish","type":"post","link":"https:\/\/dev.explora.cl\/rios\/docentes-de-los-rios-participaron-de-una-semana-de-capacitaciones-en-el-campamento-explora-va\/","title":{"rendered":"Docentes de Los R\u00edos participaron de una semana de capacitaciones en el Campamento Explora VA!"},"content":{"rendered":"<p>[vc_row][vc_column][vc_row_inner][vc_column_inner][vc_custom_heading text=&#8221;El Campamento para Profes Explora VA! reuni\u00f3 a profesionales de la educaci\u00f3n en torno a las potencialidades del trabajo en investigaci\u00f3n junto a sus estudiantes y generar redes de apoyo junto a docentes de toda la Regi\u00f3n de Los R\u00edos.&#8221; font_container=&#8221;tag:h3|text_align:left&#8221;][\/vc_column_inner][\/vc_row_inner][vc_column_text]<\/p>\n<p align=\"justify\"><span style=\"font-family: Times New Roman, serif\"><span style=\"font-size: large\">Con la presentaci\u00f3n de sus trabajos finales, los y las campistas virtuales del Campamento Explora VA! de La Regi\u00f3n de Los R\u00edos <\/span><\/span><span style=\"font-family: Times New Roman, serif\"><span style=\"font-size: large\"><b>cerraron una semana de capacitaciones a distancia<\/b><\/span><\/span><span style=\"font-family: Times New Roman, serif\"><span style=\"font-size: large\">. Entre el 10 y 14 de enero se desarroll\u00f3 la iniciativa que busc\u00f3 entregar herramientas pedag\u00f3gicas para la investigaci\u00f3n cient\u00edfica escolar y generar la colaboraci\u00f3n entre docentes de la regi\u00f3n. La iniciativa es impulsada por el Proyecto Explora Los R\u00edos del Ministerio de la Ciencia, Tecnolog\u00eda, Conocimiento e Innovaci\u00f3n y ejecutado por la Universidad Austral de Chile.<\/span><\/span><\/p>\n<p align=\"justify\"><span style=\"font-family: Times New Roman, serif\"><span style=\"font-size: large\"><b>Participaron 25 profesionales de la educaci\u00f3n <\/b><\/span><\/span><span style=\"font-family: Times New Roman, serif\"><span style=\"font-size: large\">provenientes de <\/span><\/span><span style=\"font-family: Times New Roman, serif\"><span style=\"font-size: large\"><b>R\u00edo Bueno, M\u00e1fil, La Uni\u00f3n, Lanco, Paillaco, Futrono, Lago Ranco y Valdivia<\/b><\/span><\/span><span style=\"font-family: Times New Roman, serif\"><span style=\"font-size: large\">, quienes el \u00faltimo d\u00eda de campamento recorrieron virtualmente las propuestas sobre investigaci\u00f3n cient\u00edfica presentadas por sus colegas en las \u00e1reas de Artes y Humanidades, Ciencias Sociales y Ciencias Naturales. <\/span><\/span><\/p>\n<p align=\"justify\"><span style=\"font-family: Times New Roman, serif\"><span style=\"font-size: large\">Gracias a los kits de materiales que recibieron para diversas actividades pedag\u00f3gicas conocieron el Ciclo de Indagaci\u00f3n, t\u00e9cnica basada en el M\u00e9todo Cient\u00edfico, con la fabricaci\u00f3n de filtros de agua, crearon cartograf\u00edas y se expresaron mediante la escultura. Estas experiencias buscaron incentivar la experimentaci\u00f3n desde una perspectiva educativa y, a su vez, como lo har\u00edan sus estudiantes en el aula o desde sus casas a distancia. Ese fue el punto de partida para que equipos de participantes inventen ideas de investigaci\u00f3n que sean realizables juntos con sus estudiantes.<\/span><\/span><\/p>\n<p align=\"justify\"><span style=\"font-family: Times New Roman, serif\"><span style=\"font-size: large\">Entre ellos, \u201c<\/span><\/span><span style=\"font-family: Times New Roman, serif\"><span style=\"font-size: large\"><i>Trayectoria del Arte<\/i><\/span><\/span><span style=\"font-family: Times New Roman, serif\"><span style=\"font-size: large\">\u201d fue una de las ideas de proyecto de investigaci\u00f3n presentados que tuvo por objetivo identificar las trayectorias art\u00edsticas de las educadoras y profesores para analizar la influencia en su actual relaci\u00f3n con el arte. Aplicando los conocimientos adquiridos, efectuaron la recolecci\u00f3n de datos por medio de la creaci\u00f3n de cartograf\u00edas visuales. As\u00ed dieron lugar a reflexiones y proyecciones colectivas considerando el escenario en aula para replicar la did\u00e1ctica actividad. <\/span><\/span><\/p>\n<p align=\"justify\"><span style=\"font-family: Times New Roman, serif\"><span style=\"font-size: large\"><b>Sandra Fray, educadora de p\u00e1rvulos en el Instituto Inmaculada Concepci\u00f3n <\/b><\/span><\/span><span style=\"font-family: Times New Roman, serif\"><span style=\"font-size: large\">de Valdivia<\/span><\/span><span style=\"font-family: Times New Roman, serif\"><span style=\"font-size: large\"><b>,<\/b><\/span><\/span><span style=\"font-family: Times New Roman, serif\"><span style=\"font-size: large\"> parte del equipo de dicho trabajo presentado el \u00faltimo d\u00eda de campamento,<\/span><\/span><b> <\/b><span style=\"font-family: Times New Roman, serif\"><span style=\"font-size: large\">destac\u00f3 la importancia de todo lo aprendido y ejecutado para \u201c<\/span><\/span><span style=\"font-family: Times New Roman, serif\"><span style=\"font-size: large\"><b>mejorar la pr\u00e1ctica pedag\u00f3gica<\/b><\/span><\/span><span style=\"font-family: Times New Roman, serif\"><span style=\"font-size: large\">\u201d individual as\u00ed como colectivamente.<\/span><\/span><\/p>\n<audio class=\"wp-audio-shortcode\" id=\"audio-40586-1\" preload=\"none\" style=\"width: 100%;\" controls=\"controls\"><source type=\"audio\/mpeg\" src=\"https:\/\/dev.explora.cl\/rios\/wp-content\/uploads\/sites\/16\/2022\/01\/Campista-Sandra-Fry.mp3?_=1\" \/><a href=\"https:\/\/dev.explora.cl\/rios\/wp-content\/uploads\/sites\/16\/2022\/01\/Campista-Sandra-Fry.mp3\">https:\/\/dev.explora.cl\/rios\/wp-content\/uploads\/sites\/16\/2022\/01\/Campista-Sandra-Fry.mp3<\/a><\/audio>\n<p align=\"justify\"><span style=\"font-family: Times New Roman, serif\"><span style=\"font-size: large\"><b>EXPERIENCIA<\/b><\/span><\/span><\/p>\n<p align=\"justify\"><span style=\"font-family: Times New Roman, serif\"><span style=\"font-size: large\"><b>Camila Tejo Haristoy, <\/b><\/span><\/span><span style=\"font-family: Times New Roman, serif\"><span style=\"font-size: large\">directora del Proyecto Explora Los R\u00edos, se refiri\u00f3 a las competencias cient\u00edficas, de conocimiento e innovaci\u00f3n que esto provee a educadoras de p\u00e1rvulos y docentes de la Regi\u00f3n de Los R\u00edos para aplicar en el aula. <\/span><\/span><span style=\"font-family: Times New Roman, serif\"><span style=\"font-size: large\"><b>\u201cTuvimos una semana llena de experiencias, con profes s\u00faper motivados y un programa cargado de actividades, tareas y desaf\u00edos grupales. En estos d\u00edas hemos podido apreciar la proactividad y compromiso de profesores y profesoras, pensando en que tomaron d\u00edas de sus vacaciones para perfeccionarse. La labor que llevan a cabo nos anima a\u00fan m\u00e1s a potenciar sus habilidades y facilitar todo desde nuestra parte para entregar iniciativas al servicio de la labor docente\u201d <\/b><\/span><\/span><span style=\"font-family: Times New Roman, serif\"><span style=\"font-size: large\">indic\u00f3. <\/span><\/span><\/p>\n<p align=\"justify\"><span style=\"font-family: Times New Roman, serif\"><span style=\"font-size: large\">Adem\u00e1s, recalc\u00f3 que uno de los motivantes de este Campamento Virtual, crear redes de colaboraci\u00f3n entre profesionales de la educaci\u00f3n, encontr\u00f3 muy buena acogida a trav\u00e9s de los encuentros y trabajos grupales en l\u00ednea. Al mismo tiempo, se\u00f1al\u00f3 el desaf\u00edo e innovaci\u00f3n en \u201c(&#8230;) <\/span><\/span><span style=\"font-family: Times New Roman, serif\"><span style=\"font-size: large\"><b>trabajar la investigaci\u00f3n desde tres miradas<\/b><\/span><\/span><span style=\"font-family: Times New Roman, serif\"><span style=\"font-size: large\">\u201d ya que se asocia com\u00fanmente a <\/span><\/span><span style=\"font-family: Times New Roman, serif\"><span style=\"font-size: large\"><i>Ciencias Naturales<\/i><\/span><\/span><span style=\"font-family: Times New Roman, serif\"><span style=\"font-size: large\">, a lo que se sum\u00f3 <\/span><\/span><span style=\"font-family: Times New Roman, serif\"><span style=\"font-size: large\"><i>Ciencias Sociales<\/i><\/span><\/span><span style=\"font-family: Times New Roman, serif\"><span style=\"font-size: large\"> y <\/span><\/span><span style=\"font-family: Times New Roman, serif\"><span style=\"font-size: large\"><i>Artes &amp; Humanidades<\/i><\/span><\/span><span style=\"font-family: Times New Roman, serif\"><span style=\"font-size: large\">. Siendo parte importante de \u201c<\/span><\/span><span style=\"font-family: Times New Roman, serif\"><span style=\"font-size: large\"><b>uno de los objetivos que quer\u00edamos trabajar y la recepci\u00f3n de los profes fue fant\u00e1stica<\/b><\/span><\/span><span style=\"font-family: Times New Roman, serif\"><span style=\"font-size: large\">\u201d destac\u00f3 la directora del Proyecto Explora Los R\u00edos.<\/span><\/span><\/p>\n<audio class=\"wp-audio-shortcode\" id=\"audio-40586-2\" preload=\"none\" style=\"width: 100%;\" controls=\"controls\"><source type=\"audio\/mpeg\" src=\"https:\/\/dev.explora.cl\/rios\/wp-content\/uploads\/sites\/16\/2022\/01\/Directora-Explora-Los-Rios-Camila-Tejo.mp3?_=2\" \/><a href=\"https:\/\/dev.explora.cl\/rios\/wp-content\/uploads\/sites\/16\/2022\/01\/Directora-Explora-Los-Rios-Camila-Tejo.mp3\">https:\/\/dev.explora.cl\/rios\/wp-content\/uploads\/sites\/16\/2022\/01\/Directora-Explora-Los-Rios-Camila-Tejo.mp3<\/a><\/audio>\n<p align=\"justify\"><span style=\"font-family: Times New Roman, serif\"><span style=\"font-size: large\">El \u00e1rea de<\/span><\/span> <span style=\"font-family: Times New Roman, serif\"><span style=\"font-size: large\"><i>Artes &amp; Humanidades<\/i><\/span><\/span><span style=\"font-family: Times New Roman, serif\"><span style=\"font-size: large\"> estuvo a cargo de <\/span><\/span><span style=\"font-family: Times New Roman, serif\"><span style=\"font-size: large\"><b>Patricia Figueroa<\/b><\/span><\/span><span style=\"font-family: Times New Roman, serif\"><span style=\"font-size: large\">, docente de Artes Pl\u00e1sticas, M\u00e1ster en Artes Visuales y Educaci\u00f3n de la Universidad de Barcelona, Espa\u00f1a. <\/span><\/span><span style=\"font-family: Times New Roman, serif\"><span style=\"font-size: large\"><i>Ciencias Sociales <\/i><\/span><\/span><span style=\"font-family: Times New Roman, serif\"><span style=\"font-size: large\">bajo la tutela del profesor <\/span><\/span><span style=\"font-family: Times New Roman, serif\"><span style=\"font-size: large\"><b>Yerko Monje<\/b><\/span><\/span><span style=\"font-family: Times New Roman, serif\"><span style=\"font-size: large\">, Director de la Escuela de Historia y Ciencias Sociales de la Universidad Austral de Chile, Licenciado en Historia y mag\u00edster en Historia del Tiempo Presente, y, finalmente, el \u00e1rea de <\/span><\/span><span style=\"font-family: Times New Roman, serif\"><span style=\"font-size: large\"><i>Ciencias Naturales<\/i><\/span><\/span><span style=\"font-family: Times New Roman, serif\"><span style=\"font-size: large\"> con <\/span><\/span><span style=\"font-family: Times New Roman, serif\"><span style=\"font-size: large\"><b>Wara Marcelo<\/b><\/span><\/span><span style=\"font-family: Times New Roman, serif\"><span style=\"font-size: large\">, profesional con 17 a\u00f1os de experiencia en elaboraci\u00f3n y ejecuci\u00f3n de proyectos con talleres relacionados a tem\u00e1ticas cient\u00edficas ambientales.<\/span><\/span><\/p>\n<p align=\"justify\"><span style=\"font-family: Times New Roman, serif\"><span style=\"font-size: large\">El Campamento Explora Va! para Profes 2022 tambi\u00e9n cont\u00f3 con relator\u00edas bajo la tutela de <\/span><\/span><span style=\"font-family: Times New Roman, serif\"><span style=\"font-size: large\"><b>Jimena Besoain<\/b><\/span><\/span><span style=\"font-family: Times New Roman, serif\"><span style=\"font-size: large\">, asistente social y coach ontol\u00f3gico, sobre autocuidado en el aula para docentes, educadores y estudiantes. <\/span><\/span><span style=\"font-family: Times New Roman, serif\"><span style=\"font-size: large\"><b>Claudia Guti\u00e9rrez, educadora en el Liceo N\u00b0 1 de Valdivia<\/b><\/span><\/span><span style=\"font-family: Times New Roman, serif\"><span style=\"font-size: large\">, se\u00f1al\u00f3 la importancia de aprender sobre herramientas de cuidado emocional y psicol\u00f3gico como nuevas estrateg\u00edas pedag\u00f3gicas. \u201cPrimero somos personas, es primordial cuidarnos y aprender nuevas estrategias de autocuidado y de reconocer las ventajas que tenemos como comunidades educativas\u201d reflexion\u00f3.<\/span><\/span><\/p>\n<audio class=\"wp-audio-shortcode\" id=\"audio-40586-3\" preload=\"none\" style=\"width: 100%;\" controls=\"controls\"><source type=\"audio\/mpeg\" src=\"https:\/\/dev.explora.cl\/rios\/wp-content\/uploads\/sites\/16\/2022\/01\/Campista-Claudia-Gutierrez.mp3?_=3\" \/><a href=\"https:\/\/dev.explora.cl\/rios\/wp-content\/uploads\/sites\/16\/2022\/01\/Campista-Claudia-Gutierrez.mp3\">https:\/\/dev.explora.cl\/rios\/wp-content\/uploads\/sites\/16\/2022\/01\/Campista-Claudia-Gutierrez.mp3<\/a><\/audio>\n<p align=\"justify\"><span style=\"font-family: Times New Roman, serif\"><span style=\"font-size: large\">Cabe destacar que en marzo pr\u00f3ximo el grupo de campistas virtuales dejar\u00e1 de serlo ya que podr\u00e1n asistir a un encuentro presencial, que ser\u00e1 desarrollado acorde a las medidas sanitarias estipuladas por los organismos sanitarios de nuestro pa\u00eds. As\u00ed contin\u00faan integr\u00e1ndose a eventos que buscan potenciar la ciencia en las aulas de la Regi\u00f3n de Los R\u00edos. <\/span><\/span><\/p>\n<p>[\/vc_column_text][vc_gallery type=&#8221;image_grid&#8221; images=&#8221;40593,40594,40595,40596,40597,40598,40585&#8243; css=&#8221;.vc_custom_1642430774040{margin: 5px !important;}&#8221;][\/vc_column][\/vc_row][vc_row css=&#8221;.vc_custom_1614888019520{border-top-width: 1px !important;border-top-color: #b6b6b6 !important;border-top-style: solid !important;}&#8221;][vc_column][vc_column_text]<\/p>\n<p style=\"text-align: center;font-size: 0.9em;color: #b6b6b6\"><a href=\"https:\/\/dev.explora.cl\/rios\/protocolo\">Revisa nuestro Protocolo para Trabajo con Ni\u00f1os, Ni\u00f1as y Adolescentes<\/a><\/p>\n<p>[\/vc_column_text][\/vc_column][\/vc_row]<\/p>\n","protected":false},"excerpt":{"rendered":"<p>El Campamento para Profes Explora VA! reuni\u00f3 a profesionales de la educaci\u00f3n en torno a las potencialidades del trabajo en investigaci\u00f3n junto a sus estudiantes y generar redes de apoyo junto a docentes de toda la Regi\u00f3n de Los R\u00edos.<\/p>\n","protected":false},"author":31,"featured_media":40591,"comment_status":"open","ping_status":"open","sticky":false,"template":"","format":"standard","meta":{"_acf_changed":false,"_exactmetrics_skip_tracking":false,"_exactmetrics_sitenote_active":false,"_exactmetrics_sitenote_note":"","_exactmetrics_sitenote_category":0,"footnotes":"","_links_to":"","_links_to_target":""},"categories":[143,4],"tags":[297,301,353],"class_list":["post-40586","post","type-post","status-publish","format-standard","has-post-thumbnail","hentry","category-lugar-8","category-noticias","tag-campamento","tag-campamento-explora-va","tag-capacitacion-docente"],"acf":[],"yoast_head":"<!-- This site is optimized with the Yoast SEO plugin v26.7 - https:\/\/yoast.com\/wordpress\/plugins\/seo\/ -->\n<title>Docentes de Los R\u00edos participaron de una semana de capacitaciones en el Campamento Explora VA! - Los R\u00edos<\/title>\n<meta name=\"robots\" content=\"index, follow, max-snippet:-1, max-image-preview:large, max-video-preview:-1\" \/>\n<link rel=\"canonical\" href=\"https:\/\/dev.explora.cl\/rios\/docentes-de-los-rios-participaron-de-una-semana-de-capacitaciones-en-el-campamento-explora-va\/\" class=\"yoast-seo-meta-tag\" \/>\n<meta property=\"og:locale\" content=\"es_ES\" class=\"yoast-seo-meta-tag\" \/>\n<meta property=\"og:type\" content=\"article\" class=\"yoast-seo-meta-tag\" \/>\n<meta property=\"og:title\" content=\"Docentes de Los R\u00edos participaron de una semana de capacitaciones en el Campamento Explora VA! - Los R\u00edos\" class=\"yoast-seo-meta-tag\" \/>\n<meta property=\"og:description\" content=\"El Campamento para Profes Explora VA! reuni\u00f3 a profesionales de la educaci\u00f3n en torno a las potencialidades del trabajo en investigaci\u00f3n junto a sus estudiantes y generar redes de apoyo junto a docentes de toda la Regi\u00f3n de Los R\u00edos.\" class=\"yoast-seo-meta-tag\" \/>\n<meta property=\"og:url\" content=\"https:\/\/dev.explora.cl\/rios\/docentes-de-los-rios-participaron-de-una-semana-de-capacitaciones-en-el-campamento-explora-va\/\" class=\"yoast-seo-meta-tag\" \/>\n<meta property=\"og:site_name\" content=\"Los R\u00edos\" class=\"yoast-seo-meta-tag\" \/>\n<meta property=\"article:published_time\" content=\"2022-01-17T14:43:53+00:00\" class=\"yoast-seo-meta-tag\" \/>\n<meta property=\"article:modified_time\" content=\"2022-06-11T00:42:02+00:00\" class=\"yoast-seo-meta-tag\" \/>\n<meta property=\"og:image\" content=\"https:\/\/dev.explora.cl\/rios\/wp-content\/uploads\/sites\/16\/2022\/01\/foto-final.jpg\" class=\"yoast-seo-meta-tag\" \/>\n\t<meta property=\"og:image:width\" content=\"984\" class=\"yoast-seo-meta-tag\" \/>\n\t<meta property=\"og:image:height\" content=\"579\" class=\"yoast-seo-meta-tag\" \/>\n\t<meta property=\"og:image:type\" content=\"image\/jpeg\" class=\"yoast-seo-meta-tag\" \/>\n<meta name=\"author\" content=\"smancilla\" class=\"yoast-seo-meta-tag\" \/>\n<meta name=\"twitter:card\" content=\"summary_large_image\" class=\"yoast-seo-meta-tag\" \/>\n<meta name=\"twitter:label1\" content=\"Escrito por\" class=\"yoast-seo-meta-tag\" \/>\n\t<meta name=\"twitter:data1\" content=\"smancilla\" class=\"yoast-seo-meta-tag\" \/>\n\t<meta name=\"twitter:label2\" content=\"Tiempo estimado de lectura\" class=\"yoast-seo-meta-tag\" \/>\n\t<meta name=\"twitter:data2\" content=\"5 minutos\" class=\"yoast-seo-meta-tag\" \/>\n<script type=\"application\/ld+json\" class=\"yoast-schema-graph\">{\"@context\":\"https:\/\/schema.org\",\"@graph\":[{\"@type\":\"Article\",\"@id\":\"https:\/\/dev.explora.cl\/rios\/docentes-de-los-rios-participaron-de-una-semana-de-capacitaciones-en-el-campamento-explora-va\/#article\",\"isPartOf\":{\"@id\":\"https:\/\/dev.explora.cl\/rios\/docentes-de-los-rios-participaron-de-una-semana-de-capacitaciones-en-el-campamento-explora-va\/\"},\"author\":{\"name\":\"smancilla\",\"@id\":\"https:\/\/dev.explora.cl\/rios\/#\/schema\/person\/279896208736d277e75690dde6cc1ea9\"},\"headline\":\"Docentes de Los R\u00edos participaron de una semana de capacitaciones en el Campamento Explora VA!\",\"datePublished\":\"2022-01-17T14:43:53+00:00\",\"dateModified\":\"2022-06-11T00:42:02+00:00\",\"mainEntityOfPage\":{\"@id\":\"https:\/\/dev.explora.cl\/rios\/docentes-de-los-rios-participaron-de-una-semana-de-capacitaciones-en-el-campamento-explora-va\/\"},\"wordCount\":1050,\"commentCount\":0,\"image\":{\"@id\":\"https:\/\/dev.explora.cl\/rios\/docentes-de-los-rios-participaron-de-una-semana-de-capacitaciones-en-el-campamento-explora-va\/#primaryimage\"},\"thumbnailUrl\":\"https:\/\/dev.explora.cl\/rios\/wp-content\/uploads\/sites\/16\/2022\/01\/foto-final.jpg\",\"keywords\":[\"campamento\",\"Campamento Explora VA!\",\"capacitaci\u00f3n docente\"],\"articleSection\":[\"Lugar 8\",\"Noticias\"],\"inLanguage\":\"es-CL\",\"potentialAction\":[{\"@type\":\"CommentAction\",\"name\":\"Comment\",\"target\":[\"https:\/\/dev.explora.cl\/rios\/docentes-de-los-rios-participaron-de-una-semana-de-capacitaciones-en-el-campamento-explora-va\/#respond\"]}]},{\"@type\":\"WebPage\",\"@id\":\"https:\/\/dev.explora.cl\/rios\/docentes-de-los-rios-participaron-de-una-semana-de-capacitaciones-en-el-campamento-explora-va\/\",\"url\":\"https:\/\/dev.explora.cl\/rios\/docentes-de-los-rios-participaron-de-una-semana-de-capacitaciones-en-el-campamento-explora-va\/\",\"name\":\"Docentes de Los R\u00edos participaron de una semana de capacitaciones en el Campamento Explora VA! - Los R\u00edos\",\"isPartOf\":{\"@id\":\"https:\/\/dev.explora.cl\/rios\/#website\"},\"primaryImageOfPage\":{\"@id\":\"https:\/\/dev.explora.cl\/rios\/docentes-de-los-rios-participaron-de-una-semana-de-capacitaciones-en-el-campamento-explora-va\/#primaryimage\"},\"image\":{\"@id\":\"https:\/\/dev.explora.cl\/rios\/docentes-de-los-rios-participaron-de-una-semana-de-capacitaciones-en-el-campamento-explora-va\/#primaryimage\"},\"thumbnailUrl\":\"https:\/\/dev.explora.cl\/rios\/wp-content\/uploads\/sites\/16\/2022\/01\/foto-final.jpg\",\"datePublished\":\"2022-01-17T14:43:53+00:00\",\"dateModified\":\"2022-06-11T00:42:02+00:00\",\"author\":{\"@id\":\"https:\/\/dev.explora.cl\/rios\/#\/schema\/person\/279896208736d277e75690dde6cc1ea9\"},\"breadcrumb\":{\"@id\":\"https:\/\/dev.explora.cl\/rios\/docentes-de-los-rios-participaron-de-una-semana-de-capacitaciones-en-el-campamento-explora-va\/#breadcrumb\"},\"inLanguage\":\"es-CL\",\"potentialAction\":[{\"@type\":\"ReadAction\",\"target\":[\"https:\/\/dev.explora.cl\/rios\/docentes-de-los-rios-participaron-de-una-semana-de-capacitaciones-en-el-campamento-explora-va\/\"]}]},{\"@type\":\"ImageObject\",\"inLanguage\":\"es-CL\",\"@id\":\"https:\/\/dev.explora.cl\/rios\/docentes-de-los-rios-participaron-de-una-semana-de-capacitaciones-en-el-campamento-explora-va\/#primaryimage\",\"url\":\"https:\/\/dev.explora.cl\/rios\/wp-content\/uploads\/sites\/16\/2022\/01\/foto-final.jpg\",\"contentUrl\":\"https:\/\/dev.explora.cl\/rios\/wp-content\/uploads\/sites\/16\/2022\/01\/foto-final.jpg\",\"width\":984,\"height\":579},{\"@type\":\"BreadcrumbList\",\"@id\":\"https:\/\/dev.explora.cl\/rios\/docentes-de-los-rios-participaron-de-una-semana-de-capacitaciones-en-el-campamento-explora-va\/#breadcrumb\",\"itemListElement\":[{\"@type\":\"ListItem\",\"position\":1,\"name\":\"Portada\",\"item\":\"https:\/\/dev.explora.cl\/rios\/\"},{\"@type\":\"ListItem\",\"position\":2,\"name\":\"Docentes de Los R\u00edos participaron de una semana de capacitaciones en el Campamento Explora VA!\"}]},{\"@type\":\"WebSite\",\"@id\":\"https:\/\/dev.explora.cl\/rios\/#website\",\"url\":\"https:\/\/dev.explora.cl\/rios\/\",\"name\":\"Los R\u00edos\",\"description\":\"Otro sitio m\u00e1s de dev.explora.cl\",\"potentialAction\":[{\"@type\":\"SearchAction\",\"target\":{\"@type\":\"EntryPoint\",\"urlTemplate\":\"https:\/\/dev.explora.cl\/rios\/?s={search_term_string}\"},\"query-input\":{\"@type\":\"PropertyValueSpecification\",\"valueRequired\":true,\"valueName\":\"search_term_string\"}}],\"inLanguage\":\"es-CL\"},{\"@type\":\"Person\",\"@id\":\"https:\/\/dev.explora.cl\/rios\/#\/schema\/person\/279896208736d277e75690dde6cc1ea9\",\"name\":\"smancilla\",\"image\":{\"@type\":\"ImageObject\",\"inLanguage\":\"es-CL\",\"@id\":\"https:\/\/dev.explora.cl\/rios\/#\/schema\/person\/image\/\",\"url\":\"https:\/\/secure.gravatar.com\/avatar\/a1c7f8b1dd453e8facadec2bf18354190c777b5556feaaadfa0f6a129ab9b015?s=96&d=mm&r=g\",\"contentUrl\":\"https:\/\/secure.gravatar.com\/avatar\/a1c7f8b1dd453e8facadec2bf18354190c777b5556feaaadfa0f6a129ab9b015?s=96&d=mm&r=g\",\"caption\":\"smancilla\"},\"url\":\"https:\/\/dev.explora.cl\/rios\/author\/smancilla\/\"}]}<\/script>\n<!-- \/ Yoast SEO plugin. -->","yoast_head_json":{"title":"Docentes de Los R\u00edos participaron de una semana de capacitaciones en el Campamento Explora VA! - Los R\u00edos","robots":{"index":"index","follow":"follow","max-snippet":"max-snippet:-1","max-image-preview":"max-image-preview:large","max-video-preview":"max-video-preview:-1"},"canonical":"https:\/\/dev.explora.cl\/rios\/docentes-de-los-rios-participaron-de-una-semana-de-capacitaciones-en-el-campamento-explora-va\/","og_locale":"es_ES","og_type":"article","og_title":"Docentes de Los R\u00edos participaron de una semana de capacitaciones en el Campamento Explora VA! - Los R\u00edos","og_description":"El Campamento para Profes Explora VA! reuni\u00f3 a profesionales de la educaci\u00f3n en torno a las potencialidades del trabajo en investigaci\u00f3n junto a sus estudiantes y generar redes de apoyo junto a docentes de toda la Regi\u00f3n de Los R\u00edos.","og_url":"https:\/\/dev.explora.cl\/rios\/docentes-de-los-rios-participaron-de-una-semana-de-capacitaciones-en-el-campamento-explora-va\/","og_site_name":"Los R\u00edos","article_published_time":"2022-01-17T14:43:53+00:00","article_modified_time":"2022-06-11T00:42:02+00:00","og_image":[{"width":984,"height":579,"url":"https:\/\/dev.explora.cl\/rios\/wp-content\/uploads\/sites\/16\/2022\/01\/foto-final.jpg","type":"image\/jpeg"}],"author":"smancilla","twitter_card":"summary_large_image","twitter_misc":{"Escrito por":"smancilla","Tiempo estimado de lectura":"5 minutos"},"schema":{"@context":"https:\/\/schema.org","@graph":[{"@type":"Article","@id":"https:\/\/dev.explora.cl\/rios\/docentes-de-los-rios-participaron-de-una-semana-de-capacitaciones-en-el-campamento-explora-va\/#article","isPartOf":{"@id":"https:\/\/dev.explora.cl\/rios\/docentes-de-los-rios-participaron-de-una-semana-de-capacitaciones-en-el-campamento-explora-va\/"},"author":{"name":"smancilla","@id":"https:\/\/dev.explora.cl\/rios\/#\/schema\/person\/279896208736d277e75690dde6cc1ea9"},"headline":"Docentes de Los R\u00edos participaron de una semana de capacitaciones en el Campamento Explora VA!","datePublished":"2022-01-17T14:43:53+00:00","dateModified":"2022-06-11T00:42:02+00:00","mainEntityOfPage":{"@id":"https:\/\/dev.explora.cl\/rios\/docentes-de-los-rios-participaron-de-una-semana-de-capacitaciones-en-el-campamento-explora-va\/"},"wordCount":1050,"commentCount":0,"image":{"@id":"https:\/\/dev.explora.cl\/rios\/docentes-de-los-rios-participaron-de-una-semana-de-capacitaciones-en-el-campamento-explora-va\/#primaryimage"},"thumbnailUrl":"https:\/\/dev.explora.cl\/rios\/wp-content\/uploads\/sites\/16\/2022\/01\/foto-final.jpg","keywords":["campamento","Campamento Explora VA!","capacitaci\u00f3n docente"],"articleSection":["Lugar 8","Noticias"],"inLanguage":"es-CL","potentialAction":[{"@type":"CommentAction","name":"Comment","target":["https:\/\/dev.explora.cl\/rios\/docentes-de-los-rios-participaron-de-una-semana-de-capacitaciones-en-el-campamento-explora-va\/#respond"]}]},{"@type":"WebPage","@id":"https:\/\/dev.explora.cl\/rios\/docentes-de-los-rios-participaron-de-una-semana-de-capacitaciones-en-el-campamento-explora-va\/","url":"https:\/\/dev.explora.cl\/rios\/docentes-de-los-rios-participaron-de-una-semana-de-capacitaciones-en-el-campamento-explora-va\/","name":"Docentes de Los R\u00edos participaron de una semana de capacitaciones en el Campamento Explora VA! - Los R\u00edos","isPartOf":{"@id":"https:\/\/dev.explora.cl\/rios\/#website"},"primaryImageOfPage":{"@id":"https:\/\/dev.explora.cl\/rios\/docentes-de-los-rios-participaron-de-una-semana-de-capacitaciones-en-el-campamento-explora-va\/#primaryimage"},"image":{"@id":"https:\/\/dev.explora.cl\/rios\/docentes-de-los-rios-participaron-de-una-semana-de-capacitaciones-en-el-campamento-explora-va\/#primaryimage"},"thumbnailUrl":"https:\/\/dev.explora.cl\/rios\/wp-content\/uploads\/sites\/16\/2022\/01\/foto-final.jpg","datePublished":"2022-01-17T14:43:53+00:00","dateModified":"2022-06-11T00:42:02+00:00","author":{"@id":"https:\/\/dev.explora.cl\/rios\/#\/schema\/person\/279896208736d277e75690dde6cc1ea9"},"breadcrumb":{"@id":"https:\/\/dev.explora.cl\/rios\/docentes-de-los-rios-participaron-de-una-semana-de-capacitaciones-en-el-campamento-explora-va\/#breadcrumb"},"inLanguage":"es-CL","potentialAction":[{"@type":"ReadAction","target":["https:\/\/dev.explora.cl\/rios\/docentes-de-los-rios-participaron-de-una-semana-de-capacitaciones-en-el-campamento-explora-va\/"]}]},{"@type":"ImageObject","inLanguage":"es-CL","@id":"https:\/\/dev.explora.cl\/rios\/docentes-de-los-rios-participaron-de-una-semana-de-capacitaciones-en-el-campamento-explora-va\/#primaryimage","url":"https:\/\/dev.explora.cl\/rios\/wp-content\/uploads\/sites\/16\/2022\/01\/foto-final.jpg","contentUrl":"https:\/\/dev.explora.cl\/rios\/wp-content\/uploads\/sites\/16\/2022\/01\/foto-final.jpg","width":984,"height":579},{"@type":"BreadcrumbList","@id":"https:\/\/dev.explora.cl\/rios\/docentes-de-los-rios-participaron-de-una-semana-de-capacitaciones-en-el-campamento-explora-va\/#breadcrumb","itemListElement":[{"@type":"ListItem","position":1,"name":"Portada","item":"https:\/\/dev.explora.cl\/rios\/"},{"@type":"ListItem","position":2,"name":"Docentes de Los R\u00edos participaron de una semana de capacitaciones en el Campamento Explora VA!"}]},{"@type":"WebSite","@id":"https:\/\/dev.explora.cl\/rios\/#website","url":"https:\/\/dev.explora.cl\/rios\/","name":"Los R\u00edos","description":"Otro sitio m\u00e1s de dev.explora.cl","potentialAction":[{"@type":"SearchAction","target":{"@type":"EntryPoint","urlTemplate":"https:\/\/dev.explora.cl\/rios\/?s={search_term_string}"},"query-input":{"@type":"PropertyValueSpecification","valueRequired":true,"valueName":"search_term_string"}}],"inLanguage":"es-CL"},{"@type":"Person","@id":"https:\/\/dev.explora.cl\/rios\/#\/schema\/person\/279896208736d277e75690dde6cc1ea9","name":"smancilla","image":{"@type":"ImageObject","inLanguage":"es-CL","@id":"https:\/\/dev.explora.cl\/rios\/#\/schema\/person\/image\/","url":"https:\/\/secure.gravatar.com\/avatar\/a1c7f8b1dd453e8facadec2bf18354190c777b5556feaaadfa0f6a129ab9b015?s=96&d=mm&r=g","contentUrl":"https:\/\/secure.gravatar.com\/avatar\/a1c7f8b1dd453e8facadec2bf18354190c777b5556feaaadfa0f6a129ab9b015?s=96&d=mm&r=g","caption":"smancilla"},"url":"https:\/\/dev.explora.cl\/rios\/author\/smancilla\/"}]}},"_links":{"self":[{"href":"https:\/\/dev.explora.cl\/rios\/wp-json\/wp\/v2\/posts\/40586","targetHints":{"allow":["GET"]}}],"collection":[{"href":"https:\/\/dev.explora.cl\/rios\/wp-json\/wp\/v2\/posts"}],"about":[{"href":"https:\/\/dev.explora.cl\/rios\/wp-json\/wp\/v2\/types\/post"}],"author":[{"embeddable":true,"href":"https:\/\/dev.explora.cl\/rios\/wp-json\/wp\/v2\/users\/31"}],"replies":[{"embeddable":true,"href":"https:\/\/dev.explora.cl\/rios\/wp-json\/wp\/v2\/comments?post=40586"}],"version-history":[{"count":5,"href":"https:\/\/dev.explora.cl\/rios\/wp-json\/wp\/v2\/posts\/40586\/revisions"}],"predecessor-version":[{"id":40599,"href":"https:\/\/dev.explora.cl\/rios\/wp-json\/wp\/v2\/posts\/40586\/revisions\/40599"}],"wp:featuredmedia":[{"embeddable":true,"href":"https:\/\/dev.explora.cl\/rios\/wp-json\/wp\/v2\/media\/40591"}],"wp:attachment":[{"href":"https:\/\/dev.explora.cl\/rios\/wp-json\/wp\/v2\/media?parent=40586"}],"wp:term":[{"taxonomy":"category","embeddable":true,"href":"https:\/\/dev.explora.cl\/rios\/wp-json\/wp\/v2\/categories?post=40586"},{"taxonomy":"post_tag","embeddable":true,"href":"https:\/\/dev.explora.cl\/rios\/wp-json\/wp\/v2\/tags?post=40586"}],"curies":[{"name":"wp","href":"https:\/\/api.w.org\/{rel}","templated":true}]}}