{"id":40537,"date":"2021-12-15T12:00:20","date_gmt":"2021-12-15T15:00:20","guid":{"rendered":"https:\/\/dev.explora.cl\/rios\/?p=40537"},"modified":"2021-12-15T12:09:08","modified_gmt":"2021-12-15T15:09:08","slug":"dan-a-conocer-el-listado-de-participantes-del-campamento-explorava-2022","status":"publish","type":"post","link":"https:\/\/dev.explora.cl\/rios\/dan-a-conocer-el-listado-de-participantes-del-campamento-explorava-2022\/","title":{"rendered":"Dan a conocer el listado de participantes del Campamento ExploraVA! 2022"},"content":{"rendered":"<p>[vc_row][vc_column][vc_row_inner][vc_column_inner width=&#8221;5\/6&#8243;][vc_custom_heading text=&#8221;Entre el 10 y 14 de enero de 2022 se desarrollar\u00e1 la actividad que reunir\u00e1 desde docentes de cuarto medio hasta educadoras de p\u00e1rvulos.&#8221; font_container=&#8221;tag:h3|text_align:left&#8221;][\/vc_column_inner][vc_column_inner width=&#8221;1\/6&#8243;][vc_btn title=&#8221;Programa Semanal&#8221; style=&#8221;custom&#8221; custom_background=&#8221;#81d742&#8243; custom_text=&#8221;#ffffff&#8221; link=&#8221;url:https%3A%2F%2Fdev.explora.cl%2Frios%2Fwp-content%2Fuploads%2Fsites%2F16%2F2021%2F12%2Fprograma-campamento.pdf|||&#8221;][\/vc_column_inner][\/vc_row_inner][vc_column_text]Ser\u00e1n 29 profesionales de la educaci\u00f3n que participar\u00e1n del Campamento ExploraVA! para Profes que se llevar\u00e1 a cabo de forma remota. El Proyecto Explora Los R\u00edos del Ministerio de Ciencia, Tecnolog\u00eda, Conocimiento e Innovaci\u00f3n invit\u00f3 a participar a esta iniciativa que tiene por objetivo promover la apropiaci\u00f3n de herramientas pedag\u00f3gicas basadas en el modelo de competencias y la formaci\u00f3n de comunidades de aprendizaje y redes de colaboraci\u00f3n entre los docentes.<\/p>\n<p>Cada persona seleccionada est\u00e1 siendo contactada por el equipo para confirmar su participaci\u00f3n en la instancia. Revise la lista a continuaci\u00f3n:<\/p>\n<p>&nbsp;<\/p>\n<table>\n<thead>\n<tr>\n<th>Nombres<\/th>\n<th>Apellidos<\/th>\n<th>Comuna<\/th>\n<\/tr>\n<\/thead>\n<tbody>\n<tr>\n<td>Ingrid Marina<\/td>\n<td>G\u00f3mez Gallardo<\/td>\n<td>Valdivia<\/td>\n<\/tr>\n<tr>\n<td>Marcia del Pilar<\/td>\n<td>Raimilla Guzm\u00e0n<\/td>\n<td>Valdivia<\/td>\n<\/tr>\n<tr>\n<td>Sandra Carolina<\/td>\n<td>Fry Bravo<\/td>\n<td>Valdivia<\/td>\n<\/tr>\n<tr>\n<td>Maritza<\/td>\n<td>Bravo Baham\u00f3ndez<\/td>\n<td>Valdivia<\/td>\n<\/tr>\n<tr>\n<td>Paulino O.<\/td>\n<td>Lienlaf Ancacura<\/td>\n<td>M\u00e1fil<\/td>\n<\/tr>\n<tr>\n<td>Jeannett Ines<\/td>\n<td>Garrido Silva<\/td>\n<td>R\u00edo Bueno<\/td>\n<\/tr>\n<tr>\n<td>Camila Ester<\/td>\n<td>Sep\u00falveda Reyes<\/td>\n<td>Futrono<\/td>\n<\/tr>\n<tr>\n<td>Viviana Elizabeth<\/td>\n<td>Morales Contreras<\/td>\n<td>Valdivia<\/td>\n<\/tr>\n<tr>\n<td>Claudia Patricia<\/td>\n<td>Guti\u00e9rrez Castillo<\/td>\n<td>Valdivia<\/td>\n<\/tr>\n<tr>\n<td>Carolina Isabel<\/td>\n<td>Bello Castillo<\/td>\n<td>Lago Ranco<\/td>\n<\/tr>\n<tr>\n<td>Francis Carolina<\/td>\n<td>Manquipillan Manquecoy<\/td>\n<td>Lanco<\/td>\n<\/tr>\n<tr>\n<td>Marianyeli Pilar<\/td>\n<td>Poblete Aedo<\/td>\n<td>Lanco<\/td>\n<\/tr>\n<tr>\n<td>Mar\u00eda Francisca<\/td>\n<td>San Mart\u00edn Heise<\/td>\n<td>Valdivia<\/td>\n<\/tr>\n<tr>\n<td>Marcela Beatriz<\/td>\n<td>Sol\u00eds Ojeda<\/td>\n<td>R\u00edo Bueno<\/td>\n<\/tr>\n<tr>\n<td>Mavel Irene<\/td>\n<td>Solano Vera<\/td>\n<td>Valdivia<\/td>\n<\/tr>\n<tr>\n<td>Leyla Soledad<\/td>\n<td>J\u00e9ldrez Flores<\/td>\n<td>Valdivia<\/td>\n<\/tr>\n<tr>\n<td>Hugo Wladimir<\/td>\n<td>Pinilla S\u00e1nchez<\/td>\n<td>M\u00e1fil<\/td>\n<\/tr>\n<tr>\n<td>Jorge Edmundo Ricardo<\/td>\n<td>P\u00e9rez Mardones<\/td>\n<td>Valdivia<\/td>\n<\/tr>\n<tr>\n<td>Roberto Alejandro<\/td>\n<td>Vergara Fuentes<\/td>\n<td>R\u00edo Bueno<\/td>\n<\/tr>\n<tr>\n<td>Jos\u00e9 Alfredo<\/td>\n<td>Sep\u00falveda Contreras<\/td>\n<td>R\u00edo Bueno<\/td>\n<\/tr>\n<tr>\n<td>Viviana Francisca<\/td>\n<td>Ossandon Araya<\/td>\n<td>Paillaco<\/td>\n<\/tr>\n<tr>\n<td>Natalia Ruth<\/td>\n<td>G\u00f3mez Cabrera<\/td>\n<td>M\u00e1fil<\/td>\n<\/tr>\n<tr>\n<td>Carmen Gloria<\/td>\n<td>Morales Guarda<\/td>\n<td>La Uni\u00f3n<\/td>\n<\/tr>\n<tr>\n<td>Sara Beatriz<\/td>\n<td>Bravo Robles<\/td>\n<td>La Uni\u00f3n<\/td>\n<\/tr>\n<tr>\n<td>Sandra Yamilet<\/td>\n<td>Pardo Uribe<\/td>\n<td>La Uni\u00f3n<\/td>\n<\/tr>\n<tr>\n<td>Cristian<\/td>\n<td>Cano Morales<\/td>\n<td>R\u00edo Bueno<\/td>\n<\/tr>\n<tr>\n<td>Armin Marcelo<\/td>\n<td>Hemmelmann Ortega<\/td>\n<td>R\u00edo Bueno<\/td>\n<\/tr>\n<tr>\n<td>Mar\u00eda Cecilia<\/td>\n<td>Salda\u00f1a Sandoval<\/td>\n<td>R\u00edo Bueno<\/td>\n<\/tr>\n<tr>\n<td>Maria cristina<\/td>\n<td>Jofre labbe<\/td>\n<td>Maf\u00edl<\/td>\n<\/tr>\n<\/tbody>\n<\/table>\n<p>&nbsp;<\/p>\n<p>Dudas y consultas se pueden hacer llegar al correo electr\u00f3nico <a href=\"mailto:vinculacionexplorarios@uach.cl\">vinculacionexplorarios@uach.cl<\/a>[\/vc_column_text][vc_single_image image=&#8221;40548&#8243; img_size=&#8221;full&#8221;][\/vc_column][\/vc_row][vc_row css=&#8221;.vc_custom_1614888019520{border-top-width: 1px !important;border-top-color: #b6b6b6 !important;border-top-style: solid !important;}&#8221;][vc_column][vc_column_text]<\/p>\n<p style=\"text-align: center;font-size: 0.9em;color: #b6b6b6\"><a href=\"https:\/\/dev.explora.cl\/rios\/protocolo\">Revisa nuestro Protocolo para Trabajo con Ni\u00f1os, Ni\u00f1as y Adolescentes<\/a><\/p>\n<p>[\/vc_column_text][\/vc_column][\/vc_row]<\/p>\n","protected":false},"excerpt":{"rendered":"<p>Entre el 10 y 14 de enero de 2022 se desarrollar\u00e1 la actividad que reunir\u00e1 desde docentes de cuarto medio hasta educadoras de p\u00e1rvulos.<\/p>\n","protected":false},"author":31,"featured_media":40545,"comment_status":"open","ping_status":"open","sticky":false,"template":"","format":"standard","meta":{"_acf_changed":false,"_exactmetrics_skip_tracking":false,"_exactmetrics_sitenote_active":false,"_exactmetrics_sitenote_note":"","_exactmetrics_sitenote_category":0,"footnotes":"","_links_to":"","_links_to_target":""},"categories":[151,136,1],"tags":[297,301,353,231,208],"class_list":["post-40537","post","type-post","status-publish","format-standard","has-post-thumbnail","hentry","category-banner","category-lugar-1","category-sin-categoria","tag-campamento","tag-campamento-explora-va","tag-capacitacion-docente","tag-docentes","tag-resultados"],"acf":[],"yoast_head":"<!-- This site is optimized with the Yoast SEO plugin v26.7 - https:\/\/yoast.com\/wordpress\/plugins\/seo\/ -->\n<title>Dan a conocer el listado de participantes del Campamento ExploraVA! 2022 - Los R\u00edos<\/title>\n<meta name=\"robots\" content=\"index, follow, max-snippet:-1, max-image-preview:large, max-video-preview:-1\" \/>\n<link rel=\"canonical\" href=\"https:\/\/dev.explora.cl\/rios\/dan-a-conocer-el-listado-de-participantes-del-campamento-explorava-2022\/\" class=\"yoast-seo-meta-tag\" \/>\n<meta property=\"og:locale\" content=\"es_ES\" class=\"yoast-seo-meta-tag\" \/>\n<meta property=\"og:type\" content=\"article\" class=\"yoast-seo-meta-tag\" \/>\n<meta property=\"og:title\" content=\"Dan a conocer el listado de participantes del Campamento ExploraVA! 2022 - Los R\u00edos\" class=\"yoast-seo-meta-tag\" \/>\n<meta property=\"og:description\" content=\"Entre el 10 y 14 de enero de 2022 se desarrollar\u00e1 la actividad que reunir\u00e1 desde docentes de cuarto medio hasta educadoras de p\u00e1rvulos.\" class=\"yoast-seo-meta-tag\" \/>\n<meta property=\"og:url\" content=\"https:\/\/dev.explora.cl\/rios\/dan-a-conocer-el-listado-de-participantes-del-campamento-explorava-2022\/\" class=\"yoast-seo-meta-tag\" \/>\n<meta property=\"og:site_name\" content=\"Los R\u00edos\" class=\"yoast-seo-meta-tag\" \/>\n<meta property=\"article:published_time\" content=\"2021-12-15T15:00:20+00:00\" class=\"yoast-seo-meta-tag\" \/>\n<meta property=\"article:modified_time\" content=\"2021-12-15T15:09:08+00:00\" class=\"yoast-seo-meta-tag\" \/>\n<meta property=\"og:image\" content=\"https:\/\/dev.explora.cl\/rios\/wp-content\/uploads\/sites\/16\/2021\/12\/tama\u00f1o-web-banner.jpg\" class=\"yoast-seo-meta-tag\" \/>\n\t<meta property=\"og:image:width\" content=\"725\" class=\"yoast-seo-meta-tag\" \/>\n\t<meta property=\"og:image:height\" content=\"357\" class=\"yoast-seo-meta-tag\" \/>\n\t<meta property=\"og:image:type\" content=\"image\/jpeg\" class=\"yoast-seo-meta-tag\" \/>\n<meta name=\"author\" content=\"smancilla\" class=\"yoast-seo-meta-tag\" \/>\n<meta name=\"twitter:card\" content=\"summary_large_image\" class=\"yoast-seo-meta-tag\" \/>\n<meta name=\"twitter:label1\" content=\"Escrito por\" class=\"yoast-seo-meta-tag\" \/>\n\t<meta name=\"twitter:data1\" content=\"smancilla\" class=\"yoast-seo-meta-tag\" \/>\n\t<meta name=\"twitter:label2\" content=\"Tiempo estimado de lectura\" class=\"yoast-seo-meta-tag\" \/>\n\t<meta name=\"twitter:data2\" content=\"2 minutos\" class=\"yoast-seo-meta-tag\" \/>\n<script type=\"application\/ld+json\" class=\"yoast-schema-graph\">{\"@context\":\"https:\/\/schema.org\",\"@graph\":[{\"@type\":\"Article\",\"@id\":\"https:\/\/dev.explora.cl\/rios\/dan-a-conocer-el-listado-de-participantes-del-campamento-explorava-2022\/#article\",\"isPartOf\":{\"@id\":\"https:\/\/dev.explora.cl\/rios\/dan-a-conocer-el-listado-de-participantes-del-campamento-explorava-2022\/\"},\"author\":{\"name\":\"smancilla\",\"@id\":\"https:\/\/dev.explora.cl\/rios\/#\/schema\/person\/279896208736d277e75690dde6cc1ea9\"},\"headline\":\"Dan a conocer el listado de participantes del Campamento ExploraVA! 2022\",\"datePublished\":\"2021-12-15T15:00:20+00:00\",\"dateModified\":\"2021-12-15T15:09:08+00:00\",\"mainEntityOfPage\":{\"@id\":\"https:\/\/dev.explora.cl\/rios\/dan-a-conocer-el-listado-de-participantes-del-campamento-explorava-2022\/\"},\"wordCount\":461,\"commentCount\":0,\"image\":{\"@id\":\"https:\/\/dev.explora.cl\/rios\/dan-a-conocer-el-listado-de-participantes-del-campamento-explorava-2022\/#primaryimage\"},\"thumbnailUrl\":\"https:\/\/dev.explora.cl\/rios\/wp-content\/uploads\/sites\/16\/2021\/12\/tama\u00f1o-web-banner.jpg\",\"keywords\":[\"campamento\",\"Campamento Explora VA!\",\"capacitaci\u00f3n docente\",\"docentes\",\"resultados\"],\"articleSection\":[\"Banner\",\"Lugar 1\"],\"inLanguage\":\"es-CL\",\"potentialAction\":[{\"@type\":\"CommentAction\",\"name\":\"Comment\",\"target\":[\"https:\/\/dev.explora.cl\/rios\/dan-a-conocer-el-listado-de-participantes-del-campamento-explorava-2022\/#respond\"]}]},{\"@type\":\"WebPage\",\"@id\":\"https:\/\/dev.explora.cl\/rios\/dan-a-conocer-el-listado-de-participantes-del-campamento-explorava-2022\/\",\"url\":\"https:\/\/dev.explora.cl\/rios\/dan-a-conocer-el-listado-de-participantes-del-campamento-explorava-2022\/\",\"name\":\"Dan a conocer el listado de participantes del Campamento ExploraVA! 2022 - Los R\u00edos\",\"isPartOf\":{\"@id\":\"https:\/\/dev.explora.cl\/rios\/#website\"},\"primaryImageOfPage\":{\"@id\":\"https:\/\/dev.explora.cl\/rios\/dan-a-conocer-el-listado-de-participantes-del-campamento-explorava-2022\/#primaryimage\"},\"image\":{\"@id\":\"https:\/\/dev.explora.cl\/rios\/dan-a-conocer-el-listado-de-participantes-del-campamento-explorava-2022\/#primaryimage\"},\"thumbnailUrl\":\"https:\/\/dev.explora.cl\/rios\/wp-content\/uploads\/sites\/16\/2021\/12\/tama\u00f1o-web-banner.jpg\",\"datePublished\":\"2021-12-15T15:00:20+00:00\",\"dateModified\":\"2021-12-15T15:09:08+00:00\",\"author\":{\"@id\":\"https:\/\/dev.explora.cl\/rios\/#\/schema\/person\/279896208736d277e75690dde6cc1ea9\"},\"breadcrumb\":{\"@id\":\"https:\/\/dev.explora.cl\/rios\/dan-a-conocer-el-listado-de-participantes-del-campamento-explorava-2022\/#breadcrumb\"},\"inLanguage\":\"es-CL\",\"potentialAction\":[{\"@type\":\"ReadAction\",\"target\":[\"https:\/\/dev.explora.cl\/rios\/dan-a-conocer-el-listado-de-participantes-del-campamento-explorava-2022\/\"]}]},{\"@type\":\"ImageObject\",\"inLanguage\":\"es-CL\",\"@id\":\"https:\/\/dev.explora.cl\/rios\/dan-a-conocer-el-listado-de-participantes-del-campamento-explorava-2022\/#primaryimage\",\"url\":\"https:\/\/dev.explora.cl\/rios\/wp-content\/uploads\/sites\/16\/2021\/12\/tama\u00f1o-web-banner.jpg\",\"contentUrl\":\"https:\/\/dev.explora.cl\/rios\/wp-content\/uploads\/sites\/16\/2021\/12\/tama\u00f1o-web-banner.jpg\",\"width\":725,\"height\":357},{\"@type\":\"BreadcrumbList\",\"@id\":\"https:\/\/dev.explora.cl\/rios\/dan-a-conocer-el-listado-de-participantes-del-campamento-explorava-2022\/#breadcrumb\",\"itemListElement\":[{\"@type\":\"ListItem\",\"position\":1,\"name\":\"Portada\",\"item\":\"https:\/\/dev.explora.cl\/rios\/\"},{\"@type\":\"ListItem\",\"position\":2,\"name\":\"Dan a conocer el listado de participantes del Campamento ExploraVA! 2022\"}]},{\"@type\":\"WebSite\",\"@id\":\"https:\/\/dev.explora.cl\/rios\/#website\",\"url\":\"https:\/\/dev.explora.cl\/rios\/\",\"name\":\"Los R\u00edos\",\"description\":\"Otro sitio m\u00e1s de dev.explora.cl\",\"potentialAction\":[{\"@type\":\"SearchAction\",\"target\":{\"@type\":\"EntryPoint\",\"urlTemplate\":\"https:\/\/dev.explora.cl\/rios\/?s={search_term_string}\"},\"query-input\":{\"@type\":\"PropertyValueSpecification\",\"valueRequired\":true,\"valueName\":\"search_term_string\"}}],\"inLanguage\":\"es-CL\"},{\"@type\":\"Person\",\"@id\":\"https:\/\/dev.explora.cl\/rios\/#\/schema\/person\/279896208736d277e75690dde6cc1ea9\",\"name\":\"smancilla\",\"image\":{\"@type\":\"ImageObject\",\"inLanguage\":\"es-CL\",\"@id\":\"https:\/\/dev.explora.cl\/rios\/#\/schema\/person\/image\/\",\"url\":\"https:\/\/secure.gravatar.com\/avatar\/a1c7f8b1dd453e8facadec2bf18354190c777b5556feaaadfa0f6a129ab9b015?s=96&d=mm&r=g\",\"contentUrl\":\"https:\/\/secure.gravatar.com\/avatar\/a1c7f8b1dd453e8facadec2bf18354190c777b5556feaaadfa0f6a129ab9b015?s=96&d=mm&r=g\",\"caption\":\"smancilla\"},\"url\":\"https:\/\/dev.explora.cl\/rios\/author\/smancilla\/\"}]}<\/script>\n<!-- \/ Yoast SEO plugin. -->","yoast_head_json":{"title":"Dan a conocer el listado de participantes del Campamento ExploraVA! 2022 - Los R\u00edos","robots":{"index":"index","follow":"follow","max-snippet":"max-snippet:-1","max-image-preview":"max-image-preview:large","max-video-preview":"max-video-preview:-1"},"canonical":"https:\/\/dev.explora.cl\/rios\/dan-a-conocer-el-listado-de-participantes-del-campamento-explorava-2022\/","og_locale":"es_ES","og_type":"article","og_title":"Dan a conocer el listado de participantes del Campamento ExploraVA! 2022 - Los R\u00edos","og_description":"Entre el 10 y 14 de enero de 2022 se desarrollar\u00e1 la actividad que reunir\u00e1 desde docentes de cuarto medio hasta educadoras de p\u00e1rvulos.","og_url":"https:\/\/dev.explora.cl\/rios\/dan-a-conocer-el-listado-de-participantes-del-campamento-explorava-2022\/","og_site_name":"Los R\u00edos","article_published_time":"2021-12-15T15:00:20+00:00","article_modified_time":"2021-12-15T15:09:08+00:00","og_image":[{"width":725,"height":357,"url":"https:\/\/dev.explora.cl\/rios\/wp-content\/uploads\/sites\/16\/2021\/12\/tama\u00f1o-web-banner.jpg","type":"image\/jpeg"}],"author":"smancilla","twitter_card":"summary_large_image","twitter_misc":{"Escrito por":"smancilla","Tiempo estimado de lectura":"2 minutos"},"schema":{"@context":"https:\/\/schema.org","@graph":[{"@type":"Article","@id":"https:\/\/dev.explora.cl\/rios\/dan-a-conocer-el-listado-de-participantes-del-campamento-explorava-2022\/#article","isPartOf":{"@id":"https:\/\/dev.explora.cl\/rios\/dan-a-conocer-el-listado-de-participantes-del-campamento-explorava-2022\/"},"author":{"name":"smancilla","@id":"https:\/\/dev.explora.cl\/rios\/#\/schema\/person\/279896208736d277e75690dde6cc1ea9"},"headline":"Dan a conocer el listado de participantes del Campamento ExploraVA! 2022","datePublished":"2021-12-15T15:00:20+00:00","dateModified":"2021-12-15T15:09:08+00:00","mainEntityOfPage":{"@id":"https:\/\/dev.explora.cl\/rios\/dan-a-conocer-el-listado-de-participantes-del-campamento-explorava-2022\/"},"wordCount":461,"commentCount":0,"image":{"@id":"https:\/\/dev.explora.cl\/rios\/dan-a-conocer-el-listado-de-participantes-del-campamento-explorava-2022\/#primaryimage"},"thumbnailUrl":"https:\/\/dev.explora.cl\/rios\/wp-content\/uploads\/sites\/16\/2021\/12\/tama\u00f1o-web-banner.jpg","keywords":["campamento","Campamento Explora VA!","capacitaci\u00f3n docente","docentes","resultados"],"articleSection":["Banner","Lugar 1"],"inLanguage":"es-CL","potentialAction":[{"@type":"CommentAction","name":"Comment","target":["https:\/\/dev.explora.cl\/rios\/dan-a-conocer-el-listado-de-participantes-del-campamento-explorava-2022\/#respond"]}]},{"@type":"WebPage","@id":"https:\/\/dev.explora.cl\/rios\/dan-a-conocer-el-listado-de-participantes-del-campamento-explorava-2022\/","url":"https:\/\/dev.explora.cl\/rios\/dan-a-conocer-el-listado-de-participantes-del-campamento-explorava-2022\/","name":"Dan a conocer el listado de participantes del Campamento ExploraVA! 2022 - Los R\u00edos","isPartOf":{"@id":"https:\/\/dev.explora.cl\/rios\/#website"},"primaryImageOfPage":{"@id":"https:\/\/dev.explora.cl\/rios\/dan-a-conocer-el-listado-de-participantes-del-campamento-explorava-2022\/#primaryimage"},"image":{"@id":"https:\/\/dev.explora.cl\/rios\/dan-a-conocer-el-listado-de-participantes-del-campamento-explorava-2022\/#primaryimage"},"thumbnailUrl":"https:\/\/dev.explora.cl\/rios\/wp-content\/uploads\/sites\/16\/2021\/12\/tama\u00f1o-web-banner.jpg","datePublished":"2021-12-15T15:00:20+00:00","dateModified":"2021-12-15T15:09:08+00:00","author":{"@id":"https:\/\/dev.explora.cl\/rios\/#\/schema\/person\/279896208736d277e75690dde6cc1ea9"},"breadcrumb":{"@id":"https:\/\/dev.explora.cl\/rios\/dan-a-conocer-el-listado-de-participantes-del-campamento-explorava-2022\/#breadcrumb"},"inLanguage":"es-CL","potentialAction":[{"@type":"ReadAction","target":["https:\/\/dev.explora.cl\/rios\/dan-a-conocer-el-listado-de-participantes-del-campamento-explorava-2022\/"]}]},{"@type":"ImageObject","inLanguage":"es-CL","@id":"https:\/\/dev.explora.cl\/rios\/dan-a-conocer-el-listado-de-participantes-del-campamento-explorava-2022\/#primaryimage","url":"https:\/\/dev.explora.cl\/rios\/wp-content\/uploads\/sites\/16\/2021\/12\/tama\u00f1o-web-banner.jpg","contentUrl":"https:\/\/dev.explora.cl\/rios\/wp-content\/uploads\/sites\/16\/2021\/12\/tama\u00f1o-web-banner.jpg","width":725,"height":357},{"@type":"BreadcrumbList","@id":"https:\/\/dev.explora.cl\/rios\/dan-a-conocer-el-listado-de-participantes-del-campamento-explorava-2022\/#breadcrumb","itemListElement":[{"@type":"ListItem","position":1,"name":"Portada","item":"https:\/\/dev.explora.cl\/rios\/"},{"@type":"ListItem","position":2,"name":"Dan a conocer el listado de participantes del Campamento ExploraVA! 2022"}]},{"@type":"WebSite","@id":"https:\/\/dev.explora.cl\/rios\/#website","url":"https:\/\/dev.explora.cl\/rios\/","name":"Los R\u00edos","description":"Otro sitio m\u00e1s de dev.explora.cl","potentialAction":[{"@type":"SearchAction","target":{"@type":"EntryPoint","urlTemplate":"https:\/\/dev.explora.cl\/rios\/?s={search_term_string}"},"query-input":{"@type":"PropertyValueSpecification","valueRequired":true,"valueName":"search_term_string"}}],"inLanguage":"es-CL"},{"@type":"Person","@id":"https:\/\/dev.explora.cl\/rios\/#\/schema\/person\/279896208736d277e75690dde6cc1ea9","name":"smancilla","image":{"@type":"ImageObject","inLanguage":"es-CL","@id":"https:\/\/dev.explora.cl\/rios\/#\/schema\/person\/image\/","url":"https:\/\/secure.gravatar.com\/avatar\/a1c7f8b1dd453e8facadec2bf18354190c777b5556feaaadfa0f6a129ab9b015?s=96&d=mm&r=g","contentUrl":"https:\/\/secure.gravatar.com\/avatar\/a1c7f8b1dd453e8facadec2bf18354190c777b5556feaaadfa0f6a129ab9b015?s=96&d=mm&r=g","caption":"smancilla"},"url":"https:\/\/dev.explora.cl\/rios\/author\/smancilla\/"}]}},"_links":{"self":[{"href":"https:\/\/dev.explora.cl\/rios\/wp-json\/wp\/v2\/posts\/40537","targetHints":{"allow":["GET"]}}],"collection":[{"href":"https:\/\/dev.explora.cl\/rios\/wp-json\/wp\/v2\/posts"}],"about":[{"href":"https:\/\/dev.explora.cl\/rios\/wp-json\/wp\/v2\/types\/post"}],"author":[{"embeddable":true,"href":"https:\/\/dev.explora.cl\/rios\/wp-json\/wp\/v2\/users\/31"}],"replies":[{"embeddable":true,"href":"https:\/\/dev.explora.cl\/rios\/wp-json\/wp\/v2\/comments?post=40537"}],"version-history":[{"count":11,"href":"https:\/\/dev.explora.cl\/rios\/wp-json\/wp\/v2\/posts\/40537\/revisions"}],"predecessor-version":[{"id":40552,"href":"https:\/\/dev.explora.cl\/rios\/wp-json\/wp\/v2\/posts\/40537\/revisions\/40552"}],"wp:featuredmedia":[{"embeddable":true,"href":"https:\/\/dev.explora.cl\/rios\/wp-json\/wp\/v2\/media\/40545"}],"wp:attachment":[{"href":"https:\/\/dev.explora.cl\/rios\/wp-json\/wp\/v2\/media?parent=40537"}],"wp:term":[{"taxonomy":"category","embeddable":true,"href":"https:\/\/dev.explora.cl\/rios\/wp-json\/wp\/v2\/categories?post=40537"},{"taxonomy":"post_tag","embeddable":true,"href":"https:\/\/dev.explora.cl\/rios\/wp-json\/wp\/v2\/tags?post=40537"}],"curies":[{"name":"wp","href":"https:\/\/api.w.org\/{rel}","templated":true}]}}