{"id":40433,"date":"2021-11-10T17:48:26","date_gmt":"2021-11-10T20:48:26","guid":{"rendered":"https:\/\/dev.explora.cl\/rios\/?p=40433"},"modified":"2021-12-13T17:30:55","modified_gmt":"2021-12-13T20:30:55","slug":"estudiantes-de-los-rios-los-lagos-y-aysen-presentan-desde-hoy-sus-proyectos-en-el-congreso-regional-explora-2021","status":"publish","type":"post","link":"https:\/\/dev.explora.cl\/rios\/estudiantes-de-los-rios-los-lagos-y-aysen-presentan-desde-hoy-sus-proyectos-en-el-congreso-regional-explora-2021\/","title":{"rendered":"Estudiantes de Los R\u00edos, Los Lagos y Ays\u00e9n presentan desde hoy sus proyectos en el Congreso Regional Explora 2021"},"content":{"rendered":"<p>[vc_row][vc_column][vc_row_inner][vc_column_inner width=&#8221;2\/3&#8243;][vc_custom_heading text=&#8221;Desde el 10 a 12 de noviembre se podr\u00e1n visitar los trabajos de investigaci\u00f3n e innovaci\u00f3n escolares de Ays\u00e9n, Los Lagos y Los R\u00edos en una versi\u00f3n online del tradicional encuentro de ciencia escolar. Se puede visitar de forma remota en www.congresodev.explora.cl&#8221; font_container=&#8221;tag:h3|text_align:left&#8221;][\/vc_column_inner][vc_column_inner width=&#8221;1\/3&#8243;][vc_btn title=&#8221;Visita el Congreso Virtual&#8221; style=&#8221;custom&#8221; custom_background=&#8221;#81d742&#8243; custom_text=&#8221;#ffffff&#8221; size=&#8221;lg&#8221; align=&#8221;center&#8221; i_align=&#8221;right&#8221; i_icon_fontawesome=&#8221;fa fa-arrow-circle-right&#8221; button_block=&#8221;true&#8221; add_icon=&#8221;true&#8221; link=&#8221;url:https%3A%2F%2Fwww.congresodev.explora.cl|||&#8221;][\/vc_column_inner][\/vc_row_inner][vc_column_text]Con la participaci\u00f3n de 97 estudiantes y 42 docentes representando a 39 establecimientos educacionales de las regiones de Ays\u00e9n, Los Lagos y Los R\u00edos, comenz\u00f3 el Congreso Regional Explora de Investigaci\u00f3n e Innovaci\u00f3n Escolar 2021. La actividad presentar\u00e1 45 proyectos desarrollados por estudiantes de las tres regiones en \u00e1reas como bioqu\u00edmica, historia, f\u00edsica, salud y tecnolog\u00eda.<\/p>\n<p>La instancia es organizada por los Proyectos Asociativos Regionales de Ays\u00e9n, Los Lagos y Los R\u00edos del Ministerio de Ciencia, Tecnolog\u00eda, Conocimiento e Innovaci\u00f3n, todos ellos ejecutados por la Universidad Austral de Chile en el sur del pa\u00eds. Este encuentro marca un hito, luego que en 2020 se suspendiera la realizaci\u00f3n del evento por la pandemia y por primera vez se desarrolla de forma conjunta entre tres regiones. Los stands virtuales estar\u00e1n disponibles para su visita en <a href=\"http:\/\/www.congresodev.explora.cl\">www.congresodev.explora.cl<\/a> y mediante las redes sociales buscando \u201cParExploraRios\u201d.<\/p>\n<p>Durante la ceremonia, los equipos participantes recibieron el saludo de autoridades regionales y nacionales. La Seremi de Ciencia, Tecnolog\u00eda, Conocimiento e Innovaci\u00f3n de la Macrozona Sur, Dra. Olga Barbosa, destac\u00f3 en su mensaje la participaci\u00f3n de ni\u00f1as en la instancia, \u201cque aumente la integraci\u00f3n y actividad no s\u00f3lo en el \u00e1mbito acad\u00e9mico sino tambi\u00e9n t\u00e9cnico\u201d. \u201cNecesitamos muchas nuevas ideas para poder mejorar este mundo. Necesitamos que no pierdan esa curiosidad y aprendan de la ciencia\u201d a\u00f1adi\u00f3 la doctora en ecolog\u00eda, instando a generar lazos entre las regiones.<\/p>\n<p>Por su parte, la directora del Programa Explora, Dra. Marcela Colombres, destac\u00f3 la coincidencia de celebrar en esta misma jornada el D\u00eda Mundial de la Ciencia para la Paz y el Desarrollo. \u201cNos invita a tener di\u00e1logo, aprendizaje y as\u00ed entender c\u00f3mo funcionamos los seres humanos y c\u00f3mo (\u2026) ser agentes de cambio donde quiera que estemos\u201d se\u00f1al\u00f3.<\/p>\n<p>El Vicerrector de Investigaci\u00f3n, Desarrollo y Creaci\u00f3n Art\u00edstica de la Universidad Austral de Chile, Dr. Mylthon Jim\u00e9nez, felicit\u00f3 a los equipos y les invit\u00f3 a nunca dejar de investigar ni perder su curiosidad, \u201csiempre preg\u00fantense \u00bfc\u00f3mo funciona lo que veo? Si tienen dudas, investiguen y pregunten. Exploren. Ens\u00faciense. Metan las manos al barro. Si no expresan la curiosidad, se va a dormir. Y la \u00fanica forma de avanzar en el conocimiento es usando esa curiosidad\u201d.<\/p>\n<p>Esa habilidad de preguntarse y observar es parte de lo que se busca desarrollar en los y las estudiantes. La directora del Proyecto Explora Los R\u00edos, Dra. Camila Tejo Haristoy, destac\u00f3 que este evento \u201cno busca que tengamos m\u00e1s cient\u00edficos y cient\u00edficas en el futuro, aunque si despierta vocaciones en el \u00e1rea bienvenidas sean, sino que busca desarrollar competencias como el pensamiento cr\u00edtico, habilidades comunicacionales, la valoraci\u00f3n entre pares y por supuesto, el aprendizaje del proceso\u201d.<\/p>\n<p>La ceremonia cerr\u00f3 con la intervenci\u00f3n de la astr\u00f3noma y comunicadora cient\u00edfica, Teresa Paneque sobre la formaci\u00f3n de planetas y los \u00faltimos hallazgos de planetas. Tambi\u00e9n, cont\u00f3 como el rol de las mujeres en ciencia ha tomado mayor relevancia en campos dominados por hombres, destacando a investigadoras hist\u00f3ricas a nivel mundial y nacional.<\/p>\n<p>Para este jueves 11, los equipos seguir\u00e1n presentando sus proyectos frente al Comit\u00e9 Evaluador y participar\u00e1n de la actividad Conversando con Cient\u00edfic@s, donde podr\u00e1n compartir con investigadores e investigadoras de diversas \u00e1reas del conocimiento. El viernes 12 ser\u00e1 la jornada de cierre con la actividad \u00bfC\u00f3mo imagino mi pa\u00eds? Que plasmar\u00e1 las ideas y anhelos de este grupo de estudiantes sobre Chile y que luego ser\u00e1 entregado a representantes de la Convenci\u00f3n Constituyente. El d\u00eda finalizar\u00e1 con el anuncio de los trabajos clasificados al Congreso Nacional Explora.[\/vc_column_text][\/vc_column][\/vc_row][vc_row css=&#8221;.vc_custom_1614888019520{border-top-width: 1px !important;border-top-color: #b6b6b6 !important;border-top-style: solid !important;}&#8221;][vc_column][vc_column_text]<\/p>\n<p style=\"text-align: center;font-size: 0.9em;color: #b6b6b6\"><a href=\"https:\/\/dev.explora.cl\/rios\/protocolo\">Revisa nuestro Protocolo para Trabajo con Ni\u00f1os, Ni\u00f1as y Adolescentes<\/a><\/p>\n<p>[\/vc_column_text][\/vc_column][\/vc_row]<\/p>\n","protected":false},"excerpt":{"rendered":"<p>Desde el 10 a 12 de noviembre se podr\u00e1n visitar los trabajos de investigaci\u00f3n e innovaci\u00f3n escolares de Ays\u00e9n, Los Lagos y Los R\u00edos en una versi\u00f3n online del tradicional encuentro de ciencia escolar. Se puede visitar de forma remota en www.congresodev.explora.cl<\/p>\n","protected":false},"author":31,"featured_media":40436,"comment_status":"open","ping_status":"open","sticky":false,"template":"","format":"standard","meta":{"_acf_changed":false,"_exactmetrics_skip_tracking":false,"_exactmetrics_sitenote_active":false,"_exactmetrics_sitenote_note":"","_exactmetrics_sitenote_category":0,"footnotes":"","_links_to":"","_links_to_target":""},"categories":[4],"tags":[12,101,432,434,433],"class_list":["post-40433","post","type-post","status-publish","format-standard","has-post-thumbnail","hentry","category-noticias","tag-ciencia-escolar","tag-congreso-regional","tag-congreso-regional-explora","tag-proyecto-explora-aysen","tag-proyecto-explora-los-lagos"],"acf":[],"yoast_head":"<!-- This site is optimized with the Yoast SEO plugin v26.7 - https:\/\/yoast.com\/wordpress\/plugins\/seo\/ -->\n<title>Estudiantes de Los R\u00edos, Los Lagos y Ays\u00e9n presentan desde hoy sus proyectos en el Congreso Regional Explora 2021 - Los R\u00edos<\/title>\n<meta name=\"robots\" content=\"index, follow, max-snippet:-1, max-image-preview:large, max-video-preview:-1\" \/>\n<link rel=\"canonical\" href=\"https:\/\/dev.explora.cl\/rios\/estudiantes-de-los-rios-los-lagos-y-aysen-presentan-desde-hoy-sus-proyectos-en-el-congreso-regional-explora-2021\/\" class=\"yoast-seo-meta-tag\" \/>\n<meta property=\"og:locale\" content=\"es_ES\" class=\"yoast-seo-meta-tag\" \/>\n<meta property=\"og:type\" content=\"article\" class=\"yoast-seo-meta-tag\" \/>\n<meta property=\"og:title\" content=\"Estudiantes de Los R\u00edos, Los Lagos y Ays\u00e9n presentan desde hoy sus proyectos en el Congreso Regional Explora 2021 - Los R\u00edos\" class=\"yoast-seo-meta-tag\" \/>\n<meta property=\"og:description\" content=\"Desde el 10 a 12 de noviembre se podr\u00e1n visitar los trabajos de investigaci\u00f3n e innovaci\u00f3n escolares de Ays\u00e9n, Los Lagos y Los R\u00edos en una versi\u00f3n online del tradicional encuentro de ciencia escolar. Se puede visitar de forma remota en www.congresodev.explora.cl\" class=\"yoast-seo-meta-tag\" \/>\n<meta property=\"og:url\" content=\"https:\/\/dev.explora.cl\/rios\/estudiantes-de-los-rios-los-lagos-y-aysen-presentan-desde-hoy-sus-proyectos-en-el-congreso-regional-explora-2021\/\" class=\"yoast-seo-meta-tag\" \/>\n<meta property=\"og:site_name\" content=\"Los R\u00edos\" class=\"yoast-seo-meta-tag\" \/>\n<meta property=\"article:published_time\" content=\"2021-11-10T20:48:26+00:00\" class=\"yoast-seo-meta-tag\" \/>\n<meta property=\"article:modified_time\" content=\"2021-12-13T20:30:55+00:00\" class=\"yoast-seo-meta-tag\" \/>\n<meta property=\"og:image\" content=\"https:\/\/dev.explora.cl\/rios\/wp-content\/uploads\/sites\/16\/2021\/11\/imgcongreso1.jpg\" class=\"yoast-seo-meta-tag\" \/>\n\t<meta property=\"og:image:width\" content=\"1100\" class=\"yoast-seo-meta-tag\" \/>\n\t<meta property=\"og:image:height\" content=\"720\" class=\"yoast-seo-meta-tag\" \/>\n\t<meta property=\"og:image:type\" content=\"image\/jpeg\" class=\"yoast-seo-meta-tag\" \/>\n<meta name=\"author\" content=\"smancilla\" class=\"yoast-seo-meta-tag\" \/>\n<meta name=\"twitter:card\" content=\"summary_large_image\" class=\"yoast-seo-meta-tag\" \/>\n<meta name=\"twitter:label1\" content=\"Escrito por\" class=\"yoast-seo-meta-tag\" \/>\n\t<meta name=\"twitter:data1\" content=\"smancilla\" class=\"yoast-seo-meta-tag\" \/>\n\t<meta name=\"twitter:label2\" content=\"Tiempo estimado de lectura\" class=\"yoast-seo-meta-tag\" \/>\n\t<meta name=\"twitter:data2\" content=\"4 minutos\" class=\"yoast-seo-meta-tag\" \/>\n<script type=\"application\/ld+json\" class=\"yoast-schema-graph\">{\"@context\":\"https:\/\/schema.org\",\"@graph\":[{\"@type\":\"Article\",\"@id\":\"https:\/\/dev.explora.cl\/rios\/estudiantes-de-los-rios-los-lagos-y-aysen-presentan-desde-hoy-sus-proyectos-en-el-congreso-regional-explora-2021\/#article\",\"isPartOf\":{\"@id\":\"https:\/\/dev.explora.cl\/rios\/estudiantes-de-los-rios-los-lagos-y-aysen-presentan-desde-hoy-sus-proyectos-en-el-congreso-regional-explora-2021\/\"},\"author\":{\"name\":\"smancilla\",\"@id\":\"https:\/\/dev.explora.cl\/rios\/#\/schema\/person\/279896208736d277e75690dde6cc1ea9\"},\"headline\":\"Estudiantes de Los R\u00edos, Los Lagos y Ays\u00e9n presentan desde hoy sus proyectos en el Congreso Regional Explora 2021\",\"datePublished\":\"2021-11-10T20:48:26+00:00\",\"dateModified\":\"2021-12-13T20:30:55+00:00\",\"mainEntityOfPage\":{\"@id\":\"https:\/\/dev.explora.cl\/rios\/estudiantes-de-los-rios-los-lagos-y-aysen-presentan-desde-hoy-sus-proyectos-en-el-congreso-regional-explora-2021\/\"},\"wordCount\":826,\"commentCount\":0,\"image\":{\"@id\":\"https:\/\/dev.explora.cl\/rios\/estudiantes-de-los-rios-los-lagos-y-aysen-presentan-desde-hoy-sus-proyectos-en-el-congreso-regional-explora-2021\/#primaryimage\"},\"thumbnailUrl\":\"https:\/\/dev.explora.cl\/rios\/wp-content\/uploads\/sites\/16\/2021\/11\/imgcongreso1.jpg\",\"keywords\":[\"ciencia escolar\",\"Congreso Regional\",\"congreso regional explora\",\"Proyecto Explora Ays\u00e9n\",\"Proyecto Explora Los Lagos\"],\"articleSection\":[\"Noticias\"],\"inLanguage\":\"es-CL\",\"potentialAction\":[{\"@type\":\"CommentAction\",\"name\":\"Comment\",\"target\":[\"https:\/\/dev.explora.cl\/rios\/estudiantes-de-los-rios-los-lagos-y-aysen-presentan-desde-hoy-sus-proyectos-en-el-congreso-regional-explora-2021\/#respond\"]}]},{\"@type\":\"WebPage\",\"@id\":\"https:\/\/dev.explora.cl\/rios\/estudiantes-de-los-rios-los-lagos-y-aysen-presentan-desde-hoy-sus-proyectos-en-el-congreso-regional-explora-2021\/\",\"url\":\"https:\/\/dev.explora.cl\/rios\/estudiantes-de-los-rios-los-lagos-y-aysen-presentan-desde-hoy-sus-proyectos-en-el-congreso-regional-explora-2021\/\",\"name\":\"Estudiantes de Los R\u00edos, Los Lagos y Ays\u00e9n presentan desde hoy sus proyectos en el Congreso Regional Explora 2021 - Los R\u00edos\",\"isPartOf\":{\"@id\":\"https:\/\/dev.explora.cl\/rios\/#website\"},\"primaryImageOfPage\":{\"@id\":\"https:\/\/dev.explora.cl\/rios\/estudiantes-de-los-rios-los-lagos-y-aysen-presentan-desde-hoy-sus-proyectos-en-el-congreso-regional-explora-2021\/#primaryimage\"},\"image\":{\"@id\":\"https:\/\/dev.explora.cl\/rios\/estudiantes-de-los-rios-los-lagos-y-aysen-presentan-desde-hoy-sus-proyectos-en-el-congreso-regional-explora-2021\/#primaryimage\"},\"thumbnailUrl\":\"https:\/\/dev.explora.cl\/rios\/wp-content\/uploads\/sites\/16\/2021\/11\/imgcongreso1.jpg\",\"datePublished\":\"2021-11-10T20:48:26+00:00\",\"dateModified\":\"2021-12-13T20:30:55+00:00\",\"author\":{\"@id\":\"https:\/\/dev.explora.cl\/rios\/#\/schema\/person\/279896208736d277e75690dde6cc1ea9\"},\"breadcrumb\":{\"@id\":\"https:\/\/dev.explora.cl\/rios\/estudiantes-de-los-rios-los-lagos-y-aysen-presentan-desde-hoy-sus-proyectos-en-el-congreso-regional-explora-2021\/#breadcrumb\"},\"inLanguage\":\"es-CL\",\"potentialAction\":[{\"@type\":\"ReadAction\",\"target\":[\"https:\/\/dev.explora.cl\/rios\/estudiantes-de-los-rios-los-lagos-y-aysen-presentan-desde-hoy-sus-proyectos-en-el-congreso-regional-explora-2021\/\"]}]},{\"@type\":\"ImageObject\",\"inLanguage\":\"es-CL\",\"@id\":\"https:\/\/dev.explora.cl\/rios\/estudiantes-de-los-rios-los-lagos-y-aysen-presentan-desde-hoy-sus-proyectos-en-el-congreso-regional-explora-2021\/#primaryimage\",\"url\":\"https:\/\/dev.explora.cl\/rios\/wp-content\/uploads\/sites\/16\/2021\/11\/imgcongreso1.jpg\",\"contentUrl\":\"https:\/\/dev.explora.cl\/rios\/wp-content\/uploads\/sites\/16\/2021\/11\/imgcongreso1.jpg\",\"width\":1100,\"height\":720},{\"@type\":\"BreadcrumbList\",\"@id\":\"https:\/\/dev.explora.cl\/rios\/estudiantes-de-los-rios-los-lagos-y-aysen-presentan-desde-hoy-sus-proyectos-en-el-congreso-regional-explora-2021\/#breadcrumb\",\"itemListElement\":[{\"@type\":\"ListItem\",\"position\":1,\"name\":\"Portada\",\"item\":\"https:\/\/dev.explora.cl\/rios\/\"},{\"@type\":\"ListItem\",\"position\":2,\"name\":\"Estudiantes de Los R\u00edos, Los Lagos y Ays\u00e9n presentan desde hoy sus proyectos en el Congreso Regional Explora 2021\"}]},{\"@type\":\"WebSite\",\"@id\":\"https:\/\/dev.explora.cl\/rios\/#website\",\"url\":\"https:\/\/dev.explora.cl\/rios\/\",\"name\":\"Los R\u00edos\",\"description\":\"Otro sitio m\u00e1s de dev.explora.cl\",\"potentialAction\":[{\"@type\":\"SearchAction\",\"target\":{\"@type\":\"EntryPoint\",\"urlTemplate\":\"https:\/\/dev.explora.cl\/rios\/?s={search_term_string}\"},\"query-input\":{\"@type\":\"PropertyValueSpecification\",\"valueRequired\":true,\"valueName\":\"search_term_string\"}}],\"inLanguage\":\"es-CL\"},{\"@type\":\"Person\",\"@id\":\"https:\/\/dev.explora.cl\/rios\/#\/schema\/person\/279896208736d277e75690dde6cc1ea9\",\"name\":\"smancilla\",\"image\":{\"@type\":\"ImageObject\",\"inLanguage\":\"es-CL\",\"@id\":\"https:\/\/dev.explora.cl\/rios\/#\/schema\/person\/image\/\",\"url\":\"https:\/\/secure.gravatar.com\/avatar\/a1c7f8b1dd453e8facadec2bf18354190c777b5556feaaadfa0f6a129ab9b015?s=96&d=mm&r=g\",\"contentUrl\":\"https:\/\/secure.gravatar.com\/avatar\/a1c7f8b1dd453e8facadec2bf18354190c777b5556feaaadfa0f6a129ab9b015?s=96&d=mm&r=g\",\"caption\":\"smancilla\"},\"url\":\"https:\/\/dev.explora.cl\/rios\/author\/smancilla\/\"}]}<\/script>\n<!-- \/ Yoast SEO plugin. -->","yoast_head_json":{"title":"Estudiantes de Los R\u00edos, Los Lagos y Ays\u00e9n presentan desde hoy sus proyectos en el Congreso Regional Explora 2021 - Los R\u00edos","robots":{"index":"index","follow":"follow","max-snippet":"max-snippet:-1","max-image-preview":"max-image-preview:large","max-video-preview":"max-video-preview:-1"},"canonical":"https:\/\/dev.explora.cl\/rios\/estudiantes-de-los-rios-los-lagos-y-aysen-presentan-desde-hoy-sus-proyectos-en-el-congreso-regional-explora-2021\/","og_locale":"es_ES","og_type":"article","og_title":"Estudiantes de Los R\u00edos, Los Lagos y Ays\u00e9n presentan desde hoy sus proyectos en el Congreso Regional Explora 2021 - Los R\u00edos","og_description":"Desde el 10 a 12 de noviembre se podr\u00e1n visitar los trabajos de investigaci\u00f3n e innovaci\u00f3n escolares de Ays\u00e9n, Los Lagos y Los R\u00edos en una versi\u00f3n online del tradicional encuentro de ciencia escolar. Se puede visitar de forma remota en www.congresodev.explora.cl","og_url":"https:\/\/dev.explora.cl\/rios\/estudiantes-de-los-rios-los-lagos-y-aysen-presentan-desde-hoy-sus-proyectos-en-el-congreso-regional-explora-2021\/","og_site_name":"Los R\u00edos","article_published_time":"2021-11-10T20:48:26+00:00","article_modified_time":"2021-12-13T20:30:55+00:00","og_image":[{"width":1100,"height":720,"url":"https:\/\/dev.explora.cl\/rios\/wp-content\/uploads\/sites\/16\/2021\/11\/imgcongreso1.jpg","type":"image\/jpeg"}],"author":"smancilla","twitter_card":"summary_large_image","twitter_misc":{"Escrito por":"smancilla","Tiempo estimado de lectura":"4 minutos"},"schema":{"@context":"https:\/\/schema.org","@graph":[{"@type":"Article","@id":"https:\/\/dev.explora.cl\/rios\/estudiantes-de-los-rios-los-lagos-y-aysen-presentan-desde-hoy-sus-proyectos-en-el-congreso-regional-explora-2021\/#article","isPartOf":{"@id":"https:\/\/dev.explora.cl\/rios\/estudiantes-de-los-rios-los-lagos-y-aysen-presentan-desde-hoy-sus-proyectos-en-el-congreso-regional-explora-2021\/"},"author":{"name":"smancilla","@id":"https:\/\/dev.explora.cl\/rios\/#\/schema\/person\/279896208736d277e75690dde6cc1ea9"},"headline":"Estudiantes de Los R\u00edos, Los Lagos y Ays\u00e9n presentan desde hoy sus proyectos en el Congreso Regional Explora 2021","datePublished":"2021-11-10T20:48:26+00:00","dateModified":"2021-12-13T20:30:55+00:00","mainEntityOfPage":{"@id":"https:\/\/dev.explora.cl\/rios\/estudiantes-de-los-rios-los-lagos-y-aysen-presentan-desde-hoy-sus-proyectos-en-el-congreso-regional-explora-2021\/"},"wordCount":826,"commentCount":0,"image":{"@id":"https:\/\/dev.explora.cl\/rios\/estudiantes-de-los-rios-los-lagos-y-aysen-presentan-desde-hoy-sus-proyectos-en-el-congreso-regional-explora-2021\/#primaryimage"},"thumbnailUrl":"https:\/\/dev.explora.cl\/rios\/wp-content\/uploads\/sites\/16\/2021\/11\/imgcongreso1.jpg","keywords":["ciencia escolar","Congreso Regional","congreso regional explora","Proyecto Explora Ays\u00e9n","Proyecto Explora Los Lagos"],"articleSection":["Noticias"],"inLanguage":"es-CL","potentialAction":[{"@type":"CommentAction","name":"Comment","target":["https:\/\/dev.explora.cl\/rios\/estudiantes-de-los-rios-los-lagos-y-aysen-presentan-desde-hoy-sus-proyectos-en-el-congreso-regional-explora-2021\/#respond"]}]},{"@type":"WebPage","@id":"https:\/\/dev.explora.cl\/rios\/estudiantes-de-los-rios-los-lagos-y-aysen-presentan-desde-hoy-sus-proyectos-en-el-congreso-regional-explora-2021\/","url":"https:\/\/dev.explora.cl\/rios\/estudiantes-de-los-rios-los-lagos-y-aysen-presentan-desde-hoy-sus-proyectos-en-el-congreso-regional-explora-2021\/","name":"Estudiantes de Los R\u00edos, Los Lagos y Ays\u00e9n presentan desde hoy sus proyectos en el Congreso Regional Explora 2021 - Los R\u00edos","isPartOf":{"@id":"https:\/\/dev.explora.cl\/rios\/#website"},"primaryImageOfPage":{"@id":"https:\/\/dev.explora.cl\/rios\/estudiantes-de-los-rios-los-lagos-y-aysen-presentan-desde-hoy-sus-proyectos-en-el-congreso-regional-explora-2021\/#primaryimage"},"image":{"@id":"https:\/\/dev.explora.cl\/rios\/estudiantes-de-los-rios-los-lagos-y-aysen-presentan-desde-hoy-sus-proyectos-en-el-congreso-regional-explora-2021\/#primaryimage"},"thumbnailUrl":"https:\/\/dev.explora.cl\/rios\/wp-content\/uploads\/sites\/16\/2021\/11\/imgcongreso1.jpg","datePublished":"2021-11-10T20:48:26+00:00","dateModified":"2021-12-13T20:30:55+00:00","author":{"@id":"https:\/\/dev.explora.cl\/rios\/#\/schema\/person\/279896208736d277e75690dde6cc1ea9"},"breadcrumb":{"@id":"https:\/\/dev.explora.cl\/rios\/estudiantes-de-los-rios-los-lagos-y-aysen-presentan-desde-hoy-sus-proyectos-en-el-congreso-regional-explora-2021\/#breadcrumb"},"inLanguage":"es-CL","potentialAction":[{"@type":"ReadAction","target":["https:\/\/dev.explora.cl\/rios\/estudiantes-de-los-rios-los-lagos-y-aysen-presentan-desde-hoy-sus-proyectos-en-el-congreso-regional-explora-2021\/"]}]},{"@type":"ImageObject","inLanguage":"es-CL","@id":"https:\/\/dev.explora.cl\/rios\/estudiantes-de-los-rios-los-lagos-y-aysen-presentan-desde-hoy-sus-proyectos-en-el-congreso-regional-explora-2021\/#primaryimage","url":"https:\/\/dev.explora.cl\/rios\/wp-content\/uploads\/sites\/16\/2021\/11\/imgcongreso1.jpg","contentUrl":"https:\/\/dev.explora.cl\/rios\/wp-content\/uploads\/sites\/16\/2021\/11\/imgcongreso1.jpg","width":1100,"height":720},{"@type":"BreadcrumbList","@id":"https:\/\/dev.explora.cl\/rios\/estudiantes-de-los-rios-los-lagos-y-aysen-presentan-desde-hoy-sus-proyectos-en-el-congreso-regional-explora-2021\/#breadcrumb","itemListElement":[{"@type":"ListItem","position":1,"name":"Portada","item":"https:\/\/dev.explora.cl\/rios\/"},{"@type":"ListItem","position":2,"name":"Estudiantes de Los R\u00edos, Los Lagos y Ays\u00e9n presentan desde hoy sus proyectos en el Congreso Regional Explora 2021"}]},{"@type":"WebSite","@id":"https:\/\/dev.explora.cl\/rios\/#website","url":"https:\/\/dev.explora.cl\/rios\/","name":"Los R\u00edos","description":"Otro sitio m\u00e1s de dev.explora.cl","potentialAction":[{"@type":"SearchAction","target":{"@type":"EntryPoint","urlTemplate":"https:\/\/dev.explora.cl\/rios\/?s={search_term_string}"},"query-input":{"@type":"PropertyValueSpecification","valueRequired":true,"valueName":"search_term_string"}}],"inLanguage":"es-CL"},{"@type":"Person","@id":"https:\/\/dev.explora.cl\/rios\/#\/schema\/person\/279896208736d277e75690dde6cc1ea9","name":"smancilla","image":{"@type":"ImageObject","inLanguage":"es-CL","@id":"https:\/\/dev.explora.cl\/rios\/#\/schema\/person\/image\/","url":"https:\/\/secure.gravatar.com\/avatar\/a1c7f8b1dd453e8facadec2bf18354190c777b5556feaaadfa0f6a129ab9b015?s=96&d=mm&r=g","contentUrl":"https:\/\/secure.gravatar.com\/avatar\/a1c7f8b1dd453e8facadec2bf18354190c777b5556feaaadfa0f6a129ab9b015?s=96&d=mm&r=g","caption":"smancilla"},"url":"https:\/\/dev.explora.cl\/rios\/author\/smancilla\/"}]}},"_links":{"self":[{"href":"https:\/\/dev.explora.cl\/rios\/wp-json\/wp\/v2\/posts\/40433","targetHints":{"allow":["GET"]}}],"collection":[{"href":"https:\/\/dev.explora.cl\/rios\/wp-json\/wp\/v2\/posts"}],"about":[{"href":"https:\/\/dev.explora.cl\/rios\/wp-json\/wp\/v2\/types\/post"}],"author":[{"embeddable":true,"href":"https:\/\/dev.explora.cl\/rios\/wp-json\/wp\/v2\/users\/31"}],"replies":[{"embeddable":true,"href":"https:\/\/dev.explora.cl\/rios\/wp-json\/wp\/v2\/comments?post=40433"}],"version-history":[{"count":3,"href":"https:\/\/dev.explora.cl\/rios\/wp-json\/wp\/v2\/posts\/40433\/revisions"}],"predecessor-version":[{"id":40437,"href":"https:\/\/dev.explora.cl\/rios\/wp-json\/wp\/v2\/posts\/40433\/revisions\/40437"}],"wp:featuredmedia":[{"embeddable":true,"href":"https:\/\/dev.explora.cl\/rios\/wp-json\/wp\/v2\/media\/40436"}],"wp:attachment":[{"href":"https:\/\/dev.explora.cl\/rios\/wp-json\/wp\/v2\/media?parent=40433"}],"wp:term":[{"taxonomy":"category","embeddable":true,"href":"https:\/\/dev.explora.cl\/rios\/wp-json\/wp\/v2\/categories?post=40433"},{"taxonomy":"post_tag","embeddable":true,"href":"https:\/\/dev.explora.cl\/rios\/wp-json\/wp\/v2\/tags?post=40433"}],"curies":[{"name":"wp","href":"https:\/\/api.w.org\/{rel}","templated":true}]}}