{"id":40406,"date":"2021-10-25T15:38:13","date_gmt":"2021-10-25T18:38:13","guid":{"rendered":"https:\/\/dev.explora.cl\/rios\/?p=40406"},"modified":"2021-11-29T17:54:43","modified_gmt":"2021-11-29T20:54:43","slug":"la-flora-y-fauna-paisaje-trabajo-y-conservacion-de-ecosistemas-acuaticos-de-chile-se-hace-presente-a-traves-de-la-fotografia-en-la-costanera-de-valdivia","status":"publish","type":"post","link":"https:\/\/dev.explora.cl\/rios\/la-flora-y-fauna-paisaje-trabajo-y-conservacion-de-ecosistemas-acuaticos-de-chile-se-hace-presente-a-traves-de-la-fotografia-en-la-costanera-de-valdivia\/","title":{"rendered":"La flora y fauna, paisaje, trabajo y conservaci\u00f3n de ecosistemas acu\u00e1ticos de Chile se hace presente a trav\u00e9s de la fotograf\u00eda en la costanera de Valdivia"},"content":{"rendered":"<p>[vc_row][vc_column][vc_row_inner][vc_column_inner width=&#8221;2\/3&#8243;][vc_custom_heading text=&#8221;Las mejores fotograf\u00edas del concurso fotogr\u00e1fico Ojo de Pez del 2020 se presentar\u00e1n hasta el 31 de octubre en las dependencias del Mirador Anwandter, en la remodelada costanera de la ciudad&#8221; font_container=&#8221;tag:h3|text_align:left&#8221;][\/vc_column_inner][vc_column_inner width=&#8221;1\/3&#8243;][vc_btn title=&#8221;Sitio oficial&#8221; style=&#8221;custom&#8221; custom_background=&#8221;#81d742&#8243; custom_text=&#8221;#ffffff&#8221; size=&#8221;lg&#8221; align=&#8221;center&#8221; i_align=&#8221;right&#8221; i_icon_fontawesome=&#8221;fa fa-arrow-circle-right&#8221; button_block=&#8221;true&#8221; add_icon=&#8221;true&#8221; link=&#8221;url:https%3A%2F%2Fwww.ojopez.cl|||&#8221;][\/vc_column_inner][\/vc_row_inner][vc_column_text]<span style=\"font-weight: 400\">Hasta el 31 de octubre se podr\u00e1 visitar en Valdivia la exposici\u00f3n fotogr\u00e1fica \u201cOjo de Pez\u201d, la cual vuelve a exhibirse de manera presencial, en la misma ciudad que la vio nacer. Como es costumbre, la exposici\u00f3n es abierta para todas las personas, sin costo. Se pueden apreciar las fotograf\u00edas desde el 20 al 31 de octubre en las ventanas del mirador en todo horario.<\/span><\/p>\n<p><span style=\"font-weight: 400\">Las fotograf\u00edas muestran la belleza natural, la diversidad de especies, las actividades productivas y las amenazas que enfrentan los ecosistemas acu\u00e1ticos, marinos y de agua dulce de Chile.<\/span><\/p>\n<p><span style=\"font-weight: 400\">Aves en pleno vuelo, paisajes deslumbrantes, ecosistemas \u00fanicos, animales dif\u00edciles de ver, son algunas de las capturas que se est\u00e1n presentando en el Mirador Anwandter, en la costanera de Valdivia, gracias al apoyo de la Municipalidad de Valdivia y al equipo Coordinador entre ellos, Instituto de Ciencias Marinas y Limnol\u00f3gicas (ICML) de la Universidad Austral de Chile (UACh), el Proyecto Explora Los R\u00edos del Ministerio de Ciencia y el Centro de Investigaci\u00f3n Din\u00e1mica de Ecosistemas Marinos de Altas Latitudes (IDEAL).<\/span><\/p>\n<p><span style=\"font-weight: 400\">La Dra. Camila Tejo, Directora de Explora Los R\u00edos agradeci\u00f3 en primer lugar el apoyo municipal para realizar la exposici\u00f3n y record\u00f3 que esta presentaci\u00f3n permite la divulgaci\u00f3n y valoraci\u00f3n de la ciencia, en un lugar clave para la ciudad de Valdivia.<\/span><\/p>\n<p><span style=\"font-weight: 400\">Esta exposici\u00f3n se realiza cada a\u00f1o con las mejores fotograf\u00edas del concurso Ojo de Pez. En su itinerancia ha viajado por la Regi\u00f3n de Los R\u00edos, B\u00edo-B\u00edo, La Araucan\u00eda, Los Lagos y Magallanes, siendo vista por m\u00e1s de 200 mil personas. Adem\u00e1s y consecuencia de la pandemia, tambi\u00e9n est\u00e1 visible de manera virtual en<\/span><a href=\"https:\/\/expo.ojopez.cl\/\"> <span style=\"font-weight: 400\">https:\/\/expo.ojopez.cl\/<\/span><\/a><span style=\"font-weight: 400\"> en donde tambi\u00e9n podr\u00e1 ver las exposiciones que se hacen desde el 2016.<\/span><\/p>\n<p><span style=\"font-weight: 400\">El concurso\u00a0 Ojo de Pez es organizado por el <\/span><a href=\"http:\/\/www.icml.uach.cl\/\"><span style=\"font-weight: 400\">ICML<\/span><\/a><span style=\"font-weight: 400\"> de la <\/span><a href=\"https:\/\/www.uach.cl\/\"><span style=\"font-weight: 400\">UACh<\/span><\/a><span style=\"font-weight: 400\">, el <\/span><a href=\"https:\/\/dev.explora.cl\/rios\/\"><span style=\"font-weight: 400\">Proyecto Explora Los R\u00edos<\/span><\/a><span style=\"font-weight: 400\"> del Ministerio de Ciencia, Tecnolog\u00eda, Conocimiento e Innovaci\u00f3n y el Centro <\/span><a href=\"https:\/\/www.centroideal.cl\/\"><span style=\"font-weight: 400\">IDEAL<\/span><\/a><span style=\"font-weight: 400\"> con la colaboraci\u00f3n del <\/span><a href=\"http:\/\/www.museosaustral.cl\/museos\/museo-r-a-philippi-de-la-exploracion\"><span style=\"font-weight: 400\">Museo de Exploraci\u00f3n R. A. Philippi<\/span><\/a><span style=\"font-weight: 400\"> de la UACh. Adem\u00e1s, cuenta con el auspicio de la <\/span><a href=\"http:\/\/sitiosciencias.uach.cl\/biologia-marina\/\"><span style=\"font-weight: 400\">Escuela de Biolog\u00eda Marina<\/span><\/a><span style=\"font-weight: 400\">, la <\/span><a href=\"https:\/\/www.uach.cl\/organizacion\/vicerrectoria-investigacion-desarrollo-y-creacion-artistica\/presentacion\/presentacion\"><span style=\"font-weight: 400\">Vicerrector\u00eda de Investigaci\u00f3n, Desarrollo y Creaci\u00f3n Art\u00edstica<\/span><\/a><span style=\"font-weight: 400\"> y el <\/span><a href=\"http:\/\/www.postgradociencias.uach.cl\/doctorado-biologia-marina\/\"><span style=\"font-weight: 400\">Doctorado en Biolog\u00eda Marina<\/span><\/a><span style=\"font-weight: 400\"> dependientes de la UACh. <\/span><\/p>\n<p><strong>Fotograf\u00eda:<\/strong> &#8220;Tejiendo redes &#8221; de Daniel Vidal Pollarolo. Fotograf\u00eda ganadora 2020.[\/vc_column_text][\/vc_column][\/vc_row][vc_row css=&#8221;.vc_custom_1614888019520{border-top-width: 1px !important;border-top-color: #b6b6b6 !important;border-top-style: solid !important;}&#8221;][vc_column][vc_column_text]<\/p>\n<p style=\"text-align: center;font-size: 0.9em;color: #b6b6b6\"><a href=\"https:\/\/dev.explora.cl\/rios\/protocolo\">Revisa nuestro Protocolo para Trabajo con Ni\u00f1os, Ni\u00f1as y Adolescentes<\/a><\/p>\n<p>[\/vc_column_text][\/vc_column][\/vc_row]<\/p>\n","protected":false},"excerpt":{"rendered":"<p>Las mejores fotograf\u00edas del concurso fotogr\u00e1fico Ojo de Pez del 2020 se presentar\u00e1n hasta el 31 de octubre en las dependencias del Mirador Anwandter, en la remodelada costanera de la ciudad<\/p>\n","protected":false},"author":31,"featured_media":40407,"comment_status":"open","ping_status":"open","sticky":false,"template":"","format":"standard","meta":{"_acf_changed":false,"_exactmetrics_skip_tracking":false,"_exactmetrics_sitenote_active":false,"_exactmetrics_sitenote_note":"","_exactmetrics_sitenote_category":0,"footnotes":"","_links_to":"","_links_to_target":""},"categories":[4],"tags":[104,430,193,269,317],"class_list":["post-40406","post","type-post","status-publish","format-standard","has-post-thumbnail","hentry","category-noticias","tag-concurso","tag-costanera-de-valdivia","tag-exposicion","tag-ojo-de-pez","tag-valdivia"],"acf":[],"yoast_head":"<!-- This site is optimized with the Yoast SEO plugin v26.7 - https:\/\/yoast.com\/wordpress\/plugins\/seo\/ -->\n<title>La flora y fauna, paisaje, trabajo y conservaci\u00f3n de ecosistemas acu\u00e1ticos de Chile se hace presente a trav\u00e9s de la fotograf\u00eda en la costanera de Valdivia - Los R\u00edos<\/title>\n<meta name=\"robots\" content=\"index, follow, max-snippet:-1, max-image-preview:large, max-video-preview:-1\" \/>\n<link rel=\"canonical\" href=\"https:\/\/dev.explora.cl\/rios\/la-flora-y-fauna-paisaje-trabajo-y-conservacion-de-ecosistemas-acuaticos-de-chile-se-hace-presente-a-traves-de-la-fotografia-en-la-costanera-de-valdivia\/\" class=\"yoast-seo-meta-tag\" \/>\n<meta property=\"og:locale\" content=\"es_ES\" class=\"yoast-seo-meta-tag\" \/>\n<meta property=\"og:type\" content=\"article\" class=\"yoast-seo-meta-tag\" \/>\n<meta property=\"og:title\" content=\"La flora y fauna, paisaje, trabajo y conservaci\u00f3n de ecosistemas acu\u00e1ticos de Chile se hace presente a trav\u00e9s de la fotograf\u00eda en la costanera de Valdivia - Los R\u00edos\" class=\"yoast-seo-meta-tag\" \/>\n<meta property=\"og:description\" content=\"Las mejores fotograf\u00edas del concurso fotogr\u00e1fico Ojo de Pez del 2020 se presentar\u00e1n hasta el 31 de octubre en las dependencias del Mirador Anwandter, en la remodelada costanera de la ciudad\" class=\"yoast-seo-meta-tag\" \/>\n<meta property=\"og:url\" content=\"https:\/\/dev.explora.cl\/rios\/la-flora-y-fauna-paisaje-trabajo-y-conservacion-de-ecosistemas-acuaticos-de-chile-se-hace-presente-a-traves-de-la-fotografia-en-la-costanera-de-valdivia\/\" class=\"yoast-seo-meta-tag\" \/>\n<meta property=\"og:site_name\" content=\"Los R\u00edos\" class=\"yoast-seo-meta-tag\" \/>\n<meta property=\"article:published_time\" content=\"2021-10-25T18:38:13+00:00\" class=\"yoast-seo-meta-tag\" \/>\n<meta property=\"article:modified_time\" content=\"2021-11-29T20:54:43+00:00\" class=\"yoast-seo-meta-tag\" \/>\n<meta property=\"og:image\" content=\"https:\/\/dev.explora.cl\/rios\/wp-content\/uploads\/sites\/16\/2021\/10\/Daniel-Vidal-Pollarolo-ganador-2020-Grande.jpg\" class=\"yoast-seo-meta-tag\" \/>\n\t<meta property=\"og:image:width\" content=\"1571\" class=\"yoast-seo-meta-tag\" \/>\n\t<meta property=\"og:image:height\" content=\"1080\" class=\"yoast-seo-meta-tag\" \/>\n\t<meta property=\"og:image:type\" content=\"image\/jpeg\" class=\"yoast-seo-meta-tag\" \/>\n<meta name=\"author\" content=\"smancilla\" class=\"yoast-seo-meta-tag\" \/>\n<meta name=\"twitter:card\" content=\"summary_large_image\" class=\"yoast-seo-meta-tag\" \/>\n<meta name=\"twitter:label1\" content=\"Escrito por\" class=\"yoast-seo-meta-tag\" \/>\n\t<meta name=\"twitter:data1\" content=\"smancilla\" class=\"yoast-seo-meta-tag\" \/>\n\t<meta name=\"twitter:label2\" content=\"Tiempo estimado de lectura\" class=\"yoast-seo-meta-tag\" \/>\n\t<meta name=\"twitter:data2\" content=\"3 minutos\" class=\"yoast-seo-meta-tag\" \/>\n<script type=\"application\/ld+json\" class=\"yoast-schema-graph\">{\"@context\":\"https:\/\/schema.org\",\"@graph\":[{\"@type\":\"Article\",\"@id\":\"https:\/\/dev.explora.cl\/rios\/la-flora-y-fauna-paisaje-trabajo-y-conservacion-de-ecosistemas-acuaticos-de-chile-se-hace-presente-a-traves-de-la-fotografia-en-la-costanera-de-valdivia\/#article\",\"isPartOf\":{\"@id\":\"https:\/\/dev.explora.cl\/rios\/la-flora-y-fauna-paisaje-trabajo-y-conservacion-de-ecosistemas-acuaticos-de-chile-se-hace-presente-a-traves-de-la-fotografia-en-la-costanera-de-valdivia\/\"},\"author\":{\"name\":\"smancilla\",\"@id\":\"https:\/\/dev.explora.cl\/rios\/#\/schema\/person\/279896208736d277e75690dde6cc1ea9\"},\"headline\":\"La flora y fauna, paisaje, trabajo y conservaci\u00f3n de ecosistemas acu\u00e1ticos de Chile se hace presente a trav\u00e9s de la fotograf\u00eda en la costanera de Valdivia\",\"datePublished\":\"2021-10-25T18:38:13+00:00\",\"dateModified\":\"2021-11-29T20:54:43+00:00\",\"mainEntityOfPage\":{\"@id\":\"https:\/\/dev.explora.cl\/rios\/la-flora-y-fauna-paisaje-trabajo-y-conservacion-de-ecosistemas-acuaticos-de-chile-se-hace-presente-a-traves-de-la-fotografia-en-la-costanera-de-valdivia\/\"},\"wordCount\":591,\"commentCount\":0,\"image\":{\"@id\":\"https:\/\/dev.explora.cl\/rios\/la-flora-y-fauna-paisaje-trabajo-y-conservacion-de-ecosistemas-acuaticos-de-chile-se-hace-presente-a-traves-de-la-fotografia-en-la-costanera-de-valdivia\/#primaryimage\"},\"thumbnailUrl\":\"https:\/\/dev.explora.cl\/rios\/wp-content\/uploads\/sites\/16\/2021\/10\/Daniel-Vidal-Pollarolo-ganador-2020-Grande.jpg\",\"keywords\":[\"concurso\",\"Costanera de Valdivia\",\"exposici\u00f3n\",\"ojo de pez\",\"Valdivia\"],\"articleSection\":[\"Noticias\"],\"inLanguage\":\"es-CL\",\"potentialAction\":[{\"@type\":\"CommentAction\",\"name\":\"Comment\",\"target\":[\"https:\/\/dev.explora.cl\/rios\/la-flora-y-fauna-paisaje-trabajo-y-conservacion-de-ecosistemas-acuaticos-de-chile-se-hace-presente-a-traves-de-la-fotografia-en-la-costanera-de-valdivia\/#respond\"]}]},{\"@type\":\"WebPage\",\"@id\":\"https:\/\/dev.explora.cl\/rios\/la-flora-y-fauna-paisaje-trabajo-y-conservacion-de-ecosistemas-acuaticos-de-chile-se-hace-presente-a-traves-de-la-fotografia-en-la-costanera-de-valdivia\/\",\"url\":\"https:\/\/dev.explora.cl\/rios\/la-flora-y-fauna-paisaje-trabajo-y-conservacion-de-ecosistemas-acuaticos-de-chile-se-hace-presente-a-traves-de-la-fotografia-en-la-costanera-de-valdivia\/\",\"name\":\"La flora y fauna, paisaje, trabajo y conservaci\u00f3n de ecosistemas acu\u00e1ticos de Chile se hace presente a trav\u00e9s de la fotograf\u00eda en la costanera de Valdivia - Los R\u00edos\",\"isPartOf\":{\"@id\":\"https:\/\/dev.explora.cl\/rios\/#website\"},\"primaryImageOfPage\":{\"@id\":\"https:\/\/dev.explora.cl\/rios\/la-flora-y-fauna-paisaje-trabajo-y-conservacion-de-ecosistemas-acuaticos-de-chile-se-hace-presente-a-traves-de-la-fotografia-en-la-costanera-de-valdivia\/#primaryimage\"},\"image\":{\"@id\":\"https:\/\/dev.explora.cl\/rios\/la-flora-y-fauna-paisaje-trabajo-y-conservacion-de-ecosistemas-acuaticos-de-chile-se-hace-presente-a-traves-de-la-fotografia-en-la-costanera-de-valdivia\/#primaryimage\"},\"thumbnailUrl\":\"https:\/\/dev.explora.cl\/rios\/wp-content\/uploads\/sites\/16\/2021\/10\/Daniel-Vidal-Pollarolo-ganador-2020-Grande.jpg\",\"datePublished\":\"2021-10-25T18:38:13+00:00\",\"dateModified\":\"2021-11-29T20:54:43+00:00\",\"author\":{\"@id\":\"https:\/\/dev.explora.cl\/rios\/#\/schema\/person\/279896208736d277e75690dde6cc1ea9\"},\"breadcrumb\":{\"@id\":\"https:\/\/dev.explora.cl\/rios\/la-flora-y-fauna-paisaje-trabajo-y-conservacion-de-ecosistemas-acuaticos-de-chile-se-hace-presente-a-traves-de-la-fotografia-en-la-costanera-de-valdivia\/#breadcrumb\"},\"inLanguage\":\"es-CL\",\"potentialAction\":[{\"@type\":\"ReadAction\",\"target\":[\"https:\/\/dev.explora.cl\/rios\/la-flora-y-fauna-paisaje-trabajo-y-conservacion-de-ecosistemas-acuaticos-de-chile-se-hace-presente-a-traves-de-la-fotografia-en-la-costanera-de-valdivia\/\"]}]},{\"@type\":\"ImageObject\",\"inLanguage\":\"es-CL\",\"@id\":\"https:\/\/dev.explora.cl\/rios\/la-flora-y-fauna-paisaje-trabajo-y-conservacion-de-ecosistemas-acuaticos-de-chile-se-hace-presente-a-traves-de-la-fotografia-en-la-costanera-de-valdivia\/#primaryimage\",\"url\":\"https:\/\/dev.explora.cl\/rios\/wp-content\/uploads\/sites\/16\/2021\/10\/Daniel-Vidal-Pollarolo-ganador-2020-Grande.jpg\",\"contentUrl\":\"https:\/\/dev.explora.cl\/rios\/wp-content\/uploads\/sites\/16\/2021\/10\/Daniel-Vidal-Pollarolo-ganador-2020-Grande.jpg\",\"width\":1571,\"height\":1080,\"caption\":\"Tejiendo redes\"},{\"@type\":\"BreadcrumbList\",\"@id\":\"https:\/\/dev.explora.cl\/rios\/la-flora-y-fauna-paisaje-trabajo-y-conservacion-de-ecosistemas-acuaticos-de-chile-se-hace-presente-a-traves-de-la-fotografia-en-la-costanera-de-valdivia\/#breadcrumb\",\"itemListElement\":[{\"@type\":\"ListItem\",\"position\":1,\"name\":\"Portada\",\"item\":\"https:\/\/dev.explora.cl\/rios\/\"},{\"@type\":\"ListItem\",\"position\":2,\"name\":\"La flora y fauna, paisaje, trabajo y conservaci\u00f3n de ecosistemas acu\u00e1ticos de Chile se hace presente a trav\u00e9s de la fotograf\u00eda en la costanera de Valdivia\"}]},{\"@type\":\"WebSite\",\"@id\":\"https:\/\/dev.explora.cl\/rios\/#website\",\"url\":\"https:\/\/dev.explora.cl\/rios\/\",\"name\":\"Los R\u00edos\",\"description\":\"Otro sitio m\u00e1s de dev.explora.cl\",\"potentialAction\":[{\"@type\":\"SearchAction\",\"target\":{\"@type\":\"EntryPoint\",\"urlTemplate\":\"https:\/\/dev.explora.cl\/rios\/?s={search_term_string}\"},\"query-input\":{\"@type\":\"PropertyValueSpecification\",\"valueRequired\":true,\"valueName\":\"search_term_string\"}}],\"inLanguage\":\"es-CL\"},{\"@type\":\"Person\",\"@id\":\"https:\/\/dev.explora.cl\/rios\/#\/schema\/person\/279896208736d277e75690dde6cc1ea9\",\"name\":\"smancilla\",\"image\":{\"@type\":\"ImageObject\",\"inLanguage\":\"es-CL\",\"@id\":\"https:\/\/dev.explora.cl\/rios\/#\/schema\/person\/image\/\",\"url\":\"https:\/\/secure.gravatar.com\/avatar\/a1c7f8b1dd453e8facadec2bf18354190c777b5556feaaadfa0f6a129ab9b015?s=96&d=mm&r=g\",\"contentUrl\":\"https:\/\/secure.gravatar.com\/avatar\/a1c7f8b1dd453e8facadec2bf18354190c777b5556feaaadfa0f6a129ab9b015?s=96&d=mm&r=g\",\"caption\":\"smancilla\"},\"url\":\"https:\/\/dev.explora.cl\/rios\/author\/smancilla\/\"}]}<\/script>\n<!-- \/ Yoast SEO plugin. -->","yoast_head_json":{"title":"La flora y fauna, paisaje, trabajo y conservaci\u00f3n de ecosistemas acu\u00e1ticos de Chile se hace presente a trav\u00e9s de la fotograf\u00eda en la costanera de Valdivia - Los R\u00edos","robots":{"index":"index","follow":"follow","max-snippet":"max-snippet:-1","max-image-preview":"max-image-preview:large","max-video-preview":"max-video-preview:-1"},"canonical":"https:\/\/dev.explora.cl\/rios\/la-flora-y-fauna-paisaje-trabajo-y-conservacion-de-ecosistemas-acuaticos-de-chile-se-hace-presente-a-traves-de-la-fotografia-en-la-costanera-de-valdivia\/","og_locale":"es_ES","og_type":"article","og_title":"La flora y fauna, paisaje, trabajo y conservaci\u00f3n de ecosistemas acu\u00e1ticos de Chile se hace presente a trav\u00e9s de la fotograf\u00eda en la costanera de Valdivia - Los R\u00edos","og_description":"Las mejores fotograf\u00edas del concurso fotogr\u00e1fico Ojo de Pez del 2020 se presentar\u00e1n hasta el 31 de octubre en las dependencias del Mirador Anwandter, en la remodelada costanera de la ciudad","og_url":"https:\/\/dev.explora.cl\/rios\/la-flora-y-fauna-paisaje-trabajo-y-conservacion-de-ecosistemas-acuaticos-de-chile-se-hace-presente-a-traves-de-la-fotografia-en-la-costanera-de-valdivia\/","og_site_name":"Los R\u00edos","article_published_time":"2021-10-25T18:38:13+00:00","article_modified_time":"2021-11-29T20:54:43+00:00","og_image":[{"width":1571,"height":1080,"url":"https:\/\/dev.explora.cl\/rios\/wp-content\/uploads\/sites\/16\/2021\/10\/Daniel-Vidal-Pollarolo-ganador-2020-Grande.jpg","type":"image\/jpeg"}],"author":"smancilla","twitter_card":"summary_large_image","twitter_misc":{"Escrito por":"smancilla","Tiempo estimado de lectura":"3 minutos"},"schema":{"@context":"https:\/\/schema.org","@graph":[{"@type":"Article","@id":"https:\/\/dev.explora.cl\/rios\/la-flora-y-fauna-paisaje-trabajo-y-conservacion-de-ecosistemas-acuaticos-de-chile-se-hace-presente-a-traves-de-la-fotografia-en-la-costanera-de-valdivia\/#article","isPartOf":{"@id":"https:\/\/dev.explora.cl\/rios\/la-flora-y-fauna-paisaje-trabajo-y-conservacion-de-ecosistemas-acuaticos-de-chile-se-hace-presente-a-traves-de-la-fotografia-en-la-costanera-de-valdivia\/"},"author":{"name":"smancilla","@id":"https:\/\/dev.explora.cl\/rios\/#\/schema\/person\/279896208736d277e75690dde6cc1ea9"},"headline":"La flora y fauna, paisaje, trabajo y conservaci\u00f3n de ecosistemas acu\u00e1ticos de Chile se hace presente a trav\u00e9s de la fotograf\u00eda en la costanera de Valdivia","datePublished":"2021-10-25T18:38:13+00:00","dateModified":"2021-11-29T20:54:43+00:00","mainEntityOfPage":{"@id":"https:\/\/dev.explora.cl\/rios\/la-flora-y-fauna-paisaje-trabajo-y-conservacion-de-ecosistemas-acuaticos-de-chile-se-hace-presente-a-traves-de-la-fotografia-en-la-costanera-de-valdivia\/"},"wordCount":591,"commentCount":0,"image":{"@id":"https:\/\/dev.explora.cl\/rios\/la-flora-y-fauna-paisaje-trabajo-y-conservacion-de-ecosistemas-acuaticos-de-chile-se-hace-presente-a-traves-de-la-fotografia-en-la-costanera-de-valdivia\/#primaryimage"},"thumbnailUrl":"https:\/\/dev.explora.cl\/rios\/wp-content\/uploads\/sites\/16\/2021\/10\/Daniel-Vidal-Pollarolo-ganador-2020-Grande.jpg","keywords":["concurso","Costanera de Valdivia","exposici\u00f3n","ojo de pez","Valdivia"],"articleSection":["Noticias"],"inLanguage":"es-CL","potentialAction":[{"@type":"CommentAction","name":"Comment","target":["https:\/\/dev.explora.cl\/rios\/la-flora-y-fauna-paisaje-trabajo-y-conservacion-de-ecosistemas-acuaticos-de-chile-se-hace-presente-a-traves-de-la-fotografia-en-la-costanera-de-valdivia\/#respond"]}]},{"@type":"WebPage","@id":"https:\/\/dev.explora.cl\/rios\/la-flora-y-fauna-paisaje-trabajo-y-conservacion-de-ecosistemas-acuaticos-de-chile-se-hace-presente-a-traves-de-la-fotografia-en-la-costanera-de-valdivia\/","url":"https:\/\/dev.explora.cl\/rios\/la-flora-y-fauna-paisaje-trabajo-y-conservacion-de-ecosistemas-acuaticos-de-chile-se-hace-presente-a-traves-de-la-fotografia-en-la-costanera-de-valdivia\/","name":"La flora y fauna, paisaje, trabajo y conservaci\u00f3n de ecosistemas acu\u00e1ticos de Chile se hace presente a trav\u00e9s de la fotograf\u00eda en la costanera de Valdivia - Los R\u00edos","isPartOf":{"@id":"https:\/\/dev.explora.cl\/rios\/#website"},"primaryImageOfPage":{"@id":"https:\/\/dev.explora.cl\/rios\/la-flora-y-fauna-paisaje-trabajo-y-conservacion-de-ecosistemas-acuaticos-de-chile-se-hace-presente-a-traves-de-la-fotografia-en-la-costanera-de-valdivia\/#primaryimage"},"image":{"@id":"https:\/\/dev.explora.cl\/rios\/la-flora-y-fauna-paisaje-trabajo-y-conservacion-de-ecosistemas-acuaticos-de-chile-se-hace-presente-a-traves-de-la-fotografia-en-la-costanera-de-valdivia\/#primaryimage"},"thumbnailUrl":"https:\/\/dev.explora.cl\/rios\/wp-content\/uploads\/sites\/16\/2021\/10\/Daniel-Vidal-Pollarolo-ganador-2020-Grande.jpg","datePublished":"2021-10-25T18:38:13+00:00","dateModified":"2021-11-29T20:54:43+00:00","author":{"@id":"https:\/\/dev.explora.cl\/rios\/#\/schema\/person\/279896208736d277e75690dde6cc1ea9"},"breadcrumb":{"@id":"https:\/\/dev.explora.cl\/rios\/la-flora-y-fauna-paisaje-trabajo-y-conservacion-de-ecosistemas-acuaticos-de-chile-se-hace-presente-a-traves-de-la-fotografia-en-la-costanera-de-valdivia\/#breadcrumb"},"inLanguage":"es-CL","potentialAction":[{"@type":"ReadAction","target":["https:\/\/dev.explora.cl\/rios\/la-flora-y-fauna-paisaje-trabajo-y-conservacion-de-ecosistemas-acuaticos-de-chile-se-hace-presente-a-traves-de-la-fotografia-en-la-costanera-de-valdivia\/"]}]},{"@type":"ImageObject","inLanguage":"es-CL","@id":"https:\/\/dev.explora.cl\/rios\/la-flora-y-fauna-paisaje-trabajo-y-conservacion-de-ecosistemas-acuaticos-de-chile-se-hace-presente-a-traves-de-la-fotografia-en-la-costanera-de-valdivia\/#primaryimage","url":"https:\/\/dev.explora.cl\/rios\/wp-content\/uploads\/sites\/16\/2021\/10\/Daniel-Vidal-Pollarolo-ganador-2020-Grande.jpg","contentUrl":"https:\/\/dev.explora.cl\/rios\/wp-content\/uploads\/sites\/16\/2021\/10\/Daniel-Vidal-Pollarolo-ganador-2020-Grande.jpg","width":1571,"height":1080,"caption":"Tejiendo redes"},{"@type":"BreadcrumbList","@id":"https:\/\/dev.explora.cl\/rios\/la-flora-y-fauna-paisaje-trabajo-y-conservacion-de-ecosistemas-acuaticos-de-chile-se-hace-presente-a-traves-de-la-fotografia-en-la-costanera-de-valdivia\/#breadcrumb","itemListElement":[{"@type":"ListItem","position":1,"name":"Portada","item":"https:\/\/dev.explora.cl\/rios\/"},{"@type":"ListItem","position":2,"name":"La flora y fauna, paisaje, trabajo y conservaci\u00f3n de ecosistemas acu\u00e1ticos de Chile se hace presente a trav\u00e9s de la fotograf\u00eda en la costanera de Valdivia"}]},{"@type":"WebSite","@id":"https:\/\/dev.explora.cl\/rios\/#website","url":"https:\/\/dev.explora.cl\/rios\/","name":"Los R\u00edos","description":"Otro sitio m\u00e1s de dev.explora.cl","potentialAction":[{"@type":"SearchAction","target":{"@type":"EntryPoint","urlTemplate":"https:\/\/dev.explora.cl\/rios\/?s={search_term_string}"},"query-input":{"@type":"PropertyValueSpecification","valueRequired":true,"valueName":"search_term_string"}}],"inLanguage":"es-CL"},{"@type":"Person","@id":"https:\/\/dev.explora.cl\/rios\/#\/schema\/person\/279896208736d277e75690dde6cc1ea9","name":"smancilla","image":{"@type":"ImageObject","inLanguage":"es-CL","@id":"https:\/\/dev.explora.cl\/rios\/#\/schema\/person\/image\/","url":"https:\/\/secure.gravatar.com\/avatar\/a1c7f8b1dd453e8facadec2bf18354190c777b5556feaaadfa0f6a129ab9b015?s=96&d=mm&r=g","contentUrl":"https:\/\/secure.gravatar.com\/avatar\/a1c7f8b1dd453e8facadec2bf18354190c777b5556feaaadfa0f6a129ab9b015?s=96&d=mm&r=g","caption":"smancilla"},"url":"https:\/\/dev.explora.cl\/rios\/author\/smancilla\/"}]}},"_links":{"self":[{"href":"https:\/\/dev.explora.cl\/rios\/wp-json\/wp\/v2\/posts\/40406","targetHints":{"allow":["GET"]}}],"collection":[{"href":"https:\/\/dev.explora.cl\/rios\/wp-json\/wp\/v2\/posts"}],"about":[{"href":"https:\/\/dev.explora.cl\/rios\/wp-json\/wp\/v2\/types\/post"}],"author":[{"embeddable":true,"href":"https:\/\/dev.explora.cl\/rios\/wp-json\/wp\/v2\/users\/31"}],"replies":[{"embeddable":true,"href":"https:\/\/dev.explora.cl\/rios\/wp-json\/wp\/v2\/comments?post=40406"}],"version-history":[{"count":2,"href":"https:\/\/dev.explora.cl\/rios\/wp-json\/wp\/v2\/posts\/40406\/revisions"}],"predecessor-version":[{"id":40409,"href":"https:\/\/dev.explora.cl\/rios\/wp-json\/wp\/v2\/posts\/40406\/revisions\/40409"}],"wp:featuredmedia":[{"embeddable":true,"href":"https:\/\/dev.explora.cl\/rios\/wp-json\/wp\/v2\/media\/40407"}],"wp:attachment":[{"href":"https:\/\/dev.explora.cl\/rios\/wp-json\/wp\/v2\/media?parent=40406"}],"wp:term":[{"taxonomy":"category","embeddable":true,"href":"https:\/\/dev.explora.cl\/rios\/wp-json\/wp\/v2\/categories?post=40406"},{"taxonomy":"post_tag","embeddable":true,"href":"https:\/\/dev.explora.cl\/rios\/wp-json\/wp\/v2\/tags?post=40406"}],"curies":[{"name":"wp","href":"https:\/\/api.w.org\/{rel}","templated":true}]}}