{"id":40344,"date":"2021-10-15T09:23:23","date_gmt":"2021-10-15T12:23:23","guid":{"rendered":"https:\/\/dev.explora.cl\/rios\/?p=40344"},"modified":"2022-01-03T16:45:50","modified_gmt":"2022-01-03T19:45:50","slug":"en-el-festival-de-la-ciencia-proyectan-fotografias-de-naturaleza-sobre-fachada-de-edificio-patrimonial-de-valdivia","status":"publish","type":"post","link":"https:\/\/dev.explora.cl\/rios\/en-el-festival-de-la-ciencia-proyectan-fotografias-de-naturaleza-sobre-fachada-de-edificio-patrimonial-de-valdivia\/","title":{"rendered":"En el Festival de la Ciencia proyectan fotograf\u00edas de naturaleza sobre fachada de edificio patrimonial de Valdivia"},"content":{"rendered":"<p>[vc_row][vc_column][vc_row_inner][vc_column_inner width=&#8221;2\/3&#8243;][vc_custom_heading text=&#8221;El espect\u00e1culo mapping, in\u00e9dito en Valdivia y abierto a toda la comunidad, se llevar\u00e1 a cabo entre el mi\u00e9rcoles 20 y el domingo 24 de octubre, a las 21:00 horas. En \u00e9l, las fotograf\u00edas ganadoras de las \u00faltimas versiones del concurso Ojo de Pez y que tienen inspiraci\u00f3n cient\u00edfica, ser\u00e1n proyectadas en gran formato en el frontis de la emblem\u00e1tica casa Prochelle I.&#8221; font_container=&#8221;tag:h3|text_align:left&#8221;][\/vc_column_inner][vc_column_inner width=&#8221;1\/3&#8243;][vc_btn title=&#8221;Sitio Festival de la Ciencia&#8221; style=&#8221;custom&#8221; custom_background=&#8221;#81d742&#8243; custom_text=&#8221;#ffffff&#8221; size=&#8221;lg&#8221; align=&#8221;center&#8221; i_align=&#8221;right&#8221; i_icon_fontawesome=&#8221;fa fa-arrow-circle-right&#8221; button_block=&#8221;true&#8221; add_icon=&#8221;true&#8221; link=&#8221;url:https%3A%2F%2Fwww.festivaldelaciencia.cl|||&#8221;][\/vc_column_inner][\/vc_row_inner][vc_column_text]<strong><em>Con este evento gratuito se da inicio a las actividades en la Macrozona Sur del FECI, el cual es organizado en todo el pa\u00eds por el Ministerio de Ciencia. Para el d\u00eda inaugural tambi\u00e9n se contempla una charla sobre fotograf\u00eda cient\u00edfica del destacado corresponsal de National Geographic, Claudio Almarza. <\/em><\/strong><\/p>\n<p>\u201cQueremos que todas y todos, sin importar la edad, se maravillen con la ciencia, con nuestro patrimonio natural y arquitect\u00f3nico, y con la riqueza esc\u00e9nica que nos ofrece nuestra ciudad. Por eso quisimos organizar un evento in\u00e9dito en la regi\u00f3n, que marque un antecedente pero por sobre todo que nos haga vivir y sentir la ciencia en esta nueva versi\u00f3n del FECI\u201d. Con estas palabras la Seremi de Ciencia de la Macrozona Sur, Olga Barbosa, adelanta este gran espect\u00e1culo mapping que est\u00e1 programado para el pr\u00f3ximo mi\u00e9rcoles 20 de octubre a las 21 horas, y que se repetir\u00e1 todos los d\u00edas en el mismo horario y hasta al domingo siguiente. La Secretaria Ministerial recalca que este espect\u00e1culo es abierto a toda la comunidad y gratuito, y que con su inauguraci\u00f3n se da inicio en la regi\u00f3n a un nutrido calendario de actividades de divulgaci\u00f3n en el marco de esta nueva versi\u00f3n del FECI y que es organizado por el Ministerio de Ciencia, Tecnolog\u00eda Conocimiento e Innovaci\u00f3n.<\/p>\n<p>Un espect\u00e1culo mapping es una t\u00e9cnica audiovisual 3D que utiliza la fachada de edificios y construcciones patrimoniales para proyectar videos din\u00e1micos o fotograf\u00edas de grandes dimensiones. En este caso el espect\u00e1culo denominado FotoNaturalistas contempla la utilizaci\u00f3n del frontis de la emblem\u00e1tica casa Prochelle, Monumento Nacional desde 1985 y actual Centro Cultural, y sede de la Corporaci\u00f3n\u200b Cultural Municipal De Valdivia. \u201cPodr\u00e1 ser apreciado desde la costanera o desde el puente Pedro de Valdivia y ha sido un gran desaf\u00edo en t\u00e9rminos t\u00e9cnicos y log\u00edsticos. En primer lugar porque estamos llevando a cabo un espect\u00e1culo in\u00e9dito en este lugar y en segundo orden, porque exige tecnolog\u00eda de punta y t\u00e9cnicos que vienen desde Santiago. Todo bajo la coordinaci\u00f3n de la productora valdiviana Crea Comunicaciones\u201d, asegura Barbosa. Agrega que las fotograf\u00edas elegidas para este mapping son las ganadores de las \u00faltimas versiones del concurso Ojo de Pez (desde el 2016 hasta 2021) y que organiza el Proyecto Explora Los R\u00edos en conjunto con la Universidad Austral de Chile, el Centro Ideal y el Instituto de Ciencias Marinas y Limnol\u00f3gicas UACh , las que ser\u00e1n proyectadas en videos tem\u00e1ticos distintos cada d\u00eda.<\/p>\n<p>\u201cEstas fotograf\u00edas reflejan el esp\u00edritu del FECI pues representan la mirada de distintos artistas que utilizan la fotograf\u00eda de naturaleza como una herramienta para asombrarse, aprender y hacerse preguntas sobre el mundo que nos rodea. Es un gran ejemplo de c\u00f3mo podemos utilizar el arte, la innovaci\u00f3n y las nuevas plataformas de comunicaci\u00f3n para acercar la ciencia a todas las personas\u201d, recalca Olga Barbosa.<\/p>\n<p>Al respecto la Dra. Camila Tejo Haristoy, Directora del Proyecto Explora Los R\u00edos del Ministerio de Ciencia, Tecnolog\u00eda, Conocimiento e Innovaci\u00f3n y ejecutado por UACh, destaca la participaci\u00f3n de las fotograf\u00edas del concurso Ojo de Pez en este espect\u00e1culo y recalca que complementar\u00e1 la nutrida propuesta del Proyecto Explora Los R\u00edos para esta nueva versi\u00f3n del FECI. \u201cEste a\u00f1o nuestra actividad hito para el Festival de la Ciencia es el estreno de la serie &#8220;Visitas Virtuales&#8221;. En esta segunda temporada visitamos seis lugares de la regi\u00f3n bajo las tem\u00e1ticas de naturaleza, investigaci\u00f3n y patrimonio, mostrando desde el alerce m\u00e1s antiguo de Chile hasta c\u00f3mo se rescata la alfarer\u00eda de la cultura Pitr\u00e9n. Desde el mi\u00e9rcoles 20 al viernes 22 de octubre se estrenar\u00e1 un episodio nuevo a las 12:00 y 14:30 horas en las redes sociales del Proyecto Explora Los R\u00edos. Cada episodio nos pondr\u00e1 en el lugar de un visitante que quiere explorar los caminos y temas que se presentan desde hermosas localidades de la Regi\u00f3n de Los R\u00edos como La Uni\u00f3n, Corral, Panguipulli, Los Lagos, Lago Ranco y Valdivia\u201d, asegura.<\/p>\n<p><strong><em>Charla inaugural<\/em><\/strong><\/p>\n<p>Junto al lanzamiento del mapping FotoNaturalistas el pr\u00f3ximo 20 de octubre, ese mismo d\u00eda a las 19:30 horas, se llevar\u00e1 a cabo al interior de la Casa Prochelle una charla sobre fotograf\u00eda cient\u00edfica a cargo del destacado artista nacional Claudio Almarza. El tambi\u00e9n corresponsal de la revista National Geographic y Embajador de Canon, conversar\u00e1 con los asistentes sobre su amplia experiencia en el rubro y sobre los desaf\u00edos t\u00e9cnicos que profesionales y amateurs deben enfrentar en este rubro. La charla en modo presencial tendr\u00e1 un aforo limitado previa inscripci\u00f3n en el correo <a href=\"mailto:sur@minciencia.gob.cl\">sur@minciencia.gob.cl<\/a>. Pese a ello tanto la ceremonia inaugural como esta charla ser\u00e1n transmitidos en vivo a trav\u00e9s del canal de Youtube del Ministerio de Ciencia: <a href=\"http:\/\/www.youtube.com\/min_ciencia\">www.youtube.com\/min_ciencia<\/a>.<\/p>\n<p>Para conocer m\u00e1s detalles sobre este evento y de toda la cartelera del Festival de la Ciencia 2021, la informaci\u00f3n ya est\u00e1 disponible en el sitio www.festivaldelaciencia.cl.[\/vc_column_text][vc_single_image image=&#8221;40346&#8243; img_size=&#8221;full&#8221;][\/vc_column][\/vc_row][vc_row css=&#8221;.vc_custom_1614888019520{border-top-width: 1px !important;border-top-color: #b6b6b6 !important;border-top-style: solid !important;}&#8221;][vc_column][vc_column_text]<\/p>\n<p style=\"text-align: center;font-size: 0.9em;color: #b6b6b6\"><a href=\"https:\/\/dev.explora.cl\/rios\/protocolo\">Revisa nuestro Protocolo para Trabajo con Ni\u00f1os, Ni\u00f1as y Adolescentes<\/a><\/p>\n<p>[\/vc_column_text][\/vc_column][\/vc_row]<\/p>\n","protected":false},"excerpt":{"rendered":"<p>Con este evento gratuito se da inicio a las actividades en la Macrozona Sur del FECI, el cual es organizado en todo el pa\u00eds por el Ministerio de Ciencia. Para el d\u00eda inaugural tambi\u00e9n se contempla una charla sobre fotograf\u00eda cient\u00edfica del destacado corresponsal de National Geographic, Claudio Almarza. <\/p>\n","protected":false},"author":31,"featured_media":40345,"comment_status":"open","ping_status":"open","sticky":false,"template":"","format":"standard","meta":{"_acf_changed":false,"_exactmetrics_skip_tracking":false,"_exactmetrics_sitenote_active":false,"_exactmetrics_sitenote_note":"","_exactmetrics_sitenote_category":0,"footnotes":"","_links_to":"","_links_to_target":""},"categories":[4],"tags":[181,380,426,374,427,94,428,383],"class_list":["post-40344","post","type-post","status-publish","format-standard","has-post-thumbnail","hentry","category-noticias","tag-ciencias-marinas","tag-feci","tag-feci2021","tag-festival-de-la-ciencia","tag-mapping","tag-patrimonio","tag-presencial","tag-seremi-macrozona-sur"],"acf":[],"yoast_head":"<!-- This site is optimized with the Yoast SEO plugin v26.7 - https:\/\/yoast.com\/wordpress\/plugins\/seo\/ -->\n<title>En el Festival de la Ciencia proyectan fotograf\u00edas de naturaleza sobre fachada de edificio patrimonial de Valdivia - Los R\u00edos<\/title>\n<meta name=\"robots\" content=\"index, follow, max-snippet:-1, max-image-preview:large, max-video-preview:-1\" \/>\n<link rel=\"canonical\" href=\"https:\/\/dev.explora.cl\/rios\/en-el-festival-de-la-ciencia-proyectan-fotografias-de-naturaleza-sobre-fachada-de-edificio-patrimonial-de-valdivia\/\" class=\"yoast-seo-meta-tag\" \/>\n<meta property=\"og:locale\" content=\"es_ES\" class=\"yoast-seo-meta-tag\" \/>\n<meta property=\"og:type\" content=\"article\" class=\"yoast-seo-meta-tag\" \/>\n<meta property=\"og:title\" content=\"En el Festival de la Ciencia proyectan fotograf\u00edas de naturaleza sobre fachada de edificio patrimonial de Valdivia - Los R\u00edos\" class=\"yoast-seo-meta-tag\" \/>\n<meta property=\"og:description\" content=\"Con este evento gratuito se da inicio a las actividades en la Macrozona Sur del FECI, el cual es organizado en todo el pa\u00eds por el Ministerio de Ciencia. Para el d\u00eda inaugural tambi\u00e9n se contempla una charla sobre fotograf\u00eda cient\u00edfica del destacado corresponsal de National Geographic, Claudio Almarza.\" class=\"yoast-seo-meta-tag\" \/>\n<meta property=\"og:url\" content=\"https:\/\/dev.explora.cl\/rios\/en-el-festival-de-la-ciencia-proyectan-fotografias-de-naturaleza-sobre-fachada-de-edificio-patrimonial-de-valdivia\/\" class=\"yoast-seo-meta-tag\" \/>\n<meta property=\"og:site_name\" content=\"Los R\u00edos\" class=\"yoast-seo-meta-tag\" \/>\n<meta property=\"article:published_time\" content=\"2021-10-15T12:23:23+00:00\" class=\"yoast-seo-meta-tag\" \/>\n<meta property=\"article:modified_time\" content=\"2022-01-03T19:45:50+00:00\" class=\"yoast-seo-meta-tag\" \/>\n<meta property=\"og:image\" content=\"https:\/\/dev.explora.cl\/rios\/wp-content\/uploads\/sites\/16\/2021\/10\/MZ-Sur_FECI_Grafica-1-01.png\" class=\"yoast-seo-meta-tag\" \/>\n\t<meta property=\"og:image:width\" content=\"2667\" class=\"yoast-seo-meta-tag\" \/>\n\t<meta property=\"og:image:height\" content=\"1500\" class=\"yoast-seo-meta-tag\" \/>\n\t<meta property=\"og:image:type\" content=\"image\/png\" class=\"yoast-seo-meta-tag\" \/>\n<meta name=\"author\" content=\"smancilla\" class=\"yoast-seo-meta-tag\" \/>\n<meta name=\"twitter:card\" content=\"summary_large_image\" class=\"yoast-seo-meta-tag\" \/>\n<meta name=\"twitter:label1\" content=\"Escrito por\" class=\"yoast-seo-meta-tag\" \/>\n\t<meta name=\"twitter:data1\" content=\"smancilla\" class=\"yoast-seo-meta-tag\" \/>\n\t<meta name=\"twitter:label2\" content=\"Tiempo estimado de lectura\" class=\"yoast-seo-meta-tag\" \/>\n\t<meta name=\"twitter:data2\" content=\"5 minutos\" class=\"yoast-seo-meta-tag\" \/>\n<script type=\"application\/ld+json\" class=\"yoast-schema-graph\">{\"@context\":\"https:\/\/schema.org\",\"@graph\":[{\"@type\":\"Article\",\"@id\":\"https:\/\/dev.explora.cl\/rios\/en-el-festival-de-la-ciencia-proyectan-fotografias-de-naturaleza-sobre-fachada-de-edificio-patrimonial-de-valdivia\/#article\",\"isPartOf\":{\"@id\":\"https:\/\/dev.explora.cl\/rios\/en-el-festival-de-la-ciencia-proyectan-fotografias-de-naturaleza-sobre-fachada-de-edificio-patrimonial-de-valdivia\/\"},\"author\":{\"name\":\"smancilla\",\"@id\":\"https:\/\/dev.explora.cl\/rios\/#\/schema\/person\/279896208736d277e75690dde6cc1ea9\"},\"headline\":\"En el Festival de la Ciencia proyectan fotograf\u00edas de naturaleza sobre fachada de edificio patrimonial de Valdivia\",\"datePublished\":\"2021-10-15T12:23:23+00:00\",\"dateModified\":\"2022-01-03T19:45:50+00:00\",\"mainEntityOfPage\":{\"@id\":\"https:\/\/dev.explora.cl\/rios\/en-el-festival-de-la-ciencia-proyectan-fotografias-de-naturaleza-sobre-fachada-de-edificio-patrimonial-de-valdivia\/\"},\"wordCount\":1096,\"commentCount\":0,\"image\":{\"@id\":\"https:\/\/dev.explora.cl\/rios\/en-el-festival-de-la-ciencia-proyectan-fotografias-de-naturaleza-sobre-fachada-de-edificio-patrimonial-de-valdivia\/#primaryimage\"},\"thumbnailUrl\":\"https:\/\/dev.explora.cl\/rios\/wp-content\/uploads\/sites\/16\/2021\/10\/MZ-Sur_FECI_Grafica-1-01.png\",\"keywords\":[\"ciencias marinas\",\"FECI\",\"feci2021\",\"Festival de la Ciencia\",\"mapping\",\"patrimonio\",\"presencial\",\"Seremi Macrozona Sur\"],\"articleSection\":[\"Noticias\"],\"inLanguage\":\"es-CL\",\"potentialAction\":[{\"@type\":\"CommentAction\",\"name\":\"Comment\",\"target\":[\"https:\/\/dev.explora.cl\/rios\/en-el-festival-de-la-ciencia-proyectan-fotografias-de-naturaleza-sobre-fachada-de-edificio-patrimonial-de-valdivia\/#respond\"]}]},{\"@type\":\"WebPage\",\"@id\":\"https:\/\/dev.explora.cl\/rios\/en-el-festival-de-la-ciencia-proyectan-fotografias-de-naturaleza-sobre-fachada-de-edificio-patrimonial-de-valdivia\/\",\"url\":\"https:\/\/dev.explora.cl\/rios\/en-el-festival-de-la-ciencia-proyectan-fotografias-de-naturaleza-sobre-fachada-de-edificio-patrimonial-de-valdivia\/\",\"name\":\"En el Festival de la Ciencia proyectan fotograf\u00edas de naturaleza sobre fachada de edificio patrimonial de Valdivia - Los R\u00edos\",\"isPartOf\":{\"@id\":\"https:\/\/dev.explora.cl\/rios\/#website\"},\"primaryImageOfPage\":{\"@id\":\"https:\/\/dev.explora.cl\/rios\/en-el-festival-de-la-ciencia-proyectan-fotografias-de-naturaleza-sobre-fachada-de-edificio-patrimonial-de-valdivia\/#primaryimage\"},\"image\":{\"@id\":\"https:\/\/dev.explora.cl\/rios\/en-el-festival-de-la-ciencia-proyectan-fotografias-de-naturaleza-sobre-fachada-de-edificio-patrimonial-de-valdivia\/#primaryimage\"},\"thumbnailUrl\":\"https:\/\/dev.explora.cl\/rios\/wp-content\/uploads\/sites\/16\/2021\/10\/MZ-Sur_FECI_Grafica-1-01.png\",\"datePublished\":\"2021-10-15T12:23:23+00:00\",\"dateModified\":\"2022-01-03T19:45:50+00:00\",\"author\":{\"@id\":\"https:\/\/dev.explora.cl\/rios\/#\/schema\/person\/279896208736d277e75690dde6cc1ea9\"},\"breadcrumb\":{\"@id\":\"https:\/\/dev.explora.cl\/rios\/en-el-festival-de-la-ciencia-proyectan-fotografias-de-naturaleza-sobre-fachada-de-edificio-patrimonial-de-valdivia\/#breadcrumb\"},\"inLanguage\":\"es-CL\",\"potentialAction\":[{\"@type\":\"ReadAction\",\"target\":[\"https:\/\/dev.explora.cl\/rios\/en-el-festival-de-la-ciencia-proyectan-fotografias-de-naturaleza-sobre-fachada-de-edificio-patrimonial-de-valdivia\/\"]}]},{\"@type\":\"ImageObject\",\"inLanguage\":\"es-CL\",\"@id\":\"https:\/\/dev.explora.cl\/rios\/en-el-festival-de-la-ciencia-proyectan-fotografias-de-naturaleza-sobre-fachada-de-edificio-patrimonial-de-valdivia\/#primaryimage\",\"url\":\"https:\/\/dev.explora.cl\/rios\/wp-content\/uploads\/sites\/16\/2021\/10\/MZ-Sur_FECI_Grafica-1-01.png\",\"contentUrl\":\"https:\/\/dev.explora.cl\/rios\/wp-content\/uploads\/sites\/16\/2021\/10\/MZ-Sur_FECI_Grafica-1-01.png\",\"width\":2667,\"height\":1500},{\"@type\":\"BreadcrumbList\",\"@id\":\"https:\/\/dev.explora.cl\/rios\/en-el-festival-de-la-ciencia-proyectan-fotografias-de-naturaleza-sobre-fachada-de-edificio-patrimonial-de-valdivia\/#breadcrumb\",\"itemListElement\":[{\"@type\":\"ListItem\",\"position\":1,\"name\":\"Portada\",\"item\":\"https:\/\/dev.explora.cl\/rios\/\"},{\"@type\":\"ListItem\",\"position\":2,\"name\":\"En el Festival de la Ciencia proyectan fotograf\u00edas de naturaleza sobre fachada de edificio patrimonial de Valdivia\"}]},{\"@type\":\"WebSite\",\"@id\":\"https:\/\/dev.explora.cl\/rios\/#website\",\"url\":\"https:\/\/dev.explora.cl\/rios\/\",\"name\":\"Los R\u00edos\",\"description\":\"Otro sitio m\u00e1s de dev.explora.cl\",\"potentialAction\":[{\"@type\":\"SearchAction\",\"target\":{\"@type\":\"EntryPoint\",\"urlTemplate\":\"https:\/\/dev.explora.cl\/rios\/?s={search_term_string}\"},\"query-input\":{\"@type\":\"PropertyValueSpecification\",\"valueRequired\":true,\"valueName\":\"search_term_string\"}}],\"inLanguage\":\"es-CL\"},{\"@type\":\"Person\",\"@id\":\"https:\/\/dev.explora.cl\/rios\/#\/schema\/person\/279896208736d277e75690dde6cc1ea9\",\"name\":\"smancilla\",\"image\":{\"@type\":\"ImageObject\",\"inLanguage\":\"es-CL\",\"@id\":\"https:\/\/dev.explora.cl\/rios\/#\/schema\/person\/image\/\",\"url\":\"https:\/\/secure.gravatar.com\/avatar\/a1c7f8b1dd453e8facadec2bf18354190c777b5556feaaadfa0f6a129ab9b015?s=96&d=mm&r=g\",\"contentUrl\":\"https:\/\/secure.gravatar.com\/avatar\/a1c7f8b1dd453e8facadec2bf18354190c777b5556feaaadfa0f6a129ab9b015?s=96&d=mm&r=g\",\"caption\":\"smancilla\"},\"url\":\"https:\/\/dev.explora.cl\/rios\/author\/smancilla\/\"}]}<\/script>\n<!-- \/ Yoast SEO plugin. -->","yoast_head_json":{"title":"En el Festival de la Ciencia proyectan fotograf\u00edas de naturaleza sobre fachada de edificio patrimonial de Valdivia - Los R\u00edos","robots":{"index":"index","follow":"follow","max-snippet":"max-snippet:-1","max-image-preview":"max-image-preview:large","max-video-preview":"max-video-preview:-1"},"canonical":"https:\/\/dev.explora.cl\/rios\/en-el-festival-de-la-ciencia-proyectan-fotografias-de-naturaleza-sobre-fachada-de-edificio-patrimonial-de-valdivia\/","og_locale":"es_ES","og_type":"article","og_title":"En el Festival de la Ciencia proyectan fotograf\u00edas de naturaleza sobre fachada de edificio patrimonial de Valdivia - Los R\u00edos","og_description":"Con este evento gratuito se da inicio a las actividades en la Macrozona Sur del FECI, el cual es organizado en todo el pa\u00eds por el Ministerio de Ciencia. Para el d\u00eda inaugural tambi\u00e9n se contempla una charla sobre fotograf\u00eda cient\u00edfica del destacado corresponsal de National Geographic, Claudio Almarza.","og_url":"https:\/\/dev.explora.cl\/rios\/en-el-festival-de-la-ciencia-proyectan-fotografias-de-naturaleza-sobre-fachada-de-edificio-patrimonial-de-valdivia\/","og_site_name":"Los R\u00edos","article_published_time":"2021-10-15T12:23:23+00:00","article_modified_time":"2022-01-03T19:45:50+00:00","og_image":[{"width":2667,"height":1500,"url":"https:\/\/dev.explora.cl\/rios\/wp-content\/uploads\/sites\/16\/2021\/10\/MZ-Sur_FECI_Grafica-1-01.png","type":"image\/png"}],"author":"smancilla","twitter_card":"summary_large_image","twitter_misc":{"Escrito por":"smancilla","Tiempo estimado de lectura":"5 minutos"},"schema":{"@context":"https:\/\/schema.org","@graph":[{"@type":"Article","@id":"https:\/\/dev.explora.cl\/rios\/en-el-festival-de-la-ciencia-proyectan-fotografias-de-naturaleza-sobre-fachada-de-edificio-patrimonial-de-valdivia\/#article","isPartOf":{"@id":"https:\/\/dev.explora.cl\/rios\/en-el-festival-de-la-ciencia-proyectan-fotografias-de-naturaleza-sobre-fachada-de-edificio-patrimonial-de-valdivia\/"},"author":{"name":"smancilla","@id":"https:\/\/dev.explora.cl\/rios\/#\/schema\/person\/279896208736d277e75690dde6cc1ea9"},"headline":"En el Festival de la Ciencia proyectan fotograf\u00edas de naturaleza sobre fachada de edificio patrimonial de Valdivia","datePublished":"2021-10-15T12:23:23+00:00","dateModified":"2022-01-03T19:45:50+00:00","mainEntityOfPage":{"@id":"https:\/\/dev.explora.cl\/rios\/en-el-festival-de-la-ciencia-proyectan-fotografias-de-naturaleza-sobre-fachada-de-edificio-patrimonial-de-valdivia\/"},"wordCount":1096,"commentCount":0,"image":{"@id":"https:\/\/dev.explora.cl\/rios\/en-el-festival-de-la-ciencia-proyectan-fotografias-de-naturaleza-sobre-fachada-de-edificio-patrimonial-de-valdivia\/#primaryimage"},"thumbnailUrl":"https:\/\/dev.explora.cl\/rios\/wp-content\/uploads\/sites\/16\/2021\/10\/MZ-Sur_FECI_Grafica-1-01.png","keywords":["ciencias marinas","FECI","feci2021","Festival de la Ciencia","mapping","patrimonio","presencial","Seremi Macrozona Sur"],"articleSection":["Noticias"],"inLanguage":"es-CL","potentialAction":[{"@type":"CommentAction","name":"Comment","target":["https:\/\/dev.explora.cl\/rios\/en-el-festival-de-la-ciencia-proyectan-fotografias-de-naturaleza-sobre-fachada-de-edificio-patrimonial-de-valdivia\/#respond"]}]},{"@type":"WebPage","@id":"https:\/\/dev.explora.cl\/rios\/en-el-festival-de-la-ciencia-proyectan-fotografias-de-naturaleza-sobre-fachada-de-edificio-patrimonial-de-valdivia\/","url":"https:\/\/dev.explora.cl\/rios\/en-el-festival-de-la-ciencia-proyectan-fotografias-de-naturaleza-sobre-fachada-de-edificio-patrimonial-de-valdivia\/","name":"En el Festival de la Ciencia proyectan fotograf\u00edas de naturaleza sobre fachada de edificio patrimonial de Valdivia - Los R\u00edos","isPartOf":{"@id":"https:\/\/dev.explora.cl\/rios\/#website"},"primaryImageOfPage":{"@id":"https:\/\/dev.explora.cl\/rios\/en-el-festival-de-la-ciencia-proyectan-fotografias-de-naturaleza-sobre-fachada-de-edificio-patrimonial-de-valdivia\/#primaryimage"},"image":{"@id":"https:\/\/dev.explora.cl\/rios\/en-el-festival-de-la-ciencia-proyectan-fotografias-de-naturaleza-sobre-fachada-de-edificio-patrimonial-de-valdivia\/#primaryimage"},"thumbnailUrl":"https:\/\/dev.explora.cl\/rios\/wp-content\/uploads\/sites\/16\/2021\/10\/MZ-Sur_FECI_Grafica-1-01.png","datePublished":"2021-10-15T12:23:23+00:00","dateModified":"2022-01-03T19:45:50+00:00","author":{"@id":"https:\/\/dev.explora.cl\/rios\/#\/schema\/person\/279896208736d277e75690dde6cc1ea9"},"breadcrumb":{"@id":"https:\/\/dev.explora.cl\/rios\/en-el-festival-de-la-ciencia-proyectan-fotografias-de-naturaleza-sobre-fachada-de-edificio-patrimonial-de-valdivia\/#breadcrumb"},"inLanguage":"es-CL","potentialAction":[{"@type":"ReadAction","target":["https:\/\/dev.explora.cl\/rios\/en-el-festival-de-la-ciencia-proyectan-fotografias-de-naturaleza-sobre-fachada-de-edificio-patrimonial-de-valdivia\/"]}]},{"@type":"ImageObject","inLanguage":"es-CL","@id":"https:\/\/dev.explora.cl\/rios\/en-el-festival-de-la-ciencia-proyectan-fotografias-de-naturaleza-sobre-fachada-de-edificio-patrimonial-de-valdivia\/#primaryimage","url":"https:\/\/dev.explora.cl\/rios\/wp-content\/uploads\/sites\/16\/2021\/10\/MZ-Sur_FECI_Grafica-1-01.png","contentUrl":"https:\/\/dev.explora.cl\/rios\/wp-content\/uploads\/sites\/16\/2021\/10\/MZ-Sur_FECI_Grafica-1-01.png","width":2667,"height":1500},{"@type":"BreadcrumbList","@id":"https:\/\/dev.explora.cl\/rios\/en-el-festival-de-la-ciencia-proyectan-fotografias-de-naturaleza-sobre-fachada-de-edificio-patrimonial-de-valdivia\/#breadcrumb","itemListElement":[{"@type":"ListItem","position":1,"name":"Portada","item":"https:\/\/dev.explora.cl\/rios\/"},{"@type":"ListItem","position":2,"name":"En el Festival de la Ciencia proyectan fotograf\u00edas de naturaleza sobre fachada de edificio patrimonial de Valdivia"}]},{"@type":"WebSite","@id":"https:\/\/dev.explora.cl\/rios\/#website","url":"https:\/\/dev.explora.cl\/rios\/","name":"Los R\u00edos","description":"Otro sitio m\u00e1s de dev.explora.cl","potentialAction":[{"@type":"SearchAction","target":{"@type":"EntryPoint","urlTemplate":"https:\/\/dev.explora.cl\/rios\/?s={search_term_string}"},"query-input":{"@type":"PropertyValueSpecification","valueRequired":true,"valueName":"search_term_string"}}],"inLanguage":"es-CL"},{"@type":"Person","@id":"https:\/\/dev.explora.cl\/rios\/#\/schema\/person\/279896208736d277e75690dde6cc1ea9","name":"smancilla","image":{"@type":"ImageObject","inLanguage":"es-CL","@id":"https:\/\/dev.explora.cl\/rios\/#\/schema\/person\/image\/","url":"https:\/\/secure.gravatar.com\/avatar\/a1c7f8b1dd453e8facadec2bf18354190c777b5556feaaadfa0f6a129ab9b015?s=96&d=mm&r=g","contentUrl":"https:\/\/secure.gravatar.com\/avatar\/a1c7f8b1dd453e8facadec2bf18354190c777b5556feaaadfa0f6a129ab9b015?s=96&d=mm&r=g","caption":"smancilla"},"url":"https:\/\/dev.explora.cl\/rios\/author\/smancilla\/"}]}},"_links":{"self":[{"href":"https:\/\/dev.explora.cl\/rios\/wp-json\/wp\/v2\/posts\/40344","targetHints":{"allow":["GET"]}}],"collection":[{"href":"https:\/\/dev.explora.cl\/rios\/wp-json\/wp\/v2\/posts"}],"about":[{"href":"https:\/\/dev.explora.cl\/rios\/wp-json\/wp\/v2\/types\/post"}],"author":[{"embeddable":true,"href":"https:\/\/dev.explora.cl\/rios\/wp-json\/wp\/v2\/users\/31"}],"replies":[{"embeddable":true,"href":"https:\/\/dev.explora.cl\/rios\/wp-json\/wp\/v2\/comments?post=40344"}],"version-history":[{"count":1,"href":"https:\/\/dev.explora.cl\/rios\/wp-json\/wp\/v2\/posts\/40344\/revisions"}],"predecessor-version":[{"id":40347,"href":"https:\/\/dev.explora.cl\/rios\/wp-json\/wp\/v2\/posts\/40344\/revisions\/40347"}],"wp:featuredmedia":[{"embeddable":true,"href":"https:\/\/dev.explora.cl\/rios\/wp-json\/wp\/v2\/media\/40345"}],"wp:attachment":[{"href":"https:\/\/dev.explora.cl\/rios\/wp-json\/wp\/v2\/media?parent=40344"}],"wp:term":[{"taxonomy":"category","embeddable":true,"href":"https:\/\/dev.explora.cl\/rios\/wp-json\/wp\/v2\/categories?post=40344"},{"taxonomy":"post_tag","embeddable":true,"href":"https:\/\/dev.explora.cl\/rios\/wp-json\/wp\/v2\/tags?post=40344"}],"curies":[{"name":"wp","href":"https:\/\/api.w.org\/{rel}","templated":true}]}}