{"id":40285,"date":"2021-10-04T16:04:09","date_gmt":"2021-10-04T19:04:09","guid":{"rendered":"https:\/\/dev.explora.cl\/rios\/?p=40285"},"modified":"2021-11-03T12:49:31","modified_gmt":"2021-11-03T15:49:31","slug":"se-revelaron-los-ganadores-del-concurso-fotografico-ojo-de-pez-2021","status":"publish","type":"post","link":"https:\/\/dev.explora.cl\/rios\/se-revelaron-los-ganadores-del-concurso-fotografico-ojo-de-pez-2021\/","title":{"rendered":"Se revelaron los ganadores del concurso fotogr\u00e1fico Ojo de Pez 2021"},"content":{"rendered":"<p>[vc_row][vc_column][vc_row_inner][vc_column_inner width=&#8221;2\/3&#8243;][vc_custom_heading text=&#8221;De 252 fotograf\u00edas participantes en Ojo de Pez 2021 se premiaron a 14 fot\u00f3grafos distribuidos de norte a sur: Quintero, Vi\u00f1a del Mar, Villa Alemana, Santiago, Chill\u00e1n, Valdivia, Futrono, y Punta Arenas. Imagen: Medusa B&amp;W, Christian Yenes.&#8221; font_container=&#8221;tag:h3|text_align:left&#8221;][\/vc_column_inner][vc_column_inner width=&#8221;1\/3&#8243;][vc_btn title=&#8221;Mira la ceremonia&#8221; style=&#8221;custom&#8221; custom_background=&#8221;#81d742&#8243; custom_text=&#8221;#ffffff&#8221; size=&#8221;lg&#8221; align=&#8221;center&#8221; i_align=&#8221;right&#8221; i_icon_fontawesome=&#8221;fa fa-arrow-circle-right&#8221; button_block=&#8221;true&#8221; add_icon=&#8221;true&#8221; link=&#8221;url:https%3A%2F%2Fwww.youtube.com%2Fwatch%3Fv%3DWP5POjcTe-o|||&#8221;][\/vc_column_inner][\/vc_row_inner][vc_column_text]<span style=\"font-weight: 400\">El mi\u00e9rcoles 29 de septiembre se dieron p\u00fablicamente los nombres de los 14 premiados del concurso fotogr\u00e1fico Ojo de Pez. Este a\u00f1o solo uno de los elegidos es profesional, el resto son aficionados, aunque sus fotograf\u00edas parecieran ser realizadas por expertos, definitivamente son amantes de los cuerpos acu\u00e1ticos.<\/span><\/p>\n<p><span style=\"font-weight: 400\">Los colores definidos, enfoques perfectos, perspectivas atractivas, animales y paisajes \u00fanicos, no hicieron f\u00e1cil la selecci\u00f3n de los ganadores. Pero, dentro de las fotograf\u00edas que vio el jurado, la que deslumbr\u00f3 fue la de Christian Yenes, con la fotograf\u00eda de una medusa en blanco y negro en primer plano justo en el centro de la captura, logrando con ello el premio Ojo de Pez 2021. Su autor, se vio sorprendido y muy contento al enterarse de su reconocimiento.<\/span><\/p>\n<p><span style=\"font-weight: 400\">En la categor\u00eda Ambientes Ant\u00e1rticos y Subant\u00e1rticos, el tercer lugar fue para la fotograf\u00eda \u201cCastillo de Hielo en Mar de Bellingshausen, de Gonzalo Bertolotto; el segundo lugar fue para la fotograf\u00eda \u201cEl Guardi\u00e1n sobre las Esfinges Hielos del Fin del Mundo\u201d, de Felipe Molina; finalmente el ganador de la categor\u00eda fue Helmulth Villarroel con un paisaje, y su obra la titul\u00f3 \u201cMuelle al Amanecer\u201d.<\/span><\/p>\n<p><span style=\"font-weight: 400\">En la categor\u00eda Flora y Fauna, el tercer lugar fue para Javier Polaco, con \u201cAtraganta(o)\u201d; el segundo galard\u00f3n lo consigui\u00f3 la fotograf\u00eda \u201cMedusas de Quintay\u201d, de la mano del fot\u00f3grafo Juan Bacigaluppi; y el ganador de la categor\u00eda fue Antonio Miroslav con la fotograf\u00eda \u201cFilamentos Celestiales\u201d.<\/span><\/p>\n<p><span style=\"font-weight: 400\">En las categor\u00edas Paisaje, Trabajo y Conservaci\u00f3n Acu\u00e1tica, los laureados fueron Luigi Ciampi, con el tercer lugar y la fotograf\u00eda \u201cColorido Amanecer\u201d; el segundo lugar lo alcanz\u00f3 Carlos Mar\u00edn, con la imagen \u201cTesoros de una Zona de Sacrificio\u201d; y el ganador de la categor\u00eda fue Felipe Araya, con \u201cLa Caza del Pl\u00e1stico\u201d.<\/span><\/p>\n<p><span style=\"font-weight: 400\">El premio Regi\u00f3n de Los R\u00edos, fue para una captura siempre atractiva y dif\u00edcil de conseguir titulada \u201cEl Descanso del Chungungo\u201d, cuyo autor es Mauricio Soto Gamboa.<\/span><\/p>\n<p><b>Premios del p\u00fablico<\/b><\/p>\n<p><span style=\"font-weight: 400\">En los premios conseguidos a trav\u00e9s de votaci\u00f3n en redes sociales, el tercer lugar fue para Mar\u00eda Jos\u00e9 Rosello, con la imagen \u201cEncuentros\u201d; el segundo lugar fue para Ra\u00fal San Mart\u00edn, y una muy buena toma de una an\u00e9mona y su imagen la denomin\u00f3 \u201cActinia Patag\u00f3nica\u201d. El ganador del P\u00fablico recay\u00f3 sobre Jos\u00e9 Kappes, con la fotograf\u00eda \u201cEsponja Estrellada\u201d.<\/span><\/p>\n<p><span style=\"font-weight: 400\">El Jurado del concurso Ojo de Pez 2021 se conform\u00f3 por la periodista cient\u00edfica Andrea Obaid, la presidenta de Achipec Dra. N\u00e9lida Pohl, el fot\u00f3grafo subacu\u00e1tico Eduardo Sorensen, el fot\u00f3grafo de EPA Felipe Trueba y la fot\u00f3grafa de EFE Sashenka Guti\u00e9rrez.<\/span><\/p>\n<p><span style=\"font-weight: 400\">El concurso\u00a0 Ojo de Pez es organizado por el <\/span><a href=\"http:\/\/www.icml.uach.cl\/\"><span style=\"font-weight: 400\">ICML<\/span><\/a><span style=\"font-weight: 400\"> de la Universidad Austral de Chile (<\/span><a href=\"https:\/\/www.uach.cl\/\"><span style=\"font-weight: 400\">UACh<\/span><\/a><span style=\"font-weight: 400\">), el <\/span><a href=\"https:\/\/dev.explora.cl\/rios\/\"><span style=\"font-weight: 400\">Proyecto Explora Los R\u00edos<\/span><\/a><span style=\"font-weight: 400\"> del Ministerio de Ciencia, Tecnolog\u00eda, Conocimiento e Innovaci\u00f3n y el Centro Investigaci\u00f3n Din\u00e1mica <\/span><a href=\"https:\/\/www.centroideal.cl\/\"><span style=\"font-weight: 400\">IDEAL<\/span><\/a><span style=\"font-weight: 400\"> con la colaboraci\u00f3n del <\/span><a href=\"http:\/\/www.museosaustral.cl\/museos\/museo-r-a-philippi-de-la-exploracion\"><span style=\"font-weight: 400\">Museo de Exploraci\u00f3n R. A. Philippi<\/span><\/a><span style=\"font-weight: 400\"> de la UACh. Adem\u00e1s, cuenta con el auspicio de la <\/span><a href=\"http:\/\/sitiosciencias.uach.cl\/biologia-marina\/\"><span style=\"font-weight: 400\">Escuela de Biolog\u00eda Marina<\/span><\/a><span style=\"font-weight: 400\">, la <\/span><a href=\"https:\/\/www.uach.cl\/organizacion\/vicerrectoria-investigacion-desarrollo-y-creacion-artistica\/presentacion\/presentacion\"><span style=\"font-weight: 400\">Vicerrector\u00eda de Investigaci\u00f3n, Desarrollo y Creaci\u00f3n Art\u00edstica<\/span><\/a><span style=\"font-weight: 400\"> y el <\/span><a href=\"http:\/\/www.postgradociencias.uach.cl\/doctorado-biologia-marina\/\"><span style=\"font-weight: 400\">Doctorado en Biolog\u00eda Marina<\/span><\/a><span style=\"font-weight: 400\"> dependientes de la UACh.\u00a0<\/span>[\/vc_column_text][vc_video link=&#8221;https:\/\/www.youtube.com\/watch?v=WP5POjcTe-o&#8221;][\/vc_column][\/vc_row][vc_row css=&#8221;.vc_custom_1614888019520{border-top-width: 1px !important;border-top-color: #b6b6b6 !important;border-top-style: solid !important;}&#8221;][vc_column][vc_column_text]<\/p>\n<p style=\"text-align: center;font-size: 0.9em;color: #b6b6b6\"><a href=\"https:\/\/dev.explora.cl\/rios\/protocolo\">Revisa nuestro Protocolo para Trabajo con Ni\u00f1os, Ni\u00f1as y Adolescentes<\/a><\/p>\n<p>[\/vc_column_text][\/vc_column][\/vc_row]<\/p>\n","protected":false},"excerpt":{"rendered":"<p>De 252 fotograf\u00edas participantes en Ojo de Pez 2021 se premiaron a 14 fot\u00f3grafos distribuidos de norte a sur: Quintero, Vi\u00f1a del Mar, Villa Alemana, Santiago, Chill\u00e1n, Valdivia, Futrono, y Punta Arenas.<\/p>\n","protected":false},"author":31,"featured_media":40286,"comment_status":"open","ping_status":"open","sticky":false,"template":"","format":"standard","meta":{"_acf_changed":false,"_exactmetrics_skip_tracking":false,"_exactmetrics_sitenote_active":false,"_exactmetrics_sitenote_note":"","_exactmetrics_sitenote_category":0,"footnotes":"","_links_to":"","_links_to_target":""},"categories":[4],"tags":[182,377,423,421,422,269],"class_list":["post-40285","post","type-post","status-publish","format-standard","has-post-thumbnail","hentry","category-noticias","tag-fotografia","tag-ganadores","tag-mar","tag-naturaleza","tag-oceano","tag-ojo-de-pez"],"acf":[],"yoast_head":"<!-- This site is optimized with the Yoast SEO plugin v26.7 - https:\/\/yoast.com\/wordpress\/plugins\/seo\/ -->\n<title>Se revelaron los ganadores del concurso fotogr\u00e1fico Ojo de Pez 2021 - Los R\u00edos<\/title>\n<meta name=\"robots\" content=\"index, follow, max-snippet:-1, max-image-preview:large, max-video-preview:-1\" \/>\n<link rel=\"canonical\" href=\"https:\/\/dev.explora.cl\/rios\/se-revelaron-los-ganadores-del-concurso-fotografico-ojo-de-pez-2021\/\" class=\"yoast-seo-meta-tag\" \/>\n<meta property=\"og:locale\" content=\"es_ES\" class=\"yoast-seo-meta-tag\" \/>\n<meta property=\"og:type\" content=\"article\" class=\"yoast-seo-meta-tag\" \/>\n<meta property=\"og:title\" content=\"Se revelaron los ganadores del concurso fotogr\u00e1fico Ojo de Pez 2021 - Los R\u00edos\" class=\"yoast-seo-meta-tag\" \/>\n<meta property=\"og:description\" content=\"De 252 fotograf\u00edas participantes en Ojo de Pez 2021 se premiaron a 14 fot\u00f3grafos distribuidos de norte a sur: Quintero, Vi\u00f1a del Mar, Villa Alemana, Santiago, Chill\u00e1n, Valdivia, Futrono, y Punta Arenas.\" class=\"yoast-seo-meta-tag\" \/>\n<meta property=\"og:url\" content=\"https:\/\/dev.explora.cl\/rios\/se-revelaron-los-ganadores-del-concurso-fotografico-ojo-de-pez-2021\/\" class=\"yoast-seo-meta-tag\" \/>\n<meta property=\"og:site_name\" content=\"Los R\u00edos\" class=\"yoast-seo-meta-tag\" \/>\n<meta property=\"article:published_time\" content=\"2021-10-04T19:04:09+00:00\" class=\"yoast-seo-meta-tag\" \/>\n<meta property=\"article:modified_time\" content=\"2021-11-03T15:49:31+00:00\" class=\"yoast-seo-meta-tag\" \/>\n<meta property=\"og:image\" content=\"https:\/\/dev.explora.cl\/rios\/wp-content\/uploads\/sites\/16\/2021\/10\/F_153826420_1.jpg\" class=\"yoast-seo-meta-tag\" \/>\n\t<meta property=\"og:image:width\" content=\"1296\" class=\"yoast-seo-meta-tag\" \/>\n\t<meta property=\"og:image:height\" content=\"1080\" class=\"yoast-seo-meta-tag\" \/>\n\t<meta property=\"og:image:type\" content=\"image\/jpeg\" class=\"yoast-seo-meta-tag\" \/>\n<meta name=\"author\" content=\"smancilla\" class=\"yoast-seo-meta-tag\" \/>\n<meta name=\"twitter:card\" content=\"summary_large_image\" class=\"yoast-seo-meta-tag\" \/>\n<meta name=\"twitter:label1\" content=\"Escrito por\" class=\"yoast-seo-meta-tag\" \/>\n\t<meta name=\"twitter:data1\" content=\"smancilla\" class=\"yoast-seo-meta-tag\" \/>\n\t<meta name=\"twitter:label2\" content=\"Tiempo estimado de lectura\" class=\"yoast-seo-meta-tag\" \/>\n\t<meta name=\"twitter:data2\" content=\"4 minutos\" class=\"yoast-seo-meta-tag\" \/>\n<script type=\"application\/ld+json\" class=\"yoast-schema-graph\">{\"@context\":\"https:\/\/schema.org\",\"@graph\":[{\"@type\":\"Article\",\"@id\":\"https:\/\/dev.explora.cl\/rios\/se-revelaron-los-ganadores-del-concurso-fotografico-ojo-de-pez-2021\/#article\",\"isPartOf\":{\"@id\":\"https:\/\/dev.explora.cl\/rios\/se-revelaron-los-ganadores-del-concurso-fotografico-ojo-de-pez-2021\/\"},\"author\":{\"name\":\"smancilla\",\"@id\":\"https:\/\/dev.explora.cl\/rios\/#\/schema\/person\/279896208736d277e75690dde6cc1ea9\"},\"headline\":\"Se revelaron los ganadores del concurso fotogr\u00e1fico Ojo de Pez 2021\",\"datePublished\":\"2021-10-04T19:04:09+00:00\",\"dateModified\":\"2021-11-03T15:49:31+00:00\",\"mainEntityOfPage\":{\"@id\":\"https:\/\/dev.explora.cl\/rios\/se-revelaron-los-ganadores-del-concurso-fotografico-ojo-de-pez-2021\/\"},\"wordCount\":748,\"commentCount\":0,\"image\":{\"@id\":\"https:\/\/dev.explora.cl\/rios\/se-revelaron-los-ganadores-del-concurso-fotografico-ojo-de-pez-2021\/#primaryimage\"},\"thumbnailUrl\":\"https:\/\/dev.explora.cl\/rios\/wp-content\/uploads\/sites\/16\/2021\/10\/F_153826420_1.jpg\",\"keywords\":[\"fotograf\u00eda\",\"ganadores\",\"mar\",\"naturaleza\",\"oc\u00e9ano\",\"ojo de pez\"],\"articleSection\":[\"Noticias\"],\"inLanguage\":\"es-CL\",\"potentialAction\":[{\"@type\":\"CommentAction\",\"name\":\"Comment\",\"target\":[\"https:\/\/dev.explora.cl\/rios\/se-revelaron-los-ganadores-del-concurso-fotografico-ojo-de-pez-2021\/#respond\"]}]},{\"@type\":\"WebPage\",\"@id\":\"https:\/\/dev.explora.cl\/rios\/se-revelaron-los-ganadores-del-concurso-fotografico-ojo-de-pez-2021\/\",\"url\":\"https:\/\/dev.explora.cl\/rios\/se-revelaron-los-ganadores-del-concurso-fotografico-ojo-de-pez-2021\/\",\"name\":\"Se revelaron los ganadores del concurso fotogr\u00e1fico Ojo de Pez 2021 - Los R\u00edos\",\"isPartOf\":{\"@id\":\"https:\/\/dev.explora.cl\/rios\/#website\"},\"primaryImageOfPage\":{\"@id\":\"https:\/\/dev.explora.cl\/rios\/se-revelaron-los-ganadores-del-concurso-fotografico-ojo-de-pez-2021\/#primaryimage\"},\"image\":{\"@id\":\"https:\/\/dev.explora.cl\/rios\/se-revelaron-los-ganadores-del-concurso-fotografico-ojo-de-pez-2021\/#primaryimage\"},\"thumbnailUrl\":\"https:\/\/dev.explora.cl\/rios\/wp-content\/uploads\/sites\/16\/2021\/10\/F_153826420_1.jpg\",\"datePublished\":\"2021-10-04T19:04:09+00:00\",\"dateModified\":\"2021-11-03T15:49:31+00:00\",\"author\":{\"@id\":\"https:\/\/dev.explora.cl\/rios\/#\/schema\/person\/279896208736d277e75690dde6cc1ea9\"},\"breadcrumb\":{\"@id\":\"https:\/\/dev.explora.cl\/rios\/se-revelaron-los-ganadores-del-concurso-fotografico-ojo-de-pez-2021\/#breadcrumb\"},\"inLanguage\":\"es-CL\",\"potentialAction\":[{\"@type\":\"ReadAction\",\"target\":[\"https:\/\/dev.explora.cl\/rios\/se-revelaron-los-ganadores-del-concurso-fotografico-ojo-de-pez-2021\/\"]}]},{\"@type\":\"ImageObject\",\"inLanguage\":\"es-CL\",\"@id\":\"https:\/\/dev.explora.cl\/rios\/se-revelaron-los-ganadores-del-concurso-fotografico-ojo-de-pez-2021\/#primaryimage\",\"url\":\"https:\/\/dev.explora.cl\/rios\/wp-content\/uploads\/sites\/16\/2021\/10\/F_153826420_1.jpg\",\"contentUrl\":\"https:\/\/dev.explora.cl\/rios\/wp-content\/uploads\/sites\/16\/2021\/10\/F_153826420_1.jpg\",\"width\":1296,\"height\":1080},{\"@type\":\"BreadcrumbList\",\"@id\":\"https:\/\/dev.explora.cl\/rios\/se-revelaron-los-ganadores-del-concurso-fotografico-ojo-de-pez-2021\/#breadcrumb\",\"itemListElement\":[{\"@type\":\"ListItem\",\"position\":1,\"name\":\"Portada\",\"item\":\"https:\/\/dev.explora.cl\/rios\/\"},{\"@type\":\"ListItem\",\"position\":2,\"name\":\"Se revelaron los ganadores del concurso fotogr\u00e1fico Ojo de Pez 2021\"}]},{\"@type\":\"WebSite\",\"@id\":\"https:\/\/dev.explora.cl\/rios\/#website\",\"url\":\"https:\/\/dev.explora.cl\/rios\/\",\"name\":\"Los R\u00edos\",\"description\":\"Otro sitio m\u00e1s de dev.explora.cl\",\"potentialAction\":[{\"@type\":\"SearchAction\",\"target\":{\"@type\":\"EntryPoint\",\"urlTemplate\":\"https:\/\/dev.explora.cl\/rios\/?s={search_term_string}\"},\"query-input\":{\"@type\":\"PropertyValueSpecification\",\"valueRequired\":true,\"valueName\":\"search_term_string\"}}],\"inLanguage\":\"es-CL\"},{\"@type\":\"Person\",\"@id\":\"https:\/\/dev.explora.cl\/rios\/#\/schema\/person\/279896208736d277e75690dde6cc1ea9\",\"name\":\"smancilla\",\"image\":{\"@type\":\"ImageObject\",\"inLanguage\":\"es-CL\",\"@id\":\"https:\/\/dev.explora.cl\/rios\/#\/schema\/person\/image\/\",\"url\":\"https:\/\/secure.gravatar.com\/avatar\/a1c7f8b1dd453e8facadec2bf18354190c777b5556feaaadfa0f6a129ab9b015?s=96&d=mm&r=g\",\"contentUrl\":\"https:\/\/secure.gravatar.com\/avatar\/a1c7f8b1dd453e8facadec2bf18354190c777b5556feaaadfa0f6a129ab9b015?s=96&d=mm&r=g\",\"caption\":\"smancilla\"},\"url\":\"https:\/\/dev.explora.cl\/rios\/author\/smancilla\/\"}]}<\/script>\n<!-- \/ Yoast SEO plugin. -->","yoast_head_json":{"title":"Se revelaron los ganadores del concurso fotogr\u00e1fico Ojo de Pez 2021 - Los R\u00edos","robots":{"index":"index","follow":"follow","max-snippet":"max-snippet:-1","max-image-preview":"max-image-preview:large","max-video-preview":"max-video-preview:-1"},"canonical":"https:\/\/dev.explora.cl\/rios\/se-revelaron-los-ganadores-del-concurso-fotografico-ojo-de-pez-2021\/","og_locale":"es_ES","og_type":"article","og_title":"Se revelaron los ganadores del concurso fotogr\u00e1fico Ojo de Pez 2021 - Los R\u00edos","og_description":"De 252 fotograf\u00edas participantes en Ojo de Pez 2021 se premiaron a 14 fot\u00f3grafos distribuidos de norte a sur: Quintero, Vi\u00f1a del Mar, Villa Alemana, Santiago, Chill\u00e1n, Valdivia, Futrono, y Punta Arenas.","og_url":"https:\/\/dev.explora.cl\/rios\/se-revelaron-los-ganadores-del-concurso-fotografico-ojo-de-pez-2021\/","og_site_name":"Los R\u00edos","article_published_time":"2021-10-04T19:04:09+00:00","article_modified_time":"2021-11-03T15:49:31+00:00","og_image":[{"width":1296,"height":1080,"url":"https:\/\/dev.explora.cl\/rios\/wp-content\/uploads\/sites\/16\/2021\/10\/F_153826420_1.jpg","type":"image\/jpeg"}],"author":"smancilla","twitter_card":"summary_large_image","twitter_misc":{"Escrito por":"smancilla","Tiempo estimado de lectura":"4 minutos"},"schema":{"@context":"https:\/\/schema.org","@graph":[{"@type":"Article","@id":"https:\/\/dev.explora.cl\/rios\/se-revelaron-los-ganadores-del-concurso-fotografico-ojo-de-pez-2021\/#article","isPartOf":{"@id":"https:\/\/dev.explora.cl\/rios\/se-revelaron-los-ganadores-del-concurso-fotografico-ojo-de-pez-2021\/"},"author":{"name":"smancilla","@id":"https:\/\/dev.explora.cl\/rios\/#\/schema\/person\/279896208736d277e75690dde6cc1ea9"},"headline":"Se revelaron los ganadores del concurso fotogr\u00e1fico Ojo de Pez 2021","datePublished":"2021-10-04T19:04:09+00:00","dateModified":"2021-11-03T15:49:31+00:00","mainEntityOfPage":{"@id":"https:\/\/dev.explora.cl\/rios\/se-revelaron-los-ganadores-del-concurso-fotografico-ojo-de-pez-2021\/"},"wordCount":748,"commentCount":0,"image":{"@id":"https:\/\/dev.explora.cl\/rios\/se-revelaron-los-ganadores-del-concurso-fotografico-ojo-de-pez-2021\/#primaryimage"},"thumbnailUrl":"https:\/\/dev.explora.cl\/rios\/wp-content\/uploads\/sites\/16\/2021\/10\/F_153826420_1.jpg","keywords":["fotograf\u00eda","ganadores","mar","naturaleza","oc\u00e9ano","ojo de pez"],"articleSection":["Noticias"],"inLanguage":"es-CL","potentialAction":[{"@type":"CommentAction","name":"Comment","target":["https:\/\/dev.explora.cl\/rios\/se-revelaron-los-ganadores-del-concurso-fotografico-ojo-de-pez-2021\/#respond"]}]},{"@type":"WebPage","@id":"https:\/\/dev.explora.cl\/rios\/se-revelaron-los-ganadores-del-concurso-fotografico-ojo-de-pez-2021\/","url":"https:\/\/dev.explora.cl\/rios\/se-revelaron-los-ganadores-del-concurso-fotografico-ojo-de-pez-2021\/","name":"Se revelaron los ganadores del concurso fotogr\u00e1fico Ojo de Pez 2021 - Los R\u00edos","isPartOf":{"@id":"https:\/\/dev.explora.cl\/rios\/#website"},"primaryImageOfPage":{"@id":"https:\/\/dev.explora.cl\/rios\/se-revelaron-los-ganadores-del-concurso-fotografico-ojo-de-pez-2021\/#primaryimage"},"image":{"@id":"https:\/\/dev.explora.cl\/rios\/se-revelaron-los-ganadores-del-concurso-fotografico-ojo-de-pez-2021\/#primaryimage"},"thumbnailUrl":"https:\/\/dev.explora.cl\/rios\/wp-content\/uploads\/sites\/16\/2021\/10\/F_153826420_1.jpg","datePublished":"2021-10-04T19:04:09+00:00","dateModified":"2021-11-03T15:49:31+00:00","author":{"@id":"https:\/\/dev.explora.cl\/rios\/#\/schema\/person\/279896208736d277e75690dde6cc1ea9"},"breadcrumb":{"@id":"https:\/\/dev.explora.cl\/rios\/se-revelaron-los-ganadores-del-concurso-fotografico-ojo-de-pez-2021\/#breadcrumb"},"inLanguage":"es-CL","potentialAction":[{"@type":"ReadAction","target":["https:\/\/dev.explora.cl\/rios\/se-revelaron-los-ganadores-del-concurso-fotografico-ojo-de-pez-2021\/"]}]},{"@type":"ImageObject","inLanguage":"es-CL","@id":"https:\/\/dev.explora.cl\/rios\/se-revelaron-los-ganadores-del-concurso-fotografico-ojo-de-pez-2021\/#primaryimage","url":"https:\/\/dev.explora.cl\/rios\/wp-content\/uploads\/sites\/16\/2021\/10\/F_153826420_1.jpg","contentUrl":"https:\/\/dev.explora.cl\/rios\/wp-content\/uploads\/sites\/16\/2021\/10\/F_153826420_1.jpg","width":1296,"height":1080},{"@type":"BreadcrumbList","@id":"https:\/\/dev.explora.cl\/rios\/se-revelaron-los-ganadores-del-concurso-fotografico-ojo-de-pez-2021\/#breadcrumb","itemListElement":[{"@type":"ListItem","position":1,"name":"Portada","item":"https:\/\/dev.explora.cl\/rios\/"},{"@type":"ListItem","position":2,"name":"Se revelaron los ganadores del concurso fotogr\u00e1fico Ojo de Pez 2021"}]},{"@type":"WebSite","@id":"https:\/\/dev.explora.cl\/rios\/#website","url":"https:\/\/dev.explora.cl\/rios\/","name":"Los R\u00edos","description":"Otro sitio m\u00e1s de dev.explora.cl","potentialAction":[{"@type":"SearchAction","target":{"@type":"EntryPoint","urlTemplate":"https:\/\/dev.explora.cl\/rios\/?s={search_term_string}"},"query-input":{"@type":"PropertyValueSpecification","valueRequired":true,"valueName":"search_term_string"}}],"inLanguage":"es-CL"},{"@type":"Person","@id":"https:\/\/dev.explora.cl\/rios\/#\/schema\/person\/279896208736d277e75690dde6cc1ea9","name":"smancilla","image":{"@type":"ImageObject","inLanguage":"es-CL","@id":"https:\/\/dev.explora.cl\/rios\/#\/schema\/person\/image\/","url":"https:\/\/secure.gravatar.com\/avatar\/a1c7f8b1dd453e8facadec2bf18354190c777b5556feaaadfa0f6a129ab9b015?s=96&d=mm&r=g","contentUrl":"https:\/\/secure.gravatar.com\/avatar\/a1c7f8b1dd453e8facadec2bf18354190c777b5556feaaadfa0f6a129ab9b015?s=96&d=mm&r=g","caption":"smancilla"},"url":"https:\/\/dev.explora.cl\/rios\/author\/smancilla\/"}]}},"_links":{"self":[{"href":"https:\/\/dev.explora.cl\/rios\/wp-json\/wp\/v2\/posts\/40285","targetHints":{"allow":["GET"]}}],"collection":[{"href":"https:\/\/dev.explora.cl\/rios\/wp-json\/wp\/v2\/posts"}],"about":[{"href":"https:\/\/dev.explora.cl\/rios\/wp-json\/wp\/v2\/types\/post"}],"author":[{"embeddable":true,"href":"https:\/\/dev.explora.cl\/rios\/wp-json\/wp\/v2\/users\/31"}],"replies":[{"embeddable":true,"href":"https:\/\/dev.explora.cl\/rios\/wp-json\/wp\/v2\/comments?post=40285"}],"version-history":[{"count":1,"href":"https:\/\/dev.explora.cl\/rios\/wp-json\/wp\/v2\/posts\/40285\/revisions"}],"predecessor-version":[{"id":40287,"href":"https:\/\/dev.explora.cl\/rios\/wp-json\/wp\/v2\/posts\/40285\/revisions\/40287"}],"wp:featuredmedia":[{"embeddable":true,"href":"https:\/\/dev.explora.cl\/rios\/wp-json\/wp\/v2\/media\/40286"}],"wp:attachment":[{"href":"https:\/\/dev.explora.cl\/rios\/wp-json\/wp\/v2\/media?parent=40285"}],"wp:term":[{"taxonomy":"category","embeddable":true,"href":"https:\/\/dev.explora.cl\/rios\/wp-json\/wp\/v2\/categories?post=40285"},{"taxonomy":"post_tag","embeddable":true,"href":"https:\/\/dev.explora.cl\/rios\/wp-json\/wp\/v2\/tags?post=40285"}],"curies":[{"name":"wp","href":"https:\/\/api.w.org\/{rel}","templated":true}]}}