{"id":40262,"date":"2021-09-27T12:04:12","date_gmt":"2021-09-27T15:04:12","guid":{"rendered":"https:\/\/dev.explora.cl\/rios\/?p=40262"},"modified":"2021-10-08T17:24:40","modified_gmt":"2021-10-08T20:24:40","slug":"el-proximo-29-de-septiembre-se-conoceran-los-ganadores-del-concurso-fotografico-ojo-de-pez-2021","status":"publish","type":"post","link":"https:\/\/dev.explora.cl\/rios\/el-proximo-29-de-septiembre-se-conoceran-los-ganadores-del-concurso-fotografico-ojo-de-pez-2021\/","title":{"rendered":"El pr\u00f3ximo 29 de septiembre se conocer\u00e1n los ganadores del concurso fotogr\u00e1fico Ojo de Pez 2021"},"content":{"rendered":"<p>[vc_row][vc_column][vc_row_inner][vc_column_inner width=&#8221;2\/3&#8243;][vc_custom_heading text=&#8221;Los ganadores del certamen 2021 fueron seleccionados entre 103 participantes y 252 fotograf\u00edas, de tres grandes categor\u00edas y una exhaustiva evaluaci\u00f3n del jurado del \u00e1mbito de la fotograf\u00eda profesional y divulgaci\u00f3n cient\u00edfica.<br \/>\n&#8221; font_container=&#8221;tag:h3|text_align:left&#8221;][\/vc_column_inner][vc_column_inner width=&#8221;1\/3&#8243;][vc_btn title=&#8221;Agendar&#8221; style=&#8221;custom&#8221; custom_background=&#8221;#81d742&#8243; custom_text=&#8221;#ffffff&#8221; size=&#8221;lg&#8221; align=&#8221;center&#8221; i_align=&#8221;right&#8221; i_icon_fontawesome=&#8221;fa fa-arrow-circle-right&#8221; button_block=&#8221;true&#8221; add_icon=&#8221;true&#8221; link=&#8221;url:https%3A%2F%2Fyoutu.be%2FWP5POjcTe-o|||&#8221;][\/vc_column_inner][\/vc_row_inner][vc_column_text]<span style=\"font-weight: 400\">La ceremonia de premiaci\u00f3n se realizar\u00e1 el mi\u00e9rcoles 29 de septiembre\u00a0 a las 18:00<\/span><b>\u00a0 <\/b><span style=\"font-weight: 400\">horas, de manera online en los Fanpages del Instituto de Ciencias Marinas y Limnol\u00f3gicas (ICML), Explora Los R\u00edos y Centro de Ecosistemas Marinos de Altas Latitudes (IDEAL). Durante la jornada se realizar\u00e1 un homenaje a quien fuera parte importante en la organizaci\u00f3n y autora de Libro Ojo de Pez, Carla Firmani, quien lamentablemente dej\u00f3 de existir hace pocos d\u00edas.En la ceremonia se conocer\u00e1n los ganadores de las tres grandes categor\u00edas del certamen: \u201cPaisaje, Trabajo y Conservaci\u00f3n\u201d, \u201cFlora y Fauna Acu\u00e1tica\u201d, \u201cAmbientes Ant\u00e1rticos y Subant\u00e1rticos\u201d y tambi\u00e9n de la \u201cRegi\u00f3n de Los R\u00edos\u201d y del \u201cP\u00fablico\u201d\u00a0 obtenida a trav\u00e9s de votaciones de las redes sociales.\u00a0<\/span><\/p>\n<p><span style=\"font-weight: 400\">Ojo de Pez 2021 dej\u00f3 una gran cantidad de im\u00e1genes desde el norte al extremo sur del pa\u00eds. An\u00e9monas, peces, tortugas, paisajes incre\u00edbles, puestas de sol que llenan de nostalgia y hombres inmersos en el profundo mar trabajando, esto hizo compleja la selecci\u00f3n de las fotograf\u00edas ganadoras del certamen.\u00a0<\/span><\/p>\n<p><span style=\"font-weight: 400\">El Jurado del concurso Ojo de Pez 2021 se conform\u00f3 por la periodista cient\u00edfica Andrea Obaid, la presidenta de Achipec Dra. N\u00e9lida Pohl, el fot\u00f3grafo subacu\u00e1tico Eduardo Sorensen, el fot\u00f3grafo de EPA Felipe Trueba y la fot\u00f3grafa de EFE Sashenka Guti\u00e9rrez<\/span><\/p>\n<p><span style=\"font-weight: 400\">Cabe destacar que este a\u00f1o el ganador Ojo de Pez recibir\u00e1 una c\u00e1mara mirrorless Sony ILCE-6600L (costo referencial $1.000.000). Adem\u00e1s, los ganadores de las categor\u00edas como tambi\u00e9n los segundos y tercer lugares recibir\u00e1n equipamiento af\u00edn a la fotograf\u00eda. Los autores de las fotograf\u00edas m\u00e1s votadas por el p\u00fablico recibir\u00e1n la edici\u00f3n limitada del libro \u201cOjo de Pez: Chile en im\u00e1genes de agua y vida\u201d (<\/span><a href=\"https:\/\/ojopez.cl\/libro\/\"><span style=\"font-weight: 400\">Pueden descargar su versi\u00f3n digital<\/span><\/a><span style=\"font-weight: 400\">).\u00a0\u00a0<\/span><\/p>\n<p><span style=\"font-weight: 400\">Jos\u00e9 Garc\u00e9s, docente del ICML e investigador del Centro IDEAL y parte de la organizaci\u00f3n del concurso, destac\u00f3 la calidad del trabajo fotogr\u00e1fico de esta convocatoria, <\/span><b><i>\u201ccada a\u00f1o recibimos excelentes fotograf\u00edas que reflejan la gran biodiversidad que existe en los entornos acu\u00e1ticos del pa\u00eds, as\u00ed tambi\u00e9n lo majestuoso de los paisajes y la huella del uso del territorio por parte de nosotros, las persona<\/i><\/b><span style=\"font-weight: 400\">s\u201d, coment\u00f3 Garc\u00e9s. Por otra parte, adelant\u00f3 que tambi\u00e9n se regalar\u00e1n libros de \u201cOjo de Pez: Chile en im\u00e1genes de agua y vida 2021\u201d, entre los asistentes de la ceremonia. Adem\u00e1s, aprovech\u00f3 de invitar a la Expo-Virtual 2021 (<\/span><a href=\"http:\/\/expo.ojopez.cl\/\"><span style=\"font-weight: 400\">http:\/\/expo.ojopez.cl\/<\/span><\/a><span style=\"font-weight: 400\">) en donde tambi\u00e9n podr\u00e1n apreciar las mejores fotograf\u00edas de las versiones pasadas del Concurso.<\/span><\/p>\n<p><span style=\"font-weight: 400\">El concurso\u00a0 Ojo de Pez es organizado por el <\/span><a href=\"http:\/\/www.icml.uach.cl\/\"><span style=\"font-weight: 400\">ICML<\/span><\/a><span style=\"font-weight: 400\"> de la Universidad Austral de Chile (<\/span><a href=\"https:\/\/www.uach.cl\/\"><span style=\"font-weight: 400\">UACh<\/span><\/a><span style=\"font-weight: 400\">), el <\/span><a href=\"https:\/\/dev.explora.cl\/rios\/\"><span style=\"font-weight: 400\">Proyecto Explora Los R\u00edos<\/span><\/a><span style=\"font-weight: 400\"> del Ministerio de Ciencia, Tecnolog\u00eda, Conocimiento e Innovaci\u00f3n y el Centro Investigaci\u00f3n Din\u00e1mica <\/span><a href=\"https:\/\/www.centroideal.cl\/\"><span style=\"font-weight: 400\">IDEAL<\/span><\/a><span style=\"font-weight: 400\"> con la colaboraci\u00f3n del <\/span><a href=\"http:\/\/www.museosaustral.cl\/museos\/museo-r-a-philippi-de-la-exploracion\"><span style=\"font-weight: 400\">Museo de Exploraci\u00f3n R. A. Philippi<\/span><\/a><span style=\"font-weight: 400\"> de la UACh. Adem\u00e1s, cuenta con el auspicio de la <\/span><a href=\"http:\/\/sitiosciencias.uach.cl\/biologia-marina\/\"><span style=\"font-weight: 400\">Escuela de Biolog\u00eda Marina<\/span><\/a><span style=\"font-weight: 400\">, la <\/span><a href=\"https:\/\/www.uach.cl\/organizacion\/vicerrectoria-investigacion-desarrollo-y-creacion-artistica\/presentacion\/presentacion\"><span style=\"font-weight: 400\">Vicerrector\u00eda de Investigaci\u00f3n, Desarrollo y Creaci\u00f3n Art\u00edstica<\/span><\/a><span style=\"font-weight: 400\"> y el <\/span><a href=\"http:\/\/www.postgradociencias.uach.cl\/doctorado-biologia-marina\/\"><span style=\"font-weight: 400\">Doctorado en Biolog\u00eda Marina<\/span><\/a><span style=\"font-weight: 400\"> dependientes de la UACh.\u00a0<\/span>[\/vc_column_text][\/vc_column][\/vc_row][vc_row css=&#8221;.vc_custom_1614888019520{border-top-width: 1px !important;border-top-color: #b6b6b6 !important;border-top-style: solid !important;}&#8221;][vc_column][vc_column_text]<\/p>\n<p style=\"text-align: center;font-size: 0.9em;color: #b6b6b6\"><a href=\"https:\/\/dev.explora.cl\/rios\/protocolo\">Revisa nuestro Protocolo para Trabajo con Ni\u00f1os, Ni\u00f1as y Adolescentes<\/a><\/p>\n<p>[\/vc_column_text][\/vc_column][\/vc_row]<\/p>\n","protected":false},"excerpt":{"rendered":"<p>Los ganadores del certamen 2021 fueron seleccionados entre 103 participantes y 252 fotograf\u00edas, de tres grandes categor\u00edas y una exhaustiva evaluaci\u00f3n del jurado del \u00e1mbito de la fotograf\u00eda profesional y divulgaci\u00f3n cient\u00edfica.<\/p>\n","protected":false},"author":31,"featured_media":40263,"comment_status":"open","ping_status":"open","sticky":false,"template":"","format":"standard","meta":{"_acf_changed":false,"_exactmetrics_skip_tracking":false,"_exactmetrics_sitenote_active":false,"_exactmetrics_sitenote_note":"","_exactmetrics_sitenote_category":0,"footnotes":"","_links_to":"","_links_to_target":""},"categories":[4],"tags":[356,269,183,420],"class_list":["post-40262","post","type-post","status-publish","format-standard","has-post-thumbnail","hentry","category-noticias","tag-fotografias","tag-ojo-de-pez","tag-premiacion","tag-premios"],"acf":[],"yoast_head":"<!-- This site is optimized with the Yoast SEO plugin v26.7 - https:\/\/yoast.com\/wordpress\/plugins\/seo\/ -->\n<title>El pr\u00f3ximo 29 de septiembre se conocer\u00e1n los ganadores del concurso fotogr\u00e1fico Ojo de Pez 2021 - Los R\u00edos<\/title>\n<meta name=\"robots\" content=\"index, follow, max-snippet:-1, max-image-preview:large, max-video-preview:-1\" \/>\n<link rel=\"canonical\" href=\"https:\/\/dev.explora.cl\/rios\/el-proximo-29-de-septiembre-se-conoceran-los-ganadores-del-concurso-fotografico-ojo-de-pez-2021\/\" class=\"yoast-seo-meta-tag\" \/>\n<meta property=\"og:locale\" content=\"es_ES\" class=\"yoast-seo-meta-tag\" \/>\n<meta property=\"og:type\" content=\"article\" class=\"yoast-seo-meta-tag\" \/>\n<meta property=\"og:title\" content=\"El pr\u00f3ximo 29 de septiembre se conocer\u00e1n los ganadores del concurso fotogr\u00e1fico Ojo de Pez 2021 - Los R\u00edos\" class=\"yoast-seo-meta-tag\" \/>\n<meta property=\"og:description\" content=\"Los ganadores del certamen 2021 fueron seleccionados entre 103 participantes y 252 fotograf\u00edas, de tres grandes categor\u00edas y una exhaustiva evaluaci\u00f3n del jurado del \u00e1mbito de la fotograf\u00eda profesional y divulgaci\u00f3n cient\u00edfica.\" class=\"yoast-seo-meta-tag\" \/>\n<meta property=\"og:url\" content=\"https:\/\/dev.explora.cl\/rios\/el-proximo-29-de-septiembre-se-conoceran-los-ganadores-del-concurso-fotografico-ojo-de-pez-2021\/\" class=\"yoast-seo-meta-tag\" \/>\n<meta property=\"og:site_name\" content=\"Los R\u00edos\" class=\"yoast-seo-meta-tag\" \/>\n<meta property=\"article:published_time\" content=\"2021-09-27T15:04:12+00:00\" class=\"yoast-seo-meta-tag\" \/>\n<meta property=\"article:modified_time\" content=\"2021-10-08T20:24:40+00:00\" class=\"yoast-seo-meta-tag\" \/>\n<meta property=\"og:image\" content=\"https:\/\/dev.explora.cl\/rios\/wp-content\/uploads\/sites\/16\/2021\/09\/collage-ojo-de-pez-2021-1024x576.png\" class=\"yoast-seo-meta-tag\" \/>\n\t<meta property=\"og:image:width\" content=\"1024\" class=\"yoast-seo-meta-tag\" \/>\n\t<meta property=\"og:image:height\" content=\"576\" class=\"yoast-seo-meta-tag\" \/>\n\t<meta property=\"og:image:type\" content=\"image\/png\" class=\"yoast-seo-meta-tag\" \/>\n<meta name=\"author\" content=\"smancilla\" class=\"yoast-seo-meta-tag\" \/>\n<meta name=\"twitter:card\" content=\"summary_large_image\" class=\"yoast-seo-meta-tag\" \/>\n<meta name=\"twitter:label1\" content=\"Escrito por\" class=\"yoast-seo-meta-tag\" \/>\n\t<meta name=\"twitter:data1\" content=\"smancilla\" class=\"yoast-seo-meta-tag\" \/>\n\t<meta name=\"twitter:label2\" content=\"Tiempo estimado de lectura\" class=\"yoast-seo-meta-tag\" \/>\n\t<meta name=\"twitter:data2\" content=\"4 minutos\" class=\"yoast-seo-meta-tag\" \/>\n<script type=\"application\/ld+json\" class=\"yoast-schema-graph\">{\"@context\":\"https:\/\/schema.org\",\"@graph\":[{\"@type\":\"Article\",\"@id\":\"https:\/\/dev.explora.cl\/rios\/el-proximo-29-de-septiembre-se-conoceran-los-ganadores-del-concurso-fotografico-ojo-de-pez-2021\/#article\",\"isPartOf\":{\"@id\":\"https:\/\/dev.explora.cl\/rios\/el-proximo-29-de-septiembre-se-conoceran-los-ganadores-del-concurso-fotografico-ojo-de-pez-2021\/\"},\"author\":{\"name\":\"smancilla\",\"@id\":\"https:\/\/dev.explora.cl\/rios\/#\/schema\/person\/279896208736d277e75690dde6cc1ea9\"},\"headline\":\"El pr\u00f3ximo 29 de septiembre se conocer\u00e1n los ganadores del concurso fotogr\u00e1fico Ojo de Pez 2021\",\"datePublished\":\"2021-09-27T15:04:12+00:00\",\"dateModified\":\"2021-10-08T20:24:40+00:00\",\"mainEntityOfPage\":{\"@id\":\"https:\/\/dev.explora.cl\/rios\/el-proximo-29-de-septiembre-se-conoceran-los-ganadores-del-concurso-fotografico-ojo-de-pez-2021\/\"},\"wordCount\":721,\"commentCount\":0,\"image\":{\"@id\":\"https:\/\/dev.explora.cl\/rios\/el-proximo-29-de-septiembre-se-conoceran-los-ganadores-del-concurso-fotografico-ojo-de-pez-2021\/#primaryimage\"},\"thumbnailUrl\":\"https:\/\/dev.explora.cl\/rios\/wp-content\/uploads\/sites\/16\/2021\/09\/collage-ojo-de-pez-2021.png\",\"keywords\":[\"fotograf\u00edas\",\"ojo de pez\",\"premiaci\u00f3n\",\"premios\"],\"articleSection\":[\"Noticias\"],\"inLanguage\":\"es-CL\",\"potentialAction\":[{\"@type\":\"CommentAction\",\"name\":\"Comment\",\"target\":[\"https:\/\/dev.explora.cl\/rios\/el-proximo-29-de-septiembre-se-conoceran-los-ganadores-del-concurso-fotografico-ojo-de-pez-2021\/#respond\"]}]},{\"@type\":\"WebPage\",\"@id\":\"https:\/\/dev.explora.cl\/rios\/el-proximo-29-de-septiembre-se-conoceran-los-ganadores-del-concurso-fotografico-ojo-de-pez-2021\/\",\"url\":\"https:\/\/dev.explora.cl\/rios\/el-proximo-29-de-septiembre-se-conoceran-los-ganadores-del-concurso-fotografico-ojo-de-pez-2021\/\",\"name\":\"El pr\u00f3ximo 29 de septiembre se conocer\u00e1n los ganadores del concurso fotogr\u00e1fico Ojo de Pez 2021 - Los R\u00edos\",\"isPartOf\":{\"@id\":\"https:\/\/dev.explora.cl\/rios\/#website\"},\"primaryImageOfPage\":{\"@id\":\"https:\/\/dev.explora.cl\/rios\/el-proximo-29-de-septiembre-se-conoceran-los-ganadores-del-concurso-fotografico-ojo-de-pez-2021\/#primaryimage\"},\"image\":{\"@id\":\"https:\/\/dev.explora.cl\/rios\/el-proximo-29-de-septiembre-se-conoceran-los-ganadores-del-concurso-fotografico-ojo-de-pez-2021\/#primaryimage\"},\"thumbnailUrl\":\"https:\/\/dev.explora.cl\/rios\/wp-content\/uploads\/sites\/16\/2021\/09\/collage-ojo-de-pez-2021.png\",\"datePublished\":\"2021-09-27T15:04:12+00:00\",\"dateModified\":\"2021-10-08T20:24:40+00:00\",\"author\":{\"@id\":\"https:\/\/dev.explora.cl\/rios\/#\/schema\/person\/279896208736d277e75690dde6cc1ea9\"},\"breadcrumb\":{\"@id\":\"https:\/\/dev.explora.cl\/rios\/el-proximo-29-de-septiembre-se-conoceran-los-ganadores-del-concurso-fotografico-ojo-de-pez-2021\/#breadcrumb\"},\"inLanguage\":\"es-CL\",\"potentialAction\":[{\"@type\":\"ReadAction\",\"target\":[\"https:\/\/dev.explora.cl\/rios\/el-proximo-29-de-septiembre-se-conoceran-los-ganadores-del-concurso-fotografico-ojo-de-pez-2021\/\"]}]},{\"@type\":\"ImageObject\",\"inLanguage\":\"es-CL\",\"@id\":\"https:\/\/dev.explora.cl\/rios\/el-proximo-29-de-septiembre-se-conoceran-los-ganadores-del-concurso-fotografico-ojo-de-pez-2021\/#primaryimage\",\"url\":\"https:\/\/dev.explora.cl\/rios\/wp-content\/uploads\/sites\/16\/2021\/09\/collage-ojo-de-pez-2021.png\",\"contentUrl\":\"https:\/\/dev.explora.cl\/rios\/wp-content\/uploads\/sites\/16\/2021\/09\/collage-ojo-de-pez-2021.png\",\"width\":1920,\"height\":1080},{\"@type\":\"BreadcrumbList\",\"@id\":\"https:\/\/dev.explora.cl\/rios\/el-proximo-29-de-septiembre-se-conoceran-los-ganadores-del-concurso-fotografico-ojo-de-pez-2021\/#breadcrumb\",\"itemListElement\":[{\"@type\":\"ListItem\",\"position\":1,\"name\":\"Portada\",\"item\":\"https:\/\/dev.explora.cl\/rios\/\"},{\"@type\":\"ListItem\",\"position\":2,\"name\":\"El pr\u00f3ximo 29 de septiembre se conocer\u00e1n los ganadores del concurso fotogr\u00e1fico Ojo de Pez 2021\"}]},{\"@type\":\"WebSite\",\"@id\":\"https:\/\/dev.explora.cl\/rios\/#website\",\"url\":\"https:\/\/dev.explora.cl\/rios\/\",\"name\":\"Los R\u00edos\",\"description\":\"Otro sitio m\u00e1s de dev.explora.cl\",\"potentialAction\":[{\"@type\":\"SearchAction\",\"target\":{\"@type\":\"EntryPoint\",\"urlTemplate\":\"https:\/\/dev.explora.cl\/rios\/?s={search_term_string}\"},\"query-input\":{\"@type\":\"PropertyValueSpecification\",\"valueRequired\":true,\"valueName\":\"search_term_string\"}}],\"inLanguage\":\"es-CL\"},{\"@type\":\"Person\",\"@id\":\"https:\/\/dev.explora.cl\/rios\/#\/schema\/person\/279896208736d277e75690dde6cc1ea9\",\"name\":\"smancilla\",\"image\":{\"@type\":\"ImageObject\",\"inLanguage\":\"es-CL\",\"@id\":\"https:\/\/dev.explora.cl\/rios\/#\/schema\/person\/image\/\",\"url\":\"https:\/\/secure.gravatar.com\/avatar\/a1c7f8b1dd453e8facadec2bf18354190c777b5556feaaadfa0f6a129ab9b015?s=96&d=mm&r=g\",\"contentUrl\":\"https:\/\/secure.gravatar.com\/avatar\/a1c7f8b1dd453e8facadec2bf18354190c777b5556feaaadfa0f6a129ab9b015?s=96&d=mm&r=g\",\"caption\":\"smancilla\"},\"url\":\"https:\/\/dev.explora.cl\/rios\/author\/smancilla\/\"}]}<\/script>\n<!-- \/ Yoast SEO plugin. -->","yoast_head_json":{"title":"El pr\u00f3ximo 29 de septiembre se conocer\u00e1n los ganadores del concurso fotogr\u00e1fico Ojo de Pez 2021 - Los R\u00edos","robots":{"index":"index","follow":"follow","max-snippet":"max-snippet:-1","max-image-preview":"max-image-preview:large","max-video-preview":"max-video-preview:-1"},"canonical":"https:\/\/dev.explora.cl\/rios\/el-proximo-29-de-septiembre-se-conoceran-los-ganadores-del-concurso-fotografico-ojo-de-pez-2021\/","og_locale":"es_ES","og_type":"article","og_title":"El pr\u00f3ximo 29 de septiembre se conocer\u00e1n los ganadores del concurso fotogr\u00e1fico Ojo de Pez 2021 - Los R\u00edos","og_description":"Los ganadores del certamen 2021 fueron seleccionados entre 103 participantes y 252 fotograf\u00edas, de tres grandes categor\u00edas y una exhaustiva evaluaci\u00f3n del jurado del \u00e1mbito de la fotograf\u00eda profesional y divulgaci\u00f3n cient\u00edfica.","og_url":"https:\/\/dev.explora.cl\/rios\/el-proximo-29-de-septiembre-se-conoceran-los-ganadores-del-concurso-fotografico-ojo-de-pez-2021\/","og_site_name":"Los R\u00edos","article_published_time":"2021-09-27T15:04:12+00:00","article_modified_time":"2021-10-08T20:24:40+00:00","og_image":[{"width":1024,"height":576,"url":"https:\/\/dev.explora.cl\/rios\/wp-content\/uploads\/sites\/16\/2021\/09\/collage-ojo-de-pez-2021-1024x576.png","type":"image\/png"}],"author":"smancilla","twitter_card":"summary_large_image","twitter_misc":{"Escrito por":"smancilla","Tiempo estimado de lectura":"4 minutos"},"schema":{"@context":"https:\/\/schema.org","@graph":[{"@type":"Article","@id":"https:\/\/dev.explora.cl\/rios\/el-proximo-29-de-septiembre-se-conoceran-los-ganadores-del-concurso-fotografico-ojo-de-pez-2021\/#article","isPartOf":{"@id":"https:\/\/dev.explora.cl\/rios\/el-proximo-29-de-septiembre-se-conoceran-los-ganadores-del-concurso-fotografico-ojo-de-pez-2021\/"},"author":{"name":"smancilla","@id":"https:\/\/dev.explora.cl\/rios\/#\/schema\/person\/279896208736d277e75690dde6cc1ea9"},"headline":"El pr\u00f3ximo 29 de septiembre se conocer\u00e1n los ganadores del concurso fotogr\u00e1fico Ojo de Pez 2021","datePublished":"2021-09-27T15:04:12+00:00","dateModified":"2021-10-08T20:24:40+00:00","mainEntityOfPage":{"@id":"https:\/\/dev.explora.cl\/rios\/el-proximo-29-de-septiembre-se-conoceran-los-ganadores-del-concurso-fotografico-ojo-de-pez-2021\/"},"wordCount":721,"commentCount":0,"image":{"@id":"https:\/\/dev.explora.cl\/rios\/el-proximo-29-de-septiembre-se-conoceran-los-ganadores-del-concurso-fotografico-ojo-de-pez-2021\/#primaryimage"},"thumbnailUrl":"https:\/\/dev.explora.cl\/rios\/wp-content\/uploads\/sites\/16\/2021\/09\/collage-ojo-de-pez-2021.png","keywords":["fotograf\u00edas","ojo de pez","premiaci\u00f3n","premios"],"articleSection":["Noticias"],"inLanguage":"es-CL","potentialAction":[{"@type":"CommentAction","name":"Comment","target":["https:\/\/dev.explora.cl\/rios\/el-proximo-29-de-septiembre-se-conoceran-los-ganadores-del-concurso-fotografico-ojo-de-pez-2021\/#respond"]}]},{"@type":"WebPage","@id":"https:\/\/dev.explora.cl\/rios\/el-proximo-29-de-septiembre-se-conoceran-los-ganadores-del-concurso-fotografico-ojo-de-pez-2021\/","url":"https:\/\/dev.explora.cl\/rios\/el-proximo-29-de-septiembre-se-conoceran-los-ganadores-del-concurso-fotografico-ojo-de-pez-2021\/","name":"El pr\u00f3ximo 29 de septiembre se conocer\u00e1n los ganadores del concurso fotogr\u00e1fico Ojo de Pez 2021 - Los R\u00edos","isPartOf":{"@id":"https:\/\/dev.explora.cl\/rios\/#website"},"primaryImageOfPage":{"@id":"https:\/\/dev.explora.cl\/rios\/el-proximo-29-de-septiembre-se-conoceran-los-ganadores-del-concurso-fotografico-ojo-de-pez-2021\/#primaryimage"},"image":{"@id":"https:\/\/dev.explora.cl\/rios\/el-proximo-29-de-septiembre-se-conoceran-los-ganadores-del-concurso-fotografico-ojo-de-pez-2021\/#primaryimage"},"thumbnailUrl":"https:\/\/dev.explora.cl\/rios\/wp-content\/uploads\/sites\/16\/2021\/09\/collage-ojo-de-pez-2021.png","datePublished":"2021-09-27T15:04:12+00:00","dateModified":"2021-10-08T20:24:40+00:00","author":{"@id":"https:\/\/dev.explora.cl\/rios\/#\/schema\/person\/279896208736d277e75690dde6cc1ea9"},"breadcrumb":{"@id":"https:\/\/dev.explora.cl\/rios\/el-proximo-29-de-septiembre-se-conoceran-los-ganadores-del-concurso-fotografico-ojo-de-pez-2021\/#breadcrumb"},"inLanguage":"es-CL","potentialAction":[{"@type":"ReadAction","target":["https:\/\/dev.explora.cl\/rios\/el-proximo-29-de-septiembre-se-conoceran-los-ganadores-del-concurso-fotografico-ojo-de-pez-2021\/"]}]},{"@type":"ImageObject","inLanguage":"es-CL","@id":"https:\/\/dev.explora.cl\/rios\/el-proximo-29-de-septiembre-se-conoceran-los-ganadores-del-concurso-fotografico-ojo-de-pez-2021\/#primaryimage","url":"https:\/\/dev.explora.cl\/rios\/wp-content\/uploads\/sites\/16\/2021\/09\/collage-ojo-de-pez-2021.png","contentUrl":"https:\/\/dev.explora.cl\/rios\/wp-content\/uploads\/sites\/16\/2021\/09\/collage-ojo-de-pez-2021.png","width":1920,"height":1080},{"@type":"BreadcrumbList","@id":"https:\/\/dev.explora.cl\/rios\/el-proximo-29-de-septiembre-se-conoceran-los-ganadores-del-concurso-fotografico-ojo-de-pez-2021\/#breadcrumb","itemListElement":[{"@type":"ListItem","position":1,"name":"Portada","item":"https:\/\/dev.explora.cl\/rios\/"},{"@type":"ListItem","position":2,"name":"El pr\u00f3ximo 29 de septiembre se conocer\u00e1n los ganadores del concurso fotogr\u00e1fico Ojo de Pez 2021"}]},{"@type":"WebSite","@id":"https:\/\/dev.explora.cl\/rios\/#website","url":"https:\/\/dev.explora.cl\/rios\/","name":"Los R\u00edos","description":"Otro sitio m\u00e1s de dev.explora.cl","potentialAction":[{"@type":"SearchAction","target":{"@type":"EntryPoint","urlTemplate":"https:\/\/dev.explora.cl\/rios\/?s={search_term_string}"},"query-input":{"@type":"PropertyValueSpecification","valueRequired":true,"valueName":"search_term_string"}}],"inLanguage":"es-CL"},{"@type":"Person","@id":"https:\/\/dev.explora.cl\/rios\/#\/schema\/person\/279896208736d277e75690dde6cc1ea9","name":"smancilla","image":{"@type":"ImageObject","inLanguage":"es-CL","@id":"https:\/\/dev.explora.cl\/rios\/#\/schema\/person\/image\/","url":"https:\/\/secure.gravatar.com\/avatar\/a1c7f8b1dd453e8facadec2bf18354190c777b5556feaaadfa0f6a129ab9b015?s=96&d=mm&r=g","contentUrl":"https:\/\/secure.gravatar.com\/avatar\/a1c7f8b1dd453e8facadec2bf18354190c777b5556feaaadfa0f6a129ab9b015?s=96&d=mm&r=g","caption":"smancilla"},"url":"https:\/\/dev.explora.cl\/rios\/author\/smancilla\/"}]}},"_links":{"self":[{"href":"https:\/\/dev.explora.cl\/rios\/wp-json\/wp\/v2\/posts\/40262","targetHints":{"allow":["GET"]}}],"collection":[{"href":"https:\/\/dev.explora.cl\/rios\/wp-json\/wp\/v2\/posts"}],"about":[{"href":"https:\/\/dev.explora.cl\/rios\/wp-json\/wp\/v2\/types\/post"}],"author":[{"embeddable":true,"href":"https:\/\/dev.explora.cl\/rios\/wp-json\/wp\/v2\/users\/31"}],"replies":[{"embeddable":true,"href":"https:\/\/dev.explora.cl\/rios\/wp-json\/wp\/v2\/comments?post=40262"}],"version-history":[{"count":4,"href":"https:\/\/dev.explora.cl\/rios\/wp-json\/wp\/v2\/posts\/40262\/revisions"}],"predecessor-version":[{"id":40267,"href":"https:\/\/dev.explora.cl\/rios\/wp-json\/wp\/v2\/posts\/40262\/revisions\/40267"}],"wp:featuredmedia":[{"embeddable":true,"href":"https:\/\/dev.explora.cl\/rios\/wp-json\/wp\/v2\/media\/40263"}],"wp:attachment":[{"href":"https:\/\/dev.explora.cl\/rios\/wp-json\/wp\/v2\/media?parent=40262"}],"wp:term":[{"taxonomy":"category","embeddable":true,"href":"https:\/\/dev.explora.cl\/rios\/wp-json\/wp\/v2\/categories?post=40262"},{"taxonomy":"post_tag","embeddable":true,"href":"https:\/\/dev.explora.cl\/rios\/wp-json\/wp\/v2\/tags?post=40262"}],"curies":[{"name":"wp","href":"https:\/\/api.w.org\/{rel}","templated":true}]}}