{"id":40214,"date":"2021-09-02T10:50:36","date_gmt":"2021-09-02T14:50:36","guid":{"rendered":"https:\/\/dev.explora.cl\/rios\/?p=40214"},"modified":"2021-10-18T15:03:31","modified_gmt":"2021-10-18T18:03:31","slug":"concurso-fotografico-ojo-de-pez-invita-a-votar-para-elegir-las-imagenes-mas-populares","status":"publish","type":"post","link":"https:\/\/dev.explora.cl\/rios\/concurso-fotografico-ojo-de-pez-invita-a-votar-para-elegir-las-imagenes-mas-populares\/","title":{"rendered":"Concurso fotogr\u00e1fico Ojo de Pez invita a votar para elegir las im\u00e1genes m\u00e1s populares"},"content":{"rendered":"<p>[vc_row][vc_column][vc_row_inner][vc_column_inner width=&#8221;2\/3&#8243;][vc_custom_heading text=&#8221;El concurso busca destacar la importancia de los ecosistemas acu\u00e1ticos, como r\u00edos, mar, humedales y lagos, para la subsistencia humana.&#8221; font_container=&#8221;tag:h3|text_align:left&#8221;][\/vc_column_inner][vc_column_inner width=&#8221;1\/3&#8243;][vc_btn title=&#8221;Vota por las fotograf\u00edas&#8221; style=&#8221;custom&#8221; custom_background=&#8221;#81d742&#8243; custom_text=&#8221;#ffffff&#8221; size=&#8221;lg&#8221; align=&#8221;center&#8221; i_align=&#8221;right&#8221; i_icon_fontawesome=&#8221;fa fa-arrow-circle-right&#8221; button_block=&#8221;true&#8221; add_icon=&#8221;true&#8221; link=&#8221;url:https%3A%2F%2Fwww.facebook.com%2Fmedia%2Fset%2F%3Fvanity%3DPARexploraRios%26set%3Da.4591682060862593|||&#8221;][\/vc_column_inner][\/vc_row_inner][vc_column_text]Son 30 las im\u00e1genes que fueron seleccionadas como finalistas en el Concurso Fotogr\u00e1fico Ojo de Pez 2021, incluyendo capturas de todo el pa\u00eds que el p\u00fablico podr\u00e1 apreciar, votando por su favorita, hasta el 20 de septiembre.<\/p>\n<p>En las p\u00e1ginas de Facebook de cada una de las instituciones organizadoras se podr\u00e1 votar por cada fotograf\u00eda de esta muestra. Las 3 fotos con mayor \u00edndice de popularidad en las fanpage de <a href=\"https:\/\/www.facebook.com\/icml.uach\">Instituto de Ciencias Marinas y Limnol\u00f3gicas (ICML) de la Universidad Austral de Chile<\/a>, <a href=\"https:\/\/www.facebook.com\/parexplorarios\">Proyecto Explora Los R\u00edos del Ministerio de Ciencia, Tecnolog\u00eda, Conocimiento e Innovaci\u00f3n<\/a> y el <a href=\"https:\/\/www.facebook.com\/centroideal.cl\">Centro de Investigaci\u00f3n Din\u00e1mica de Ecosistemas Marinos de Altas Latitudes (IDEAL)<\/a> obtendr\u00e1n el libro \u201cOjo de Pez. Chile en im\u00e1genes de agua y vida\u201d publicado este a\u00f1o. La organizaci\u00f3n invita al p\u00fablico a dar Me Gusta y\/o comparta su foto(s) preferida(s).<\/p>\n<p>Cabe destacar que este a\u00f1o se recibieron 252 fotograf\u00edas de 103 postulantes en las categor\u00edas de \u201cPaisaje, Trabajo y Conservaci\u00f3n\u201d, \u201cFlora y Fauna Acu\u00e1tica\u201d y \u201cAmbientes Ant\u00e1rticos y Subant\u00e1rticos\u201d.<\/p>\n<p>La directora del Proyecto Explora Los R\u00edos del Ministerio de Ciencia, Dra. Camila Tejo Haristoy, destac\u00f3 el rol de promoci\u00f3n en el cuidado de los ecosistemas marinos que posee el concurso. \u201cHemos visto maravillosas im\u00e1genes tanto de las costas, lagos y r\u00edos de Chile, como de los impactos que como seres humanos tenemos en el ecosistema. Este concurso busca mostrar lo hermoso de los paisajes, aves, mam\u00edferos o medusas desde una perspectiva que pocas veces podemos ver, y con ello estimular el inter\u00e9s para acercarnos a estos ambientes y darles la importancia y cuidado que se merecen\u201d indic\u00f3. Por otro lado, el Dr. Jos\u00e9 Garc\u00e9s, investigador del Centro IDEAL y docente del ICML destac\u00f3 al agua como elemento vital para la existencia y diversidad de especies como tambi\u00e9n de los paisajes naturales y la gran importancia de cuidar su correcto uso dada la megasequ\u00eda que est\u00e1 afectando principalmente el centro de nuestro pa\u00eds producto del cambio global.<\/p>\n<p>El jurado tuvo el trabajo de seleccionar las mejores 30 fotograf\u00edas que ahora ser\u00e1n parte de la votaci\u00f3n. Este jurado est\u00e1 compuesto por la periodista cient\u00edfica Andrea Obaid, la presidenta de Achipec Dra. N\u00e9lida Pohl, el fot\u00f3grafo subacu\u00e1tico Eduardo Sorensen, el fot\u00f3grafo de EPA Felipe Trueba y la fot\u00f3grafa de EFE Sashenka Guti\u00e9rrez.<\/p>\n<p>La fotograf\u00eda ganadora recibir\u00e1 una c\u00e1mara Sony profesional, valorizada en un mill\u00f3n de pesos y para los primeros lugares de cada categor\u00eda se entregar\u00e1 equipamiento tecnol\u00f3gico. Tambi\u00e9n se entregar\u00e1 un premio especial para un postulante de la regi\u00f3n de Los R\u00edos.<\/p>\n<p>El Concurso Fotogr\u00e1fico Ojo de Pez 2021 cuenta con el auspicio de la <a href=\"https:\/\/www.uach.cl\/organizacion\/vicerrectoria-investigacion-desarrollo-y-creacion-artistica\/presentacion\/presentacion\">Vicerrector\u00eda de Investigaci\u00f3n, Desarrollo y Creaci\u00f3n Art\u00edstica<\/a>, la <a href=\"http:\/\/sitiosciencias.uach.cl\/biologia-marina\/\">Escuela de Biolog\u00eda Marina<\/a> y el <a href=\"https:\/\/www.postgradociencias.uach.cl\/doctorado-biologia-marina\/\">Doctorado en Biolog\u00eda Marina<\/a> de la UACh. Adem\u00e1s, posee la colaboraci\u00f3n del <a href=\"http:\/\/www.museosaustral.cl\/museos\/museo-r-a-philippi-de-la-exploracion\">Museo de la Exploraci\u00f3n R. A. Phillipi<\/a> de la UACh.[\/vc_column_text][\/vc_column][\/vc_row][vc_row css=&#8221;.vc_custom_1614888019520{border-top-width: 1px !important;border-top-color: #b6b6b6 !important;border-top-style: solid !important;}&#8221;][vc_column][vc_column_text]<\/p>\n<p style=\"text-align: center;font-size: 0.9em;color: #b6b6b6\"><a href=\"https:\/\/dev.explora.cl\/rios\/protocolo\">Revisa nuestro Protocolo para Trabajo con Ni\u00f1os, Ni\u00f1as y Adolescentes<\/a><\/p>\n<p>[\/vc_column_text][\/vc_column][\/vc_row]<\/p>\n","protected":false},"excerpt":{"rendered":"<p>El concurso busca destacar la importancia de los ecosistemas acu\u00e1ticos, como r\u00edos, mar, humedales y lagos, para la subsistencia humana.<\/p>\n","protected":false},"author":31,"featured_media":40215,"comment_status":"open","ping_status":"open","sticky":false,"template":"","format":"standard","meta":{"_acf_changed":false,"_exactmetrics_skip_tracking":false,"_exactmetrics_sitenote_active":false,"_exactmetrics_sitenote_note":"","_exactmetrics_sitenote_category":0,"footnotes":"","_links_to":"","_links_to_target":""},"categories":[4],"tags":[182,269,183,305],"class_list":["post-40214","post","type-post","status-publish","format-standard","has-post-thumbnail","hentry","category-noticias","tag-fotografia","tag-ojo-de-pez","tag-premiacion","tag-votacion"],"acf":[],"yoast_head":"<!-- This site is optimized with the Yoast SEO plugin v26.7 - https:\/\/yoast.com\/wordpress\/plugins\/seo\/ -->\n<title>Concurso fotogr\u00e1fico Ojo de Pez invita a votar para elegir las im\u00e1genes m\u00e1s populares - Los R\u00edos<\/title>\n<meta name=\"robots\" content=\"index, follow, max-snippet:-1, max-image-preview:large, max-video-preview:-1\" \/>\n<link rel=\"canonical\" href=\"https:\/\/dev.explora.cl\/rios\/concurso-fotografico-ojo-de-pez-invita-a-votar-para-elegir-las-imagenes-mas-populares\/\" class=\"yoast-seo-meta-tag\" \/>\n<meta property=\"og:locale\" content=\"es_ES\" class=\"yoast-seo-meta-tag\" \/>\n<meta property=\"og:type\" content=\"article\" class=\"yoast-seo-meta-tag\" \/>\n<meta property=\"og:title\" content=\"Concurso fotogr\u00e1fico Ojo de Pez invita a votar para elegir las im\u00e1genes m\u00e1s populares - Los R\u00edos\" class=\"yoast-seo-meta-tag\" \/>\n<meta property=\"og:description\" content=\"El concurso busca destacar la importancia de los ecosistemas acu\u00e1ticos, como r\u00edos, mar, humedales y lagos, para la subsistencia humana.\" class=\"yoast-seo-meta-tag\" \/>\n<meta property=\"og:url\" content=\"https:\/\/dev.explora.cl\/rios\/concurso-fotografico-ojo-de-pez-invita-a-votar-para-elegir-las-imagenes-mas-populares\/\" class=\"yoast-seo-meta-tag\" \/>\n<meta property=\"og:site_name\" content=\"Los R\u00edos\" class=\"yoast-seo-meta-tag\" \/>\n<meta property=\"article:published_time\" content=\"2021-09-02T14:50:36+00:00\" class=\"yoast-seo-meta-tag\" \/>\n<meta property=\"article:modified_time\" content=\"2021-10-18T18:03:31+00:00\" class=\"yoast-seo-meta-tag\" \/>\n<meta property=\"og:image\" content=\"https:\/\/dev.explora.cl\/rios\/wp-content\/uploads\/sites\/16\/2021\/09\/1-Grande-1024x576.png\" class=\"yoast-seo-meta-tag\" \/>\n\t<meta property=\"og:image:width\" content=\"1024\" class=\"yoast-seo-meta-tag\" \/>\n\t<meta property=\"og:image:height\" content=\"576\" class=\"yoast-seo-meta-tag\" \/>\n\t<meta property=\"og:image:type\" content=\"image\/png\" class=\"yoast-seo-meta-tag\" \/>\n<meta name=\"author\" content=\"smancilla\" class=\"yoast-seo-meta-tag\" \/>\n<meta name=\"twitter:card\" content=\"summary_large_image\" class=\"yoast-seo-meta-tag\" \/>\n<meta name=\"twitter:label1\" content=\"Escrito por\" class=\"yoast-seo-meta-tag\" \/>\n\t<meta name=\"twitter:data1\" content=\"smancilla\" class=\"yoast-seo-meta-tag\" \/>\n\t<meta name=\"twitter:label2\" content=\"Tiempo estimado de lectura\" class=\"yoast-seo-meta-tag\" \/>\n\t<meta name=\"twitter:data2\" content=\"3 minutos\" class=\"yoast-seo-meta-tag\" \/>\n<script type=\"application\/ld+json\" class=\"yoast-schema-graph\">{\"@context\":\"https:\/\/schema.org\",\"@graph\":[{\"@type\":\"Article\",\"@id\":\"https:\/\/dev.explora.cl\/rios\/concurso-fotografico-ojo-de-pez-invita-a-votar-para-elegir-las-imagenes-mas-populares\/#article\",\"isPartOf\":{\"@id\":\"https:\/\/dev.explora.cl\/rios\/concurso-fotografico-ojo-de-pez-invita-a-votar-para-elegir-las-imagenes-mas-populares\/\"},\"author\":{\"name\":\"smancilla\",\"@id\":\"https:\/\/dev.explora.cl\/rios\/#\/schema\/person\/279896208736d277e75690dde6cc1ea9\"},\"headline\":\"Concurso fotogr\u00e1fico Ojo de Pez invita a votar para elegir las im\u00e1genes m\u00e1s populares\",\"datePublished\":\"2021-09-02T14:50:36+00:00\",\"dateModified\":\"2021-10-18T18:03:31+00:00\",\"mainEntityOfPage\":{\"@id\":\"https:\/\/dev.explora.cl\/rios\/concurso-fotografico-ojo-de-pez-invita-a-votar-para-elegir-las-imagenes-mas-populares\/\"},\"wordCount\":697,\"commentCount\":0,\"image\":{\"@id\":\"https:\/\/dev.explora.cl\/rios\/concurso-fotografico-ojo-de-pez-invita-a-votar-para-elegir-las-imagenes-mas-populares\/#primaryimage\"},\"thumbnailUrl\":\"https:\/\/dev.explora.cl\/rios\/wp-content\/uploads\/sites\/16\/2021\/09\/1-Grande.png\",\"keywords\":[\"fotograf\u00eda\",\"ojo de pez\",\"premiaci\u00f3n\",\"votaci\u00f3n\"],\"articleSection\":[\"Noticias\"],\"inLanguage\":\"es-CL\",\"potentialAction\":[{\"@type\":\"CommentAction\",\"name\":\"Comment\",\"target\":[\"https:\/\/dev.explora.cl\/rios\/concurso-fotografico-ojo-de-pez-invita-a-votar-para-elegir-las-imagenes-mas-populares\/#respond\"]}]},{\"@type\":\"WebPage\",\"@id\":\"https:\/\/dev.explora.cl\/rios\/concurso-fotografico-ojo-de-pez-invita-a-votar-para-elegir-las-imagenes-mas-populares\/\",\"url\":\"https:\/\/dev.explora.cl\/rios\/concurso-fotografico-ojo-de-pez-invita-a-votar-para-elegir-las-imagenes-mas-populares\/\",\"name\":\"Concurso fotogr\u00e1fico Ojo de Pez invita a votar para elegir las im\u00e1genes m\u00e1s populares - Los R\u00edos\",\"isPartOf\":{\"@id\":\"https:\/\/dev.explora.cl\/rios\/#website\"},\"primaryImageOfPage\":{\"@id\":\"https:\/\/dev.explora.cl\/rios\/concurso-fotografico-ojo-de-pez-invita-a-votar-para-elegir-las-imagenes-mas-populares\/#primaryimage\"},\"image\":{\"@id\":\"https:\/\/dev.explora.cl\/rios\/concurso-fotografico-ojo-de-pez-invita-a-votar-para-elegir-las-imagenes-mas-populares\/#primaryimage\"},\"thumbnailUrl\":\"https:\/\/dev.explora.cl\/rios\/wp-content\/uploads\/sites\/16\/2021\/09\/1-Grande.png\",\"datePublished\":\"2021-09-02T14:50:36+00:00\",\"dateModified\":\"2021-10-18T18:03:31+00:00\",\"author\":{\"@id\":\"https:\/\/dev.explora.cl\/rios\/#\/schema\/person\/279896208736d277e75690dde6cc1ea9\"},\"breadcrumb\":{\"@id\":\"https:\/\/dev.explora.cl\/rios\/concurso-fotografico-ojo-de-pez-invita-a-votar-para-elegir-las-imagenes-mas-populares\/#breadcrumb\"},\"inLanguage\":\"es-CL\",\"potentialAction\":[{\"@type\":\"ReadAction\",\"target\":[\"https:\/\/dev.explora.cl\/rios\/concurso-fotografico-ojo-de-pez-invita-a-votar-para-elegir-las-imagenes-mas-populares\/\"]}]},{\"@type\":\"ImageObject\",\"inLanguage\":\"es-CL\",\"@id\":\"https:\/\/dev.explora.cl\/rios\/concurso-fotografico-ojo-de-pez-invita-a-votar-para-elegir-las-imagenes-mas-populares\/#primaryimage\",\"url\":\"https:\/\/dev.explora.cl\/rios\/wp-content\/uploads\/sites\/16\/2021\/09\/1-Grande.png\",\"contentUrl\":\"https:\/\/dev.explora.cl\/rios\/wp-content\/uploads\/sites\/16\/2021\/09\/1-Grande.png\",\"width\":1920,\"height\":1080},{\"@type\":\"BreadcrumbList\",\"@id\":\"https:\/\/dev.explora.cl\/rios\/concurso-fotografico-ojo-de-pez-invita-a-votar-para-elegir-las-imagenes-mas-populares\/#breadcrumb\",\"itemListElement\":[{\"@type\":\"ListItem\",\"position\":1,\"name\":\"Portada\",\"item\":\"https:\/\/dev.explora.cl\/rios\/\"},{\"@type\":\"ListItem\",\"position\":2,\"name\":\"Concurso fotogr\u00e1fico Ojo de Pez invita a votar para elegir las im\u00e1genes m\u00e1s populares\"}]},{\"@type\":\"WebSite\",\"@id\":\"https:\/\/dev.explora.cl\/rios\/#website\",\"url\":\"https:\/\/dev.explora.cl\/rios\/\",\"name\":\"Los R\u00edos\",\"description\":\"Otro sitio m\u00e1s de dev.explora.cl\",\"potentialAction\":[{\"@type\":\"SearchAction\",\"target\":{\"@type\":\"EntryPoint\",\"urlTemplate\":\"https:\/\/dev.explora.cl\/rios\/?s={search_term_string}\"},\"query-input\":{\"@type\":\"PropertyValueSpecification\",\"valueRequired\":true,\"valueName\":\"search_term_string\"}}],\"inLanguage\":\"es-CL\"},{\"@type\":\"Person\",\"@id\":\"https:\/\/dev.explora.cl\/rios\/#\/schema\/person\/279896208736d277e75690dde6cc1ea9\",\"name\":\"smancilla\",\"image\":{\"@type\":\"ImageObject\",\"inLanguage\":\"es-CL\",\"@id\":\"https:\/\/dev.explora.cl\/rios\/#\/schema\/person\/image\/\",\"url\":\"https:\/\/secure.gravatar.com\/avatar\/a1c7f8b1dd453e8facadec2bf18354190c777b5556feaaadfa0f6a129ab9b015?s=96&d=mm&r=g\",\"contentUrl\":\"https:\/\/secure.gravatar.com\/avatar\/a1c7f8b1dd453e8facadec2bf18354190c777b5556feaaadfa0f6a129ab9b015?s=96&d=mm&r=g\",\"caption\":\"smancilla\"},\"url\":\"https:\/\/dev.explora.cl\/rios\/author\/smancilla\/\"}]}<\/script>\n<!-- \/ Yoast SEO plugin. -->","yoast_head_json":{"title":"Concurso fotogr\u00e1fico Ojo de Pez invita a votar para elegir las im\u00e1genes m\u00e1s populares - Los R\u00edos","robots":{"index":"index","follow":"follow","max-snippet":"max-snippet:-1","max-image-preview":"max-image-preview:large","max-video-preview":"max-video-preview:-1"},"canonical":"https:\/\/dev.explora.cl\/rios\/concurso-fotografico-ojo-de-pez-invita-a-votar-para-elegir-las-imagenes-mas-populares\/","og_locale":"es_ES","og_type":"article","og_title":"Concurso fotogr\u00e1fico Ojo de Pez invita a votar para elegir las im\u00e1genes m\u00e1s populares - Los R\u00edos","og_description":"El concurso busca destacar la importancia de los ecosistemas acu\u00e1ticos, como r\u00edos, mar, humedales y lagos, para la subsistencia humana.","og_url":"https:\/\/dev.explora.cl\/rios\/concurso-fotografico-ojo-de-pez-invita-a-votar-para-elegir-las-imagenes-mas-populares\/","og_site_name":"Los R\u00edos","article_published_time":"2021-09-02T14:50:36+00:00","article_modified_time":"2021-10-18T18:03:31+00:00","og_image":[{"width":1024,"height":576,"url":"https:\/\/dev.explora.cl\/rios\/wp-content\/uploads\/sites\/16\/2021\/09\/1-Grande-1024x576.png","type":"image\/png"}],"author":"smancilla","twitter_card":"summary_large_image","twitter_misc":{"Escrito por":"smancilla","Tiempo estimado de lectura":"3 minutos"},"schema":{"@context":"https:\/\/schema.org","@graph":[{"@type":"Article","@id":"https:\/\/dev.explora.cl\/rios\/concurso-fotografico-ojo-de-pez-invita-a-votar-para-elegir-las-imagenes-mas-populares\/#article","isPartOf":{"@id":"https:\/\/dev.explora.cl\/rios\/concurso-fotografico-ojo-de-pez-invita-a-votar-para-elegir-las-imagenes-mas-populares\/"},"author":{"name":"smancilla","@id":"https:\/\/dev.explora.cl\/rios\/#\/schema\/person\/279896208736d277e75690dde6cc1ea9"},"headline":"Concurso fotogr\u00e1fico Ojo de Pez invita a votar para elegir las im\u00e1genes m\u00e1s populares","datePublished":"2021-09-02T14:50:36+00:00","dateModified":"2021-10-18T18:03:31+00:00","mainEntityOfPage":{"@id":"https:\/\/dev.explora.cl\/rios\/concurso-fotografico-ojo-de-pez-invita-a-votar-para-elegir-las-imagenes-mas-populares\/"},"wordCount":697,"commentCount":0,"image":{"@id":"https:\/\/dev.explora.cl\/rios\/concurso-fotografico-ojo-de-pez-invita-a-votar-para-elegir-las-imagenes-mas-populares\/#primaryimage"},"thumbnailUrl":"https:\/\/dev.explora.cl\/rios\/wp-content\/uploads\/sites\/16\/2021\/09\/1-Grande.png","keywords":["fotograf\u00eda","ojo de pez","premiaci\u00f3n","votaci\u00f3n"],"articleSection":["Noticias"],"inLanguage":"es-CL","potentialAction":[{"@type":"CommentAction","name":"Comment","target":["https:\/\/dev.explora.cl\/rios\/concurso-fotografico-ojo-de-pez-invita-a-votar-para-elegir-las-imagenes-mas-populares\/#respond"]}]},{"@type":"WebPage","@id":"https:\/\/dev.explora.cl\/rios\/concurso-fotografico-ojo-de-pez-invita-a-votar-para-elegir-las-imagenes-mas-populares\/","url":"https:\/\/dev.explora.cl\/rios\/concurso-fotografico-ojo-de-pez-invita-a-votar-para-elegir-las-imagenes-mas-populares\/","name":"Concurso fotogr\u00e1fico Ojo de Pez invita a votar para elegir las im\u00e1genes m\u00e1s populares - Los R\u00edos","isPartOf":{"@id":"https:\/\/dev.explora.cl\/rios\/#website"},"primaryImageOfPage":{"@id":"https:\/\/dev.explora.cl\/rios\/concurso-fotografico-ojo-de-pez-invita-a-votar-para-elegir-las-imagenes-mas-populares\/#primaryimage"},"image":{"@id":"https:\/\/dev.explora.cl\/rios\/concurso-fotografico-ojo-de-pez-invita-a-votar-para-elegir-las-imagenes-mas-populares\/#primaryimage"},"thumbnailUrl":"https:\/\/dev.explora.cl\/rios\/wp-content\/uploads\/sites\/16\/2021\/09\/1-Grande.png","datePublished":"2021-09-02T14:50:36+00:00","dateModified":"2021-10-18T18:03:31+00:00","author":{"@id":"https:\/\/dev.explora.cl\/rios\/#\/schema\/person\/279896208736d277e75690dde6cc1ea9"},"breadcrumb":{"@id":"https:\/\/dev.explora.cl\/rios\/concurso-fotografico-ojo-de-pez-invita-a-votar-para-elegir-las-imagenes-mas-populares\/#breadcrumb"},"inLanguage":"es-CL","potentialAction":[{"@type":"ReadAction","target":["https:\/\/dev.explora.cl\/rios\/concurso-fotografico-ojo-de-pez-invita-a-votar-para-elegir-las-imagenes-mas-populares\/"]}]},{"@type":"ImageObject","inLanguage":"es-CL","@id":"https:\/\/dev.explora.cl\/rios\/concurso-fotografico-ojo-de-pez-invita-a-votar-para-elegir-las-imagenes-mas-populares\/#primaryimage","url":"https:\/\/dev.explora.cl\/rios\/wp-content\/uploads\/sites\/16\/2021\/09\/1-Grande.png","contentUrl":"https:\/\/dev.explora.cl\/rios\/wp-content\/uploads\/sites\/16\/2021\/09\/1-Grande.png","width":1920,"height":1080},{"@type":"BreadcrumbList","@id":"https:\/\/dev.explora.cl\/rios\/concurso-fotografico-ojo-de-pez-invita-a-votar-para-elegir-las-imagenes-mas-populares\/#breadcrumb","itemListElement":[{"@type":"ListItem","position":1,"name":"Portada","item":"https:\/\/dev.explora.cl\/rios\/"},{"@type":"ListItem","position":2,"name":"Concurso fotogr\u00e1fico Ojo de Pez invita a votar para elegir las im\u00e1genes m\u00e1s populares"}]},{"@type":"WebSite","@id":"https:\/\/dev.explora.cl\/rios\/#website","url":"https:\/\/dev.explora.cl\/rios\/","name":"Los R\u00edos","description":"Otro sitio m\u00e1s de dev.explora.cl","potentialAction":[{"@type":"SearchAction","target":{"@type":"EntryPoint","urlTemplate":"https:\/\/dev.explora.cl\/rios\/?s={search_term_string}"},"query-input":{"@type":"PropertyValueSpecification","valueRequired":true,"valueName":"search_term_string"}}],"inLanguage":"es-CL"},{"@type":"Person","@id":"https:\/\/dev.explora.cl\/rios\/#\/schema\/person\/279896208736d277e75690dde6cc1ea9","name":"smancilla","image":{"@type":"ImageObject","inLanguage":"es-CL","@id":"https:\/\/dev.explora.cl\/rios\/#\/schema\/person\/image\/","url":"https:\/\/secure.gravatar.com\/avatar\/a1c7f8b1dd453e8facadec2bf18354190c777b5556feaaadfa0f6a129ab9b015?s=96&d=mm&r=g","contentUrl":"https:\/\/secure.gravatar.com\/avatar\/a1c7f8b1dd453e8facadec2bf18354190c777b5556feaaadfa0f6a129ab9b015?s=96&d=mm&r=g","caption":"smancilla"},"url":"https:\/\/dev.explora.cl\/rios\/author\/smancilla\/"}]}},"_links":{"self":[{"href":"https:\/\/dev.explora.cl\/rios\/wp-json\/wp\/v2\/posts\/40214","targetHints":{"allow":["GET"]}}],"collection":[{"href":"https:\/\/dev.explora.cl\/rios\/wp-json\/wp\/v2\/posts"}],"about":[{"href":"https:\/\/dev.explora.cl\/rios\/wp-json\/wp\/v2\/types\/post"}],"author":[{"embeddable":true,"href":"https:\/\/dev.explora.cl\/rios\/wp-json\/wp\/v2\/users\/31"}],"replies":[{"embeddable":true,"href":"https:\/\/dev.explora.cl\/rios\/wp-json\/wp\/v2\/comments?post=40214"}],"version-history":[{"count":2,"href":"https:\/\/dev.explora.cl\/rios\/wp-json\/wp\/v2\/posts\/40214\/revisions"}],"predecessor-version":[{"id":40217,"href":"https:\/\/dev.explora.cl\/rios\/wp-json\/wp\/v2\/posts\/40214\/revisions\/40217"}],"wp:featuredmedia":[{"embeddable":true,"href":"https:\/\/dev.explora.cl\/rios\/wp-json\/wp\/v2\/media\/40215"}],"wp:attachment":[{"href":"https:\/\/dev.explora.cl\/rios\/wp-json\/wp\/v2\/media?parent=40214"}],"wp:term":[{"taxonomy":"category","embeddable":true,"href":"https:\/\/dev.explora.cl\/rios\/wp-json\/wp\/v2\/categories?post=40214"},{"taxonomy":"post_tag","embeddable":true,"href":"https:\/\/dev.explora.cl\/rios\/wp-json\/wp\/v2\/tags?post=40214"}],"curies":[{"name":"wp","href":"https:\/\/api.w.org\/{rel}","templated":true}]}}