{"id":40205,"date":"2021-08-31T11:13:14","date_gmt":"2021-08-31T15:13:14","guid":{"rendered":"https:\/\/dev.explora.cl\/rios\/?p=40205"},"modified":"2021-10-15T09:39:08","modified_gmt":"2021-10-15T12:39:08","slug":"explora-los-rios-invita-a-compartir-la-ciencia-en-septiembre","status":"publish","type":"post","link":"https:\/\/dev.explora.cl\/rios\/explora-los-rios-invita-a-compartir-la-ciencia-en-septiembre\/","title":{"rendered":"Explora Los R\u00edos invita a compartir la ciencia en septiembre"},"content":{"rendered":"<p>[vc_row][vc_column][vc_row_inner][vc_column_inner width=&#8221;2\/3&#8243;][vc_custom_heading text=&#8221;Especialistas conversar\u00e1n con el p\u00fablico para resolver sus dudas en Ciencia Abierta, cada mi\u00e9rcoles a las 18:00 horas a trav\u00e9s del Facebook, Instagram y YouTube del Proyecto Explora Los R\u00edos del Ministerio de Ciencia, Tecnolog\u00eda, Conocimiento e Innovaci\u00f3n.&#8221; font_container=&#8221;tag:h3|text_align:left&#8221;][\/vc_column_inner][vc_column_inner width=&#8221;1\/3&#8243;][vc_btn title=&#8221;Pr\u00f3ximo Ciencia Abierta&#8221; style=&#8221;custom&#8221; custom_background=&#8221;#81d742&#8243; custom_text=&#8221;#ffffff&#8221; size=&#8221;lg&#8221; align=&#8221;center&#8221; i_align=&#8221;right&#8221; i_icon_fontawesome=&#8221;fa fa-arrow-circle-right&#8221; button_block=&#8221;true&#8221; add_icon=&#8221;true&#8221; link=&#8221;url:https%3A%2F%2Fwww.youtube.com%2Fwatch%3Fv%3DLbofXzMNVXs|||&#8221;][\/vc_column_inner][\/vc_row_inner][vc_column_text]El ciclo Ciencia Abierta sigue presentando temas de inter\u00e9s cient\u00edfico cada mi\u00e9rcoles a las 18:00 horas por las redes sociales del Proyecto Explora Los R\u00edos del Ministerio de Ciencia, Tecnolog\u00eda, Conocimiento e Innovaci\u00f3n, creado un lugar de encuentro entre especialistas y el p\u00fablico. En septiembre se presentar\u00e1n cuatro conferencias, siempre en directo a las 18:00 horas.<\/p>\n<p>El mi\u00e9rcoles 1 de septiembre el Dr. Rodrigo Arias Inostroza, Director del Doctorado en Ciencias Agrarias de la Universidad austral de Chile presentar\u00e1 \u201c\u00bfC\u00f3mo est\u00e1n las vacas?: Unas gordas y otras flacas\u201d. En esta charla revisar\u00e1 el rol de la producci\u00f3n animal, especialmente revisando los cuestionamientos que reciben estos procesos, as\u00ed como los beneficios que entregan al ser humano.<\/p>\n<p>La semana siguiente, el 8 de septiembre,ser\u00e1 el turno de \u201cSuper descubrimientos!!! El sitio arqueopaleontol\u00f3gico Pilauco\u201d con el Acad\u00e9mico Instituto de Ciencia de la Tierra de la Universidad Austral de Chile, Dr. Mario Pino Quivira. Los sitios arqueol\u00f3gicos Pilauco y Los Notros, ser\u00e1n los protagonistas de la charla con registros de huellas humanas, f\u00f3siles y materiales extraterrestres.<\/p>\n<p>Para el mi\u00e9rcoles 15 la charla \u201cHongos y plantas: una historia de diversidad y equilibrio\u201d de la Dra. Erika Brice\u00f1o Ponce, donde se dar\u00e1 a conocer los roles de hongos para plantas, en la vida de un bosque o en ciclo de las plantas, logrando mantener el equilibrio del ecosistema.<\/p>\n<p>A fin de mes, la Dra. Sara Rodr\u00edguez del Instituto de Ciencias Marinas y Limnol\u00f3gicas UACh presentar\u00e1 \u201cT\u00edteres en la playa: Interacciones entre cangrejos, gaviotas y par\u00e1sitos\u201d. All\u00ed dar\u00e1 a conocer el objetivo de par\u00e1sitos en especies marinas y las interacciones entre especies.<\/p>\n<p>El Proyecto Explora Los R\u00edos tambi\u00e9n tiene abierta las inscripciones para compartir con la comunidad a especialistas de las \u00e1reas de la innovaci\u00f3n y humanidades, desde su web <a href=\"https:\/\/dev.explora.cl\/rios\">dev.explora.cl\/rios<\/a>.[\/vc_column_text][vc_single_image image=&#8221;40207&#8243; img_size=&#8221;full&#8221;][\/vc_column][\/vc_row][vc_row css=&#8221;.vc_custom_1614888019520{border-top-width: 1px !important;border-top-color: #b6b6b6 !important;border-top-style: solid !important;}&#8221;][vc_column][vc_column_text]<\/p>\n<p style=\"text-align: center;font-size: 0.9em;color: #b6b6b6\"><a href=\"https:\/\/dev.explora.cl\/rios\/protocolo\">Revisa nuestro Protocolo para Trabajo con Ni\u00f1os, Ni\u00f1as y Adolescentes<\/a><\/p>\n<p>[\/vc_column_text][\/vc_column][\/vc_row]<\/p>\n","protected":false},"excerpt":{"rendered":"<p>Especialistas conversar\u00e1n con el p\u00fablico para resolver sus dudas en Ciencia Abierta, cada mi\u00e9rcoles a las 18:00 horas a trav\u00e9s del Facebook, Instagram y YouTube del Proyecto Explora Los R\u00edos del Ministerio de Ciencia, Tecnolog\u00eda, Conocimiento e Innovaci\u00f3n.<\/p>\n","protected":false},"author":31,"featured_media":40206,"comment_status":"open","ping_status":"open","sticky":false,"template":"","format":"standard","meta":{"_acf_changed":false,"_exactmetrics_skip_tracking":false,"_exactmetrics_sitenote_active":false,"_exactmetrics_sitenote_note":"","_exactmetrics_sitenote_category":0,"footnotes":"","_links_to":"","_links_to_target":""},"categories":[4],"tags":[210,401,336],"class_list":["post-40205","post","type-post","status-publish","format-standard","has-post-thumbnail","hentry","category-noticias","tag-charla","tag-ciencia-publica","tag-en-vivo"],"acf":[],"yoast_head":"<!-- This site is optimized with the Yoast SEO plugin v26.7 - https:\/\/yoast.com\/wordpress\/plugins\/seo\/ -->\n<title>Explora Los R\u00edos invita a compartir la ciencia en septiembre - Los R\u00edos<\/title>\n<meta name=\"robots\" content=\"index, follow, max-snippet:-1, max-image-preview:large, max-video-preview:-1\" \/>\n<link rel=\"canonical\" href=\"https:\/\/dev.explora.cl\/rios\/explora-los-rios-invita-a-compartir-la-ciencia-en-septiembre\/\" class=\"yoast-seo-meta-tag\" \/>\n<meta property=\"og:locale\" content=\"es_ES\" class=\"yoast-seo-meta-tag\" \/>\n<meta property=\"og:type\" content=\"article\" class=\"yoast-seo-meta-tag\" \/>\n<meta property=\"og:title\" content=\"Explora Los R\u00edos invita a compartir la ciencia en septiembre - Los R\u00edos\" class=\"yoast-seo-meta-tag\" \/>\n<meta property=\"og:description\" content=\"Especialistas conversar\u00e1n con el p\u00fablico para resolver sus dudas en Ciencia Abierta, cada mi\u00e9rcoles a las 18:00 horas a trav\u00e9s del Facebook, Instagram y YouTube del Proyecto Explora Los R\u00edos del Ministerio de Ciencia, Tecnolog\u00eda, Conocimiento e Innovaci\u00f3n.\" class=\"yoast-seo-meta-tag\" \/>\n<meta property=\"og:url\" content=\"https:\/\/dev.explora.cl\/rios\/explora-los-rios-invita-a-compartir-la-ciencia-en-septiembre\/\" class=\"yoast-seo-meta-tag\" \/>\n<meta property=\"og:site_name\" content=\"Los R\u00edos\" class=\"yoast-seo-meta-tag\" \/>\n<meta property=\"article:published_time\" content=\"2021-08-31T15:13:14+00:00\" class=\"yoast-seo-meta-tag\" \/>\n<meta property=\"article:modified_time\" content=\"2021-10-15T12:39:08+00:00\" class=\"yoast-seo-meta-tag\" \/>\n<meta property=\"og:image\" content=\"https:\/\/dev.explora.cl\/rios\/wp-content\/uploads\/sites\/16\/2021\/08\/charla-alimentos.png\" class=\"yoast-seo-meta-tag\" \/>\n\t<meta property=\"og:image:width\" content=\"837\" class=\"yoast-seo-meta-tag\" \/>\n\t<meta property=\"og:image:height\" content=\"478\" class=\"yoast-seo-meta-tag\" \/>\n\t<meta property=\"og:image:type\" content=\"image\/png\" class=\"yoast-seo-meta-tag\" \/>\n<meta name=\"author\" content=\"smancilla\" class=\"yoast-seo-meta-tag\" \/>\n<meta name=\"twitter:card\" content=\"summary_large_image\" class=\"yoast-seo-meta-tag\" \/>\n<meta name=\"twitter:label1\" content=\"Escrito por\" class=\"yoast-seo-meta-tag\" \/>\n\t<meta name=\"twitter:data1\" content=\"smancilla\" class=\"yoast-seo-meta-tag\" \/>\n\t<meta name=\"twitter:label2\" content=\"Tiempo estimado de lectura\" class=\"yoast-seo-meta-tag\" \/>\n\t<meta name=\"twitter:data2\" content=\"3 minutos\" class=\"yoast-seo-meta-tag\" \/>\n<script type=\"application\/ld+json\" class=\"yoast-schema-graph\">{\"@context\":\"https:\/\/schema.org\",\"@graph\":[{\"@type\":\"Article\",\"@id\":\"https:\/\/dev.explora.cl\/rios\/explora-los-rios-invita-a-compartir-la-ciencia-en-septiembre\/#article\",\"isPartOf\":{\"@id\":\"https:\/\/dev.explora.cl\/rios\/explora-los-rios-invita-a-compartir-la-ciencia-en-septiembre\/\"},\"author\":{\"name\":\"smancilla\",\"@id\":\"https:\/\/dev.explora.cl\/rios\/#\/schema\/person\/279896208736d277e75690dde6cc1ea9\"},\"headline\":\"Explora Los R\u00edos invita a compartir la ciencia en septiembre\",\"datePublished\":\"2021-08-31T15:13:14+00:00\",\"dateModified\":\"2021-10-15T12:39:08+00:00\",\"mainEntityOfPage\":{\"@id\":\"https:\/\/dev.explora.cl\/rios\/explora-los-rios-invita-a-compartir-la-ciencia-en-septiembre\/\"},\"wordCount\":511,\"commentCount\":0,\"image\":{\"@id\":\"https:\/\/dev.explora.cl\/rios\/explora-los-rios-invita-a-compartir-la-ciencia-en-septiembre\/#primaryimage\"},\"thumbnailUrl\":\"https:\/\/dev.explora.cl\/rios\/wp-content\/uploads\/sites\/16\/2021\/08\/charla-alimentos.png\",\"keywords\":[\"charla\",\"Ciencia P\u00fablica\",\"en vivo\"],\"articleSection\":[\"Noticias\"],\"inLanguage\":\"es-CL\",\"potentialAction\":[{\"@type\":\"CommentAction\",\"name\":\"Comment\",\"target\":[\"https:\/\/dev.explora.cl\/rios\/explora-los-rios-invita-a-compartir-la-ciencia-en-septiembre\/#respond\"]}]},{\"@type\":\"WebPage\",\"@id\":\"https:\/\/dev.explora.cl\/rios\/explora-los-rios-invita-a-compartir-la-ciencia-en-septiembre\/\",\"url\":\"https:\/\/dev.explora.cl\/rios\/explora-los-rios-invita-a-compartir-la-ciencia-en-septiembre\/\",\"name\":\"Explora Los R\u00edos invita a compartir la ciencia en septiembre - Los R\u00edos\",\"isPartOf\":{\"@id\":\"https:\/\/dev.explora.cl\/rios\/#website\"},\"primaryImageOfPage\":{\"@id\":\"https:\/\/dev.explora.cl\/rios\/explora-los-rios-invita-a-compartir-la-ciencia-en-septiembre\/#primaryimage\"},\"image\":{\"@id\":\"https:\/\/dev.explora.cl\/rios\/explora-los-rios-invita-a-compartir-la-ciencia-en-septiembre\/#primaryimage\"},\"thumbnailUrl\":\"https:\/\/dev.explora.cl\/rios\/wp-content\/uploads\/sites\/16\/2021\/08\/charla-alimentos.png\",\"datePublished\":\"2021-08-31T15:13:14+00:00\",\"dateModified\":\"2021-10-15T12:39:08+00:00\",\"author\":{\"@id\":\"https:\/\/dev.explora.cl\/rios\/#\/schema\/person\/279896208736d277e75690dde6cc1ea9\"},\"breadcrumb\":{\"@id\":\"https:\/\/dev.explora.cl\/rios\/explora-los-rios-invita-a-compartir-la-ciencia-en-septiembre\/#breadcrumb\"},\"inLanguage\":\"es-CL\",\"potentialAction\":[{\"@type\":\"ReadAction\",\"target\":[\"https:\/\/dev.explora.cl\/rios\/explora-los-rios-invita-a-compartir-la-ciencia-en-septiembre\/\"]}]},{\"@type\":\"ImageObject\",\"inLanguage\":\"es-CL\",\"@id\":\"https:\/\/dev.explora.cl\/rios\/explora-los-rios-invita-a-compartir-la-ciencia-en-septiembre\/#primaryimage\",\"url\":\"https:\/\/dev.explora.cl\/rios\/wp-content\/uploads\/sites\/16\/2021\/08\/charla-alimentos.png\",\"contentUrl\":\"https:\/\/dev.explora.cl\/rios\/wp-content\/uploads\/sites\/16\/2021\/08\/charla-alimentos.png\",\"width\":837,\"height\":478},{\"@type\":\"BreadcrumbList\",\"@id\":\"https:\/\/dev.explora.cl\/rios\/explora-los-rios-invita-a-compartir-la-ciencia-en-septiembre\/#breadcrumb\",\"itemListElement\":[{\"@type\":\"ListItem\",\"position\":1,\"name\":\"Portada\",\"item\":\"https:\/\/dev.explora.cl\/rios\/\"},{\"@type\":\"ListItem\",\"position\":2,\"name\":\"Explora Los R\u00edos invita a compartir la ciencia en septiembre\"}]},{\"@type\":\"WebSite\",\"@id\":\"https:\/\/dev.explora.cl\/rios\/#website\",\"url\":\"https:\/\/dev.explora.cl\/rios\/\",\"name\":\"Los R\u00edos\",\"description\":\"Otro sitio m\u00e1s de dev.explora.cl\",\"potentialAction\":[{\"@type\":\"SearchAction\",\"target\":{\"@type\":\"EntryPoint\",\"urlTemplate\":\"https:\/\/dev.explora.cl\/rios\/?s={search_term_string}\"},\"query-input\":{\"@type\":\"PropertyValueSpecification\",\"valueRequired\":true,\"valueName\":\"search_term_string\"}}],\"inLanguage\":\"es-CL\"},{\"@type\":\"Person\",\"@id\":\"https:\/\/dev.explora.cl\/rios\/#\/schema\/person\/279896208736d277e75690dde6cc1ea9\",\"name\":\"smancilla\",\"image\":{\"@type\":\"ImageObject\",\"inLanguage\":\"es-CL\",\"@id\":\"https:\/\/dev.explora.cl\/rios\/#\/schema\/person\/image\/\",\"url\":\"https:\/\/secure.gravatar.com\/avatar\/a1c7f8b1dd453e8facadec2bf18354190c777b5556feaaadfa0f6a129ab9b015?s=96&d=mm&r=g\",\"contentUrl\":\"https:\/\/secure.gravatar.com\/avatar\/a1c7f8b1dd453e8facadec2bf18354190c777b5556feaaadfa0f6a129ab9b015?s=96&d=mm&r=g\",\"caption\":\"smancilla\"},\"url\":\"https:\/\/dev.explora.cl\/rios\/author\/smancilla\/\"}]}<\/script>\n<!-- \/ Yoast SEO plugin. -->","yoast_head_json":{"title":"Explora Los R\u00edos invita a compartir la ciencia en septiembre - Los R\u00edos","robots":{"index":"index","follow":"follow","max-snippet":"max-snippet:-1","max-image-preview":"max-image-preview:large","max-video-preview":"max-video-preview:-1"},"canonical":"https:\/\/dev.explora.cl\/rios\/explora-los-rios-invita-a-compartir-la-ciencia-en-septiembre\/","og_locale":"es_ES","og_type":"article","og_title":"Explora Los R\u00edos invita a compartir la ciencia en septiembre - Los R\u00edos","og_description":"Especialistas conversar\u00e1n con el p\u00fablico para resolver sus dudas en Ciencia Abierta, cada mi\u00e9rcoles a las 18:00 horas a trav\u00e9s del Facebook, Instagram y YouTube del Proyecto Explora Los R\u00edos del Ministerio de Ciencia, Tecnolog\u00eda, Conocimiento e Innovaci\u00f3n.","og_url":"https:\/\/dev.explora.cl\/rios\/explora-los-rios-invita-a-compartir-la-ciencia-en-septiembre\/","og_site_name":"Los R\u00edos","article_published_time":"2021-08-31T15:13:14+00:00","article_modified_time":"2021-10-15T12:39:08+00:00","og_image":[{"width":837,"height":478,"url":"https:\/\/dev.explora.cl\/rios\/wp-content\/uploads\/sites\/16\/2021\/08\/charla-alimentos.png","type":"image\/png"}],"author":"smancilla","twitter_card":"summary_large_image","twitter_misc":{"Escrito por":"smancilla","Tiempo estimado de lectura":"3 minutos"},"schema":{"@context":"https:\/\/schema.org","@graph":[{"@type":"Article","@id":"https:\/\/dev.explora.cl\/rios\/explora-los-rios-invita-a-compartir-la-ciencia-en-septiembre\/#article","isPartOf":{"@id":"https:\/\/dev.explora.cl\/rios\/explora-los-rios-invita-a-compartir-la-ciencia-en-septiembre\/"},"author":{"name":"smancilla","@id":"https:\/\/dev.explora.cl\/rios\/#\/schema\/person\/279896208736d277e75690dde6cc1ea9"},"headline":"Explora Los R\u00edos invita a compartir la ciencia en septiembre","datePublished":"2021-08-31T15:13:14+00:00","dateModified":"2021-10-15T12:39:08+00:00","mainEntityOfPage":{"@id":"https:\/\/dev.explora.cl\/rios\/explora-los-rios-invita-a-compartir-la-ciencia-en-septiembre\/"},"wordCount":511,"commentCount":0,"image":{"@id":"https:\/\/dev.explora.cl\/rios\/explora-los-rios-invita-a-compartir-la-ciencia-en-septiembre\/#primaryimage"},"thumbnailUrl":"https:\/\/dev.explora.cl\/rios\/wp-content\/uploads\/sites\/16\/2021\/08\/charla-alimentos.png","keywords":["charla","Ciencia P\u00fablica","en vivo"],"articleSection":["Noticias"],"inLanguage":"es-CL","potentialAction":[{"@type":"CommentAction","name":"Comment","target":["https:\/\/dev.explora.cl\/rios\/explora-los-rios-invita-a-compartir-la-ciencia-en-septiembre\/#respond"]}]},{"@type":"WebPage","@id":"https:\/\/dev.explora.cl\/rios\/explora-los-rios-invita-a-compartir-la-ciencia-en-septiembre\/","url":"https:\/\/dev.explora.cl\/rios\/explora-los-rios-invita-a-compartir-la-ciencia-en-septiembre\/","name":"Explora Los R\u00edos invita a compartir la ciencia en septiembre - Los R\u00edos","isPartOf":{"@id":"https:\/\/dev.explora.cl\/rios\/#website"},"primaryImageOfPage":{"@id":"https:\/\/dev.explora.cl\/rios\/explora-los-rios-invita-a-compartir-la-ciencia-en-septiembre\/#primaryimage"},"image":{"@id":"https:\/\/dev.explora.cl\/rios\/explora-los-rios-invita-a-compartir-la-ciencia-en-septiembre\/#primaryimage"},"thumbnailUrl":"https:\/\/dev.explora.cl\/rios\/wp-content\/uploads\/sites\/16\/2021\/08\/charla-alimentos.png","datePublished":"2021-08-31T15:13:14+00:00","dateModified":"2021-10-15T12:39:08+00:00","author":{"@id":"https:\/\/dev.explora.cl\/rios\/#\/schema\/person\/279896208736d277e75690dde6cc1ea9"},"breadcrumb":{"@id":"https:\/\/dev.explora.cl\/rios\/explora-los-rios-invita-a-compartir-la-ciencia-en-septiembre\/#breadcrumb"},"inLanguage":"es-CL","potentialAction":[{"@type":"ReadAction","target":["https:\/\/dev.explora.cl\/rios\/explora-los-rios-invita-a-compartir-la-ciencia-en-septiembre\/"]}]},{"@type":"ImageObject","inLanguage":"es-CL","@id":"https:\/\/dev.explora.cl\/rios\/explora-los-rios-invita-a-compartir-la-ciencia-en-septiembre\/#primaryimage","url":"https:\/\/dev.explora.cl\/rios\/wp-content\/uploads\/sites\/16\/2021\/08\/charla-alimentos.png","contentUrl":"https:\/\/dev.explora.cl\/rios\/wp-content\/uploads\/sites\/16\/2021\/08\/charla-alimentos.png","width":837,"height":478},{"@type":"BreadcrumbList","@id":"https:\/\/dev.explora.cl\/rios\/explora-los-rios-invita-a-compartir-la-ciencia-en-septiembre\/#breadcrumb","itemListElement":[{"@type":"ListItem","position":1,"name":"Portada","item":"https:\/\/dev.explora.cl\/rios\/"},{"@type":"ListItem","position":2,"name":"Explora Los R\u00edos invita a compartir la ciencia en septiembre"}]},{"@type":"WebSite","@id":"https:\/\/dev.explora.cl\/rios\/#website","url":"https:\/\/dev.explora.cl\/rios\/","name":"Los R\u00edos","description":"Otro sitio m\u00e1s de dev.explora.cl","potentialAction":[{"@type":"SearchAction","target":{"@type":"EntryPoint","urlTemplate":"https:\/\/dev.explora.cl\/rios\/?s={search_term_string}"},"query-input":{"@type":"PropertyValueSpecification","valueRequired":true,"valueName":"search_term_string"}}],"inLanguage":"es-CL"},{"@type":"Person","@id":"https:\/\/dev.explora.cl\/rios\/#\/schema\/person\/279896208736d277e75690dde6cc1ea9","name":"smancilla","image":{"@type":"ImageObject","inLanguage":"es-CL","@id":"https:\/\/dev.explora.cl\/rios\/#\/schema\/person\/image\/","url":"https:\/\/secure.gravatar.com\/avatar\/a1c7f8b1dd453e8facadec2bf18354190c777b5556feaaadfa0f6a129ab9b015?s=96&d=mm&r=g","contentUrl":"https:\/\/secure.gravatar.com\/avatar\/a1c7f8b1dd453e8facadec2bf18354190c777b5556feaaadfa0f6a129ab9b015?s=96&d=mm&r=g","caption":"smancilla"},"url":"https:\/\/dev.explora.cl\/rios\/author\/smancilla\/"}]}},"_links":{"self":[{"href":"https:\/\/dev.explora.cl\/rios\/wp-json\/wp\/v2\/posts\/40205","targetHints":{"allow":["GET"]}}],"collection":[{"href":"https:\/\/dev.explora.cl\/rios\/wp-json\/wp\/v2\/posts"}],"about":[{"href":"https:\/\/dev.explora.cl\/rios\/wp-json\/wp\/v2\/types\/post"}],"author":[{"embeddable":true,"href":"https:\/\/dev.explora.cl\/rios\/wp-json\/wp\/v2\/users\/31"}],"replies":[{"embeddable":true,"href":"https:\/\/dev.explora.cl\/rios\/wp-json\/wp\/v2\/comments?post=40205"}],"version-history":[{"count":1,"href":"https:\/\/dev.explora.cl\/rios\/wp-json\/wp\/v2\/posts\/40205\/revisions"}],"predecessor-version":[{"id":40208,"href":"https:\/\/dev.explora.cl\/rios\/wp-json\/wp\/v2\/posts\/40205\/revisions\/40208"}],"wp:featuredmedia":[{"embeddable":true,"href":"https:\/\/dev.explora.cl\/rios\/wp-json\/wp\/v2\/media\/40206"}],"wp:attachment":[{"href":"https:\/\/dev.explora.cl\/rios\/wp-json\/wp\/v2\/media?parent=40205"}],"wp:term":[{"taxonomy":"category","embeddable":true,"href":"https:\/\/dev.explora.cl\/rios\/wp-json\/wp\/v2\/categories?post=40205"},{"taxonomy":"post_tag","embeddable":true,"href":"https:\/\/dev.explora.cl\/rios\/wp-json\/wp\/v2\/tags?post=40205"}],"curies":[{"name":"wp","href":"https:\/\/api.w.org\/{rel}","templated":true}]}}