{"id":40165,"date":"2021-08-19T19:21:54","date_gmt":"2021-08-19T23:21:54","guid":{"rendered":"https:\/\/dev.explora.cl\/rios\/?p=40165"},"modified":"2021-11-04T11:54:48","modified_gmt":"2021-11-04T14:54:48","slug":"congreso2021","status":"publish","type":"post","link":"https:\/\/dev.explora.cl\/rios\/congreso2021\/","title":{"rendered":"Congreso Regional Explora de Investigaci\u00f3n e Innovaci\u00f3n Escolar 2021"},"content":{"rendered":"<p>[vc_row][vc_column][vc_single_image image=&#8221;40166&#8243; img_size=&#8221;full&#8221;][vc_message icon_fontawesome=&#8221;fa fa-child&#8221;]Vuelve el evento de ciencia escolar m\u00e1s grande del pa\u00eds y queremos compartir con amigos y amigas del sur. Este a\u00f1o junto a Proyecto Explora Los Lagos y Proyecto Explora Ays\u00e9n trabajaremos en conjunto para ofrecer una experiencia nueva a estudiantes y docentes de manera remota. Las ciencias y la innovaci\u00f3n escolar tienen su lugar aqu\u00ed. Te invitamos a participar.[\/vc_message][vc_separator][vc_custom_heading text=&#8221;Programa Regi\u00f3n de Los R\u00edos&#8221; font_container=&#8221;tag:h2|text_align:left|color:%234478bc&#8221;][vc_column_text]<\/p>\n<table width=\"100%\">\n<tbody>\n<tr class=\"dia\">\n<td colspan=\"3\" width=\"100%\"><strong>MI\u00c9RCOLES\u00a0 10 de noviembre<\/strong><\/td>\n<\/tr>\n<tr>\n<td width=\"16%\"><strong>Horario<\/strong><\/td>\n<td width=\"57%\"><strong>Actividad<\/strong><\/td>\n<td width=\"25%\"><strong>Lugar<\/strong><\/td>\n<\/tr>\n<tr>\n<td width=\"16%\">14:00 a 14:15 hrs.<\/td>\n<td width=\"57%\">Apertura de sala, conexi\u00f3n de participantes<\/td>\n<td rowspan=\"3\" width=\"25%\"><strong>Sal\u00f3n Inaugural Congreso<\/strong><\/td>\n<\/tr>\n<tr>\n<td width=\"16%\"><strong>14:15 a 15:20 hrs.<\/strong><\/td>\n<td width=\"57%\"><strong>Ceremonia de Inauguraci\u00f3n y Charla Inaugural con Teresa Paneque<\/strong><\/td>\n<\/tr>\n<tr>\n<td width=\"16%\">15:20 hrs.<\/td>\n<td width=\"57%\">Foto oficial<\/td>\n<\/tr>\n<tr>\n<td rowspan=\"3\" width=\"16%\"><strong>15:30 a 16:30 hrs.<\/strong><\/td>\n<td width=\"57%\">Conociendo a mis colegas investigadores\/as escolares (<strong>Ed. B\u00e1sic<\/strong>a)<\/td>\n<td width=\"25%\">Sala Rio Cruces<\/td>\n<\/tr>\n<tr>\n<td width=\"57%\">Conociendo a mis colegas investigadores\/as escolares (<strong>Ed. Media<\/strong>)<\/td>\n<td width=\"25%\">Sala Rio Calle-Calle<\/td>\n<\/tr>\n<tr>\n<td width=\"57%\">Autocuidado en mi entorno laboral (D<strong>ocentes Regi\u00f3n de los R\u00edos<\/strong>)<\/td>\n<td width=\"25%\">Sala Rio San Pedro<\/td>\n<\/tr>\n<tr>\n<td rowspan=\"2\" width=\"16%\"><strong>16:30 a 17:30 hrs.<\/strong><\/td>\n<td width=\"57%\"><strong>Sesi\u00f3n presentaciones I <\/strong><\/td>\n<td width=\"25%\">Sala Rio Cruces<\/td>\n<\/tr>\n<tr>\n<td width=\"57%\"><strong>Sesi\u00f3n presentaciones II<\/strong><\/td>\n<td width=\"25%\">Sala Rio Calle- Calle<\/td>\n<\/tr>\n<tr>\n<td width=\"16%\">17:30 a 17:35 hrs.<\/td>\n<td width=\"57%\">Cierre d\u00eda 1<\/td>\n<td width=\"25%\">En cada sala<\/td>\n<\/tr>\n<tr class=\"dia\">\n<td colspan=\"3\" width=\"100%\"><strong>JUEVES 11 de noviembre<\/strong><\/td>\n<\/tr>\n<tr>\n<td width=\"16%\"><strong>Horario<\/strong><\/td>\n<td width=\"57%\"><strong>Actividad<\/strong><\/td>\n<td width=\"25%\"><strong>Lugar<\/strong><\/td>\n<\/tr>\n<tr>\n<td width=\"16%\">14:00- 14:15 hrs.<\/td>\n<td width=\"57%\">Ingreso Participantes a plataforma, acceso a salas actividades<\/td>\n<td width=\"25%\">Sala com\u00fan Congreso<\/td>\n<\/tr>\n<tr>\n<td rowspan=\"4\" width=\"16%\"><strong>14:15 a 15:45 hrs.<\/strong><\/td>\n<td width=\"57%\">Conversando con Cient\u00edfic@s:\u00a0 <strong>Marta Silva<\/strong> (Educaci\u00f3n y Culturas Originarias)<\/td>\n<td width=\"25%\">Sala R\u00edo Calle-Calle<\/td>\n<\/tr>\n<tr>\n<td width=\"57%\">Conversando con Cient\u00edfic@s:\u00a0 <strong>Felipe Pinto D&#8217;Aguiar<\/strong> (Artes Musicales)<\/td>\n<td width=\"25%\">Sala R\u00edo Cruces<\/td>\n<\/tr>\n<tr>\n<td width=\"57%\">Conversando con Cient\u00edfic@s:\u00a0 <strong>Ricardo Molina<\/strong> (Profesor de Historia y Educaci\u00f3n C\u00edvica)<\/td>\n<td width=\"25%\">Sala R\u00edo San Pedro<\/td>\n<\/tr>\n<tr>\n<td width=\"57%\">Taller para Docentes<\/td>\n<td width=\"25%\">Zoom<\/td>\n<\/tr>\n<tr>\n<td rowspan=\"2\" width=\"16%\"><strong>15:45 a 17:30 hrs.<\/strong><\/td>\n<td width=\"57%\"><strong>Sesi\u00f3n presentaciones III<\/strong><\/td>\n<td width=\"25%\">Sala Rio Cruces<\/td>\n<\/tr>\n<tr>\n<td width=\"57%\"><strong>Sesi\u00f3n presentaciones IV <\/strong><\/td>\n<td width=\"25%\">Sala Rio Calle- Calle<\/td>\n<\/tr>\n<tr>\n<td width=\"16%\">17:30 a 17:35 hrs.<\/td>\n<td width=\"57%\">Cierre d\u00eda 2<\/td>\n<td width=\"25%\">En cada sala<\/td>\n<\/tr>\n<tr class=\"dia\">\n<td colspan=\"3\" width=\"100%\"><strong>Viernes 12 de noviembre<\/strong><\/td>\n<\/tr>\n<tr>\n<td width=\"16%\"><strong>Horario<\/strong><\/td>\n<td width=\"57%\"><strong>Actividad<\/strong><\/td>\n<td width=\"25%\"><strong>Lugar<\/strong><\/td>\n<\/tr>\n<tr>\n<td width=\"16%\">10:00- 10:30 hrs.<\/td>\n<td width=\"57%\">Sesi\u00f3n de Evaluaci\u00f3n (estudiantes)<\/td>\n<td width=\"25%\">Sala R\u00edo Cruces<br \/>\nSala R\u00edo Calle Calle<\/td>\n<\/tr>\n<tr>\n<td rowspan=\"2\" width=\"16%\"><strong>10:30 a 11:45 hrs.<\/strong><\/td>\n<td width=\"57%\"><strong>Actividad Estudiantes: \u00bfC\u00f3mo imagino a mi pa\u00eds?<\/strong><\/td>\n<td width=\"25%\">Sala R\u00edo Cruces<br \/>\nSala R\u00edo Calle Calle<\/td>\n<\/tr>\n<tr>\n<td width=\"57%\">Sesi\u00f3n de Evaluaci\u00f3n (docentes)<\/td>\n<td width=\"25%\">Sala Rio San Pedro<\/td>\n<\/tr>\n<tr>\n<td width=\"16%\"><strong>11.45 a 13:00 hrs.<\/strong><\/td>\n<td width=\"57%\"><strong>Ceremonia de Clausura y saludo constituyente<\/strong><\/td>\n<td width=\"25%\"><strong>Sala Rio Cruces<\/strong><\/td>\n<\/tr>\n<\/tbody>\n<\/table>\n<p>[\/vc_column_text][vc_separator][vc_row_inner][vc_column_inner width=&#8221;2\/3&#8243;][vc_cta h2=&#8221;Postulaci\u00f3n al Congreso Regional&#8221; h2_font_container=&#8221;font_size:1.2em|color:%234478bc&#8221; h4=&#8221;Cierre de Postulaciones: 8 de octubre&#8221; h4_font_container=&#8221;color:%23dd3333&#8243; h4_google_fonts=&#8221;font_family:Open%20Sans%3A300%2C300italic%2Cregular%2Citalic%2C600%2C600italic%2C700%2C700italic%2C800%2C800italic|font_style:700%20bold%20regular%3A700%3Anormal&#8221; add_button=&#8221;bottom&#8221; btn_title=&#8221;Postulaciones Cerradas&#8221; btn_style=&#8221;custom&#8221; btn_custom_background=&#8221;#848484&#8243; btn_custom_text=&#8221;#ffffff&#8221; btn_size=&#8221;lg&#8221; btn_align=&#8221;center&#8221; btn_i_icon_fontawesome=&#8221;fa fa-external-link-square&#8221; btn_css_animation=&#8221;appear&#8221; btn_link=&#8221;url:https%3A%2F%2Fform.jotform.com%2F212295948573064||target:%20_blank|&#8221; btn_button_block=&#8221;true&#8221; use_custom_fonts_h2=&#8221;true&#8221; btn_add_icon=&#8221;true&#8221; btn_custom_onclick=&#8221;true&#8221; use_custom_fonts_h4=&#8221;true&#8221;]Si su establecimiento pertenece a la Regi\u00f3n de Los R\u00edos puede postular en el siguiente formulario con toda la documentaci\u00f3n lista para ser enviada. Si es de la <a href=\"https:\/\/dev.explora.cl\/lagos\">Regi\u00f3n de Los Lagos<\/a> o la <a href=\"https:\/\/dev.explora.cl\/aysen\">Regi\u00f3n de Ays\u00e9n<\/a> debe ingresar a su respectiva web.[\/vc_cta][vc_btn title=&#8221;RESULTADOS&#8221; style=&#8221;custom&#8221; custom_background=&#8221;#81d742&#8243; custom_text=&#8221;#ffffff&#8221; size=&#8221;lg&#8221; align=&#8221;center&#8221; i_icon_fontawesome=&#8221;fa fa-external-link&#8221; link=&#8221;url:https%3A%2F%2Fdev.explora.cl%2Frios%2Fpresentan-trabajos-de-investigacion-escolar-que-podran-participar-del-congreso-regional-explora-2021%2F|||&#8221; button_block=&#8221;true&#8221; add_icon=&#8221;true&#8221;][\/vc_column_inner][vc_column_inner width=&#8221;1\/3&#8243;][vc_custom_heading text=&#8221;Descarga de Documentos&#8221; font_container=&#8221;tag:h2|text_align:left|color:%234478bc&#8221;][vc_btn title=&#8221;Bases de Participaci\u00f3n&#8221; style=&#8221;custom&#8221; custom_background=&#8221;#36ba9b&#8221; custom_text=&#8221;#ffffff&#8221; size=&#8221;sm&#8221; align=&#8221;center&#8221; i_icon_fontawesome=&#8221;fa fa-file-pdf-o&#8221; link=&#8221;url:https%3A%2F%2Fbit.ly%2FbasesCREiieRios|||&#8221; button_block=&#8221;true&#8221; add_icon=&#8221;true&#8221;][vc_column_text css=&#8221;.vc_custom_1629415059999{margin-top: -10px !important;margin-right: -10px !important;margin-bottom: -10px !important;margin-left: -10px !important;}&#8221;]<\/p>\n<p style=\"text-align: center;font-size: 0.9em\"><a href=\"https:\/\/dev.explora.cl\/wp-content\/uploads\/2021\/07\/RES_EX_N%C2%B0165_2021_MOD_RES_EX_N%C2%B0141_2021.pdf\">Modificaci\u00f3n a las bases<\/a><\/p>\n<p>[\/vc_column_text][vc_btn title=&#8221;Formulario de Postulaci\u00f3n y Anexos&#8221; style=&#8221;custom&#8221; custom_background=&#8221;#36ba9b&#8221; custom_text=&#8221;#ffffff&#8221; size=&#8221;sm&#8221; align=&#8221;center&#8221; i_icon_fontawesome=&#8221;fa fa-file-word-o&#8221; link=&#8221;url:https%3A%2F%2Fbit.ly%2FformCREiieRios|||&#8221; button_block=&#8221;true&#8221; add_icon=&#8221;true&#8221;][vc_btn title=&#8221;Regulaci\u00f3n Investigaci\u00f3n e Innovaci\u00f3n Escolar&#8221; style=&#8221;custom&#8221; custom_background=&#8221;#36ba9b&#8221; custom_text=&#8221;#ffffff&#8221; size=&#8221;sm&#8221; align=&#8221;center&#8221; i_icon_fontawesome=&#8221;fa fa-file-word-o&#8221; link=&#8221;url:https%3A%2F%2Fbit.ly%2F3Am0gj3|||&#8221; button_block=&#8221;true&#8221; add_icon=&#8221;true&#8221;][\/vc_column_inner][\/vc_row_inner][vc_separator][vc_custom_heading text=&#8221;Informaci\u00f3n del Congreso&#8221; font_container=&#8221;tag:h2|text_align:left|color:%234478bc&#8221;][vc_row_inner css=&#8221;.vc_custom_1629414283185{margin: 10px !important;padding: 10px !important;background-color: #ffffff !important;border-radius: 5px !important;}&#8221;][vc_column_inner width=&#8221;1\/2&#8243;][vc_column_text]<b>Objetivo del Congreso: <\/b>Socializar los resultados de los proyectos de investigaci\u00f3n e innovaci\u00f3n escolar a trav\u00e9s de la exposici\u00f3n en un espacio estimulante donde las y los estudiantes puedan compartir sus experiencias. Y motivar a estudiantes y docentes a desarrollar mayor investigaci\u00f3n y\/o innovaci\u00f3n<br \/>\nescolar.<\/p>\n<p><strong>Participan:<\/strong> Equipos de 2 estudiantes (entre 5\u00b0 a\u00f1o b\u00e1sico y 4\u00b0 a\u00f1o medio) y un docente gu\u00eda. Pueden recibir la asesor\u00eda de un\/a especialista. El equipo de estudiantes podr\u00e1 presentar un m\u00e1ximo de 1 proyecto. El docente podr\u00e1 guiar m\u00e1s de un proyecto.<\/p>\n<p><strong>Requisitos del proyecto:<\/strong> desarrollado por un m\u00ednimo de 3 meses durante este a\u00f1o, no podr\u00e1 ser una demostraci\u00f3n de principios o teor\u00edas cient\u00edficas conocidas.<\/p>\n<p><strong>Documentos obligatorios:<\/strong> Anexo 1, Anexo 2-A, Anexo 2-B, Anexo 2-C, Anexo 3, Anexo 4 y Anexo 5. Revise estos documentos en la secci\u00f3n <em>Descarga de Documentos<\/em> (arriba).[\/vc_column_text][\/vc_column_inner][vc_column_inner width=&#8221;1\/2&#8243;][vc_column_text]<strong>Categor\u00edas de participaci\u00f3n<\/strong><\/p>\n<p><strong>Investigaci\u00f3n:<\/strong> Las investigaciones deber\u00e1n haberse desarrollado a partir de una pregunta definida por las\/los estudiantes que, a trav\u00e9s de una metodolog\u00eda de investigaci\u00f3n, se busc\u00f3 responder. Las investigaciones deber\u00e1n ser enmarcadas en las siguientes disciplinas: (1) Ciencias Naturales y\/o exactas, (2) Ciencias Sociales o (3) Artes y Humanidades.<\/p>\n<p><strong>Innovaci\u00f3n:<\/strong> Los proyectos de innovaci\u00f3n deber\u00e1n haberse desarrollado a partir de un problema o necesidad detectada por las\/los estudiantes que, a partir de soluciones innovadoras de base cient\u00edfico &#8211; tecnol\u00f3gica, se busc\u00f3 resolver.[\/vc_column_text][\/vc_column_inner][\/vc_row_inner][vc_toggle title=&#8221;Informaci\u00f3n Adicional (click)&#8221; custom_font_container=&#8221;tag:h2|text_align:left|color:%234478bc&#8221; el_id=&#8221;1629412910132-315b93ef-f204&#8243; use_custom_heading=&#8221;true&#8221;]<strong>Admisibilidad &#8211; <\/strong>Ser\u00e1n declarados admisibles los proyectos que cumplan:<\/p>\n<ul>\n<li>Los requisitos m\u00ednimos para postular establecidos en las bases (punto 5 bases).<\/li>\n<li>La presentaci\u00f3n de todos los documentos obligatorios (punto 6.1 bases).<\/li>\n<li>La presentaci\u00f3n de los documentos adicionales si corresponde (punto 6.2 bases).<\/li>\n<li>Enviar la postulaci\u00f3n dentro de los plazos y v\u00edas correspondientes.<\/li>\n<\/ul>\n<p>&nbsp;<\/p>\n<p><strong>Evaluaci\u00f3n<\/strong><\/p>\n<p>Los proyectos admisibles, ser\u00e1n evaluados por el Comit\u00e9 Cient\u00edfico Evaluador (CCE), compuestos por especialistas en las diversas \u00e1reas del conocimiento humano que no tengan vinculaci\u00f3n alguna con el equipo Explora y que no hayan asesorado a ninguno de los equipos de investigaci\u00f3n postulantes. El informe escrito (Formulario de Postulaci\u00f3n) ser\u00e1 evaluado de forma previa a la publicaci\u00f3n de equipos participantes en el Congreso. Durante el certamen se evaluar\u00e1 una presentaci\u00f3n audiovisual del proyecto.<\/p>\n<p>&nbsp;<\/p>\n<p><strong>Durante el Congreso<\/strong><\/p>\n<p>Los equipos participantes no solo podr\u00e1n presentar sus investigaciones al Comit\u00e9 Cient\u00edfico Evaluador, sino que podr\u00e1n compartir con estudiantes de las tres regiones. Tambi\u00e9n podr\u00e1n interactuar en actividades como Conversando con Cient\u00edficos y Cient\u00edficas y otras que la organizaci\u00f3n dispondr\u00e1 para enriquecer la experiencia.[\/vc_toggle][vc_separator][vc_custom_heading text=&#8221;Preguntas Frecuentes&#8221; font_container=&#8221;tag:h2|text_align:left|color:%234478bc&#8221;][vc_row_inner css=&#8221;.vc_custom_1629414344766{margin: 10px !important;padding: 10px !important;background-color: #ffffff !important;border-radius: 5px !important;}&#8221;][vc_column_inner width=&#8221;1\/3&#8243;][vc_column_text]<strong>\u00bfQu\u00e9 cursos pueden participar?<\/strong><\/p>\n<p>Estudiantes de 5\u00b0 b\u00e1sico a 4\u00b0 medio[\/vc_column_text][vc_column_text]<strong>\u00bfPuedo postular sin asesor\u00eda cient\u00edfica?<\/strong><\/p>\n<p>S\u00ed, la asesor\u00eda cient\u00edfica no es requisito. Pero, en caso de utilizaci\u00f3n de animales, agentes qu\u00edmicos o biol\u00f3gicos potencialmente nocivos, la asesor\u00eda cient\u00edfica es obligatoria.[\/vc_column_text][\/vc_column_inner][vc_column_inner width=&#8221;1\/3&#8243;][vc_column_text]<strong>\u00bfPor qu\u00e9 hay tres regiones?<\/strong><\/p>\n<p>Queremos que estudiantes y docentes puedan compartir sus experiencias con m\u00e1s compa\u00f1eros y compa\u00f1eras. No implica reducci\u00f3n en cupos al Congreso Nacional o &#8220;competencia&#8221; entre regiones.[\/vc_column_text][\/vc_column_inner][vc_column_inner width=&#8221;1\/3&#8243;][vc_column_text]<strong>\u00bfSer\u00e1 presencial?<\/strong><\/p>\n<p>Esta versi\u00f3n del Congreso Regional ser\u00e1 en formato remoto en una plataforma especial.[\/vc_column_text][\/vc_column_inner][\/vc_row_inner][vc_column_text]<\/p>\n<p style=\"text-align: center\"><strong>\u00bfM\u00e1s dudas?<\/strong> Escr\u00edbenos por <a href=\"http:\/\/m.me\/572061129491393\">Facebook Messenger<\/a>.<\/p>\n<p>[\/vc_column_text][\/vc_column][\/vc_row][vc_row][vc_column][vc_single_image image=&#8221;40173&#8243; img_size=&#8221;full&#8221;][\/vc_column][\/vc_row][vc_row][vc_column][\/vc_column][\/vc_row]<\/p>\n","protected":false},"excerpt":{"rendered":"<p>\u00a1Vuelve! El Congreso Regional Explora ya inici\u00f3 su etapa de postulaci\u00f3n. Baja las bases y conoce m\u00e1s detalles aqu\u00ed.<\/p>\n","protected":false},"author":31,"featured_media":40166,"comment_status":"open","ping_status":"open","sticky":false,"template":"","format":"standard","meta":{"_acf_changed":false,"_exactmetrics_skip_tracking":false,"_exactmetrics_sitenote_active":false,"_exactmetrics_sitenote_note":"","_exactmetrics_sitenote_category":0,"footnotes":"","_links_to":"","_links_to_target":""},"categories":[151,136],"tags":[12,101,157],"class_list":["post-40165","post","type-post","status-publish","format-standard","has-post-thumbnail","hentry","category-banner","category-lugar-1","tag-ciencia-escolar","tag-congreso-regional","tag-postulacion"],"acf":[],"yoast_head":"<!-- This site is optimized with the Yoast SEO plugin v26.7 - https:\/\/yoast.com\/wordpress\/plugins\/seo\/ -->\n<title>Congreso Regional Explora de Investigaci\u00f3n e Innovaci\u00f3n Escolar 2021 - Los R\u00edos<\/title>\n<meta name=\"robots\" content=\"index, follow, max-snippet:-1, max-image-preview:large, max-video-preview:-1\" \/>\n<link rel=\"canonical\" href=\"https:\/\/dev.explora.cl\/rios\/congreso2021\/\" class=\"yoast-seo-meta-tag\" \/>\n<meta property=\"og:locale\" content=\"es_ES\" class=\"yoast-seo-meta-tag\" \/>\n<meta property=\"og:type\" content=\"article\" class=\"yoast-seo-meta-tag\" \/>\n<meta property=\"og:title\" content=\"Congreso Regional Explora de Investigaci\u00f3n e Innovaci\u00f3n Escolar 2021 - Los R\u00edos\" class=\"yoast-seo-meta-tag\" \/>\n<meta property=\"og:description\" content=\"\u00a1Vuelve! El Congreso Regional Explora ya inici\u00f3 su etapa de postulaci\u00f3n. Baja las bases y conoce m\u00e1s detalles aqu\u00ed.\" class=\"yoast-seo-meta-tag\" \/>\n<meta property=\"og:url\" content=\"https:\/\/dev.explora.cl\/rios\/congreso2021\/\" class=\"yoast-seo-meta-tag\" \/>\n<meta property=\"og:site_name\" content=\"Los R\u00edos\" class=\"yoast-seo-meta-tag\" \/>\n<meta property=\"article:published_time\" content=\"2021-08-19T23:21:54+00:00\" class=\"yoast-seo-meta-tag\" \/>\n<meta property=\"article:modified_time\" content=\"2021-11-04T14:54:48+00:00\" class=\"yoast-seo-meta-tag\" \/>\n<meta property=\"og:image\" content=\"https:\/\/dev.explora.cl\/rios\/wp-content\/uploads\/sites\/16\/2021\/08\/congreso_pagina_explora.png\" class=\"yoast-seo-meta-tag\" \/>\n\t<meta property=\"og:image:width\" content=\"736\" class=\"yoast-seo-meta-tag\" \/>\n\t<meta property=\"og:image:height\" content=\"420\" class=\"yoast-seo-meta-tag\" \/>\n\t<meta property=\"og:image:type\" content=\"image\/png\" class=\"yoast-seo-meta-tag\" \/>\n<meta name=\"author\" content=\"smancilla\" class=\"yoast-seo-meta-tag\" \/>\n<meta name=\"twitter:card\" content=\"summary_large_image\" class=\"yoast-seo-meta-tag\" \/>\n<meta name=\"twitter:label1\" content=\"Escrito por\" class=\"yoast-seo-meta-tag\" \/>\n\t<meta name=\"twitter:data1\" content=\"smancilla\" class=\"yoast-seo-meta-tag\" \/>\n\t<meta name=\"twitter:label2\" content=\"Tiempo estimado de lectura\" class=\"yoast-seo-meta-tag\" \/>\n\t<meta name=\"twitter:data2\" content=\"8 minutos\" class=\"yoast-seo-meta-tag\" \/>\n<script type=\"application\/ld+json\" class=\"yoast-schema-graph\">{\"@context\":\"https:\/\/schema.org\",\"@graph\":[{\"@type\":\"Article\",\"@id\":\"https:\/\/dev.explora.cl\/rios\/congreso2021\/#article\",\"isPartOf\":{\"@id\":\"https:\/\/dev.explora.cl\/rios\/congreso2021\/\"},\"author\":{\"name\":\"smancilla\",\"@id\":\"https:\/\/dev.explora.cl\/rios\/#\/schema\/person\/279896208736d277e75690dde6cc1ea9\"},\"headline\":\"Congreso Regional Explora de Investigaci\u00f3n e Innovaci\u00f3n Escolar 2021\",\"datePublished\":\"2021-08-19T23:21:54+00:00\",\"dateModified\":\"2021-11-04T14:54:48+00:00\",\"mainEntityOfPage\":{\"@id\":\"https:\/\/dev.explora.cl\/rios\/congreso2021\/\"},\"wordCount\":1554,\"commentCount\":0,\"image\":{\"@id\":\"https:\/\/dev.explora.cl\/rios\/congreso2021\/#primaryimage\"},\"thumbnailUrl\":\"https:\/\/dev.explora.cl\/rios\/wp-content\/uploads\/sites\/16\/2021\/08\/congreso_pagina_explora.png\",\"keywords\":[\"ciencia escolar\",\"Congreso Regional\",\"postulacion\"],\"articleSection\":[\"Banner\",\"Lugar 1\"],\"inLanguage\":\"es-CL\",\"potentialAction\":[{\"@type\":\"CommentAction\",\"name\":\"Comment\",\"target\":[\"https:\/\/dev.explora.cl\/rios\/congreso2021\/#respond\"]}]},{\"@type\":\"WebPage\",\"@id\":\"https:\/\/dev.explora.cl\/rios\/congreso2021\/\",\"url\":\"https:\/\/dev.explora.cl\/rios\/congreso2021\/\",\"name\":\"Congreso Regional Explora de Investigaci\u00f3n e Innovaci\u00f3n Escolar 2021 - Los R\u00edos\",\"isPartOf\":{\"@id\":\"https:\/\/dev.explora.cl\/rios\/#website\"},\"primaryImageOfPage\":{\"@id\":\"https:\/\/dev.explora.cl\/rios\/congreso2021\/#primaryimage\"},\"image\":{\"@id\":\"https:\/\/dev.explora.cl\/rios\/congreso2021\/#primaryimage\"},\"thumbnailUrl\":\"https:\/\/dev.explora.cl\/rios\/wp-content\/uploads\/sites\/16\/2021\/08\/congreso_pagina_explora.png\",\"datePublished\":\"2021-08-19T23:21:54+00:00\",\"dateModified\":\"2021-11-04T14:54:48+00:00\",\"author\":{\"@id\":\"https:\/\/dev.explora.cl\/rios\/#\/schema\/person\/279896208736d277e75690dde6cc1ea9\"},\"breadcrumb\":{\"@id\":\"https:\/\/dev.explora.cl\/rios\/congreso2021\/#breadcrumb\"},\"inLanguage\":\"es-CL\",\"potentialAction\":[{\"@type\":\"ReadAction\",\"target\":[\"https:\/\/dev.explora.cl\/rios\/congreso2021\/\"]}]},{\"@type\":\"ImageObject\",\"inLanguage\":\"es-CL\",\"@id\":\"https:\/\/dev.explora.cl\/rios\/congreso2021\/#primaryimage\",\"url\":\"https:\/\/dev.explora.cl\/rios\/wp-content\/uploads\/sites\/16\/2021\/08\/congreso_pagina_explora.png\",\"contentUrl\":\"https:\/\/dev.explora.cl\/rios\/wp-content\/uploads\/sites\/16\/2021\/08\/congreso_pagina_explora.png\",\"width\":736,\"height\":420},{\"@type\":\"BreadcrumbList\",\"@id\":\"https:\/\/dev.explora.cl\/rios\/congreso2021\/#breadcrumb\",\"itemListElement\":[{\"@type\":\"ListItem\",\"position\":1,\"name\":\"Portada\",\"item\":\"https:\/\/dev.explora.cl\/rios\/\"},{\"@type\":\"ListItem\",\"position\":2,\"name\":\"Congreso Regional Explora de Investigaci\u00f3n e Innovaci\u00f3n Escolar 2021\"}]},{\"@type\":\"WebSite\",\"@id\":\"https:\/\/dev.explora.cl\/rios\/#website\",\"url\":\"https:\/\/dev.explora.cl\/rios\/\",\"name\":\"Los R\u00edos\",\"description\":\"Otro sitio m\u00e1s de dev.explora.cl\",\"potentialAction\":[{\"@type\":\"SearchAction\",\"target\":{\"@type\":\"EntryPoint\",\"urlTemplate\":\"https:\/\/dev.explora.cl\/rios\/?s={search_term_string}\"},\"query-input\":{\"@type\":\"PropertyValueSpecification\",\"valueRequired\":true,\"valueName\":\"search_term_string\"}}],\"inLanguage\":\"es-CL\"},{\"@type\":\"Person\",\"@id\":\"https:\/\/dev.explora.cl\/rios\/#\/schema\/person\/279896208736d277e75690dde6cc1ea9\",\"name\":\"smancilla\",\"image\":{\"@type\":\"ImageObject\",\"inLanguage\":\"es-CL\",\"@id\":\"https:\/\/dev.explora.cl\/rios\/#\/schema\/person\/image\/\",\"url\":\"https:\/\/secure.gravatar.com\/avatar\/a1c7f8b1dd453e8facadec2bf18354190c777b5556feaaadfa0f6a129ab9b015?s=96&d=mm&r=g\",\"contentUrl\":\"https:\/\/secure.gravatar.com\/avatar\/a1c7f8b1dd453e8facadec2bf18354190c777b5556feaaadfa0f6a129ab9b015?s=96&d=mm&r=g\",\"caption\":\"smancilla\"},\"url\":\"https:\/\/dev.explora.cl\/rios\/author\/smancilla\/\"}]}<\/script>\n<!-- \/ Yoast SEO plugin. -->","yoast_head_json":{"title":"Congreso Regional Explora de Investigaci\u00f3n e Innovaci\u00f3n Escolar 2021 - Los R\u00edos","robots":{"index":"index","follow":"follow","max-snippet":"max-snippet:-1","max-image-preview":"max-image-preview:large","max-video-preview":"max-video-preview:-1"},"canonical":"https:\/\/dev.explora.cl\/rios\/congreso2021\/","og_locale":"es_ES","og_type":"article","og_title":"Congreso Regional Explora de Investigaci\u00f3n e Innovaci\u00f3n Escolar 2021 - Los R\u00edos","og_description":"\u00a1Vuelve! El Congreso Regional Explora ya inici\u00f3 su etapa de postulaci\u00f3n. Baja las bases y conoce m\u00e1s detalles aqu\u00ed.","og_url":"https:\/\/dev.explora.cl\/rios\/congreso2021\/","og_site_name":"Los R\u00edos","article_published_time":"2021-08-19T23:21:54+00:00","article_modified_time":"2021-11-04T14:54:48+00:00","og_image":[{"width":736,"height":420,"url":"https:\/\/dev.explora.cl\/rios\/wp-content\/uploads\/sites\/16\/2021\/08\/congreso_pagina_explora.png","type":"image\/png"}],"author":"smancilla","twitter_card":"summary_large_image","twitter_misc":{"Escrito por":"smancilla","Tiempo estimado de lectura":"8 minutos"},"schema":{"@context":"https:\/\/schema.org","@graph":[{"@type":"Article","@id":"https:\/\/dev.explora.cl\/rios\/congreso2021\/#article","isPartOf":{"@id":"https:\/\/dev.explora.cl\/rios\/congreso2021\/"},"author":{"name":"smancilla","@id":"https:\/\/dev.explora.cl\/rios\/#\/schema\/person\/279896208736d277e75690dde6cc1ea9"},"headline":"Congreso Regional Explora de Investigaci\u00f3n e Innovaci\u00f3n Escolar 2021","datePublished":"2021-08-19T23:21:54+00:00","dateModified":"2021-11-04T14:54:48+00:00","mainEntityOfPage":{"@id":"https:\/\/dev.explora.cl\/rios\/congreso2021\/"},"wordCount":1554,"commentCount":0,"image":{"@id":"https:\/\/dev.explora.cl\/rios\/congreso2021\/#primaryimage"},"thumbnailUrl":"https:\/\/dev.explora.cl\/rios\/wp-content\/uploads\/sites\/16\/2021\/08\/congreso_pagina_explora.png","keywords":["ciencia escolar","Congreso Regional","postulacion"],"articleSection":["Banner","Lugar 1"],"inLanguage":"es-CL","potentialAction":[{"@type":"CommentAction","name":"Comment","target":["https:\/\/dev.explora.cl\/rios\/congreso2021\/#respond"]}]},{"@type":"WebPage","@id":"https:\/\/dev.explora.cl\/rios\/congreso2021\/","url":"https:\/\/dev.explora.cl\/rios\/congreso2021\/","name":"Congreso Regional Explora de Investigaci\u00f3n e Innovaci\u00f3n Escolar 2021 - Los R\u00edos","isPartOf":{"@id":"https:\/\/dev.explora.cl\/rios\/#website"},"primaryImageOfPage":{"@id":"https:\/\/dev.explora.cl\/rios\/congreso2021\/#primaryimage"},"image":{"@id":"https:\/\/dev.explora.cl\/rios\/congreso2021\/#primaryimage"},"thumbnailUrl":"https:\/\/dev.explora.cl\/rios\/wp-content\/uploads\/sites\/16\/2021\/08\/congreso_pagina_explora.png","datePublished":"2021-08-19T23:21:54+00:00","dateModified":"2021-11-04T14:54:48+00:00","author":{"@id":"https:\/\/dev.explora.cl\/rios\/#\/schema\/person\/279896208736d277e75690dde6cc1ea9"},"breadcrumb":{"@id":"https:\/\/dev.explora.cl\/rios\/congreso2021\/#breadcrumb"},"inLanguage":"es-CL","potentialAction":[{"@type":"ReadAction","target":["https:\/\/dev.explora.cl\/rios\/congreso2021\/"]}]},{"@type":"ImageObject","inLanguage":"es-CL","@id":"https:\/\/dev.explora.cl\/rios\/congreso2021\/#primaryimage","url":"https:\/\/dev.explora.cl\/rios\/wp-content\/uploads\/sites\/16\/2021\/08\/congreso_pagina_explora.png","contentUrl":"https:\/\/dev.explora.cl\/rios\/wp-content\/uploads\/sites\/16\/2021\/08\/congreso_pagina_explora.png","width":736,"height":420},{"@type":"BreadcrumbList","@id":"https:\/\/dev.explora.cl\/rios\/congreso2021\/#breadcrumb","itemListElement":[{"@type":"ListItem","position":1,"name":"Portada","item":"https:\/\/dev.explora.cl\/rios\/"},{"@type":"ListItem","position":2,"name":"Congreso Regional Explora de Investigaci\u00f3n e Innovaci\u00f3n Escolar 2021"}]},{"@type":"WebSite","@id":"https:\/\/dev.explora.cl\/rios\/#website","url":"https:\/\/dev.explora.cl\/rios\/","name":"Los R\u00edos","description":"Otro sitio m\u00e1s de dev.explora.cl","potentialAction":[{"@type":"SearchAction","target":{"@type":"EntryPoint","urlTemplate":"https:\/\/dev.explora.cl\/rios\/?s={search_term_string}"},"query-input":{"@type":"PropertyValueSpecification","valueRequired":true,"valueName":"search_term_string"}}],"inLanguage":"es-CL"},{"@type":"Person","@id":"https:\/\/dev.explora.cl\/rios\/#\/schema\/person\/279896208736d277e75690dde6cc1ea9","name":"smancilla","image":{"@type":"ImageObject","inLanguage":"es-CL","@id":"https:\/\/dev.explora.cl\/rios\/#\/schema\/person\/image\/","url":"https:\/\/secure.gravatar.com\/avatar\/a1c7f8b1dd453e8facadec2bf18354190c777b5556feaaadfa0f6a129ab9b015?s=96&d=mm&r=g","contentUrl":"https:\/\/secure.gravatar.com\/avatar\/a1c7f8b1dd453e8facadec2bf18354190c777b5556feaaadfa0f6a129ab9b015?s=96&d=mm&r=g","caption":"smancilla"},"url":"https:\/\/dev.explora.cl\/rios\/author\/smancilla\/"}]}},"_links":{"self":[{"href":"https:\/\/dev.explora.cl\/rios\/wp-json\/wp\/v2\/posts\/40165","targetHints":{"allow":["GET"]}}],"collection":[{"href":"https:\/\/dev.explora.cl\/rios\/wp-json\/wp\/v2\/posts"}],"about":[{"href":"https:\/\/dev.explora.cl\/rios\/wp-json\/wp\/v2\/types\/post"}],"author":[{"embeddable":true,"href":"https:\/\/dev.explora.cl\/rios\/wp-json\/wp\/v2\/users\/31"}],"replies":[{"embeddable":true,"href":"https:\/\/dev.explora.cl\/rios\/wp-json\/wp\/v2\/comments?post=40165"}],"version-history":[{"count":30,"href":"https:\/\/dev.explora.cl\/rios\/wp-json\/wp\/v2\/posts\/40165\/revisions"}],"predecessor-version":[{"id":40430,"href":"https:\/\/dev.explora.cl\/rios\/wp-json\/wp\/v2\/posts\/40165\/revisions\/40430"}],"wp:featuredmedia":[{"embeddable":true,"href":"https:\/\/dev.explora.cl\/rios\/wp-json\/wp\/v2\/media\/40166"}],"wp:attachment":[{"href":"https:\/\/dev.explora.cl\/rios\/wp-json\/wp\/v2\/media?parent=40165"}],"wp:term":[{"taxonomy":"category","embeddable":true,"href":"https:\/\/dev.explora.cl\/rios\/wp-json\/wp\/v2\/categories?post=40165"},{"taxonomy":"post_tag","embeddable":true,"href":"https:\/\/dev.explora.cl\/rios\/wp-json\/wp\/v2\/tags?post=40165"}],"curies":[{"name":"wp","href":"https:\/\/api.w.org\/{rel}","templated":true}]}}