{"id":40161,"date":"2021-08-19T16:43:43","date_gmt":"2021-08-19T20:43:43","guid":{"rendered":"https:\/\/dev.explora.cl\/rios\/?p=40161"},"modified":"2021-10-08T17:25:32","modified_gmt":"2021-10-08T20:25:32","slug":"buscan-insertar-la-cultura-sismica-en-la-primera-infancia-a-traves-del-teatro-de-papel","status":"publish","type":"post","link":"https:\/\/dev.explora.cl\/rios\/buscan-insertar-la-cultura-sismica-en-la-primera-infancia-a-traves-del-teatro-de-papel\/","title":{"rendered":"Buscan insertar la cultura s\u00edsmica en la primera infancia a trav\u00e9s del Teatro de Papel"},"content":{"rendered":"<p>[vc_row][vc_column][vc_row_inner][vc_column_inner width=&#8221;2\/3&#8243;][vc_custom_heading text=&#8221;El objetivo es promover el formato cuenta cuentos como una herramienta de educaci\u00f3n sobre terremotos, para ni\u00f1as y ni\u00f1os de la primera infancia. La iniciativa financiada por el Ministerio de las Culturas, las Artes y el Patrimonio a trav\u00e9s del Fondo del Libro y la Lectura&#8221; font_container=&#8221;tag:h3|text_align:left&#8221;][\/vc_column_inner][vc_column_inner width=&#8221;1\/3&#8243;][vc_btn title=&#8221;Sitio del Proyecto&#8221; style=&#8221;custom&#8221; custom_background=&#8221;#81d742&#8243; custom_text=&#8221;#ffffff&#8221; size=&#8221;lg&#8221; align=&#8221;center&#8221; i_align=&#8221;right&#8221; i_icon_fontawesome=&#8221;fa fa-arrow-circle-right&#8221; button_block=&#8221;true&#8221; add_icon=&#8221;true&#8221; link=&#8221;url:https%3A%2F%2Fwww.elmonstruoquemovialatierra.cl|||&#8221;][\/vc_column_inner][\/vc_row_inner][vc_column_text]<span style=\"font-weight: 400\">\u201cEl monstruo que mueve la Tierra: El Kamishibai como herramienta formativa de cultura s\u00edsmica en la primera infancia\u201d, es el nombre de la iniciativa que busca concientizar y llevar la tem\u00e1tica \u201cChile como pa\u00eds s\u00edsmico\u201d a menores de los primeros ciclos educacionales.<\/span><\/p>\n<p><span style=\"font-weight: 400\">La idea es desarrollar veinte talleres gratuitos que promuevan el uso del formato de cuenta cuentos a trav\u00e9s de l\u00e1minas ilustradas y teatrillo, como herramienta para la mediaci\u00f3n de lectura en niveles de educaci\u00f3n inicial, capacitando a equipos de educaci\u00f3n parvularia de distintos puntos del pa\u00eds.<\/span><\/p>\n<p><span style=\"font-weight: 400\">El proyecto fue financiado por el Ministerio de las Culturas, las Artes y el Patrimonio a trav\u00e9s del Fondo del Libro y la Lectura y dado el contexto actual, los talleres se realizar\u00e1n de forma remota y contemplan unidades de trabajo que van desde la geolog\u00eda b\u00e1sica y los mecanismos que generan terremotos hasta la entrega de herramientas de comunicaci\u00f3n para la mediaci\u00f3n de la lectura a trav\u00e9s del uso del Kamishibai, t\u00e9cnica japonesa tambi\u00e9n conocida como \u201cTeatro de Papel\u201d.\u00a0<\/span><\/p>\n<p><span style=\"font-weight: 400\">Junto con los contenidos impartidos, la iniciativa contempla el despacho en formato papel de la obra del mismo nombre, que ilustra la vida cotidiana de Chito y Floppy, dos amigos que compiten por desentra\u00f1ar misterios dom\u00e9sticos que les producen miedos, como los monstruos bajo la cama, en las bodegas, los ruidos extra\u00f1os, los bichos. Hasta que un d\u00eda misteriosamente la tierra se mueve muy fuerte y no pueden hallar una raz\u00f3n para el suceso. Se plantean diversas ideas, las cuales no est\u00e1n muy lejos de la realidad en torno al estudio cient\u00edfico de los terremotos.\u00a0<\/span><\/p>\n<p><span style=\"font-weight: 400\">El proyecto fue adjudicado por el periodista Luis Felipe Leiva, financiado por el Ministerio de las Culturas, las Artes y el Patrimonio a trav\u00e9s del Fondo del Libro y la Lectura, en la l\u00ednea de desarrollo de capacidades de mediaci\u00f3n de la lectura y escritura, convocatoria 2021y cuenta con el apoyo del N\u00facleo Milenio Estudio del Ciclo S\u00edsmico a lo largo de Zonas de Subducci\u00f3n (Cyclo); la Facultad de Ciencias de la Universidad Austral de Chile, y el Proyecto Anillo Precursor.<\/span><\/p>\n<p><span style=\"font-weight: 400\">En este sentido, el periodista y Director del proyecto explic\u00f3 que \u201cel objetivo de \u2018El monstruo que mov\u00eda la tierra\u2019 es poner la primera semilla de cultura s\u00edsmica a trav\u00e9s de mensajes simples como: la tierra de mueve, a veces violentamente y no s\u00f3lo una vez, sino que varias. Debemos recordar que es muy probable que ni\u00f1os de tal edad nunca hayan vivido este tipo de eventos naturales\u201d, dijo.<\/span><\/p>\n<p><span style=\"font-weight: 400\">Por su parte, Daniel Melnick, director del N\u00facleo Milenio Cyclo, destac\u00f3 que esta iniciativa busca crear \u201ceducaci\u00f3n s\u00edsmica en el pa\u00eds, de manera que, desde temprana edad, ni\u00f1os y ni\u00f1as reconozcan que vivimos en un pa\u00eds donde los terremotos son fen\u00f3menos recurrentes. As\u00ed, tendremos generaciones mejor preparadas ante esta clase de eventos\u201d.\u00a0<\/span><\/p>\n<p><span style=\"font-weight: 400\">Finalmente la Dra. Leyla C\u00e1rdenas, Decana de la Facultad de Ciencias UACh destac\u00f3 la iniciativa mencionando \u201cque para nuestra Facultad es fundamental poder desarrollar este tipo de proyectos articulando a la macrounidad universitaria con otros centros de investigaci\u00f3n en el af\u00e1n de aportar a la divulgaci\u00f3n cient\u00edfica, m\u00e1s a\u00fan en el \u00e1rea de la cultura y las artes, donde esta comuni\u00f3n tem\u00e1tica es fundamental para llegar a m\u00e1s personas\u201d, cont\u00f3 la Decana.<\/span>[\/vc_column_text][\/vc_column][\/vc_row][vc_row css=&#8221;.vc_custom_1614888019520{border-top-width: 1px !important;border-top-color: #b6b6b6 !important;border-top-style: solid !important;}&#8221;][vc_column][vc_column_text]<\/p>\n<p style=\"text-align: center;font-size: 0.9em;color: #b6b6b6\"><a href=\"https:\/\/dev.explora.cl\/rios\/protocolo\">Revisa nuestro Protocolo para Trabajo con Ni\u00f1os, Ni\u00f1as y Adolescentes<\/a><\/p>\n<p>[\/vc_column_text][\/vc_column][\/vc_row]<\/p>\n","protected":false},"excerpt":{"rendered":"<p>El objetivo es promover el formato cuenta cuentos como una herramienta de educaci\u00f3n sobre terremotos, para ni\u00f1as y ni\u00f1os de la primera infancia. La iniciativa financiada por el Ministerio de las Culturas, las Artes y el Patrimonio a trav\u00e9s del Fondo del Libro y la Lectura<\/p>\n","protected":false},"author":31,"featured_media":40162,"comment_status":"open","ping_status":"open","sticky":false,"template":"","format":"standard","meta":{"_acf_changed":false,"_exactmetrics_skip_tracking":false,"_exactmetrics_sitenote_active":false,"_exactmetrics_sitenote_note":"","_exactmetrics_sitenote_category":0,"footnotes":"","_links_to":"","_links_to_target":""},"categories":[4],"tags":[419,418,417],"class_list":["post-40161","post","type-post","status-publish","format-standard","has-post-thumbnail","hentry","category-noticias","tag-cuenta-cuentos","tag-cyclo","tag-sismologia"],"acf":[],"yoast_head":"<!-- This site is optimized with the Yoast SEO plugin v26.7 - https:\/\/yoast.com\/wordpress\/plugins\/seo\/ -->\n<title>Buscan insertar la cultura s\u00edsmica en la primera infancia a trav\u00e9s del Teatro de Papel - Los R\u00edos<\/title>\n<meta name=\"robots\" content=\"index, follow, max-snippet:-1, max-image-preview:large, max-video-preview:-1\" \/>\n<link rel=\"canonical\" href=\"https:\/\/dev.explora.cl\/rios\/buscan-insertar-la-cultura-sismica-en-la-primera-infancia-a-traves-del-teatro-de-papel\/\" class=\"yoast-seo-meta-tag\" \/>\n<meta property=\"og:locale\" content=\"es_ES\" class=\"yoast-seo-meta-tag\" \/>\n<meta property=\"og:type\" content=\"article\" class=\"yoast-seo-meta-tag\" \/>\n<meta property=\"og:title\" content=\"Buscan insertar la cultura s\u00edsmica en la primera infancia a trav\u00e9s del Teatro de Papel - Los R\u00edos\" class=\"yoast-seo-meta-tag\" \/>\n<meta property=\"og:description\" content=\"El objetivo es promover el formato cuenta cuentos como una herramienta de educaci\u00f3n sobre terremotos, para ni\u00f1as y ni\u00f1os de la primera infancia. La iniciativa financiada por el Ministerio de las Culturas, las Artes y el Patrimonio a trav\u00e9s del Fondo del Libro y la Lectura\" class=\"yoast-seo-meta-tag\" \/>\n<meta property=\"og:url\" content=\"https:\/\/dev.explora.cl\/rios\/buscan-insertar-la-cultura-sismica-en-la-primera-infancia-a-traves-del-teatro-de-papel\/\" class=\"yoast-seo-meta-tag\" \/>\n<meta property=\"og:site_name\" content=\"Los R\u00edos\" class=\"yoast-seo-meta-tag\" \/>\n<meta property=\"article:published_time\" content=\"2021-08-19T20:43:43+00:00\" class=\"yoast-seo-meta-tag\" \/>\n<meta property=\"article:modified_time\" content=\"2021-10-08T20:25:32+00:00\" class=\"yoast-seo-meta-tag\" \/>\n<meta property=\"og:image\" content=\"https:\/\/dev.explora.cl\/rios\/wp-content\/uploads\/sites\/16\/2021\/08\/Lamina7_Elmonstruoquemovialatierra_web.jpg\" class=\"yoast-seo-meta-tag\" \/>\n\t<meta property=\"og:image:width\" content=\"900\" class=\"yoast-seo-meta-tag\" \/>\n\t<meta property=\"og:image:height\" content=\"636\" class=\"yoast-seo-meta-tag\" \/>\n\t<meta property=\"og:image:type\" content=\"image\/jpeg\" class=\"yoast-seo-meta-tag\" \/>\n<meta name=\"author\" content=\"smancilla\" class=\"yoast-seo-meta-tag\" \/>\n<meta name=\"twitter:card\" content=\"summary_large_image\" class=\"yoast-seo-meta-tag\" \/>\n<meta name=\"twitter:label1\" content=\"Escrito por\" class=\"yoast-seo-meta-tag\" \/>\n\t<meta name=\"twitter:data1\" content=\"smancilla\" class=\"yoast-seo-meta-tag\" \/>\n\t<meta name=\"twitter:label2\" content=\"Tiempo estimado de lectura\" class=\"yoast-seo-meta-tag\" \/>\n\t<meta name=\"twitter:data2\" content=\"4 minutos\" class=\"yoast-seo-meta-tag\" \/>\n<script type=\"application\/ld+json\" class=\"yoast-schema-graph\">{\"@context\":\"https:\/\/schema.org\",\"@graph\":[{\"@type\":\"Article\",\"@id\":\"https:\/\/dev.explora.cl\/rios\/buscan-insertar-la-cultura-sismica-en-la-primera-infancia-a-traves-del-teatro-de-papel\/#article\",\"isPartOf\":{\"@id\":\"https:\/\/dev.explora.cl\/rios\/buscan-insertar-la-cultura-sismica-en-la-primera-infancia-a-traves-del-teatro-de-papel\/\"},\"author\":{\"name\":\"smancilla\",\"@id\":\"https:\/\/dev.explora.cl\/rios\/#\/schema\/person\/279896208736d277e75690dde6cc1ea9\"},\"headline\":\"Buscan insertar la cultura s\u00edsmica en la primera infancia a trav\u00e9s del Teatro de Papel\",\"datePublished\":\"2021-08-19T20:43:43+00:00\",\"dateModified\":\"2021-10-08T20:25:32+00:00\",\"mainEntityOfPage\":{\"@id\":\"https:\/\/dev.explora.cl\/rios\/buscan-insertar-la-cultura-sismica-en-la-primera-infancia-a-traves-del-teatro-de-papel\/\"},\"wordCount\":784,\"commentCount\":0,\"image\":{\"@id\":\"https:\/\/dev.explora.cl\/rios\/buscan-insertar-la-cultura-sismica-en-la-primera-infancia-a-traves-del-teatro-de-papel\/#primaryimage\"},\"thumbnailUrl\":\"https:\/\/dev.explora.cl\/rios\/wp-content\/uploads\/sites\/16\/2021\/08\/Lamina7_Elmonstruoquemovialatierra_web.jpg\",\"keywords\":[\"cuenta cuentos\",\"Cyclo\",\"sismolog\u00eda\"],\"articleSection\":[\"Noticias\"],\"inLanguage\":\"es-CL\",\"potentialAction\":[{\"@type\":\"CommentAction\",\"name\":\"Comment\",\"target\":[\"https:\/\/dev.explora.cl\/rios\/buscan-insertar-la-cultura-sismica-en-la-primera-infancia-a-traves-del-teatro-de-papel\/#respond\"]}]},{\"@type\":\"WebPage\",\"@id\":\"https:\/\/dev.explora.cl\/rios\/buscan-insertar-la-cultura-sismica-en-la-primera-infancia-a-traves-del-teatro-de-papel\/\",\"url\":\"https:\/\/dev.explora.cl\/rios\/buscan-insertar-la-cultura-sismica-en-la-primera-infancia-a-traves-del-teatro-de-papel\/\",\"name\":\"Buscan insertar la cultura s\u00edsmica en la primera infancia a trav\u00e9s del Teatro de Papel - Los R\u00edos\",\"isPartOf\":{\"@id\":\"https:\/\/dev.explora.cl\/rios\/#website\"},\"primaryImageOfPage\":{\"@id\":\"https:\/\/dev.explora.cl\/rios\/buscan-insertar-la-cultura-sismica-en-la-primera-infancia-a-traves-del-teatro-de-papel\/#primaryimage\"},\"image\":{\"@id\":\"https:\/\/dev.explora.cl\/rios\/buscan-insertar-la-cultura-sismica-en-la-primera-infancia-a-traves-del-teatro-de-papel\/#primaryimage\"},\"thumbnailUrl\":\"https:\/\/dev.explora.cl\/rios\/wp-content\/uploads\/sites\/16\/2021\/08\/Lamina7_Elmonstruoquemovialatierra_web.jpg\",\"datePublished\":\"2021-08-19T20:43:43+00:00\",\"dateModified\":\"2021-10-08T20:25:32+00:00\",\"author\":{\"@id\":\"https:\/\/dev.explora.cl\/rios\/#\/schema\/person\/279896208736d277e75690dde6cc1ea9\"},\"breadcrumb\":{\"@id\":\"https:\/\/dev.explora.cl\/rios\/buscan-insertar-la-cultura-sismica-en-la-primera-infancia-a-traves-del-teatro-de-papel\/#breadcrumb\"},\"inLanguage\":\"es-CL\",\"potentialAction\":[{\"@type\":\"ReadAction\",\"target\":[\"https:\/\/dev.explora.cl\/rios\/buscan-insertar-la-cultura-sismica-en-la-primera-infancia-a-traves-del-teatro-de-papel\/\"]}]},{\"@type\":\"ImageObject\",\"inLanguage\":\"es-CL\",\"@id\":\"https:\/\/dev.explora.cl\/rios\/buscan-insertar-la-cultura-sismica-en-la-primera-infancia-a-traves-del-teatro-de-papel\/#primaryimage\",\"url\":\"https:\/\/dev.explora.cl\/rios\/wp-content\/uploads\/sites\/16\/2021\/08\/Lamina7_Elmonstruoquemovialatierra_web.jpg\",\"contentUrl\":\"https:\/\/dev.explora.cl\/rios\/wp-content\/uploads\/sites\/16\/2021\/08\/Lamina7_Elmonstruoquemovialatierra_web.jpg\",\"width\":900,\"height\":636},{\"@type\":\"BreadcrumbList\",\"@id\":\"https:\/\/dev.explora.cl\/rios\/buscan-insertar-la-cultura-sismica-en-la-primera-infancia-a-traves-del-teatro-de-papel\/#breadcrumb\",\"itemListElement\":[{\"@type\":\"ListItem\",\"position\":1,\"name\":\"Portada\",\"item\":\"https:\/\/dev.explora.cl\/rios\/\"},{\"@type\":\"ListItem\",\"position\":2,\"name\":\"Buscan insertar la cultura s\u00edsmica en la primera infancia a trav\u00e9s del Teatro de Papel\"}]},{\"@type\":\"WebSite\",\"@id\":\"https:\/\/dev.explora.cl\/rios\/#website\",\"url\":\"https:\/\/dev.explora.cl\/rios\/\",\"name\":\"Los R\u00edos\",\"description\":\"Otro sitio m\u00e1s de dev.explora.cl\",\"potentialAction\":[{\"@type\":\"SearchAction\",\"target\":{\"@type\":\"EntryPoint\",\"urlTemplate\":\"https:\/\/dev.explora.cl\/rios\/?s={search_term_string}\"},\"query-input\":{\"@type\":\"PropertyValueSpecification\",\"valueRequired\":true,\"valueName\":\"search_term_string\"}}],\"inLanguage\":\"es-CL\"},{\"@type\":\"Person\",\"@id\":\"https:\/\/dev.explora.cl\/rios\/#\/schema\/person\/279896208736d277e75690dde6cc1ea9\",\"name\":\"smancilla\",\"image\":{\"@type\":\"ImageObject\",\"inLanguage\":\"es-CL\",\"@id\":\"https:\/\/dev.explora.cl\/rios\/#\/schema\/person\/image\/\",\"url\":\"https:\/\/secure.gravatar.com\/avatar\/a1c7f8b1dd453e8facadec2bf18354190c777b5556feaaadfa0f6a129ab9b015?s=96&d=mm&r=g\",\"contentUrl\":\"https:\/\/secure.gravatar.com\/avatar\/a1c7f8b1dd453e8facadec2bf18354190c777b5556feaaadfa0f6a129ab9b015?s=96&d=mm&r=g\",\"caption\":\"smancilla\"},\"url\":\"https:\/\/dev.explora.cl\/rios\/author\/smancilla\/\"}]}<\/script>\n<!-- \/ Yoast SEO plugin. -->","yoast_head_json":{"title":"Buscan insertar la cultura s\u00edsmica en la primera infancia a trav\u00e9s del Teatro de Papel - Los R\u00edos","robots":{"index":"index","follow":"follow","max-snippet":"max-snippet:-1","max-image-preview":"max-image-preview:large","max-video-preview":"max-video-preview:-1"},"canonical":"https:\/\/dev.explora.cl\/rios\/buscan-insertar-la-cultura-sismica-en-la-primera-infancia-a-traves-del-teatro-de-papel\/","og_locale":"es_ES","og_type":"article","og_title":"Buscan insertar la cultura s\u00edsmica en la primera infancia a trav\u00e9s del Teatro de Papel - Los R\u00edos","og_description":"El objetivo es promover el formato cuenta cuentos como una herramienta de educaci\u00f3n sobre terremotos, para ni\u00f1as y ni\u00f1os de la primera infancia. La iniciativa financiada por el Ministerio de las Culturas, las Artes y el Patrimonio a trav\u00e9s del Fondo del Libro y la Lectura","og_url":"https:\/\/dev.explora.cl\/rios\/buscan-insertar-la-cultura-sismica-en-la-primera-infancia-a-traves-del-teatro-de-papel\/","og_site_name":"Los R\u00edos","article_published_time":"2021-08-19T20:43:43+00:00","article_modified_time":"2021-10-08T20:25:32+00:00","og_image":[{"width":900,"height":636,"url":"https:\/\/dev.explora.cl\/rios\/wp-content\/uploads\/sites\/16\/2021\/08\/Lamina7_Elmonstruoquemovialatierra_web.jpg","type":"image\/jpeg"}],"author":"smancilla","twitter_card":"summary_large_image","twitter_misc":{"Escrito por":"smancilla","Tiempo estimado de lectura":"4 minutos"},"schema":{"@context":"https:\/\/schema.org","@graph":[{"@type":"Article","@id":"https:\/\/dev.explora.cl\/rios\/buscan-insertar-la-cultura-sismica-en-la-primera-infancia-a-traves-del-teatro-de-papel\/#article","isPartOf":{"@id":"https:\/\/dev.explora.cl\/rios\/buscan-insertar-la-cultura-sismica-en-la-primera-infancia-a-traves-del-teatro-de-papel\/"},"author":{"name":"smancilla","@id":"https:\/\/dev.explora.cl\/rios\/#\/schema\/person\/279896208736d277e75690dde6cc1ea9"},"headline":"Buscan insertar la cultura s\u00edsmica en la primera infancia a trav\u00e9s del Teatro de Papel","datePublished":"2021-08-19T20:43:43+00:00","dateModified":"2021-10-08T20:25:32+00:00","mainEntityOfPage":{"@id":"https:\/\/dev.explora.cl\/rios\/buscan-insertar-la-cultura-sismica-en-la-primera-infancia-a-traves-del-teatro-de-papel\/"},"wordCount":784,"commentCount":0,"image":{"@id":"https:\/\/dev.explora.cl\/rios\/buscan-insertar-la-cultura-sismica-en-la-primera-infancia-a-traves-del-teatro-de-papel\/#primaryimage"},"thumbnailUrl":"https:\/\/dev.explora.cl\/rios\/wp-content\/uploads\/sites\/16\/2021\/08\/Lamina7_Elmonstruoquemovialatierra_web.jpg","keywords":["cuenta cuentos","Cyclo","sismolog\u00eda"],"articleSection":["Noticias"],"inLanguage":"es-CL","potentialAction":[{"@type":"CommentAction","name":"Comment","target":["https:\/\/dev.explora.cl\/rios\/buscan-insertar-la-cultura-sismica-en-la-primera-infancia-a-traves-del-teatro-de-papel\/#respond"]}]},{"@type":"WebPage","@id":"https:\/\/dev.explora.cl\/rios\/buscan-insertar-la-cultura-sismica-en-la-primera-infancia-a-traves-del-teatro-de-papel\/","url":"https:\/\/dev.explora.cl\/rios\/buscan-insertar-la-cultura-sismica-en-la-primera-infancia-a-traves-del-teatro-de-papel\/","name":"Buscan insertar la cultura s\u00edsmica en la primera infancia a trav\u00e9s del Teatro de Papel - Los R\u00edos","isPartOf":{"@id":"https:\/\/dev.explora.cl\/rios\/#website"},"primaryImageOfPage":{"@id":"https:\/\/dev.explora.cl\/rios\/buscan-insertar-la-cultura-sismica-en-la-primera-infancia-a-traves-del-teatro-de-papel\/#primaryimage"},"image":{"@id":"https:\/\/dev.explora.cl\/rios\/buscan-insertar-la-cultura-sismica-en-la-primera-infancia-a-traves-del-teatro-de-papel\/#primaryimage"},"thumbnailUrl":"https:\/\/dev.explora.cl\/rios\/wp-content\/uploads\/sites\/16\/2021\/08\/Lamina7_Elmonstruoquemovialatierra_web.jpg","datePublished":"2021-08-19T20:43:43+00:00","dateModified":"2021-10-08T20:25:32+00:00","author":{"@id":"https:\/\/dev.explora.cl\/rios\/#\/schema\/person\/279896208736d277e75690dde6cc1ea9"},"breadcrumb":{"@id":"https:\/\/dev.explora.cl\/rios\/buscan-insertar-la-cultura-sismica-en-la-primera-infancia-a-traves-del-teatro-de-papel\/#breadcrumb"},"inLanguage":"es-CL","potentialAction":[{"@type":"ReadAction","target":["https:\/\/dev.explora.cl\/rios\/buscan-insertar-la-cultura-sismica-en-la-primera-infancia-a-traves-del-teatro-de-papel\/"]}]},{"@type":"ImageObject","inLanguage":"es-CL","@id":"https:\/\/dev.explora.cl\/rios\/buscan-insertar-la-cultura-sismica-en-la-primera-infancia-a-traves-del-teatro-de-papel\/#primaryimage","url":"https:\/\/dev.explora.cl\/rios\/wp-content\/uploads\/sites\/16\/2021\/08\/Lamina7_Elmonstruoquemovialatierra_web.jpg","contentUrl":"https:\/\/dev.explora.cl\/rios\/wp-content\/uploads\/sites\/16\/2021\/08\/Lamina7_Elmonstruoquemovialatierra_web.jpg","width":900,"height":636},{"@type":"BreadcrumbList","@id":"https:\/\/dev.explora.cl\/rios\/buscan-insertar-la-cultura-sismica-en-la-primera-infancia-a-traves-del-teatro-de-papel\/#breadcrumb","itemListElement":[{"@type":"ListItem","position":1,"name":"Portada","item":"https:\/\/dev.explora.cl\/rios\/"},{"@type":"ListItem","position":2,"name":"Buscan insertar la cultura s\u00edsmica en la primera infancia a trav\u00e9s del Teatro de Papel"}]},{"@type":"WebSite","@id":"https:\/\/dev.explora.cl\/rios\/#website","url":"https:\/\/dev.explora.cl\/rios\/","name":"Los R\u00edos","description":"Otro sitio m\u00e1s de dev.explora.cl","potentialAction":[{"@type":"SearchAction","target":{"@type":"EntryPoint","urlTemplate":"https:\/\/dev.explora.cl\/rios\/?s={search_term_string}"},"query-input":{"@type":"PropertyValueSpecification","valueRequired":true,"valueName":"search_term_string"}}],"inLanguage":"es-CL"},{"@type":"Person","@id":"https:\/\/dev.explora.cl\/rios\/#\/schema\/person\/279896208736d277e75690dde6cc1ea9","name":"smancilla","image":{"@type":"ImageObject","inLanguage":"es-CL","@id":"https:\/\/dev.explora.cl\/rios\/#\/schema\/person\/image\/","url":"https:\/\/secure.gravatar.com\/avatar\/a1c7f8b1dd453e8facadec2bf18354190c777b5556feaaadfa0f6a129ab9b015?s=96&d=mm&r=g","contentUrl":"https:\/\/secure.gravatar.com\/avatar\/a1c7f8b1dd453e8facadec2bf18354190c777b5556feaaadfa0f6a129ab9b015?s=96&d=mm&r=g","caption":"smancilla"},"url":"https:\/\/dev.explora.cl\/rios\/author\/smancilla\/"}]}},"_links":{"self":[{"href":"https:\/\/dev.explora.cl\/rios\/wp-json\/wp\/v2\/posts\/40161","targetHints":{"allow":["GET"]}}],"collection":[{"href":"https:\/\/dev.explora.cl\/rios\/wp-json\/wp\/v2\/posts"}],"about":[{"href":"https:\/\/dev.explora.cl\/rios\/wp-json\/wp\/v2\/types\/post"}],"author":[{"embeddable":true,"href":"https:\/\/dev.explora.cl\/rios\/wp-json\/wp\/v2\/users\/31"}],"replies":[{"embeddable":true,"href":"https:\/\/dev.explora.cl\/rios\/wp-json\/wp\/v2\/comments?post=40161"}],"version-history":[{"count":2,"href":"https:\/\/dev.explora.cl\/rios\/wp-json\/wp\/v2\/posts\/40161\/revisions"}],"predecessor-version":[{"id":40164,"href":"https:\/\/dev.explora.cl\/rios\/wp-json\/wp\/v2\/posts\/40161\/revisions\/40164"}],"wp:featuredmedia":[{"embeddable":true,"href":"https:\/\/dev.explora.cl\/rios\/wp-json\/wp\/v2\/media\/40162"}],"wp:attachment":[{"href":"https:\/\/dev.explora.cl\/rios\/wp-json\/wp\/v2\/media?parent=40161"}],"wp:term":[{"taxonomy":"category","embeddable":true,"href":"https:\/\/dev.explora.cl\/rios\/wp-json\/wp\/v2\/categories?post=40161"},{"taxonomy":"post_tag","embeddable":true,"href":"https:\/\/dev.explora.cl\/rios\/wp-json\/wp\/v2\/tags?post=40161"}],"curies":[{"name":"wp","href":"https:\/\/api.w.org\/{rel}","templated":true}]}}