{"id":40136,"date":"2021-08-09T12:01:19","date_gmt":"2021-08-09T16:01:19","guid":{"rendered":"https:\/\/dev.explora.cl\/rios\/?p=40136"},"modified":"2021-09-27T14:43:30","modified_gmt":"2021-09-27T17:43:30","slug":"el-programa-de-indagacion-primeras-edades-pipe-inicio-su-proceso-de-implementacion-en-los-rios","status":"publish","type":"post","link":"https:\/\/dev.explora.cl\/rios\/el-programa-de-indagacion-primeras-edades-pipe-inicio-su-proceso-de-implementacion-en-los-rios\/","title":{"rendered":"El Programa de Indagaci\u00f3n Primeras Edades (PIPE) inici\u00f3 su proceso de implementaci\u00f3n en los R\u00edos"},"content":{"rendered":"<p>[vc_row][vc_column][vc_row_inner][vc_column_inner width=&#8221;2\/3&#8243;][vc_custom_heading text=&#8221;El que es ejecutado por Proyecto Explora Los R\u00edos, se enfoca en la indagaci\u00f3n cient\u00edfica para ni\u00f1os y ni\u00f1as entre 2 y 6 a\u00f1os.&#8221; font_container=&#8221;tag:h3|text_align:left&#8221;][\/vc_column_inner][vc_column_inner width=&#8221;1\/3&#8243;][\/vc_column_inner][\/vc_row_inner][vc_column_text]<\/p>\n<p style=\"font-weight: 400\">Con 58 educadoras de p\u00e1rvulos y t\u00e9cnicos de p\u00e1rvulos comenzaron a capacitarse en el Programa de Indagaci\u00f3n Primeras Edades (PIPE) del\u00a0Proyecto Explora Los R\u00edos del Ministerio de Ciencia, Tecnolog\u00eda, Conocimiento e Innovaci\u00f3n. El programa se enfoca en ense\u00f1ar el m\u00e9todo cient\u00edfico a ni\u00f1os y ni\u00f1as de 2 a 6 a\u00f1os, esto por medio de experiencias de aprendizaje conocidas como indagaci\u00f3n cient\u00edfica.<\/p>\n<p style=\"font-weight: 400\">Carolina Ch\u00e1vez, encargada de PIPE, explic\u00f3 que el objetivo es fomentar las competencias cient\u00edficas en educadoras y t\u00e9cnicos en educaci\u00f3n parvularia, tambi\u00e9n en ni\u00f1os y ni\u00f1as de entre 2 a 6 a\u00f1os de edad. Para ello se capacita a las educadoras y sus equipos pedag\u00f3gicos y se facilitan materiales y actividades. A trav\u00e9s de este programa acercamos la ciencia y la tecnolog\u00eda a las primeras edades, desde diferentes perspectivas (indagaci\u00f3n, genero, contenido y muchos m\u00e1s).<\/p>\n<p style=\"font-weight: 400\">Este proceso de capacitaci\u00f3n se extender\u00e1 por 7 clases, pero la implementaci\u00f3n se acompa\u00f1ar\u00e1 hasta noviembre, donde las educadoras adem\u00e1s reciben material tangible y una carpeta metodol\u00f3gica con las actividades listas para desarrollar con los ni\u00f1os y ni\u00f1as.<\/p>\n<p style=\"font-weight: 400\">Susana Estrada del Liceo Mehu\u00edn comuna de Mariquina, indic\u00f3 que espera recibir como docente, y para sus estudiantes, experiencias enriquecidas en el \u00e1mbito cient\u00edfico. Y obviamente una metodolog\u00eda de trabajo atractiva para realizar con mis ni\u00f1os y ni\u00f1as donde ellos est\u00e9n agradados aprendiendo y haciendo. Hasta ahora ha sido una buena introducci\u00f3n de lo que es el m\u00e9todo de indagaci\u00f3n que van a realizar.<\/p>\n<p style=\"font-weight: 400\">Es importante indicar que las personas capacitadas en el Programa de Indagaci\u00f3n Primeras Edades (PIPE), podr\u00e1n seguir implementando las actividades de indagaci\u00f3n cient\u00edfica incluso despu\u00e9s de concluir el proceso de acompa\u00f1amiento.<\/p>\n<p>[\/vc_column_text][\/vc_column][\/vc_row][vc_row css=&#8221;.vc_custom_1614888019520{border-top-width: 1px !important;border-top-color: #b6b6b6 !important;border-top-style: solid !important;}&#8221;][vc_column][vc_column_text]<\/p>\n<p style=\"text-align: center;font-size: 0.9em;color: #b6b6b6\"><a href=\"https:\/\/dev.explora.cl\/rios\/protocolo\">Revisa nuestro Protocolo para Trabajo con Ni\u00f1os, Ni\u00f1as y Adolescentes<\/a><\/p>\n<p>[\/vc_column_text][\/vc_column][\/vc_row]<\/p>\n","protected":false},"excerpt":{"rendered":"<p>[vc_row][vc_column][vc_row_inner][vc_column_inner width=&#8221;2\/3&#8243;][vc_custom_heading text=&#8221;El que es ejecutado por Proyecto Explora Los R\u00edos, se enfoca en la indagaci\u00f3n cient\u00edfica para ni\u00f1os y ni\u00f1as entre 2 y 6 a\u00f1os.&#8221; font_container=&#8221;tag:h3|text_align:left&#8221;][\/vc_column_inner][vc_column_inner width=&#8221;1\/3&#8243;][\/vc_column_inner][\/vc_row_inner][vc_column_text] Con 58 educadoras de p\u00e1rvulos y t\u00e9cnicos de p\u00e1rvulos comenzaron a capacitarse en el Programa de Indagaci\u00f3n Primeras Edades (PIPE) del\u00a0Proyecto Explora Los R\u00edos del Ministerio de [&hellip;]<\/p>\n","protected":false},"author":31,"featured_media":40137,"comment_status":"open","ping_status":"open","sticky":false,"template":"","format":"standard","meta":{"_acf_changed":false,"_exactmetrics_skip_tracking":false,"_exactmetrics_sitenote_active":false,"_exactmetrics_sitenote_note":"","_exactmetrics_sitenote_category":0,"footnotes":"","_links_to":"","_links_to_target":""},"categories":[4],"tags":[322,288,408],"class_list":["post-40136","post","type-post","status-publish","format-standard","has-post-thumbnail","hentry","category-noticias","tag-capacitaciones","tag-pipe","tag-primeras-edades"],"acf":[],"yoast_head":"<!-- This site is optimized with the Yoast SEO plugin v26.7 - https:\/\/yoast.com\/wordpress\/plugins\/seo\/ -->\n<title>El Programa de Indagaci\u00f3n Primeras Edades (PIPE) inici\u00f3 su proceso de implementaci\u00f3n en los R\u00edos - Los R\u00edos<\/title>\n<meta name=\"robots\" content=\"index, follow, max-snippet:-1, max-image-preview:large, max-video-preview:-1\" \/>\n<link rel=\"canonical\" href=\"https:\/\/dev.explora.cl\/rios\/el-programa-de-indagacion-primeras-edades-pipe-inicio-su-proceso-de-implementacion-en-los-rios\/\" class=\"yoast-seo-meta-tag\" \/>\n<meta property=\"og:locale\" content=\"es_ES\" class=\"yoast-seo-meta-tag\" \/>\n<meta property=\"og:type\" content=\"article\" class=\"yoast-seo-meta-tag\" \/>\n<meta property=\"og:title\" content=\"El Programa de Indagaci\u00f3n Primeras Edades (PIPE) inici\u00f3 su proceso de implementaci\u00f3n en los R\u00edos - Los R\u00edos\" class=\"yoast-seo-meta-tag\" \/>\n<meta property=\"og:description\" content=\"[vc_row][vc_column][vc_row_inner][vc_column_inner width=&#8221;2\/3&#8243;][vc_custom_heading text=&#8221;El que es ejecutado por Proyecto Explora Los R\u00edos, se enfoca en la indagaci\u00f3n cient\u00edfica para ni\u00f1os y ni\u00f1as entre 2 y 6 a\u00f1os.&#8221; font_container=&#8221;tag:h3|text_align:left&#8221;][\/vc_column_inner][vc_column_inner width=&#8221;1\/3&#8243;][\/vc_column_inner][\/vc_row_inner][vc_column_text] Con 58 educadoras de p\u00e1rvulos y t\u00e9cnicos de p\u00e1rvulos comenzaron a capacitarse en el Programa de Indagaci\u00f3n Primeras Edades (PIPE) del\u00a0Proyecto Explora Los R\u00edos del Ministerio de [&hellip;]\" class=\"yoast-seo-meta-tag\" \/>\n<meta property=\"og:url\" content=\"https:\/\/dev.explora.cl\/rios\/el-programa-de-indagacion-primeras-edades-pipe-inicio-su-proceso-de-implementacion-en-los-rios\/\" class=\"yoast-seo-meta-tag\" \/>\n<meta property=\"og:site_name\" content=\"Los R\u00edos\" class=\"yoast-seo-meta-tag\" \/>\n<meta property=\"article:published_time\" content=\"2021-08-09T16:01:19+00:00\" class=\"yoast-seo-meta-tag\" \/>\n<meta property=\"article:modified_time\" content=\"2021-09-27T17:43:30+00:00\" class=\"yoast-seo-meta-tag\" \/>\n<meta property=\"og:image\" content=\"https:\/\/dev.explora.cl\/rios\/wp-content\/uploads\/sites\/16\/2021\/08\/PIPE-2021-explora-los-rios.png\" class=\"yoast-seo-meta-tag\" \/>\n\t<meta property=\"og:image:width\" content=\"1024\" class=\"yoast-seo-meta-tag\" \/>\n\t<meta property=\"og:image:height\" content=\"768\" class=\"yoast-seo-meta-tag\" \/>\n\t<meta property=\"og:image:type\" content=\"image\/png\" class=\"yoast-seo-meta-tag\" \/>\n<meta name=\"author\" content=\"smancilla\" class=\"yoast-seo-meta-tag\" \/>\n<meta name=\"twitter:card\" content=\"summary_large_image\" class=\"yoast-seo-meta-tag\" \/>\n<meta name=\"twitter:label1\" content=\"Escrito por\" class=\"yoast-seo-meta-tag\" \/>\n\t<meta name=\"twitter:data1\" content=\"smancilla\" class=\"yoast-seo-meta-tag\" \/>\n\t<meta name=\"twitter:label2\" content=\"Tiempo estimado de lectura\" class=\"yoast-seo-meta-tag\" \/>\n\t<meta name=\"twitter:data2\" content=\"2 minutos\" class=\"yoast-seo-meta-tag\" \/>\n<script type=\"application\/ld+json\" class=\"yoast-schema-graph\">{\"@context\":\"https:\/\/schema.org\",\"@graph\":[{\"@type\":\"Article\",\"@id\":\"https:\/\/dev.explora.cl\/rios\/el-programa-de-indagacion-primeras-edades-pipe-inicio-su-proceso-de-implementacion-en-los-rios\/#article\",\"isPartOf\":{\"@id\":\"https:\/\/dev.explora.cl\/rios\/el-programa-de-indagacion-primeras-edades-pipe-inicio-su-proceso-de-implementacion-en-los-rios\/\"},\"author\":{\"name\":\"smancilla\",\"@id\":\"https:\/\/dev.explora.cl\/rios\/#\/schema\/person\/279896208736d277e75690dde6cc1ea9\"},\"headline\":\"El Programa de Indagaci\u00f3n Primeras Edades (PIPE) inici\u00f3 su proceso de implementaci\u00f3n en los R\u00edos\",\"datePublished\":\"2021-08-09T16:01:19+00:00\",\"dateModified\":\"2021-09-27T17:43:30+00:00\",\"mainEntityOfPage\":{\"@id\":\"https:\/\/dev.explora.cl\/rios\/el-programa-de-indagacion-primeras-edades-pipe-inicio-su-proceso-de-implementacion-en-los-rios\/\"},\"wordCount\":445,\"commentCount\":0,\"image\":{\"@id\":\"https:\/\/dev.explora.cl\/rios\/el-programa-de-indagacion-primeras-edades-pipe-inicio-su-proceso-de-implementacion-en-los-rios\/#primaryimage\"},\"thumbnailUrl\":\"https:\/\/dev.explora.cl\/rios\/wp-content\/uploads\/sites\/16\/2021\/08\/PIPE-2021-explora-los-rios.png\",\"keywords\":[\"capacitaciones\",\"pipe\",\"primeras edades\"],\"articleSection\":[\"Noticias\"],\"inLanguage\":\"es-CL\",\"potentialAction\":[{\"@type\":\"CommentAction\",\"name\":\"Comment\",\"target\":[\"https:\/\/dev.explora.cl\/rios\/el-programa-de-indagacion-primeras-edades-pipe-inicio-su-proceso-de-implementacion-en-los-rios\/#respond\"]}]},{\"@type\":\"WebPage\",\"@id\":\"https:\/\/dev.explora.cl\/rios\/el-programa-de-indagacion-primeras-edades-pipe-inicio-su-proceso-de-implementacion-en-los-rios\/\",\"url\":\"https:\/\/dev.explora.cl\/rios\/el-programa-de-indagacion-primeras-edades-pipe-inicio-su-proceso-de-implementacion-en-los-rios\/\",\"name\":\"El Programa de Indagaci\u00f3n Primeras Edades (PIPE) inici\u00f3 su proceso de implementaci\u00f3n en los R\u00edos - Los R\u00edos\",\"isPartOf\":{\"@id\":\"https:\/\/dev.explora.cl\/rios\/#website\"},\"primaryImageOfPage\":{\"@id\":\"https:\/\/dev.explora.cl\/rios\/el-programa-de-indagacion-primeras-edades-pipe-inicio-su-proceso-de-implementacion-en-los-rios\/#primaryimage\"},\"image\":{\"@id\":\"https:\/\/dev.explora.cl\/rios\/el-programa-de-indagacion-primeras-edades-pipe-inicio-su-proceso-de-implementacion-en-los-rios\/#primaryimage\"},\"thumbnailUrl\":\"https:\/\/dev.explora.cl\/rios\/wp-content\/uploads\/sites\/16\/2021\/08\/PIPE-2021-explora-los-rios.png\",\"datePublished\":\"2021-08-09T16:01:19+00:00\",\"dateModified\":\"2021-09-27T17:43:30+00:00\",\"author\":{\"@id\":\"https:\/\/dev.explora.cl\/rios\/#\/schema\/person\/279896208736d277e75690dde6cc1ea9\"},\"breadcrumb\":{\"@id\":\"https:\/\/dev.explora.cl\/rios\/el-programa-de-indagacion-primeras-edades-pipe-inicio-su-proceso-de-implementacion-en-los-rios\/#breadcrumb\"},\"inLanguage\":\"es-CL\",\"potentialAction\":[{\"@type\":\"ReadAction\",\"target\":[\"https:\/\/dev.explora.cl\/rios\/el-programa-de-indagacion-primeras-edades-pipe-inicio-su-proceso-de-implementacion-en-los-rios\/\"]}]},{\"@type\":\"ImageObject\",\"inLanguage\":\"es-CL\",\"@id\":\"https:\/\/dev.explora.cl\/rios\/el-programa-de-indagacion-primeras-edades-pipe-inicio-su-proceso-de-implementacion-en-los-rios\/#primaryimage\",\"url\":\"https:\/\/dev.explora.cl\/rios\/wp-content\/uploads\/sites\/16\/2021\/08\/PIPE-2021-explora-los-rios.png\",\"contentUrl\":\"https:\/\/dev.explora.cl\/rios\/wp-content\/uploads\/sites\/16\/2021\/08\/PIPE-2021-explora-los-rios.png\",\"width\":1024,\"height\":768},{\"@type\":\"BreadcrumbList\",\"@id\":\"https:\/\/dev.explora.cl\/rios\/el-programa-de-indagacion-primeras-edades-pipe-inicio-su-proceso-de-implementacion-en-los-rios\/#breadcrumb\",\"itemListElement\":[{\"@type\":\"ListItem\",\"position\":1,\"name\":\"Portada\",\"item\":\"https:\/\/dev.explora.cl\/rios\/\"},{\"@type\":\"ListItem\",\"position\":2,\"name\":\"El Programa de Indagaci\u00f3n Primeras Edades (PIPE) inici\u00f3 su proceso de implementaci\u00f3n en los R\u00edos\"}]},{\"@type\":\"WebSite\",\"@id\":\"https:\/\/dev.explora.cl\/rios\/#website\",\"url\":\"https:\/\/dev.explora.cl\/rios\/\",\"name\":\"Los R\u00edos\",\"description\":\"Otro sitio m\u00e1s de dev.explora.cl\",\"potentialAction\":[{\"@type\":\"SearchAction\",\"target\":{\"@type\":\"EntryPoint\",\"urlTemplate\":\"https:\/\/dev.explora.cl\/rios\/?s={search_term_string}\"},\"query-input\":{\"@type\":\"PropertyValueSpecification\",\"valueRequired\":true,\"valueName\":\"search_term_string\"}}],\"inLanguage\":\"es-CL\"},{\"@type\":\"Person\",\"@id\":\"https:\/\/dev.explora.cl\/rios\/#\/schema\/person\/279896208736d277e75690dde6cc1ea9\",\"name\":\"smancilla\",\"image\":{\"@type\":\"ImageObject\",\"inLanguage\":\"es-CL\",\"@id\":\"https:\/\/dev.explora.cl\/rios\/#\/schema\/person\/image\/\",\"url\":\"https:\/\/secure.gravatar.com\/avatar\/a1c7f8b1dd453e8facadec2bf18354190c777b5556feaaadfa0f6a129ab9b015?s=96&d=mm&r=g\",\"contentUrl\":\"https:\/\/secure.gravatar.com\/avatar\/a1c7f8b1dd453e8facadec2bf18354190c777b5556feaaadfa0f6a129ab9b015?s=96&d=mm&r=g\",\"caption\":\"smancilla\"},\"url\":\"https:\/\/dev.explora.cl\/rios\/author\/smancilla\/\"}]}<\/script>\n<!-- \/ Yoast SEO plugin. -->","yoast_head_json":{"title":"El Programa de Indagaci\u00f3n Primeras Edades (PIPE) inici\u00f3 su proceso de implementaci\u00f3n en los R\u00edos - Los R\u00edos","robots":{"index":"index","follow":"follow","max-snippet":"max-snippet:-1","max-image-preview":"max-image-preview:large","max-video-preview":"max-video-preview:-1"},"canonical":"https:\/\/dev.explora.cl\/rios\/el-programa-de-indagacion-primeras-edades-pipe-inicio-su-proceso-de-implementacion-en-los-rios\/","og_locale":"es_ES","og_type":"article","og_title":"El Programa de Indagaci\u00f3n Primeras Edades (PIPE) inici\u00f3 su proceso de implementaci\u00f3n en los R\u00edos - Los R\u00edos","og_description":"[vc_row][vc_column][vc_row_inner][vc_column_inner width=&#8221;2\/3&#8243;][vc_custom_heading text=&#8221;El que es ejecutado por Proyecto Explora Los R\u00edos, se enfoca en la indagaci\u00f3n cient\u00edfica para ni\u00f1os y ni\u00f1as entre 2 y 6 a\u00f1os.&#8221; font_container=&#8221;tag:h3|text_align:left&#8221;][\/vc_column_inner][vc_column_inner width=&#8221;1\/3&#8243;][\/vc_column_inner][\/vc_row_inner][vc_column_text] Con 58 educadoras de p\u00e1rvulos y t\u00e9cnicos de p\u00e1rvulos comenzaron a capacitarse en el Programa de Indagaci\u00f3n Primeras Edades (PIPE) del\u00a0Proyecto Explora Los R\u00edos del Ministerio de [&hellip;]","og_url":"https:\/\/dev.explora.cl\/rios\/el-programa-de-indagacion-primeras-edades-pipe-inicio-su-proceso-de-implementacion-en-los-rios\/","og_site_name":"Los R\u00edos","article_published_time":"2021-08-09T16:01:19+00:00","article_modified_time":"2021-09-27T17:43:30+00:00","og_image":[{"width":1024,"height":768,"url":"https:\/\/dev.explora.cl\/rios\/wp-content\/uploads\/sites\/16\/2021\/08\/PIPE-2021-explora-los-rios.png","type":"image\/png"}],"author":"smancilla","twitter_card":"summary_large_image","twitter_misc":{"Escrito por":"smancilla","Tiempo estimado de lectura":"2 minutos"},"schema":{"@context":"https:\/\/schema.org","@graph":[{"@type":"Article","@id":"https:\/\/dev.explora.cl\/rios\/el-programa-de-indagacion-primeras-edades-pipe-inicio-su-proceso-de-implementacion-en-los-rios\/#article","isPartOf":{"@id":"https:\/\/dev.explora.cl\/rios\/el-programa-de-indagacion-primeras-edades-pipe-inicio-su-proceso-de-implementacion-en-los-rios\/"},"author":{"name":"smancilla","@id":"https:\/\/dev.explora.cl\/rios\/#\/schema\/person\/279896208736d277e75690dde6cc1ea9"},"headline":"El Programa de Indagaci\u00f3n Primeras Edades (PIPE) inici\u00f3 su proceso de implementaci\u00f3n en los R\u00edos","datePublished":"2021-08-09T16:01:19+00:00","dateModified":"2021-09-27T17:43:30+00:00","mainEntityOfPage":{"@id":"https:\/\/dev.explora.cl\/rios\/el-programa-de-indagacion-primeras-edades-pipe-inicio-su-proceso-de-implementacion-en-los-rios\/"},"wordCount":445,"commentCount":0,"image":{"@id":"https:\/\/dev.explora.cl\/rios\/el-programa-de-indagacion-primeras-edades-pipe-inicio-su-proceso-de-implementacion-en-los-rios\/#primaryimage"},"thumbnailUrl":"https:\/\/dev.explora.cl\/rios\/wp-content\/uploads\/sites\/16\/2021\/08\/PIPE-2021-explora-los-rios.png","keywords":["capacitaciones","pipe","primeras edades"],"articleSection":["Noticias"],"inLanguage":"es-CL","potentialAction":[{"@type":"CommentAction","name":"Comment","target":["https:\/\/dev.explora.cl\/rios\/el-programa-de-indagacion-primeras-edades-pipe-inicio-su-proceso-de-implementacion-en-los-rios\/#respond"]}]},{"@type":"WebPage","@id":"https:\/\/dev.explora.cl\/rios\/el-programa-de-indagacion-primeras-edades-pipe-inicio-su-proceso-de-implementacion-en-los-rios\/","url":"https:\/\/dev.explora.cl\/rios\/el-programa-de-indagacion-primeras-edades-pipe-inicio-su-proceso-de-implementacion-en-los-rios\/","name":"El Programa de Indagaci\u00f3n Primeras Edades (PIPE) inici\u00f3 su proceso de implementaci\u00f3n en los R\u00edos - Los R\u00edos","isPartOf":{"@id":"https:\/\/dev.explora.cl\/rios\/#website"},"primaryImageOfPage":{"@id":"https:\/\/dev.explora.cl\/rios\/el-programa-de-indagacion-primeras-edades-pipe-inicio-su-proceso-de-implementacion-en-los-rios\/#primaryimage"},"image":{"@id":"https:\/\/dev.explora.cl\/rios\/el-programa-de-indagacion-primeras-edades-pipe-inicio-su-proceso-de-implementacion-en-los-rios\/#primaryimage"},"thumbnailUrl":"https:\/\/dev.explora.cl\/rios\/wp-content\/uploads\/sites\/16\/2021\/08\/PIPE-2021-explora-los-rios.png","datePublished":"2021-08-09T16:01:19+00:00","dateModified":"2021-09-27T17:43:30+00:00","author":{"@id":"https:\/\/dev.explora.cl\/rios\/#\/schema\/person\/279896208736d277e75690dde6cc1ea9"},"breadcrumb":{"@id":"https:\/\/dev.explora.cl\/rios\/el-programa-de-indagacion-primeras-edades-pipe-inicio-su-proceso-de-implementacion-en-los-rios\/#breadcrumb"},"inLanguage":"es-CL","potentialAction":[{"@type":"ReadAction","target":["https:\/\/dev.explora.cl\/rios\/el-programa-de-indagacion-primeras-edades-pipe-inicio-su-proceso-de-implementacion-en-los-rios\/"]}]},{"@type":"ImageObject","inLanguage":"es-CL","@id":"https:\/\/dev.explora.cl\/rios\/el-programa-de-indagacion-primeras-edades-pipe-inicio-su-proceso-de-implementacion-en-los-rios\/#primaryimage","url":"https:\/\/dev.explora.cl\/rios\/wp-content\/uploads\/sites\/16\/2021\/08\/PIPE-2021-explora-los-rios.png","contentUrl":"https:\/\/dev.explora.cl\/rios\/wp-content\/uploads\/sites\/16\/2021\/08\/PIPE-2021-explora-los-rios.png","width":1024,"height":768},{"@type":"BreadcrumbList","@id":"https:\/\/dev.explora.cl\/rios\/el-programa-de-indagacion-primeras-edades-pipe-inicio-su-proceso-de-implementacion-en-los-rios\/#breadcrumb","itemListElement":[{"@type":"ListItem","position":1,"name":"Portada","item":"https:\/\/dev.explora.cl\/rios\/"},{"@type":"ListItem","position":2,"name":"El Programa de Indagaci\u00f3n Primeras Edades (PIPE) inici\u00f3 su proceso de implementaci\u00f3n en los R\u00edos"}]},{"@type":"WebSite","@id":"https:\/\/dev.explora.cl\/rios\/#website","url":"https:\/\/dev.explora.cl\/rios\/","name":"Los R\u00edos","description":"Otro sitio m\u00e1s de dev.explora.cl","potentialAction":[{"@type":"SearchAction","target":{"@type":"EntryPoint","urlTemplate":"https:\/\/dev.explora.cl\/rios\/?s={search_term_string}"},"query-input":{"@type":"PropertyValueSpecification","valueRequired":true,"valueName":"search_term_string"}}],"inLanguage":"es-CL"},{"@type":"Person","@id":"https:\/\/dev.explora.cl\/rios\/#\/schema\/person\/279896208736d277e75690dde6cc1ea9","name":"smancilla","image":{"@type":"ImageObject","inLanguage":"es-CL","@id":"https:\/\/dev.explora.cl\/rios\/#\/schema\/person\/image\/","url":"https:\/\/secure.gravatar.com\/avatar\/a1c7f8b1dd453e8facadec2bf18354190c777b5556feaaadfa0f6a129ab9b015?s=96&d=mm&r=g","contentUrl":"https:\/\/secure.gravatar.com\/avatar\/a1c7f8b1dd453e8facadec2bf18354190c777b5556feaaadfa0f6a129ab9b015?s=96&d=mm&r=g","caption":"smancilla"},"url":"https:\/\/dev.explora.cl\/rios\/author\/smancilla\/"}]}},"_links":{"self":[{"href":"https:\/\/dev.explora.cl\/rios\/wp-json\/wp\/v2\/posts\/40136","targetHints":{"allow":["GET"]}}],"collection":[{"href":"https:\/\/dev.explora.cl\/rios\/wp-json\/wp\/v2\/posts"}],"about":[{"href":"https:\/\/dev.explora.cl\/rios\/wp-json\/wp\/v2\/types\/post"}],"author":[{"embeddable":true,"href":"https:\/\/dev.explora.cl\/rios\/wp-json\/wp\/v2\/users\/31"}],"replies":[{"embeddable":true,"href":"https:\/\/dev.explora.cl\/rios\/wp-json\/wp\/v2\/comments?post=40136"}],"version-history":[{"count":1,"href":"https:\/\/dev.explora.cl\/rios\/wp-json\/wp\/v2\/posts\/40136\/revisions"}],"predecessor-version":[{"id":40138,"href":"https:\/\/dev.explora.cl\/rios\/wp-json\/wp\/v2\/posts\/40136\/revisions\/40138"}],"wp:featuredmedia":[{"embeddable":true,"href":"https:\/\/dev.explora.cl\/rios\/wp-json\/wp\/v2\/media\/40137"}],"wp:attachment":[{"href":"https:\/\/dev.explora.cl\/rios\/wp-json\/wp\/v2\/media?parent=40136"}],"wp:term":[{"taxonomy":"category","embeddable":true,"href":"https:\/\/dev.explora.cl\/rios\/wp-json\/wp\/v2\/categories?post=40136"},{"taxonomy":"post_tag","embeddable":true,"href":"https:\/\/dev.explora.cl\/rios\/wp-json\/wp\/v2\/tags?post=40136"}],"curies":[{"name":"wp","href":"https:\/\/api.w.org\/{rel}","templated":true}]}}