{"id":40128,"date":"2021-08-09T10:46:32","date_gmt":"2021-08-09T14:46:32","guid":{"rendered":"https:\/\/dev.explora.cl\/rios\/?p=40128"},"modified":"2021-08-31T17:46:59","modified_gmt":"2021-08-31T21:46:59","slug":"inscripciones-curso-de-investigacion-en-artes-y-humanidades","status":"publish","type":"post","link":"https:\/\/dev.explora.cl\/rios\/inscripciones-curso-de-investigacion-en-artes-y-humanidades\/","title":{"rendered":"Inscripciones Curso de Investigaci\u00f3n en Artes y Humanidades"},"content":{"rendered":"<p>[vc_row][vc_column][vc_btn title=&#8221;Descargar Programa del Curso&#8221; style=&#8221;custom&#8221; custom_background=&#8221;#dd9933&#8243; custom_text=&#8221;#e2e2e2&#8243; size=&#8221;lg&#8221; align=&#8221;center&#8221; i_icon_fontawesome=&#8221;fa fa-file-pdf-o&#8221; link=&#8221;url:https%3A%2F%2Fdev.explora.cl%2Frios%2Fwp-content%2Fuploads%2Fsites%2F16%2F2021%2F08%2FPROGRAMA-CURSO-INVESTIGACI%C3%93N-EN-ARTES-Y-HUMANIDADES-1.pdf|||&#8221; add_icon=&#8221;true&#8221;][vc_separator][vc_column_text]<\/p>\n<h2 style=\"text-align: center\"><span style=\"color: #ff0000\"><strong>4 \u00faltimo cupos<\/strong><\/span><\/h2>\n<p>[\/vc_column_text][vc_separator][vc_column_text]<\/p>\n<p style=\"text-align: center\">Si no puede ver el formulario <a href=\"https:\/\/form.jotform.com\/212136011516642\">haga click aqu\u00ed<\/a>.<\/p>\n<p>[\/vc_column_text][vc_raw_js]JTNDc2NyaXB0JTIwdHlwZSUzRCUyMnRleHQlMkZqYXZhc2NyaXB0JTIyJTIwc3JjJTNEJTIyaHR0cHMlM0ElMkYlMkZmb3JtLmpvdGZvcm0uY29tJTJGanNmb3JtJTJGMjEyMTM2MDExNTE2NjQyJTIyJTNFJTNDJTJGc2NyaXB0JTNF[\/vc_raw_js][vc_custom_heading text=&#8221;Preguntas frecuentes&#8221;][vc_row_inner][vc_column_inner width=&#8221;1\/3&#8243;][vc_column_text]<strong>\u00bfQu\u00e9 docentes pueden participar?<\/strong><\/p>\n<p>Docentes de Artes, M\u00fasica, Lenguaje y Comunicaci\u00f3n, Historia y Ciencias Sociales que ejerzan desde 7\u00b0 a\u00f1o de ense\u00f1anza b\u00e1sica a 4\u00b0 a\u00f1o de ense\u00f1anza media de la Regi\u00f3n de Los R\u00edos.[\/vc_column_text][\/vc_column_inner][vc_column_inner width=&#8221;1\/3&#8243;][vc_column_text]<strong>\u00bfCu\u00e1nto cuesta el curso?<\/strong><\/p>\n<p>NADA, es totalmente gratuito.[\/vc_column_text][vc_column_text]<strong>\u00bfTiene certificaci\u00f3n?<\/strong><\/p>\n<p>Se entregar\u00e1 un certificado de participaci\u00f3n por cumplir 100% de asistencia.[\/vc_column_text][\/vc_column_inner][vc_column_inner width=&#8221;1\/3&#8243;][vc_column_text]<strong>\u00bfCu\u00e1ndo se har\u00e1 el curso?<\/strong><\/p>\n<p>Desde el viernes 13 de agosto hasta el 22 de octubre, semana por medio, de 16 a 18 horas.[\/vc_column_text][\/vc_column_inner][\/vc_row_inner][vc_separator][vc_single_image image=&#8221;40147&#8243; img_size=&#8221;full&#8221;][\/vc_column][\/vc_row]<\/p>\n","protected":false},"excerpt":{"rendered":"<p>Entre al formulario de inscripciones aqu\u00ed.<\/p>\n","protected":false},"author":31,"featured_media":40147,"comment_status":"open","ping_status":"open","sticky":false,"template":"","format":"standard","meta":{"_acf_changed":false,"_exactmetrics_skip_tracking":false,"_exactmetrics_sitenote_active":false,"_exactmetrics_sitenote_note":"","_exactmetrics_sitenote_category":0,"footnotes":"","_links_to":"","_links_to_target":""},"categories":[151,1],"tags":[353,12,327,416],"class_list":["post-40128","post","type-post","status-publish","format-standard","has-post-thumbnail","hentry","category-banner","category-sin-categoria","tag-capacitacion-docente","tag-ciencia-escolar","tag-curso","tag-iie"],"acf":[],"yoast_head":"<!-- This site is optimized with the Yoast SEO plugin v26.7 - https:\/\/yoast.com\/wordpress\/plugins\/seo\/ -->\n<title>Inscripciones Curso de Investigaci\u00f3n en Artes y Humanidades - Los R\u00edos<\/title>\n<meta name=\"robots\" content=\"index, follow, max-snippet:-1, max-image-preview:large, max-video-preview:-1\" \/>\n<link rel=\"canonical\" href=\"https:\/\/dev.explora.cl\/rios\/inscripciones-curso-de-investigacion-en-artes-y-humanidades\/\" class=\"yoast-seo-meta-tag\" \/>\n<meta property=\"og:locale\" content=\"es_ES\" class=\"yoast-seo-meta-tag\" \/>\n<meta property=\"og:type\" content=\"article\" class=\"yoast-seo-meta-tag\" \/>\n<meta property=\"og:title\" content=\"Inscripciones Curso de Investigaci\u00f3n en Artes y Humanidades - Los R\u00edos\" class=\"yoast-seo-meta-tag\" \/>\n<meta property=\"og:description\" content=\"Entre al formulario de inscripciones aqu\u00ed.\" class=\"yoast-seo-meta-tag\" \/>\n<meta property=\"og:url\" content=\"https:\/\/dev.explora.cl\/rios\/inscripciones-curso-de-investigacion-en-artes-y-humanidades\/\" class=\"yoast-seo-meta-tag\" \/>\n<meta property=\"og:site_name\" content=\"Los R\u00edos\" class=\"yoast-seo-meta-tag\" \/>\n<meta property=\"article:published_time\" content=\"2021-08-09T14:46:32+00:00\" class=\"yoast-seo-meta-tag\" \/>\n<meta property=\"article:modified_time\" content=\"2021-08-31T21:46:59+00:00\" class=\"yoast-seo-meta-tag\" \/>\n<meta property=\"og:image\" content=\"https:\/\/dev.explora.cl\/rios\/wp-content\/uploads\/sites\/16\/2021\/08\/logo-curso-1.jpg\" class=\"yoast-seo-meta-tag\" \/>\n\t<meta property=\"og:image:width\" content=\"1920\" class=\"yoast-seo-meta-tag\" \/>\n\t<meta property=\"og:image:height\" content=\"1080\" class=\"yoast-seo-meta-tag\" \/>\n\t<meta property=\"og:image:type\" content=\"image\/jpeg\" class=\"yoast-seo-meta-tag\" \/>\n<meta name=\"author\" content=\"smancilla\" class=\"yoast-seo-meta-tag\" \/>\n<meta name=\"twitter:card\" content=\"summary_large_image\" class=\"yoast-seo-meta-tag\" \/>\n<meta name=\"twitter:label1\" content=\"Escrito por\" class=\"yoast-seo-meta-tag\" \/>\n\t<meta name=\"twitter:data1\" content=\"smancilla\" class=\"yoast-seo-meta-tag\" \/>\n\t<meta name=\"twitter:label2\" content=\"Tiempo estimado de lectura\" class=\"yoast-seo-meta-tag\" \/>\n\t<meta name=\"twitter:data2\" content=\"1 minuto\" class=\"yoast-seo-meta-tag\" \/>\n<script type=\"application\/ld+json\" class=\"yoast-schema-graph\">{\"@context\":\"https:\/\/schema.org\",\"@graph\":[{\"@type\":\"Article\",\"@id\":\"https:\/\/dev.explora.cl\/rios\/inscripciones-curso-de-investigacion-en-artes-y-humanidades\/#article\",\"isPartOf\":{\"@id\":\"https:\/\/dev.explora.cl\/rios\/inscripciones-curso-de-investigacion-en-artes-y-humanidades\/\"},\"author\":{\"name\":\"smancilla\",\"@id\":\"https:\/\/dev.explora.cl\/rios\/#\/schema\/person\/279896208736d277e75690dde6cc1ea9\"},\"headline\":\"Inscripciones Curso de Investigaci\u00f3n en Artes y Humanidades\",\"datePublished\":\"2021-08-09T14:46:32+00:00\",\"dateModified\":\"2021-08-31T21:46:59+00:00\",\"mainEntityOfPage\":{\"@id\":\"https:\/\/dev.explora.cl\/rios\/inscripciones-curso-de-investigacion-en-artes-y-humanidades\/\"},\"wordCount\":266,\"commentCount\":0,\"image\":{\"@id\":\"https:\/\/dev.explora.cl\/rios\/inscripciones-curso-de-investigacion-en-artes-y-humanidades\/#primaryimage\"},\"thumbnailUrl\":\"https:\/\/dev.explora.cl\/rios\/wp-content\/uploads\/sites\/16\/2021\/08\/logo-curso-1.jpg\",\"keywords\":[\"capacitaci\u00f3n docente\",\"ciencia escolar\",\"curso\",\"iie\"],\"articleSection\":[\"Banner\"],\"inLanguage\":\"es-CL\",\"potentialAction\":[{\"@type\":\"CommentAction\",\"name\":\"Comment\",\"target\":[\"https:\/\/dev.explora.cl\/rios\/inscripciones-curso-de-investigacion-en-artes-y-humanidades\/#respond\"]}]},{\"@type\":\"WebPage\",\"@id\":\"https:\/\/dev.explora.cl\/rios\/inscripciones-curso-de-investigacion-en-artes-y-humanidades\/\",\"url\":\"https:\/\/dev.explora.cl\/rios\/inscripciones-curso-de-investigacion-en-artes-y-humanidades\/\",\"name\":\"Inscripciones Curso de Investigaci\u00f3n en Artes y Humanidades - Los R\u00edos\",\"isPartOf\":{\"@id\":\"https:\/\/dev.explora.cl\/rios\/#website\"},\"primaryImageOfPage\":{\"@id\":\"https:\/\/dev.explora.cl\/rios\/inscripciones-curso-de-investigacion-en-artes-y-humanidades\/#primaryimage\"},\"image\":{\"@id\":\"https:\/\/dev.explora.cl\/rios\/inscripciones-curso-de-investigacion-en-artes-y-humanidades\/#primaryimage\"},\"thumbnailUrl\":\"https:\/\/dev.explora.cl\/rios\/wp-content\/uploads\/sites\/16\/2021\/08\/logo-curso-1.jpg\",\"datePublished\":\"2021-08-09T14:46:32+00:00\",\"dateModified\":\"2021-08-31T21:46:59+00:00\",\"author\":{\"@id\":\"https:\/\/dev.explora.cl\/rios\/#\/schema\/person\/279896208736d277e75690dde6cc1ea9\"},\"breadcrumb\":{\"@id\":\"https:\/\/dev.explora.cl\/rios\/inscripciones-curso-de-investigacion-en-artes-y-humanidades\/#breadcrumb\"},\"inLanguage\":\"es-CL\",\"potentialAction\":[{\"@type\":\"ReadAction\",\"target\":[\"https:\/\/dev.explora.cl\/rios\/inscripciones-curso-de-investigacion-en-artes-y-humanidades\/\"]}]},{\"@type\":\"ImageObject\",\"inLanguage\":\"es-CL\",\"@id\":\"https:\/\/dev.explora.cl\/rios\/inscripciones-curso-de-investigacion-en-artes-y-humanidades\/#primaryimage\",\"url\":\"https:\/\/dev.explora.cl\/rios\/wp-content\/uploads\/sites\/16\/2021\/08\/logo-curso-1.jpg\",\"contentUrl\":\"https:\/\/dev.explora.cl\/rios\/wp-content\/uploads\/sites\/16\/2021\/08\/logo-curso-1.jpg\",\"width\":1920,\"height\":1080},{\"@type\":\"BreadcrumbList\",\"@id\":\"https:\/\/dev.explora.cl\/rios\/inscripciones-curso-de-investigacion-en-artes-y-humanidades\/#breadcrumb\",\"itemListElement\":[{\"@type\":\"ListItem\",\"position\":1,\"name\":\"Portada\",\"item\":\"https:\/\/dev.explora.cl\/rios\/\"},{\"@type\":\"ListItem\",\"position\":2,\"name\":\"Inscripciones Curso de Investigaci\u00f3n en Artes y Humanidades\"}]},{\"@type\":\"WebSite\",\"@id\":\"https:\/\/dev.explora.cl\/rios\/#website\",\"url\":\"https:\/\/dev.explora.cl\/rios\/\",\"name\":\"Los R\u00edos\",\"description\":\"Otro sitio m\u00e1s de dev.explora.cl\",\"potentialAction\":[{\"@type\":\"SearchAction\",\"target\":{\"@type\":\"EntryPoint\",\"urlTemplate\":\"https:\/\/dev.explora.cl\/rios\/?s={search_term_string}\"},\"query-input\":{\"@type\":\"PropertyValueSpecification\",\"valueRequired\":true,\"valueName\":\"search_term_string\"}}],\"inLanguage\":\"es-CL\"},{\"@type\":\"Person\",\"@id\":\"https:\/\/dev.explora.cl\/rios\/#\/schema\/person\/279896208736d277e75690dde6cc1ea9\",\"name\":\"smancilla\",\"image\":{\"@type\":\"ImageObject\",\"inLanguage\":\"es-CL\",\"@id\":\"https:\/\/dev.explora.cl\/rios\/#\/schema\/person\/image\/\",\"url\":\"https:\/\/secure.gravatar.com\/avatar\/a1c7f8b1dd453e8facadec2bf18354190c777b5556feaaadfa0f6a129ab9b015?s=96&d=mm&r=g\",\"contentUrl\":\"https:\/\/secure.gravatar.com\/avatar\/a1c7f8b1dd453e8facadec2bf18354190c777b5556feaaadfa0f6a129ab9b015?s=96&d=mm&r=g\",\"caption\":\"smancilla\"},\"url\":\"https:\/\/dev.explora.cl\/rios\/author\/smancilla\/\"}]}<\/script>\n<!-- \/ Yoast SEO plugin. -->","yoast_head_json":{"title":"Inscripciones Curso de Investigaci\u00f3n en Artes y Humanidades - Los R\u00edos","robots":{"index":"index","follow":"follow","max-snippet":"max-snippet:-1","max-image-preview":"max-image-preview:large","max-video-preview":"max-video-preview:-1"},"canonical":"https:\/\/dev.explora.cl\/rios\/inscripciones-curso-de-investigacion-en-artes-y-humanidades\/","og_locale":"es_ES","og_type":"article","og_title":"Inscripciones Curso de Investigaci\u00f3n en Artes y Humanidades - Los R\u00edos","og_description":"Entre al formulario de inscripciones aqu\u00ed.","og_url":"https:\/\/dev.explora.cl\/rios\/inscripciones-curso-de-investigacion-en-artes-y-humanidades\/","og_site_name":"Los R\u00edos","article_published_time":"2021-08-09T14:46:32+00:00","article_modified_time":"2021-08-31T21:46:59+00:00","og_image":[{"width":1920,"height":1080,"url":"https:\/\/dev.explora.cl\/rios\/wp-content\/uploads\/sites\/16\/2021\/08\/logo-curso-1.jpg","type":"image\/jpeg"}],"author":"smancilla","twitter_card":"summary_large_image","twitter_misc":{"Escrito por":"smancilla","Tiempo estimado de lectura":"1 minuto"},"schema":{"@context":"https:\/\/schema.org","@graph":[{"@type":"Article","@id":"https:\/\/dev.explora.cl\/rios\/inscripciones-curso-de-investigacion-en-artes-y-humanidades\/#article","isPartOf":{"@id":"https:\/\/dev.explora.cl\/rios\/inscripciones-curso-de-investigacion-en-artes-y-humanidades\/"},"author":{"name":"smancilla","@id":"https:\/\/dev.explora.cl\/rios\/#\/schema\/person\/279896208736d277e75690dde6cc1ea9"},"headline":"Inscripciones Curso de Investigaci\u00f3n en Artes y Humanidades","datePublished":"2021-08-09T14:46:32+00:00","dateModified":"2021-08-31T21:46:59+00:00","mainEntityOfPage":{"@id":"https:\/\/dev.explora.cl\/rios\/inscripciones-curso-de-investigacion-en-artes-y-humanidades\/"},"wordCount":266,"commentCount":0,"image":{"@id":"https:\/\/dev.explora.cl\/rios\/inscripciones-curso-de-investigacion-en-artes-y-humanidades\/#primaryimage"},"thumbnailUrl":"https:\/\/dev.explora.cl\/rios\/wp-content\/uploads\/sites\/16\/2021\/08\/logo-curso-1.jpg","keywords":["capacitaci\u00f3n docente","ciencia escolar","curso","iie"],"articleSection":["Banner"],"inLanguage":"es-CL","potentialAction":[{"@type":"CommentAction","name":"Comment","target":["https:\/\/dev.explora.cl\/rios\/inscripciones-curso-de-investigacion-en-artes-y-humanidades\/#respond"]}]},{"@type":"WebPage","@id":"https:\/\/dev.explora.cl\/rios\/inscripciones-curso-de-investigacion-en-artes-y-humanidades\/","url":"https:\/\/dev.explora.cl\/rios\/inscripciones-curso-de-investigacion-en-artes-y-humanidades\/","name":"Inscripciones Curso de Investigaci\u00f3n en Artes y Humanidades - Los R\u00edos","isPartOf":{"@id":"https:\/\/dev.explora.cl\/rios\/#website"},"primaryImageOfPage":{"@id":"https:\/\/dev.explora.cl\/rios\/inscripciones-curso-de-investigacion-en-artes-y-humanidades\/#primaryimage"},"image":{"@id":"https:\/\/dev.explora.cl\/rios\/inscripciones-curso-de-investigacion-en-artes-y-humanidades\/#primaryimage"},"thumbnailUrl":"https:\/\/dev.explora.cl\/rios\/wp-content\/uploads\/sites\/16\/2021\/08\/logo-curso-1.jpg","datePublished":"2021-08-09T14:46:32+00:00","dateModified":"2021-08-31T21:46:59+00:00","author":{"@id":"https:\/\/dev.explora.cl\/rios\/#\/schema\/person\/279896208736d277e75690dde6cc1ea9"},"breadcrumb":{"@id":"https:\/\/dev.explora.cl\/rios\/inscripciones-curso-de-investigacion-en-artes-y-humanidades\/#breadcrumb"},"inLanguage":"es-CL","potentialAction":[{"@type":"ReadAction","target":["https:\/\/dev.explora.cl\/rios\/inscripciones-curso-de-investigacion-en-artes-y-humanidades\/"]}]},{"@type":"ImageObject","inLanguage":"es-CL","@id":"https:\/\/dev.explora.cl\/rios\/inscripciones-curso-de-investigacion-en-artes-y-humanidades\/#primaryimage","url":"https:\/\/dev.explora.cl\/rios\/wp-content\/uploads\/sites\/16\/2021\/08\/logo-curso-1.jpg","contentUrl":"https:\/\/dev.explora.cl\/rios\/wp-content\/uploads\/sites\/16\/2021\/08\/logo-curso-1.jpg","width":1920,"height":1080},{"@type":"BreadcrumbList","@id":"https:\/\/dev.explora.cl\/rios\/inscripciones-curso-de-investigacion-en-artes-y-humanidades\/#breadcrumb","itemListElement":[{"@type":"ListItem","position":1,"name":"Portada","item":"https:\/\/dev.explora.cl\/rios\/"},{"@type":"ListItem","position":2,"name":"Inscripciones Curso de Investigaci\u00f3n en Artes y Humanidades"}]},{"@type":"WebSite","@id":"https:\/\/dev.explora.cl\/rios\/#website","url":"https:\/\/dev.explora.cl\/rios\/","name":"Los R\u00edos","description":"Otro sitio m\u00e1s de dev.explora.cl","potentialAction":[{"@type":"SearchAction","target":{"@type":"EntryPoint","urlTemplate":"https:\/\/dev.explora.cl\/rios\/?s={search_term_string}"},"query-input":{"@type":"PropertyValueSpecification","valueRequired":true,"valueName":"search_term_string"}}],"inLanguage":"es-CL"},{"@type":"Person","@id":"https:\/\/dev.explora.cl\/rios\/#\/schema\/person\/279896208736d277e75690dde6cc1ea9","name":"smancilla","image":{"@type":"ImageObject","inLanguage":"es-CL","@id":"https:\/\/dev.explora.cl\/rios\/#\/schema\/person\/image\/","url":"https:\/\/secure.gravatar.com\/avatar\/a1c7f8b1dd453e8facadec2bf18354190c777b5556feaaadfa0f6a129ab9b015?s=96&d=mm&r=g","contentUrl":"https:\/\/secure.gravatar.com\/avatar\/a1c7f8b1dd453e8facadec2bf18354190c777b5556feaaadfa0f6a129ab9b015?s=96&d=mm&r=g","caption":"smancilla"},"url":"https:\/\/dev.explora.cl\/rios\/author\/smancilla\/"}]}},"_links":{"self":[{"href":"https:\/\/dev.explora.cl\/rios\/wp-json\/wp\/v2\/posts\/40128","targetHints":{"allow":["GET"]}}],"collection":[{"href":"https:\/\/dev.explora.cl\/rios\/wp-json\/wp\/v2\/posts"}],"about":[{"href":"https:\/\/dev.explora.cl\/rios\/wp-json\/wp\/v2\/types\/post"}],"author":[{"embeddable":true,"href":"https:\/\/dev.explora.cl\/rios\/wp-json\/wp\/v2\/users\/31"}],"replies":[{"embeddable":true,"href":"https:\/\/dev.explora.cl\/rios\/wp-json\/wp\/v2\/comments?post=40128"}],"version-history":[{"count":15,"href":"https:\/\/dev.explora.cl\/rios\/wp-json\/wp\/v2\/posts\/40128\/revisions"}],"predecessor-version":[{"id":40157,"href":"https:\/\/dev.explora.cl\/rios\/wp-json\/wp\/v2\/posts\/40128\/revisions\/40157"}],"wp:featuredmedia":[{"embeddable":true,"href":"https:\/\/dev.explora.cl\/rios\/wp-json\/wp\/v2\/media\/40147"}],"wp:attachment":[{"href":"https:\/\/dev.explora.cl\/rios\/wp-json\/wp\/v2\/media?parent=40128"}],"wp:term":[{"taxonomy":"category","embeddable":true,"href":"https:\/\/dev.explora.cl\/rios\/wp-json\/wp\/v2\/categories?post=40128"},{"taxonomy":"post_tag","embeddable":true,"href":"https:\/\/dev.explora.cl\/rios\/wp-json\/wp\/v2\/tags?post=40128"}],"curies":[{"name":"wp","href":"https:\/\/api.w.org\/{rel}","templated":true}]}}