{"id":40122,"date":"2021-08-09T10:02:26","date_gmt":"2021-08-09T14:02:26","guid":{"rendered":"https:\/\/dev.explora.cl\/rios\/?p=40122"},"modified":"2021-09-02T10:57:40","modified_gmt":"2021-09-02T14:57:40","slug":"una-semana-mas-para-participar-del-concurso-fotografico-ojo-de-pez-2021","status":"publish","type":"post","link":"https:\/\/dev.explora.cl\/rios\/una-semana-mas-para-participar-del-concurso-fotografico-ojo-de-pez-2021\/","title":{"rendered":"Una  semana m\u00e1s para participar del Concurso Fotogr\u00e1fico Ojo de Pez 2021"},"content":{"rendered":"<p>[vc_row][vc_column][vc_row_inner][vc_column_inner width=&#8221;2\/3&#8243;][vc_custom_heading text=&#8221;Hasta el 15 de agosto pueden participar fot\u00f3grafos aficionados y profesionales en el \u00fanico concurso que destaca los ecosistemas acu\u00e1ticos de todo el pa\u00eds.&#8221; font_container=&#8221;tag:h3|text_align:left&#8221;][\/vc_column_inner][vc_column_inner width=&#8221;1\/3&#8243;][vc_btn title=&#8221;Sube tu foto aqu\u00ed&#8221; style=&#8221;custom&#8221; custom_background=&#8221;#81d742&#8243; custom_text=&#8221;#ffffff&#8221; size=&#8221;lg&#8221; align=&#8221;center&#8221; i_align=&#8221;right&#8221; i_icon_fontawesome=&#8221;fa fa-arrow-circle-right&#8221; button_block=&#8221;true&#8221; add_icon=&#8221;true&#8221; link=&#8221;url:https%3A%2F%2Fconcurso.ojopez.cl%2Fconcurso%2F|||&#8221;][\/vc_column_inner][\/vc_row_inner][vc_column_text]<span style=\"font-weight: 400\">Cada a\u00f1o, el concurso <\/span><b>Ojo de Pez<\/b><span style=\"font-weight: 400\"> abre su convocatoria para recibir un sinf\u00edn de capturas \u00fanicas de Arica hasta la Ant\u00e1rtica. El a\u00f1o 2020, Daniel Vidal, captur\u00f3 con su c\u00e1mara y en blanco y negro a un pescador sentado frente a las costas de Caleta Tumbes, en la regi\u00f3n del Biob\u00edo<\/span><span style=\"font-weight: 400\">,<\/span><span style=\"font-weight: 400\"> quien preparaba sus redes con dedicaci\u00f3n y paciencia.<\/span><\/p>\n<p><span style=\"font-weight: 400\">Este 2021 los organizadores esperan recibir fotograf\u00edas de distintas regiones del pa\u00eds y ahora tienen una semana m\u00e1s para poder hacerlo. Para participar deben ingresar a<\/span><a href=\"http:\/\/www.ojopez.cl\/\"> <span style=\"font-weight: 400\">www.ojopez.cl<\/span><\/a><span style=\"font-weight: 400\"> luego ir al men\u00fa Concurso. <\/span><b>Ojo de Pez<\/b><span style=\"font-weight: 400\"> tiene tres grandes categor\u00edas: Paisaje, trabajo y conservaci\u00f3n; Flora y Fauna; y Ambientes ant\u00e1rticos y subant\u00e1rticos. Cada participante puede enviar un total de 3 fotograf\u00edas.\u00a0<\/span><\/p>\n<p><span style=\"font-weight: 400\">Los premios 2021 incluye c\u00e1maras y equipamiento fotogr\u00e1fico, m\u00e1s el libro impreso edici\u00f3n limitada: \u201cOjo de Pez: Chile en im\u00e1genes de agua y vida\u201d (<\/span><a href=\"https:\/\/ojopez.cl\/libro\/\"><span style=\"font-weight: 400\">Pueden descargar su versi\u00f3n digital<\/span><\/a><span style=\"font-weight: 400\">).\u00a0 El premio principal \u201cOjo de Pez\u201d consiste en una c\u00e1mara mirrorless Sony ILCE-6600L (costo referencial $1.000.000).<\/span><\/p>\n<p><span style=\"font-weight: 400\">Ojo de Pez es organizado por el Instituto de Ciencias Marinas y Limnol\u00f3gicas (<\/span><a href=\"http:\/\/www.icml.uach.cl\/\"><span style=\"font-weight: 400\">ICML<\/span><\/a><span style=\"font-weight: 400\">) de la Universidad Austral de Chile (<\/span><a href=\"https:\/\/www.uach.cl\/\"><span style=\"font-weight: 400\">UACh<\/span><\/a><span style=\"font-weight: 400\">), Proyecto <\/span><a href=\"https:\/\/dev.explora.cl\/rios\/\"><span style=\"font-weight: 400\">Explora Los R\u00edos del Ministerio de Ciencia<\/span><\/a><span style=\"font-weight: 400\">, Tecnolog\u00eda, Conocimiento e Innovaci\u00f3n y el Centro de Investigaci\u00f3n Din\u00e1mica de Ecosistemas Marinos de Altas Latitudes (<\/span><a href=\"https:\/\/www.centroideal.cl\/\"><span style=\"font-weight: 400\">IDEAL<\/span><\/a><span style=\"font-weight: 400\">).\u00a0<\/span><\/p>\n<p><span style=\"font-weight: 400\">En representaci\u00f3n de la organizaci\u00f3n, el Dr. Jos\u00e9 Garc\u00e9s, quien adem\u00e1s es investigador del Centro IDEAL y docente del ICML, detall\u00f3 que cada a\u00f1o e incluso pese a la pandemia, se ha logrado una gran participaci\u00f3n. \u201cEn esta convocatoria 2021 esperamos tener representaci\u00f3n de norte a sur del pa\u00eds, con ello cumplimos el objetivo de acercar y destacar la importancia que tienen los distintos ecosistemas acu\u00e1ticos a trav\u00e9s de la fotograf\u00eda y a trav\u00e9s de las diferentes exposiciones post-concurso con las elegidas por el Jurado\u201d, coment\u00f3 Jos\u00e9 Garc\u00e9s.<\/span><\/p>\n<p><b>El jurado<\/b><\/p>\n<p><span style=\"font-weight: 400\">Respecto al jurado, en esta versi\u00f3n est\u00e1 compuesto por reconocidas figuras de la comunicaci\u00f3n de la ciencia y de la fotograf\u00eda. Sashenka Guti\u00e9rrez, fotoperiodista mexicana de agencia EFE, Felipe Trueba, camar\u00f3grafo y fot\u00f3grafo para la agencia internacional European Pressphoto Agency, Eduardo Sorensen, connotado fot\u00f3grafo submarino, N\u00e9lida Pohl, doctora en biolog\u00eda y presidenta de Achipec y Andrea Obaid, periodista cient\u00edfica y locutora en ADN y TXSPlus.<\/span><\/p>\n<p><span style=\"font-weight: 400\">El Concurso Fotogr\u00e1fico Ojo de Pez 2021 cuenta con el auspicio de la<\/span><a href=\"https:\/\/www.uach.cl\/organizacion\/vicerrectoria-investigacion-desarrollo-y-creacion-artistica\/presentacion\/presentacion\"> <span style=\"font-weight: 400\">Vicerrector\u00eda de Investigaci\u00f3n, Desarrollo y Creaci\u00f3n Art\u00edstica<\/span><\/a><span style=\"font-weight: 400\">, la<\/span><a href=\"http:\/\/sitiosciencias.uach.cl\/biologia-marina\/\"> <span style=\"font-weight: 400\">Escuela de Biolog\u00eda Marina<\/span><\/a><span style=\"font-weight: 400\"> y el<\/span><a href=\"http:\/\/www.postgradociencias.uach.cl\/doctorado-biologia-marina\/\"> <span style=\"font-weight: 400\">Doctorado en Biolog\u00eda Marina<\/span><\/a><span style=\"font-weight: 400\"> de la UACh. Adem\u00e1s, posee la colaboraci\u00f3n del<\/span><a href=\"http:\/\/www.museosaustral.cl\/museos\/museo-r-a-philippi-de-la-exploracion\"> <span style=\"font-weight: 400\">Museo de la Exploraci\u00f3n R. A. Phillipi<\/span><\/a><span style=\"font-weight: 400\"> de la UACh.<\/span><\/p>\n<ul>\n<li><strong>Fotograf\u00eda:<\/strong> &#8220;\u00bfQu\u00e9 est\u00e1 Ocurriendo?&#8221; de Jos\u00e9 Andr\u00e9s Vera, premio del p\u00fablico 2020.<\/li>\n<\/ul>\n<p>[\/vc_column_text][\/vc_column][\/vc_row][vc_row css=&#8221;.vc_custom_1614888019520{border-top-width: 1px !important;border-top-color: #b6b6b6 !important;border-top-style: solid !important;}&#8221;][vc_column][vc_column_text]<\/p>\n<p style=\"text-align: center;font-size: 0.9em;color: #b6b6b6\"><a href=\"https:\/\/dev.explora.cl\/rios\/protocolo\">Revisa nuestro Protocolo para Trabajo con Ni\u00f1os, Ni\u00f1as y Adolescentes<\/a><\/p>\n<p>[\/vc_column_text][\/vc_column][\/vc_row]<\/p>\n","protected":false},"excerpt":{"rendered":"<p>Hasta el 15 de agosto pueden participar fot\u00f3grafos aficionados y profesionales en el \u00fanico concurso que destaca los ecosistemas acu\u00e1ticos de todo el pa\u00eds.<\/p>\n","protected":false},"author":31,"featured_media":40123,"comment_status":"open","ping_status":"open","sticky":false,"template":"","format":"standard","meta":{"_acf_changed":false,"_exactmetrics_skip_tracking":false,"_exactmetrics_sitenote_active":false,"_exactmetrics_sitenote_note":"","_exactmetrics_sitenote_category":0,"footnotes":"","_links_to":"","_links_to_target":""},"categories":[4],"tags":[182,269,312],"class_list":["post-40122","post","type-post","status-publish","format-standard","has-post-thumbnail","hentry","category-noticias","tag-fotografia","tag-ojo-de-pez","tag-sistemas-acuaticos"],"acf":[],"yoast_head":"<!-- This site is optimized with the Yoast SEO plugin v26.7 - https:\/\/yoast.com\/wordpress\/plugins\/seo\/ -->\n<title>Una semana m\u00e1s para participar del Concurso Fotogr\u00e1fico Ojo de Pez 2021 - Los R\u00edos<\/title>\n<meta name=\"robots\" content=\"index, follow, max-snippet:-1, max-image-preview:large, max-video-preview:-1\" \/>\n<link rel=\"canonical\" href=\"https:\/\/dev.explora.cl\/rios\/una-semana-mas-para-participar-del-concurso-fotografico-ojo-de-pez-2021\/\" class=\"yoast-seo-meta-tag\" \/>\n<meta property=\"og:locale\" content=\"es_ES\" class=\"yoast-seo-meta-tag\" \/>\n<meta property=\"og:type\" content=\"article\" class=\"yoast-seo-meta-tag\" \/>\n<meta property=\"og:title\" content=\"Una semana m\u00e1s para participar del Concurso Fotogr\u00e1fico Ojo de Pez 2021 - Los R\u00edos\" class=\"yoast-seo-meta-tag\" \/>\n<meta property=\"og:description\" content=\"Hasta el 15 de agosto pueden participar fot\u00f3grafos aficionados y profesionales en el \u00fanico concurso que destaca los ecosistemas acu\u00e1ticos de todo el pa\u00eds.\" class=\"yoast-seo-meta-tag\" \/>\n<meta property=\"og:url\" content=\"https:\/\/dev.explora.cl\/rios\/una-semana-mas-para-participar-del-concurso-fotografico-ojo-de-pez-2021\/\" class=\"yoast-seo-meta-tag\" \/>\n<meta property=\"og:site_name\" content=\"Los R\u00edos\" class=\"yoast-seo-meta-tag\" \/>\n<meta property=\"article:published_time\" content=\"2021-08-09T14:02:26+00:00\" class=\"yoast-seo-meta-tag\" \/>\n<meta property=\"article:modified_time\" content=\"2021-09-02T14:57:40+00:00\" class=\"yoast-seo-meta-tag\" \/>\n<meta property=\"og:image\" content=\"https:\/\/dev.explora.cl\/rios\/wp-content\/uploads\/sites\/16\/2021\/08\/A_172026133_3-Grande.jpg\" class=\"yoast-seo-meta-tag\" \/>\n\t<meta property=\"og:image:width\" content=\"1620\" class=\"yoast-seo-meta-tag\" \/>\n\t<meta property=\"og:image:height\" content=\"1080\" class=\"yoast-seo-meta-tag\" \/>\n\t<meta property=\"og:image:type\" content=\"image\/jpeg\" class=\"yoast-seo-meta-tag\" \/>\n<meta name=\"author\" content=\"smancilla\" class=\"yoast-seo-meta-tag\" \/>\n<meta name=\"twitter:card\" content=\"summary_large_image\" class=\"yoast-seo-meta-tag\" \/>\n<meta name=\"twitter:label1\" content=\"Escrito por\" class=\"yoast-seo-meta-tag\" \/>\n\t<meta name=\"twitter:data1\" content=\"smancilla\" class=\"yoast-seo-meta-tag\" \/>\n\t<meta name=\"twitter:label2\" content=\"Tiempo estimado de lectura\" class=\"yoast-seo-meta-tag\" \/>\n\t<meta name=\"twitter:data2\" content=\"3 minutos\" class=\"yoast-seo-meta-tag\" \/>\n<script type=\"application\/ld+json\" class=\"yoast-schema-graph\">{\"@context\":\"https:\/\/schema.org\",\"@graph\":[{\"@type\":\"Article\",\"@id\":\"https:\/\/dev.explora.cl\/rios\/una-semana-mas-para-participar-del-concurso-fotografico-ojo-de-pez-2021\/#article\",\"isPartOf\":{\"@id\":\"https:\/\/dev.explora.cl\/rios\/una-semana-mas-para-participar-del-concurso-fotografico-ojo-de-pez-2021\/\"},\"author\":{\"name\":\"smancilla\",\"@id\":\"https:\/\/dev.explora.cl\/rios\/#\/schema\/person\/279896208736d277e75690dde6cc1ea9\"},\"headline\":\"Una semana m\u00e1s para participar del Concurso Fotogr\u00e1fico Ojo de Pez 2021\",\"datePublished\":\"2021-08-09T14:02:26+00:00\",\"dateModified\":\"2021-09-02T14:57:40+00:00\",\"mainEntityOfPage\":{\"@id\":\"https:\/\/dev.explora.cl\/rios\/una-semana-mas-para-participar-del-concurso-fotografico-ojo-de-pez-2021\/\"},\"wordCount\":654,\"commentCount\":0,\"image\":{\"@id\":\"https:\/\/dev.explora.cl\/rios\/una-semana-mas-para-participar-del-concurso-fotografico-ojo-de-pez-2021\/#primaryimage\"},\"thumbnailUrl\":\"https:\/\/dev.explora.cl\/rios\/wp-content\/uploads\/sites\/16\/2021\/08\/A_172026133_3-Grande.jpg\",\"keywords\":[\"fotograf\u00eda\",\"ojo de pez\",\"sistemas acu\u00e1ticos\"],\"articleSection\":[\"Noticias\"],\"inLanguage\":\"es-CL\",\"potentialAction\":[{\"@type\":\"CommentAction\",\"name\":\"Comment\",\"target\":[\"https:\/\/dev.explora.cl\/rios\/una-semana-mas-para-participar-del-concurso-fotografico-ojo-de-pez-2021\/#respond\"]}]},{\"@type\":\"WebPage\",\"@id\":\"https:\/\/dev.explora.cl\/rios\/una-semana-mas-para-participar-del-concurso-fotografico-ojo-de-pez-2021\/\",\"url\":\"https:\/\/dev.explora.cl\/rios\/una-semana-mas-para-participar-del-concurso-fotografico-ojo-de-pez-2021\/\",\"name\":\"Una semana m\u00e1s para participar del Concurso Fotogr\u00e1fico Ojo de Pez 2021 - Los R\u00edos\",\"isPartOf\":{\"@id\":\"https:\/\/dev.explora.cl\/rios\/#website\"},\"primaryImageOfPage\":{\"@id\":\"https:\/\/dev.explora.cl\/rios\/una-semana-mas-para-participar-del-concurso-fotografico-ojo-de-pez-2021\/#primaryimage\"},\"image\":{\"@id\":\"https:\/\/dev.explora.cl\/rios\/una-semana-mas-para-participar-del-concurso-fotografico-ojo-de-pez-2021\/#primaryimage\"},\"thumbnailUrl\":\"https:\/\/dev.explora.cl\/rios\/wp-content\/uploads\/sites\/16\/2021\/08\/A_172026133_3-Grande.jpg\",\"datePublished\":\"2021-08-09T14:02:26+00:00\",\"dateModified\":\"2021-09-02T14:57:40+00:00\",\"author\":{\"@id\":\"https:\/\/dev.explora.cl\/rios\/#\/schema\/person\/279896208736d277e75690dde6cc1ea9\"},\"breadcrumb\":{\"@id\":\"https:\/\/dev.explora.cl\/rios\/una-semana-mas-para-participar-del-concurso-fotografico-ojo-de-pez-2021\/#breadcrumb\"},\"inLanguage\":\"es-CL\",\"potentialAction\":[{\"@type\":\"ReadAction\",\"target\":[\"https:\/\/dev.explora.cl\/rios\/una-semana-mas-para-participar-del-concurso-fotografico-ojo-de-pez-2021\/\"]}]},{\"@type\":\"ImageObject\",\"inLanguage\":\"es-CL\",\"@id\":\"https:\/\/dev.explora.cl\/rios\/una-semana-mas-para-participar-del-concurso-fotografico-ojo-de-pez-2021\/#primaryimage\",\"url\":\"https:\/\/dev.explora.cl\/rios\/wp-content\/uploads\/sites\/16\/2021\/08\/A_172026133_3-Grande.jpg\",\"contentUrl\":\"https:\/\/dev.explora.cl\/rios\/wp-content\/uploads\/sites\/16\/2021\/08\/A_172026133_3-Grande.jpg\",\"width\":1620,\"height\":1080},{\"@type\":\"BreadcrumbList\",\"@id\":\"https:\/\/dev.explora.cl\/rios\/una-semana-mas-para-participar-del-concurso-fotografico-ojo-de-pez-2021\/#breadcrumb\",\"itemListElement\":[{\"@type\":\"ListItem\",\"position\":1,\"name\":\"Portada\",\"item\":\"https:\/\/dev.explora.cl\/rios\/\"},{\"@type\":\"ListItem\",\"position\":2,\"name\":\"Una semana m\u00e1s para participar del Concurso Fotogr\u00e1fico Ojo de Pez 2021\"}]},{\"@type\":\"WebSite\",\"@id\":\"https:\/\/dev.explora.cl\/rios\/#website\",\"url\":\"https:\/\/dev.explora.cl\/rios\/\",\"name\":\"Los R\u00edos\",\"description\":\"Otro sitio m\u00e1s de dev.explora.cl\",\"potentialAction\":[{\"@type\":\"SearchAction\",\"target\":{\"@type\":\"EntryPoint\",\"urlTemplate\":\"https:\/\/dev.explora.cl\/rios\/?s={search_term_string}\"},\"query-input\":{\"@type\":\"PropertyValueSpecification\",\"valueRequired\":true,\"valueName\":\"search_term_string\"}}],\"inLanguage\":\"es-CL\"},{\"@type\":\"Person\",\"@id\":\"https:\/\/dev.explora.cl\/rios\/#\/schema\/person\/279896208736d277e75690dde6cc1ea9\",\"name\":\"smancilla\",\"image\":{\"@type\":\"ImageObject\",\"inLanguage\":\"es-CL\",\"@id\":\"https:\/\/dev.explora.cl\/rios\/#\/schema\/person\/image\/\",\"url\":\"https:\/\/secure.gravatar.com\/avatar\/a1c7f8b1dd453e8facadec2bf18354190c777b5556feaaadfa0f6a129ab9b015?s=96&d=mm&r=g\",\"contentUrl\":\"https:\/\/secure.gravatar.com\/avatar\/a1c7f8b1dd453e8facadec2bf18354190c777b5556feaaadfa0f6a129ab9b015?s=96&d=mm&r=g\",\"caption\":\"smancilla\"},\"url\":\"https:\/\/dev.explora.cl\/rios\/author\/smancilla\/\"}]}<\/script>\n<!-- \/ Yoast SEO plugin. -->","yoast_head_json":{"title":"Una semana m\u00e1s para participar del Concurso Fotogr\u00e1fico Ojo de Pez 2021 - Los R\u00edos","robots":{"index":"index","follow":"follow","max-snippet":"max-snippet:-1","max-image-preview":"max-image-preview:large","max-video-preview":"max-video-preview:-1"},"canonical":"https:\/\/dev.explora.cl\/rios\/una-semana-mas-para-participar-del-concurso-fotografico-ojo-de-pez-2021\/","og_locale":"es_ES","og_type":"article","og_title":"Una semana m\u00e1s para participar del Concurso Fotogr\u00e1fico Ojo de Pez 2021 - Los R\u00edos","og_description":"Hasta el 15 de agosto pueden participar fot\u00f3grafos aficionados y profesionales en el \u00fanico concurso que destaca los ecosistemas acu\u00e1ticos de todo el pa\u00eds.","og_url":"https:\/\/dev.explora.cl\/rios\/una-semana-mas-para-participar-del-concurso-fotografico-ojo-de-pez-2021\/","og_site_name":"Los R\u00edos","article_published_time":"2021-08-09T14:02:26+00:00","article_modified_time":"2021-09-02T14:57:40+00:00","og_image":[{"width":1620,"height":1080,"url":"https:\/\/dev.explora.cl\/rios\/wp-content\/uploads\/sites\/16\/2021\/08\/A_172026133_3-Grande.jpg","type":"image\/jpeg"}],"author":"smancilla","twitter_card":"summary_large_image","twitter_misc":{"Escrito por":"smancilla","Tiempo estimado de lectura":"3 minutos"},"schema":{"@context":"https:\/\/schema.org","@graph":[{"@type":"Article","@id":"https:\/\/dev.explora.cl\/rios\/una-semana-mas-para-participar-del-concurso-fotografico-ojo-de-pez-2021\/#article","isPartOf":{"@id":"https:\/\/dev.explora.cl\/rios\/una-semana-mas-para-participar-del-concurso-fotografico-ojo-de-pez-2021\/"},"author":{"name":"smancilla","@id":"https:\/\/dev.explora.cl\/rios\/#\/schema\/person\/279896208736d277e75690dde6cc1ea9"},"headline":"Una semana m\u00e1s para participar del Concurso Fotogr\u00e1fico Ojo de Pez 2021","datePublished":"2021-08-09T14:02:26+00:00","dateModified":"2021-09-02T14:57:40+00:00","mainEntityOfPage":{"@id":"https:\/\/dev.explora.cl\/rios\/una-semana-mas-para-participar-del-concurso-fotografico-ojo-de-pez-2021\/"},"wordCount":654,"commentCount":0,"image":{"@id":"https:\/\/dev.explora.cl\/rios\/una-semana-mas-para-participar-del-concurso-fotografico-ojo-de-pez-2021\/#primaryimage"},"thumbnailUrl":"https:\/\/dev.explora.cl\/rios\/wp-content\/uploads\/sites\/16\/2021\/08\/A_172026133_3-Grande.jpg","keywords":["fotograf\u00eda","ojo de pez","sistemas acu\u00e1ticos"],"articleSection":["Noticias"],"inLanguage":"es-CL","potentialAction":[{"@type":"CommentAction","name":"Comment","target":["https:\/\/dev.explora.cl\/rios\/una-semana-mas-para-participar-del-concurso-fotografico-ojo-de-pez-2021\/#respond"]}]},{"@type":"WebPage","@id":"https:\/\/dev.explora.cl\/rios\/una-semana-mas-para-participar-del-concurso-fotografico-ojo-de-pez-2021\/","url":"https:\/\/dev.explora.cl\/rios\/una-semana-mas-para-participar-del-concurso-fotografico-ojo-de-pez-2021\/","name":"Una semana m\u00e1s para participar del Concurso Fotogr\u00e1fico Ojo de Pez 2021 - Los R\u00edos","isPartOf":{"@id":"https:\/\/dev.explora.cl\/rios\/#website"},"primaryImageOfPage":{"@id":"https:\/\/dev.explora.cl\/rios\/una-semana-mas-para-participar-del-concurso-fotografico-ojo-de-pez-2021\/#primaryimage"},"image":{"@id":"https:\/\/dev.explora.cl\/rios\/una-semana-mas-para-participar-del-concurso-fotografico-ojo-de-pez-2021\/#primaryimage"},"thumbnailUrl":"https:\/\/dev.explora.cl\/rios\/wp-content\/uploads\/sites\/16\/2021\/08\/A_172026133_3-Grande.jpg","datePublished":"2021-08-09T14:02:26+00:00","dateModified":"2021-09-02T14:57:40+00:00","author":{"@id":"https:\/\/dev.explora.cl\/rios\/#\/schema\/person\/279896208736d277e75690dde6cc1ea9"},"breadcrumb":{"@id":"https:\/\/dev.explora.cl\/rios\/una-semana-mas-para-participar-del-concurso-fotografico-ojo-de-pez-2021\/#breadcrumb"},"inLanguage":"es-CL","potentialAction":[{"@type":"ReadAction","target":["https:\/\/dev.explora.cl\/rios\/una-semana-mas-para-participar-del-concurso-fotografico-ojo-de-pez-2021\/"]}]},{"@type":"ImageObject","inLanguage":"es-CL","@id":"https:\/\/dev.explora.cl\/rios\/una-semana-mas-para-participar-del-concurso-fotografico-ojo-de-pez-2021\/#primaryimage","url":"https:\/\/dev.explora.cl\/rios\/wp-content\/uploads\/sites\/16\/2021\/08\/A_172026133_3-Grande.jpg","contentUrl":"https:\/\/dev.explora.cl\/rios\/wp-content\/uploads\/sites\/16\/2021\/08\/A_172026133_3-Grande.jpg","width":1620,"height":1080},{"@type":"BreadcrumbList","@id":"https:\/\/dev.explora.cl\/rios\/una-semana-mas-para-participar-del-concurso-fotografico-ojo-de-pez-2021\/#breadcrumb","itemListElement":[{"@type":"ListItem","position":1,"name":"Portada","item":"https:\/\/dev.explora.cl\/rios\/"},{"@type":"ListItem","position":2,"name":"Una semana m\u00e1s para participar del Concurso Fotogr\u00e1fico Ojo de Pez 2021"}]},{"@type":"WebSite","@id":"https:\/\/dev.explora.cl\/rios\/#website","url":"https:\/\/dev.explora.cl\/rios\/","name":"Los R\u00edos","description":"Otro sitio m\u00e1s de dev.explora.cl","potentialAction":[{"@type":"SearchAction","target":{"@type":"EntryPoint","urlTemplate":"https:\/\/dev.explora.cl\/rios\/?s={search_term_string}"},"query-input":{"@type":"PropertyValueSpecification","valueRequired":true,"valueName":"search_term_string"}}],"inLanguage":"es-CL"},{"@type":"Person","@id":"https:\/\/dev.explora.cl\/rios\/#\/schema\/person\/279896208736d277e75690dde6cc1ea9","name":"smancilla","image":{"@type":"ImageObject","inLanguage":"es-CL","@id":"https:\/\/dev.explora.cl\/rios\/#\/schema\/person\/image\/","url":"https:\/\/secure.gravatar.com\/avatar\/a1c7f8b1dd453e8facadec2bf18354190c777b5556feaaadfa0f6a129ab9b015?s=96&d=mm&r=g","contentUrl":"https:\/\/secure.gravatar.com\/avatar\/a1c7f8b1dd453e8facadec2bf18354190c777b5556feaaadfa0f6a129ab9b015?s=96&d=mm&r=g","caption":"smancilla"},"url":"https:\/\/dev.explora.cl\/rios\/author\/smancilla\/"}]}},"_links":{"self":[{"href":"https:\/\/dev.explora.cl\/rios\/wp-json\/wp\/v2\/posts\/40122","targetHints":{"allow":["GET"]}}],"collection":[{"href":"https:\/\/dev.explora.cl\/rios\/wp-json\/wp\/v2\/posts"}],"about":[{"href":"https:\/\/dev.explora.cl\/rios\/wp-json\/wp\/v2\/types\/post"}],"author":[{"embeddable":true,"href":"https:\/\/dev.explora.cl\/rios\/wp-json\/wp\/v2\/users\/31"}],"replies":[{"embeddable":true,"href":"https:\/\/dev.explora.cl\/rios\/wp-json\/wp\/v2\/comments?post=40122"}],"version-history":[{"count":3,"href":"https:\/\/dev.explora.cl\/rios\/wp-json\/wp\/v2\/posts\/40122\/revisions"}],"predecessor-version":[{"id":40127,"href":"https:\/\/dev.explora.cl\/rios\/wp-json\/wp\/v2\/posts\/40122\/revisions\/40127"}],"wp:featuredmedia":[{"embeddable":true,"href":"https:\/\/dev.explora.cl\/rios\/wp-json\/wp\/v2\/media\/40123"}],"wp:attachment":[{"href":"https:\/\/dev.explora.cl\/rios\/wp-json\/wp\/v2\/media?parent=40122"}],"wp:term":[{"taxonomy":"category","embeddable":true,"href":"https:\/\/dev.explora.cl\/rios\/wp-json\/wp\/v2\/categories?post=40122"},{"taxonomy":"post_tag","embeddable":true,"href":"https:\/\/dev.explora.cl\/rios\/wp-json\/wp\/v2\/tags?post=40122"}],"curies":[{"name":"wp","href":"https:\/\/api.w.org\/{rel}","templated":true}]}}