{"id":40110,"date":"2021-07-26T16:14:36","date_gmt":"2021-07-26T20:14:36","guid":{"rendered":"https:\/\/dev.explora.cl\/rios\/?p=40110"},"modified":"2021-09-14T10:45:02","modified_gmt":"2021-09-14T13:45:02","slug":"proyecto-explora-los-rios-preparo-a-docentes-de-la-region-para-hacer-investigacion-cientifica","status":"publish","type":"post","link":"https:\/\/dev.explora.cl\/rios\/proyecto-explora-los-rios-preparo-a-docentes-de-la-region-para-hacer-investigacion-cientifica\/","title":{"rendered":"Proyecto Explora Los R\u00edos prepar\u00f3 a docentes de la regi\u00f3n para hacer investigaci\u00f3n cient\u00edfica"},"content":{"rendered":"<p>[vc_row][vc_column][vc_row_inner][vc_column_inner width=&#8221;2\/3&#8243;][vc_custom_heading text=&#8221;En vacaciones de invierno y de forma remota se llevaron a cabo los talleres de la Academia Docente que prepar\u00f3 el Proyecto Explora Los R\u00edos del Ministerio de Ciencia.&#8221; font_container=&#8221;tag:h3|text_align:left&#8221;][\/vc_column_inner][vc_column_inner width=&#8221;1\/3&#8243;][\/vc_column_inner][\/vc_row_inner][vc_column_text]Con la participaci\u00f3n de 20 entusiastas docentes de toda la regi\u00f3n se desarrollaron los talleres del Proyecto Explora Los R\u00edos del Ministerio de Ciencia, Tecnolog\u00eda, Conocimiento e Innovaci\u00f3n, entre el 20 y 23 de julio.<\/p>\n<p>Los talleres remotos de Ciencias Naturales y Ciencias Sociales tuvieron como objetivo entregar herramientas pedag\u00f3gicas para ejecutar investigaciones cient\u00edficas junto a estudiantes de educaci\u00f3n b\u00e1sica y media. Con ello, se espera que este grupo de docentes de las comunas de R\u00edo Bueno, Los Lagos, Lanco, Panguipulli, M\u00e1fil, Paillaco y Valdivia, participen posteriormente de las iniciativas de ciencia escolar del Programa Explora.<\/p>\n<p>Con sesiones en dos d\u00edas por taller, los relatores Wara Marcelo, especialista en la metodolog\u00eda del ciclo de indagaci\u00f3n y Yerko Monje Hern\u00e1ndez, director de la Escuela de Historia y Ciencias Sociales de la Universidad Austral de Chile, hicieron reflexionar a los asistentes en la utilidad de la investigaci\u00f3n cient\u00edfica en la edad escolar y las posibilidades del trabajo interdisciplinar en la escuela.<\/p>\n<p>Ambas \u00e1reas utilizaron como herramienta educativa el ciclo de indagaci\u00f3n, que integra y aplica los pasos del m\u00e9todo cient\u00edfico de una forma simplificada pero rigurosa, permitiendo desarrollar una estrategia que acerca a los ni\u00f1os y ni\u00f1as al proceso investigativo. Complementando el curr\u00edculo escolar en aspectos como aprendizaje auto-guiado y situado, el pensamiento cr\u00edtico, la capacidad reflexiva, la valoraci\u00f3n del error como fuente de conocimiento, y el trabajo en equipo.<\/p>\n<p>El Proyecto Explora Los R\u00edos busca con este tipo de actividades incentivar la participaci\u00f3n de docentes y equipos escolares en el desarrollo de investigaci\u00f3n cient\u00edfica o innovaci\u00f3n escolar. Con miras al Congreso Regional Escolar de Ciencia, Tecnolog\u00eda e Innovaci\u00f3n, as\u00ed como las postulaciones a los Cupos Explora UNESCO para la educaci\u00f3n superior.[\/vc_column_text][\/vc_column][\/vc_row][vc_row css=&#8221;.vc_custom_1614888019520{border-top-width: 1px !important;border-top-color: #b6b6b6 !important;border-top-style: solid !important;}&#8221;][vc_column][vc_column_text]<\/p>\n<p style=\"text-align: center;font-size: 0.9em;color: #b6b6b6\"><a href=\"https:\/\/dev.explora.cl\/rios\/protocolo\">Revisa nuestro Protocolo para Trabajo con Ni\u00f1os, Ni\u00f1as y Adolescentes<\/a><\/p>\n<p>[\/vc_column_text][\/vc_column][\/vc_row]<\/p>\n","protected":false},"excerpt":{"rendered":"<p>En vacaciones de invierno y de forma remota se llevaron a cabo los talleres de la Academia Docente que prepar\u00f3 el Proyecto Explora Los R\u00edos del Ministerio de Ciencia.<\/p>\n","protected":false},"author":31,"featured_media":40111,"comment_status":"open","ping_status":"open","sticky":false,"template":"","format":"standard","meta":{"_acf_changed":false,"_exactmetrics_skip_tracking":false,"_exactmetrics_sitenote_active":false,"_exactmetrics_sitenote_note":"","_exactmetrics_sitenote_category":0,"footnotes":"","_links_to":"","_links_to_target":""},"categories":[4],"tags":[235,415,414,413,189],"class_list":["post-40110","post","type-post","status-publish","format-standard","has-post-thumbnail","hentry","category-noticias","tag-capacitacion","tag-ciclo-de-indagacion","tag-ciencia-sociales","tag-ciencias-naturales","tag-taller-docente"],"acf":[],"yoast_head":"<!-- This site is optimized with the Yoast SEO plugin v26.7 - https:\/\/yoast.com\/wordpress\/plugins\/seo\/ -->\n<title>Proyecto Explora Los R\u00edos prepar\u00f3 a docentes de la regi\u00f3n para hacer investigaci\u00f3n cient\u00edfica - Los R\u00edos<\/title>\n<meta name=\"robots\" content=\"index, follow, max-snippet:-1, max-image-preview:large, max-video-preview:-1\" \/>\n<link rel=\"canonical\" href=\"https:\/\/dev.explora.cl\/rios\/proyecto-explora-los-rios-preparo-a-docentes-de-la-region-para-hacer-investigacion-cientifica\/\" class=\"yoast-seo-meta-tag\" \/>\n<meta property=\"og:locale\" content=\"es_ES\" class=\"yoast-seo-meta-tag\" \/>\n<meta property=\"og:type\" content=\"article\" class=\"yoast-seo-meta-tag\" \/>\n<meta property=\"og:title\" content=\"Proyecto Explora Los R\u00edos prepar\u00f3 a docentes de la regi\u00f3n para hacer investigaci\u00f3n cient\u00edfica - Los R\u00edos\" class=\"yoast-seo-meta-tag\" \/>\n<meta property=\"og:description\" content=\"En vacaciones de invierno y de forma remota se llevaron a cabo los talleres de la Academia Docente que prepar\u00f3 el Proyecto Explora Los R\u00edos del Ministerio de Ciencia.\" class=\"yoast-seo-meta-tag\" \/>\n<meta property=\"og:url\" content=\"https:\/\/dev.explora.cl\/rios\/proyecto-explora-los-rios-preparo-a-docentes-de-la-region-para-hacer-investigacion-cientifica\/\" class=\"yoast-seo-meta-tag\" \/>\n<meta property=\"og:site_name\" content=\"Los R\u00edos\" class=\"yoast-seo-meta-tag\" \/>\n<meta property=\"article:published_time\" content=\"2021-07-26T20:14:36+00:00\" class=\"yoast-seo-meta-tag\" \/>\n<meta property=\"article:modified_time\" content=\"2021-09-14T13:45:02+00:00\" class=\"yoast-seo-meta-tag\" \/>\n<meta property=\"og:image\" content=\"https:\/\/dev.explora.cl\/rios\/wp-content\/uploads\/sites\/16\/2021\/07\/Copia-de-academias.png\" class=\"yoast-seo-meta-tag\" \/>\n\t<meta property=\"og:image:width\" content=\"725\" class=\"yoast-seo-meta-tag\" \/>\n\t<meta property=\"og:image:height\" content=\"375\" class=\"yoast-seo-meta-tag\" \/>\n\t<meta property=\"og:image:type\" content=\"image\/png\" class=\"yoast-seo-meta-tag\" \/>\n<meta name=\"author\" content=\"smancilla\" class=\"yoast-seo-meta-tag\" \/>\n<meta name=\"twitter:card\" content=\"summary_large_image\" class=\"yoast-seo-meta-tag\" \/>\n<meta name=\"twitter:label1\" content=\"Escrito por\" class=\"yoast-seo-meta-tag\" \/>\n\t<meta name=\"twitter:data1\" content=\"smancilla\" class=\"yoast-seo-meta-tag\" \/>\n\t<meta name=\"twitter:label2\" content=\"Tiempo estimado de lectura\" class=\"yoast-seo-meta-tag\" \/>\n\t<meta name=\"twitter:data2\" content=\"2 minutos\" class=\"yoast-seo-meta-tag\" \/>\n<script type=\"application\/ld+json\" class=\"yoast-schema-graph\">{\"@context\":\"https:\/\/schema.org\",\"@graph\":[{\"@type\":\"Article\",\"@id\":\"https:\/\/dev.explora.cl\/rios\/proyecto-explora-los-rios-preparo-a-docentes-de-la-region-para-hacer-investigacion-cientifica\/#article\",\"isPartOf\":{\"@id\":\"https:\/\/dev.explora.cl\/rios\/proyecto-explora-los-rios-preparo-a-docentes-de-la-region-para-hacer-investigacion-cientifica\/\"},\"author\":{\"name\":\"smancilla\",\"@id\":\"https:\/\/dev.explora.cl\/rios\/#\/schema\/person\/279896208736d277e75690dde6cc1ea9\"},\"headline\":\"Proyecto Explora Los R\u00edos prepar\u00f3 a docentes de la regi\u00f3n para hacer investigaci\u00f3n cient\u00edfica\",\"datePublished\":\"2021-07-26T20:14:36+00:00\",\"dateModified\":\"2021-09-14T13:45:02+00:00\",\"mainEntityOfPage\":{\"@id\":\"https:\/\/dev.explora.cl\/rios\/proyecto-explora-los-rios-preparo-a-docentes-de-la-region-para-hacer-investigacion-cientifica\/\"},\"wordCount\":443,\"commentCount\":0,\"image\":{\"@id\":\"https:\/\/dev.explora.cl\/rios\/proyecto-explora-los-rios-preparo-a-docentes-de-la-region-para-hacer-investigacion-cientifica\/#primaryimage\"},\"thumbnailUrl\":\"https:\/\/dev.explora.cl\/rios\/wp-content\/uploads\/sites\/16\/2021\/07\/Copia-de-academias.png\",\"keywords\":[\"capacitaci\u00f3n\",\"ciclo de indagaci\u00f3n\",\"ciencia sociales\",\"ciencias naturales\",\"taller docente\"],\"articleSection\":[\"Noticias\"],\"inLanguage\":\"es-CL\",\"potentialAction\":[{\"@type\":\"CommentAction\",\"name\":\"Comment\",\"target\":[\"https:\/\/dev.explora.cl\/rios\/proyecto-explora-los-rios-preparo-a-docentes-de-la-region-para-hacer-investigacion-cientifica\/#respond\"]}]},{\"@type\":\"WebPage\",\"@id\":\"https:\/\/dev.explora.cl\/rios\/proyecto-explora-los-rios-preparo-a-docentes-de-la-region-para-hacer-investigacion-cientifica\/\",\"url\":\"https:\/\/dev.explora.cl\/rios\/proyecto-explora-los-rios-preparo-a-docentes-de-la-region-para-hacer-investigacion-cientifica\/\",\"name\":\"Proyecto Explora Los R\u00edos prepar\u00f3 a docentes de la regi\u00f3n para hacer investigaci\u00f3n cient\u00edfica - Los R\u00edos\",\"isPartOf\":{\"@id\":\"https:\/\/dev.explora.cl\/rios\/#website\"},\"primaryImageOfPage\":{\"@id\":\"https:\/\/dev.explora.cl\/rios\/proyecto-explora-los-rios-preparo-a-docentes-de-la-region-para-hacer-investigacion-cientifica\/#primaryimage\"},\"image\":{\"@id\":\"https:\/\/dev.explora.cl\/rios\/proyecto-explora-los-rios-preparo-a-docentes-de-la-region-para-hacer-investigacion-cientifica\/#primaryimage\"},\"thumbnailUrl\":\"https:\/\/dev.explora.cl\/rios\/wp-content\/uploads\/sites\/16\/2021\/07\/Copia-de-academias.png\",\"datePublished\":\"2021-07-26T20:14:36+00:00\",\"dateModified\":\"2021-09-14T13:45:02+00:00\",\"author\":{\"@id\":\"https:\/\/dev.explora.cl\/rios\/#\/schema\/person\/279896208736d277e75690dde6cc1ea9\"},\"breadcrumb\":{\"@id\":\"https:\/\/dev.explora.cl\/rios\/proyecto-explora-los-rios-preparo-a-docentes-de-la-region-para-hacer-investigacion-cientifica\/#breadcrumb\"},\"inLanguage\":\"es-CL\",\"potentialAction\":[{\"@type\":\"ReadAction\",\"target\":[\"https:\/\/dev.explora.cl\/rios\/proyecto-explora-los-rios-preparo-a-docentes-de-la-region-para-hacer-investigacion-cientifica\/\"]}]},{\"@type\":\"ImageObject\",\"inLanguage\":\"es-CL\",\"@id\":\"https:\/\/dev.explora.cl\/rios\/proyecto-explora-los-rios-preparo-a-docentes-de-la-region-para-hacer-investigacion-cientifica\/#primaryimage\",\"url\":\"https:\/\/dev.explora.cl\/rios\/wp-content\/uploads\/sites\/16\/2021\/07\/Copia-de-academias.png\",\"contentUrl\":\"https:\/\/dev.explora.cl\/rios\/wp-content\/uploads\/sites\/16\/2021\/07\/Copia-de-academias.png\",\"width\":725,\"height\":375},{\"@type\":\"BreadcrumbList\",\"@id\":\"https:\/\/dev.explora.cl\/rios\/proyecto-explora-los-rios-preparo-a-docentes-de-la-region-para-hacer-investigacion-cientifica\/#breadcrumb\",\"itemListElement\":[{\"@type\":\"ListItem\",\"position\":1,\"name\":\"Portada\",\"item\":\"https:\/\/dev.explora.cl\/rios\/\"},{\"@type\":\"ListItem\",\"position\":2,\"name\":\"Proyecto Explora Los R\u00edos prepar\u00f3 a docentes de la regi\u00f3n para hacer investigaci\u00f3n cient\u00edfica\"}]},{\"@type\":\"WebSite\",\"@id\":\"https:\/\/dev.explora.cl\/rios\/#website\",\"url\":\"https:\/\/dev.explora.cl\/rios\/\",\"name\":\"Los R\u00edos\",\"description\":\"Otro sitio m\u00e1s de dev.explora.cl\",\"potentialAction\":[{\"@type\":\"SearchAction\",\"target\":{\"@type\":\"EntryPoint\",\"urlTemplate\":\"https:\/\/dev.explora.cl\/rios\/?s={search_term_string}\"},\"query-input\":{\"@type\":\"PropertyValueSpecification\",\"valueRequired\":true,\"valueName\":\"search_term_string\"}}],\"inLanguage\":\"es-CL\"},{\"@type\":\"Person\",\"@id\":\"https:\/\/dev.explora.cl\/rios\/#\/schema\/person\/279896208736d277e75690dde6cc1ea9\",\"name\":\"smancilla\",\"image\":{\"@type\":\"ImageObject\",\"inLanguage\":\"es-CL\",\"@id\":\"https:\/\/dev.explora.cl\/rios\/#\/schema\/person\/image\/\",\"url\":\"https:\/\/secure.gravatar.com\/avatar\/a1c7f8b1dd453e8facadec2bf18354190c777b5556feaaadfa0f6a129ab9b015?s=96&d=mm&r=g\",\"contentUrl\":\"https:\/\/secure.gravatar.com\/avatar\/a1c7f8b1dd453e8facadec2bf18354190c777b5556feaaadfa0f6a129ab9b015?s=96&d=mm&r=g\",\"caption\":\"smancilla\"},\"url\":\"https:\/\/dev.explora.cl\/rios\/author\/smancilla\/\"}]}<\/script>\n<!-- \/ Yoast SEO plugin. -->","yoast_head_json":{"title":"Proyecto Explora Los R\u00edos prepar\u00f3 a docentes de la regi\u00f3n para hacer investigaci\u00f3n cient\u00edfica - Los R\u00edos","robots":{"index":"index","follow":"follow","max-snippet":"max-snippet:-1","max-image-preview":"max-image-preview:large","max-video-preview":"max-video-preview:-1"},"canonical":"https:\/\/dev.explora.cl\/rios\/proyecto-explora-los-rios-preparo-a-docentes-de-la-region-para-hacer-investigacion-cientifica\/","og_locale":"es_ES","og_type":"article","og_title":"Proyecto Explora Los R\u00edos prepar\u00f3 a docentes de la regi\u00f3n para hacer investigaci\u00f3n cient\u00edfica - Los R\u00edos","og_description":"En vacaciones de invierno y de forma remota se llevaron a cabo los talleres de la Academia Docente que prepar\u00f3 el Proyecto Explora Los R\u00edos del Ministerio de Ciencia.","og_url":"https:\/\/dev.explora.cl\/rios\/proyecto-explora-los-rios-preparo-a-docentes-de-la-region-para-hacer-investigacion-cientifica\/","og_site_name":"Los R\u00edos","article_published_time":"2021-07-26T20:14:36+00:00","article_modified_time":"2021-09-14T13:45:02+00:00","og_image":[{"width":725,"height":375,"url":"https:\/\/dev.explora.cl\/rios\/wp-content\/uploads\/sites\/16\/2021\/07\/Copia-de-academias.png","type":"image\/png"}],"author":"smancilla","twitter_card":"summary_large_image","twitter_misc":{"Escrito por":"smancilla","Tiempo estimado de lectura":"2 minutos"},"schema":{"@context":"https:\/\/schema.org","@graph":[{"@type":"Article","@id":"https:\/\/dev.explora.cl\/rios\/proyecto-explora-los-rios-preparo-a-docentes-de-la-region-para-hacer-investigacion-cientifica\/#article","isPartOf":{"@id":"https:\/\/dev.explora.cl\/rios\/proyecto-explora-los-rios-preparo-a-docentes-de-la-region-para-hacer-investigacion-cientifica\/"},"author":{"name":"smancilla","@id":"https:\/\/dev.explora.cl\/rios\/#\/schema\/person\/279896208736d277e75690dde6cc1ea9"},"headline":"Proyecto Explora Los R\u00edos prepar\u00f3 a docentes de la regi\u00f3n para hacer investigaci\u00f3n cient\u00edfica","datePublished":"2021-07-26T20:14:36+00:00","dateModified":"2021-09-14T13:45:02+00:00","mainEntityOfPage":{"@id":"https:\/\/dev.explora.cl\/rios\/proyecto-explora-los-rios-preparo-a-docentes-de-la-region-para-hacer-investigacion-cientifica\/"},"wordCount":443,"commentCount":0,"image":{"@id":"https:\/\/dev.explora.cl\/rios\/proyecto-explora-los-rios-preparo-a-docentes-de-la-region-para-hacer-investigacion-cientifica\/#primaryimage"},"thumbnailUrl":"https:\/\/dev.explora.cl\/rios\/wp-content\/uploads\/sites\/16\/2021\/07\/Copia-de-academias.png","keywords":["capacitaci\u00f3n","ciclo de indagaci\u00f3n","ciencia sociales","ciencias naturales","taller docente"],"articleSection":["Noticias"],"inLanguage":"es-CL","potentialAction":[{"@type":"CommentAction","name":"Comment","target":["https:\/\/dev.explora.cl\/rios\/proyecto-explora-los-rios-preparo-a-docentes-de-la-region-para-hacer-investigacion-cientifica\/#respond"]}]},{"@type":"WebPage","@id":"https:\/\/dev.explora.cl\/rios\/proyecto-explora-los-rios-preparo-a-docentes-de-la-region-para-hacer-investigacion-cientifica\/","url":"https:\/\/dev.explora.cl\/rios\/proyecto-explora-los-rios-preparo-a-docentes-de-la-region-para-hacer-investigacion-cientifica\/","name":"Proyecto Explora Los R\u00edos prepar\u00f3 a docentes de la regi\u00f3n para hacer investigaci\u00f3n cient\u00edfica - Los R\u00edos","isPartOf":{"@id":"https:\/\/dev.explora.cl\/rios\/#website"},"primaryImageOfPage":{"@id":"https:\/\/dev.explora.cl\/rios\/proyecto-explora-los-rios-preparo-a-docentes-de-la-region-para-hacer-investigacion-cientifica\/#primaryimage"},"image":{"@id":"https:\/\/dev.explora.cl\/rios\/proyecto-explora-los-rios-preparo-a-docentes-de-la-region-para-hacer-investigacion-cientifica\/#primaryimage"},"thumbnailUrl":"https:\/\/dev.explora.cl\/rios\/wp-content\/uploads\/sites\/16\/2021\/07\/Copia-de-academias.png","datePublished":"2021-07-26T20:14:36+00:00","dateModified":"2021-09-14T13:45:02+00:00","author":{"@id":"https:\/\/dev.explora.cl\/rios\/#\/schema\/person\/279896208736d277e75690dde6cc1ea9"},"breadcrumb":{"@id":"https:\/\/dev.explora.cl\/rios\/proyecto-explora-los-rios-preparo-a-docentes-de-la-region-para-hacer-investigacion-cientifica\/#breadcrumb"},"inLanguage":"es-CL","potentialAction":[{"@type":"ReadAction","target":["https:\/\/dev.explora.cl\/rios\/proyecto-explora-los-rios-preparo-a-docentes-de-la-region-para-hacer-investigacion-cientifica\/"]}]},{"@type":"ImageObject","inLanguage":"es-CL","@id":"https:\/\/dev.explora.cl\/rios\/proyecto-explora-los-rios-preparo-a-docentes-de-la-region-para-hacer-investigacion-cientifica\/#primaryimage","url":"https:\/\/dev.explora.cl\/rios\/wp-content\/uploads\/sites\/16\/2021\/07\/Copia-de-academias.png","contentUrl":"https:\/\/dev.explora.cl\/rios\/wp-content\/uploads\/sites\/16\/2021\/07\/Copia-de-academias.png","width":725,"height":375},{"@type":"BreadcrumbList","@id":"https:\/\/dev.explora.cl\/rios\/proyecto-explora-los-rios-preparo-a-docentes-de-la-region-para-hacer-investigacion-cientifica\/#breadcrumb","itemListElement":[{"@type":"ListItem","position":1,"name":"Portada","item":"https:\/\/dev.explora.cl\/rios\/"},{"@type":"ListItem","position":2,"name":"Proyecto Explora Los R\u00edos prepar\u00f3 a docentes de la regi\u00f3n para hacer investigaci\u00f3n cient\u00edfica"}]},{"@type":"WebSite","@id":"https:\/\/dev.explora.cl\/rios\/#website","url":"https:\/\/dev.explora.cl\/rios\/","name":"Los R\u00edos","description":"Otro sitio m\u00e1s de dev.explora.cl","potentialAction":[{"@type":"SearchAction","target":{"@type":"EntryPoint","urlTemplate":"https:\/\/dev.explora.cl\/rios\/?s={search_term_string}"},"query-input":{"@type":"PropertyValueSpecification","valueRequired":true,"valueName":"search_term_string"}}],"inLanguage":"es-CL"},{"@type":"Person","@id":"https:\/\/dev.explora.cl\/rios\/#\/schema\/person\/279896208736d277e75690dde6cc1ea9","name":"smancilla","image":{"@type":"ImageObject","inLanguage":"es-CL","@id":"https:\/\/dev.explora.cl\/rios\/#\/schema\/person\/image\/","url":"https:\/\/secure.gravatar.com\/avatar\/a1c7f8b1dd453e8facadec2bf18354190c777b5556feaaadfa0f6a129ab9b015?s=96&d=mm&r=g","contentUrl":"https:\/\/secure.gravatar.com\/avatar\/a1c7f8b1dd453e8facadec2bf18354190c777b5556feaaadfa0f6a129ab9b015?s=96&d=mm&r=g","caption":"smancilla"},"url":"https:\/\/dev.explora.cl\/rios\/author\/smancilla\/"}]}},"_links":{"self":[{"href":"https:\/\/dev.explora.cl\/rios\/wp-json\/wp\/v2\/posts\/40110","targetHints":{"allow":["GET"]}}],"collection":[{"href":"https:\/\/dev.explora.cl\/rios\/wp-json\/wp\/v2\/posts"}],"about":[{"href":"https:\/\/dev.explora.cl\/rios\/wp-json\/wp\/v2\/types\/post"}],"author":[{"embeddable":true,"href":"https:\/\/dev.explora.cl\/rios\/wp-json\/wp\/v2\/users\/31"}],"replies":[{"embeddable":true,"href":"https:\/\/dev.explora.cl\/rios\/wp-json\/wp\/v2\/comments?post=40110"}],"version-history":[{"count":1,"href":"https:\/\/dev.explora.cl\/rios\/wp-json\/wp\/v2\/posts\/40110\/revisions"}],"predecessor-version":[{"id":40112,"href":"https:\/\/dev.explora.cl\/rios\/wp-json\/wp\/v2\/posts\/40110\/revisions\/40112"}],"wp:featuredmedia":[{"embeddable":true,"href":"https:\/\/dev.explora.cl\/rios\/wp-json\/wp\/v2\/media\/40111"}],"wp:attachment":[{"href":"https:\/\/dev.explora.cl\/rios\/wp-json\/wp\/v2\/media?parent=40110"}],"wp:term":[{"taxonomy":"category","embeddable":true,"href":"https:\/\/dev.explora.cl\/rios\/wp-json\/wp\/v2\/categories?post=40110"},{"taxonomy":"post_tag","embeddable":true,"href":"https:\/\/dev.explora.cl\/rios\/wp-json\/wp\/v2\/tags?post=40110"}],"curies":[{"name":"wp","href":"https:\/\/api.w.org\/{rel}","templated":true}]}}