{"id":40094,"date":"2021-07-15T12:19:28","date_gmt":"2021-07-15T16:19:28","guid":{"rendered":"https:\/\/dev.explora.cl\/rios\/?p=40094"},"modified":"2021-09-02T10:58:00","modified_gmt":"2021-09-02T14:58:00","slug":"invitan-a-conocer-libro-de-poesia-y-ciencia-que-reune-especies-acuaticas-y-paisajes-de-chile","status":"publish","type":"post","link":"https:\/\/dev.explora.cl\/rios\/invitan-a-conocer-libro-de-poesia-y-ciencia-que-reune-especies-acuaticas-y-paisajes-de-chile\/","title":{"rendered":"Invitan a conocer libro de poes\u00eda y ciencia que re\u00fane especies acu\u00e1ticas y paisajes de Chile"},"content":{"rendered":"<p>[vc_row][vc_column][vc_row_inner][vc_column_inner width=&#8221;2\/3&#8243;][vc_custom_heading text=&#8221;El libro D\u00e9cimas Marinas se puso a disposici\u00f3n su versi\u00f3n digital para ser descargada desde el sitio dev.explora.cl\/rios\/decimasmarinas y estar\u00e1 disponible en todas las bibliotecas del pa\u00eds.&#8221; font_container=&#8221;tag:h3|text_align:left&#8221;][\/vc_column_inner][vc_column_inner width=&#8221;1\/3&#8243;][vc_btn title=&#8221;Descargar Libro&#8221; style=&#8221;custom&#8221; custom_background=&#8221;#81d742&#8243; custom_text=&#8221;#ffffff&#8221; size=&#8221;lg&#8221; align=&#8221;center&#8221; i_align=&#8221;right&#8221; i_icon_fontawesome=&#8221;fa fa-arrow-circle-right&#8221; button_block=&#8221;true&#8221; add_icon=&#8221;true&#8221; link=&#8221;url:https%3A%2F%2Fdev.explora.cl%2Frios%2Fdecimasmarinas|||&#8221;][\/vc_column_inner][\/vc_row_inner][vc_column_text]Este mi\u00e9rcoles 14 de julio se lanz\u00f3 el libro D\u00e9cimas Marinas un libro de poes\u00eda y ciencia que re\u00fane 50 especies y paisajes acu\u00e1ticos de Chile en una colecci\u00f3n de poes\u00eda e ilustraciones bajo la autor\u00eda de Ronnie Reyes Arriagada y Roberto Matamala Elorz, con las ilustraciones de Isabel Guerrero Schiappacasse, Valentina C\u00e1ceres Zavala y Sim\u00f3n Catal\u00e1n Molina.<\/p>\n<p>El lanzamiento se desarroll\u00f3 a trav\u00e9s del ciclo Ciencia Abierta del Proyecto Explora Los R\u00edos en vivo con sus autores donde interactuaron con el p\u00fablico y comentaron sobre la creaci\u00f3n del proyecto financiado por el Ministerio de Ciencia, Tecnolog\u00eda, Conocimiento e Innovaci\u00f3n a trav\u00e9s de subsidio directo para el desarrollo de proyectos, actividades y\/o productos de divulgaci\u00f3n y socializaci\u00f3n del conocimiento dentro y fuera del sistema educativo.<\/p>\n<p>El cruce de ciencia, literatura e ilustraci\u00f3n fue el foco de la actividad, donde las im\u00e1genes presentadas por el Concurso fotogr\u00e1fico Ojo de Pez fueron la inspiraci\u00f3n para escribir las d\u00e9cimas y posteriormente plasmar las ilustraciones en sus p\u00e1ginas.<\/p>\n<p>El Dr. Ronnie Reyes Arriagada explic\u00f3 que \u201cempezamos a jugar con la idea de transmitir conocimientos cient\u00edficos, en particular desde donde tenga m\u00e1s experticia que es la biolog\u00eda marina, nos pusimos en la tarea de explorar en un lenguaje po\u00e9tico tratando de quebrar el formato tradicional de gu\u00edas de campo o libros m\u00e1s tradicionales\u201d.<\/p>\n<p>Esa exploraci\u00f3n llev\u00f3 al equipo a elegir las d\u00e9cimas, formato tradicional en la cultura literaria latinoamericana, as\u00ed lo explic\u00f3 el Dr. Roberto Matamala en su intervenci\u00f3n durante el lanzamiento. \u201cQuiz\u00e1s como en ninguna otra parte de Latinoam\u00e9rica arraig\u00f3 tanto como en Chile (\u2026) su especial formato parece que le viene como anillo al dedo a poetas populares. La d\u00e9cima es escrita en versos octos\u00edlabos que es el verso m\u00e1s popular de todos\u201d indic\u00f3.<\/p>\n<p>Una vez que la poes\u00eda fue escrita era el momento de que el equipo de ilustradores distribuyera los colores de los versos en las p\u00e1ginas. \u201cLe dimos un orden, un ritmo de lectura y coordinar la realizaci\u00f3n de las 50 ilustraciones que conforman el libro (\u2026) fui pensando como representar cada especie como complementar de la mejor manera la d\u00e9cima sin ser reiterativa, aportando informaci\u00f3n sobre la especie, su comportamiento y su h\u00e1bitat\u201d se\u00f1al\u00f3 Isabel Guerrero, una de las ilustradoras que se hizo presente en el lanzamiento.<\/p>\n<p>La positiva reacci\u00f3n del p\u00fablico, a trav\u00e9s de comentarios en Facebook y YouTube se ve reflejada en la cantidad de descargas digitales del libro. D\u00e9cimas Marinas se puede descargar gratuitamente y ser\u00e1 entregado a las bibliotecas p\u00fablicas de todo el pa\u00eds.<\/p>\n<p>La distribuci\u00f3n del libro se realiza gracias a la colaboraci\u00f3n del Servicio Nacional del Patrimonio Cultural del Ministerio de las Culturas, las Artes y el Patrimonio a trav\u00e9s del Sistema Nacional de Bibliotecas P\u00fablicas, Secretar\u00eda Regional Ministerial de Educaci\u00f3n Regi\u00f3n de Los R\u00edos, Instituto Ant\u00e1rtico Chileno, Proyecto Explora Los R\u00edos, Proyecto Explora Los Lagos y Proyecto Explora Ays\u00e9n del Ministerio de Ciencia, Tecnolog\u00eda, Conocimiento e Innovaci\u00f3n, Fundaci\u00f3n Oceana, Fundaci\u00f3n Acci\u00f3n Cousteau, Fundaci\u00f3n Ocean\u00f3sfera, Fundaci\u00f3n Expedici\u00f3n Batiscafo y WWF Chile.<\/p>\n<p><strong>Talleres<\/strong><\/p>\n<p>El pr\u00f3ximo martes 20 y mi\u00e9rcoles 21 de julio se desarrollar\u00e1n talleres titulados \u201cPoes\u00eda, Ilustraci\u00f3n y Comunicaci\u00f3n de las Ciencias: Herramientas para p\u00fablicos diversos\u201d especialmente pensados en el personal encargado de bibliotecas p\u00fablicas y de establecimientos educacionales (20 de julio), as\u00ed como investigadores que deseen conocer sobre comunicaci\u00f3n cient\u00edfica (21 de julio). Las inscripciones se pueden hacer en <a href=\"https:\/\/dev.explora.cl\/rios\/decimasmarinas\">dev.explora.cl\/rios\/decimasmarinas<\/a>.<\/p>\n<p>&nbsp;<\/p>\n<ul>\n<li>Video lanzamiento: <a href=\"https:\/\/www.youtube.com\/watch?v=fFgvHlMprxo\">https:\/\/www.youtube.com\/watch?v=fFgvHlMprxo<\/a><\/li>\n<\/ul>\n<p>[\/vc_column_text][\/vc_column][\/vc_row][vc_row css=&#8221;.vc_custom_1614888019520{border-top-width: 1px !important;border-top-color: #b6b6b6 !important;border-top-style: solid !important;}&#8221;][vc_column][vc_column_text]<\/p>\n<p style=\"text-align: center;font-size: 0.9em;color: #b6b6b6\"><a href=\"https:\/\/dev.explora.cl\/rios\/protocolo\">Revisa nuestro Protocolo para Trabajo con Ni\u00f1os, Ni\u00f1as y Adolescentes<\/a><\/p>\n<p>[\/vc_column_text][\/vc_column][\/vc_row]<\/p>\n","protected":false},"excerpt":{"rendered":"<p>El libro D\u00e9cimas Marinas se puso a disposici\u00f3n su versi\u00f3n digital para ser descargada desde el sitio dev.explora.cl\/rios\/decimasmarinas y estar\u00e1 disponible en todas las bibliotecas del pa\u00eds.<\/p>\n","protected":false},"author":31,"featured_media":40095,"comment_status":"open","ping_status":"open","sticky":false,"template":"","format":"standard","meta":{"_acf_changed":false,"_exactmetrics_skip_tracking":false,"_exactmetrics_sitenote_active":false,"_exactmetrics_sitenote_note":"","_exactmetrics_sitenote_category":0,"footnotes":"","_links_to":"","_links_to_target":""},"categories":[4],"tags":[411,412,382,397,212],"class_list":["post-40094","post","type-post","status-publish","format-standard","has-post-thumbnail","hentry","category-noticias","tag-decimas-marinas","tag-descarga","tag-lanzamiento","tag-libro","tag-talleres"],"acf":[],"yoast_head":"<!-- This site is optimized with the Yoast SEO plugin v26.7 - https:\/\/yoast.com\/wordpress\/plugins\/seo\/ -->\n<title>Invitan a conocer libro de poes\u00eda y ciencia que re\u00fane especies acu\u00e1ticas y paisajes de Chile - Los R\u00edos<\/title>\n<meta name=\"robots\" content=\"index, follow, max-snippet:-1, max-image-preview:large, max-video-preview:-1\" \/>\n<link rel=\"canonical\" href=\"https:\/\/dev.explora.cl\/rios\/invitan-a-conocer-libro-de-poesia-y-ciencia-que-reune-especies-acuaticas-y-paisajes-de-chile\/\" class=\"yoast-seo-meta-tag\" \/>\n<meta property=\"og:locale\" content=\"es_ES\" class=\"yoast-seo-meta-tag\" \/>\n<meta property=\"og:type\" content=\"article\" class=\"yoast-seo-meta-tag\" \/>\n<meta property=\"og:title\" content=\"Invitan a conocer libro de poes\u00eda y ciencia que re\u00fane especies acu\u00e1ticas y paisajes de Chile - Los R\u00edos\" class=\"yoast-seo-meta-tag\" \/>\n<meta property=\"og:description\" content=\"El libro D\u00e9cimas Marinas se puso a disposici\u00f3n su versi\u00f3n digital para ser descargada desde el sitio dev.explora.cl\/rios\/decimasmarinas y estar\u00e1 disponible en todas las bibliotecas del pa\u00eds.\" class=\"yoast-seo-meta-tag\" \/>\n<meta property=\"og:url\" content=\"https:\/\/dev.explora.cl\/rios\/invitan-a-conocer-libro-de-poesia-y-ciencia-que-reune-especies-acuaticas-y-paisajes-de-chile\/\" class=\"yoast-seo-meta-tag\" \/>\n<meta property=\"og:site_name\" content=\"Los R\u00edos\" class=\"yoast-seo-meta-tag\" \/>\n<meta property=\"article:published_time\" content=\"2021-07-15T16:19:28+00:00\" class=\"yoast-seo-meta-tag\" \/>\n<meta property=\"article:modified_time\" content=\"2021-09-02T14:58:00+00:00\" class=\"yoast-seo-meta-tag\" \/>\n<meta property=\"og:image\" content=\"https:\/\/dev.explora.cl\/rios\/wp-content\/uploads\/sites\/16\/2021\/07\/panel-lanzamiento.png\" class=\"yoast-seo-meta-tag\" \/>\n\t<meta property=\"og:image:width\" content=\"1366\" class=\"yoast-seo-meta-tag\" \/>\n\t<meta property=\"og:image:height\" content=\"768\" class=\"yoast-seo-meta-tag\" \/>\n\t<meta property=\"og:image:type\" content=\"image\/png\" class=\"yoast-seo-meta-tag\" \/>\n<meta name=\"author\" content=\"smancilla\" class=\"yoast-seo-meta-tag\" \/>\n<meta name=\"twitter:card\" content=\"summary_large_image\" class=\"yoast-seo-meta-tag\" \/>\n<meta name=\"twitter:label1\" content=\"Escrito por\" class=\"yoast-seo-meta-tag\" \/>\n\t<meta name=\"twitter:data1\" content=\"smancilla\" class=\"yoast-seo-meta-tag\" \/>\n\t<meta name=\"twitter:label2\" content=\"Tiempo estimado de lectura\" class=\"yoast-seo-meta-tag\" \/>\n\t<meta name=\"twitter:data2\" content=\"4 minutos\" class=\"yoast-seo-meta-tag\" \/>\n<script type=\"application\/ld+json\" class=\"yoast-schema-graph\">{\"@context\":\"https:\/\/schema.org\",\"@graph\":[{\"@type\":\"Article\",\"@id\":\"https:\/\/dev.explora.cl\/rios\/invitan-a-conocer-libro-de-poesia-y-ciencia-que-reune-especies-acuaticas-y-paisajes-de-chile\/#article\",\"isPartOf\":{\"@id\":\"https:\/\/dev.explora.cl\/rios\/invitan-a-conocer-libro-de-poesia-y-ciencia-que-reune-especies-acuaticas-y-paisajes-de-chile\/\"},\"author\":{\"name\":\"smancilla\",\"@id\":\"https:\/\/dev.explora.cl\/rios\/#\/schema\/person\/279896208736d277e75690dde6cc1ea9\"},\"headline\":\"Invitan a conocer libro de poes\u00eda y ciencia que re\u00fane especies acu\u00e1ticas y paisajes de Chile\",\"datePublished\":\"2021-07-15T16:19:28+00:00\",\"dateModified\":\"2021-09-02T14:58:00+00:00\",\"mainEntityOfPage\":{\"@id\":\"https:\/\/dev.explora.cl\/rios\/invitan-a-conocer-libro-de-poesia-y-ciencia-que-reune-especies-acuaticas-y-paisajes-de-chile\/\"},\"wordCount\":827,\"commentCount\":0,\"image\":{\"@id\":\"https:\/\/dev.explora.cl\/rios\/invitan-a-conocer-libro-de-poesia-y-ciencia-que-reune-especies-acuaticas-y-paisajes-de-chile\/#primaryimage\"},\"thumbnailUrl\":\"https:\/\/dev.explora.cl\/rios\/wp-content\/uploads\/sites\/16\/2021\/07\/panel-lanzamiento.png\",\"keywords\":[\"D\u00e9cimas Marinas\",\"descarga\",\"lanzamiento\",\"libro\",\"talleres\"],\"articleSection\":[\"Noticias\"],\"inLanguage\":\"es-CL\",\"potentialAction\":[{\"@type\":\"CommentAction\",\"name\":\"Comment\",\"target\":[\"https:\/\/dev.explora.cl\/rios\/invitan-a-conocer-libro-de-poesia-y-ciencia-que-reune-especies-acuaticas-y-paisajes-de-chile\/#respond\"]}]},{\"@type\":\"WebPage\",\"@id\":\"https:\/\/dev.explora.cl\/rios\/invitan-a-conocer-libro-de-poesia-y-ciencia-que-reune-especies-acuaticas-y-paisajes-de-chile\/\",\"url\":\"https:\/\/dev.explora.cl\/rios\/invitan-a-conocer-libro-de-poesia-y-ciencia-que-reune-especies-acuaticas-y-paisajes-de-chile\/\",\"name\":\"Invitan a conocer libro de poes\u00eda y ciencia que re\u00fane especies acu\u00e1ticas y paisajes de Chile - Los R\u00edos\",\"isPartOf\":{\"@id\":\"https:\/\/dev.explora.cl\/rios\/#website\"},\"primaryImageOfPage\":{\"@id\":\"https:\/\/dev.explora.cl\/rios\/invitan-a-conocer-libro-de-poesia-y-ciencia-que-reune-especies-acuaticas-y-paisajes-de-chile\/#primaryimage\"},\"image\":{\"@id\":\"https:\/\/dev.explora.cl\/rios\/invitan-a-conocer-libro-de-poesia-y-ciencia-que-reune-especies-acuaticas-y-paisajes-de-chile\/#primaryimage\"},\"thumbnailUrl\":\"https:\/\/dev.explora.cl\/rios\/wp-content\/uploads\/sites\/16\/2021\/07\/panel-lanzamiento.png\",\"datePublished\":\"2021-07-15T16:19:28+00:00\",\"dateModified\":\"2021-09-02T14:58:00+00:00\",\"author\":{\"@id\":\"https:\/\/dev.explora.cl\/rios\/#\/schema\/person\/279896208736d277e75690dde6cc1ea9\"},\"breadcrumb\":{\"@id\":\"https:\/\/dev.explora.cl\/rios\/invitan-a-conocer-libro-de-poesia-y-ciencia-que-reune-especies-acuaticas-y-paisajes-de-chile\/#breadcrumb\"},\"inLanguage\":\"es-CL\",\"potentialAction\":[{\"@type\":\"ReadAction\",\"target\":[\"https:\/\/dev.explora.cl\/rios\/invitan-a-conocer-libro-de-poesia-y-ciencia-que-reune-especies-acuaticas-y-paisajes-de-chile\/\"]}]},{\"@type\":\"ImageObject\",\"inLanguage\":\"es-CL\",\"@id\":\"https:\/\/dev.explora.cl\/rios\/invitan-a-conocer-libro-de-poesia-y-ciencia-que-reune-especies-acuaticas-y-paisajes-de-chile\/#primaryimage\",\"url\":\"https:\/\/dev.explora.cl\/rios\/wp-content\/uploads\/sites\/16\/2021\/07\/panel-lanzamiento.png\",\"contentUrl\":\"https:\/\/dev.explora.cl\/rios\/wp-content\/uploads\/sites\/16\/2021\/07\/panel-lanzamiento.png\",\"width\":1366,\"height\":768},{\"@type\":\"BreadcrumbList\",\"@id\":\"https:\/\/dev.explora.cl\/rios\/invitan-a-conocer-libro-de-poesia-y-ciencia-que-reune-especies-acuaticas-y-paisajes-de-chile\/#breadcrumb\",\"itemListElement\":[{\"@type\":\"ListItem\",\"position\":1,\"name\":\"Portada\",\"item\":\"https:\/\/dev.explora.cl\/rios\/\"},{\"@type\":\"ListItem\",\"position\":2,\"name\":\"Invitan a conocer libro de poes\u00eda y ciencia que re\u00fane especies acu\u00e1ticas y paisajes de Chile\"}]},{\"@type\":\"WebSite\",\"@id\":\"https:\/\/dev.explora.cl\/rios\/#website\",\"url\":\"https:\/\/dev.explora.cl\/rios\/\",\"name\":\"Los R\u00edos\",\"description\":\"Otro sitio m\u00e1s de dev.explora.cl\",\"potentialAction\":[{\"@type\":\"SearchAction\",\"target\":{\"@type\":\"EntryPoint\",\"urlTemplate\":\"https:\/\/dev.explora.cl\/rios\/?s={search_term_string}\"},\"query-input\":{\"@type\":\"PropertyValueSpecification\",\"valueRequired\":true,\"valueName\":\"search_term_string\"}}],\"inLanguage\":\"es-CL\"},{\"@type\":\"Person\",\"@id\":\"https:\/\/dev.explora.cl\/rios\/#\/schema\/person\/279896208736d277e75690dde6cc1ea9\",\"name\":\"smancilla\",\"image\":{\"@type\":\"ImageObject\",\"inLanguage\":\"es-CL\",\"@id\":\"https:\/\/dev.explora.cl\/rios\/#\/schema\/person\/image\/\",\"url\":\"https:\/\/secure.gravatar.com\/avatar\/a1c7f8b1dd453e8facadec2bf18354190c777b5556feaaadfa0f6a129ab9b015?s=96&d=mm&r=g\",\"contentUrl\":\"https:\/\/secure.gravatar.com\/avatar\/a1c7f8b1dd453e8facadec2bf18354190c777b5556feaaadfa0f6a129ab9b015?s=96&d=mm&r=g\",\"caption\":\"smancilla\"},\"url\":\"https:\/\/dev.explora.cl\/rios\/author\/smancilla\/\"}]}<\/script>\n<!-- \/ Yoast SEO plugin. -->","yoast_head_json":{"title":"Invitan a conocer libro de poes\u00eda y ciencia que re\u00fane especies acu\u00e1ticas y paisajes de Chile - Los R\u00edos","robots":{"index":"index","follow":"follow","max-snippet":"max-snippet:-1","max-image-preview":"max-image-preview:large","max-video-preview":"max-video-preview:-1"},"canonical":"https:\/\/dev.explora.cl\/rios\/invitan-a-conocer-libro-de-poesia-y-ciencia-que-reune-especies-acuaticas-y-paisajes-de-chile\/","og_locale":"es_ES","og_type":"article","og_title":"Invitan a conocer libro de poes\u00eda y ciencia que re\u00fane especies acu\u00e1ticas y paisajes de Chile - Los R\u00edos","og_description":"El libro D\u00e9cimas Marinas se puso a disposici\u00f3n su versi\u00f3n digital para ser descargada desde el sitio dev.explora.cl\/rios\/decimasmarinas y estar\u00e1 disponible en todas las bibliotecas del pa\u00eds.","og_url":"https:\/\/dev.explora.cl\/rios\/invitan-a-conocer-libro-de-poesia-y-ciencia-que-reune-especies-acuaticas-y-paisajes-de-chile\/","og_site_name":"Los R\u00edos","article_published_time":"2021-07-15T16:19:28+00:00","article_modified_time":"2021-09-02T14:58:00+00:00","og_image":[{"width":1366,"height":768,"url":"https:\/\/dev.explora.cl\/rios\/wp-content\/uploads\/sites\/16\/2021\/07\/panel-lanzamiento.png","type":"image\/png"}],"author":"smancilla","twitter_card":"summary_large_image","twitter_misc":{"Escrito por":"smancilla","Tiempo estimado de lectura":"4 minutos"},"schema":{"@context":"https:\/\/schema.org","@graph":[{"@type":"Article","@id":"https:\/\/dev.explora.cl\/rios\/invitan-a-conocer-libro-de-poesia-y-ciencia-que-reune-especies-acuaticas-y-paisajes-de-chile\/#article","isPartOf":{"@id":"https:\/\/dev.explora.cl\/rios\/invitan-a-conocer-libro-de-poesia-y-ciencia-que-reune-especies-acuaticas-y-paisajes-de-chile\/"},"author":{"name":"smancilla","@id":"https:\/\/dev.explora.cl\/rios\/#\/schema\/person\/279896208736d277e75690dde6cc1ea9"},"headline":"Invitan a conocer libro de poes\u00eda y ciencia que re\u00fane especies acu\u00e1ticas y paisajes de Chile","datePublished":"2021-07-15T16:19:28+00:00","dateModified":"2021-09-02T14:58:00+00:00","mainEntityOfPage":{"@id":"https:\/\/dev.explora.cl\/rios\/invitan-a-conocer-libro-de-poesia-y-ciencia-que-reune-especies-acuaticas-y-paisajes-de-chile\/"},"wordCount":827,"commentCount":0,"image":{"@id":"https:\/\/dev.explora.cl\/rios\/invitan-a-conocer-libro-de-poesia-y-ciencia-que-reune-especies-acuaticas-y-paisajes-de-chile\/#primaryimage"},"thumbnailUrl":"https:\/\/dev.explora.cl\/rios\/wp-content\/uploads\/sites\/16\/2021\/07\/panel-lanzamiento.png","keywords":["D\u00e9cimas Marinas","descarga","lanzamiento","libro","talleres"],"articleSection":["Noticias"],"inLanguage":"es-CL","potentialAction":[{"@type":"CommentAction","name":"Comment","target":["https:\/\/dev.explora.cl\/rios\/invitan-a-conocer-libro-de-poesia-y-ciencia-que-reune-especies-acuaticas-y-paisajes-de-chile\/#respond"]}]},{"@type":"WebPage","@id":"https:\/\/dev.explora.cl\/rios\/invitan-a-conocer-libro-de-poesia-y-ciencia-que-reune-especies-acuaticas-y-paisajes-de-chile\/","url":"https:\/\/dev.explora.cl\/rios\/invitan-a-conocer-libro-de-poesia-y-ciencia-que-reune-especies-acuaticas-y-paisajes-de-chile\/","name":"Invitan a conocer libro de poes\u00eda y ciencia que re\u00fane especies acu\u00e1ticas y paisajes de Chile - Los R\u00edos","isPartOf":{"@id":"https:\/\/dev.explora.cl\/rios\/#website"},"primaryImageOfPage":{"@id":"https:\/\/dev.explora.cl\/rios\/invitan-a-conocer-libro-de-poesia-y-ciencia-que-reune-especies-acuaticas-y-paisajes-de-chile\/#primaryimage"},"image":{"@id":"https:\/\/dev.explora.cl\/rios\/invitan-a-conocer-libro-de-poesia-y-ciencia-que-reune-especies-acuaticas-y-paisajes-de-chile\/#primaryimage"},"thumbnailUrl":"https:\/\/dev.explora.cl\/rios\/wp-content\/uploads\/sites\/16\/2021\/07\/panel-lanzamiento.png","datePublished":"2021-07-15T16:19:28+00:00","dateModified":"2021-09-02T14:58:00+00:00","author":{"@id":"https:\/\/dev.explora.cl\/rios\/#\/schema\/person\/279896208736d277e75690dde6cc1ea9"},"breadcrumb":{"@id":"https:\/\/dev.explora.cl\/rios\/invitan-a-conocer-libro-de-poesia-y-ciencia-que-reune-especies-acuaticas-y-paisajes-de-chile\/#breadcrumb"},"inLanguage":"es-CL","potentialAction":[{"@type":"ReadAction","target":["https:\/\/dev.explora.cl\/rios\/invitan-a-conocer-libro-de-poesia-y-ciencia-que-reune-especies-acuaticas-y-paisajes-de-chile\/"]}]},{"@type":"ImageObject","inLanguage":"es-CL","@id":"https:\/\/dev.explora.cl\/rios\/invitan-a-conocer-libro-de-poesia-y-ciencia-que-reune-especies-acuaticas-y-paisajes-de-chile\/#primaryimage","url":"https:\/\/dev.explora.cl\/rios\/wp-content\/uploads\/sites\/16\/2021\/07\/panel-lanzamiento.png","contentUrl":"https:\/\/dev.explora.cl\/rios\/wp-content\/uploads\/sites\/16\/2021\/07\/panel-lanzamiento.png","width":1366,"height":768},{"@type":"BreadcrumbList","@id":"https:\/\/dev.explora.cl\/rios\/invitan-a-conocer-libro-de-poesia-y-ciencia-que-reune-especies-acuaticas-y-paisajes-de-chile\/#breadcrumb","itemListElement":[{"@type":"ListItem","position":1,"name":"Portada","item":"https:\/\/dev.explora.cl\/rios\/"},{"@type":"ListItem","position":2,"name":"Invitan a conocer libro de poes\u00eda y ciencia que re\u00fane especies acu\u00e1ticas y paisajes de Chile"}]},{"@type":"WebSite","@id":"https:\/\/dev.explora.cl\/rios\/#website","url":"https:\/\/dev.explora.cl\/rios\/","name":"Los R\u00edos","description":"Otro sitio m\u00e1s de dev.explora.cl","potentialAction":[{"@type":"SearchAction","target":{"@type":"EntryPoint","urlTemplate":"https:\/\/dev.explora.cl\/rios\/?s={search_term_string}"},"query-input":{"@type":"PropertyValueSpecification","valueRequired":true,"valueName":"search_term_string"}}],"inLanguage":"es-CL"},{"@type":"Person","@id":"https:\/\/dev.explora.cl\/rios\/#\/schema\/person\/279896208736d277e75690dde6cc1ea9","name":"smancilla","image":{"@type":"ImageObject","inLanguage":"es-CL","@id":"https:\/\/dev.explora.cl\/rios\/#\/schema\/person\/image\/","url":"https:\/\/secure.gravatar.com\/avatar\/a1c7f8b1dd453e8facadec2bf18354190c777b5556feaaadfa0f6a129ab9b015?s=96&d=mm&r=g","contentUrl":"https:\/\/secure.gravatar.com\/avatar\/a1c7f8b1dd453e8facadec2bf18354190c777b5556feaaadfa0f6a129ab9b015?s=96&d=mm&r=g","caption":"smancilla"},"url":"https:\/\/dev.explora.cl\/rios\/author\/smancilla\/"}]}},"_links":{"self":[{"href":"https:\/\/dev.explora.cl\/rios\/wp-json\/wp\/v2\/posts\/40094","targetHints":{"allow":["GET"]}}],"collection":[{"href":"https:\/\/dev.explora.cl\/rios\/wp-json\/wp\/v2\/posts"}],"about":[{"href":"https:\/\/dev.explora.cl\/rios\/wp-json\/wp\/v2\/types\/post"}],"author":[{"embeddable":true,"href":"https:\/\/dev.explora.cl\/rios\/wp-json\/wp\/v2\/users\/31"}],"replies":[{"embeddable":true,"href":"https:\/\/dev.explora.cl\/rios\/wp-json\/wp\/v2\/comments?post=40094"}],"version-history":[{"count":1,"href":"https:\/\/dev.explora.cl\/rios\/wp-json\/wp\/v2\/posts\/40094\/revisions"}],"predecessor-version":[{"id":40096,"href":"https:\/\/dev.explora.cl\/rios\/wp-json\/wp\/v2\/posts\/40094\/revisions\/40096"}],"wp:featuredmedia":[{"embeddable":true,"href":"https:\/\/dev.explora.cl\/rios\/wp-json\/wp\/v2\/media\/40095"}],"wp:attachment":[{"href":"https:\/\/dev.explora.cl\/rios\/wp-json\/wp\/v2\/media?parent=40094"}],"wp:term":[{"taxonomy":"category","embeddable":true,"href":"https:\/\/dev.explora.cl\/rios\/wp-json\/wp\/v2\/categories?post=40094"},{"taxonomy":"post_tag","embeddable":true,"href":"https:\/\/dev.explora.cl\/rios\/wp-json\/wp\/v2\/tags?post=40094"}],"curies":[{"name":"wp","href":"https:\/\/api.w.org\/{rel}","templated":true}]}}