{"id":40068,"date":"2021-07-12T21:50:19","date_gmt":"2021-07-13T01:50:19","guid":{"rendered":"https:\/\/dev.explora.cl\/rios\/?p=40068"},"modified":"2021-08-03T16:47:20","modified_gmt":"2021-08-03T20:47:20","slug":"acadoc2021","status":"publish","type":"post","link":"https:\/\/dev.explora.cl\/rios\/acadoc2021\/","title":{"rendered":"Academias Docentes: talleres para profesores sobre ciencias naturales y ciencias sociales"},"content":{"rendered":"<p>[vc_row css=&#8221;.vc_custom_1626127520568{border-radius: 5px !important;}&#8221;][vc_column][vc_custom_heading text=&#8221;Curso de Investigaci\u00f3n en Artes y Humanidades&#8221; font_container=&#8221;tag:h2|text_align:left|color:%23ffffff&#8221; css=&#8221;.vc_custom_1628023586520{padding-top: 25px !important;padding-right: 25px !important;padding-bottom: 25px !important;padding-left: 25px !important;background-color: #0080ff !important;border-radius: 5px !important;}&#8221;][vc_column_text]<strong>Relator: <\/strong>Prof. Yerko Monje Hern\u00e1ndez. Acad\u00e9mico del Instituto de Historia y Ciencias Sociales, Director Escuela de Historia y Ciencias Sociales de la UACh.[\/vc_column_text][vc_column_text]<strong>Fecha y horario:<\/strong> 13 de agosto al 22 de octubre, Las sesiones se desarrollar\u00e1n los viernes cada15 d\u00edas seg\u00fan el calendario adjunto, en el horario de 16:00 a 18:00 hrs.<\/p>\n<p><strong>Cupos:<\/strong> 15 participantes<\/p>\n<p><strong>Modalidad:<\/strong> Remota (Zoom)<\/p>\n<p><strong>Cierre:<\/strong> 11 de agosto<\/p>\n<p>[\/vc_column_text][vc_column_text]<strong>Dirigido a:\u00a0<\/strong>Profesores y Profesoras de Artes, M\u00fasica, Lenguaje y Comunicaci\u00f3n, Historia y Ciencias Sociales de 7\u00b0 a 4\u00b0 a\u00f1o medio.[\/vc_column_text][vc_btn title=&#8221;Descargar Programa&#8221; style=&#8221;custom&#8221; custom_background=&#8221;#4ca5ff&#8221; custom_text=&#8221;#ffffff&#8221; size=&#8221;lg&#8221; align=&#8221;center&#8221; i_icon_fontawesome=&#8221;fa fa-file-pdf-o&#8221; button_block=&#8221;true&#8221; add_icon=&#8221;true&#8221; link=&#8221;url:https%3A%2F%2Fdev.explora.cl%2Frios%2Fwp-content%2Fuploads%2Fsites%2F16%2F2021%2F08%2FPROGRAMA-CURSO-INVESTIGACI%C3%93N-EN-ARTES-Y-HUMANIDADES.pdf|||&#8221;][vc_btn title=&#8221;Descargar Carta Compromiso&#8221; style=&#8221;custom&#8221; custom_background=&#8221;#4ca5ff&#8221; custom_text=&#8221;#ffffff&#8221; size=&#8221;lg&#8221; align=&#8221;center&#8221; i_icon_fontawesome=&#8221;fa fa-file-pdf-o&#8221; button_block=&#8221;true&#8221; add_icon=&#8221;true&#8221; link=&#8221;url:https%3A%2F%2Fdev.explora.cl%2Frios%2Fwp-content%2Fuploads%2Fsites%2F16%2F2021%2F08%2FCarta-de-compromiso-Director-a-y-Docente-Curso-Artes-y-Humanidades.doc|||&#8221;][vc_btn title=&#8221;Postular&#8221; style=&#8221;custom&#8221; custom_background=&#8221;#0080ff&#8221; custom_text=&#8221;#ffffff&#8221; size=&#8221;lg&#8221; align=&#8221;center&#8221; i_icon_fontawesome=&#8221;fa fa-external-link&#8221; button_block=&#8221;true&#8221; add_icon=&#8221;true&#8221; link=&#8221;url:https%3A%2F%2Fform.jotform.com%2F212136011516642|||&#8221;][vc_custom_heading text=&#8221;Taller de Indagaci\u00f3n y Herramientas para la ense\u00f1anza de la Historia y Ciencias Sociales en tiempos de Pandemia. El aprendizaje basado en problemas.&#8221; font_container=&#8221;tag:h2|text_align:left|color:%23ffffff&#8221; css=&#8221;.vc_custom_1626127646238{padding: 25px !important;background-color: #0080ff !important;border-radius: 5px !important;}&#8221;][vc_row_inner][vc_column_inner width=&#8221;1\/3&#8243;][vc_column_text]<strong>Dirigido a: <\/strong>Docentes de Historia, Geograf\u00eda y Ciencias Sociales, y Lenguaje y Comunicaci\u00f3n en Educaci\u00f3n B\u00e1sica y Media de la Regi\u00f3n de Los R\u00edos.[\/vc_column_text][\/vc_column_inner][vc_column_inner width=&#8221;1\/3&#8243;][vc_column_text]<strong>Fecha y horario:<\/strong> 20 y 21 de julio, 09 a 12 horas.<\/p>\n<p><strong>Cupos:<\/strong> 25 participantes<\/p>\n<p><strong>Modalidad:<\/strong> Remota (Zoom)<\/p>\n<p>[\/vc_column_text][\/vc_column_inner][vc_column_inner width=&#8221;1\/3&#8243;][vc_column_text]<strong>Relator: <\/strong>Prof. Yerko Monje Hern\u00e1ndez. Acad\u00e9mico del Instituto de Historia y Ciencias Sociales, Director Escuela de Historia y Ciencias Sociales de la UACh.[\/vc_column_text][\/vc_column_inner][\/vc_row_inner][vc_row_inner][vc_column_inner width=&#8221;1\/3&#8243;][\/vc_column_inner][vc_column_inner width=&#8221;1\/3&#8243;][\/vc_column_inner][vc_column_inner width=&#8221;1\/3&#8243;][\/vc_column_inner][\/vc_row_inner][vc_row_inner][vc_column_inner width=&#8221;1\/2&#8243;][vc_btn title=&#8221;Postular&#8221; style=&#8221;custom&#8221; custom_background=&#8221;#0080ff&#8221; custom_text=&#8221;#ffffff&#8221; size=&#8221;lg&#8221; align=&#8221;center&#8221; i_icon_fontawesome=&#8221;fa fa-external-link&#8221; button_block=&#8221;true&#8221; add_icon=&#8221;true&#8221; link=&#8221;url:https%3A%2F%2Fform.jotform.com%2F211924650291655|||&#8221;][\/vc_column_inner][vc_column_inner width=&#8221;1\/2&#8243;][vc_btn title=&#8221;Descargar Programa&#8221; style=&#8221;custom&#8221; custom_background=&#8221;#4ca5ff&#8221; custom_text=&#8221;#ffffff&#8221; size=&#8221;lg&#8221; align=&#8221;center&#8221; i_icon_fontawesome=&#8221;fa fa-file-pdf-o&#8221; button_block=&#8221;true&#8221; add_icon=&#8221;true&#8221; link=&#8221;url:https%3A%2F%2Fdev.explora.cl%2Frios%2Fwp-content%2Fuploads%2Fsites%2F16%2F2021%2F07%2FPrograma-Taller-Ciencias-Sociales-2021.pdf|||&#8221;][vc_btn title=&#8221;Cesi\u00f3n de imagen&#8221; style=&#8221;custom&#8221; custom_background=&#8221;#4ca5ff&#8221; custom_text=&#8221;#ffffff&#8221; size=&#8221;lg&#8221; align=&#8221;center&#8221; i_icon_fontawesome=&#8221;fa fa-file-pdf-o&#8221; button_block=&#8221;true&#8221; add_icon=&#8221;true&#8221; link=&#8221;url:https%3A%2F%2Fdev.explora.cl%2Frios%2Fwp-content%2Fuploads%2Fsites%2F16%2F2021%2F07%2FCESI%C3%93N-DE-DERECHOS-DE-USO-DE-IMAGEN-Y-VOZ-DOCENTES.docx|||&#8221;][\/vc_column_inner][\/vc_row_inner][\/vc_column][\/vc_row][vc_row css=&#8221;.vc_custom_1626127520568{border-radius: 5px !important;}&#8221;][vc_column][vc_column_text]<strong>Dirigido a: <\/strong>Docentes de Ciencias Naturales de Educaci\u00f3n B\u00e1sica de la regi\u00f3n de Los R\u00edos.[\/vc_column_text][vc_row_inner][vc_column_inner width=&#8221;1\/3&#8243;][vc_column_text]<strong>Dirigido a: <\/strong>Docentes de Ciencias Naturales de Educaci\u00f3n B\u00e1sica de la regi\u00f3n de Los R\u00edos.[\/vc_column_text][\/vc_column_inner][vc_column_inner width=&#8221;1\/3&#8243;][vc_column_text]<strong>Fecha y horario: <\/strong>13 de agosto al 22 de octubre de 2021<\/p>\n<p><strong>Cupos:<\/strong> 15 participantes<\/p>\n<p><strong>Modalidad:<\/strong> Remota (Zoom)[\/vc_column_text][\/vc_column_inner][\/vc_row_inner][vc_row_inner][vc_column_inner width=&#8221;1\/3&#8243;][\/vc_column_inner][\/vc_row_inner][vc_row_inner][vc_column_inner width=&#8221;1\/2&#8243;][vc_btn title=&#8221;Postular&#8221; style=&#8221;custom&#8221; custom_background=&#8221;#00c6a0&#8243; custom_text=&#8221;#ffffff&#8221; size=&#8221;lg&#8221; align=&#8221;center&#8221; i_icon_fontawesome=&#8221;fa fa-external-link&#8221; button_block=&#8221;true&#8221; add_icon=&#8221;true&#8221; link=&#8221;url:https%3A%2F%2Fform.jotform.com%2F211924650291655|||&#8221;][\/vc_column_inner][\/vc_row_inner][\/vc_column][\/vc_row]<\/p>\n","protected":false},"excerpt":{"rendered":"<p>Est\u00e1n abiertas las postulaciones para los talleres dirigidos a docentes sobre ciencias naturales y ciencias sociales.<\/p>\n","protected":false},"author":31,"featured_media":40077,"comment_status":"open","ping_status":"open","sticky":false,"template":"","format":"standard","meta":{"_acf_changed":false,"_exactmetrics_skip_tracking":false,"_exactmetrics_sitenote_active":false,"_exactmetrics_sitenote_note":"","_exactmetrics_sitenote_category":0,"footnotes":"","_links_to":"","_links_to_target":""},"categories":[151],"tags":[235,231,402,212],"class_list":["post-40068","post","type-post","status-publish","format-standard","has-post-thumbnail","hentry","category-banner","tag-capacitacion","tag-docentes","tag-investigacion-e-innovacion-escolar","tag-talleres"],"acf":[],"yoast_head":"<!-- This site is optimized with the Yoast SEO plugin v26.7 - https:\/\/yoast.com\/wordpress\/plugins\/seo\/ -->\n<title>Academias Docentes: talleres para profesores sobre ciencias naturales y ciencias sociales - Los R\u00edos<\/title>\n<meta name=\"robots\" content=\"index, follow, max-snippet:-1, max-image-preview:large, max-video-preview:-1\" \/>\n<link rel=\"canonical\" href=\"https:\/\/dev.explora.cl\/rios\/acadoc2021\/\" class=\"yoast-seo-meta-tag\" \/>\n<meta property=\"og:locale\" content=\"es_ES\" class=\"yoast-seo-meta-tag\" \/>\n<meta property=\"og:type\" content=\"article\" class=\"yoast-seo-meta-tag\" \/>\n<meta property=\"og:title\" content=\"Academias Docentes: talleres para profesores sobre ciencias naturales y ciencias sociales - Los R\u00edos\" class=\"yoast-seo-meta-tag\" \/>\n<meta property=\"og:description\" content=\"Est\u00e1n abiertas las postulaciones para los talleres dirigidos a docentes sobre ciencias naturales y ciencias sociales.\" class=\"yoast-seo-meta-tag\" \/>\n<meta property=\"og:url\" content=\"https:\/\/dev.explora.cl\/rios\/acadoc2021\/\" class=\"yoast-seo-meta-tag\" \/>\n<meta property=\"og:site_name\" content=\"Los R\u00edos\" class=\"yoast-seo-meta-tag\" \/>\n<meta property=\"article:published_time\" content=\"2021-07-13T01:50:19+00:00\" class=\"yoast-seo-meta-tag\" \/>\n<meta property=\"article:modified_time\" content=\"2021-08-03T20:47:20+00:00\" class=\"yoast-seo-meta-tag\" \/>\n<meta property=\"og:image\" content=\"https:\/\/dev.explora.cl\/rios\/wp-content\/uploads\/sites\/16\/2021\/07\/Copia-de-academias.gif\" class=\"yoast-seo-meta-tag\" \/>\n\t<meta property=\"og:image:width\" content=\"725\" class=\"yoast-seo-meta-tag\" \/>\n\t<meta property=\"og:image:height\" content=\"375\" class=\"yoast-seo-meta-tag\" \/>\n\t<meta property=\"og:image:type\" content=\"image\/gif\" class=\"yoast-seo-meta-tag\" \/>\n<meta name=\"author\" content=\"smancilla\" class=\"yoast-seo-meta-tag\" \/>\n<meta name=\"twitter:card\" content=\"summary_large_image\" class=\"yoast-seo-meta-tag\" \/>\n<meta name=\"twitter:label1\" content=\"Escrito por\" class=\"yoast-seo-meta-tag\" \/>\n\t<meta name=\"twitter:data1\" content=\"smancilla\" class=\"yoast-seo-meta-tag\" \/>\n\t<meta name=\"twitter:label2\" content=\"Tiempo estimado de lectura\" class=\"yoast-seo-meta-tag\" \/>\n\t<meta name=\"twitter:data2\" content=\"4 minutos\" class=\"yoast-seo-meta-tag\" \/>\n<script type=\"application\/ld+json\" class=\"yoast-schema-graph\">{\"@context\":\"https:\/\/schema.org\",\"@graph\":[{\"@type\":\"Article\",\"@id\":\"https:\/\/dev.explora.cl\/rios\/acadoc2021\/#article\",\"isPartOf\":{\"@id\":\"https:\/\/dev.explora.cl\/rios\/acadoc2021\/\"},\"author\":{\"name\":\"smancilla\",\"@id\":\"https:\/\/dev.explora.cl\/rios\/#\/schema\/person\/279896208736d277e75690dde6cc1ea9\"},\"headline\":\"Academias Docentes: talleres para profesores sobre ciencias naturales y ciencias sociales\",\"datePublished\":\"2021-07-13T01:50:19+00:00\",\"dateModified\":\"2021-08-03T20:47:20+00:00\",\"mainEntityOfPage\":{\"@id\":\"https:\/\/dev.explora.cl\/rios\/acadoc2021\/\"},\"wordCount\":809,\"commentCount\":0,\"image\":{\"@id\":\"https:\/\/dev.explora.cl\/rios\/acadoc2021\/#primaryimage\"},\"thumbnailUrl\":\"https:\/\/dev.explora.cl\/rios\/wp-content\/uploads\/sites\/16\/2021\/07\/Copia-de-academias.gif\",\"keywords\":[\"capacitaci\u00f3n\",\"docentes\",\"investigaci\u00f3n e innovaci\u00f3n escolar\",\"talleres\"],\"articleSection\":[\"Banner\"],\"inLanguage\":\"es-CL\",\"potentialAction\":[{\"@type\":\"CommentAction\",\"name\":\"Comment\",\"target\":[\"https:\/\/dev.explora.cl\/rios\/acadoc2021\/#respond\"]}]},{\"@type\":\"WebPage\",\"@id\":\"https:\/\/dev.explora.cl\/rios\/acadoc2021\/\",\"url\":\"https:\/\/dev.explora.cl\/rios\/acadoc2021\/\",\"name\":\"Academias Docentes: talleres para profesores sobre ciencias naturales y ciencias sociales - Los R\u00edos\",\"isPartOf\":{\"@id\":\"https:\/\/dev.explora.cl\/rios\/#website\"},\"primaryImageOfPage\":{\"@id\":\"https:\/\/dev.explora.cl\/rios\/acadoc2021\/#primaryimage\"},\"image\":{\"@id\":\"https:\/\/dev.explora.cl\/rios\/acadoc2021\/#primaryimage\"},\"thumbnailUrl\":\"https:\/\/dev.explora.cl\/rios\/wp-content\/uploads\/sites\/16\/2021\/07\/Copia-de-academias.gif\",\"datePublished\":\"2021-07-13T01:50:19+00:00\",\"dateModified\":\"2021-08-03T20:47:20+00:00\",\"author\":{\"@id\":\"https:\/\/dev.explora.cl\/rios\/#\/schema\/person\/279896208736d277e75690dde6cc1ea9\"},\"breadcrumb\":{\"@id\":\"https:\/\/dev.explora.cl\/rios\/acadoc2021\/#breadcrumb\"},\"inLanguage\":\"es-CL\",\"potentialAction\":[{\"@type\":\"ReadAction\",\"target\":[\"https:\/\/dev.explora.cl\/rios\/acadoc2021\/\"]}]},{\"@type\":\"ImageObject\",\"inLanguage\":\"es-CL\",\"@id\":\"https:\/\/dev.explora.cl\/rios\/acadoc2021\/#primaryimage\",\"url\":\"https:\/\/dev.explora.cl\/rios\/wp-content\/uploads\/sites\/16\/2021\/07\/Copia-de-academias.gif\",\"contentUrl\":\"https:\/\/dev.explora.cl\/rios\/wp-content\/uploads\/sites\/16\/2021\/07\/Copia-de-academias.gif\",\"width\":725,\"height\":375},{\"@type\":\"BreadcrumbList\",\"@id\":\"https:\/\/dev.explora.cl\/rios\/acadoc2021\/#breadcrumb\",\"itemListElement\":[{\"@type\":\"ListItem\",\"position\":1,\"name\":\"Portada\",\"item\":\"https:\/\/dev.explora.cl\/rios\/\"},{\"@type\":\"ListItem\",\"position\":2,\"name\":\"Academias Docentes: talleres para profesores sobre ciencias naturales y ciencias sociales\"}]},{\"@type\":\"WebSite\",\"@id\":\"https:\/\/dev.explora.cl\/rios\/#website\",\"url\":\"https:\/\/dev.explora.cl\/rios\/\",\"name\":\"Los R\u00edos\",\"description\":\"Otro sitio m\u00e1s de dev.explora.cl\",\"potentialAction\":[{\"@type\":\"SearchAction\",\"target\":{\"@type\":\"EntryPoint\",\"urlTemplate\":\"https:\/\/dev.explora.cl\/rios\/?s={search_term_string}\"},\"query-input\":{\"@type\":\"PropertyValueSpecification\",\"valueRequired\":true,\"valueName\":\"search_term_string\"}}],\"inLanguage\":\"es-CL\"},{\"@type\":\"Person\",\"@id\":\"https:\/\/dev.explora.cl\/rios\/#\/schema\/person\/279896208736d277e75690dde6cc1ea9\",\"name\":\"smancilla\",\"image\":{\"@type\":\"ImageObject\",\"inLanguage\":\"es-CL\",\"@id\":\"https:\/\/dev.explora.cl\/rios\/#\/schema\/person\/image\/\",\"url\":\"https:\/\/secure.gravatar.com\/avatar\/a1c7f8b1dd453e8facadec2bf18354190c777b5556feaaadfa0f6a129ab9b015?s=96&d=mm&r=g\",\"contentUrl\":\"https:\/\/secure.gravatar.com\/avatar\/a1c7f8b1dd453e8facadec2bf18354190c777b5556feaaadfa0f6a129ab9b015?s=96&d=mm&r=g\",\"caption\":\"smancilla\"},\"url\":\"https:\/\/dev.explora.cl\/rios\/author\/smancilla\/\"}]}<\/script>\n<!-- \/ Yoast SEO plugin. -->","yoast_head_json":{"title":"Academias Docentes: talleres para profesores sobre ciencias naturales y ciencias sociales - Los R\u00edos","robots":{"index":"index","follow":"follow","max-snippet":"max-snippet:-1","max-image-preview":"max-image-preview:large","max-video-preview":"max-video-preview:-1"},"canonical":"https:\/\/dev.explora.cl\/rios\/acadoc2021\/","og_locale":"es_ES","og_type":"article","og_title":"Academias Docentes: talleres para profesores sobre ciencias naturales y ciencias sociales - Los R\u00edos","og_description":"Est\u00e1n abiertas las postulaciones para los talleres dirigidos a docentes sobre ciencias naturales y ciencias sociales.","og_url":"https:\/\/dev.explora.cl\/rios\/acadoc2021\/","og_site_name":"Los R\u00edos","article_published_time":"2021-07-13T01:50:19+00:00","article_modified_time":"2021-08-03T20:47:20+00:00","og_image":[{"width":725,"height":375,"url":"https:\/\/dev.explora.cl\/rios\/wp-content\/uploads\/sites\/16\/2021\/07\/Copia-de-academias.gif","type":"image\/gif"}],"author":"smancilla","twitter_card":"summary_large_image","twitter_misc":{"Escrito por":"smancilla","Tiempo estimado de lectura":"4 minutos"},"schema":{"@context":"https:\/\/schema.org","@graph":[{"@type":"Article","@id":"https:\/\/dev.explora.cl\/rios\/acadoc2021\/#article","isPartOf":{"@id":"https:\/\/dev.explora.cl\/rios\/acadoc2021\/"},"author":{"name":"smancilla","@id":"https:\/\/dev.explora.cl\/rios\/#\/schema\/person\/279896208736d277e75690dde6cc1ea9"},"headline":"Academias Docentes: talleres para profesores sobre ciencias naturales y ciencias sociales","datePublished":"2021-07-13T01:50:19+00:00","dateModified":"2021-08-03T20:47:20+00:00","mainEntityOfPage":{"@id":"https:\/\/dev.explora.cl\/rios\/acadoc2021\/"},"wordCount":809,"commentCount":0,"image":{"@id":"https:\/\/dev.explora.cl\/rios\/acadoc2021\/#primaryimage"},"thumbnailUrl":"https:\/\/dev.explora.cl\/rios\/wp-content\/uploads\/sites\/16\/2021\/07\/Copia-de-academias.gif","keywords":["capacitaci\u00f3n","docentes","investigaci\u00f3n e innovaci\u00f3n escolar","talleres"],"articleSection":["Banner"],"inLanguage":"es-CL","potentialAction":[{"@type":"CommentAction","name":"Comment","target":["https:\/\/dev.explora.cl\/rios\/acadoc2021\/#respond"]}]},{"@type":"WebPage","@id":"https:\/\/dev.explora.cl\/rios\/acadoc2021\/","url":"https:\/\/dev.explora.cl\/rios\/acadoc2021\/","name":"Academias Docentes: talleres para profesores sobre ciencias naturales y ciencias sociales - Los R\u00edos","isPartOf":{"@id":"https:\/\/dev.explora.cl\/rios\/#website"},"primaryImageOfPage":{"@id":"https:\/\/dev.explora.cl\/rios\/acadoc2021\/#primaryimage"},"image":{"@id":"https:\/\/dev.explora.cl\/rios\/acadoc2021\/#primaryimage"},"thumbnailUrl":"https:\/\/dev.explora.cl\/rios\/wp-content\/uploads\/sites\/16\/2021\/07\/Copia-de-academias.gif","datePublished":"2021-07-13T01:50:19+00:00","dateModified":"2021-08-03T20:47:20+00:00","author":{"@id":"https:\/\/dev.explora.cl\/rios\/#\/schema\/person\/279896208736d277e75690dde6cc1ea9"},"breadcrumb":{"@id":"https:\/\/dev.explora.cl\/rios\/acadoc2021\/#breadcrumb"},"inLanguage":"es-CL","potentialAction":[{"@type":"ReadAction","target":["https:\/\/dev.explora.cl\/rios\/acadoc2021\/"]}]},{"@type":"ImageObject","inLanguage":"es-CL","@id":"https:\/\/dev.explora.cl\/rios\/acadoc2021\/#primaryimage","url":"https:\/\/dev.explora.cl\/rios\/wp-content\/uploads\/sites\/16\/2021\/07\/Copia-de-academias.gif","contentUrl":"https:\/\/dev.explora.cl\/rios\/wp-content\/uploads\/sites\/16\/2021\/07\/Copia-de-academias.gif","width":725,"height":375},{"@type":"BreadcrumbList","@id":"https:\/\/dev.explora.cl\/rios\/acadoc2021\/#breadcrumb","itemListElement":[{"@type":"ListItem","position":1,"name":"Portada","item":"https:\/\/dev.explora.cl\/rios\/"},{"@type":"ListItem","position":2,"name":"Academias Docentes: talleres para profesores sobre ciencias naturales y ciencias sociales"}]},{"@type":"WebSite","@id":"https:\/\/dev.explora.cl\/rios\/#website","url":"https:\/\/dev.explora.cl\/rios\/","name":"Los R\u00edos","description":"Otro sitio m\u00e1s de dev.explora.cl","potentialAction":[{"@type":"SearchAction","target":{"@type":"EntryPoint","urlTemplate":"https:\/\/dev.explora.cl\/rios\/?s={search_term_string}"},"query-input":{"@type":"PropertyValueSpecification","valueRequired":true,"valueName":"search_term_string"}}],"inLanguage":"es-CL"},{"@type":"Person","@id":"https:\/\/dev.explora.cl\/rios\/#\/schema\/person\/279896208736d277e75690dde6cc1ea9","name":"smancilla","image":{"@type":"ImageObject","inLanguage":"es-CL","@id":"https:\/\/dev.explora.cl\/rios\/#\/schema\/person\/image\/","url":"https:\/\/secure.gravatar.com\/avatar\/a1c7f8b1dd453e8facadec2bf18354190c777b5556feaaadfa0f6a129ab9b015?s=96&d=mm&r=g","contentUrl":"https:\/\/secure.gravatar.com\/avatar\/a1c7f8b1dd453e8facadec2bf18354190c777b5556feaaadfa0f6a129ab9b015?s=96&d=mm&r=g","caption":"smancilla"},"url":"https:\/\/dev.explora.cl\/rios\/author\/smancilla\/"}]}},"_links":{"self":[{"href":"https:\/\/dev.explora.cl\/rios\/wp-json\/wp\/v2\/posts\/40068","targetHints":{"allow":["GET"]}}],"collection":[{"href":"https:\/\/dev.explora.cl\/rios\/wp-json\/wp\/v2\/posts"}],"about":[{"href":"https:\/\/dev.explora.cl\/rios\/wp-json\/wp\/v2\/types\/post"}],"author":[{"embeddable":true,"href":"https:\/\/dev.explora.cl\/rios\/wp-json\/wp\/v2\/users\/31"}],"replies":[{"embeddable":true,"href":"https:\/\/dev.explora.cl\/rios\/wp-json\/wp\/v2\/comments?post=40068"}],"version-history":[{"count":17,"href":"https:\/\/dev.explora.cl\/rios\/wp-json\/wp\/v2\/posts\/40068\/revisions"}],"predecessor-version":[{"id":40121,"href":"https:\/\/dev.explora.cl\/rios\/wp-json\/wp\/v2\/posts\/40068\/revisions\/40121"}],"wp:featuredmedia":[{"embeddable":true,"href":"https:\/\/dev.explora.cl\/rios\/wp-json\/wp\/v2\/media\/40077"}],"wp:attachment":[{"href":"https:\/\/dev.explora.cl\/rios\/wp-json\/wp\/v2\/media?parent=40068"}],"wp:term":[{"taxonomy":"category","embeddable":true,"href":"https:\/\/dev.explora.cl\/rios\/wp-json\/wp\/v2\/categories?post=40068"},{"taxonomy":"post_tag","embeddable":true,"href":"https:\/\/dev.explora.cl\/rios\/wp-json\/wp\/v2\/tags?post=40068"}],"curies":[{"name":"wp","href":"https:\/\/api.w.org\/{rel}","templated":true}]}}