{"id":40043,"date":"2021-07-09T10:30:10","date_gmt":"2021-07-09T14:30:10","guid":{"rendered":"https:\/\/dev.explora.cl\/rios\/?p=40043"},"modified":"2021-08-31T11:38:51","modified_gmt":"2021-08-31T15:38:51","slug":"presentaran-libro-de-poesia-y-ciencia-durante-el-ciclo-de-charlas-de-explora","status":"publish","type":"post","link":"https:\/\/dev.explora.cl\/rios\/presentaran-libro-de-poesia-y-ciencia-durante-el-ciclo-de-charlas-de-explora\/","title":{"rendered":"Presentar\u00e1n libro de poes\u00eda y ciencia durante el ciclo de charlas de Explora"},"content":{"rendered":"<p>[vc_row][vc_column][vc_row_inner][vc_column_inner width=&#8221;2\/3&#8243;][vc_custom_heading text=&#8221;El libro retrata a trav\u00e9s de la poes\u00eda y la ilustraci\u00f3n a 50 especies y ambientes insulares en 130 p\u00e1ginas a todo color. Estar\u00e1 disponible en las bibliotecas p\u00fablicas del pa\u00eds.&#8221; font_container=&#8221;tag:h3|text_align:left&#8221;][\/vc_column_inner][vc_column_inner width=&#8221;1\/3&#8243;][vc_btn title=&#8221;Ir al evento&#8221; style=&#8221;custom&#8221; custom_background=&#8221;#81d742&#8243; custom_text=&#8221;#ffffff&#8221; size=&#8221;lg&#8221; align=&#8221;center&#8221; i_align=&#8221;right&#8221; i_icon_fontawesome=&#8221;fa fa-arrow-circle-right&#8221; button_block=&#8221;true&#8221; add_icon=&#8221;true&#8221; link=&#8221;url:https%3A%2F%2Fwww.facebook.com%2Fevents%2F539659517170703%2F|||&#8221;][\/vc_column_inner][\/vc_row_inner][vc_column_text]<\/p>\r\n\r\n<p>El mi\u00e9rcoles 14 de julio a las 18:00 horas se presentar\u00e1 el libro \u201cD\u00e9cimas Marinas\u201d de los autores Ronnie Reyes Arriagada y Roberto Matamala, acad\u00e9micos de la Universidad Austral de Chile, junto a los ilustradores Isabel Guerreo, Sim\u00f3n Catal\u00e1n y Valentina C\u00e1ceres. En las 130 p\u00e1ginas, ilustradas a todo color, se puede conocer sobre la fauna acu\u00e1tica a trav\u00e9s de poes\u00eda escrita en d\u00e9cimas.<\/p>\r\n\r\n\r\n\r\n<p>El objetivo de esta publicaci\u00f3n, seg\u00fan consta en las p\u00e1ginas del libro, es exponer y valorar la belleza de la biodiversidad marina y acu\u00e1tica y las amenazas que enfrentan estos ecosistemas en Chile. Se divide en cinco segmentos titulados D\u00e9cimas de Humedales, D\u00e9cimas Costeras, D\u00e9cimas Oce\u00e1nicas, D\u00e9cimas Ant\u00e1rticas y D\u00e9cimas Insulares.<\/p>\r\n\r\n\r\n\r\n<p>Con protagonistas como el huairavillo, delf\u00edn austral, foca leopardo, lenguado o rana chilena, este libro es una obra que presenta 50 especies y ambientes acu\u00e1ticos que fueron ilustradas por Isabel Guerrero Schippacasse, Valentina C\u00e1ceres Zavala y Sim\u00f3n Catal\u00e1n Molina.<\/p>\r\n\r\n\r\n\r\n<p>El lanzamiento del libro se desarrollar\u00e1 como parte del ciclo Ciencia Abierta del Proyecto Explora Los R\u00edos del Ministerio de Ciencia, que presenta cada mi\u00e9rcoles en vivo por YouTube y Facebook un tema cient\u00edfico o del conocimiento con especialistas.<\/p>\r\n\r\n\r\n\r\n<p>La edici\u00f3n de este libro nace desde el concurso fotogr\u00e1fico Ojo de Pez (<a href=\"http:\/\/www.ojopez.cl\/\" target=\"_blank\" rel=\"noreferrer noopener\">www.ojopez.cl<\/a>) que busca im\u00e1genes para poner en valor los sistemas acu\u00e1ticos de Chile. Sus fotograf\u00edas sirvieron de inspiraci\u00f3n para las ilustraciones y los poemas, escritos en el tradicional formato de las d\u00e9cimas. Esta t\u00e9cnica, popularmente usada en las payas y en el folclore latinoamericano, consta de estrofas con diez versos octos\u00edlabos, de ah\u00ed su nombre.<\/p>\r\n\r\n\r\n\r\n<p>El libro se podr\u00e1 descargar desde el mi\u00e9rcoles 14 desde el sitio\u00a0<a href=\"https:\/\/dev.explora.cl\/rios\" target=\"_blank\" rel=\"noreferrer noopener\">dev.explora.cl\/rios<\/a>\u00a0en formato pdf.<\/p>\r\n\r\n\r\n\r\n<p><strong>Autores<\/strong><\/p>\r\n\r\n\r\n\r\n<p>Los autores son ambos acad\u00e9micos de la Universidad Austral de Chile y ligados a la comunicaci\u00f3n de la ciencia.\u00a0 Ronnie Reyes Arriagada es bi\u00f3logo marino y Doctor en Ciencias de la UACh y ha sido director del Proyecto Explora Los R\u00edos y de la Direcci\u00f3n de Vinculaci\u00f3n con el Medio de la Universidad Austral de Chile. Actualmente trabaja en vinculaci\u00f3n con el medio de la universidad, en el \u00e1rea de comunicaci\u00f3n de las ciencias.<\/p>\r\n\r\n\r\n\r\n<p>Roberto Matamala Elorz es doctor en Teor\u00eda Literaria y Literatura Comparada por la Universidad Aut\u00f3noma de Barcelona, fue, hasta 2020, profesor del Instituto de Ling\u00fc\u00edstica y Literatura de la Facultad de Filosof\u00eda y Humanidades de la Universidad Austral de Chile, donde, adem\u00e1s de sus tareas docentes, de gesti\u00f3n y de extensi\u00f3n, desarroll\u00f3 una l\u00ednea de investigaci\u00f3n relativa al drama chileno nuevo y a la literatura regional. Durante su carrera ha colaborado en diversas iniciativas de comunicaci\u00f3n de la ciencia, colaborando con Explora. Actualmente impulsa, como director acad\u00e9mico, el diplomado en teatro \u201cEducaci\u00f3n y creatividad\u201d en el Centro de Educaci\u00f3n Continua de la UACH y est\u00e1 ejecutando un nuevo proyecto de investigaci\u00f3n dedicado al Teatro Luna.<\/p>\r\n\r\n\r\n\r\n<p>Este libro fue financiado por el Ministerio de Ciencia, Tecnolog\u00eda, Conocimiento e Innovaci\u00f3n a trav\u00e9s de subsidio directo para el desarrollo de proyectos, actividades y\/o productos de divulgaci\u00f3n y socializaci\u00f3n del conocimiento dentro y fuera del sistema educativo.<\/p>\r\n\r\n\r\n\r\n<p>El proyecto cuenta con el apoyo de la Red de Bibliotecas del Servicio Nacional del Patrimonio Cultural, Seremi de Educaci\u00f3n de Los R\u00edos, Instituto Ant\u00e1rtico Chileno, Fundaci\u00f3n Oceana, Fundaci\u00f3n Acci\u00f3n Cousteau, Fundaci\u00f3n Ocean\u00f3sfera, WWF Chile y los Proyectos Explora del Ministerio de Ciencia de las regiones de Los R\u00edos, Los Lagos y Ays\u00e9n.<\/p>\r\n\r\n<p>[\/vc_column_text][\/vc_column][\/vc_row][vc_row css=&#8221;.vc_custom_1614888019520{border-top-width: 1px !important;border-top-color: #b6b6b6 !important;border-top-style: solid !important;}&#8221;][vc_column][vc_column_text]<\/p>\r\n<p style=\"text-align: center;font-size: 0.9em;color: #b6b6b6\"><a href=\"https:\/\/dev.explora.cl\/rios\/protocolo\">Revisa nuestro Protocolo para Trabajo con Ni\u00f1os, Ni\u00f1as y Adolescentes<\/a><\/p>\r\n<p>[\/vc_column_text][\/vc_column][\/vc_row]<\/p>","protected":false},"excerpt":{"rendered":"<p>El libro retrata a trav\u00e9s de la poes\u00eda y la ilustraci\u00f3n a 50 especies y ambientes insulares en 130 p\u00e1ginas a todo color. Estar\u00e1 disponible en las bibliotecas p\u00fablicas del pa\u00eds.<\/p>\n","protected":false},"author":31,"featured_media":40044,"comment_status":"open","ping_status":"open","sticky":false,"template":"","format":"standard","meta":{"_acf_changed":false,"_exactmetrics_skip_tracking":false,"_exactmetrics_sitenote_active":false,"_exactmetrics_sitenote_note":"","_exactmetrics_sitenote_category":0,"footnotes":"","_links_to":"","_links_to_target":""},"categories":[4],"tags":[359,382,397,357],"class_list":["post-40043","post","type-post","status-publish","format-standard","has-post-thumbnail","hentry","category-noticias","tag-ciencia-abierta","tag-lanzamiento","tag-libro","tag-marino"],"acf":[],"yoast_head":"<!-- This site is optimized with the Yoast SEO plugin v26.7 - https:\/\/yoast.com\/wordpress\/plugins\/seo\/ -->\n<title>Presentar\u00e1n libro de poes\u00eda y ciencia durante el ciclo de charlas de Explora - Los R\u00edos<\/title>\n<meta name=\"robots\" content=\"index, follow, max-snippet:-1, max-image-preview:large, max-video-preview:-1\" \/>\n<link rel=\"canonical\" href=\"https:\/\/dev.explora.cl\/rios\/presentaran-libro-de-poesia-y-ciencia-durante-el-ciclo-de-charlas-de-explora\/\" class=\"yoast-seo-meta-tag\" \/>\n<meta property=\"og:locale\" content=\"es_ES\" class=\"yoast-seo-meta-tag\" \/>\n<meta property=\"og:type\" content=\"article\" class=\"yoast-seo-meta-tag\" \/>\n<meta property=\"og:title\" content=\"Presentar\u00e1n libro de poes\u00eda y ciencia durante el ciclo de charlas de Explora - Los R\u00edos\" class=\"yoast-seo-meta-tag\" \/>\n<meta property=\"og:description\" content=\"El libro retrata a trav\u00e9s de la poes\u00eda y la ilustraci\u00f3n a 50 especies y ambientes insulares en 130 p\u00e1ginas a todo color. Estar\u00e1 disponible en las bibliotecas p\u00fablicas del pa\u00eds.\" class=\"yoast-seo-meta-tag\" \/>\n<meta property=\"og:url\" content=\"https:\/\/dev.explora.cl\/rios\/presentaran-libro-de-poesia-y-ciencia-durante-el-ciclo-de-charlas-de-explora\/\" class=\"yoast-seo-meta-tag\" \/>\n<meta property=\"og:site_name\" content=\"Los R\u00edos\" class=\"yoast-seo-meta-tag\" \/>\n<meta property=\"article:published_time\" content=\"2021-07-09T14:30:10+00:00\" class=\"yoast-seo-meta-tag\" \/>\n<meta property=\"article:modified_time\" content=\"2021-08-31T15:38:51+00:00\" class=\"yoast-seo-meta-tag\" \/>\n<meta property=\"og:image\" content=\"https:\/\/dev.explora.cl\/rios\/wp-content\/uploads\/sites\/16\/2021\/07\/Mockup-tapa-Grande-1.jpg\" class=\"yoast-seo-meta-tag\" \/>\n\t<meta property=\"og:image:width\" content=\"1619\" class=\"yoast-seo-meta-tag\" \/>\n\t<meta property=\"og:image:height\" content=\"1080\" class=\"yoast-seo-meta-tag\" \/>\n\t<meta property=\"og:image:type\" content=\"image\/jpeg\" class=\"yoast-seo-meta-tag\" \/>\n<meta name=\"author\" content=\"smancilla\" class=\"yoast-seo-meta-tag\" \/>\n<meta name=\"twitter:card\" content=\"summary_large_image\" class=\"yoast-seo-meta-tag\" \/>\n<meta name=\"twitter:label1\" content=\"Escrito por\" class=\"yoast-seo-meta-tag\" \/>\n\t<meta name=\"twitter:data1\" content=\"smancilla\" class=\"yoast-seo-meta-tag\" \/>\n\t<meta name=\"twitter:label2\" content=\"Tiempo estimado de lectura\" class=\"yoast-seo-meta-tag\" \/>\n\t<meta name=\"twitter:data2\" content=\"4 minutos\" class=\"yoast-seo-meta-tag\" \/>\n<script type=\"application\/ld+json\" class=\"yoast-schema-graph\">{\"@context\":\"https:\/\/schema.org\",\"@graph\":[{\"@type\":\"Article\",\"@id\":\"https:\/\/dev.explora.cl\/rios\/presentaran-libro-de-poesia-y-ciencia-durante-el-ciclo-de-charlas-de-explora\/#article\",\"isPartOf\":{\"@id\":\"https:\/\/dev.explora.cl\/rios\/presentaran-libro-de-poesia-y-ciencia-durante-el-ciclo-de-charlas-de-explora\/\"},\"author\":{\"name\":\"smancilla\",\"@id\":\"https:\/\/dev.explora.cl\/rios\/#\/schema\/person\/279896208736d277e75690dde6cc1ea9\"},\"headline\":\"Presentar\u00e1n libro de poes\u00eda y ciencia durante el ciclo de charlas de Explora\",\"datePublished\":\"2021-07-09T14:30:10+00:00\",\"dateModified\":\"2021-08-31T15:38:51+00:00\",\"mainEntityOfPage\":{\"@id\":\"https:\/\/dev.explora.cl\/rios\/presentaran-libro-de-poesia-y-ciencia-durante-el-ciclo-de-charlas-de-explora\/\"},\"wordCount\":813,\"commentCount\":0,\"image\":{\"@id\":\"https:\/\/dev.explora.cl\/rios\/presentaran-libro-de-poesia-y-ciencia-durante-el-ciclo-de-charlas-de-explora\/#primaryimage\"},\"thumbnailUrl\":\"https:\/\/dev.explora.cl\/rios\/wp-content\/uploads\/sites\/16\/2021\/07\/Mockup-tapa-Grande-1.jpg\",\"keywords\":[\"Ciencia Abierta\",\"lanzamiento\",\"libro\",\"marino\"],\"articleSection\":[\"Noticias\"],\"inLanguage\":\"es-CL\",\"potentialAction\":[{\"@type\":\"CommentAction\",\"name\":\"Comment\",\"target\":[\"https:\/\/dev.explora.cl\/rios\/presentaran-libro-de-poesia-y-ciencia-durante-el-ciclo-de-charlas-de-explora\/#respond\"]}]},{\"@type\":\"WebPage\",\"@id\":\"https:\/\/dev.explora.cl\/rios\/presentaran-libro-de-poesia-y-ciencia-durante-el-ciclo-de-charlas-de-explora\/\",\"url\":\"https:\/\/dev.explora.cl\/rios\/presentaran-libro-de-poesia-y-ciencia-durante-el-ciclo-de-charlas-de-explora\/\",\"name\":\"Presentar\u00e1n libro de poes\u00eda y ciencia durante el ciclo de charlas de Explora - Los R\u00edos\",\"isPartOf\":{\"@id\":\"https:\/\/dev.explora.cl\/rios\/#website\"},\"primaryImageOfPage\":{\"@id\":\"https:\/\/dev.explora.cl\/rios\/presentaran-libro-de-poesia-y-ciencia-durante-el-ciclo-de-charlas-de-explora\/#primaryimage\"},\"image\":{\"@id\":\"https:\/\/dev.explora.cl\/rios\/presentaran-libro-de-poesia-y-ciencia-durante-el-ciclo-de-charlas-de-explora\/#primaryimage\"},\"thumbnailUrl\":\"https:\/\/dev.explora.cl\/rios\/wp-content\/uploads\/sites\/16\/2021\/07\/Mockup-tapa-Grande-1.jpg\",\"datePublished\":\"2021-07-09T14:30:10+00:00\",\"dateModified\":\"2021-08-31T15:38:51+00:00\",\"author\":{\"@id\":\"https:\/\/dev.explora.cl\/rios\/#\/schema\/person\/279896208736d277e75690dde6cc1ea9\"},\"breadcrumb\":{\"@id\":\"https:\/\/dev.explora.cl\/rios\/presentaran-libro-de-poesia-y-ciencia-durante-el-ciclo-de-charlas-de-explora\/#breadcrumb\"},\"inLanguage\":\"es-CL\",\"potentialAction\":[{\"@type\":\"ReadAction\",\"target\":[\"https:\/\/dev.explora.cl\/rios\/presentaran-libro-de-poesia-y-ciencia-durante-el-ciclo-de-charlas-de-explora\/\"]}]},{\"@type\":\"ImageObject\",\"inLanguage\":\"es-CL\",\"@id\":\"https:\/\/dev.explora.cl\/rios\/presentaran-libro-de-poesia-y-ciencia-durante-el-ciclo-de-charlas-de-explora\/#primaryimage\",\"url\":\"https:\/\/dev.explora.cl\/rios\/wp-content\/uploads\/sites\/16\/2021\/07\/Mockup-tapa-Grande-1.jpg\",\"contentUrl\":\"https:\/\/dev.explora.cl\/rios\/wp-content\/uploads\/sites\/16\/2021\/07\/Mockup-tapa-Grande-1.jpg\",\"width\":1619,\"height\":1080,\"caption\":\"Blank white mock up book on wooden background - filter effect processing\"},{\"@type\":\"BreadcrumbList\",\"@id\":\"https:\/\/dev.explora.cl\/rios\/presentaran-libro-de-poesia-y-ciencia-durante-el-ciclo-de-charlas-de-explora\/#breadcrumb\",\"itemListElement\":[{\"@type\":\"ListItem\",\"position\":1,\"name\":\"Portada\",\"item\":\"https:\/\/dev.explora.cl\/rios\/\"},{\"@type\":\"ListItem\",\"position\":2,\"name\":\"Presentar\u00e1n libro de poes\u00eda y ciencia durante el ciclo de charlas de Explora\"}]},{\"@type\":\"WebSite\",\"@id\":\"https:\/\/dev.explora.cl\/rios\/#website\",\"url\":\"https:\/\/dev.explora.cl\/rios\/\",\"name\":\"Los R\u00edos\",\"description\":\"Otro sitio m\u00e1s de dev.explora.cl\",\"potentialAction\":[{\"@type\":\"SearchAction\",\"target\":{\"@type\":\"EntryPoint\",\"urlTemplate\":\"https:\/\/dev.explora.cl\/rios\/?s={search_term_string}\"},\"query-input\":{\"@type\":\"PropertyValueSpecification\",\"valueRequired\":true,\"valueName\":\"search_term_string\"}}],\"inLanguage\":\"es-CL\"},{\"@type\":\"Person\",\"@id\":\"https:\/\/dev.explora.cl\/rios\/#\/schema\/person\/279896208736d277e75690dde6cc1ea9\",\"name\":\"smancilla\",\"image\":{\"@type\":\"ImageObject\",\"inLanguage\":\"es-CL\",\"@id\":\"https:\/\/dev.explora.cl\/rios\/#\/schema\/person\/image\/\",\"url\":\"https:\/\/secure.gravatar.com\/avatar\/a1c7f8b1dd453e8facadec2bf18354190c777b5556feaaadfa0f6a129ab9b015?s=96&d=mm&r=g\",\"contentUrl\":\"https:\/\/secure.gravatar.com\/avatar\/a1c7f8b1dd453e8facadec2bf18354190c777b5556feaaadfa0f6a129ab9b015?s=96&d=mm&r=g\",\"caption\":\"smancilla\"},\"url\":\"https:\/\/dev.explora.cl\/rios\/author\/smancilla\/\"}]}<\/script>\n<!-- \/ Yoast SEO plugin. -->","yoast_head_json":{"title":"Presentar\u00e1n libro de poes\u00eda y ciencia durante el ciclo de charlas de Explora - Los R\u00edos","robots":{"index":"index","follow":"follow","max-snippet":"max-snippet:-1","max-image-preview":"max-image-preview:large","max-video-preview":"max-video-preview:-1"},"canonical":"https:\/\/dev.explora.cl\/rios\/presentaran-libro-de-poesia-y-ciencia-durante-el-ciclo-de-charlas-de-explora\/","og_locale":"es_ES","og_type":"article","og_title":"Presentar\u00e1n libro de poes\u00eda y ciencia durante el ciclo de charlas de Explora - Los R\u00edos","og_description":"El libro retrata a trav\u00e9s de la poes\u00eda y la ilustraci\u00f3n a 50 especies y ambientes insulares en 130 p\u00e1ginas a todo color. Estar\u00e1 disponible en las bibliotecas p\u00fablicas del pa\u00eds.","og_url":"https:\/\/dev.explora.cl\/rios\/presentaran-libro-de-poesia-y-ciencia-durante-el-ciclo-de-charlas-de-explora\/","og_site_name":"Los R\u00edos","article_published_time":"2021-07-09T14:30:10+00:00","article_modified_time":"2021-08-31T15:38:51+00:00","og_image":[{"width":1619,"height":1080,"url":"https:\/\/dev.explora.cl\/rios\/wp-content\/uploads\/sites\/16\/2021\/07\/Mockup-tapa-Grande-1.jpg","type":"image\/jpeg"}],"author":"smancilla","twitter_card":"summary_large_image","twitter_misc":{"Escrito por":"smancilla","Tiempo estimado de lectura":"4 minutos"},"schema":{"@context":"https:\/\/schema.org","@graph":[{"@type":"Article","@id":"https:\/\/dev.explora.cl\/rios\/presentaran-libro-de-poesia-y-ciencia-durante-el-ciclo-de-charlas-de-explora\/#article","isPartOf":{"@id":"https:\/\/dev.explora.cl\/rios\/presentaran-libro-de-poesia-y-ciencia-durante-el-ciclo-de-charlas-de-explora\/"},"author":{"name":"smancilla","@id":"https:\/\/dev.explora.cl\/rios\/#\/schema\/person\/279896208736d277e75690dde6cc1ea9"},"headline":"Presentar\u00e1n libro de poes\u00eda y ciencia durante el ciclo de charlas de Explora","datePublished":"2021-07-09T14:30:10+00:00","dateModified":"2021-08-31T15:38:51+00:00","mainEntityOfPage":{"@id":"https:\/\/dev.explora.cl\/rios\/presentaran-libro-de-poesia-y-ciencia-durante-el-ciclo-de-charlas-de-explora\/"},"wordCount":813,"commentCount":0,"image":{"@id":"https:\/\/dev.explora.cl\/rios\/presentaran-libro-de-poesia-y-ciencia-durante-el-ciclo-de-charlas-de-explora\/#primaryimage"},"thumbnailUrl":"https:\/\/dev.explora.cl\/rios\/wp-content\/uploads\/sites\/16\/2021\/07\/Mockup-tapa-Grande-1.jpg","keywords":["Ciencia Abierta","lanzamiento","libro","marino"],"articleSection":["Noticias"],"inLanguage":"es-CL","potentialAction":[{"@type":"CommentAction","name":"Comment","target":["https:\/\/dev.explora.cl\/rios\/presentaran-libro-de-poesia-y-ciencia-durante-el-ciclo-de-charlas-de-explora\/#respond"]}]},{"@type":"WebPage","@id":"https:\/\/dev.explora.cl\/rios\/presentaran-libro-de-poesia-y-ciencia-durante-el-ciclo-de-charlas-de-explora\/","url":"https:\/\/dev.explora.cl\/rios\/presentaran-libro-de-poesia-y-ciencia-durante-el-ciclo-de-charlas-de-explora\/","name":"Presentar\u00e1n libro de poes\u00eda y ciencia durante el ciclo de charlas de Explora - Los R\u00edos","isPartOf":{"@id":"https:\/\/dev.explora.cl\/rios\/#website"},"primaryImageOfPage":{"@id":"https:\/\/dev.explora.cl\/rios\/presentaran-libro-de-poesia-y-ciencia-durante-el-ciclo-de-charlas-de-explora\/#primaryimage"},"image":{"@id":"https:\/\/dev.explora.cl\/rios\/presentaran-libro-de-poesia-y-ciencia-durante-el-ciclo-de-charlas-de-explora\/#primaryimage"},"thumbnailUrl":"https:\/\/dev.explora.cl\/rios\/wp-content\/uploads\/sites\/16\/2021\/07\/Mockup-tapa-Grande-1.jpg","datePublished":"2021-07-09T14:30:10+00:00","dateModified":"2021-08-31T15:38:51+00:00","author":{"@id":"https:\/\/dev.explora.cl\/rios\/#\/schema\/person\/279896208736d277e75690dde6cc1ea9"},"breadcrumb":{"@id":"https:\/\/dev.explora.cl\/rios\/presentaran-libro-de-poesia-y-ciencia-durante-el-ciclo-de-charlas-de-explora\/#breadcrumb"},"inLanguage":"es-CL","potentialAction":[{"@type":"ReadAction","target":["https:\/\/dev.explora.cl\/rios\/presentaran-libro-de-poesia-y-ciencia-durante-el-ciclo-de-charlas-de-explora\/"]}]},{"@type":"ImageObject","inLanguage":"es-CL","@id":"https:\/\/dev.explora.cl\/rios\/presentaran-libro-de-poesia-y-ciencia-durante-el-ciclo-de-charlas-de-explora\/#primaryimage","url":"https:\/\/dev.explora.cl\/rios\/wp-content\/uploads\/sites\/16\/2021\/07\/Mockup-tapa-Grande-1.jpg","contentUrl":"https:\/\/dev.explora.cl\/rios\/wp-content\/uploads\/sites\/16\/2021\/07\/Mockup-tapa-Grande-1.jpg","width":1619,"height":1080,"caption":"Blank white mock up book on wooden background - filter effect processing"},{"@type":"BreadcrumbList","@id":"https:\/\/dev.explora.cl\/rios\/presentaran-libro-de-poesia-y-ciencia-durante-el-ciclo-de-charlas-de-explora\/#breadcrumb","itemListElement":[{"@type":"ListItem","position":1,"name":"Portada","item":"https:\/\/dev.explora.cl\/rios\/"},{"@type":"ListItem","position":2,"name":"Presentar\u00e1n libro de poes\u00eda y ciencia durante el ciclo de charlas de Explora"}]},{"@type":"WebSite","@id":"https:\/\/dev.explora.cl\/rios\/#website","url":"https:\/\/dev.explora.cl\/rios\/","name":"Los R\u00edos","description":"Otro sitio m\u00e1s de dev.explora.cl","potentialAction":[{"@type":"SearchAction","target":{"@type":"EntryPoint","urlTemplate":"https:\/\/dev.explora.cl\/rios\/?s={search_term_string}"},"query-input":{"@type":"PropertyValueSpecification","valueRequired":true,"valueName":"search_term_string"}}],"inLanguage":"es-CL"},{"@type":"Person","@id":"https:\/\/dev.explora.cl\/rios\/#\/schema\/person\/279896208736d277e75690dde6cc1ea9","name":"smancilla","image":{"@type":"ImageObject","inLanguage":"es-CL","@id":"https:\/\/dev.explora.cl\/rios\/#\/schema\/person\/image\/","url":"https:\/\/secure.gravatar.com\/avatar\/a1c7f8b1dd453e8facadec2bf18354190c777b5556feaaadfa0f6a129ab9b015?s=96&d=mm&r=g","contentUrl":"https:\/\/secure.gravatar.com\/avatar\/a1c7f8b1dd453e8facadec2bf18354190c777b5556feaaadfa0f6a129ab9b015?s=96&d=mm&r=g","caption":"smancilla"},"url":"https:\/\/dev.explora.cl\/rios\/author\/smancilla\/"}]}},"_links":{"self":[{"href":"https:\/\/dev.explora.cl\/rios\/wp-json\/wp\/v2\/posts\/40043","targetHints":{"allow":["GET"]}}],"collection":[{"href":"https:\/\/dev.explora.cl\/rios\/wp-json\/wp\/v2\/posts"}],"about":[{"href":"https:\/\/dev.explora.cl\/rios\/wp-json\/wp\/v2\/types\/post"}],"author":[{"embeddable":true,"href":"https:\/\/dev.explora.cl\/rios\/wp-json\/wp\/v2\/users\/31"}],"replies":[{"embeddable":true,"href":"https:\/\/dev.explora.cl\/rios\/wp-json\/wp\/v2\/comments?post=40043"}],"version-history":[{"count":3,"href":"https:\/\/dev.explora.cl\/rios\/wp-json\/wp\/v2\/posts\/40043\/revisions"}],"predecessor-version":[{"id":40047,"href":"https:\/\/dev.explora.cl\/rios\/wp-json\/wp\/v2\/posts\/40043\/revisions\/40047"}],"wp:featuredmedia":[{"embeddable":true,"href":"https:\/\/dev.explora.cl\/rios\/wp-json\/wp\/v2\/media\/40044"}],"wp:attachment":[{"href":"https:\/\/dev.explora.cl\/rios\/wp-json\/wp\/v2\/media?parent=40043"}],"wp:term":[{"taxonomy":"category","embeddable":true,"href":"https:\/\/dev.explora.cl\/rios\/wp-json\/wp\/v2\/categories?post=40043"},{"taxonomy":"post_tag","embeddable":true,"href":"https:\/\/dev.explora.cl\/rios\/wp-json\/wp\/v2\/tags?post=40043"}],"curies":[{"name":"wp","href":"https:\/\/api.w.org\/{rel}","templated":true}]}}