{"id":40024,"date":"2021-07-06T16:22:40","date_gmt":"2021-07-06T20:22:40","guid":{"rendered":"https:\/\/dev.explora.cl\/rios\/?p=40024"},"modified":"2021-08-31T11:38:40","modified_gmt":"2021-08-31T15:38:40","slug":"invitan-a-conocer-el-increible-mundo-de-los-bosques-de-huiro-gigantes-centinelas-del-cambio-climatico","status":"publish","type":"post","link":"https:\/\/dev.explora.cl\/rios\/invitan-a-conocer-el-increible-mundo-de-los-bosques-de-huiro-gigantes-centinelas-del-cambio-climatico\/","title":{"rendered":"Invitan a conocer el incre\u00edble mundo de los bosques de huiro: gigantes centinelas del cambio clim\u00e1tico"},"content":{"rendered":"<p>[vc_row][vc_column][vc_row_inner][vc_column_inner width=&#8221;2\/3&#8243;][vc_custom_heading text=&#8221;Invitaci\u00f3n gratuita y para todo p\u00fablico es la que realiza el Centro de Investigaci\u00f3n Din\u00e1mica de Ecosistemas Marinos de Altas Latitudes (Centro IDEAL) en dos jornadas, para el 15 y el 29 de julio a las 19 horas a trav\u00e9s de Zoom.&#8221; font_container=&#8221;tag:h3|text_align:left&#8221;][\/vc_column_inner][vc_column_inner width=&#8221;1\/3&#8243;][vc_btn title=&#8221;Inscripciones&#8221; style=&#8221;custom&#8221; custom_background=&#8221;#81d742&#8243; custom_text=&#8221;#ffffff&#8221; size=&#8221;lg&#8221; align=&#8221;center&#8221; i_align=&#8221;right&#8221; i_icon_fontawesome=&#8221;fa fa-arrow-circle-right&#8221; button_block=&#8221;true&#8221; add_icon=&#8221;true&#8221; link=&#8221;url:http%3A%2F%2Fforms.centroideal.cl%2Feventos%2F|||&#8221;][\/vc_column_inner][\/vc_row_inner][vc_column_text]Los bosques submarinos de huiro\u00a0(<em>Macrocystis pyrifera)<\/em>, son bioindicadores del cambio clim\u00e1tico, muy sensibles a las perturbaciones provocadas por este fen\u00f3meno, y si estos bosques desaparecen, las especies que viven bajo su alero tambi\u00e9n lo har\u00e1n modificando severamente el equilibrio ecol\u00f3gico en los ecosistemas marinos costeros, dice el Dr.(c) Mauricio Palacios, investigador del Centro IDEAL y de Coordinador del Programa Marino para Chile de Wildlife Conservation Society (WCS) y quien est\u00e1 a cargo de sorprender y acercar este fascinante mundo submarino.<\/p>\n<p>Mauricio Palacios es especialista en macroalgas de ambientes subant\u00e1rticos, en especial con los bosques de huiro de la Patagonia Sur. Este ecosistema de kelp gigante formado por la macroalga Macrocystis pyrifera es \u00fanico en el fin del mundo, aqu\u00ed podemos encontr\u00e9 1\/3 de los bosques de huiro de todo el mundo. Sin embargo, tambi\u00e9n podemos encontrar los denominados \u201cbosques fantasmas\u201d de\u00a0<em>Macrocystis<\/em>. Bosques muy tupidos pero que son indetectables para los sistemas satelitales y solo es posible verlos cuando hay marea baja. Su extensi\u00f3n alcanza m\u00e1s de 40 hect\u00e1reas.<\/p>\n<p>La charla \u201c<strong><em>Los gigantes bosques de huiro: centinelas del cambio clim\u00e1tico\u201d<\/em><\/strong> se realizar\u00e1 en dos jornadas. La primera el 15 de julio y su segunda versi\u00f3n ser\u00e1 el jueves 29 del mismo mes, ambas sesiones a las 19 horas y se transmitir\u00e1 a trav\u00e9s de Zoom, previa inscripci\u00f3n <a href=\"http:\/\/forms.centroideal.cl\/eventos\/\">http:\/\/forms.centroideal.cl\/eventos\/<\/a> Una vez registrado recibir\u00e1n el link de conexi\u00f3n el mismo d\u00eda de la actividad.<\/p>\n<p>En este \u00faltimo tiempo, Mauricio Palacios ha estado explorando el efecto de estresores ambientales (cambio clim\u00e1tico) sobre el ciclo de vida de<em> Macrocystis pyrifer<\/em>a, y como 2 poblaciones totalmente diferentes de la misma especie, puede sobrellevar su vida en este escenario presente y futuro de cambio clim\u00e1tico\u00a0global, sobre lo cual tambi\u00e9n contar\u00e1 en su presentaci\u00f3n.<\/p>\n<p>Esta actividad de divulgaci\u00f3n es organizada por el <a href=\"https:\/\/www.centroideal.cl\/\">Centro IDEAL<\/a> en colaboraci\u00f3n con\u00a0<a href=\"https:\/\/dev.explora.cl\/lagos\/\">Explora Los Lagos<\/a>,\u00a0<a href=\"https:\/\/dev.explora.cl\/rios\/\">Explora Los R\u00edos<\/a>,\u00a0<a href=\"https:\/\/www.oceanosfera.cl\/\">Fundaci\u00f3n Ocean\u00f3sfera<\/a>, el\u00a0<a href=\"http:\/\/www.postgradociencias.uach.cl\/doctorado-biologia-marina\/?page_id=20\">Doctorado de Biolog\u00eda Marina UACh<\/a>[\/vc_column_text][vc_single_image image=&#8221;40025&#8243; img_size=&#8221;full&#8221;][\/vc_column][\/vc_row][vc_row css=&#8221;.vc_custom_1614888019520{border-top-width: 1px !important;border-top-color: #b6b6b6 !important;border-top-style: solid !important;}&#8221;][vc_column][vc_column_text]<\/p>\n<p style=\"text-align: center;font-size: 0.9em;color: #b6b6b6\"><a href=\"https:\/\/dev.explora.cl\/rios\/protocolo\">Revisa nuestro Protocolo para Trabajo con Ni\u00f1os, Ni\u00f1as y Adolescentes<\/a><\/p>\n<p>[\/vc_column_text][\/vc_column][\/vc_row]<\/p>\n","protected":false},"excerpt":{"rendered":"<p>Invitaci\u00f3n gratuita y para todo p\u00fablico es la que realiza el Centro de Investigaci\u00f3n Din\u00e1mica de Ecosistemas Marinos de Altas Latitudes (Centro IDEAL) en dos jornadas, para el 15 y el 29 de julio a las 19 horas a trav\u00e9s de Zoom.<\/p>\n","protected":false},"author":31,"featured_media":40026,"comment_status":"open","ping_status":"open","sticky":false,"template":"","format":"standard","meta":{"_acf_changed":false,"_exactmetrics_skip_tracking":false,"_exactmetrics_sitenote_active":false,"_exactmetrics_sitenote_note":"","_exactmetrics_sitenote_category":0,"footnotes":"","_links_to":"","_links_to_target":""},"categories":[4],"tags":[270,410,210,409],"class_list":["post-40024","post","type-post","status-publish","format-standard","has-post-thumbnail","hentry","category-noticias","tag-antartica","tag-centro-ideal","tag-charla","tag-huiro"],"acf":[],"yoast_head":"<!-- This site is optimized with the Yoast SEO plugin v26.7 - https:\/\/yoast.com\/wordpress\/plugins\/seo\/ -->\n<title>Invitan a conocer el incre\u00edble mundo de los bosques de huiro: gigantes centinelas del cambio clim\u00e1tico - Los R\u00edos<\/title>\n<meta name=\"robots\" content=\"index, follow, max-snippet:-1, max-image-preview:large, max-video-preview:-1\" \/>\n<link rel=\"canonical\" href=\"https:\/\/dev.explora.cl\/rios\/invitan-a-conocer-el-increible-mundo-de-los-bosques-de-huiro-gigantes-centinelas-del-cambio-climatico\/\" class=\"yoast-seo-meta-tag\" \/>\n<meta property=\"og:locale\" content=\"es_ES\" class=\"yoast-seo-meta-tag\" \/>\n<meta property=\"og:type\" content=\"article\" class=\"yoast-seo-meta-tag\" \/>\n<meta property=\"og:title\" content=\"Invitan a conocer el incre\u00edble mundo de los bosques de huiro: gigantes centinelas del cambio clim\u00e1tico - Los R\u00edos\" class=\"yoast-seo-meta-tag\" \/>\n<meta property=\"og:description\" content=\"Invitaci\u00f3n gratuita y para todo p\u00fablico es la que realiza el Centro de Investigaci\u00f3n Din\u00e1mica de Ecosistemas Marinos de Altas Latitudes (Centro IDEAL) en dos jornadas, para el 15 y el 29 de julio a las 19 horas a trav\u00e9s de Zoom.\" class=\"yoast-seo-meta-tag\" \/>\n<meta property=\"og:url\" content=\"https:\/\/dev.explora.cl\/rios\/invitan-a-conocer-el-increible-mundo-de-los-bosques-de-huiro-gigantes-centinelas-del-cambio-climatico\/\" class=\"yoast-seo-meta-tag\" \/>\n<meta property=\"og:site_name\" content=\"Los R\u00edos\" class=\"yoast-seo-meta-tag\" \/>\n<meta property=\"article:published_time\" content=\"2021-07-06T20:22:40+00:00\" class=\"yoast-seo-meta-tag\" \/>\n<meta property=\"article:modified_time\" content=\"2021-08-31T15:38:40+00:00\" class=\"yoast-seo-meta-tag\" \/>\n<meta property=\"og:image\" content=\"https:\/\/dev.explora.cl\/rios\/wp-content\/uploads\/sites\/16\/2021\/07\/ESM7642-1-1.jpg\" class=\"yoast-seo-meta-tag\" \/>\n\t<meta property=\"og:image:width\" content=\"1000\" class=\"yoast-seo-meta-tag\" \/>\n\t<meta property=\"og:image:height\" content=\"667\" class=\"yoast-seo-meta-tag\" \/>\n\t<meta property=\"og:image:type\" content=\"image\/jpeg\" class=\"yoast-seo-meta-tag\" \/>\n<meta name=\"author\" content=\"smancilla\" class=\"yoast-seo-meta-tag\" \/>\n<meta name=\"twitter:card\" content=\"summary_large_image\" class=\"yoast-seo-meta-tag\" \/>\n<meta name=\"twitter:label1\" content=\"Escrito por\" class=\"yoast-seo-meta-tag\" \/>\n\t<meta name=\"twitter:data1\" content=\"smancilla\" class=\"yoast-seo-meta-tag\" \/>\n\t<meta name=\"twitter:label2\" content=\"Tiempo estimado de lectura\" class=\"yoast-seo-meta-tag\" \/>\n\t<meta name=\"twitter:data2\" content=\"3 minutos\" class=\"yoast-seo-meta-tag\" \/>\n<script type=\"application\/ld+json\" class=\"yoast-schema-graph\">{\"@context\":\"https:\/\/schema.org\",\"@graph\":[{\"@type\":\"Article\",\"@id\":\"https:\/\/dev.explora.cl\/rios\/invitan-a-conocer-el-increible-mundo-de-los-bosques-de-huiro-gigantes-centinelas-del-cambio-climatico\/#article\",\"isPartOf\":{\"@id\":\"https:\/\/dev.explora.cl\/rios\/invitan-a-conocer-el-increible-mundo-de-los-bosques-de-huiro-gigantes-centinelas-del-cambio-climatico\/\"},\"author\":{\"name\":\"smancilla\",\"@id\":\"https:\/\/dev.explora.cl\/rios\/#\/schema\/person\/279896208736d277e75690dde6cc1ea9\"},\"headline\":\"Invitan a conocer el incre\u00edble mundo de los bosques de huiro: gigantes centinelas del cambio clim\u00e1tico\",\"datePublished\":\"2021-07-06T20:22:40+00:00\",\"dateModified\":\"2021-08-31T15:38:40+00:00\",\"mainEntityOfPage\":{\"@id\":\"https:\/\/dev.explora.cl\/rios\/invitan-a-conocer-el-increible-mundo-de-los-bosques-de-huiro-gigantes-centinelas-del-cambio-climatico\/\"},\"wordCount\":536,\"commentCount\":0,\"image\":{\"@id\":\"https:\/\/dev.explora.cl\/rios\/invitan-a-conocer-el-increible-mundo-de-los-bosques-de-huiro-gigantes-centinelas-del-cambio-climatico\/#primaryimage\"},\"thumbnailUrl\":\"https:\/\/dev.explora.cl\/rios\/wp-content\/uploads\/sites\/16\/2021\/07\/ESM7642-1-1.jpg\",\"keywords\":[\"Ant\u00e1rtica\",\"Centro IDEAL\",\"charla\",\"huiro\"],\"articleSection\":[\"Noticias\"],\"inLanguage\":\"es-CL\",\"potentialAction\":[{\"@type\":\"CommentAction\",\"name\":\"Comment\",\"target\":[\"https:\/\/dev.explora.cl\/rios\/invitan-a-conocer-el-increible-mundo-de-los-bosques-de-huiro-gigantes-centinelas-del-cambio-climatico\/#respond\"]}]},{\"@type\":\"WebPage\",\"@id\":\"https:\/\/dev.explora.cl\/rios\/invitan-a-conocer-el-increible-mundo-de-los-bosques-de-huiro-gigantes-centinelas-del-cambio-climatico\/\",\"url\":\"https:\/\/dev.explora.cl\/rios\/invitan-a-conocer-el-increible-mundo-de-los-bosques-de-huiro-gigantes-centinelas-del-cambio-climatico\/\",\"name\":\"Invitan a conocer el incre\u00edble mundo de los bosques de huiro: gigantes centinelas del cambio clim\u00e1tico - Los R\u00edos\",\"isPartOf\":{\"@id\":\"https:\/\/dev.explora.cl\/rios\/#website\"},\"primaryImageOfPage\":{\"@id\":\"https:\/\/dev.explora.cl\/rios\/invitan-a-conocer-el-increible-mundo-de-los-bosques-de-huiro-gigantes-centinelas-del-cambio-climatico\/#primaryimage\"},\"image\":{\"@id\":\"https:\/\/dev.explora.cl\/rios\/invitan-a-conocer-el-increible-mundo-de-los-bosques-de-huiro-gigantes-centinelas-del-cambio-climatico\/#primaryimage\"},\"thumbnailUrl\":\"https:\/\/dev.explora.cl\/rios\/wp-content\/uploads\/sites\/16\/2021\/07\/ESM7642-1-1.jpg\",\"datePublished\":\"2021-07-06T20:22:40+00:00\",\"dateModified\":\"2021-08-31T15:38:40+00:00\",\"author\":{\"@id\":\"https:\/\/dev.explora.cl\/rios\/#\/schema\/person\/279896208736d277e75690dde6cc1ea9\"},\"breadcrumb\":{\"@id\":\"https:\/\/dev.explora.cl\/rios\/invitan-a-conocer-el-increible-mundo-de-los-bosques-de-huiro-gigantes-centinelas-del-cambio-climatico\/#breadcrumb\"},\"inLanguage\":\"es-CL\",\"potentialAction\":[{\"@type\":\"ReadAction\",\"target\":[\"https:\/\/dev.explora.cl\/rios\/invitan-a-conocer-el-increible-mundo-de-los-bosques-de-huiro-gigantes-centinelas-del-cambio-climatico\/\"]}]},{\"@type\":\"ImageObject\",\"inLanguage\":\"es-CL\",\"@id\":\"https:\/\/dev.explora.cl\/rios\/invitan-a-conocer-el-increible-mundo-de-los-bosques-de-huiro-gigantes-centinelas-del-cambio-climatico\/#primaryimage\",\"url\":\"https:\/\/dev.explora.cl\/rios\/wp-content\/uploads\/sites\/16\/2021\/07\/ESM7642-1-1.jpg\",\"contentUrl\":\"https:\/\/dev.explora.cl\/rios\/wp-content\/uploads\/sites\/16\/2021\/07\/ESM7642-1-1.jpg\",\"width\":1000,\"height\":667},{\"@type\":\"BreadcrumbList\",\"@id\":\"https:\/\/dev.explora.cl\/rios\/invitan-a-conocer-el-increible-mundo-de-los-bosques-de-huiro-gigantes-centinelas-del-cambio-climatico\/#breadcrumb\",\"itemListElement\":[{\"@type\":\"ListItem\",\"position\":1,\"name\":\"Portada\",\"item\":\"https:\/\/dev.explora.cl\/rios\/\"},{\"@type\":\"ListItem\",\"position\":2,\"name\":\"Invitan a conocer el incre\u00edble mundo de los bosques de huiro: gigantes centinelas del cambio clim\u00e1tico\"}]},{\"@type\":\"WebSite\",\"@id\":\"https:\/\/dev.explora.cl\/rios\/#website\",\"url\":\"https:\/\/dev.explora.cl\/rios\/\",\"name\":\"Los R\u00edos\",\"description\":\"Otro sitio m\u00e1s de dev.explora.cl\",\"potentialAction\":[{\"@type\":\"SearchAction\",\"target\":{\"@type\":\"EntryPoint\",\"urlTemplate\":\"https:\/\/dev.explora.cl\/rios\/?s={search_term_string}\"},\"query-input\":{\"@type\":\"PropertyValueSpecification\",\"valueRequired\":true,\"valueName\":\"search_term_string\"}}],\"inLanguage\":\"es-CL\"},{\"@type\":\"Person\",\"@id\":\"https:\/\/dev.explora.cl\/rios\/#\/schema\/person\/279896208736d277e75690dde6cc1ea9\",\"name\":\"smancilla\",\"image\":{\"@type\":\"ImageObject\",\"inLanguage\":\"es-CL\",\"@id\":\"https:\/\/dev.explora.cl\/rios\/#\/schema\/person\/image\/\",\"url\":\"https:\/\/secure.gravatar.com\/avatar\/a1c7f8b1dd453e8facadec2bf18354190c777b5556feaaadfa0f6a129ab9b015?s=96&d=mm&r=g\",\"contentUrl\":\"https:\/\/secure.gravatar.com\/avatar\/a1c7f8b1dd453e8facadec2bf18354190c777b5556feaaadfa0f6a129ab9b015?s=96&d=mm&r=g\",\"caption\":\"smancilla\"},\"url\":\"https:\/\/dev.explora.cl\/rios\/author\/smancilla\/\"}]}<\/script>\n<!-- \/ Yoast SEO plugin. -->","yoast_head_json":{"title":"Invitan a conocer el incre\u00edble mundo de los bosques de huiro: gigantes centinelas del cambio clim\u00e1tico - Los R\u00edos","robots":{"index":"index","follow":"follow","max-snippet":"max-snippet:-1","max-image-preview":"max-image-preview:large","max-video-preview":"max-video-preview:-1"},"canonical":"https:\/\/dev.explora.cl\/rios\/invitan-a-conocer-el-increible-mundo-de-los-bosques-de-huiro-gigantes-centinelas-del-cambio-climatico\/","og_locale":"es_ES","og_type":"article","og_title":"Invitan a conocer el incre\u00edble mundo de los bosques de huiro: gigantes centinelas del cambio clim\u00e1tico - Los R\u00edos","og_description":"Invitaci\u00f3n gratuita y para todo p\u00fablico es la que realiza el Centro de Investigaci\u00f3n Din\u00e1mica de Ecosistemas Marinos de Altas Latitudes (Centro IDEAL) en dos jornadas, para el 15 y el 29 de julio a las 19 horas a trav\u00e9s de Zoom.","og_url":"https:\/\/dev.explora.cl\/rios\/invitan-a-conocer-el-increible-mundo-de-los-bosques-de-huiro-gigantes-centinelas-del-cambio-climatico\/","og_site_name":"Los R\u00edos","article_published_time":"2021-07-06T20:22:40+00:00","article_modified_time":"2021-08-31T15:38:40+00:00","og_image":[{"width":1000,"height":667,"url":"https:\/\/dev.explora.cl\/rios\/wp-content\/uploads\/sites\/16\/2021\/07\/ESM7642-1-1.jpg","type":"image\/jpeg"}],"author":"smancilla","twitter_card":"summary_large_image","twitter_misc":{"Escrito por":"smancilla","Tiempo estimado de lectura":"3 minutos"},"schema":{"@context":"https:\/\/schema.org","@graph":[{"@type":"Article","@id":"https:\/\/dev.explora.cl\/rios\/invitan-a-conocer-el-increible-mundo-de-los-bosques-de-huiro-gigantes-centinelas-del-cambio-climatico\/#article","isPartOf":{"@id":"https:\/\/dev.explora.cl\/rios\/invitan-a-conocer-el-increible-mundo-de-los-bosques-de-huiro-gigantes-centinelas-del-cambio-climatico\/"},"author":{"name":"smancilla","@id":"https:\/\/dev.explora.cl\/rios\/#\/schema\/person\/279896208736d277e75690dde6cc1ea9"},"headline":"Invitan a conocer el incre\u00edble mundo de los bosques de huiro: gigantes centinelas del cambio clim\u00e1tico","datePublished":"2021-07-06T20:22:40+00:00","dateModified":"2021-08-31T15:38:40+00:00","mainEntityOfPage":{"@id":"https:\/\/dev.explora.cl\/rios\/invitan-a-conocer-el-increible-mundo-de-los-bosques-de-huiro-gigantes-centinelas-del-cambio-climatico\/"},"wordCount":536,"commentCount":0,"image":{"@id":"https:\/\/dev.explora.cl\/rios\/invitan-a-conocer-el-increible-mundo-de-los-bosques-de-huiro-gigantes-centinelas-del-cambio-climatico\/#primaryimage"},"thumbnailUrl":"https:\/\/dev.explora.cl\/rios\/wp-content\/uploads\/sites\/16\/2021\/07\/ESM7642-1-1.jpg","keywords":["Ant\u00e1rtica","Centro IDEAL","charla","huiro"],"articleSection":["Noticias"],"inLanguage":"es-CL","potentialAction":[{"@type":"CommentAction","name":"Comment","target":["https:\/\/dev.explora.cl\/rios\/invitan-a-conocer-el-increible-mundo-de-los-bosques-de-huiro-gigantes-centinelas-del-cambio-climatico\/#respond"]}]},{"@type":"WebPage","@id":"https:\/\/dev.explora.cl\/rios\/invitan-a-conocer-el-increible-mundo-de-los-bosques-de-huiro-gigantes-centinelas-del-cambio-climatico\/","url":"https:\/\/dev.explora.cl\/rios\/invitan-a-conocer-el-increible-mundo-de-los-bosques-de-huiro-gigantes-centinelas-del-cambio-climatico\/","name":"Invitan a conocer el incre\u00edble mundo de los bosques de huiro: gigantes centinelas del cambio clim\u00e1tico - Los R\u00edos","isPartOf":{"@id":"https:\/\/dev.explora.cl\/rios\/#website"},"primaryImageOfPage":{"@id":"https:\/\/dev.explora.cl\/rios\/invitan-a-conocer-el-increible-mundo-de-los-bosques-de-huiro-gigantes-centinelas-del-cambio-climatico\/#primaryimage"},"image":{"@id":"https:\/\/dev.explora.cl\/rios\/invitan-a-conocer-el-increible-mundo-de-los-bosques-de-huiro-gigantes-centinelas-del-cambio-climatico\/#primaryimage"},"thumbnailUrl":"https:\/\/dev.explora.cl\/rios\/wp-content\/uploads\/sites\/16\/2021\/07\/ESM7642-1-1.jpg","datePublished":"2021-07-06T20:22:40+00:00","dateModified":"2021-08-31T15:38:40+00:00","author":{"@id":"https:\/\/dev.explora.cl\/rios\/#\/schema\/person\/279896208736d277e75690dde6cc1ea9"},"breadcrumb":{"@id":"https:\/\/dev.explora.cl\/rios\/invitan-a-conocer-el-increible-mundo-de-los-bosques-de-huiro-gigantes-centinelas-del-cambio-climatico\/#breadcrumb"},"inLanguage":"es-CL","potentialAction":[{"@type":"ReadAction","target":["https:\/\/dev.explora.cl\/rios\/invitan-a-conocer-el-increible-mundo-de-los-bosques-de-huiro-gigantes-centinelas-del-cambio-climatico\/"]}]},{"@type":"ImageObject","inLanguage":"es-CL","@id":"https:\/\/dev.explora.cl\/rios\/invitan-a-conocer-el-increible-mundo-de-los-bosques-de-huiro-gigantes-centinelas-del-cambio-climatico\/#primaryimage","url":"https:\/\/dev.explora.cl\/rios\/wp-content\/uploads\/sites\/16\/2021\/07\/ESM7642-1-1.jpg","contentUrl":"https:\/\/dev.explora.cl\/rios\/wp-content\/uploads\/sites\/16\/2021\/07\/ESM7642-1-1.jpg","width":1000,"height":667},{"@type":"BreadcrumbList","@id":"https:\/\/dev.explora.cl\/rios\/invitan-a-conocer-el-increible-mundo-de-los-bosques-de-huiro-gigantes-centinelas-del-cambio-climatico\/#breadcrumb","itemListElement":[{"@type":"ListItem","position":1,"name":"Portada","item":"https:\/\/dev.explora.cl\/rios\/"},{"@type":"ListItem","position":2,"name":"Invitan a conocer el incre\u00edble mundo de los bosques de huiro: gigantes centinelas del cambio clim\u00e1tico"}]},{"@type":"WebSite","@id":"https:\/\/dev.explora.cl\/rios\/#website","url":"https:\/\/dev.explora.cl\/rios\/","name":"Los R\u00edos","description":"Otro sitio m\u00e1s de dev.explora.cl","potentialAction":[{"@type":"SearchAction","target":{"@type":"EntryPoint","urlTemplate":"https:\/\/dev.explora.cl\/rios\/?s={search_term_string}"},"query-input":{"@type":"PropertyValueSpecification","valueRequired":true,"valueName":"search_term_string"}}],"inLanguage":"es-CL"},{"@type":"Person","@id":"https:\/\/dev.explora.cl\/rios\/#\/schema\/person\/279896208736d277e75690dde6cc1ea9","name":"smancilla","image":{"@type":"ImageObject","inLanguage":"es-CL","@id":"https:\/\/dev.explora.cl\/rios\/#\/schema\/person\/image\/","url":"https:\/\/secure.gravatar.com\/avatar\/a1c7f8b1dd453e8facadec2bf18354190c777b5556feaaadfa0f6a129ab9b015?s=96&d=mm&r=g","contentUrl":"https:\/\/secure.gravatar.com\/avatar\/a1c7f8b1dd453e8facadec2bf18354190c777b5556feaaadfa0f6a129ab9b015?s=96&d=mm&r=g","caption":"smancilla"},"url":"https:\/\/dev.explora.cl\/rios\/author\/smancilla\/"}]}},"_links":{"self":[{"href":"https:\/\/dev.explora.cl\/rios\/wp-json\/wp\/v2\/posts\/40024","targetHints":{"allow":["GET"]}}],"collection":[{"href":"https:\/\/dev.explora.cl\/rios\/wp-json\/wp\/v2\/posts"}],"about":[{"href":"https:\/\/dev.explora.cl\/rios\/wp-json\/wp\/v2\/types\/post"}],"author":[{"embeddable":true,"href":"https:\/\/dev.explora.cl\/rios\/wp-json\/wp\/v2\/users\/31"}],"replies":[{"embeddable":true,"href":"https:\/\/dev.explora.cl\/rios\/wp-json\/wp\/v2\/comments?post=40024"}],"version-history":[{"count":1,"href":"https:\/\/dev.explora.cl\/rios\/wp-json\/wp\/v2\/posts\/40024\/revisions"}],"predecessor-version":[{"id":40027,"href":"https:\/\/dev.explora.cl\/rios\/wp-json\/wp\/v2\/posts\/40024\/revisions\/40027"}],"wp:featuredmedia":[{"embeddable":true,"href":"https:\/\/dev.explora.cl\/rios\/wp-json\/wp\/v2\/media\/40026"}],"wp:attachment":[{"href":"https:\/\/dev.explora.cl\/rios\/wp-json\/wp\/v2\/media?parent=40024"}],"wp:term":[{"taxonomy":"category","embeddable":true,"href":"https:\/\/dev.explora.cl\/rios\/wp-json\/wp\/v2\/categories?post=40024"},{"taxonomy":"post_tag","embeddable":true,"href":"https:\/\/dev.explora.cl\/rios\/wp-json\/wp\/v2\/tags?post=40024"}],"curies":[{"name":"wp","href":"https:\/\/api.w.org\/{rel}","templated":true}]}}