{"id":40009,"date":"2021-06-29T12:45:09","date_gmt":"2021-06-29T16:45:09","guid":{"rendered":"https:\/\/dev.explora.cl\/rios\/?p=40009"},"modified":"2024-10-29T05:12:23","modified_gmt":"2024-10-29T08:12:23","slug":"resultadospipe2021","status":"publish","type":"post","link":"https:\/\/dev.explora.cl\/rios\/resultadospipe2021\/","title":{"rendered":"PIPE presenta a las profesionales que ser\u00e1n parte del programa en 2021"},"content":{"rendered":"<p>[vc_row][vc_column][vc_row_inner][vc_column_inner width=&#8221;2\/3&#8243;][vc_custom_heading text=&#8221;Profesionales de once comunas de la regi\u00f3n participar\u00e1n de las capacitaciones del Programa de Indagaci\u00f3n para Primeras Edades (PIPE) junto al Proyecto Explora Los R\u00edos del Ministerio de Ciencia.&#8221; font_container=&#8221;tag:h3|text_align:left&#8221;][\/vc_column_inner][vc_column_inner width=&#8221;1\/3&#8243;][vc_btn title=&#8221;Descargar Listado&#8221; style=&#8221;custom&#8221; custom_background=&#8221;#81d742&#8243; custom_text=&#8221;#ffffff&#8221; size=&#8221;lg&#8221; align=&#8221;center&#8221; i_align=&#8221;right&#8221; i_icon_fontawesome=&#8221;fa fa-arrow-circle-right&#8221; button_block=&#8221;true&#8221; add_icon=&#8221;true&#8221; link=&#8221;url:https%3A%2F%2Fdev.explora.cl%2Frios%2Fwp-content%2Fuploads%2Fsites%2F16%2F2021%2F06%2FResultados-PIPE-2021.pdf|||&#8221;][\/vc_column_inner][\/vc_row_inner][vc_column_text]Ayudar a descubrir el mundo que les rodea ser\u00e1 la tarea de 25 profesionales de la educaci\u00f3n inicial que participar\u00e1n de las capacitaciones del Programa de Indagaci\u00f3n para Primeras Edades, iniciativa del Proyecto Explora Los R\u00edos del Ministerio de Ciencia, Tecnolog\u00eda, Conocimiento e Innovaci\u00f3n y que ejecuta la Universidad Austral de Chile, <a href=\"https:\/\/slotogate.com\/es\/casino\/dinero-real\/\">juegos de casino con dinero real<\/a>.<\/p>\n<p>Las capacitaciones se desarrollar\u00e1n en agosto y al finalizar se entregar\u00e1 un kit pedag\u00f3gico para concretar las actividades con ni\u00f1os y ni\u00f1as de la regi\u00f3n. Conozca a las profesionales y equipos que participar\u00e1n en 2021 a continuaci\u00f3n:<br \/>\nLongevity papildai <a href=\"https:\/\/lcell.lt\">L Cell<\/a>[\/vc_column_text][vc_column_text]<\/p>\n<table style=\"font-size: 0.8em\" border=\"0\" cellspacing=\"0\">\n<tbody>\n<tr>\n<td align=\"left\" valign=\"middle\" bgcolor=\"#DD8F5F\" height=\"28\"><b><span style=\"color: #ffffff\">Establecimiento<\/span><\/b><\/td>\n<td align=\"left\" valign=\"middle\" bgcolor=\"#DD8F5F\"><b><span style=\"color: #ffffff\">Comuna<\/span><\/b><\/td>\n<td align=\"left\" valign=\"middle\" bgcolor=\"#DD8F5F\"><b><span style=\"color: #ffffff\">Nombre<\/span><\/b><\/td>\n<td align=\"left\" valign=\"middle\" bgcolor=\"#DD8F5F\"><b><span style=\"color: #ffffff\">Equipo<\/span><\/b><\/td>\n<\/tr>\n<tr>\n<td align=\"left\" valign=\"middle\" height=\"40\"><span style=\"color: #000000\">Colegio Bicentenario Crucero &#8220;Oscar Daniel&#8221;<\/span><\/td>\n<td align=\"left\" valign=\"middle\"><span style=\"color: #000000\">R\u00edo Bueno<\/span><\/td>\n<td align=\"left\" valign=\"middle\"><span style=\"color: #000000\">Garrido Silva Jeannett Ines<\/span><\/td>\n<td align=\"left\" valign=\"middle\"><span style=\"color: #000000\">Delgado Ya\u00f1ez Miriam Yanette<br \/>\nOjeda Beascoechea Paula Tamara<\/span><\/td>\n<\/tr>\n<tr>\n<td align=\"left\" valign=\"middle\" bgcolor=\"#F3D9C9\" height=\"28\"><span style=\"color: #000000\">Colegio De Cultura Y Difusi\u00f3n Art\u00edstica<\/span><\/td>\n<td align=\"left\" valign=\"middle\" bgcolor=\"#F3D9C9\"><span style=\"color: #000000\">La Uni\u00f3n<\/span><\/td>\n<td align=\"left\" valign=\"middle\" bgcolor=\"#F3D9C9\"><span style=\"color: #000000\">Kurten Mart\u00ednez Jocelyn Aylin<\/span><\/td>\n<td align=\"left\" valign=\"middle\" bgcolor=\"#F3D9C9\"><span style=\"color: #000000\">Daniela Limpayante<\/span><\/td>\n<\/tr>\n<tr>\n<td align=\"left\" valign=\"middle\" height=\"28\"><span style=\"color: #000000\">Colegio Mar\u00eda Reina<\/span><\/td>\n<td align=\"left\" valign=\"middle\"><span style=\"color: #000000\">Lanco<\/span><\/td>\n<td align=\"left\" valign=\"middle\"><span style=\"color: #000000\">Torres Burgos Victoria Natai<\/span><\/td>\n<td align=\"left\" valign=\"middle\"><span style=\"color: #000000\">N\/A<\/span><\/td>\n<\/tr>\n<tr>\n<td align=\"left\" valign=\"middle\" bgcolor=\"#F3D9C9\" height=\"28\"><span style=\"color: #000000\">Colegio Padre Damian<\/span><\/td>\n<td align=\"left\" valign=\"middle\" bgcolor=\"#F3D9C9\"><span style=\"color: #000000\">La Uni\u00f3n<\/span><\/td>\n<td align=\"left\" valign=\"middle\" bgcolor=\"#F3D9C9\"><span style=\"color: #000000\">Guerra Bahomondes Maria Jose<\/span><\/td>\n<td align=\"left\" valign=\"middle\" bgcolor=\"#F3D9C9\"><span style=\"color: #000000\">N\/A<\/span><\/td>\n<\/tr>\n<tr>\n<td align=\"left\" valign=\"middle\" height=\"28\"><span style=\"color: #000000\">Colegio San Jos\u00e9<\/span><\/td>\n<td align=\"left\" valign=\"middle\"><span style=\"color: #000000\">Mariquina<\/span><\/td>\n<td align=\"left\" valign=\"middle\"><span style=\"color: #000000\">V\u00e1squez Guarda Rosa Miriam<\/span><\/td>\n<td align=\"left\" valign=\"middle\"><span style=\"color: #000000\">Karen Sanzana<\/span><\/td>\n<\/tr>\n<tr>\n<td align=\"left\" valign=\"middle\" bgcolor=\"#F3D9C9\" height=\"40\"><span style=\"color: #000000\">Escuela Angachilla<\/span><\/td>\n<td align=\"left\" valign=\"middle\" bgcolor=\"#F3D9C9\"><span style=\"color: #000000\">Valdivia<\/span><\/td>\n<td align=\"left\" valign=\"middle\" bgcolor=\"#F3D9C9\"><span style=\"color: #000000\">Smoje San Mart\u00edn Cintia Vanessa<\/span><\/td>\n<td align=\"left\" valign=\"middle\" bgcolor=\"#F3D9C9\"><span style=\"color: #000000\">Cintia Smoje<br \/>\nWaleska Hern\u00e1ndez<br \/>\nYessenia Lignai, Karen Chavez<br \/>\nPamela Silva<\/span><\/td>\n<\/tr>\n<tr>\n<td align=\"left\" valign=\"middle\" height=\"28\"><span style=\"color: #000000\">Escuela Espa\u00f1a<\/span><\/td>\n<td align=\"left\" valign=\"middle\"><span style=\"color: #000000\">Valdivia<\/span><\/td>\n<td align=\"left\" valign=\"middle\"><span style=\"color: #000000\">C\u00e1rcamo Leiva Darling Mariel<\/span><\/td>\n<td align=\"left\" valign=\"middle\"><span style=\"color: #000000\">N\/A<\/span><\/td>\n<\/tr>\n<tr>\n<td align=\"left\" valign=\"middle\" bgcolor=\"#F3D9C9\" height=\"60\"><span style=\"color: #000000\">Escuela Nueva Aurora<\/span><\/td>\n<td align=\"left\" valign=\"middle\" bgcolor=\"#F3D9C9\"><span style=\"color: #000000\">Paillaco<\/span><\/td>\n<td align=\"left\" valign=\"middle\" bgcolor=\"#F3D9C9\"><span style=\"color: #000000\">Sep\u00falveda Rivas Mar\u00eda Elena<\/span><\/td>\n<td align=\"left\" valign=\"middle\" bgcolor=\"#F3D9C9\"><span style=\"color: #000000\">Juana Ester Belmar Lillo<br \/>\nMaritza Yovanna Delgado Carrasco<br \/>\nMariechenne Sebastiana Mu\u00f1oz Gallegos<br \/>\nMar\u00eda Elena Sep\u00falveda Rivas<\/span><\/td>\n<\/tr>\n<tr>\n<td align=\"left\" valign=\"middle\" height=\"28\"><span style=\"color: #000000\">Escuela Rural 21 De Mayo<\/span><\/td>\n<td align=\"left\" valign=\"middle\"><span style=\"color: #000000\">Paillaco<\/span><\/td>\n<td align=\"left\" valign=\"middle\"><span style=\"color: #000000\">Catrihual Neguiman Rosa Jeannette<\/span><\/td>\n<td align=\"left\" valign=\"middle\"><span style=\"color: #000000\">Mariana Garrido Arteaga<\/span><\/td>\n<\/tr>\n<tr>\n<td align=\"left\" valign=\"middle\" bgcolor=\"#F3D9C9\" height=\"28\"><span style=\"color: #000000\">Escuela Rural Chaihuin<\/span><\/td>\n<td align=\"left\" valign=\"middle\" bgcolor=\"#F3D9C9\"><span style=\"color: #000000\">Corral<\/span><\/td>\n<td align=\"left\" valign=\"middle\" bgcolor=\"#F3D9C9\"><span style=\"color: #000000\">Sep\u00falveda Gonz\u00e1lez Daniela Tamara<\/span><\/td>\n<td align=\"left\" valign=\"middle\" bgcolor=\"#F3D9C9\"><span style=\"color: #000000\">Valeria Estefan\u00eda Lizana Andrade<\/span><\/td>\n<\/tr>\n<tr>\n<td align=\"left\" valign=\"middle\" height=\"28\"><span style=\"color: #000000\">Escuela Rural Puerto Nuevo<\/span><\/td>\n<td align=\"left\" valign=\"middle\"><span style=\"color: #000000\">La Uni\u00f3n<\/span><\/td>\n<td align=\"left\" valign=\"middle\"><span style=\"color: #000000\">Toledo Ampuero Gianinna Vanessa<\/span><\/td>\n<td align=\"left\" valign=\"middle\"><span style=\"color: #000000\">N\/A<\/span><\/td>\n<\/tr>\n<tr>\n<td align=\"left\" valign=\"middle\" bgcolor=\"#F3D9C9\" height=\"40\"><span style=\"color: #000000\">Escuela Rural Rehueico<\/span><\/td>\n<td align=\"left\" valign=\"middle\" bgcolor=\"#F3D9C9\"><span style=\"color: #000000\">Panguipulli<\/span><\/td>\n<td align=\"left\" valign=\"middle\" bgcolor=\"#F3D9C9\"><span style=\"color: #000000\">Albornoz Naval\u00f3n Patricia Irene<\/span><\/td>\n<td align=\"left\" valign=\"middle\" bgcolor=\"#F3D9C9\"><span style=\"color: #000000\">Manuel Ortega Retamal<br \/>\nLeticia Ringler Ringler<br \/>\nCarla Obando Antiqueo<br \/>\nPatricia Albornoz Naval\u00f3n<\/span><\/td>\n<\/tr>\n<tr>\n<td align=\"left\" valign=\"middle\" height=\"28\"><span style=\"color: #000000\">Escuela Rural Trapi<\/span><\/td>\n<td align=\"left\" valign=\"middle\"><span style=\"color: #000000\">R\u00edo Bueno<\/span><\/td>\n<td align=\"left\" valign=\"middle\"><span style=\"color: #000000\">Cisterna Nu\u00f1ez Stefani Guillermina<\/span><\/td>\n<td align=\"left\" valign=\"middle\"><span style=\"color: #000000\">N\/A<\/span><\/td>\n<\/tr>\n<tr>\n<td align=\"left\" valign=\"middle\" bgcolor=\"#F3D9C9\" height=\"28\"><span style=\"color: #000000\">Huellitas Del Ranco<\/span><\/td>\n<td align=\"left\" valign=\"middle\" bgcolor=\"#F3D9C9\"><span style=\"color: #000000\">Futrono<\/span><\/td>\n<td align=\"left\" valign=\"middle\" bgcolor=\"#F3D9C9\"><span style=\"color: #000000\">Murua Ulloa Adriana Abigail<\/span><\/td>\n<td align=\"left\" valign=\"middle\" bgcolor=\"#F3D9C9\"><span style=\"color: #000000\">N\/A<\/span><\/td>\n<\/tr>\n<tr>\n<td align=\"left\" valign=\"middle\" height=\"40\"><span style=\"color: #000000\">Jardin Infantil Carita Feliz<\/span><\/td>\n<td align=\"left\" valign=\"middle\"><span style=\"color: #000000\">Paillaco<\/span><\/td>\n<td align=\"left\" valign=\"middle\"><span style=\"color: #000000\">Torres Pasten Nicol Alexandra<\/span><\/td>\n<td align=\"left\" valign=\"middle\"><span style=\"color: #000000\">Cintha Pereira Pereira<br \/>\nVictoria Martinez<\/span><\/td>\n<\/tr>\n<tr>\n<td align=\"left\" valign=\"middle\" bgcolor=\"#F3D9C9\" height=\"28\"><span style=\"color: #000000\">Jard\u00edn Infantil Reto\u00f1os Del Lingue<\/span><\/td>\n<td align=\"left\" valign=\"middle\" bgcolor=\"#F3D9C9\"><span style=\"color: #000000\">Mariquina<\/span><\/td>\n<td align=\"left\" valign=\"middle\" bgcolor=\"#F3D9C9\"><span style=\"color: #000000\">Rapim\u00e1n Acu\u00f1a Soledad Eugenia<\/span><\/td>\n<td align=\"left\" valign=\"middle\" bgcolor=\"#F3D9C9\"><span style=\"color: #000000\">N\/A<\/span><\/td>\n<\/tr>\n<tr>\n<td align=\"left\" valign=\"middle\" height=\"28\"><span style=\"color: #000000\">Jard\u00edn Infantil Tralcancito De Ri\u00f1ihue<\/span><\/td>\n<td align=\"left\" valign=\"middle\"><span style=\"color: #000000\">Los Lagos<\/span><\/td>\n<td align=\"left\" valign=\"middle\"><span style=\"color: #000000\">Manriquez D\u00edaz Eugenia Nataly<\/span><\/td>\n<td align=\"left\" valign=\"middle\"><span style=\"color: #000000\">N\/A<\/span><\/td>\n<\/tr>\n<tr>\n<td align=\"left\" valign=\"middle\" bgcolor=\"#F3D9C9\" height=\"28\"><span style=\"color: #000000\">JI Y SC &#8220;Mi Peque\u00f1o Sue\u00f1o&#8221;.<\/span><\/td>\n<td align=\"left\" valign=\"middle\" bgcolor=\"#F3D9C9\"><span style=\"color: #000000\">Paillaco<\/span><\/td>\n<td align=\"left\" valign=\"middle\" bgcolor=\"#F3D9C9\"><span style=\"color: #000000\">Ib\u00e1\u00f1ez Jaramillo Yessenia Amalia<\/span><\/td>\n<td align=\"left\" valign=\"middle\" bgcolor=\"#F3D9C9\"><span style=\"color: #000000\">N\/A<\/span><\/td>\n<\/tr>\n<tr>\n<td align=\"left\" valign=\"middle\" height=\"40\"><span style=\"color: #000000\">Liceo Politecnico &#8220;Pesquero&#8221;-Mehuin<\/span><\/td>\n<td align=\"left\" valign=\"middle\"><span style=\"color: #000000\">Mariquina<\/span><\/td>\n<td align=\"left\" valign=\"middle\"><span style=\"color: #000000\">Estrada Alvial Susana Ivonne<\/span><\/td>\n<td align=\"left\" valign=\"middle\"><span style=\"color: #000000\">Susana Estrada Alvial<br \/>\nPaulina Cas Tillo Mariano<\/span><\/td>\n<\/tr>\n<tr>\n<td align=\"left\" valign=\"middle\" bgcolor=\"#F3D9C9\" height=\"40\"><span style=\"color: #000000\">Los Brotecitos De Ignao<\/span><\/td>\n<td align=\"left\" valign=\"middle\" bgcolor=\"#F3D9C9\"><span style=\"color: #000000\">Lago Ranco<\/span><\/td>\n<td align=\"left\" valign=\"middle\" bgcolor=\"#F3D9C9\"><span style=\"color: #000000\">Obando Ojeda Patricia Del Carmen<\/span><\/td>\n<td align=\"left\" valign=\"middle\" bgcolor=\"#F3D9C9\"><span style=\"color: #000000\">Carmen Mendoza<br \/>\nMaribel Rudolph<br \/>\nTahia Calfulef Calfulef<\/span><\/td>\n<\/tr>\n<tr>\n<td align=\"left\" valign=\"middle\" height=\"28\"><span style=\"color: #000000\">Sala Cuna Y Jardin Infantil &#8220;Rincon Del Paraiso&#8221;<\/span><\/td>\n<td align=\"left\" valign=\"middle\"><span style=\"color: #000000\">Lago Ranco<\/span><\/td>\n<td align=\"left\" valign=\"middle\"><span style=\"color: #000000\">Bello Castillo Carolina Isabel<\/span><\/td>\n<td align=\"left\" valign=\"middle\"><span style=\"color: #000000\">Carolina Bello Castillo<\/span><\/td>\n<\/tr>\n<tr>\n<td align=\"left\" valign=\"middle\" bgcolor=\"#F3D9C9\" height=\"28\"><span style=\"color: #000000\">Sala Cuna Y Jardin Infantil Ayelen Mapu Junji<\/span><\/td>\n<td align=\"left\" valign=\"middle\" bgcolor=\"#F3D9C9\"><span style=\"color: #000000\">R\u00edo Bueno<\/span><\/td>\n<td align=\"left\" valign=\"middle\" bgcolor=\"#F3D9C9\"><span style=\"color: #000000\">Nu\u00f1ez Castro Francesca Soraya<\/span><\/td>\n<td align=\"left\" valign=\"middle\" bgcolor=\"#F3D9C9\"><span style=\"color: #000000\">N\/A<\/span><\/td>\n<\/tr>\n<tr>\n<td align=\"left\" valign=\"middle\" height=\"28\"><span style=\"color: #000000\">Sala Cuna Y Jard\u00edn Infantil Creando Sue\u00f1os<\/span><\/td>\n<td align=\"left\" valign=\"middle\"><span style=\"color: #000000\">La Uni\u00f3n<\/span><\/td>\n<td align=\"left\" valign=\"middle\"><span style=\"color: #000000\">Pardo Uribe Sandra Yamilet<\/span><\/td>\n<td align=\"left\" valign=\"middle\"><span style=\"color: #000000\">N\/A<\/span><\/td>\n<\/tr>\n<tr>\n<td align=\"left\" valign=\"middle\" bgcolor=\"#F3D9C9\" height=\"28\"><span style=\"color: #000000\">SC Y JI Ayel Mapu<\/span><\/td>\n<td align=\"left\" valign=\"middle\" bgcolor=\"#F3D9C9\"><span style=\"color: #000000\">R\u00edo Bueno<\/span><\/td>\n<td align=\"left\" valign=\"middle\" bgcolor=\"#F3D9C9\"><span style=\"color: #000000\">Ag\u00fcero Silva Natalia Abigail<\/span><\/td>\n<td align=\"left\" valign=\"middle\" bgcolor=\"#F3D9C9\"><span style=\"color: #000000\">N\/A<\/span><\/td>\n<\/tr>\n<tr>\n<td align=\"left\" valign=\"middle\" height=\"28\"><span style=\"color: #000000\">Brotecitos Del Campo<\/span><\/td>\n<td align=\"left\" valign=\"middle\"><span style=\"color: #000000\">La Uni\u00f3n<\/span><\/td>\n<td align=\"left\" valign=\"middle\"><span style=\"color: #000000\">Suazo C\u00e1rdenas Claudia Eduvigis<\/span><\/td>\n<td align=\"left\" valign=\"middle\"><span style=\"color: #000000\">N\/A<\/span><\/td>\n<\/tr>\n<\/tbody>\n<\/table>\n<p>[\/vc_column_text][\/vc_column][\/vc_row][vc_row css=&#8221;.vc_custom_1614888019520{border-top-width: 1px !important;border-top-color: #b6b6b6 !important;border-top-style: solid !important;}&#8221;][vc_column][vc_column_text]<\/p>\n<p style=\"text-align: center;font-size: 0.9em;color: #b6b6b6\"><a href=\"https:\/\/dev.explora.cl\/rios\/protocolo\">Revisa nuestro Protocolo para Trabajo con Ni\u00f1os, Ni\u00f1as y Adolescentes<\/a><\/p>\n<p>[\/vc_column_text][\/vc_column][\/vc_row]<\/p>\n","protected":false},"excerpt":{"rendered":"<p>Profesionales de once comunas de la regi\u00f3n participar\u00e1n de las capacitaciones del Programa de Indagaci\u00f3n para Primeras Edades (PIPE) junto al Proyecto Explora Los R\u00edos del Ministerio de Ciencia.<\/p>\n","protected":false},"author":31,"featured_media":40013,"comment_status":"open","ping_status":"open","sticky":false,"template":"","format":"standard","meta":{"_acf_changed":false,"_exactmetrics_skip_tracking":false,"_exactmetrics_sitenote_active":false,"_exactmetrics_sitenote_note":"","_exactmetrics_sitenote_category":0,"footnotes":"","_links_to":"","_links_to_target":""},"categories":[151],"tags":[353,277,288,408,208],"class_list":["post-40009","post","type-post","status-publish","format-standard","has-post-thumbnail","hentry","category-banner","tag-capacitacion-docente","tag-educacion-inicial","tag-pipe","tag-primeras-edades","tag-resultados"],"acf":[],"yoast_head":"<!-- This site is optimized with the Yoast SEO plugin v26.7 - https:\/\/yoast.com\/wordpress\/plugins\/seo\/ -->\n<title>PIPE presenta a las profesionales que ser\u00e1n parte del programa en 2021 - Los R\u00edos<\/title>\n<meta name=\"robots\" content=\"index, follow, max-snippet:-1, max-image-preview:large, max-video-preview:-1\" \/>\n<link rel=\"canonical\" href=\"https:\/\/dev.explora.cl\/rios\/resultadospipe2021\/\" class=\"yoast-seo-meta-tag\" \/>\n<meta property=\"og:locale\" content=\"es_ES\" class=\"yoast-seo-meta-tag\" \/>\n<meta property=\"og:type\" content=\"article\" class=\"yoast-seo-meta-tag\" \/>\n<meta property=\"og:title\" content=\"PIPE presenta a las profesionales que ser\u00e1n parte del programa en 2021 - Los R\u00edos\" class=\"yoast-seo-meta-tag\" \/>\n<meta property=\"og:description\" content=\"Profesionales de once comunas de la regi\u00f3n participar\u00e1n de las capacitaciones del Programa de Indagaci\u00f3n para Primeras Edades (PIPE) junto al Proyecto Explora Los R\u00edos del Ministerio de Ciencia.\" class=\"yoast-seo-meta-tag\" \/>\n<meta property=\"og:url\" content=\"https:\/\/dev.explora.cl\/rios\/resultadospipe2021\/\" class=\"yoast-seo-meta-tag\" \/>\n<meta property=\"og:site_name\" content=\"Los R\u00edos\" class=\"yoast-seo-meta-tag\" \/>\n<meta property=\"article:published_time\" content=\"2021-06-29T16:45:09+00:00\" class=\"yoast-seo-meta-tag\" \/>\n<meta property=\"article:modified_time\" content=\"2024-10-29T08:12:23+00:00\" class=\"yoast-seo-meta-tag\" \/>\n<meta property=\"og:image\" content=\"https:\/\/dev.explora.cl\/rios\/wp-content\/uploads\/sites\/16\/2021\/06\/Banner-Pipe-video.gif\" class=\"yoast-seo-meta-tag\" \/>\n\t<meta property=\"og:image:width\" content=\"724\" class=\"yoast-seo-meta-tag\" \/>\n\t<meta property=\"og:image:height\" content=\"356\" class=\"yoast-seo-meta-tag\" \/>\n\t<meta property=\"og:image:type\" content=\"image\/gif\" class=\"yoast-seo-meta-tag\" \/>\n<meta name=\"author\" content=\"smancilla\" class=\"yoast-seo-meta-tag\" \/>\n<meta name=\"twitter:card\" content=\"summary_large_image\" class=\"yoast-seo-meta-tag\" \/>\n<meta name=\"twitter:label1\" content=\"Escrito por\" class=\"yoast-seo-meta-tag\" \/>\n\t<meta name=\"twitter:data1\" content=\"smancilla\" class=\"yoast-seo-meta-tag\" \/>\n\t<meta name=\"twitter:label2\" content=\"Tiempo estimado de lectura\" class=\"yoast-seo-meta-tag\" \/>\n\t<meta name=\"twitter:data2\" content=\"3 minutos\" class=\"yoast-seo-meta-tag\" \/>\n<script type=\"application\/ld+json\" class=\"yoast-schema-graph\">{\"@context\":\"https:\/\/schema.org\",\"@graph\":[{\"@type\":\"Article\",\"@id\":\"https:\/\/dev.explora.cl\/rios\/resultadospipe2021\/#article\",\"isPartOf\":{\"@id\":\"https:\/\/dev.explora.cl\/rios\/resultadospipe2021\/\"},\"author\":{\"name\":\"smancilla\",\"@id\":\"https:\/\/dev.explora.cl\/rios\/#\/schema\/person\/279896208736d277e75690dde6cc1ea9\"},\"headline\":\"PIPE presenta a las profesionales que ser\u00e1n parte del programa en 2021\",\"datePublished\":\"2021-06-29T16:45:09+00:00\",\"dateModified\":\"2024-10-29T08:12:23+00:00\",\"mainEntityOfPage\":{\"@id\":\"https:\/\/dev.explora.cl\/rios\/resultadospipe2021\/\"},\"wordCount\":693,\"commentCount\":0,\"image\":{\"@id\":\"https:\/\/dev.explora.cl\/rios\/resultadospipe2021\/#primaryimage\"},\"thumbnailUrl\":\"https:\/\/dev.explora.cl\/rios\/wp-content\/uploads\/sites\/16\/2021\/06\/Banner-Pipe-video.gif\",\"keywords\":[\"capacitaci\u00f3n docente\",\"educaci\u00f3n inicial\",\"pipe\",\"primeras edades\",\"resultados\"],\"articleSection\":[\"Banner\"],\"inLanguage\":\"es-CL\",\"potentialAction\":[{\"@type\":\"CommentAction\",\"name\":\"Comment\",\"target\":[\"https:\/\/dev.explora.cl\/rios\/resultadospipe2021\/#respond\"]}]},{\"@type\":\"WebPage\",\"@id\":\"https:\/\/dev.explora.cl\/rios\/resultadospipe2021\/\",\"url\":\"https:\/\/dev.explora.cl\/rios\/resultadospipe2021\/\",\"name\":\"PIPE presenta a las profesionales que ser\u00e1n parte del programa en 2021 - Los R\u00edos\",\"isPartOf\":{\"@id\":\"https:\/\/dev.explora.cl\/rios\/#website\"},\"primaryImageOfPage\":{\"@id\":\"https:\/\/dev.explora.cl\/rios\/resultadospipe2021\/#primaryimage\"},\"image\":{\"@id\":\"https:\/\/dev.explora.cl\/rios\/resultadospipe2021\/#primaryimage\"},\"thumbnailUrl\":\"https:\/\/dev.explora.cl\/rios\/wp-content\/uploads\/sites\/16\/2021\/06\/Banner-Pipe-video.gif\",\"datePublished\":\"2021-06-29T16:45:09+00:00\",\"dateModified\":\"2024-10-29T08:12:23+00:00\",\"author\":{\"@id\":\"https:\/\/dev.explora.cl\/rios\/#\/schema\/person\/279896208736d277e75690dde6cc1ea9\"},\"breadcrumb\":{\"@id\":\"https:\/\/dev.explora.cl\/rios\/resultadospipe2021\/#breadcrumb\"},\"inLanguage\":\"es-CL\",\"potentialAction\":[{\"@type\":\"ReadAction\",\"target\":[\"https:\/\/dev.explora.cl\/rios\/resultadospipe2021\/\"]}]},{\"@type\":\"ImageObject\",\"inLanguage\":\"es-CL\",\"@id\":\"https:\/\/dev.explora.cl\/rios\/resultadospipe2021\/#primaryimage\",\"url\":\"https:\/\/dev.explora.cl\/rios\/wp-content\/uploads\/sites\/16\/2021\/06\/Banner-Pipe-video.gif\",\"contentUrl\":\"https:\/\/dev.explora.cl\/rios\/wp-content\/uploads\/sites\/16\/2021\/06\/Banner-Pipe-video.gif\",\"width\":724,\"height\":356},{\"@type\":\"BreadcrumbList\",\"@id\":\"https:\/\/dev.explora.cl\/rios\/resultadospipe2021\/#breadcrumb\",\"itemListElement\":[{\"@type\":\"ListItem\",\"position\":1,\"name\":\"Portada\",\"item\":\"https:\/\/dev.explora.cl\/rios\/\"},{\"@type\":\"ListItem\",\"position\":2,\"name\":\"PIPE presenta a las profesionales que ser\u00e1n parte del programa en 2021\"}]},{\"@type\":\"WebSite\",\"@id\":\"https:\/\/dev.explora.cl\/rios\/#website\",\"url\":\"https:\/\/dev.explora.cl\/rios\/\",\"name\":\"Los R\u00edos\",\"description\":\"Otro sitio m\u00e1s de dev.explora.cl\",\"potentialAction\":[{\"@type\":\"SearchAction\",\"target\":{\"@type\":\"EntryPoint\",\"urlTemplate\":\"https:\/\/dev.explora.cl\/rios\/?s={search_term_string}\"},\"query-input\":{\"@type\":\"PropertyValueSpecification\",\"valueRequired\":true,\"valueName\":\"search_term_string\"}}],\"inLanguage\":\"es-CL\"},{\"@type\":\"Person\",\"@id\":\"https:\/\/dev.explora.cl\/rios\/#\/schema\/person\/279896208736d277e75690dde6cc1ea9\",\"name\":\"smancilla\",\"image\":{\"@type\":\"ImageObject\",\"inLanguage\":\"es-CL\",\"@id\":\"https:\/\/dev.explora.cl\/rios\/#\/schema\/person\/image\/\",\"url\":\"https:\/\/secure.gravatar.com\/avatar\/a1c7f8b1dd453e8facadec2bf18354190c777b5556feaaadfa0f6a129ab9b015?s=96&d=mm&r=g\",\"contentUrl\":\"https:\/\/secure.gravatar.com\/avatar\/a1c7f8b1dd453e8facadec2bf18354190c777b5556feaaadfa0f6a129ab9b015?s=96&d=mm&r=g\",\"caption\":\"smancilla\"},\"url\":\"https:\/\/dev.explora.cl\/rios\/author\/smancilla\/\"}]}<\/script>\n<!-- \/ Yoast SEO plugin. -->","yoast_head_json":{"title":"PIPE presenta a las profesionales que ser\u00e1n parte del programa en 2021 - Los R\u00edos","robots":{"index":"index","follow":"follow","max-snippet":"max-snippet:-1","max-image-preview":"max-image-preview:large","max-video-preview":"max-video-preview:-1"},"canonical":"https:\/\/dev.explora.cl\/rios\/resultadospipe2021\/","og_locale":"es_ES","og_type":"article","og_title":"PIPE presenta a las profesionales que ser\u00e1n parte del programa en 2021 - Los R\u00edos","og_description":"Profesionales de once comunas de la regi\u00f3n participar\u00e1n de las capacitaciones del Programa de Indagaci\u00f3n para Primeras Edades (PIPE) junto al Proyecto Explora Los R\u00edos del Ministerio de Ciencia.","og_url":"https:\/\/dev.explora.cl\/rios\/resultadospipe2021\/","og_site_name":"Los R\u00edos","article_published_time":"2021-06-29T16:45:09+00:00","article_modified_time":"2024-10-29T08:12:23+00:00","og_image":[{"url":"https:\/\/dev.explora.cl\/rios\/wp-content\/uploads\/sites\/16\/2021\/06\/Banner-Pipe-video.gif","width":724,"height":356,"type":"image\/gif"}],"author":"smancilla","twitter_card":"summary_large_image","twitter_misc":{"Escrito por":"smancilla","Tiempo estimado de lectura":"3 minutos"},"schema":{"@context":"https:\/\/schema.org","@graph":[{"@type":"Article","@id":"https:\/\/dev.explora.cl\/rios\/resultadospipe2021\/#article","isPartOf":{"@id":"https:\/\/dev.explora.cl\/rios\/resultadospipe2021\/"},"author":{"name":"smancilla","@id":"https:\/\/dev.explora.cl\/rios\/#\/schema\/person\/279896208736d277e75690dde6cc1ea9"},"headline":"PIPE presenta a las profesionales que ser\u00e1n parte del programa en 2021","datePublished":"2021-06-29T16:45:09+00:00","dateModified":"2024-10-29T08:12:23+00:00","mainEntityOfPage":{"@id":"https:\/\/dev.explora.cl\/rios\/resultadospipe2021\/"},"wordCount":693,"commentCount":0,"image":{"@id":"https:\/\/dev.explora.cl\/rios\/resultadospipe2021\/#primaryimage"},"thumbnailUrl":"https:\/\/dev.explora.cl\/rios\/wp-content\/uploads\/sites\/16\/2021\/06\/Banner-Pipe-video.gif","keywords":["capacitaci\u00f3n docente","educaci\u00f3n inicial","pipe","primeras edades","resultados"],"articleSection":["Banner"],"inLanguage":"es-CL","potentialAction":[{"@type":"CommentAction","name":"Comment","target":["https:\/\/dev.explora.cl\/rios\/resultadospipe2021\/#respond"]}]},{"@type":"WebPage","@id":"https:\/\/dev.explora.cl\/rios\/resultadospipe2021\/","url":"https:\/\/dev.explora.cl\/rios\/resultadospipe2021\/","name":"PIPE presenta a las profesionales que ser\u00e1n parte del programa en 2021 - Los R\u00edos","isPartOf":{"@id":"https:\/\/dev.explora.cl\/rios\/#website"},"primaryImageOfPage":{"@id":"https:\/\/dev.explora.cl\/rios\/resultadospipe2021\/#primaryimage"},"image":{"@id":"https:\/\/dev.explora.cl\/rios\/resultadospipe2021\/#primaryimage"},"thumbnailUrl":"https:\/\/dev.explora.cl\/rios\/wp-content\/uploads\/sites\/16\/2021\/06\/Banner-Pipe-video.gif","datePublished":"2021-06-29T16:45:09+00:00","dateModified":"2024-10-29T08:12:23+00:00","author":{"@id":"https:\/\/dev.explora.cl\/rios\/#\/schema\/person\/279896208736d277e75690dde6cc1ea9"},"breadcrumb":{"@id":"https:\/\/dev.explora.cl\/rios\/resultadospipe2021\/#breadcrumb"},"inLanguage":"es-CL","potentialAction":[{"@type":"ReadAction","target":["https:\/\/dev.explora.cl\/rios\/resultadospipe2021\/"]}]},{"@type":"ImageObject","inLanguage":"es-CL","@id":"https:\/\/dev.explora.cl\/rios\/resultadospipe2021\/#primaryimage","url":"https:\/\/dev.explora.cl\/rios\/wp-content\/uploads\/sites\/16\/2021\/06\/Banner-Pipe-video.gif","contentUrl":"https:\/\/dev.explora.cl\/rios\/wp-content\/uploads\/sites\/16\/2021\/06\/Banner-Pipe-video.gif","width":724,"height":356},{"@type":"BreadcrumbList","@id":"https:\/\/dev.explora.cl\/rios\/resultadospipe2021\/#breadcrumb","itemListElement":[{"@type":"ListItem","position":1,"name":"Portada","item":"https:\/\/dev.explora.cl\/rios\/"},{"@type":"ListItem","position":2,"name":"PIPE presenta a las profesionales que ser\u00e1n parte del programa en 2021"}]},{"@type":"WebSite","@id":"https:\/\/dev.explora.cl\/rios\/#website","url":"https:\/\/dev.explora.cl\/rios\/","name":"Los R\u00edos","description":"Otro sitio m\u00e1s de dev.explora.cl","potentialAction":[{"@type":"SearchAction","target":{"@type":"EntryPoint","urlTemplate":"https:\/\/dev.explora.cl\/rios\/?s={search_term_string}"},"query-input":{"@type":"PropertyValueSpecification","valueRequired":true,"valueName":"search_term_string"}}],"inLanguage":"es-CL"},{"@type":"Person","@id":"https:\/\/dev.explora.cl\/rios\/#\/schema\/person\/279896208736d277e75690dde6cc1ea9","name":"smancilla","image":{"@type":"ImageObject","inLanguage":"es-CL","@id":"https:\/\/dev.explora.cl\/rios\/#\/schema\/person\/image\/","url":"https:\/\/secure.gravatar.com\/avatar\/a1c7f8b1dd453e8facadec2bf18354190c777b5556feaaadfa0f6a129ab9b015?s=96&d=mm&r=g","contentUrl":"https:\/\/secure.gravatar.com\/avatar\/a1c7f8b1dd453e8facadec2bf18354190c777b5556feaaadfa0f6a129ab9b015?s=96&d=mm&r=g","caption":"smancilla"},"url":"https:\/\/dev.explora.cl\/rios\/author\/smancilla\/"}]}},"_links":{"self":[{"href":"https:\/\/dev.explora.cl\/rios\/wp-json\/wp\/v2\/posts\/40009","targetHints":{"allow":["GET"]}}],"collection":[{"href":"https:\/\/dev.explora.cl\/rios\/wp-json\/wp\/v2\/posts"}],"about":[{"href":"https:\/\/dev.explora.cl\/rios\/wp-json\/wp\/v2\/types\/post"}],"author":[{"embeddable":true,"href":"https:\/\/dev.explora.cl\/rios\/wp-json\/wp\/v2\/users\/31"}],"replies":[{"embeddable":true,"href":"https:\/\/dev.explora.cl\/rios\/wp-json\/wp\/v2\/comments?post=40009"}],"version-history":[{"count":7,"href":"https:\/\/dev.explora.cl\/rios\/wp-json\/wp\/v2\/posts\/40009\/revisions"}],"predecessor-version":[{"id":43509,"href":"https:\/\/dev.explora.cl\/rios\/wp-json\/wp\/v2\/posts\/40009\/revisions\/43509"}],"wp:featuredmedia":[{"embeddable":true,"href":"https:\/\/dev.explora.cl\/rios\/wp-json\/wp\/v2\/media\/40013"}],"wp:attachment":[{"href":"https:\/\/dev.explora.cl\/rios\/wp-json\/wp\/v2\/media?parent=40009"}],"wp:term":[{"taxonomy":"category","embeddable":true,"href":"https:\/\/dev.explora.cl\/rios\/wp-json\/wp\/v2\/categories?post=40009"},{"taxonomy":"post_tag","embeddable":true,"href":"https:\/\/dev.explora.cl\/rios\/wp-json\/wp\/v2\/tags?post=40009"}],"curies":[{"name":"wp","href":"https:\/\/api.w.org\/{rel}","templated":true}]}}