{"id":39987,"date":"2021-06-25T09:33:42","date_gmt":"2021-06-25T13:33:42","guid":{"rendered":"https:\/\/dev.explora.cl\/rios\/?p=39987"},"modified":"2021-07-09T10:33:51","modified_gmt":"2021-07-09T14:33:51","slug":"resultados-de-postulaciones-a-investigacion-e-innovacion-escolar-2021","status":"publish","type":"post","link":"https:\/\/dev.explora.cl\/rios\/resultados-de-postulaciones-a-investigacion-e-innovacion-escolar-2021\/","title":{"rendered":"Resultados de postulaciones a Investigaci\u00f3n e Innovaci\u00f3n Escolar 2021"},"content":{"rendered":"<p>[vc_row][vc_column][vc_column_text]En este sitio podr\u00e1 conocer los equipos que trabajar\u00e1n sus investigaciones e innovaciones en las iniciativas Clubes Explora y Abramos Nuestros Laboratorios para el a\u00f1o 2021. Durante los pr\u00f3ximos d\u00edas el equipo se pondr\u00e1 en contacto con docentes que aparecen en esta publicaci\u00f3n para coordinar la participaci\u00f3n en las jornadas de inducci\u00f3n del pr\u00f3ximo <strong>mi\u00e9rcoles 7 (ANL) y jueves 8 (Clubes) de julio a las 16:00 horas<\/strong>.[\/vc_column_text][vc_btn title=&#8221;Descargar Listado Completo&#8221; style=&#8221;custom&#8221; custom_background=&#8221;#81d742&#8243; custom_text=&#8221;#ffffff&#8221; size=&#8221;lg&#8221; align=&#8221;center&#8221; i_icon_fontawesome=&#8221;fa fa-file-pdf-o&#8221; button_block=&#8221;true&#8221; add_icon=&#8221;true&#8221; link=&#8221;url:https%3A%2F%2Fdev.explora.cl%2Frios%2Fwp-content%2Fuploads%2Fsites%2F16%2F2021%2F07%2FResultados-postulaciones-IIE-2021.pdf|||&#8221;][vc_separator][\/vc_column][\/vc_row][vc_row][vc_column][vc_custom_heading text=&#8221;Resultados Clubes Explora&#8221;][vc_column_text]<\/p>\n<table style=\"font-size: 0.8em\" border=\"0\" cellspacing=\"0\">\n<tbody>\n<tr>\n<td align=\"left\" valign=\"middle\" bgcolor=\"#070740\" height=\"24\"><b><span style=\"color: #ffffff\">Establecimiento<\/span><\/b><\/td>\n<td align=\"left\" valign=\"middle\" bgcolor=\"#070740\"><b><span style=\"color: #ffffff\">Docente<\/span><\/b><\/td>\n<td align=\"left\" valign=\"middle\" bgcolor=\"#070740\"><b><span style=\"color: #ffffff\">Ciclo\u00a0 \u00a0 \u00a0 \u00a0<\/span><\/b><\/td>\n<td align=\"left\" valign=\"middle\" bgcolor=\"#070740\"><b><span style=\"color: #ffffff\">Asesor\u00eda cient\u00edfica\u00a0 \u00a0 \u00a0<\/span><\/b><\/td>\n<td align=\"left\" valign=\"middle\" bgcolor=\"#070740\"><b><span style=\"color: #ffffff\">Comuna\u00a0 \u00a0<\/span><\/b><\/td>\n<\/tr>\n<tr>\n<td align=\"left\" valign=\"middle\" bgcolor=\"#FFFFFF\" height=\"24\"><span style=\"color: #000000\">Colegio Bicentenario Helvecia<\/span><\/td>\n<td align=\"left\" valign=\"middle\" bgcolor=\"#FFFFFF\"><span style=\"color: #000000\">Ana Cuevas Monje<\/span><\/td>\n<td align=\"left\" valign=\"middle\" bgcolor=\"#FFFFFF\"><span style=\"color: #000000\">I Ciclo<\/span><\/td>\n<td align=\"left\" valign=\"middle\" bgcolor=\"#FFFFFF\"><span style=\"color: #000000\">Luisa Quesada Romero<\/span><\/td>\n<td align=\"left\" valign=\"middle\" bgcolor=\"#FFFFFF\"><span style=\"color: #000000\">Valdivia<\/span><\/td>\n<\/tr>\n<tr>\n<td align=\"left\" valign=\"middle\" bgcolor=\"#D6D6E1\" height=\"24\"><span style=\"color: #000000\">Fund. Educ. Colegio Santa Marta de Valdivia\u00a0\u00a0<\/span><\/td>\n<td align=\"left\" valign=\"middle\" bgcolor=\"#D6D6E1\"><span style=\"color: #000000\">Ingrid G\u00f3mez<\/span><\/td>\n<td align=\"left\" valign=\"middle\" bgcolor=\"#D6D6E1\"><span style=\"color: #000000\">II Ciclo<\/span><\/td>\n<td align=\"left\" valign=\"middle\" bgcolor=\"#D6D6E1\"><span style=\"color: #000000\">Por definir<\/span><\/td>\n<td align=\"left\" valign=\"middle\" bgcolor=\"#D6D6E1\"><span style=\"color: #000000\">Valdivia<\/span><\/td>\n<\/tr>\n<tr>\n<td align=\"left\" valign=\"middle\" bgcolor=\"#FFFFFF\" height=\"24\"><span style=\"color: #000000\">Escuela Rural Curi\u00f1anco<\/span><\/td>\n<td align=\"left\" valign=\"middle\" bgcolor=\"#FFFFFF\"><span style=\"color: #000000\">Geraldina P\u00e9rez Solis<\/span><\/td>\n<td align=\"left\" valign=\"middle\" bgcolor=\"#FFFFFF\"><span style=\"color: #000000\">II Ciclo<\/span><\/td>\n<td align=\"left\" valign=\"middle\" bgcolor=\"#FFFFFF\"><span style=\"color: #000000\">Susana Valle<\/span><\/td>\n<td align=\"left\" valign=\"middle\" bgcolor=\"#FFFFFF\"><span style=\"color: #000000\">Valdivia<\/span><\/td>\n<\/tr>\n<tr>\n<td align=\"left\" valign=\"middle\" bgcolor=\"#D6D6E1\" height=\"24\"><span style=\"color: #000000\">Colegio San Luis de Alba<\/span><\/td>\n<td align=\"left\" valign=\"middle\" bgcolor=\"#D6D6E1\"><span style=\"color: #000000\">Miguel Utreras<\/span><\/td>\n<td align=\"left\" valign=\"middle\" bgcolor=\"#D6D6E1\"><span style=\"color: #000000\">II Ciclo<\/span><\/td>\n<td align=\"left\" valign=\"middle\" bgcolor=\"#D6D6E1\"><span style=\"color: #000000\">Tamara D\u00edaz Chang<\/span><\/td>\n<td align=\"left\" valign=\"middle\" bgcolor=\"#D6D6E1\"><span style=\"color: #000000\">Valdivia<\/span><\/td>\n<\/tr>\n<tr>\n<td align=\"left\" valign=\"middle\" bgcolor=\"#FFFFFF\" height=\"24\"><span style=\"color: #000000\">Escuela Particular N\u00b07 Metodista<\/span><\/td>\n<td align=\"left\" valign=\"middle\" bgcolor=\"#FFFFFF\"><span style=\"color: #000000\">Ra\u00fal Ochoa<\/span><\/td>\n<td align=\"left\" valign=\"middle\" bgcolor=\"#FFFFFF\"><span style=\"color: #000000\">II Ciclo<\/span><\/td>\n<td align=\"left\" valign=\"middle\" bgcolor=\"#FFFFFF\"><span style=\"color: #000000\">Gabriel Vallejos<\/span><\/td>\n<td align=\"left\" valign=\"middle\" bgcolor=\"#FFFFFF\"><span style=\"color: #000000\">Valdivia<\/span><\/td>\n<\/tr>\n<tr>\n<td align=\"left\" valign=\"middle\" bgcolor=\"#D6D6E1\" height=\"24\"><span style=\"color: #000000\">Colegio Cultura y Difusi\u00f3n Art\u00edstica<\/span><\/td>\n<td align=\"left\" valign=\"middle\" bgcolor=\"#D6D6E1\"><span style=\"color: #000000\">Claudia Leiva<\/span><\/td>\n<td align=\"left\" valign=\"middle\" bgcolor=\"#D6D6E1\"><span style=\"color: #000000\">I Ciclo<\/span><\/td>\n<td align=\"left\" valign=\"middle\" bgcolor=\"#D6D6E1\"><span style=\"color: #000000\">Mariela Contreras<\/span><\/td>\n<td align=\"left\" valign=\"middle\" bgcolor=\"#D6D6E1\"><span style=\"color: #000000\">La Uni\u00f3n<\/span><\/td>\n<\/tr>\n<tr>\n<td align=\"left\" valign=\"middle\" bgcolor=\"#FFFFFF\" height=\"24\"><span style=\"color: #000000\">Liceo Bicentenario Complejo Educacional Ignao<\/span><\/td>\n<td align=\"left\" valign=\"middle\" bgcolor=\"#FFFFFF\"><span style=\"color: #000000\">Karen Fernandez<\/span><\/td>\n<td align=\"left\" valign=\"middle\" bgcolor=\"#FFFFFF\"><span style=\"color: #000000\">II Ciclo<\/span><\/td>\n<td align=\"left\" valign=\"middle\" bgcolor=\"#FFFFFF\"><span style=\"color: #000000\">Pablo S\u00e1nchez<\/span><\/td>\n<td align=\"left\" valign=\"middle\" bgcolor=\"#FFFFFF\"><span style=\"color: #000000\">Lago Ranco<\/span><\/td>\n<\/tr>\n<\/tbody>\n<\/table>\n<p>[\/vc_column_text][vc_custom_heading text=&#8221;Resultados Abramos Nuestros Laboratorios&#8221;][vc_column_text]<\/p>\n<table style=\"font-size: 0.8em\" border=\"0\" cellspacing=\"0\">\n<tbody>\n<tr>\n<td align=\"left\" valign=\"middle\" bgcolor=\"#070740\" height=\"24\"><b><span style=\"color: #ffffff\">Establecimiento<\/span><\/b><\/td>\n<td align=\"left\" valign=\"middle\" bgcolor=\"#070740\"><b><span style=\"color: #ffffff\">Docente<\/span><\/b><\/td>\n<td align=\"left\" valign=\"middle\" bgcolor=\"#070740\"><b><span style=\"color: #ffffff\">Ciclo<\/span><\/b><\/td>\n<td align=\"left\" valign=\"middle\" bgcolor=\"#070740\"><b><span style=\"color: #ffffff\">Asesor\u00eda cient\u00edfica<\/span><\/b><\/td>\n<td align=\"left\" valign=\"middle\" bgcolor=\"#070740\"><b><span style=\"color: #ffffff\">Comuna<\/span><\/b><\/td>\n<\/tr>\n<tr>\n<td align=\"left\" valign=\"middle\" bgcolor=\"#D6D6E1\" height=\"24\"><span style=\"color: #000000\">Escuela El Bosque<\/span><\/td>\n<td align=\"left\" valign=\"middle\" bgcolor=\"#D6D6E1\"><span style=\"color: #000000\">Nataly Navarro<\/span><\/td>\n<td align=\"left\" valign=\"middle\" bgcolor=\"#D6D6E1\"><span style=\"color: #000000\">II Ciclo<\/span><\/td>\n<td align=\"left\" valign=\"middle\" bgcolor=\"#D6D6E1\"><span style=\"color: #000000\">Marcela M\u00e1rquez<\/span><\/td>\n<td align=\"left\" valign=\"middle\" bgcolor=\"#D6D6E1\"><span style=\"color: #000000\">Valdivia<\/span><\/td>\n<\/tr>\n<tr>\n<td align=\"left\" valign=\"middle\" bgcolor=\"#FFFFFF\" height=\"24\"><span style=\"color: #000000\">Colegio Bicentenario Crucero Oscar Daniel<\/span><\/td>\n<td align=\"left\" valign=\"middle\" bgcolor=\"#FFFFFF\"><span style=\"color: #000000\">Armin Hemmelmann<\/span><\/td>\n<td align=\"left\" valign=\"middle\" bgcolor=\"#FFFFFF\"><span style=\"color: #000000\">Ed. Media<\/span><\/td>\n<td align=\"left\" valign=\"middle\" bgcolor=\"#FFFFFF\"><span style=\"color: #000000\">Nelson Valdivia<\/span><\/td>\n<td align=\"left\" valign=\"middle\" bgcolor=\"#FFFFFF\"><span style=\"color: #000000\">R\u00edo Bueno<\/span><\/td>\n<\/tr>\n<tr>\n<td align=\"left\" valign=\"middle\" bgcolor=\"#D6D6E1\" height=\"24\"><span style=\"color: #000000\">Instituto Inmaculada Concepci\u00f3n<\/span><\/td>\n<td align=\"left\" valign=\"middle\" bgcolor=\"#D6D6E1\"><span style=\"color: #000000\">Francisca San Mart\u00edn<\/span><\/td>\n<td align=\"left\" valign=\"middle\" bgcolor=\"#D6D6E1\"><span style=\"color: #000000\">Ed. Media<\/span><\/td>\n<td align=\"left\" valign=\"middle\" bgcolor=\"#D6D6E1\"><span style=\"color: #000000\">Pamela Ehrenfeld<\/span><\/td>\n<td align=\"left\" valign=\"middle\" bgcolor=\"#D6D6E1\"><span style=\"color: #000000\">Valdivia<\/span><\/td>\n<\/tr>\n<tr>\n<td align=\"left\" valign=\"middle\" bgcolor=\"#FFFFFF\" height=\"24\"><span style=\"color: #000000\">Liceo Antonio Varas de Lago Ranco<\/span><\/td>\n<td align=\"left\" valign=\"middle\" bgcolor=\"#FFFFFF\"><span style=\"color: #000000\">Jeanette Campos<\/span><\/td>\n<td align=\"left\" valign=\"middle\" bgcolor=\"#FFFFFF\"><span style=\"color: #000000\">Ed. Media<\/span><\/td>\n<td align=\"left\" valign=\"middle\" bgcolor=\"#FFFFFF\"><span style=\"color: #000000\">Judit Lisoni<\/span><\/td>\n<td align=\"left\" valign=\"middle\" bgcolor=\"#FFFFFF\"><span style=\"color: #000000\">Lago Ranco<\/span><\/td>\n<\/tr>\n<tr>\n<td align=\"left\" valign=\"middle\" bgcolor=\"#D6D6E1\" height=\"24\"><span style=\"color: #000000\">Colegio Bicentenario Helvecia<\/span><\/td>\n<td align=\"left\" valign=\"middle\" bgcolor=\"#D6D6E1\"><span style=\"color: #000000\">Carmen Fuentealba Jara<\/span><\/td>\n<td align=\"left\" valign=\"middle\" bgcolor=\"#D6D6E1\"><span style=\"color: #000000\">Ed. Media<\/span><\/td>\n<td align=\"left\" valign=\"middle\" bgcolor=\"#D6D6E1\"><span style=\"color: #000000\">Ricardo Oyarz\u00fan<\/span><\/td>\n<td align=\"left\" valign=\"middle\" bgcolor=\"#D6D6E1\"><span style=\"color: #000000\">Valdivia<\/span><\/td>\n<\/tr>\n<tr>\n<td align=\"left\" valign=\"middle\" bgcolor=\"#FFFFFF\" height=\"24\"><span style=\"color: #000000\">Liceo Bicentenario de Excelencia Altamira<\/span><\/td>\n<td align=\"left\" valign=\"middle\" bgcolor=\"#FFFFFF\"><span style=\"color: #000000\">Yesenia Uribe<\/span><\/td>\n<td align=\"left\" valign=\"middle\" bgcolor=\"#FFFFFF\"><span style=\"color: #000000\">Ed. Media<\/span><\/td>\n<td align=\"left\" valign=\"middle\" bgcolor=\"#FFFFFF\"><span style=\"color: #000000\">Gonzalo Mardones<\/span><\/td>\n<td align=\"left\" valign=\"middle\" bgcolor=\"#FFFFFF\"><span style=\"color: #000000\">Panguipulli<\/span><\/td>\n<\/tr>\n<tr>\n<td align=\"left\" valign=\"middle\" bgcolor=\"#D6D6E1\" height=\"24\"><span style=\"color: #000000\">Instituto Salesiano<\/span><\/td>\n<td align=\"left\" valign=\"middle\" bgcolor=\"#D6D6E1\"><span style=\"color: #000000\">Jos\u00e9 \u00c1ngel Almonacid<\/span><\/td>\n<td align=\"left\" valign=\"middle\" bgcolor=\"#D6D6E1\"><span style=\"color: #000000\">Ed. Media<\/span><\/td>\n<td align=\"left\" valign=\"middle\" bgcolor=\"#D6D6E1\"><span style=\"color: #000000\">Mauricio San Mart\u00edn<\/span><\/td>\n<td align=\"left\" valign=\"middle\" bgcolor=\"#D6D6E1\"><span style=\"color: #000000\">Valdivia<\/span><\/td>\n<\/tr>\n<tr>\n<td align=\"left\" valign=\"middle\" bgcolor=\"#FFFFFF\" height=\"24\"><span style=\"color: #000000\">Liceo Bicentenario de Exc. Agr\u00edc. Tec. Werner Grob<\/span><\/td>\n<td align=\"left\" valign=\"middle\" bgcolor=\"#FFFFFF\"><span style=\"color: #000000\">Edgard Illanes<\/span><\/td>\n<td align=\"left\" valign=\"middle\" bgcolor=\"#FFFFFF\"><span style=\"color: #000000\">Ed. Media<\/span><\/td>\n<td align=\"left\" valign=\"middle\" bgcolor=\"#FFFFFF\"><span style=\"color: #000000\">Sergio Mart\u00ednez<\/span><\/td>\n<td align=\"left\" valign=\"middle\" bgcolor=\"#FFFFFF\"><span style=\"color: #000000\">La Uni\u00f3n<\/span><\/td>\n<\/tr>\n<tr>\n<td align=\"left\" valign=\"middle\" bgcolor=\"#D6D6E1\" height=\"24\"><span style=\"color: #000000\">Liceo Bicentenario Vicente P\u00e9rez Rosales<\/span><\/td>\n<td align=\"left\" valign=\"middle\" bgcolor=\"#D6D6E1\"><span style=\"color: #000000\">Carlos Zapata<\/span><\/td>\n<td align=\"left\" valign=\"middle\" bgcolor=\"#D6D6E1\"><span style=\"color: #000000\">Ed. Media<\/span><\/td>\n<td align=\"left\" valign=\"middle\" bgcolor=\"#D6D6E1\"><span style=\"color: #000000\">Griselda Zambrano<\/span><\/td>\n<td align=\"left\" valign=\"middle\" bgcolor=\"#D6D6E1\"><span style=\"color: #000000\">R\u00edo Bueno<\/span><\/td>\n<\/tr>\n<tr>\n<td align=\"left\" valign=\"middle\" bgcolor=\"#FFFFFF\" height=\"24\"><span style=\"color: #000000\">Liceo Rector Armando Robles Rivera<\/span><\/td>\n<td align=\"left\" valign=\"middle\" bgcolor=\"#FFFFFF\"><span style=\"color: #000000\">Daniel Fuenzalida<\/span><\/td>\n<td align=\"left\" valign=\"middle\" bgcolor=\"#FFFFFF\"><span style=\"color: #000000\">Ed. Media<\/span><\/td>\n<td align=\"left\" valign=\"middle\" bgcolor=\"#FFFFFF\"><span style=\"color: #000000\">Carolina Maturana<\/span><\/td>\n<td align=\"left\" valign=\"middle\" bgcolor=\"#FFFFFF\"><span style=\"color: #000000\">Valdivia<\/span><\/td>\n<\/tr>\n<tr>\n<td align=\"left\" valign=\"middle\" bgcolor=\"#D6D6E1\" height=\"24\"><span style=\"color: #000000\">Escuela Particular Sagrada Familia<\/span><\/td>\n<td align=\"left\" valign=\"middle\" bgcolor=\"#D6D6E1\"><span style=\"color: #000000\">Eliana Huillitrul<\/span><\/td>\n<td align=\"left\" valign=\"middle\" bgcolor=\"#D6D6E1\"><span style=\"color: #000000\">II Ciclo<\/span><\/td>\n<td align=\"left\" valign=\"middle\" bgcolor=\"#D6D6E1\"><span style=\"color: #000000\">Paola Vera<\/span><\/td>\n<td align=\"left\" valign=\"middle\" bgcolor=\"#D6D6E1\"><span style=\"color: #000000\">Futrono<\/span><\/td>\n<\/tr>\n<tr>\n<td align=\"left\" valign=\"middle\" bgcolor=\"#FFFFFF\" height=\"24\"><span style=\"color: #000000\">Liceo Rodulfo Amando Philippi<\/span><\/td>\n<td align=\"left\" valign=\"middle\" bgcolor=\"#FFFFFF\"><span style=\"color: #000000\">Mary Anne Fl\u00e1ndez Mu\u00f1oz<\/span><\/td>\n<td align=\"left\" valign=\"middle\" bgcolor=\"#FFFFFF\"><span style=\"color: #000000\">Ed. Media<\/span><\/td>\n<td align=\"left\" valign=\"middle\" bgcolor=\"#FFFFFF\"><span style=\"color: #000000\">D\u00e1maso Rabanal<\/span><\/td>\n<td align=\"left\" valign=\"middle\" bgcolor=\"#FFFFFF\"><span style=\"color: #000000\">Paillaco<\/span><\/td>\n<\/tr>\n<tr>\n<td align=\"left\" valign=\"middle\" bgcolor=\"#D6D6E1\" height=\"24\"><span style=\"color: #000000\">Colegio Alonso de Ercilla<\/span><\/td>\n<td align=\"left\" valign=\"middle\" bgcolor=\"#D6D6E1\"><span style=\"color: #000000\">Mar\u00eda Consuelo Silva Castillo<\/span><\/td>\n<td align=\"left\" valign=\"middle\" bgcolor=\"#D6D6E1\"><span style=\"color: #000000\">Ed. Media<\/span><\/td>\n<td align=\"left\" valign=\"middle\" bgcolor=\"#D6D6E1\"><span style=\"color: #000000\">Francisco Burgos<\/span><\/td>\n<td align=\"left\" valign=\"middle\" bgcolor=\"#D6D6E1\"><span style=\"color: #000000\">Valdivia<\/span><\/td>\n<\/tr>\n<tr>\n<td align=\"left\" valign=\"middle\" bgcolor=\"#FFFFFF\" height=\"24\"><span style=\"color: #000000\">Escuela Mar\u00eda Alvarado Garay<\/span><\/td>\n<td align=\"left\" valign=\"middle\" bgcolor=\"#FFFFFF\"><span style=\"color: #000000\">Yamina Villagra<\/span><\/td>\n<td align=\"left\" valign=\"middle\" bgcolor=\"#FFFFFF\"><span style=\"color: #000000\">II Ciclo<\/span><\/td>\n<td align=\"left\" valign=\"middle\" bgcolor=\"#FFFFFF\"><span style=\"color: #000000\">Manuel Alarc\u00f3n Vivero<\/span><\/td>\n<td align=\"left\" valign=\"middle\" bgcolor=\"#FFFFFF\"><span style=\"color: #000000\">Panguipulli<\/span><\/td>\n<\/tr>\n<tr>\n<td align=\"left\" valign=\"middle\" bgcolor=\"#D6D6E1\" height=\"24\"><span style=\"color: #000000\">Liceo Bicentenario Blest Gana<\/span><\/td>\n<td align=\"left\" valign=\"middle\" bgcolor=\"#D6D6E1\"><span style=\"color: #000000\">Claudio Cuevas<\/span><\/td>\n<td align=\"left\" valign=\"middle\" bgcolor=\"#D6D6E1\"><span style=\"color: #000000\">Ed. Media<\/span><\/td>\n<td align=\"left\" valign=\"middle\" bgcolor=\"#D6D6E1\"><span style=\"color: #000000\">Jos\u00e9 Verdejo Araya<\/span><\/td>\n<td align=\"left\" valign=\"middle\" bgcolor=\"#D6D6E1\"><span style=\"color: #000000\">Los Lagos<\/span><\/td>\n<\/tr>\n<tr>\n<td align=\"left\" valign=\"middle\" bgcolor=\"#FFFFFF\" height=\"24\"><span style=\"color: #000000\">Colegio Santa Cruz<\/span><\/td>\n<td align=\"left\" valign=\"middle\" bgcolor=\"#FFFFFF\"><span style=\"color: #000000\">Catherine Opitz<\/span><\/td>\n<td align=\"left\" valign=\"middle\" bgcolor=\"#FFFFFF\"><span style=\"color: #000000\">II Ciclo<\/span><\/td>\n<td align=\"left\" valign=\"middle\" bgcolor=\"#FFFFFF\"><span style=\"color: #000000\">Pablo Saenz<\/span><\/td>\n<td align=\"left\" valign=\"middle\" bgcolor=\"#FFFFFF\"><span style=\"color: #000000\">R\u00edo Bueno<\/span><\/td>\n<\/tr>\n<tr>\n<td align=\"left\" valign=\"middle\" bgcolor=\"#D6D6E1\" height=\"24\"><span style=\"color: #000000\">Escuela Pampa R\u00edos<\/span><\/td>\n<td align=\"left\" valign=\"middle\" bgcolor=\"#D6D6E1\"><span style=\"color: #000000\">Paulina Castillo<\/span><\/td>\n<td align=\"left\" valign=\"middle\" bgcolor=\"#D6D6E1\"><span style=\"color: #000000\">II Ciclo<\/span><\/td>\n<td align=\"left\" valign=\"middle\" bgcolor=\"#D6D6E1\"><span style=\"color: #000000\">Oscar Thiers Espinoza<\/span><\/td>\n<td align=\"left\" valign=\"middle\" bgcolor=\"#D6D6E1\"><span style=\"color: #000000\">R\u00edo Bueno<\/span><\/td>\n<\/tr>\n<tr>\n<td align=\"left\" valign=\"middle\" bgcolor=\"#FFFFFF\" height=\"24\"><span style=\"color: #000000\">Escuela Fedor Dostoievski<\/span><\/td>\n<td align=\"left\" valign=\"middle\" bgcolor=\"#FFFFFF\"><span style=\"color: #000000\">Jorge Ag\u00fcero<\/span><\/td>\n<td align=\"left\" valign=\"middle\" bgcolor=\"#FFFFFF\"><span style=\"color: #000000\">II Ciclo<\/span><\/td>\n<td align=\"left\" valign=\"middle\" bgcolor=\"#FFFFFF\"><span style=\"color: #000000\">Por definir<\/span><\/td>\n<td align=\"left\" valign=\"middle\" bgcolor=\"#FFFFFF\"><span style=\"color: #000000\">Valdivia<\/span><\/td>\n<\/tr>\n<\/tbody>\n<\/table>\n<p>[\/vc_column_text][\/vc_column][\/vc_row]<\/p>\n","protected":false},"excerpt":{"rendered":"<p>En este sitio podr\u00e1 conocer los equipos que trabajar\u00e1n sus investigaciones e innovaciones en las iniciativas Clubes Explora y Abramos Nuestros Laboratorios para el a\u00f1o 2021.<\/p>\n","protected":false},"author":31,"featured_media":39988,"comment_status":"open","ping_status":"open","sticky":false,"template":"","format":"standard","meta":{"_acf_changed":false,"_exactmetrics_skip_tracking":false,"_exactmetrics_sitenote_active":false,"_exactmetrics_sitenote_note":"","_exactmetrics_sitenote_category":0,"footnotes":"","_links_to":"","_links_to_target":""},"categories":[4],"tags":[219,12,330,14,243,208],"class_list":["post-39987","post","type-post","status-publish","format-standard","has-post-thumbnail","hentry","category-noticias","tag-anl","tag-ciencia-escolar","tag-club-explora","tag-investigacion-cientifica-escolar","tag-postulaciones","tag-resultados"],"acf":[],"yoast_head":"<!-- This site is optimized with the Yoast SEO plugin v26.7 - https:\/\/yoast.com\/wordpress\/plugins\/seo\/ -->\n<title>Resultados de postulaciones a Investigaci\u00f3n e Innovaci\u00f3n Escolar 2021 - Los R\u00edos<\/title>\n<meta name=\"robots\" content=\"index, follow, max-snippet:-1, max-image-preview:large, max-video-preview:-1\" \/>\n<link rel=\"canonical\" href=\"https:\/\/dev.explora.cl\/rios\/resultados-de-postulaciones-a-investigacion-e-innovacion-escolar-2021\/\" class=\"yoast-seo-meta-tag\" \/>\n<meta property=\"og:locale\" content=\"es_ES\" class=\"yoast-seo-meta-tag\" \/>\n<meta property=\"og:type\" content=\"article\" class=\"yoast-seo-meta-tag\" \/>\n<meta property=\"og:title\" content=\"Resultados de postulaciones a Investigaci\u00f3n e Innovaci\u00f3n Escolar 2021 - Los R\u00edos\" class=\"yoast-seo-meta-tag\" \/>\n<meta property=\"og:description\" content=\"En este sitio podr\u00e1 conocer los equipos que trabajar\u00e1n sus investigaciones e innovaciones en las iniciativas Clubes Explora y Abramos Nuestros Laboratorios para el a\u00f1o 2021.\" class=\"yoast-seo-meta-tag\" \/>\n<meta property=\"og:url\" content=\"https:\/\/dev.explora.cl\/rios\/resultados-de-postulaciones-a-investigacion-e-innovacion-escolar-2021\/\" class=\"yoast-seo-meta-tag\" \/>\n<meta property=\"og:site_name\" content=\"Los R\u00edos\" class=\"yoast-seo-meta-tag\" \/>\n<meta property=\"article:published_time\" content=\"2021-06-25T13:33:42+00:00\" class=\"yoast-seo-meta-tag\" \/>\n<meta property=\"article:modified_time\" content=\"2021-07-09T14:33:51+00:00\" class=\"yoast-seo-meta-tag\" \/>\n<meta property=\"og:image\" content=\"https:\/\/dev.explora.cl\/rios\/wp-content\/uploads\/sites\/16\/2021\/06\/Copia-de-Jotform-IIE-Clubes-4.gif\" class=\"yoast-seo-meta-tag\" \/>\n\t<meta property=\"og:image:width\" content=\"724\" class=\"yoast-seo-meta-tag\" \/>\n\t<meta property=\"og:image:height\" content=\"356\" class=\"yoast-seo-meta-tag\" \/>\n\t<meta property=\"og:image:type\" content=\"image\/gif\" class=\"yoast-seo-meta-tag\" \/>\n<meta name=\"author\" content=\"smancilla\" class=\"yoast-seo-meta-tag\" \/>\n<meta name=\"twitter:card\" content=\"summary_large_image\" class=\"yoast-seo-meta-tag\" \/>\n<meta name=\"twitter:label1\" content=\"Escrito por\" class=\"yoast-seo-meta-tag\" \/>\n\t<meta name=\"twitter:data1\" content=\"smancilla\" class=\"yoast-seo-meta-tag\" \/>\n\t<meta name=\"twitter:label2\" content=\"Tiempo estimado de lectura\" class=\"yoast-seo-meta-tag\" \/>\n\t<meta name=\"twitter:data2\" content=\"3 minutos\" class=\"yoast-seo-meta-tag\" \/>\n<script type=\"application\/ld+json\" class=\"yoast-schema-graph\">{\"@context\":\"https:\/\/schema.org\",\"@graph\":[{\"@type\":\"Article\",\"@id\":\"https:\/\/dev.explora.cl\/rios\/resultados-de-postulaciones-a-investigacion-e-innovacion-escolar-2021\/#article\",\"isPartOf\":{\"@id\":\"https:\/\/dev.explora.cl\/rios\/resultados-de-postulaciones-a-investigacion-e-innovacion-escolar-2021\/\"},\"author\":{\"name\":\"smancilla\",\"@id\":\"https:\/\/dev.explora.cl\/rios\/#\/schema\/person\/279896208736d277e75690dde6cc1ea9\"},\"headline\":\"Resultados de postulaciones a Investigaci\u00f3n e Innovaci\u00f3n Escolar 2021\",\"datePublished\":\"2021-06-25T13:33:42+00:00\",\"dateModified\":\"2021-07-09T14:33:51+00:00\",\"mainEntityOfPage\":{\"@id\":\"https:\/\/dev.explora.cl\/rios\/resultados-de-postulaciones-a-investigacion-e-innovacion-escolar-2021\/\"},\"wordCount\":530,\"commentCount\":0,\"image\":{\"@id\":\"https:\/\/dev.explora.cl\/rios\/resultados-de-postulaciones-a-investigacion-e-innovacion-escolar-2021\/#primaryimage\"},\"thumbnailUrl\":\"https:\/\/dev.explora.cl\/rios\/wp-content\/uploads\/sites\/16\/2021\/06\/Copia-de-Jotform-IIE-Clubes-4.gif\",\"keywords\":[\"ANL\",\"ciencia escolar\",\"Club Explora\",\"investigaci\u00f3n cient\u00edfica escolar\",\"Postulaciones\",\"resultados\"],\"articleSection\":[\"Noticias\"],\"inLanguage\":\"es-CL\",\"potentialAction\":[{\"@type\":\"CommentAction\",\"name\":\"Comment\",\"target\":[\"https:\/\/dev.explora.cl\/rios\/resultados-de-postulaciones-a-investigacion-e-innovacion-escolar-2021\/#respond\"]}]},{\"@type\":\"WebPage\",\"@id\":\"https:\/\/dev.explora.cl\/rios\/resultados-de-postulaciones-a-investigacion-e-innovacion-escolar-2021\/\",\"url\":\"https:\/\/dev.explora.cl\/rios\/resultados-de-postulaciones-a-investigacion-e-innovacion-escolar-2021\/\",\"name\":\"Resultados de postulaciones a Investigaci\u00f3n e Innovaci\u00f3n Escolar 2021 - Los R\u00edos\",\"isPartOf\":{\"@id\":\"https:\/\/dev.explora.cl\/rios\/#website\"},\"primaryImageOfPage\":{\"@id\":\"https:\/\/dev.explora.cl\/rios\/resultados-de-postulaciones-a-investigacion-e-innovacion-escolar-2021\/#primaryimage\"},\"image\":{\"@id\":\"https:\/\/dev.explora.cl\/rios\/resultados-de-postulaciones-a-investigacion-e-innovacion-escolar-2021\/#primaryimage\"},\"thumbnailUrl\":\"https:\/\/dev.explora.cl\/rios\/wp-content\/uploads\/sites\/16\/2021\/06\/Copia-de-Jotform-IIE-Clubes-4.gif\",\"datePublished\":\"2021-06-25T13:33:42+00:00\",\"dateModified\":\"2021-07-09T14:33:51+00:00\",\"author\":{\"@id\":\"https:\/\/dev.explora.cl\/rios\/#\/schema\/person\/279896208736d277e75690dde6cc1ea9\"},\"breadcrumb\":{\"@id\":\"https:\/\/dev.explora.cl\/rios\/resultados-de-postulaciones-a-investigacion-e-innovacion-escolar-2021\/#breadcrumb\"},\"inLanguage\":\"es-CL\",\"potentialAction\":[{\"@type\":\"ReadAction\",\"target\":[\"https:\/\/dev.explora.cl\/rios\/resultados-de-postulaciones-a-investigacion-e-innovacion-escolar-2021\/\"]}]},{\"@type\":\"ImageObject\",\"inLanguage\":\"es-CL\",\"@id\":\"https:\/\/dev.explora.cl\/rios\/resultados-de-postulaciones-a-investigacion-e-innovacion-escolar-2021\/#primaryimage\",\"url\":\"https:\/\/dev.explora.cl\/rios\/wp-content\/uploads\/sites\/16\/2021\/06\/Copia-de-Jotform-IIE-Clubes-4.gif\",\"contentUrl\":\"https:\/\/dev.explora.cl\/rios\/wp-content\/uploads\/sites\/16\/2021\/06\/Copia-de-Jotform-IIE-Clubes-4.gif\",\"width\":724,\"height\":356},{\"@type\":\"BreadcrumbList\",\"@id\":\"https:\/\/dev.explora.cl\/rios\/resultados-de-postulaciones-a-investigacion-e-innovacion-escolar-2021\/#breadcrumb\",\"itemListElement\":[{\"@type\":\"ListItem\",\"position\":1,\"name\":\"Portada\",\"item\":\"https:\/\/dev.explora.cl\/rios\/\"},{\"@type\":\"ListItem\",\"position\":2,\"name\":\"Resultados de postulaciones a Investigaci\u00f3n e Innovaci\u00f3n Escolar 2021\"}]},{\"@type\":\"WebSite\",\"@id\":\"https:\/\/dev.explora.cl\/rios\/#website\",\"url\":\"https:\/\/dev.explora.cl\/rios\/\",\"name\":\"Los R\u00edos\",\"description\":\"Otro sitio m\u00e1s de dev.explora.cl\",\"potentialAction\":[{\"@type\":\"SearchAction\",\"target\":{\"@type\":\"EntryPoint\",\"urlTemplate\":\"https:\/\/dev.explora.cl\/rios\/?s={search_term_string}\"},\"query-input\":{\"@type\":\"PropertyValueSpecification\",\"valueRequired\":true,\"valueName\":\"search_term_string\"}}],\"inLanguage\":\"es-CL\"},{\"@type\":\"Person\",\"@id\":\"https:\/\/dev.explora.cl\/rios\/#\/schema\/person\/279896208736d277e75690dde6cc1ea9\",\"name\":\"smancilla\",\"image\":{\"@type\":\"ImageObject\",\"inLanguage\":\"es-CL\",\"@id\":\"https:\/\/dev.explora.cl\/rios\/#\/schema\/person\/image\/\",\"url\":\"https:\/\/secure.gravatar.com\/avatar\/a1c7f8b1dd453e8facadec2bf18354190c777b5556feaaadfa0f6a129ab9b015?s=96&d=mm&r=g\",\"contentUrl\":\"https:\/\/secure.gravatar.com\/avatar\/a1c7f8b1dd453e8facadec2bf18354190c777b5556feaaadfa0f6a129ab9b015?s=96&d=mm&r=g\",\"caption\":\"smancilla\"},\"url\":\"https:\/\/dev.explora.cl\/rios\/author\/smancilla\/\"}]}<\/script>\n<!-- \/ Yoast SEO plugin. -->","yoast_head_json":{"title":"Resultados de postulaciones a Investigaci\u00f3n e Innovaci\u00f3n Escolar 2021 - Los R\u00edos","robots":{"index":"index","follow":"follow","max-snippet":"max-snippet:-1","max-image-preview":"max-image-preview:large","max-video-preview":"max-video-preview:-1"},"canonical":"https:\/\/dev.explora.cl\/rios\/resultados-de-postulaciones-a-investigacion-e-innovacion-escolar-2021\/","og_locale":"es_ES","og_type":"article","og_title":"Resultados de postulaciones a Investigaci\u00f3n e Innovaci\u00f3n Escolar 2021 - Los R\u00edos","og_description":"En este sitio podr\u00e1 conocer los equipos que trabajar\u00e1n sus investigaciones e innovaciones en las iniciativas Clubes Explora y Abramos Nuestros Laboratorios para el a\u00f1o 2021.","og_url":"https:\/\/dev.explora.cl\/rios\/resultados-de-postulaciones-a-investigacion-e-innovacion-escolar-2021\/","og_site_name":"Los R\u00edos","article_published_time":"2021-06-25T13:33:42+00:00","article_modified_time":"2021-07-09T14:33:51+00:00","og_image":[{"width":724,"height":356,"url":"https:\/\/dev.explora.cl\/rios\/wp-content\/uploads\/sites\/16\/2021\/06\/Copia-de-Jotform-IIE-Clubes-4.gif","type":"image\/gif"}],"author":"smancilla","twitter_card":"summary_large_image","twitter_misc":{"Escrito por":"smancilla","Tiempo estimado de lectura":"3 minutos"},"schema":{"@context":"https:\/\/schema.org","@graph":[{"@type":"Article","@id":"https:\/\/dev.explora.cl\/rios\/resultados-de-postulaciones-a-investigacion-e-innovacion-escolar-2021\/#article","isPartOf":{"@id":"https:\/\/dev.explora.cl\/rios\/resultados-de-postulaciones-a-investigacion-e-innovacion-escolar-2021\/"},"author":{"name":"smancilla","@id":"https:\/\/dev.explora.cl\/rios\/#\/schema\/person\/279896208736d277e75690dde6cc1ea9"},"headline":"Resultados de postulaciones a Investigaci\u00f3n e Innovaci\u00f3n Escolar 2021","datePublished":"2021-06-25T13:33:42+00:00","dateModified":"2021-07-09T14:33:51+00:00","mainEntityOfPage":{"@id":"https:\/\/dev.explora.cl\/rios\/resultados-de-postulaciones-a-investigacion-e-innovacion-escolar-2021\/"},"wordCount":530,"commentCount":0,"image":{"@id":"https:\/\/dev.explora.cl\/rios\/resultados-de-postulaciones-a-investigacion-e-innovacion-escolar-2021\/#primaryimage"},"thumbnailUrl":"https:\/\/dev.explora.cl\/rios\/wp-content\/uploads\/sites\/16\/2021\/06\/Copia-de-Jotform-IIE-Clubes-4.gif","keywords":["ANL","ciencia escolar","Club Explora","investigaci\u00f3n cient\u00edfica escolar","Postulaciones","resultados"],"articleSection":["Noticias"],"inLanguage":"es-CL","potentialAction":[{"@type":"CommentAction","name":"Comment","target":["https:\/\/dev.explora.cl\/rios\/resultados-de-postulaciones-a-investigacion-e-innovacion-escolar-2021\/#respond"]}]},{"@type":"WebPage","@id":"https:\/\/dev.explora.cl\/rios\/resultados-de-postulaciones-a-investigacion-e-innovacion-escolar-2021\/","url":"https:\/\/dev.explora.cl\/rios\/resultados-de-postulaciones-a-investigacion-e-innovacion-escolar-2021\/","name":"Resultados de postulaciones a Investigaci\u00f3n e Innovaci\u00f3n Escolar 2021 - Los R\u00edos","isPartOf":{"@id":"https:\/\/dev.explora.cl\/rios\/#website"},"primaryImageOfPage":{"@id":"https:\/\/dev.explora.cl\/rios\/resultados-de-postulaciones-a-investigacion-e-innovacion-escolar-2021\/#primaryimage"},"image":{"@id":"https:\/\/dev.explora.cl\/rios\/resultados-de-postulaciones-a-investigacion-e-innovacion-escolar-2021\/#primaryimage"},"thumbnailUrl":"https:\/\/dev.explora.cl\/rios\/wp-content\/uploads\/sites\/16\/2021\/06\/Copia-de-Jotform-IIE-Clubes-4.gif","datePublished":"2021-06-25T13:33:42+00:00","dateModified":"2021-07-09T14:33:51+00:00","author":{"@id":"https:\/\/dev.explora.cl\/rios\/#\/schema\/person\/279896208736d277e75690dde6cc1ea9"},"breadcrumb":{"@id":"https:\/\/dev.explora.cl\/rios\/resultados-de-postulaciones-a-investigacion-e-innovacion-escolar-2021\/#breadcrumb"},"inLanguage":"es-CL","potentialAction":[{"@type":"ReadAction","target":["https:\/\/dev.explora.cl\/rios\/resultados-de-postulaciones-a-investigacion-e-innovacion-escolar-2021\/"]}]},{"@type":"ImageObject","inLanguage":"es-CL","@id":"https:\/\/dev.explora.cl\/rios\/resultados-de-postulaciones-a-investigacion-e-innovacion-escolar-2021\/#primaryimage","url":"https:\/\/dev.explora.cl\/rios\/wp-content\/uploads\/sites\/16\/2021\/06\/Copia-de-Jotform-IIE-Clubes-4.gif","contentUrl":"https:\/\/dev.explora.cl\/rios\/wp-content\/uploads\/sites\/16\/2021\/06\/Copia-de-Jotform-IIE-Clubes-4.gif","width":724,"height":356},{"@type":"BreadcrumbList","@id":"https:\/\/dev.explora.cl\/rios\/resultados-de-postulaciones-a-investigacion-e-innovacion-escolar-2021\/#breadcrumb","itemListElement":[{"@type":"ListItem","position":1,"name":"Portada","item":"https:\/\/dev.explora.cl\/rios\/"},{"@type":"ListItem","position":2,"name":"Resultados de postulaciones a Investigaci\u00f3n e Innovaci\u00f3n Escolar 2021"}]},{"@type":"WebSite","@id":"https:\/\/dev.explora.cl\/rios\/#website","url":"https:\/\/dev.explora.cl\/rios\/","name":"Los R\u00edos","description":"Otro sitio m\u00e1s de dev.explora.cl","potentialAction":[{"@type":"SearchAction","target":{"@type":"EntryPoint","urlTemplate":"https:\/\/dev.explora.cl\/rios\/?s={search_term_string}"},"query-input":{"@type":"PropertyValueSpecification","valueRequired":true,"valueName":"search_term_string"}}],"inLanguage":"es-CL"},{"@type":"Person","@id":"https:\/\/dev.explora.cl\/rios\/#\/schema\/person\/279896208736d277e75690dde6cc1ea9","name":"smancilla","image":{"@type":"ImageObject","inLanguage":"es-CL","@id":"https:\/\/dev.explora.cl\/rios\/#\/schema\/person\/image\/","url":"https:\/\/secure.gravatar.com\/avatar\/a1c7f8b1dd453e8facadec2bf18354190c777b5556feaaadfa0f6a129ab9b015?s=96&d=mm&r=g","contentUrl":"https:\/\/secure.gravatar.com\/avatar\/a1c7f8b1dd453e8facadec2bf18354190c777b5556feaaadfa0f6a129ab9b015?s=96&d=mm&r=g","caption":"smancilla"},"url":"https:\/\/dev.explora.cl\/rios\/author\/smancilla\/"}]}},"_links":{"self":[{"href":"https:\/\/dev.explora.cl\/rios\/wp-json\/wp\/v2\/posts\/39987","targetHints":{"allow":["GET"]}}],"collection":[{"href":"https:\/\/dev.explora.cl\/rios\/wp-json\/wp\/v2\/posts"}],"about":[{"href":"https:\/\/dev.explora.cl\/rios\/wp-json\/wp\/v2\/types\/post"}],"author":[{"embeddable":true,"href":"https:\/\/dev.explora.cl\/rios\/wp-json\/wp\/v2\/users\/31"}],"replies":[{"embeddable":true,"href":"https:\/\/dev.explora.cl\/rios\/wp-json\/wp\/v2\/comments?post=39987"}],"version-history":[{"count":22,"href":"https:\/\/dev.explora.cl\/rios\/wp-json\/wp\/v2\/posts\/39987\/revisions"}],"predecessor-version":[{"id":40022,"href":"https:\/\/dev.explora.cl\/rios\/wp-json\/wp\/v2\/posts\/39987\/revisions\/40022"}],"wp:featuredmedia":[{"embeddable":true,"href":"https:\/\/dev.explora.cl\/rios\/wp-json\/wp\/v2\/media\/39988"}],"wp:attachment":[{"href":"https:\/\/dev.explora.cl\/rios\/wp-json\/wp\/v2\/media?parent=39987"}],"wp:term":[{"taxonomy":"category","embeddable":true,"href":"https:\/\/dev.explora.cl\/rios\/wp-json\/wp\/v2\/categories?post=39987"},{"taxonomy":"post_tag","embeddable":true,"href":"https:\/\/dev.explora.cl\/rios\/wp-json\/wp\/v2\/tags?post=39987"}],"curies":[{"name":"wp","href":"https:\/\/api.w.org\/{rel}","templated":true}]}}