{"id":39982,"date":"2021-06-24T17:13:07","date_gmt":"2021-06-24T21:13:07","guid":{"rendered":"https:\/\/dev.explora.cl\/rios\/?p=39982"},"modified":"2021-08-09T10:07:04","modified_gmt":"2021-08-09T14:07:04","slug":"explora-los-rios-invita-a-especialistas-a-compartir-con-la-comunidad-en-ciencia-abierta","status":"publish","type":"post","link":"https:\/\/dev.explora.cl\/rios\/explora-los-rios-invita-a-especialistas-a-compartir-con-la-comunidad-en-ciencia-abierta\/","title":{"rendered":"Explora Los R\u00edos invita a especialistas a compartir con la comunidad en Ciencia Abierta"},"content":{"rendered":"<p>[vc_row][vc_column][vc_row_inner][vc_column_inner width=&#8221;2\/3&#8243;][vc_custom_heading text=&#8221;Cada mi\u00e9rcoles a las 18:00 horas desde la p\u00e1gina de Facebook del Proyecto Explora Los R\u00edos se presenta un nuevo tema de ciencia, tecnolog\u00eda, conocimiento e innovaci\u00f3n.&#8221; font_container=&#8221;tag:h3|text_align:left&#8221;][\/vc_column_inner][vc_column_inner width=&#8221;1\/3&#8243;][vc_btn title=&#8221;Ir al Formulario&#8221; style=&#8221;custom&#8221; custom_background=&#8221;#81d742&#8243; custom_text=&#8221;#ffffff&#8221; size=&#8221;lg&#8221; align=&#8221;center&#8221; i_align=&#8221;right&#8221; i_icon_fontawesome=&#8221;fa fa-arrow-circle-right&#8221; button_block=&#8221;true&#8221; add_icon=&#8221;true&#8221; link=&#8221;url:https%3A%2F%2Fform.jotform.com%2Fpar.losrios.explora%2Fcienciaabierta2021|||&#8221;][\/vc_column_inner][\/vc_row_inner][vc_column_text]Como una oportunidad de conversar con la comunidad se presenta la iniciativa Ciencia Abierta del Proyecto Explora Los R\u00edos del Ministerio de Ciencia, Tecnolog\u00eda, Conocimiento e Innovaci\u00f3n. Esta actividad se desarrolla cada mi\u00e9rcoles a las 18:00 horas en una transmisi\u00f3n en vivo por la p\u00e1gina de Facebook de Explora y de la Direcci\u00f3n de Vinculaci\u00f3n con el Medio de la Universidad Austral de Chile.<\/p>\n<p>El p\u00fablico participa enviando sus comentarios y dudas a los especialistas que presentan una charla, que cada semana cuenta con traducci\u00f3n a lengua de se\u00f1as.<\/p>\n<p>El Proyecto Explora Los R\u00edos hace un llamado a especialistas de las diversas \u00e1reas de las ciencias, la tecnolog\u00eda y la innovaci\u00f3n a ser parte de Ciencia Abierta y compartir sus conocimientos con la comunidad. Para ello solo basta inscribirse en el sitio del Proyecto Explora Los R\u00edos con una idea de la charla y la disponibilidad de fechas para presentar.<\/p>\n<p>Ya ha pasado por el ciclo 2021 un grupo de destacadas personas de ciencia. La Dra. Susana Valle del Instituto de Ingenier\u00eda Agraria UACh, Dra. Leyla C\u00e1rdenas, Decana de la Facultad de Ciencias UACh y el Dr. Jorge Tomasevic del Centro de Humedales R\u00edo Cruces.<\/p>\n<p>El pr\u00f3ximo mi\u00e9rcoles 30 de junio a las 18:00 horas se presentar\u00e1 el tema \u201cC\u00e1ncer, otra pandemia afectando nuestra salud\u201d con la intervenci\u00f3n de la Dra. Pamela Ehrenfeld Slater, investigadora de la Facultad de Medicina de la Universidad Austral de Chile.[\/vc_column_text][vc_separator el_class=&#8221;formulario-ca&#8221;][vc_raw_js]JTNDc2NyaXB0JTIwdHlwZSUzRCUyMnRleHQlMkZqYXZhc2NyaXB0JTIyJTIwc3JjJTNEJTIyaHR0cHMlM0ElMkYlMkZmb3JtLmpvdGZvcm0uY29tJTJGanNmb3JtJTJGMjExNDM1Mjg1NTAyNjUxJTIyJTNFJTNDJTJGc2NyaXB0JTNF[\/vc_raw_js][\/vc_column][\/vc_row][vc_row css=&#8221;.vc_custom_1614888019520{border-top-width: 1px !important;border-top-color: #b6b6b6 !important;border-top-style: solid !important;}&#8221;][vc_column][vc_column_text]<\/p>\n<p style=\"text-align: center;font-size: 0.9em;color: #b6b6b6\"><a href=\"https:\/\/dev.explora.cl\/rios\/protocolo\">Revisa nuestro Protocolo para Trabajo con Ni\u00f1os, Ni\u00f1as y Adolescentes<\/a><\/p>\n<p>[\/vc_column_text][\/vc_column][\/vc_row]<\/p>\n","protected":false},"excerpt":{"rendered":"<p>Cada mi\u00e9rcoles a las 18:00 horas desde la p\u00e1gina de Facebook del Proyecto Explora Los R\u00edos se presenta un nuevo tema de ciencia, tecnolog\u00eda, conocimiento e innovaci\u00f3n.<\/p>\n","protected":false},"author":31,"featured_media":39983,"comment_status":"open","ping_status":"open","sticky":false,"template":"","format":"standard","meta":{"_acf_changed":false,"_exactmetrics_skip_tracking":false,"_exactmetrics_sitenote_active":false,"_exactmetrics_sitenote_note":"","_exactmetrics_sitenote_category":0,"footnotes":"","_links_to":"","_links_to_target":""},"categories":[4],"tags":[221,359,405,406,404,407],"class_list":["post-39982","post","type-post","status-publish","format-standard","has-post-thumbnail","hentry","category-noticias","tag-charlas","tag-ciencia-abierta","tag-cientificos","tag-comunidad","tag-especialistas","tag-inscripcion"],"acf":[],"yoast_head":"<!-- This site is optimized with the Yoast SEO plugin v26.7 - https:\/\/yoast.com\/wordpress\/plugins\/seo\/ -->\n<title>Explora Los R\u00edos invita a especialistas a compartir con la comunidad en Ciencia Abierta - Los R\u00edos<\/title>\n<meta name=\"robots\" content=\"index, follow, max-snippet:-1, max-image-preview:large, max-video-preview:-1\" \/>\n<link rel=\"canonical\" href=\"https:\/\/dev.explora.cl\/rios\/explora-los-rios-invita-a-especialistas-a-compartir-con-la-comunidad-en-ciencia-abierta\/\" class=\"yoast-seo-meta-tag\" \/>\n<meta property=\"og:locale\" content=\"es_ES\" class=\"yoast-seo-meta-tag\" \/>\n<meta property=\"og:type\" content=\"article\" class=\"yoast-seo-meta-tag\" \/>\n<meta property=\"og:title\" content=\"Explora Los R\u00edos invita a especialistas a compartir con la comunidad en Ciencia Abierta - Los R\u00edos\" class=\"yoast-seo-meta-tag\" \/>\n<meta property=\"og:description\" content=\"Cada mi\u00e9rcoles a las 18:00 horas desde la p\u00e1gina de Facebook del Proyecto Explora Los R\u00edos se presenta un nuevo tema de ciencia, tecnolog\u00eda, conocimiento e innovaci\u00f3n.\" class=\"yoast-seo-meta-tag\" \/>\n<meta property=\"og:url\" content=\"https:\/\/dev.explora.cl\/rios\/explora-los-rios-invita-a-especialistas-a-compartir-con-la-comunidad-en-ciencia-abierta\/\" class=\"yoast-seo-meta-tag\" \/>\n<meta property=\"og:site_name\" content=\"Los R\u00edos\" class=\"yoast-seo-meta-tag\" \/>\n<meta property=\"article:published_time\" content=\"2021-06-24T21:13:07+00:00\" class=\"yoast-seo-meta-tag\" \/>\n<meta property=\"article:modified_time\" content=\"2021-08-09T14:07:04+00:00\" class=\"yoast-seo-meta-tag\" \/>\n<meta property=\"og:image\" content=\"https:\/\/dev.explora.cl\/rios\/wp-content\/uploads\/sites\/16\/2021\/06\/Dise\u00f1o-sin-t\u00edtulo.jpg\" class=\"yoast-seo-meta-tag\" \/>\n\t<meta property=\"og:image:width\" content=\"1920\" class=\"yoast-seo-meta-tag\" \/>\n\t<meta property=\"og:image:height\" content=\"1080\" class=\"yoast-seo-meta-tag\" \/>\n\t<meta property=\"og:image:type\" content=\"image\/jpeg\" class=\"yoast-seo-meta-tag\" \/>\n<meta name=\"author\" content=\"smancilla\" class=\"yoast-seo-meta-tag\" \/>\n<meta name=\"twitter:card\" content=\"summary_large_image\" class=\"yoast-seo-meta-tag\" \/>\n<meta name=\"twitter:label1\" content=\"Escrito por\" class=\"yoast-seo-meta-tag\" \/>\n\t<meta name=\"twitter:data1\" content=\"smancilla\" class=\"yoast-seo-meta-tag\" \/>\n\t<meta name=\"twitter:label2\" content=\"Tiempo estimado de lectura\" class=\"yoast-seo-meta-tag\" \/>\n\t<meta name=\"twitter:data2\" content=\"2 minutos\" class=\"yoast-seo-meta-tag\" \/>\n<script type=\"application\/ld+json\" class=\"yoast-schema-graph\">{\"@context\":\"https:\/\/schema.org\",\"@graph\":[{\"@type\":\"Article\",\"@id\":\"https:\/\/dev.explora.cl\/rios\/explora-los-rios-invita-a-especialistas-a-compartir-con-la-comunidad-en-ciencia-abierta\/#article\",\"isPartOf\":{\"@id\":\"https:\/\/dev.explora.cl\/rios\/explora-los-rios-invita-a-especialistas-a-compartir-con-la-comunidad-en-ciencia-abierta\/\"},\"author\":{\"name\":\"smancilla\",\"@id\":\"https:\/\/dev.explora.cl\/rios\/#\/schema\/person\/279896208736d277e75690dde6cc1ea9\"},\"headline\":\"Explora Los R\u00edos invita a especialistas a compartir con la comunidad en Ciencia Abierta\",\"datePublished\":\"2021-06-24T21:13:07+00:00\",\"dateModified\":\"2021-08-09T14:07:04+00:00\",\"mainEntityOfPage\":{\"@id\":\"https:\/\/dev.explora.cl\/rios\/explora-los-rios-invita-a-especialistas-a-compartir-con-la-comunidad-en-ciencia-abierta\/\"},\"wordCount\":456,\"commentCount\":0,\"image\":{\"@id\":\"https:\/\/dev.explora.cl\/rios\/explora-los-rios-invita-a-especialistas-a-compartir-con-la-comunidad-en-ciencia-abierta\/#primaryimage\"},\"thumbnailUrl\":\"https:\/\/dev.explora.cl\/rios\/wp-content\/uploads\/sites\/16\/2021\/06\/Dise\u00f1o-sin-t\u00edtulo.jpg\",\"keywords\":[\"charlas\",\"Ciencia Abierta\",\"cient\u00edficos\",\"comunidad\",\"especialistas\",\"inscripci\u00f3n\"],\"articleSection\":[\"Noticias\"],\"inLanguage\":\"es-CL\",\"potentialAction\":[{\"@type\":\"CommentAction\",\"name\":\"Comment\",\"target\":[\"https:\/\/dev.explora.cl\/rios\/explora-los-rios-invita-a-especialistas-a-compartir-con-la-comunidad-en-ciencia-abierta\/#respond\"]}]},{\"@type\":\"WebPage\",\"@id\":\"https:\/\/dev.explora.cl\/rios\/explora-los-rios-invita-a-especialistas-a-compartir-con-la-comunidad-en-ciencia-abierta\/\",\"url\":\"https:\/\/dev.explora.cl\/rios\/explora-los-rios-invita-a-especialistas-a-compartir-con-la-comunidad-en-ciencia-abierta\/\",\"name\":\"Explora Los R\u00edos invita a especialistas a compartir con la comunidad en Ciencia Abierta - Los R\u00edos\",\"isPartOf\":{\"@id\":\"https:\/\/dev.explora.cl\/rios\/#website\"},\"primaryImageOfPage\":{\"@id\":\"https:\/\/dev.explora.cl\/rios\/explora-los-rios-invita-a-especialistas-a-compartir-con-la-comunidad-en-ciencia-abierta\/#primaryimage\"},\"image\":{\"@id\":\"https:\/\/dev.explora.cl\/rios\/explora-los-rios-invita-a-especialistas-a-compartir-con-la-comunidad-en-ciencia-abierta\/#primaryimage\"},\"thumbnailUrl\":\"https:\/\/dev.explora.cl\/rios\/wp-content\/uploads\/sites\/16\/2021\/06\/Dise\u00f1o-sin-t\u00edtulo.jpg\",\"datePublished\":\"2021-06-24T21:13:07+00:00\",\"dateModified\":\"2021-08-09T14:07:04+00:00\",\"author\":{\"@id\":\"https:\/\/dev.explora.cl\/rios\/#\/schema\/person\/279896208736d277e75690dde6cc1ea9\"},\"breadcrumb\":{\"@id\":\"https:\/\/dev.explora.cl\/rios\/explora-los-rios-invita-a-especialistas-a-compartir-con-la-comunidad-en-ciencia-abierta\/#breadcrumb\"},\"inLanguage\":\"es-CL\",\"potentialAction\":[{\"@type\":\"ReadAction\",\"target\":[\"https:\/\/dev.explora.cl\/rios\/explora-los-rios-invita-a-especialistas-a-compartir-con-la-comunidad-en-ciencia-abierta\/\"]}]},{\"@type\":\"ImageObject\",\"inLanguage\":\"es-CL\",\"@id\":\"https:\/\/dev.explora.cl\/rios\/explora-los-rios-invita-a-especialistas-a-compartir-con-la-comunidad-en-ciencia-abierta\/#primaryimage\",\"url\":\"https:\/\/dev.explora.cl\/rios\/wp-content\/uploads\/sites\/16\/2021\/06\/Dise\u00f1o-sin-t\u00edtulo.jpg\",\"contentUrl\":\"https:\/\/dev.explora.cl\/rios\/wp-content\/uploads\/sites\/16\/2021\/06\/Dise\u00f1o-sin-t\u00edtulo.jpg\",\"width\":1920,\"height\":1080},{\"@type\":\"BreadcrumbList\",\"@id\":\"https:\/\/dev.explora.cl\/rios\/explora-los-rios-invita-a-especialistas-a-compartir-con-la-comunidad-en-ciencia-abierta\/#breadcrumb\",\"itemListElement\":[{\"@type\":\"ListItem\",\"position\":1,\"name\":\"Portada\",\"item\":\"https:\/\/dev.explora.cl\/rios\/\"},{\"@type\":\"ListItem\",\"position\":2,\"name\":\"Explora Los R\u00edos invita a especialistas a compartir con la comunidad en Ciencia Abierta\"}]},{\"@type\":\"WebSite\",\"@id\":\"https:\/\/dev.explora.cl\/rios\/#website\",\"url\":\"https:\/\/dev.explora.cl\/rios\/\",\"name\":\"Los R\u00edos\",\"description\":\"Otro sitio m\u00e1s de dev.explora.cl\",\"potentialAction\":[{\"@type\":\"SearchAction\",\"target\":{\"@type\":\"EntryPoint\",\"urlTemplate\":\"https:\/\/dev.explora.cl\/rios\/?s={search_term_string}\"},\"query-input\":{\"@type\":\"PropertyValueSpecification\",\"valueRequired\":true,\"valueName\":\"search_term_string\"}}],\"inLanguage\":\"es-CL\"},{\"@type\":\"Person\",\"@id\":\"https:\/\/dev.explora.cl\/rios\/#\/schema\/person\/279896208736d277e75690dde6cc1ea9\",\"name\":\"smancilla\",\"image\":{\"@type\":\"ImageObject\",\"inLanguage\":\"es-CL\",\"@id\":\"https:\/\/dev.explora.cl\/rios\/#\/schema\/person\/image\/\",\"url\":\"https:\/\/secure.gravatar.com\/avatar\/a1c7f8b1dd453e8facadec2bf18354190c777b5556feaaadfa0f6a129ab9b015?s=96&d=mm&r=g\",\"contentUrl\":\"https:\/\/secure.gravatar.com\/avatar\/a1c7f8b1dd453e8facadec2bf18354190c777b5556feaaadfa0f6a129ab9b015?s=96&d=mm&r=g\",\"caption\":\"smancilla\"},\"url\":\"https:\/\/dev.explora.cl\/rios\/author\/smancilla\/\"}]}<\/script>\n<!-- \/ Yoast SEO plugin. -->","yoast_head_json":{"title":"Explora Los R\u00edos invita a especialistas a compartir con la comunidad en Ciencia Abierta - Los R\u00edos","robots":{"index":"index","follow":"follow","max-snippet":"max-snippet:-1","max-image-preview":"max-image-preview:large","max-video-preview":"max-video-preview:-1"},"canonical":"https:\/\/dev.explora.cl\/rios\/explora-los-rios-invita-a-especialistas-a-compartir-con-la-comunidad-en-ciencia-abierta\/","og_locale":"es_ES","og_type":"article","og_title":"Explora Los R\u00edos invita a especialistas a compartir con la comunidad en Ciencia Abierta - Los R\u00edos","og_description":"Cada mi\u00e9rcoles a las 18:00 horas desde la p\u00e1gina de Facebook del Proyecto Explora Los R\u00edos se presenta un nuevo tema de ciencia, tecnolog\u00eda, conocimiento e innovaci\u00f3n.","og_url":"https:\/\/dev.explora.cl\/rios\/explora-los-rios-invita-a-especialistas-a-compartir-con-la-comunidad-en-ciencia-abierta\/","og_site_name":"Los R\u00edos","article_published_time":"2021-06-24T21:13:07+00:00","article_modified_time":"2021-08-09T14:07:04+00:00","og_image":[{"width":1920,"height":1080,"url":"https:\/\/dev.explora.cl\/rios\/wp-content\/uploads\/sites\/16\/2021\/06\/Dise\u00f1o-sin-t\u00edtulo.jpg","type":"image\/jpeg"}],"author":"smancilla","twitter_card":"summary_large_image","twitter_misc":{"Escrito por":"smancilla","Tiempo estimado de lectura":"2 minutos"},"schema":{"@context":"https:\/\/schema.org","@graph":[{"@type":"Article","@id":"https:\/\/dev.explora.cl\/rios\/explora-los-rios-invita-a-especialistas-a-compartir-con-la-comunidad-en-ciencia-abierta\/#article","isPartOf":{"@id":"https:\/\/dev.explora.cl\/rios\/explora-los-rios-invita-a-especialistas-a-compartir-con-la-comunidad-en-ciencia-abierta\/"},"author":{"name":"smancilla","@id":"https:\/\/dev.explora.cl\/rios\/#\/schema\/person\/279896208736d277e75690dde6cc1ea9"},"headline":"Explora Los R\u00edos invita a especialistas a compartir con la comunidad en Ciencia Abierta","datePublished":"2021-06-24T21:13:07+00:00","dateModified":"2021-08-09T14:07:04+00:00","mainEntityOfPage":{"@id":"https:\/\/dev.explora.cl\/rios\/explora-los-rios-invita-a-especialistas-a-compartir-con-la-comunidad-en-ciencia-abierta\/"},"wordCount":456,"commentCount":0,"image":{"@id":"https:\/\/dev.explora.cl\/rios\/explora-los-rios-invita-a-especialistas-a-compartir-con-la-comunidad-en-ciencia-abierta\/#primaryimage"},"thumbnailUrl":"https:\/\/dev.explora.cl\/rios\/wp-content\/uploads\/sites\/16\/2021\/06\/Dise\u00f1o-sin-t\u00edtulo.jpg","keywords":["charlas","Ciencia Abierta","cient\u00edficos","comunidad","especialistas","inscripci\u00f3n"],"articleSection":["Noticias"],"inLanguage":"es-CL","potentialAction":[{"@type":"CommentAction","name":"Comment","target":["https:\/\/dev.explora.cl\/rios\/explora-los-rios-invita-a-especialistas-a-compartir-con-la-comunidad-en-ciencia-abierta\/#respond"]}]},{"@type":"WebPage","@id":"https:\/\/dev.explora.cl\/rios\/explora-los-rios-invita-a-especialistas-a-compartir-con-la-comunidad-en-ciencia-abierta\/","url":"https:\/\/dev.explora.cl\/rios\/explora-los-rios-invita-a-especialistas-a-compartir-con-la-comunidad-en-ciencia-abierta\/","name":"Explora Los R\u00edos invita a especialistas a compartir con la comunidad en Ciencia Abierta - Los R\u00edos","isPartOf":{"@id":"https:\/\/dev.explora.cl\/rios\/#website"},"primaryImageOfPage":{"@id":"https:\/\/dev.explora.cl\/rios\/explora-los-rios-invita-a-especialistas-a-compartir-con-la-comunidad-en-ciencia-abierta\/#primaryimage"},"image":{"@id":"https:\/\/dev.explora.cl\/rios\/explora-los-rios-invita-a-especialistas-a-compartir-con-la-comunidad-en-ciencia-abierta\/#primaryimage"},"thumbnailUrl":"https:\/\/dev.explora.cl\/rios\/wp-content\/uploads\/sites\/16\/2021\/06\/Dise\u00f1o-sin-t\u00edtulo.jpg","datePublished":"2021-06-24T21:13:07+00:00","dateModified":"2021-08-09T14:07:04+00:00","author":{"@id":"https:\/\/dev.explora.cl\/rios\/#\/schema\/person\/279896208736d277e75690dde6cc1ea9"},"breadcrumb":{"@id":"https:\/\/dev.explora.cl\/rios\/explora-los-rios-invita-a-especialistas-a-compartir-con-la-comunidad-en-ciencia-abierta\/#breadcrumb"},"inLanguage":"es-CL","potentialAction":[{"@type":"ReadAction","target":["https:\/\/dev.explora.cl\/rios\/explora-los-rios-invita-a-especialistas-a-compartir-con-la-comunidad-en-ciencia-abierta\/"]}]},{"@type":"ImageObject","inLanguage":"es-CL","@id":"https:\/\/dev.explora.cl\/rios\/explora-los-rios-invita-a-especialistas-a-compartir-con-la-comunidad-en-ciencia-abierta\/#primaryimage","url":"https:\/\/dev.explora.cl\/rios\/wp-content\/uploads\/sites\/16\/2021\/06\/Dise\u00f1o-sin-t\u00edtulo.jpg","contentUrl":"https:\/\/dev.explora.cl\/rios\/wp-content\/uploads\/sites\/16\/2021\/06\/Dise\u00f1o-sin-t\u00edtulo.jpg","width":1920,"height":1080},{"@type":"BreadcrumbList","@id":"https:\/\/dev.explora.cl\/rios\/explora-los-rios-invita-a-especialistas-a-compartir-con-la-comunidad-en-ciencia-abierta\/#breadcrumb","itemListElement":[{"@type":"ListItem","position":1,"name":"Portada","item":"https:\/\/dev.explora.cl\/rios\/"},{"@type":"ListItem","position":2,"name":"Explora Los R\u00edos invita a especialistas a compartir con la comunidad en Ciencia Abierta"}]},{"@type":"WebSite","@id":"https:\/\/dev.explora.cl\/rios\/#website","url":"https:\/\/dev.explora.cl\/rios\/","name":"Los R\u00edos","description":"Otro sitio m\u00e1s de dev.explora.cl","potentialAction":[{"@type":"SearchAction","target":{"@type":"EntryPoint","urlTemplate":"https:\/\/dev.explora.cl\/rios\/?s={search_term_string}"},"query-input":{"@type":"PropertyValueSpecification","valueRequired":true,"valueName":"search_term_string"}}],"inLanguage":"es-CL"},{"@type":"Person","@id":"https:\/\/dev.explora.cl\/rios\/#\/schema\/person\/279896208736d277e75690dde6cc1ea9","name":"smancilla","image":{"@type":"ImageObject","inLanguage":"es-CL","@id":"https:\/\/dev.explora.cl\/rios\/#\/schema\/person\/image\/","url":"https:\/\/secure.gravatar.com\/avatar\/a1c7f8b1dd453e8facadec2bf18354190c777b5556feaaadfa0f6a129ab9b015?s=96&d=mm&r=g","contentUrl":"https:\/\/secure.gravatar.com\/avatar\/a1c7f8b1dd453e8facadec2bf18354190c777b5556feaaadfa0f6a129ab9b015?s=96&d=mm&r=g","caption":"smancilla"},"url":"https:\/\/dev.explora.cl\/rios\/author\/smancilla\/"}]}},"_links":{"self":[{"href":"https:\/\/dev.explora.cl\/rios\/wp-json\/wp\/v2\/posts\/39982","targetHints":{"allow":["GET"]}}],"collection":[{"href":"https:\/\/dev.explora.cl\/rios\/wp-json\/wp\/v2\/posts"}],"about":[{"href":"https:\/\/dev.explora.cl\/rios\/wp-json\/wp\/v2\/types\/post"}],"author":[{"embeddable":true,"href":"https:\/\/dev.explora.cl\/rios\/wp-json\/wp\/v2\/users\/31"}],"replies":[{"embeddable":true,"href":"https:\/\/dev.explora.cl\/rios\/wp-json\/wp\/v2\/comments?post=39982"}],"version-history":[{"count":3,"href":"https:\/\/dev.explora.cl\/rios\/wp-json\/wp\/v2\/posts\/39982\/revisions"}],"predecessor-version":[{"id":39986,"href":"https:\/\/dev.explora.cl\/rios\/wp-json\/wp\/v2\/posts\/39982\/revisions\/39986"}],"wp:featuredmedia":[{"embeddable":true,"href":"https:\/\/dev.explora.cl\/rios\/wp-json\/wp\/v2\/media\/39983"}],"wp:attachment":[{"href":"https:\/\/dev.explora.cl\/rios\/wp-json\/wp\/v2\/media?parent=39982"}],"wp:term":[{"taxonomy":"category","embeddable":true,"href":"https:\/\/dev.explora.cl\/rios\/wp-json\/wp\/v2\/categories?post=39982"},{"taxonomy":"post_tag","embeddable":true,"href":"https:\/\/dev.explora.cl\/rios\/wp-json\/wp\/v2\/tags?post=39982"}],"curies":[{"name":"wp","href":"https:\/\/api.w.org\/{rel}","templated":true}]}}