{"id":39957,"date":"2021-06-17T16:07:49","date_gmt":"2021-06-17T20:07:49","guid":{"rendered":"https:\/\/dev.explora.cl\/rios\/?p=39957"},"modified":"2021-07-26T16:17:28","modified_gmt":"2021-07-26T20:17:28","slug":"lanzaron-ciclo-de-charlas-ciencia-abierta-de-explora-con-destacadas-cientificas","status":"publish","type":"post","link":"https:\/\/dev.explora.cl\/rios\/lanzaron-ciclo-de-charlas-ciencia-abierta-de-explora-con-destacadas-cientificas\/","title":{"rendered":"Lanzaron ciclo de charlas Ciencia Abierta de Explora con destacadas cient\u00edficas"},"content":{"rendered":"<p>[vc_row][vc_column][vc_row_inner][vc_column_inner width=&#8221;2\/3&#8243;][vc_custom_heading text=&#8221;El viernes 11 y mi\u00e9rcoles 16 de junio se llevaron a cabo las charlas de lanzamiento de un nuevo de la iniciativa del Proyecto Explora Los R\u00edos.&#8221; font_container=&#8221;tag:h3|text_align:left&#8221;][\/vc_column_inner][vc_column_inner width=&#8221;1\/3&#8243;][vc_btn title=&#8221;Inscribirse como conferencista&#8221; style=&#8221;custom&#8221; custom_background=&#8221;#81d742&#8243; custom_text=&#8221;#ffffff&#8221; size=&#8221;lg&#8221; align=&#8221;center&#8221; i_align=&#8221;right&#8221; i_icon_fontawesome=&#8221;fa fa-arrow-circle-right&#8221; button_block=&#8221;true&#8221; add_icon=&#8221;true&#8221; link=&#8221;url:https%3A%2F%2Fform.jotform.com%2Fpar.losrios.explora%2Fcienciaabierta2021|||&#8221;][\/vc_column_inner][\/vc_row_inner][vc_column_text]El suelo, un protagonista del ecosistema que no siempre est\u00e1 en primera plana y las brechas de g\u00e9nero en la ciencia fueron los temas de las charlas inaugurales de Ciencia Abierta. Iniciativa del Proyecto Explora Los R\u00edos del Ministerio de Ciencia, Tecnolog\u00eda, Conocimiento e Innovaci\u00f3n que acerca a la comunidad a especialistas de diversas \u00e1reas del conocimiento.<\/p>\n<p>Las doctoras Leyla C\u00e1rdenas y Susana Valle se presentaron charlas que fueron emitidas mediante la p\u00e1gina de Facebook del Proyecto Explora Los R\u00edos (<a href=\"http:\/\/www.facebook.com\/parexplorarios\">www.facebook.com\/parexplorarios<\/a>) para el p\u00fablico interesado, que tambi\u00e9n pudo interactuar con las conferencistas.<\/p>\n<p>Durante la charla de este mi\u00e9rcoles 16, la Decana de la Facultad de Ciencias de la Universidad Austral de Chile, Dra. Leyla C\u00e1rdenas, destac\u00f3 la candidatura de la Dra. Maite Castro a la rector\u00eda de la casa de estudios, demostrando que las investigadoras ganan cada vez m\u00e1s espacio en la comunidad cient\u00edfica.<\/p>\n<p>Por su parte, la Dra. Susana Valle, investigadora del Instituto de Ingenier\u00eda Agraria y Suelos, Facultad de Ciencias Agrarias y Alimentarias UACh, present\u00f3 una conferencia sobre suelos, \u201c(que) son muy olvidados en la protecci\u00f3n del medio ambiente, son un recurso limitado que del cual depende toda nuestra subsistencia\u201d, se\u00f1al\u00f3.<\/p>\n<p>Ambas pueden ser vistas en Facebook o en el canal de YouTube del Proyecto Explora Los R\u00edos (<a href=\"http:\/\/www.youtube.com\/parexplorarios\">www.youtube.com\/parexplorarios<\/a>) y cada mi\u00e9rcoles del a\u00f1o a las 18:00 horas se desarrollar\u00e1 un nuevo encuentro de Ciencia Abierta.<\/p>\n<p><strong>Se buscan conferencistas<\/strong><\/p>\n<p>Ya se pueden inscribir especialistas, investigadores\/as, cient\u00edficos\/as y profesionales que quieran compartir con la comunidad sus conocimientos. Con charlas, conversatorios o talleres en l\u00ednea se puede participar en Ciencia Abierta, siempre con el seguimiento y acompa\u00f1amiento del equipo del Proyecto Explora Los R\u00edos.<\/p>\n<p>Las inscripciones se hacen mediante un formulario en l\u00ednea disponible en <a href=\"https:\/\/dev.explora.cl\/rios\/especialistasca2021\/\">https:\/\/dev.explora.cl\/rios\/especialistasca2021\/<\/a>, donde se podr\u00e1 elegir una fecha posible para la conferencia y la tem\u00e1tica que se desea exponer.[\/vc_column_text][vc_row_inner][vc_column_inner][vc_video link=&#8221;https:\/\/www.youtube.com\/watch?v=4AeQiFcYAiY&#8221;][vc_single_image image=&#8221;39958&#8243; img_size=&#8221;full&#8221;][\/vc_column_inner][\/vc_row_inner][\/vc_column][\/vc_row][vc_row css=&#8221;.vc_custom_1614888019520{border-top-width: 1px !important;border-top-color: #b6b6b6 !important;border-top-style: solid !important;}&#8221;][vc_column][vc_column_text]<\/p>\n<p style=\"text-align: center;font-size: 0.9em;color: #b6b6b6\"><a href=\"https:\/\/dev.explora.cl\/rios\/protocolo\">Revisa nuestro Protocolo para Trabajo con Ni\u00f1os, Ni\u00f1as y Adolescentes<\/a><\/p>\n<p>[\/vc_column_text][\/vc_column][\/vc_row]<\/p>\n","protected":false},"excerpt":{"rendered":"<p>El viernes 11 y mi\u00e9rcoles 16 de junio se llevaron a cabo las charlas de lanzamiento de un nuevo de la iniciativa del Proyecto Explora Los R\u00edos.<\/p>\n","protected":false},"author":31,"featured_media":39961,"comment_status":"open","ping_status":"open","sticky":false,"template":"","format":"standard","meta":{"_acf_changed":false,"_exactmetrics_skip_tracking":false,"_exactmetrics_sitenote_active":false,"_exactmetrics_sitenote_note":"","_exactmetrics_sitenote_category":0,"footnotes":"","_links_to":"","_links_to_target":""},"categories":[4],"tags":[221,359,232],"class_list":["post-39957","post","type-post","status-publish","format-standard","has-post-thumbnail","hentry","category-noticias","tag-charlas","tag-ciencia-abierta","tag-inscripciones"],"acf":[],"yoast_head":"<!-- This site is optimized with the Yoast SEO plugin v26.7 - https:\/\/yoast.com\/wordpress\/plugins\/seo\/ -->\n<title>Lanzaron ciclo de charlas Ciencia Abierta de Explora con destacadas cient\u00edficas - Los R\u00edos<\/title>\n<meta name=\"robots\" content=\"index, follow, max-snippet:-1, max-image-preview:large, max-video-preview:-1\" \/>\n<link rel=\"canonical\" href=\"https:\/\/dev.explora.cl\/rios\/lanzaron-ciclo-de-charlas-ciencia-abierta-de-explora-con-destacadas-cientificas\/\" class=\"yoast-seo-meta-tag\" \/>\n<meta property=\"og:locale\" content=\"es_ES\" class=\"yoast-seo-meta-tag\" \/>\n<meta property=\"og:type\" content=\"article\" class=\"yoast-seo-meta-tag\" \/>\n<meta property=\"og:title\" content=\"Lanzaron ciclo de charlas Ciencia Abierta de Explora con destacadas cient\u00edficas - Los R\u00edos\" class=\"yoast-seo-meta-tag\" \/>\n<meta property=\"og:description\" content=\"El viernes 11 y mi\u00e9rcoles 16 de junio se llevaron a cabo las charlas de lanzamiento de un nuevo de la iniciativa del Proyecto Explora Los R\u00edos.\" class=\"yoast-seo-meta-tag\" \/>\n<meta property=\"og:url\" content=\"https:\/\/dev.explora.cl\/rios\/lanzaron-ciclo-de-charlas-ciencia-abierta-de-explora-con-destacadas-cientificas\/\" class=\"yoast-seo-meta-tag\" \/>\n<meta property=\"og:site_name\" content=\"Los R\u00edos\" class=\"yoast-seo-meta-tag\" \/>\n<meta property=\"article:published_time\" content=\"2021-06-17T20:07:49+00:00\" class=\"yoast-seo-meta-tag\" \/>\n<meta property=\"article:modified_time\" content=\"2021-07-26T20:17:28+00:00\" class=\"yoast-seo-meta-tag\" \/>\n<meta property=\"og:image\" content=\"https:\/\/dev.explora.cl\/rios\/wp-content\/uploads\/sites\/16\/2021\/06\/screenshot-www.facebook.com-2021.06.17-16_03_36.png\" class=\"yoast-seo-meta-tag\" \/>\n\t<meta property=\"og:image:width\" content=\"1005\" class=\"yoast-seo-meta-tag\" \/>\n\t<meta property=\"og:image:height\" content=\"561\" class=\"yoast-seo-meta-tag\" \/>\n\t<meta property=\"og:image:type\" content=\"image\/png\" class=\"yoast-seo-meta-tag\" \/>\n<meta name=\"author\" content=\"smancilla\" class=\"yoast-seo-meta-tag\" \/>\n<meta name=\"twitter:card\" content=\"summary_large_image\" class=\"yoast-seo-meta-tag\" \/>\n<meta name=\"twitter:label1\" content=\"Escrito por\" class=\"yoast-seo-meta-tag\" \/>\n\t<meta name=\"twitter:data1\" content=\"smancilla\" class=\"yoast-seo-meta-tag\" \/>\n\t<meta name=\"twitter:label2\" content=\"Tiempo estimado de lectura\" class=\"yoast-seo-meta-tag\" \/>\n\t<meta name=\"twitter:data2\" content=\"3 minutos\" class=\"yoast-seo-meta-tag\" \/>\n<script type=\"application\/ld+json\" class=\"yoast-schema-graph\">{\"@context\":\"https:\/\/schema.org\",\"@graph\":[{\"@type\":\"Article\",\"@id\":\"https:\/\/dev.explora.cl\/rios\/lanzaron-ciclo-de-charlas-ciencia-abierta-de-explora-con-destacadas-cientificas\/#article\",\"isPartOf\":{\"@id\":\"https:\/\/dev.explora.cl\/rios\/lanzaron-ciclo-de-charlas-ciencia-abierta-de-explora-con-destacadas-cientificas\/\"},\"author\":{\"name\":\"smancilla\",\"@id\":\"https:\/\/dev.explora.cl\/rios\/#\/schema\/person\/279896208736d277e75690dde6cc1ea9\"},\"headline\":\"Lanzaron ciclo de charlas Ciencia Abierta de Explora con destacadas cient\u00edficas\",\"datePublished\":\"2021-06-17T20:07:49+00:00\",\"dateModified\":\"2021-07-26T20:17:28+00:00\",\"mainEntityOfPage\":{\"@id\":\"https:\/\/dev.explora.cl\/rios\/lanzaron-ciclo-de-charlas-ciencia-abierta-de-explora-con-destacadas-cientificas\/\"},\"wordCount\":537,\"commentCount\":0,\"image\":{\"@id\":\"https:\/\/dev.explora.cl\/rios\/lanzaron-ciclo-de-charlas-ciencia-abierta-de-explora-con-destacadas-cientificas\/#primaryimage\"},\"thumbnailUrl\":\"https:\/\/dev.explora.cl\/rios\/wp-content\/uploads\/sites\/16\/2021\/06\/screenshot-www.facebook.com-2021.06.17-16_03_36.png\",\"keywords\":[\"charlas\",\"Ciencia Abierta\",\"inscripciones\"],\"articleSection\":[\"Noticias\"],\"inLanguage\":\"es-CL\",\"potentialAction\":[{\"@type\":\"CommentAction\",\"name\":\"Comment\",\"target\":[\"https:\/\/dev.explora.cl\/rios\/lanzaron-ciclo-de-charlas-ciencia-abierta-de-explora-con-destacadas-cientificas\/#respond\"]}]},{\"@type\":\"WebPage\",\"@id\":\"https:\/\/dev.explora.cl\/rios\/lanzaron-ciclo-de-charlas-ciencia-abierta-de-explora-con-destacadas-cientificas\/\",\"url\":\"https:\/\/dev.explora.cl\/rios\/lanzaron-ciclo-de-charlas-ciencia-abierta-de-explora-con-destacadas-cientificas\/\",\"name\":\"Lanzaron ciclo de charlas Ciencia Abierta de Explora con destacadas cient\u00edficas - Los R\u00edos\",\"isPartOf\":{\"@id\":\"https:\/\/dev.explora.cl\/rios\/#website\"},\"primaryImageOfPage\":{\"@id\":\"https:\/\/dev.explora.cl\/rios\/lanzaron-ciclo-de-charlas-ciencia-abierta-de-explora-con-destacadas-cientificas\/#primaryimage\"},\"image\":{\"@id\":\"https:\/\/dev.explora.cl\/rios\/lanzaron-ciclo-de-charlas-ciencia-abierta-de-explora-con-destacadas-cientificas\/#primaryimage\"},\"thumbnailUrl\":\"https:\/\/dev.explora.cl\/rios\/wp-content\/uploads\/sites\/16\/2021\/06\/screenshot-www.facebook.com-2021.06.17-16_03_36.png\",\"datePublished\":\"2021-06-17T20:07:49+00:00\",\"dateModified\":\"2021-07-26T20:17:28+00:00\",\"author\":{\"@id\":\"https:\/\/dev.explora.cl\/rios\/#\/schema\/person\/279896208736d277e75690dde6cc1ea9\"},\"breadcrumb\":{\"@id\":\"https:\/\/dev.explora.cl\/rios\/lanzaron-ciclo-de-charlas-ciencia-abierta-de-explora-con-destacadas-cientificas\/#breadcrumb\"},\"inLanguage\":\"es-CL\",\"potentialAction\":[{\"@type\":\"ReadAction\",\"target\":[\"https:\/\/dev.explora.cl\/rios\/lanzaron-ciclo-de-charlas-ciencia-abierta-de-explora-con-destacadas-cientificas\/\"]}]},{\"@type\":\"ImageObject\",\"inLanguage\":\"es-CL\",\"@id\":\"https:\/\/dev.explora.cl\/rios\/lanzaron-ciclo-de-charlas-ciencia-abierta-de-explora-con-destacadas-cientificas\/#primaryimage\",\"url\":\"https:\/\/dev.explora.cl\/rios\/wp-content\/uploads\/sites\/16\/2021\/06\/screenshot-www.facebook.com-2021.06.17-16_03_36.png\",\"contentUrl\":\"https:\/\/dev.explora.cl\/rios\/wp-content\/uploads\/sites\/16\/2021\/06\/screenshot-www.facebook.com-2021.06.17-16_03_36.png\",\"width\":1005,\"height\":561},{\"@type\":\"BreadcrumbList\",\"@id\":\"https:\/\/dev.explora.cl\/rios\/lanzaron-ciclo-de-charlas-ciencia-abierta-de-explora-con-destacadas-cientificas\/#breadcrumb\",\"itemListElement\":[{\"@type\":\"ListItem\",\"position\":1,\"name\":\"Portada\",\"item\":\"https:\/\/dev.explora.cl\/rios\/\"},{\"@type\":\"ListItem\",\"position\":2,\"name\":\"Lanzaron ciclo de charlas Ciencia Abierta de Explora con destacadas cient\u00edficas\"}]},{\"@type\":\"WebSite\",\"@id\":\"https:\/\/dev.explora.cl\/rios\/#website\",\"url\":\"https:\/\/dev.explora.cl\/rios\/\",\"name\":\"Los R\u00edos\",\"description\":\"Otro sitio m\u00e1s de dev.explora.cl\",\"potentialAction\":[{\"@type\":\"SearchAction\",\"target\":{\"@type\":\"EntryPoint\",\"urlTemplate\":\"https:\/\/dev.explora.cl\/rios\/?s={search_term_string}\"},\"query-input\":{\"@type\":\"PropertyValueSpecification\",\"valueRequired\":true,\"valueName\":\"search_term_string\"}}],\"inLanguage\":\"es-CL\"},{\"@type\":\"Person\",\"@id\":\"https:\/\/dev.explora.cl\/rios\/#\/schema\/person\/279896208736d277e75690dde6cc1ea9\",\"name\":\"smancilla\",\"image\":{\"@type\":\"ImageObject\",\"inLanguage\":\"es-CL\",\"@id\":\"https:\/\/dev.explora.cl\/rios\/#\/schema\/person\/image\/\",\"url\":\"https:\/\/secure.gravatar.com\/avatar\/a1c7f8b1dd453e8facadec2bf18354190c777b5556feaaadfa0f6a129ab9b015?s=96&d=mm&r=g\",\"contentUrl\":\"https:\/\/secure.gravatar.com\/avatar\/a1c7f8b1dd453e8facadec2bf18354190c777b5556feaaadfa0f6a129ab9b015?s=96&d=mm&r=g\",\"caption\":\"smancilla\"},\"url\":\"https:\/\/dev.explora.cl\/rios\/author\/smancilla\/\"}]}<\/script>\n<!-- \/ Yoast SEO plugin. -->","yoast_head_json":{"title":"Lanzaron ciclo de charlas Ciencia Abierta de Explora con destacadas cient\u00edficas - Los R\u00edos","robots":{"index":"index","follow":"follow","max-snippet":"max-snippet:-1","max-image-preview":"max-image-preview:large","max-video-preview":"max-video-preview:-1"},"canonical":"https:\/\/dev.explora.cl\/rios\/lanzaron-ciclo-de-charlas-ciencia-abierta-de-explora-con-destacadas-cientificas\/","og_locale":"es_ES","og_type":"article","og_title":"Lanzaron ciclo de charlas Ciencia Abierta de Explora con destacadas cient\u00edficas - Los R\u00edos","og_description":"El viernes 11 y mi\u00e9rcoles 16 de junio se llevaron a cabo las charlas de lanzamiento de un nuevo de la iniciativa del Proyecto Explora Los R\u00edos.","og_url":"https:\/\/dev.explora.cl\/rios\/lanzaron-ciclo-de-charlas-ciencia-abierta-de-explora-con-destacadas-cientificas\/","og_site_name":"Los R\u00edos","article_published_time":"2021-06-17T20:07:49+00:00","article_modified_time":"2021-07-26T20:17:28+00:00","og_image":[{"width":1005,"height":561,"url":"https:\/\/dev.explora.cl\/rios\/wp-content\/uploads\/sites\/16\/2021\/06\/screenshot-www.facebook.com-2021.06.17-16_03_36.png","type":"image\/png"}],"author":"smancilla","twitter_card":"summary_large_image","twitter_misc":{"Escrito por":"smancilla","Tiempo estimado de lectura":"3 minutos"},"schema":{"@context":"https:\/\/schema.org","@graph":[{"@type":"Article","@id":"https:\/\/dev.explora.cl\/rios\/lanzaron-ciclo-de-charlas-ciencia-abierta-de-explora-con-destacadas-cientificas\/#article","isPartOf":{"@id":"https:\/\/dev.explora.cl\/rios\/lanzaron-ciclo-de-charlas-ciencia-abierta-de-explora-con-destacadas-cientificas\/"},"author":{"name":"smancilla","@id":"https:\/\/dev.explora.cl\/rios\/#\/schema\/person\/279896208736d277e75690dde6cc1ea9"},"headline":"Lanzaron ciclo de charlas Ciencia Abierta de Explora con destacadas cient\u00edficas","datePublished":"2021-06-17T20:07:49+00:00","dateModified":"2021-07-26T20:17:28+00:00","mainEntityOfPage":{"@id":"https:\/\/dev.explora.cl\/rios\/lanzaron-ciclo-de-charlas-ciencia-abierta-de-explora-con-destacadas-cientificas\/"},"wordCount":537,"commentCount":0,"image":{"@id":"https:\/\/dev.explora.cl\/rios\/lanzaron-ciclo-de-charlas-ciencia-abierta-de-explora-con-destacadas-cientificas\/#primaryimage"},"thumbnailUrl":"https:\/\/dev.explora.cl\/rios\/wp-content\/uploads\/sites\/16\/2021\/06\/screenshot-www.facebook.com-2021.06.17-16_03_36.png","keywords":["charlas","Ciencia Abierta","inscripciones"],"articleSection":["Noticias"],"inLanguage":"es-CL","potentialAction":[{"@type":"CommentAction","name":"Comment","target":["https:\/\/dev.explora.cl\/rios\/lanzaron-ciclo-de-charlas-ciencia-abierta-de-explora-con-destacadas-cientificas\/#respond"]}]},{"@type":"WebPage","@id":"https:\/\/dev.explora.cl\/rios\/lanzaron-ciclo-de-charlas-ciencia-abierta-de-explora-con-destacadas-cientificas\/","url":"https:\/\/dev.explora.cl\/rios\/lanzaron-ciclo-de-charlas-ciencia-abierta-de-explora-con-destacadas-cientificas\/","name":"Lanzaron ciclo de charlas Ciencia Abierta de Explora con destacadas cient\u00edficas - Los R\u00edos","isPartOf":{"@id":"https:\/\/dev.explora.cl\/rios\/#website"},"primaryImageOfPage":{"@id":"https:\/\/dev.explora.cl\/rios\/lanzaron-ciclo-de-charlas-ciencia-abierta-de-explora-con-destacadas-cientificas\/#primaryimage"},"image":{"@id":"https:\/\/dev.explora.cl\/rios\/lanzaron-ciclo-de-charlas-ciencia-abierta-de-explora-con-destacadas-cientificas\/#primaryimage"},"thumbnailUrl":"https:\/\/dev.explora.cl\/rios\/wp-content\/uploads\/sites\/16\/2021\/06\/screenshot-www.facebook.com-2021.06.17-16_03_36.png","datePublished":"2021-06-17T20:07:49+00:00","dateModified":"2021-07-26T20:17:28+00:00","author":{"@id":"https:\/\/dev.explora.cl\/rios\/#\/schema\/person\/279896208736d277e75690dde6cc1ea9"},"breadcrumb":{"@id":"https:\/\/dev.explora.cl\/rios\/lanzaron-ciclo-de-charlas-ciencia-abierta-de-explora-con-destacadas-cientificas\/#breadcrumb"},"inLanguage":"es-CL","potentialAction":[{"@type":"ReadAction","target":["https:\/\/dev.explora.cl\/rios\/lanzaron-ciclo-de-charlas-ciencia-abierta-de-explora-con-destacadas-cientificas\/"]}]},{"@type":"ImageObject","inLanguage":"es-CL","@id":"https:\/\/dev.explora.cl\/rios\/lanzaron-ciclo-de-charlas-ciencia-abierta-de-explora-con-destacadas-cientificas\/#primaryimage","url":"https:\/\/dev.explora.cl\/rios\/wp-content\/uploads\/sites\/16\/2021\/06\/screenshot-www.facebook.com-2021.06.17-16_03_36.png","contentUrl":"https:\/\/dev.explora.cl\/rios\/wp-content\/uploads\/sites\/16\/2021\/06\/screenshot-www.facebook.com-2021.06.17-16_03_36.png","width":1005,"height":561},{"@type":"BreadcrumbList","@id":"https:\/\/dev.explora.cl\/rios\/lanzaron-ciclo-de-charlas-ciencia-abierta-de-explora-con-destacadas-cientificas\/#breadcrumb","itemListElement":[{"@type":"ListItem","position":1,"name":"Portada","item":"https:\/\/dev.explora.cl\/rios\/"},{"@type":"ListItem","position":2,"name":"Lanzaron ciclo de charlas Ciencia Abierta de Explora con destacadas cient\u00edficas"}]},{"@type":"WebSite","@id":"https:\/\/dev.explora.cl\/rios\/#website","url":"https:\/\/dev.explora.cl\/rios\/","name":"Los R\u00edos","description":"Otro sitio m\u00e1s de dev.explora.cl","potentialAction":[{"@type":"SearchAction","target":{"@type":"EntryPoint","urlTemplate":"https:\/\/dev.explora.cl\/rios\/?s={search_term_string}"},"query-input":{"@type":"PropertyValueSpecification","valueRequired":true,"valueName":"search_term_string"}}],"inLanguage":"es-CL"},{"@type":"Person","@id":"https:\/\/dev.explora.cl\/rios\/#\/schema\/person\/279896208736d277e75690dde6cc1ea9","name":"smancilla","image":{"@type":"ImageObject","inLanguage":"es-CL","@id":"https:\/\/dev.explora.cl\/rios\/#\/schema\/person\/image\/","url":"https:\/\/secure.gravatar.com\/avatar\/a1c7f8b1dd453e8facadec2bf18354190c777b5556feaaadfa0f6a129ab9b015?s=96&d=mm&r=g","contentUrl":"https:\/\/secure.gravatar.com\/avatar\/a1c7f8b1dd453e8facadec2bf18354190c777b5556feaaadfa0f6a129ab9b015?s=96&d=mm&r=g","caption":"smancilla"},"url":"https:\/\/dev.explora.cl\/rios\/author\/smancilla\/"}]}},"_links":{"self":[{"href":"https:\/\/dev.explora.cl\/rios\/wp-json\/wp\/v2\/posts\/39957","targetHints":{"allow":["GET"]}}],"collection":[{"href":"https:\/\/dev.explora.cl\/rios\/wp-json\/wp\/v2\/posts"}],"about":[{"href":"https:\/\/dev.explora.cl\/rios\/wp-json\/wp\/v2\/types\/post"}],"author":[{"embeddable":true,"href":"https:\/\/dev.explora.cl\/rios\/wp-json\/wp\/v2\/users\/31"}],"replies":[{"embeddable":true,"href":"https:\/\/dev.explora.cl\/rios\/wp-json\/wp\/v2\/comments?post=39957"}],"version-history":[{"count":5,"href":"https:\/\/dev.explora.cl\/rios\/wp-json\/wp\/v2\/posts\/39957\/revisions"}],"predecessor-version":[{"id":39966,"href":"https:\/\/dev.explora.cl\/rios\/wp-json\/wp\/v2\/posts\/39957\/revisions\/39966"}],"wp:featuredmedia":[{"embeddable":true,"href":"https:\/\/dev.explora.cl\/rios\/wp-json\/wp\/v2\/media\/39961"}],"wp:attachment":[{"href":"https:\/\/dev.explora.cl\/rios\/wp-json\/wp\/v2\/media?parent=39957"}],"wp:term":[{"taxonomy":"category","embeddable":true,"href":"https:\/\/dev.explora.cl\/rios\/wp-json\/wp\/v2\/categories?post=39957"},{"taxonomy":"post_tag","embeddable":true,"href":"https:\/\/dev.explora.cl\/rios\/wp-json\/wp\/v2\/tags?post=39957"}],"curies":[{"name":"wp","href":"https:\/\/api.w.org\/{rel}","templated":true}]}}