{"id":39939,"date":"2021-06-10T13:08:54","date_gmt":"2021-06-10T17:08:54","guid":{"rendered":"https:\/\/dev.explora.cl\/rios\/?p=39939"},"modified":"2021-07-15T12:31:56","modified_gmt":"2021-07-15T16:31:56","slug":"ultimos-dias-para-postular-a-programas-de-investigacion-cientifica-escolar","status":"publish","type":"post","link":"https:\/\/dev.explora.cl\/rios\/ultimos-dias-para-postular-a-programas-de-investigacion-cientifica-escolar\/","title":{"rendered":"\u00daltimos d\u00edas para postular a programas de investigaci\u00f3n cient\u00edfica escolar"},"content":{"rendered":"<p>[vc_row][vc_column][vc_row_inner][vc_column_inner width=&#8221;2\/3&#8243;][vc_custom_heading text=&#8221;Las iniciativas de Investigaci\u00f3n e Innovaci\u00f3n Escolar del Proyecto Explora Los R\u00edos cierran sus postulaciones el 16 de junio.&#8221; font_container=&#8221;tag:h3|text_align:left&#8221;][vc_single_image image=&#8221;39943&#8243; img_size=&#8221;full&#8221;][\/vc_column_inner][vc_column_inner width=&#8221;1\/3&#8243;][vc_btn title=&#8221;Ir al sitio de postulaci\u00f3n&#8221; style=&#8221;custom&#8221; custom_background=&#8221;#81d742&#8243; custom_text=&#8221;#ffffff&#8221; size=&#8221;lg&#8221; align=&#8221;center&#8221; i_align=&#8221;right&#8221; i_icon_fontawesome=&#8221;fa fa-arrow-circle-right&#8221; button_block=&#8221;true&#8221; add_icon=&#8221;true&#8221; link=&#8221;url:https%3A%2F%2Fdev.explora.cl%2Frios%2Fiie2021%2F|||&#8221;][vc_btn title=&#8221;Inscripciones para especialistas que quieren apoyar la ciencia escolar&#8221; style=&#8221;custom&#8221; custom_background=&#8221;#81d742&#8243; custom_text=&#8221;#ffffff&#8221; size=&#8221;lg&#8221; align=&#8221;center&#8221; i_align=&#8221;right&#8221; i_icon_fontawesome=&#8221;fa fa-arrow-circle-right&#8221; button_block=&#8221;true&#8221; add_icon=&#8221;true&#8221; link=&#8221;url:https%3A%2F%2Fform.jotform.com%2F211535557500046|||&#8221;][\/vc_column_inner][\/vc_row_inner][vc_column_text]Investigaci\u00f3n e Innovaci\u00f3n Escolar es la iniciativa del Programa Explora para apoyar y fomentar la investigaci\u00f3n cient\u00edfica y el desarrollo de innovaci\u00f3n tecnol\u00f3gica en los establecimientos educacionales del pa\u00eds. En la Regi\u00f3n de Los R\u00edos existen dos instrumentos para llevar a cabo este objetivo: \u00a0hist\u00f3rico Abramos Nuestros Laboratorios y los Clubes Explora, ambas con cierre de postulaciones este mi\u00e9rcoles 16 de junio.<\/p>\n<p>Los equipos escolares tendr\u00e1n la oportunidad de tener asesor\u00eda de especialistas en los \u00e1mbitos del conocimiento que elijan para investigar. Todo bajo modalidad a distancia y con medidas sanitarias.<\/p>\n<p>El Programa Abramos Nuestros Laboratorios es desarrollado en conjunto con la Vicerrector\u00eda de Investigaci\u00f3n, Desarrollo y Creaci\u00f3n Art\u00edstica de la Universidad Austral de Chile e invita a un equipo de m\u00e1ximo 3 estudiantes a una pasant\u00eda junto a investigadores de la UACh. Durante los meses de investigaci\u00f3n o desarrollo tecnol\u00f3gico podr\u00e1n generar productos que ser\u00e1n presentados en el Congreso Regional Explora.<\/p>\n<p>Por otra parte, los Clubes Explora entregan la posibilidad a establecimientos educacionales de transformar a un grupo de estudiantes en un equipo de investigaci\u00f3n, el cual recibir\u00e1 apoyo en su labor de investigaci\u00f3n cient\u00edfica. Todos los temas son elegidos y desarrollados por los mismos alumnos.<\/p>\n<p>Especialistas o profesionales que deseen colaborar en el desarrollo de investigaci\u00f3n e innovaci\u00f3n escolar pueden inscribirse en el sitio web del Proyecto Explora en <a href=\"https:\/\/dev.explora.cl\/rios\/iie2021\">dev.explora.cl\/rios\/iie2021<\/a>.<\/p>\n<p><strong>Reuni\u00f3n con docentes<\/strong><\/p>\n<p>La comunidad educativa regional conoci\u00f3 las iniciativas del Proyecto Explora Los R\u00edos en una reuni\u00f3n informativa este mi\u00e9rcoles 9, a la cual asistieron DAEM comunales, directivos de establecimientos educacionales y docentes. La reuni\u00f3n virtual cont\u00f3 con participantes de Valdivia, Lanco, Panguipulli y Los Lagos, quienes se mostraron con un alto inter\u00e9s en participar.<\/p>\n<p>Finalmente, se confirm\u00f3 que el Congreso Regional Escolar de la Ciencia y la Tecnolog\u00eda Explora Regi\u00f3n de Los R\u00edos se volver\u00e1 a realizar este 2021 luego de su suspensi\u00f3n el a\u00f1o pasado debido a la pandemia.[\/vc_column_text][vc_video link=&#8221;https:\/\/www.youtube.com\/watch?v=U7ezD5eU354&#8243;][\/vc_column][\/vc_row][vc_row css=&#8221;.vc_custom_1614888019520{border-top-width: 1px !important;border-top-color: #b6b6b6 !important;border-top-style: solid !important;}&#8221;][vc_column][vc_column_text]<\/p>\n<p style=\"text-align: center;font-size: 0.9em;color: #b6b6b6\"><a href=\"https:\/\/dev.explora.cl\/rios\/protocolo\">Revisa nuestro Protocolo para Trabajo con Ni\u00f1os, Ni\u00f1as y Adolescentes<\/a><\/p>\n<p>[\/vc_column_text][\/vc_column][\/vc_row]<\/p>\n","protected":false},"excerpt":{"rendered":"<p>Las iniciativas de Investigaci\u00f3n e Innovaci\u00f3n Escolar del Proyecto Explora Los R\u00edos cierran sus postulaciones el 16 de junio.<\/p>\n","protected":false},"author":31,"featured_media":39941,"comment_status":"open","ping_status":"open","sticky":false,"template":"","format":"standard","meta":{"_acf_changed":false,"_exactmetrics_skip_tracking":false,"_exactmetrics_sitenote_active":false,"_exactmetrics_sitenote_note":"","_exactmetrics_sitenote_category":0,"footnotes":"","_links_to":"","_links_to_target":""},"categories":[4],"tags":[],"class_list":["post-39939","post","type-post","status-publish","format-standard","has-post-thumbnail","hentry","category-noticias"],"acf":[],"yoast_head":"<!-- This site is optimized with the Yoast SEO plugin v26.7 - https:\/\/yoast.com\/wordpress\/plugins\/seo\/ -->\n<title>\u00daltimos d\u00edas para postular a programas de investigaci\u00f3n cient\u00edfica escolar - Los R\u00edos<\/title>\n<meta name=\"robots\" content=\"index, follow, max-snippet:-1, max-image-preview:large, max-video-preview:-1\" \/>\n<link rel=\"canonical\" href=\"https:\/\/dev.explora.cl\/rios\/ultimos-dias-para-postular-a-programas-de-investigacion-cientifica-escolar\/\" class=\"yoast-seo-meta-tag\" \/>\n<meta property=\"og:locale\" content=\"es_ES\" class=\"yoast-seo-meta-tag\" \/>\n<meta property=\"og:type\" content=\"article\" class=\"yoast-seo-meta-tag\" \/>\n<meta property=\"og:title\" content=\"\u00daltimos d\u00edas para postular a programas de investigaci\u00f3n cient\u00edfica escolar - Los R\u00edos\" class=\"yoast-seo-meta-tag\" \/>\n<meta property=\"og:description\" content=\"Las iniciativas de Investigaci\u00f3n e Innovaci\u00f3n Escolar del Proyecto Explora Los R\u00edos cierran sus postulaciones el 16 de junio.\" class=\"yoast-seo-meta-tag\" \/>\n<meta property=\"og:url\" content=\"https:\/\/dev.explora.cl\/rios\/ultimos-dias-para-postular-a-programas-de-investigacion-cientifica-escolar\/\" class=\"yoast-seo-meta-tag\" \/>\n<meta property=\"og:site_name\" content=\"Los R\u00edos\" class=\"yoast-seo-meta-tag\" \/>\n<meta property=\"article:published_time\" content=\"2021-06-10T17:08:54+00:00\" class=\"yoast-seo-meta-tag\" \/>\n<meta property=\"article:modified_time\" content=\"2021-07-15T16:31:56+00:00\" class=\"yoast-seo-meta-tag\" \/>\n<meta property=\"og:image\" content=\"https:\/\/dev.explora.cl\/rios\/wp-content\/uploads\/sites\/16\/2021\/06\/screenshot-www.youtube.com-2021.06.10-13_03_16.png\" class=\"yoast-seo-meta-tag\" \/>\n\t<meta property=\"og:image:width\" content=\"861\" class=\"yoast-seo-meta-tag\" \/>\n\t<meta property=\"og:image:height\" content=\"445\" class=\"yoast-seo-meta-tag\" \/>\n\t<meta property=\"og:image:type\" content=\"image\/png\" class=\"yoast-seo-meta-tag\" \/>\n<meta name=\"author\" content=\"smancilla\" class=\"yoast-seo-meta-tag\" \/>\n<meta name=\"twitter:card\" content=\"summary_large_image\" class=\"yoast-seo-meta-tag\" \/>\n<meta name=\"twitter:label1\" content=\"Escrito por\" class=\"yoast-seo-meta-tag\" \/>\n\t<meta name=\"twitter:data1\" content=\"smancilla\" class=\"yoast-seo-meta-tag\" \/>\n\t<meta name=\"twitter:label2\" content=\"Tiempo estimado de lectura\" class=\"yoast-seo-meta-tag\" \/>\n\t<meta name=\"twitter:data2\" content=\"3 minutos\" class=\"yoast-seo-meta-tag\" \/>\n<script type=\"application\/ld+json\" class=\"yoast-schema-graph\">{\"@context\":\"https:\/\/schema.org\",\"@graph\":[{\"@type\":\"Article\",\"@id\":\"https:\/\/dev.explora.cl\/rios\/ultimos-dias-para-postular-a-programas-de-investigacion-cientifica-escolar\/#article\",\"isPartOf\":{\"@id\":\"https:\/\/dev.explora.cl\/rios\/ultimos-dias-para-postular-a-programas-de-investigacion-cientifica-escolar\/\"},\"author\":{\"name\":\"smancilla\",\"@id\":\"https:\/\/dev.explora.cl\/rios\/#\/schema\/person\/279896208736d277e75690dde6cc1ea9\"},\"headline\":\"\u00daltimos d\u00edas para postular a programas de investigaci\u00f3n cient\u00edfica escolar\",\"datePublished\":\"2021-06-10T17:08:54+00:00\",\"dateModified\":\"2021-07-15T16:31:56+00:00\",\"mainEntityOfPage\":{\"@id\":\"https:\/\/dev.explora.cl\/rios\/ultimos-dias-para-postular-a-programas-de-investigacion-cientifica-escolar\/\"},\"wordCount\":584,\"commentCount\":0,\"image\":{\"@id\":\"https:\/\/dev.explora.cl\/rios\/ultimos-dias-para-postular-a-programas-de-investigacion-cientifica-escolar\/#primaryimage\"},\"thumbnailUrl\":\"https:\/\/dev.explora.cl\/rios\/wp-content\/uploads\/sites\/16\/2021\/06\/screenshot-www.youtube.com-2021.06.10-13_03_16.png\",\"articleSection\":[\"Noticias\"],\"inLanguage\":\"es-CL\",\"potentialAction\":[{\"@type\":\"CommentAction\",\"name\":\"Comment\",\"target\":[\"https:\/\/dev.explora.cl\/rios\/ultimos-dias-para-postular-a-programas-de-investigacion-cientifica-escolar\/#respond\"]}]},{\"@type\":\"WebPage\",\"@id\":\"https:\/\/dev.explora.cl\/rios\/ultimos-dias-para-postular-a-programas-de-investigacion-cientifica-escolar\/\",\"url\":\"https:\/\/dev.explora.cl\/rios\/ultimos-dias-para-postular-a-programas-de-investigacion-cientifica-escolar\/\",\"name\":\"\u00daltimos d\u00edas para postular a programas de investigaci\u00f3n cient\u00edfica escolar - Los R\u00edos\",\"isPartOf\":{\"@id\":\"https:\/\/dev.explora.cl\/rios\/#website\"},\"primaryImageOfPage\":{\"@id\":\"https:\/\/dev.explora.cl\/rios\/ultimos-dias-para-postular-a-programas-de-investigacion-cientifica-escolar\/#primaryimage\"},\"image\":{\"@id\":\"https:\/\/dev.explora.cl\/rios\/ultimos-dias-para-postular-a-programas-de-investigacion-cientifica-escolar\/#primaryimage\"},\"thumbnailUrl\":\"https:\/\/dev.explora.cl\/rios\/wp-content\/uploads\/sites\/16\/2021\/06\/screenshot-www.youtube.com-2021.06.10-13_03_16.png\",\"datePublished\":\"2021-06-10T17:08:54+00:00\",\"dateModified\":\"2021-07-15T16:31:56+00:00\",\"author\":{\"@id\":\"https:\/\/dev.explora.cl\/rios\/#\/schema\/person\/279896208736d277e75690dde6cc1ea9\"},\"breadcrumb\":{\"@id\":\"https:\/\/dev.explora.cl\/rios\/ultimos-dias-para-postular-a-programas-de-investigacion-cientifica-escolar\/#breadcrumb\"},\"inLanguage\":\"es-CL\",\"potentialAction\":[{\"@type\":\"ReadAction\",\"target\":[\"https:\/\/dev.explora.cl\/rios\/ultimos-dias-para-postular-a-programas-de-investigacion-cientifica-escolar\/\"]}]},{\"@type\":\"ImageObject\",\"inLanguage\":\"es-CL\",\"@id\":\"https:\/\/dev.explora.cl\/rios\/ultimos-dias-para-postular-a-programas-de-investigacion-cientifica-escolar\/#primaryimage\",\"url\":\"https:\/\/dev.explora.cl\/rios\/wp-content\/uploads\/sites\/16\/2021\/06\/screenshot-www.youtube.com-2021.06.10-13_03_16.png\",\"contentUrl\":\"https:\/\/dev.explora.cl\/rios\/wp-content\/uploads\/sites\/16\/2021\/06\/screenshot-www.youtube.com-2021.06.10-13_03_16.png\",\"width\":861,\"height\":445},{\"@type\":\"BreadcrumbList\",\"@id\":\"https:\/\/dev.explora.cl\/rios\/ultimos-dias-para-postular-a-programas-de-investigacion-cientifica-escolar\/#breadcrumb\",\"itemListElement\":[{\"@type\":\"ListItem\",\"position\":1,\"name\":\"Portada\",\"item\":\"https:\/\/dev.explora.cl\/rios\/\"},{\"@type\":\"ListItem\",\"position\":2,\"name\":\"\u00daltimos d\u00edas para postular a programas de investigaci\u00f3n cient\u00edfica escolar\"}]},{\"@type\":\"WebSite\",\"@id\":\"https:\/\/dev.explora.cl\/rios\/#website\",\"url\":\"https:\/\/dev.explora.cl\/rios\/\",\"name\":\"Los R\u00edos\",\"description\":\"Otro sitio m\u00e1s de dev.explora.cl\",\"potentialAction\":[{\"@type\":\"SearchAction\",\"target\":{\"@type\":\"EntryPoint\",\"urlTemplate\":\"https:\/\/dev.explora.cl\/rios\/?s={search_term_string}\"},\"query-input\":{\"@type\":\"PropertyValueSpecification\",\"valueRequired\":true,\"valueName\":\"search_term_string\"}}],\"inLanguage\":\"es-CL\"},{\"@type\":\"Person\",\"@id\":\"https:\/\/dev.explora.cl\/rios\/#\/schema\/person\/279896208736d277e75690dde6cc1ea9\",\"name\":\"smancilla\",\"image\":{\"@type\":\"ImageObject\",\"inLanguage\":\"es-CL\",\"@id\":\"https:\/\/dev.explora.cl\/rios\/#\/schema\/person\/image\/\",\"url\":\"https:\/\/secure.gravatar.com\/avatar\/a1c7f8b1dd453e8facadec2bf18354190c777b5556feaaadfa0f6a129ab9b015?s=96&d=mm&r=g\",\"contentUrl\":\"https:\/\/secure.gravatar.com\/avatar\/a1c7f8b1dd453e8facadec2bf18354190c777b5556feaaadfa0f6a129ab9b015?s=96&d=mm&r=g\",\"caption\":\"smancilla\"},\"url\":\"https:\/\/dev.explora.cl\/rios\/author\/smancilla\/\"}]}<\/script>\n<!-- \/ Yoast SEO plugin. -->","yoast_head_json":{"title":"\u00daltimos d\u00edas para postular a programas de investigaci\u00f3n cient\u00edfica escolar - Los R\u00edos","robots":{"index":"index","follow":"follow","max-snippet":"max-snippet:-1","max-image-preview":"max-image-preview:large","max-video-preview":"max-video-preview:-1"},"canonical":"https:\/\/dev.explora.cl\/rios\/ultimos-dias-para-postular-a-programas-de-investigacion-cientifica-escolar\/","og_locale":"es_ES","og_type":"article","og_title":"\u00daltimos d\u00edas para postular a programas de investigaci\u00f3n cient\u00edfica escolar - Los R\u00edos","og_description":"Las iniciativas de Investigaci\u00f3n e Innovaci\u00f3n Escolar del Proyecto Explora Los R\u00edos cierran sus postulaciones el 16 de junio.","og_url":"https:\/\/dev.explora.cl\/rios\/ultimos-dias-para-postular-a-programas-de-investigacion-cientifica-escolar\/","og_site_name":"Los R\u00edos","article_published_time":"2021-06-10T17:08:54+00:00","article_modified_time":"2021-07-15T16:31:56+00:00","og_image":[{"width":861,"height":445,"url":"https:\/\/dev.explora.cl\/rios\/wp-content\/uploads\/sites\/16\/2021\/06\/screenshot-www.youtube.com-2021.06.10-13_03_16.png","type":"image\/png"}],"author":"smancilla","twitter_card":"summary_large_image","twitter_misc":{"Escrito por":"smancilla","Tiempo estimado de lectura":"3 minutos"},"schema":{"@context":"https:\/\/schema.org","@graph":[{"@type":"Article","@id":"https:\/\/dev.explora.cl\/rios\/ultimos-dias-para-postular-a-programas-de-investigacion-cientifica-escolar\/#article","isPartOf":{"@id":"https:\/\/dev.explora.cl\/rios\/ultimos-dias-para-postular-a-programas-de-investigacion-cientifica-escolar\/"},"author":{"name":"smancilla","@id":"https:\/\/dev.explora.cl\/rios\/#\/schema\/person\/279896208736d277e75690dde6cc1ea9"},"headline":"\u00daltimos d\u00edas para postular a programas de investigaci\u00f3n cient\u00edfica escolar","datePublished":"2021-06-10T17:08:54+00:00","dateModified":"2021-07-15T16:31:56+00:00","mainEntityOfPage":{"@id":"https:\/\/dev.explora.cl\/rios\/ultimos-dias-para-postular-a-programas-de-investigacion-cientifica-escolar\/"},"wordCount":584,"commentCount":0,"image":{"@id":"https:\/\/dev.explora.cl\/rios\/ultimos-dias-para-postular-a-programas-de-investigacion-cientifica-escolar\/#primaryimage"},"thumbnailUrl":"https:\/\/dev.explora.cl\/rios\/wp-content\/uploads\/sites\/16\/2021\/06\/screenshot-www.youtube.com-2021.06.10-13_03_16.png","articleSection":["Noticias"],"inLanguage":"es-CL","potentialAction":[{"@type":"CommentAction","name":"Comment","target":["https:\/\/dev.explora.cl\/rios\/ultimos-dias-para-postular-a-programas-de-investigacion-cientifica-escolar\/#respond"]}]},{"@type":"WebPage","@id":"https:\/\/dev.explora.cl\/rios\/ultimos-dias-para-postular-a-programas-de-investigacion-cientifica-escolar\/","url":"https:\/\/dev.explora.cl\/rios\/ultimos-dias-para-postular-a-programas-de-investigacion-cientifica-escolar\/","name":"\u00daltimos d\u00edas para postular a programas de investigaci\u00f3n cient\u00edfica escolar - Los R\u00edos","isPartOf":{"@id":"https:\/\/dev.explora.cl\/rios\/#website"},"primaryImageOfPage":{"@id":"https:\/\/dev.explora.cl\/rios\/ultimos-dias-para-postular-a-programas-de-investigacion-cientifica-escolar\/#primaryimage"},"image":{"@id":"https:\/\/dev.explora.cl\/rios\/ultimos-dias-para-postular-a-programas-de-investigacion-cientifica-escolar\/#primaryimage"},"thumbnailUrl":"https:\/\/dev.explora.cl\/rios\/wp-content\/uploads\/sites\/16\/2021\/06\/screenshot-www.youtube.com-2021.06.10-13_03_16.png","datePublished":"2021-06-10T17:08:54+00:00","dateModified":"2021-07-15T16:31:56+00:00","author":{"@id":"https:\/\/dev.explora.cl\/rios\/#\/schema\/person\/279896208736d277e75690dde6cc1ea9"},"breadcrumb":{"@id":"https:\/\/dev.explora.cl\/rios\/ultimos-dias-para-postular-a-programas-de-investigacion-cientifica-escolar\/#breadcrumb"},"inLanguage":"es-CL","potentialAction":[{"@type":"ReadAction","target":["https:\/\/dev.explora.cl\/rios\/ultimos-dias-para-postular-a-programas-de-investigacion-cientifica-escolar\/"]}]},{"@type":"ImageObject","inLanguage":"es-CL","@id":"https:\/\/dev.explora.cl\/rios\/ultimos-dias-para-postular-a-programas-de-investigacion-cientifica-escolar\/#primaryimage","url":"https:\/\/dev.explora.cl\/rios\/wp-content\/uploads\/sites\/16\/2021\/06\/screenshot-www.youtube.com-2021.06.10-13_03_16.png","contentUrl":"https:\/\/dev.explora.cl\/rios\/wp-content\/uploads\/sites\/16\/2021\/06\/screenshot-www.youtube.com-2021.06.10-13_03_16.png","width":861,"height":445},{"@type":"BreadcrumbList","@id":"https:\/\/dev.explora.cl\/rios\/ultimos-dias-para-postular-a-programas-de-investigacion-cientifica-escolar\/#breadcrumb","itemListElement":[{"@type":"ListItem","position":1,"name":"Portada","item":"https:\/\/dev.explora.cl\/rios\/"},{"@type":"ListItem","position":2,"name":"\u00daltimos d\u00edas para postular a programas de investigaci\u00f3n cient\u00edfica escolar"}]},{"@type":"WebSite","@id":"https:\/\/dev.explora.cl\/rios\/#website","url":"https:\/\/dev.explora.cl\/rios\/","name":"Los R\u00edos","description":"Otro sitio m\u00e1s de dev.explora.cl","potentialAction":[{"@type":"SearchAction","target":{"@type":"EntryPoint","urlTemplate":"https:\/\/dev.explora.cl\/rios\/?s={search_term_string}"},"query-input":{"@type":"PropertyValueSpecification","valueRequired":true,"valueName":"search_term_string"}}],"inLanguage":"es-CL"},{"@type":"Person","@id":"https:\/\/dev.explora.cl\/rios\/#\/schema\/person\/279896208736d277e75690dde6cc1ea9","name":"smancilla","image":{"@type":"ImageObject","inLanguage":"es-CL","@id":"https:\/\/dev.explora.cl\/rios\/#\/schema\/person\/image\/","url":"https:\/\/secure.gravatar.com\/avatar\/a1c7f8b1dd453e8facadec2bf18354190c777b5556feaaadfa0f6a129ab9b015?s=96&d=mm&r=g","contentUrl":"https:\/\/secure.gravatar.com\/avatar\/a1c7f8b1dd453e8facadec2bf18354190c777b5556feaaadfa0f6a129ab9b015?s=96&d=mm&r=g","caption":"smancilla"},"url":"https:\/\/dev.explora.cl\/rios\/author\/smancilla\/"}]}},"_links":{"self":[{"href":"https:\/\/dev.explora.cl\/rios\/wp-json\/wp\/v2\/posts\/39939","targetHints":{"allow":["GET"]}}],"collection":[{"href":"https:\/\/dev.explora.cl\/rios\/wp-json\/wp\/v2\/posts"}],"about":[{"href":"https:\/\/dev.explora.cl\/rios\/wp-json\/wp\/v2\/types\/post"}],"author":[{"embeddable":true,"href":"https:\/\/dev.explora.cl\/rios\/wp-json\/wp\/v2\/users\/31"}],"replies":[{"embeddable":true,"href":"https:\/\/dev.explora.cl\/rios\/wp-json\/wp\/v2\/comments?post=39939"}],"version-history":[{"count":3,"href":"https:\/\/dev.explora.cl\/rios\/wp-json\/wp\/v2\/posts\/39939\/revisions"}],"predecessor-version":[{"id":39944,"href":"https:\/\/dev.explora.cl\/rios\/wp-json\/wp\/v2\/posts\/39939\/revisions\/39944"}],"wp:featuredmedia":[{"embeddable":true,"href":"https:\/\/dev.explora.cl\/rios\/wp-json\/wp\/v2\/media\/39941"}],"wp:attachment":[{"href":"https:\/\/dev.explora.cl\/rios\/wp-json\/wp\/v2\/media?parent=39939"}],"wp:term":[{"taxonomy":"category","embeddable":true,"href":"https:\/\/dev.explora.cl\/rios\/wp-json\/wp\/v2\/categories?post=39939"},{"taxonomy":"post_tag","embeddable":true,"href":"https:\/\/dev.explora.cl\/rios\/wp-json\/wp\/v2\/tags?post=39939"}],"curies":[{"name":"wp","href":"https:\/\/api.w.org\/{rel}","templated":true}]}}