{"id":39920,"date":"2021-06-05T11:38:15","date_gmt":"2021-06-05T15:38:15","guid":{"rendered":"https:\/\/dev.explora.cl\/rios\/?p=39920"},"modified":"2021-07-09T10:32:24","modified_gmt":"2021-07-09T14:32:24","slug":"invitan-a-participar-de-una-nueva-version-del-concurso-fotografico-ojo-de-pez","status":"publish","type":"post","link":"https:\/\/dev.explora.cl\/rios\/invitan-a-participar-de-una-nueva-version-del-concurso-fotografico-ojo-de-pez\/","title":{"rendered":"Invitan a participar de una nueva versi\u00f3n del concurso fotogr\u00e1fico Ojo de Pez"},"content":{"rendered":"<p>[vc_row][vc_column][vc_row_inner][vc_column_inner width=&#8221;2\/3&#8243;][vc_custom_heading text=&#8221;Desde la Regi\u00f3n de Los R\u00edos se invita a participar a todo el pa\u00eds con fotograf\u00edas sobre los distintos aspectos de los ecosistemas acu\u00e1ticos. Se recibir\u00e1n hasta el 8 de agosto en www.ojopez.cl &#8221; font_container=&#8221;tag:h3|text_align:left&#8221;][\/vc_column_inner][vc_column_inner width=&#8221;1\/3&#8243;][vc_btn title=&#8221;IR AL SITIO OFICIAL&#8221; style=&#8221;custom&#8221; custom_background=&#8221;#81d742&#8243; custom_text=&#8221;#ffffff&#8221; size=&#8221;lg&#8221; align=&#8221;center&#8221; i_align=&#8221;right&#8221; i_icon_fontawesome=&#8221;fa fa-arrow-circle-right&#8221; button_block=&#8221;true&#8221; add_icon=&#8221;true&#8221; link=&#8221;url:https%3A%2F%2Fwww.ojopez.cl|||&#8221;][\/vc_column_inner][\/vc_row_inner][vc_column_text]<span data-contrast=\"auto\">Durante este D\u00eda del Medio Ambiente se abren las postulaciones del concurso fotogr\u00e1fico Ojo de Pez buscando\u00a0las mejores fotograf\u00edas del mundo acu\u00e1tico\u00a0a nivel nacional.\u00a0Ya se est\u00e1n recibiendo\u00a0fotograf\u00edas en las diferentes categor\u00edas\u00a0en\u00a0<\/span><a href=\"http:\/\/www.ojopez.cl\/\"><span data-contrast=\"none\">www.ojopez.cl<\/span><\/a><span data-contrast=\"auto\">\u00a0y el cierre ser\u00e1\u00a0el 8 de agosto. En el sitio web se podr\u00e1 revisar las bases del concurso y\u00a0tambi\u00e9n los\u00a0finalistas de a\u00f1os anteriores.<\/span><span data-ccp-props=\"{&quot;201341983&quot;:0,&quot;335559739&quot;:160,&quot;335559740&quot;:259}\">\u00a0<\/span><\/p>\n<p><span data-contrast=\"auto\">El objetivo de esta iniciativa es mostrar y\u00a0valorar la belleza natural, la diversidad de especies, las actividades productivas y las amenazas que enfrentan los ecosistemas acu\u00e1ticos, marinos y de agua dulce en Chile.\u00a0En este sentido,\u00a0se\u00a0busca crear una conciencia social sobre su fragilidad y\u00a0el\u00a0valor de su cuidado integral.<\/span><span data-ccp-props=\"{&quot;201341983&quot;:0,&quot;335559739&quot;:160,&quot;335559740&quot;:259}\">\u00a0<\/span><\/p>\n<p><span data-contrast=\"auto\">Ojo de Pez\u00a0es organizado\u00a0por el Instituto de Ciencias Marinas y\u00a0Limnol\u00f3gicas\u00a0(<\/span><a href=\"http:\/\/www.icml.uach.cl\/\"><span data-contrast=\"none\">ICML<\/span><\/a><span data-contrast=\"auto\">)\u00a0de la Universidad Austral de Chile\u00a0(<\/span><a href=\"https:\/\/www.uach.cl\/\"><span data-contrast=\"none\">UACh<\/span><\/a><span data-contrast=\"auto\">), Proyecto\u00a0<\/span><a href=\"https:\/\/dev.explora.cl\/rios\"><span data-contrast=\"none\">Explora Los R\u00edos<\/span><\/a><span data-contrast=\"auto\">\u00a0del Ministerio de Ciencia, Tecnolog\u00eda, Conocimiento e Innovaci\u00f3n y el Centro de Investigaci\u00f3n Din\u00e1mica de Ecosistemas Marinos de Altas Latitudes (<\/span><a href=\"https:\/\/www.centroideal.cl\/\"><span data-contrast=\"none\">IDEAL<\/span><\/a><span data-contrast=\"auto\">).\u00a0<\/span><span data-ccp-props=\"{&quot;201341983&quot;:0,&quot;335559739&quot;:160,&quot;335559740&quot;:259}\">\u00a0<\/span><\/p>\n<p><span data-contrast=\"auto\">Cada categor\u00eda creada para el concurso busca presentar a los ecosistemas acu\u00e1ticos en su diversidad.\u00a0\u201c<\/span><span data-contrast=\"auto\">Paisaje, trabajo y conservaci\u00f3n acu\u00e1tica,\u00a0\u201cFlora y Fauna acu\u00e1tica\u201d\u00a0y\u00a0\u201cAmbientes ant\u00e1rticos y subant\u00e1rticos\u201d\u00a0ser\u00e1n las categor\u00edas y cada\u00a0una\u00a0entregar\u00e1 un\u00a0premio\u00a0para los 3 primeros lugares.\u00a0En tanto, una sola fotograf\u00eda elegida por el jurado\u00a0se llevar\u00e1 el premio principal \u201cOjo de Pez\u201d que consiste en una c\u00e1mara\u00a0mirrorless\u00a0Sony ILCE-6600L (costo referencial $1.000.000).<\/span><span data-ccp-props=\"{&quot;201341983&quot;:0,&quot;335559739&quot;:160,&quot;335559740&quot;:259}\">\u00a0<\/span><\/p>\n<p><span data-contrast=\"auto\">\u201cQu\u00e9 mejor forma de darle importancia al d\u00eda del medio ambiente que abrir el presente Concurso en donde se releva la importancia del sistema agua como un medio de vida para muchas especies y de la que depende la humanidad para su existencia.\u00a0Por tanto,\u00a0est\u00e1 en nosotros crear conciencia de su vital trascendencia y\u00a0garantizar\u00a0su sustentabilidad hacia el futuro\u201d\u00a0dijo\u00a0el Dr. Jos\u00e9 Garc\u00e9s,\u00a0uno de los organizadores,\u00a0quien adem\u00e1s es\u00a0docente del ICML e\u00a0investigador del\u00a0Centro\u00a0IDEAL.<\/span><span data-ccp-props=\"{&quot;201341983&quot;:0,&quot;335559739&quot;:160,&quot;335559740&quot;:259}\">\u00a0<\/span><\/p>\n<p><span data-contrast=\"auto\">Para la directora (s) del Proyecto Explora Regi\u00f3n de Los R\u00edos, Dra. Camila Tejo Haristoy, el concurso nace desde la identidad regional \u201cNuestra regi\u00f3n est\u00e1 rodeada de naturaleza donde tenemos una historia entrelazada con los ecosistemas acu\u00e1ticos. Los humedales, la costa y los r\u00edos son parte de esta identidad y como\u00a0Proyecto\u00a0Explora Los R\u00edos\u00a0del Ministerio de Ciencia\u00a0vemos en este concurso una oportunidad \u00fanica para que aficionados y profesionales de la fotograf\u00eda compartan esa belleza desde su perspectiva. Queremos conocer esa mirada de la regi\u00f3n y tambi\u00e9n de todo Chile, por eso les invitamos a participar con sus im\u00e1genes y ser parte de Ojo de Pez en su versi\u00f3n 2021\u201d indic\u00f3.<\/span><span data-ccp-props=\"{&quot;201341983&quot;:0,&quot;335559739&quot;:160,&quot;335559740&quot;:259}\">\u00a0<\/span><\/p>\n<p><span data-contrast=\"auto\">El jurado de esta versi\u00f3n est\u00e1 compuesto por reconocidas figuras de la comunicaci\u00f3n de la ciencia y de la fotograf\u00eda.\u00a0Sashenka\u00a0Guti\u00e9rrez, fotoperiodista mexicana\u00a0de agencia EFE, Felipe Trueba,\u00a0camar\u00f3grafo y fot\u00f3grafo para la agencia internacional\u00a0European\u00a0Pressphoto\u00a0Agency, Eduardo\u00a0Sorensen, connotado fot\u00f3grafo submarino, N\u00e9lida Pohl, doctora en biolog\u00eda y presidenta de\u00a0Achipec\u00a0y Andrea\u00a0Obaid, periodista cient\u00edfica y locutora en ADN y\u00a0TXSPlus.<\/span><span data-ccp-props=\"{&quot;201341983&quot;:0,&quot;335559739&quot;:160,&quot;335559740&quot;:259}\">\u00a0<\/span><\/p>\n<p><b><span data-contrast=\"auto\">Premios especiales<\/span><\/b><span data-ccp-props=\"{&quot;201341983&quot;:0,&quot;335559739&quot;:160,&quot;335559740&quot;:259}\">\u00a0<\/span><\/p>\n<p><span data-contrast=\"auto\">Las fotograf\u00edas finalistas podr\u00e1n ser votadas por el p\u00fablico\u00a0en las\u00a0fanpage\u00a0de Facebook de las instituciones organizadoras, recibiendo las\u00a03\u00a0m\u00e1s votadas\u00a0un premio especial. Otro premio especial ser\u00e1 para la mejor fotograf\u00eda de residentes de la Regi\u00f3n de Los R\u00edos, cuna del concurso.<\/span><span data-ccp-props=\"{&quot;201341983&quot;:0,&quot;335559739&quot;:160,&quot;335559740&quot;:259}\">\u00a0<\/span><\/p>\n<p><span data-contrast=\"auto\">Para realizar consultas\u00a0sobre los detalles del concurso\u00a0<\/span><span data-contrast=\"auto\">fotogr\u00e1fico Ojo de Pez,\u00a0est\u00e1 disponible el correo electr\u00f3nico\u00a0<\/span><span data-contrast=\"none\">concurso@ojopez.cl<\/span><span data-contrast=\"auto\">\u00a0o\u00a0consultar en las distintas redes sociales de las instituciones organizadoras.<\/span><span data-ccp-props=\"{&quot;201341983&quot;:0,&quot;335559739&quot;:160,&quot;335559740&quot;:259}\">\u00a0<\/span><\/p>\n<p><span data-contrast=\"auto\">El Concurso Fotogr\u00e1fico Ojo de Pez 2021 cuenta con el auspicio de la\u00a0<\/span><a href=\"http:\/\/www.uach.cl\/organizacion\/vicerrectoria-investigacion-desarrollo-y-creacion-artistica\/presentacion\/presentacion\"><span data-contrast=\"none\">Vicerrector\u00eda de Investigaci\u00f3n, Desarrollo y Creaci\u00f3n Art\u00edstica<\/span><\/a><span data-contrast=\"auto\">, la\u00a0<\/span><a href=\"http:\/\/sitiosciencias.uach.cl\/biologia-marina\/\"><span data-contrast=\"none\">Escuela de Biolog\u00eda Marina<\/span><\/a><span data-contrast=\"auto\">\u00a0y el\u00a0<\/span><a href=\"http:\/\/www.doctoradobiomar.uach.cl\/\"><span data-contrast=\"none\">Doctorado en Biolog\u00eda de Marina<\/span><\/a><span data-contrast=\"auto\">\u00a0de la UACh. Adem\u00e1s, posee la colaboraci\u00f3n del\u00a0<\/span><a href=\"http:\/\/www.museosaustral.cl\/index.php\/museos\/museo-r-a-philippi-de-la-exploracion\"><span data-contrast=\"none\">Museo de la Exploraci\u00f3n R. A.\u00a0Phillipi<\/span><\/a><span data-contrast=\"auto\">\u00a0de la UACh.<\/span><span data-ccp-props=\"{&quot;201341983&quot;:0,&quot;335551550&quot;:6,&quot;335551620&quot;:6,&quot;335559739&quot;:160,&quot;335559740&quot;:259}\">\u00a0<\/span><\/p>\n<p><strong>Fotograf\u00eda:<\/strong> C\u00e9sar Antonio Villarroel, &#8220;La Curiosidad del Chungungo&#8221;.[\/vc_column_text][vc_single_image image=&#8221;39923&#8243; img_size=&#8221;full&#8221;][\/vc_column][\/vc_row][vc_row css=&#8221;.vc_custom_1614888019520{border-top-width: 1px !important;border-top-color: #b6b6b6 !important;border-top-style: solid !important;}&#8221;][vc_column][vc_column_text]<\/p>\n<p style=\"text-align: center;font-size: 0.9em;color: #b6b6b6\"><a href=\"https:\/\/dev.explora.cl\/rios\/protocolo\">Revisa nuestro Protocolo para Trabajo con Ni\u00f1os, Ni\u00f1as y Adolescentes<\/a><\/p>\n<p>[\/vc_column_text][\/vc_column][\/vc_row]<\/p>\n","protected":false},"excerpt":{"rendered":"<p>Desde la Regi\u00f3n de Los R\u00edos se invita a participar a todo el pa\u00eds con fotograf\u00edas sobre los distintos aspectos de los ecosistemas acu\u00e1ticos. Se recibir\u00e1n hasta el 8 de agosto en www.ojopez.cl <\/p>\n","protected":false},"author":31,"featured_media":39921,"comment_status":"open","ping_status":"open","sticky":false,"template":"","format":"standard","meta":{"_acf_changed":false,"_exactmetrics_skip_tracking":false,"_exactmetrics_sitenote_active":false,"_exactmetrics_sitenote_note":"","_exactmetrics_sitenote_category":0,"footnotes":"","_links_to":"","_links_to_target":""},"categories":[4],"tags":[104,182,403,269],"class_list":["post-39920","post","type-post","status-publish","format-standard","has-post-thumbnail","hentry","category-noticias","tag-concurso","tag-fotografia","tag-medio-ambiente","tag-ojo-de-pez"],"acf":[],"yoast_head":"<!-- This site is optimized with the Yoast SEO plugin v26.7 - https:\/\/yoast.com\/wordpress\/plugins\/seo\/ -->\n<title>Invitan a participar de una nueva versi\u00f3n del concurso fotogr\u00e1fico Ojo de Pez - Los R\u00edos<\/title>\n<meta name=\"robots\" content=\"index, follow, max-snippet:-1, max-image-preview:large, max-video-preview:-1\" \/>\n<link rel=\"canonical\" href=\"https:\/\/dev.explora.cl\/rios\/invitan-a-participar-de-una-nueva-version-del-concurso-fotografico-ojo-de-pez\/\" class=\"yoast-seo-meta-tag\" \/>\n<meta property=\"og:locale\" content=\"es_ES\" class=\"yoast-seo-meta-tag\" \/>\n<meta property=\"og:type\" content=\"article\" class=\"yoast-seo-meta-tag\" \/>\n<meta property=\"og:title\" content=\"Invitan a participar de una nueva versi\u00f3n del concurso fotogr\u00e1fico Ojo de Pez - Los R\u00edos\" class=\"yoast-seo-meta-tag\" \/>\n<meta property=\"og:description\" content=\"Desde la Regi\u00f3n de Los R\u00edos se invita a participar a todo el pa\u00eds con fotograf\u00edas sobre los distintos aspectos de los ecosistemas acu\u00e1ticos. Se recibir\u00e1n hasta el 8 de agosto en www.ojopez.cl\" class=\"yoast-seo-meta-tag\" \/>\n<meta property=\"og:url\" content=\"https:\/\/dev.explora.cl\/rios\/invitan-a-participar-de-una-nueva-version-del-concurso-fotografico-ojo-de-pez\/\" class=\"yoast-seo-meta-tag\" \/>\n<meta property=\"og:site_name\" content=\"Los R\u00edos\" class=\"yoast-seo-meta-tag\" \/>\n<meta property=\"article:published_time\" content=\"2021-06-05T15:38:15+00:00\" class=\"yoast-seo-meta-tag\" \/>\n<meta property=\"article:modified_time\" content=\"2021-07-09T14:32:24+00:00\" class=\"yoast-seo-meta-tag\" \/>\n<meta property=\"og:image\" content=\"https:\/\/dev.explora.cl\/rios\/wp-content\/uploads\/sites\/16\/2021\/06\/Ce\u0301sar-Antonio-Villarroel-Grande.jpg\" class=\"yoast-seo-meta-tag\" \/>\n\t<meta property=\"og:image:width\" content=\"1658\" class=\"yoast-seo-meta-tag\" \/>\n\t<meta property=\"og:image:height\" content=\"1080\" class=\"yoast-seo-meta-tag\" \/>\n\t<meta property=\"og:image:type\" content=\"image\/jpeg\" class=\"yoast-seo-meta-tag\" \/>\n<meta name=\"author\" content=\"smancilla\" class=\"yoast-seo-meta-tag\" \/>\n<meta name=\"twitter:card\" content=\"summary_large_image\" class=\"yoast-seo-meta-tag\" \/>\n<meta name=\"twitter:label1\" content=\"Escrito por\" class=\"yoast-seo-meta-tag\" \/>\n\t<meta name=\"twitter:data1\" content=\"smancilla\" class=\"yoast-seo-meta-tag\" \/>\n\t<meta name=\"twitter:label2\" content=\"Tiempo estimado de lectura\" class=\"yoast-seo-meta-tag\" \/>\n\t<meta name=\"twitter:data2\" content=\"4 minutos\" class=\"yoast-seo-meta-tag\" \/>\n<script type=\"application\/ld+json\" class=\"yoast-schema-graph\">{\"@context\":\"https:\/\/schema.org\",\"@graph\":[{\"@type\":\"Article\",\"@id\":\"https:\/\/dev.explora.cl\/rios\/invitan-a-participar-de-una-nueva-version-del-concurso-fotografico-ojo-de-pez\/#article\",\"isPartOf\":{\"@id\":\"https:\/\/dev.explora.cl\/rios\/invitan-a-participar-de-una-nueva-version-del-concurso-fotografico-ojo-de-pez\/\"},\"author\":{\"name\":\"smancilla\",\"@id\":\"https:\/\/dev.explora.cl\/rios\/#\/schema\/person\/279896208736d277e75690dde6cc1ea9\"},\"headline\":\"Invitan a participar de una nueva versi\u00f3n del concurso fotogr\u00e1fico Ojo de Pez\",\"datePublished\":\"2021-06-05T15:38:15+00:00\",\"dateModified\":\"2021-07-09T14:32:24+00:00\",\"mainEntityOfPage\":{\"@id\":\"https:\/\/dev.explora.cl\/rios\/invitan-a-participar-de-una-nueva-version-del-concurso-fotografico-ojo-de-pez\/\"},\"wordCount\":884,\"commentCount\":0,\"image\":{\"@id\":\"https:\/\/dev.explora.cl\/rios\/invitan-a-participar-de-una-nueva-version-del-concurso-fotografico-ojo-de-pez\/#primaryimage\"},\"thumbnailUrl\":\"https:\/\/dev.explora.cl\/rios\/wp-content\/uploads\/sites\/16\/2021\/06\/Ce\u0301sar-Antonio-Villarroel-Grande.jpg\",\"keywords\":[\"concurso\",\"fotograf\u00eda\",\"medio ambiente\",\"ojo de pez\"],\"articleSection\":[\"Noticias\"],\"inLanguage\":\"es-CL\",\"potentialAction\":[{\"@type\":\"CommentAction\",\"name\":\"Comment\",\"target\":[\"https:\/\/dev.explora.cl\/rios\/invitan-a-participar-de-una-nueva-version-del-concurso-fotografico-ojo-de-pez\/#respond\"]}]},{\"@type\":\"WebPage\",\"@id\":\"https:\/\/dev.explora.cl\/rios\/invitan-a-participar-de-una-nueva-version-del-concurso-fotografico-ojo-de-pez\/\",\"url\":\"https:\/\/dev.explora.cl\/rios\/invitan-a-participar-de-una-nueva-version-del-concurso-fotografico-ojo-de-pez\/\",\"name\":\"Invitan a participar de una nueva versi\u00f3n del concurso fotogr\u00e1fico Ojo de Pez - Los R\u00edos\",\"isPartOf\":{\"@id\":\"https:\/\/dev.explora.cl\/rios\/#website\"},\"primaryImageOfPage\":{\"@id\":\"https:\/\/dev.explora.cl\/rios\/invitan-a-participar-de-una-nueva-version-del-concurso-fotografico-ojo-de-pez\/#primaryimage\"},\"image\":{\"@id\":\"https:\/\/dev.explora.cl\/rios\/invitan-a-participar-de-una-nueva-version-del-concurso-fotografico-ojo-de-pez\/#primaryimage\"},\"thumbnailUrl\":\"https:\/\/dev.explora.cl\/rios\/wp-content\/uploads\/sites\/16\/2021\/06\/Ce\u0301sar-Antonio-Villarroel-Grande.jpg\",\"datePublished\":\"2021-06-05T15:38:15+00:00\",\"dateModified\":\"2021-07-09T14:32:24+00:00\",\"author\":{\"@id\":\"https:\/\/dev.explora.cl\/rios\/#\/schema\/person\/279896208736d277e75690dde6cc1ea9\"},\"breadcrumb\":{\"@id\":\"https:\/\/dev.explora.cl\/rios\/invitan-a-participar-de-una-nueva-version-del-concurso-fotografico-ojo-de-pez\/#breadcrumb\"},\"inLanguage\":\"es-CL\",\"potentialAction\":[{\"@type\":\"ReadAction\",\"target\":[\"https:\/\/dev.explora.cl\/rios\/invitan-a-participar-de-una-nueva-version-del-concurso-fotografico-ojo-de-pez\/\"]}]},{\"@type\":\"ImageObject\",\"inLanguage\":\"es-CL\",\"@id\":\"https:\/\/dev.explora.cl\/rios\/invitan-a-participar-de-una-nueva-version-del-concurso-fotografico-ojo-de-pez\/#primaryimage\",\"url\":\"https:\/\/dev.explora.cl\/rios\/wp-content\/uploads\/sites\/16\/2021\/06\/Ce\u0301sar-Antonio-Villarroel-Grande.jpg\",\"contentUrl\":\"https:\/\/dev.explora.cl\/rios\/wp-content\/uploads\/sites\/16\/2021\/06\/Ce\u0301sar-Antonio-Villarroel-Grande.jpg\",\"width\":1658,\"height\":1080,\"caption\":\"La Curiosidad del Chungungo\"},{\"@type\":\"BreadcrumbList\",\"@id\":\"https:\/\/dev.explora.cl\/rios\/invitan-a-participar-de-una-nueva-version-del-concurso-fotografico-ojo-de-pez\/#breadcrumb\",\"itemListElement\":[{\"@type\":\"ListItem\",\"position\":1,\"name\":\"Portada\",\"item\":\"https:\/\/dev.explora.cl\/rios\/\"},{\"@type\":\"ListItem\",\"position\":2,\"name\":\"Invitan a participar de una nueva versi\u00f3n del concurso fotogr\u00e1fico Ojo de Pez\"}]},{\"@type\":\"WebSite\",\"@id\":\"https:\/\/dev.explora.cl\/rios\/#website\",\"url\":\"https:\/\/dev.explora.cl\/rios\/\",\"name\":\"Los R\u00edos\",\"description\":\"Otro sitio m\u00e1s de dev.explora.cl\",\"potentialAction\":[{\"@type\":\"SearchAction\",\"target\":{\"@type\":\"EntryPoint\",\"urlTemplate\":\"https:\/\/dev.explora.cl\/rios\/?s={search_term_string}\"},\"query-input\":{\"@type\":\"PropertyValueSpecification\",\"valueRequired\":true,\"valueName\":\"search_term_string\"}}],\"inLanguage\":\"es-CL\"},{\"@type\":\"Person\",\"@id\":\"https:\/\/dev.explora.cl\/rios\/#\/schema\/person\/279896208736d277e75690dde6cc1ea9\",\"name\":\"smancilla\",\"image\":{\"@type\":\"ImageObject\",\"inLanguage\":\"es-CL\",\"@id\":\"https:\/\/dev.explora.cl\/rios\/#\/schema\/person\/image\/\",\"url\":\"https:\/\/secure.gravatar.com\/avatar\/a1c7f8b1dd453e8facadec2bf18354190c777b5556feaaadfa0f6a129ab9b015?s=96&d=mm&r=g\",\"contentUrl\":\"https:\/\/secure.gravatar.com\/avatar\/a1c7f8b1dd453e8facadec2bf18354190c777b5556feaaadfa0f6a129ab9b015?s=96&d=mm&r=g\",\"caption\":\"smancilla\"},\"url\":\"https:\/\/dev.explora.cl\/rios\/author\/smancilla\/\"}]}<\/script>\n<!-- \/ Yoast SEO plugin. -->","yoast_head_json":{"title":"Invitan a participar de una nueva versi\u00f3n del concurso fotogr\u00e1fico Ojo de Pez - Los R\u00edos","robots":{"index":"index","follow":"follow","max-snippet":"max-snippet:-1","max-image-preview":"max-image-preview:large","max-video-preview":"max-video-preview:-1"},"canonical":"https:\/\/dev.explora.cl\/rios\/invitan-a-participar-de-una-nueva-version-del-concurso-fotografico-ojo-de-pez\/","og_locale":"es_ES","og_type":"article","og_title":"Invitan a participar de una nueva versi\u00f3n del concurso fotogr\u00e1fico Ojo de Pez - Los R\u00edos","og_description":"Desde la Regi\u00f3n de Los R\u00edos se invita a participar a todo el pa\u00eds con fotograf\u00edas sobre los distintos aspectos de los ecosistemas acu\u00e1ticos. Se recibir\u00e1n hasta el 8 de agosto en www.ojopez.cl","og_url":"https:\/\/dev.explora.cl\/rios\/invitan-a-participar-de-una-nueva-version-del-concurso-fotografico-ojo-de-pez\/","og_site_name":"Los R\u00edos","article_published_time":"2021-06-05T15:38:15+00:00","article_modified_time":"2021-07-09T14:32:24+00:00","og_image":[{"width":1658,"height":1080,"url":"https:\/\/dev.explora.cl\/rios\/wp-content\/uploads\/sites\/16\/2021\/06\/Ce\u0301sar-Antonio-Villarroel-Grande.jpg","type":"image\/jpeg"}],"author":"smancilla","twitter_card":"summary_large_image","twitter_misc":{"Escrito por":"smancilla","Tiempo estimado de lectura":"4 minutos"},"schema":{"@context":"https:\/\/schema.org","@graph":[{"@type":"Article","@id":"https:\/\/dev.explora.cl\/rios\/invitan-a-participar-de-una-nueva-version-del-concurso-fotografico-ojo-de-pez\/#article","isPartOf":{"@id":"https:\/\/dev.explora.cl\/rios\/invitan-a-participar-de-una-nueva-version-del-concurso-fotografico-ojo-de-pez\/"},"author":{"name":"smancilla","@id":"https:\/\/dev.explora.cl\/rios\/#\/schema\/person\/279896208736d277e75690dde6cc1ea9"},"headline":"Invitan a participar de una nueva versi\u00f3n del concurso fotogr\u00e1fico Ojo de Pez","datePublished":"2021-06-05T15:38:15+00:00","dateModified":"2021-07-09T14:32:24+00:00","mainEntityOfPage":{"@id":"https:\/\/dev.explora.cl\/rios\/invitan-a-participar-de-una-nueva-version-del-concurso-fotografico-ojo-de-pez\/"},"wordCount":884,"commentCount":0,"image":{"@id":"https:\/\/dev.explora.cl\/rios\/invitan-a-participar-de-una-nueva-version-del-concurso-fotografico-ojo-de-pez\/#primaryimage"},"thumbnailUrl":"https:\/\/dev.explora.cl\/rios\/wp-content\/uploads\/sites\/16\/2021\/06\/Ce\u0301sar-Antonio-Villarroel-Grande.jpg","keywords":["concurso","fotograf\u00eda","medio ambiente","ojo de pez"],"articleSection":["Noticias"],"inLanguage":"es-CL","potentialAction":[{"@type":"CommentAction","name":"Comment","target":["https:\/\/dev.explora.cl\/rios\/invitan-a-participar-de-una-nueva-version-del-concurso-fotografico-ojo-de-pez\/#respond"]}]},{"@type":"WebPage","@id":"https:\/\/dev.explora.cl\/rios\/invitan-a-participar-de-una-nueva-version-del-concurso-fotografico-ojo-de-pez\/","url":"https:\/\/dev.explora.cl\/rios\/invitan-a-participar-de-una-nueva-version-del-concurso-fotografico-ojo-de-pez\/","name":"Invitan a participar de una nueva versi\u00f3n del concurso fotogr\u00e1fico Ojo de Pez - Los R\u00edos","isPartOf":{"@id":"https:\/\/dev.explora.cl\/rios\/#website"},"primaryImageOfPage":{"@id":"https:\/\/dev.explora.cl\/rios\/invitan-a-participar-de-una-nueva-version-del-concurso-fotografico-ojo-de-pez\/#primaryimage"},"image":{"@id":"https:\/\/dev.explora.cl\/rios\/invitan-a-participar-de-una-nueva-version-del-concurso-fotografico-ojo-de-pez\/#primaryimage"},"thumbnailUrl":"https:\/\/dev.explora.cl\/rios\/wp-content\/uploads\/sites\/16\/2021\/06\/Ce\u0301sar-Antonio-Villarroel-Grande.jpg","datePublished":"2021-06-05T15:38:15+00:00","dateModified":"2021-07-09T14:32:24+00:00","author":{"@id":"https:\/\/dev.explora.cl\/rios\/#\/schema\/person\/279896208736d277e75690dde6cc1ea9"},"breadcrumb":{"@id":"https:\/\/dev.explora.cl\/rios\/invitan-a-participar-de-una-nueva-version-del-concurso-fotografico-ojo-de-pez\/#breadcrumb"},"inLanguage":"es-CL","potentialAction":[{"@type":"ReadAction","target":["https:\/\/dev.explora.cl\/rios\/invitan-a-participar-de-una-nueva-version-del-concurso-fotografico-ojo-de-pez\/"]}]},{"@type":"ImageObject","inLanguage":"es-CL","@id":"https:\/\/dev.explora.cl\/rios\/invitan-a-participar-de-una-nueva-version-del-concurso-fotografico-ojo-de-pez\/#primaryimage","url":"https:\/\/dev.explora.cl\/rios\/wp-content\/uploads\/sites\/16\/2021\/06\/Ce\u0301sar-Antonio-Villarroel-Grande.jpg","contentUrl":"https:\/\/dev.explora.cl\/rios\/wp-content\/uploads\/sites\/16\/2021\/06\/Ce\u0301sar-Antonio-Villarroel-Grande.jpg","width":1658,"height":1080,"caption":"La Curiosidad del Chungungo"},{"@type":"BreadcrumbList","@id":"https:\/\/dev.explora.cl\/rios\/invitan-a-participar-de-una-nueva-version-del-concurso-fotografico-ojo-de-pez\/#breadcrumb","itemListElement":[{"@type":"ListItem","position":1,"name":"Portada","item":"https:\/\/dev.explora.cl\/rios\/"},{"@type":"ListItem","position":2,"name":"Invitan a participar de una nueva versi\u00f3n del concurso fotogr\u00e1fico Ojo de Pez"}]},{"@type":"WebSite","@id":"https:\/\/dev.explora.cl\/rios\/#website","url":"https:\/\/dev.explora.cl\/rios\/","name":"Los R\u00edos","description":"Otro sitio m\u00e1s de dev.explora.cl","potentialAction":[{"@type":"SearchAction","target":{"@type":"EntryPoint","urlTemplate":"https:\/\/dev.explora.cl\/rios\/?s={search_term_string}"},"query-input":{"@type":"PropertyValueSpecification","valueRequired":true,"valueName":"search_term_string"}}],"inLanguage":"es-CL"},{"@type":"Person","@id":"https:\/\/dev.explora.cl\/rios\/#\/schema\/person\/279896208736d277e75690dde6cc1ea9","name":"smancilla","image":{"@type":"ImageObject","inLanguage":"es-CL","@id":"https:\/\/dev.explora.cl\/rios\/#\/schema\/person\/image\/","url":"https:\/\/secure.gravatar.com\/avatar\/a1c7f8b1dd453e8facadec2bf18354190c777b5556feaaadfa0f6a129ab9b015?s=96&d=mm&r=g","contentUrl":"https:\/\/secure.gravatar.com\/avatar\/a1c7f8b1dd453e8facadec2bf18354190c777b5556feaaadfa0f6a129ab9b015?s=96&d=mm&r=g","caption":"smancilla"},"url":"https:\/\/dev.explora.cl\/rios\/author\/smancilla\/"}]}},"_links":{"self":[{"href":"https:\/\/dev.explora.cl\/rios\/wp-json\/wp\/v2\/posts\/39920","targetHints":{"allow":["GET"]}}],"collection":[{"href":"https:\/\/dev.explora.cl\/rios\/wp-json\/wp\/v2\/posts"}],"about":[{"href":"https:\/\/dev.explora.cl\/rios\/wp-json\/wp\/v2\/types\/post"}],"author":[{"embeddable":true,"href":"https:\/\/dev.explora.cl\/rios\/wp-json\/wp\/v2\/users\/31"}],"replies":[{"embeddable":true,"href":"https:\/\/dev.explora.cl\/rios\/wp-json\/wp\/v2\/comments?post=39920"}],"version-history":[{"count":2,"href":"https:\/\/dev.explora.cl\/rios\/wp-json\/wp\/v2\/posts\/39920\/revisions"}],"predecessor-version":[{"id":39924,"href":"https:\/\/dev.explora.cl\/rios\/wp-json\/wp\/v2\/posts\/39920\/revisions\/39924"}],"wp:featuredmedia":[{"embeddable":true,"href":"https:\/\/dev.explora.cl\/rios\/wp-json\/wp\/v2\/media\/39921"}],"wp:attachment":[{"href":"https:\/\/dev.explora.cl\/rios\/wp-json\/wp\/v2\/media?parent=39920"}],"wp:term":[{"taxonomy":"category","embeddable":true,"href":"https:\/\/dev.explora.cl\/rios\/wp-json\/wp\/v2\/categories?post=39920"},{"taxonomy":"post_tag","embeddable":true,"href":"https:\/\/dev.explora.cl\/rios\/wp-json\/wp\/v2\/tags?post=39920"}],"curies":[{"name":"wp","href":"https:\/\/api.w.org\/{rel}","templated":true}]}}