{"id":39899,"date":"2021-06-07T16:26:36","date_gmt":"2021-06-07T20:26:36","guid":{"rendered":"https:\/\/dev.explora.cl\/rios\/?p=39899"},"modified":"2022-04-12T12:22:00","modified_gmt":"2022-04-12T16:22:00","slug":"cambio-climatico-sera-el-tema-central-del-5-concurso-de-micrometrajes-explora-el-cine","status":"publish","type":"post","link":"https:\/\/dev.explora.cl\/rios\/cambio-climatico-sera-el-tema-central-del-5-concurso-de-micrometrajes-explora-el-cine\/","title":{"rendered":"Cambio clim\u00e1tico ser\u00e1 el tema central del 5\u00b0 Concurso de Micrometrajes Explora el Cine"},"content":{"rendered":"<p>[vc_row][vc_column][vc_separator][vc_custom_heading text=&#8221;Nueva fecha de cierre: 13 de agosto&#8221; font_container=&#8221;tag:h2|text_align:center|color:%23dd3333&#8243; google_fonts=&#8221;font_family:Arimo%3Aregular%2Citalic%2C700%2C700italic|font_style:400%20regular%3A400%3Anormal&#8221;][vc_separator][vc_row_inner][vc_column_inner width=&#8221;2\/3&#8243;][vc_custom_heading text=&#8221;La convocatoria es abierta para para ni\u00f1os, ni\u00f1as y adolescentes entre los 10 y 18 a\u00f1os que residan en la regi\u00f3n de Los R\u00edos.<br \/>\n&#8221; font_container=&#8221;tag:h3|text_align:left&#8221;][\/vc_column_inner][vc_column_inner width=&#8221;1\/3&#8243;][vc_btn title=&#8221;POSTULAR AQU\u00cd&#8221; style=&#8221;custom&#8221; custom_background=&#8221;#81d742&#8243; custom_text=&#8221;#ffffff&#8221; size=&#8221;lg&#8221; align=&#8221;center&#8221; i_align=&#8221;right&#8221; i_icon_fontawesome=&#8221;fa fa-arrow-circle-right&#8221; button_block=&#8221;true&#8221; add_icon=&#8221;true&#8221; link=&#8221;url:https%3A%2F%2Fform.jotform.com%2F211506923256655|||&#8221;][vc_btn title=&#8221;Descargar Bases&#8221; style=&#8221;custom&#8221; custom_background=&#8221;#81d742&#8243; custom_text=&#8221;#ffffff&#8221; size=&#8221;lg&#8221; align=&#8221;center&#8221; i_align=&#8221;right&#8221; i_icon_fontawesome=&#8221;fa fa-download&#8221; button_block=&#8221;true&#8221; add_icon=&#8221;true&#8221; link=&#8221;url:http%3A%2F%2Fbit.ly%2FBasesEeC2021|||&#8221;][\/vc_column_inner][\/vc_row_inner][vc_column_text]<span style=\"font-weight: 400\">Por quinto a\u00f1o consecutivo el Proyecto Explora Los R\u00edos del Ministerio de Ciencias en conjunto con el Centro de Promoci\u00f3n Cinematogr\u00e1fica de Valdivia realizan el concurso de micrometrajes Explora el Cine, que tiene por objetivo incentivar la curiosidad y trabajo en equipo de ni\u00f1os, ni\u00f1as y adolescentes a trav\u00e9s del uso de contenidos cient\u00edficos, herramientas audiovisuales y su divulgaci\u00f3n.<\/span><\/p>\n<p><span style=\"font-weight: 400\">Al igual que en a\u00f1os anteriores, el micrometraje no debe exceder los 60 segundos y puede ser grabado con c\u00e1maras de celular, fotograf\u00eda o cine y el formato puede ser ficci\u00f3n, documental o animaci\u00f3n.\u00a0\u00a0<\/span><\/p>\n<p><span style=\"font-weight: 400\">Debido a la actual situaci\u00f3n sanitaria, los estudiantes podr\u00e1n trabajar y crear sus obras desde su casa, en compa\u00f1\u00eda de familiares, amigo\/as o compa\u00f1ero\/as de curso, idealmente bajo la supervisi\u00f3n y asesor\u00eda de un\u00a0 docente a cargo.\u00a0<\/span><\/p>\n<p><span style=\"font-weight: 400\">Otro de los objetivos de esta quinta versi\u00f3n es relevar la estrecha relaci\u00f3n entre Cine\/Educaci\u00f3n y Ciencia. Este a\u00f1o el tema central se enfoca en los cambios y transformaciones del planeta y c\u00f3mo afecta a la comunidad que nos rodea.\u00a0<\/span><\/p>\n<p><span style=\"font-weight: 400\">\u201c<\/span><span style=\"font-weight: 400\">El Cambio clim\u00e1tico es uno de los problemas ambientales m\u00e1s importantes de nuestro tiempo, y un desaf\u00edo que necesitamos abarcar como humanidad. Desde el Proyecto Explora Los R\u00edos queremos conocer la visi\u00f3n que tiene la infancia ante este escenario y es inevitable pensar en algunas preguntas a las que podr\u00edan llegar los participantes \u00bfC\u00f3mo vivo el cambio clim\u00e1tico desde mi hogar? \u00bfC\u00f3mo imagino a mi ciudad en el futuro? \u00bfC\u00f3mo podemos incorporar las soluciones que apuntan las y los cient\u00edficos?\u201d destac\u00f3 la directora (s) del Proyecto Explora Los R\u00edos, Dra. Camila Tejo Haristoy.<\/span><\/p>\n<p><span style=\"font-weight: 400\">\u201cEl cambio clim\u00e1tico result\u00f3 de las emisiones que c\u00f3mo humanidad hemos producido, creando un aumento en las temperaturas a nivel global. Pero este fen\u00f3meno devastador a nivel global tambi\u00e9n se traduce a nivel local. Es all\u00ed donde queremos ver la mirada de ni\u00f1os, ni\u00f1as y adolescentes en sus producciones audiovisuales\u201d agreg\u00f3 la doctora sobre la iniciativa parte de Ciencia en Im\u00e1genes del Proyecto Explora Los R\u00edos.<\/span><\/p>\n<p><span style=\"font-weight: 400\">En tanto Guillermo Olivares, Jefe de Programaci\u00f3n del CPCV\/FICValdivia se\u00f1ala que \u201cnos parece muy valiosa la consolidaci\u00f3n de esta instancia, pues permite que los estudiantes se aproximen a la experiencia cinematogr\u00e1fica por medio de la construcci\u00f3n de un relato audiovisual con las herramientas tecnol\u00f3gicas de las que disponemos hoy en d\u00eda. El lenguaje cinematogr\u00e1fico es tremendamente cercano a ni\u00f1os, ni\u00f1as y adolescentes quienes diariamente se ven enfrentados a infinidad de contenidos. Como centro cultural enfocado en la difusi\u00f3n del audiovisual creemos que esta es una gran oportunidad de encauzar ese inter\u00e9s en tem\u00e1ticas que aborden las transformaciones y cambios que est\u00e1 experimentando el planeta y con \u00e9l, la humanidad\u201d, se\u00f1al\u00f3.<\/span><\/p>\n<p><span style=\"font-weight: 400\">Los trabajos seleccionados ser\u00e1n exhibidos en la 28 edici\u00f3n del Festival Internacional de Cine de Valdivia que se realizar\u00e1 desde el 4 al 11 de octubre pr\u00f3ximo en una modalidad mixta (remota y presencial) si las condiciones sanitarias lo permiten.\u00a0<\/span><\/p>\n<h3><b>Sobre la premiaci\u00f3n<\/b><\/h3>\n<p><span style=\"font-weight: 400\">Se contar\u00e1 con un m\u00ednimo de tres finalistas y un m\u00e1ximo seis obras en total. Los y las finalistas recibir\u00e1n un diploma de participaci\u00f3n posterior a la exhibici\u00f3n de los micrometrajes.<\/span><\/p>\n<p><span style=\"font-weight: 400\">La organizaci\u00f3n entregar\u00e1 un premio a la mejor obra y una menci\u00f3n honrosa. El primer <\/span><span style=\"font-weight: 400\">premio recibir\u00e1 una c\u00e1mara Panasonic\u00ae C\u00e1mara Mirrorless Lumix G7 (o similar), un galvano y cupos para el Campamento Cinematogr\u00e1fico Infantil Pichikeche. Para la menci\u00f3n honrosa se entregar\u00e1 un Estabilizador DJI Osmo Mobile 3 (o similar) y cupos para el Campamento Cinematogr\u00e1fico Infantil Pichikeche.<\/span><\/p>\n<p><span style=\"font-weight: 400\">El enlace de postulaci\u00f3n estar\u00e1 disponible en los sitios web de los organizadores del Concurso:<\/span><a href=\"http:\/\/www.cpcv.cl\"> <span style=\"font-weight: 400\">www.cpcv.cl<\/span><\/a><span style=\"font-weight: 400\"> y <\/span><a href=\"https:\/\/dev.explora.cl\/rios\"><span style=\"font-weight: 400\">dev.explora.cl\/rios<\/span><\/a><span style=\"font-weight: 400\">.<\/span>[\/vc_column_text][\/vc_column][\/vc_row][vc_row css=&#8221;.vc_custom_1614888019520{border-top-width: 1px !important;border-top-color: #b6b6b6 !important;border-top-style: solid !important;}&#8221;][vc_column][vc_column_text]<\/p>\n<p style=\"text-align: center;font-size: 0.9em;color: #b6b6b6\"><a href=\"https:\/\/dev.explora.cl\/rios\/protocolo\">Revisa nuestro Protocolo para Trabajo con Ni\u00f1os, Ni\u00f1as y Adolescentes<\/a><\/p>\n<p>[\/vc_column_text][\/vc_column][\/vc_row]<\/p>\n","protected":false},"excerpt":{"rendered":"<p>La convocatoria es abierta para para ni\u00f1os, ni\u00f1as y adolescentes entre los 10 y 18 a\u00f1os que residan en la regi\u00f3n de Los R\u00edos.<\/p>\n","protected":false},"author":31,"featured_media":39930,"comment_status":"open","ping_status":"open","sticky":false,"template":"","format":"standard","meta":{"_acf_changed":false,"_exactmetrics_skip_tracking":false,"_exactmetrics_sitenote_active":false,"_exactmetrics_sitenote_note":"","_exactmetrics_sitenote_category":0,"footnotes":"","_links_to":"","_links_to_target":""},"categories":[151],"tags":[238,401,104,237],"class_list":["post-39899","post","type-post","status-publish","format-standard","has-post-thumbnail","hentry","category-banner","tag-audiovisual","tag-ciencia-publica","tag-concurso","tag-explora-el-cine"],"acf":[],"yoast_head":"<!-- This site is optimized with the Yoast SEO plugin v26.7 - https:\/\/yoast.com\/wordpress\/plugins\/seo\/ -->\n<title>Cambio clim\u00e1tico ser\u00e1 el tema central del 5\u00b0 Concurso de Micrometrajes Explora el Cine - Los R\u00edos<\/title>\n<meta name=\"robots\" content=\"index, follow, max-snippet:-1, max-image-preview:large, max-video-preview:-1\" \/>\n<link rel=\"canonical\" href=\"https:\/\/dev.explora.cl\/rios\/cambio-climatico-sera-el-tema-central-del-5-concurso-de-micrometrajes-explora-el-cine\/\" class=\"yoast-seo-meta-tag\" \/>\n<meta property=\"og:locale\" content=\"es_ES\" class=\"yoast-seo-meta-tag\" \/>\n<meta property=\"og:type\" content=\"article\" class=\"yoast-seo-meta-tag\" \/>\n<meta property=\"og:title\" content=\"Cambio clim\u00e1tico ser\u00e1 el tema central del 5\u00b0 Concurso de Micrometrajes Explora el Cine - Los R\u00edos\" class=\"yoast-seo-meta-tag\" \/>\n<meta property=\"og:description\" content=\"La convocatoria es abierta para para ni\u00f1os, ni\u00f1as y adolescentes entre los 10 y 18 a\u00f1os que residan en la regi\u00f3n de Los R\u00edos.\" class=\"yoast-seo-meta-tag\" \/>\n<meta property=\"og:url\" content=\"https:\/\/dev.explora.cl\/rios\/cambio-climatico-sera-el-tema-central-del-5-concurso-de-micrometrajes-explora-el-cine\/\" class=\"yoast-seo-meta-tag\" \/>\n<meta property=\"og:site_name\" content=\"Los R\u00edos\" class=\"yoast-seo-meta-tag\" \/>\n<meta property=\"article:published_time\" content=\"2021-06-07T20:26:36+00:00\" class=\"yoast-seo-meta-tag\" \/>\n<meta property=\"article:modified_time\" content=\"2022-04-12T16:22:00+00:00\" class=\"yoast-seo-meta-tag\" \/>\n<meta property=\"og:image\" content=\"https:\/\/dev.explora.cl\/rios\/wp-content\/uploads\/sites\/16\/2021\/06\/EXPLORA-EL-CINE-5_Mesa-de-trabajo-1-1.jpg\" class=\"yoast-seo-meta-tag\" \/>\n\t<meta property=\"og:image:width\" content=\"2268\" class=\"yoast-seo-meta-tag\" \/>\n\t<meta property=\"og:image:height\" content=\"1276\" class=\"yoast-seo-meta-tag\" \/>\n\t<meta property=\"og:image:type\" content=\"image\/jpeg\" class=\"yoast-seo-meta-tag\" \/>\n<meta name=\"author\" content=\"smancilla\" class=\"yoast-seo-meta-tag\" \/>\n<meta name=\"twitter:card\" content=\"summary_large_image\" class=\"yoast-seo-meta-tag\" \/>\n<meta name=\"twitter:label1\" content=\"Escrito por\" class=\"yoast-seo-meta-tag\" \/>\n\t<meta name=\"twitter:data1\" content=\"smancilla\" class=\"yoast-seo-meta-tag\" \/>\n\t<meta name=\"twitter:label2\" content=\"Tiempo estimado de lectura\" class=\"yoast-seo-meta-tag\" \/>\n\t<meta name=\"twitter:data2\" content=\"4 minutos\" class=\"yoast-seo-meta-tag\" \/>\n<script type=\"application\/ld+json\" class=\"yoast-schema-graph\">{\"@context\":\"https:\/\/schema.org\",\"@graph\":[{\"@type\":\"Article\",\"@id\":\"https:\/\/dev.explora.cl\/rios\/cambio-climatico-sera-el-tema-central-del-5-concurso-de-micrometrajes-explora-el-cine\/#article\",\"isPartOf\":{\"@id\":\"https:\/\/dev.explora.cl\/rios\/cambio-climatico-sera-el-tema-central-del-5-concurso-de-micrometrajes-explora-el-cine\/\"},\"author\":{\"name\":\"smancilla\",\"@id\":\"https:\/\/dev.explora.cl\/rios\/#\/schema\/person\/279896208736d277e75690dde6cc1ea9\"},\"headline\":\"Cambio clim\u00e1tico ser\u00e1 el tema central del 5\u00b0 Concurso de Micrometrajes Explora el Cine\",\"datePublished\":\"2021-06-07T20:26:36+00:00\",\"dateModified\":\"2022-04-12T16:22:00+00:00\",\"mainEntityOfPage\":{\"@id\":\"https:\/\/dev.explora.cl\/rios\/cambio-climatico-sera-el-tema-central-del-5-concurso-de-micrometrajes-explora-el-cine\/\"},\"wordCount\":912,\"commentCount\":0,\"image\":{\"@id\":\"https:\/\/dev.explora.cl\/rios\/cambio-climatico-sera-el-tema-central-del-5-concurso-de-micrometrajes-explora-el-cine\/#primaryimage\"},\"thumbnailUrl\":\"https:\/\/dev.explora.cl\/rios\/wp-content\/uploads\/sites\/16\/2021\/06\/EXPLORA-EL-CINE-5_Mesa-de-trabajo-1-1.jpg\",\"keywords\":[\"Audiovisual\",\"Ciencia P\u00fablica\",\"concurso\",\"Explora el Cine\"],\"articleSection\":[\"Banner\"],\"inLanguage\":\"es-CL\",\"potentialAction\":[{\"@type\":\"CommentAction\",\"name\":\"Comment\",\"target\":[\"https:\/\/dev.explora.cl\/rios\/cambio-climatico-sera-el-tema-central-del-5-concurso-de-micrometrajes-explora-el-cine\/#respond\"]}]},{\"@type\":\"WebPage\",\"@id\":\"https:\/\/dev.explora.cl\/rios\/cambio-climatico-sera-el-tema-central-del-5-concurso-de-micrometrajes-explora-el-cine\/\",\"url\":\"https:\/\/dev.explora.cl\/rios\/cambio-climatico-sera-el-tema-central-del-5-concurso-de-micrometrajes-explora-el-cine\/\",\"name\":\"Cambio clim\u00e1tico ser\u00e1 el tema central del 5\u00b0 Concurso de Micrometrajes Explora el Cine - Los R\u00edos\",\"isPartOf\":{\"@id\":\"https:\/\/dev.explora.cl\/rios\/#website\"},\"primaryImageOfPage\":{\"@id\":\"https:\/\/dev.explora.cl\/rios\/cambio-climatico-sera-el-tema-central-del-5-concurso-de-micrometrajes-explora-el-cine\/#primaryimage\"},\"image\":{\"@id\":\"https:\/\/dev.explora.cl\/rios\/cambio-climatico-sera-el-tema-central-del-5-concurso-de-micrometrajes-explora-el-cine\/#primaryimage\"},\"thumbnailUrl\":\"https:\/\/dev.explora.cl\/rios\/wp-content\/uploads\/sites\/16\/2021\/06\/EXPLORA-EL-CINE-5_Mesa-de-trabajo-1-1.jpg\",\"datePublished\":\"2021-06-07T20:26:36+00:00\",\"dateModified\":\"2022-04-12T16:22:00+00:00\",\"author\":{\"@id\":\"https:\/\/dev.explora.cl\/rios\/#\/schema\/person\/279896208736d277e75690dde6cc1ea9\"},\"breadcrumb\":{\"@id\":\"https:\/\/dev.explora.cl\/rios\/cambio-climatico-sera-el-tema-central-del-5-concurso-de-micrometrajes-explora-el-cine\/#breadcrumb\"},\"inLanguage\":\"es-CL\",\"potentialAction\":[{\"@type\":\"ReadAction\",\"target\":[\"https:\/\/dev.explora.cl\/rios\/cambio-climatico-sera-el-tema-central-del-5-concurso-de-micrometrajes-explora-el-cine\/\"]}]},{\"@type\":\"ImageObject\",\"inLanguage\":\"es-CL\",\"@id\":\"https:\/\/dev.explora.cl\/rios\/cambio-climatico-sera-el-tema-central-del-5-concurso-de-micrometrajes-explora-el-cine\/#primaryimage\",\"url\":\"https:\/\/dev.explora.cl\/rios\/wp-content\/uploads\/sites\/16\/2021\/06\/EXPLORA-EL-CINE-5_Mesa-de-trabajo-1-1.jpg\",\"contentUrl\":\"https:\/\/dev.explora.cl\/rios\/wp-content\/uploads\/sites\/16\/2021\/06\/EXPLORA-EL-CINE-5_Mesa-de-trabajo-1-1.jpg\",\"width\":2268,\"height\":1276},{\"@type\":\"BreadcrumbList\",\"@id\":\"https:\/\/dev.explora.cl\/rios\/cambio-climatico-sera-el-tema-central-del-5-concurso-de-micrometrajes-explora-el-cine\/#breadcrumb\",\"itemListElement\":[{\"@type\":\"ListItem\",\"position\":1,\"name\":\"Portada\",\"item\":\"https:\/\/dev.explora.cl\/rios\/\"},{\"@type\":\"ListItem\",\"position\":2,\"name\":\"Cambio clim\u00e1tico ser\u00e1 el tema central del 5\u00b0 Concurso de Micrometrajes Explora el Cine\"}]},{\"@type\":\"WebSite\",\"@id\":\"https:\/\/dev.explora.cl\/rios\/#website\",\"url\":\"https:\/\/dev.explora.cl\/rios\/\",\"name\":\"Los R\u00edos\",\"description\":\"Otro sitio m\u00e1s de dev.explora.cl\",\"potentialAction\":[{\"@type\":\"SearchAction\",\"target\":{\"@type\":\"EntryPoint\",\"urlTemplate\":\"https:\/\/dev.explora.cl\/rios\/?s={search_term_string}\"},\"query-input\":{\"@type\":\"PropertyValueSpecification\",\"valueRequired\":true,\"valueName\":\"search_term_string\"}}],\"inLanguage\":\"es-CL\"},{\"@type\":\"Person\",\"@id\":\"https:\/\/dev.explora.cl\/rios\/#\/schema\/person\/279896208736d277e75690dde6cc1ea9\",\"name\":\"smancilla\",\"image\":{\"@type\":\"ImageObject\",\"inLanguage\":\"es-CL\",\"@id\":\"https:\/\/dev.explora.cl\/rios\/#\/schema\/person\/image\/\",\"url\":\"https:\/\/secure.gravatar.com\/avatar\/a1c7f8b1dd453e8facadec2bf18354190c777b5556feaaadfa0f6a129ab9b015?s=96&d=mm&r=g\",\"contentUrl\":\"https:\/\/secure.gravatar.com\/avatar\/a1c7f8b1dd453e8facadec2bf18354190c777b5556feaaadfa0f6a129ab9b015?s=96&d=mm&r=g\",\"caption\":\"smancilla\"},\"url\":\"https:\/\/dev.explora.cl\/rios\/author\/smancilla\/\"}]}<\/script>\n<!-- \/ Yoast SEO plugin. -->","yoast_head_json":{"title":"Cambio clim\u00e1tico ser\u00e1 el tema central del 5\u00b0 Concurso de Micrometrajes Explora el Cine - Los R\u00edos","robots":{"index":"index","follow":"follow","max-snippet":"max-snippet:-1","max-image-preview":"max-image-preview:large","max-video-preview":"max-video-preview:-1"},"canonical":"https:\/\/dev.explora.cl\/rios\/cambio-climatico-sera-el-tema-central-del-5-concurso-de-micrometrajes-explora-el-cine\/","og_locale":"es_ES","og_type":"article","og_title":"Cambio clim\u00e1tico ser\u00e1 el tema central del 5\u00b0 Concurso de Micrometrajes Explora el Cine - Los R\u00edos","og_description":"La convocatoria es abierta para para ni\u00f1os, ni\u00f1as y adolescentes entre los 10 y 18 a\u00f1os que residan en la regi\u00f3n de Los R\u00edos.","og_url":"https:\/\/dev.explora.cl\/rios\/cambio-climatico-sera-el-tema-central-del-5-concurso-de-micrometrajes-explora-el-cine\/","og_site_name":"Los R\u00edos","article_published_time":"2021-06-07T20:26:36+00:00","article_modified_time":"2022-04-12T16:22:00+00:00","og_image":[{"width":2268,"height":1276,"url":"https:\/\/dev.explora.cl\/rios\/wp-content\/uploads\/sites\/16\/2021\/06\/EXPLORA-EL-CINE-5_Mesa-de-trabajo-1-1.jpg","type":"image\/jpeg"}],"author":"smancilla","twitter_card":"summary_large_image","twitter_misc":{"Escrito por":"smancilla","Tiempo estimado de lectura":"4 minutos"},"schema":{"@context":"https:\/\/schema.org","@graph":[{"@type":"Article","@id":"https:\/\/dev.explora.cl\/rios\/cambio-climatico-sera-el-tema-central-del-5-concurso-de-micrometrajes-explora-el-cine\/#article","isPartOf":{"@id":"https:\/\/dev.explora.cl\/rios\/cambio-climatico-sera-el-tema-central-del-5-concurso-de-micrometrajes-explora-el-cine\/"},"author":{"name":"smancilla","@id":"https:\/\/dev.explora.cl\/rios\/#\/schema\/person\/279896208736d277e75690dde6cc1ea9"},"headline":"Cambio clim\u00e1tico ser\u00e1 el tema central del 5\u00b0 Concurso de Micrometrajes Explora el Cine","datePublished":"2021-06-07T20:26:36+00:00","dateModified":"2022-04-12T16:22:00+00:00","mainEntityOfPage":{"@id":"https:\/\/dev.explora.cl\/rios\/cambio-climatico-sera-el-tema-central-del-5-concurso-de-micrometrajes-explora-el-cine\/"},"wordCount":912,"commentCount":0,"image":{"@id":"https:\/\/dev.explora.cl\/rios\/cambio-climatico-sera-el-tema-central-del-5-concurso-de-micrometrajes-explora-el-cine\/#primaryimage"},"thumbnailUrl":"https:\/\/dev.explora.cl\/rios\/wp-content\/uploads\/sites\/16\/2021\/06\/EXPLORA-EL-CINE-5_Mesa-de-trabajo-1-1.jpg","keywords":["Audiovisual","Ciencia P\u00fablica","concurso","Explora el Cine"],"articleSection":["Banner"],"inLanguage":"es-CL","potentialAction":[{"@type":"CommentAction","name":"Comment","target":["https:\/\/dev.explora.cl\/rios\/cambio-climatico-sera-el-tema-central-del-5-concurso-de-micrometrajes-explora-el-cine\/#respond"]}]},{"@type":"WebPage","@id":"https:\/\/dev.explora.cl\/rios\/cambio-climatico-sera-el-tema-central-del-5-concurso-de-micrometrajes-explora-el-cine\/","url":"https:\/\/dev.explora.cl\/rios\/cambio-climatico-sera-el-tema-central-del-5-concurso-de-micrometrajes-explora-el-cine\/","name":"Cambio clim\u00e1tico ser\u00e1 el tema central del 5\u00b0 Concurso de Micrometrajes Explora el Cine - Los R\u00edos","isPartOf":{"@id":"https:\/\/dev.explora.cl\/rios\/#website"},"primaryImageOfPage":{"@id":"https:\/\/dev.explora.cl\/rios\/cambio-climatico-sera-el-tema-central-del-5-concurso-de-micrometrajes-explora-el-cine\/#primaryimage"},"image":{"@id":"https:\/\/dev.explora.cl\/rios\/cambio-climatico-sera-el-tema-central-del-5-concurso-de-micrometrajes-explora-el-cine\/#primaryimage"},"thumbnailUrl":"https:\/\/dev.explora.cl\/rios\/wp-content\/uploads\/sites\/16\/2021\/06\/EXPLORA-EL-CINE-5_Mesa-de-trabajo-1-1.jpg","datePublished":"2021-06-07T20:26:36+00:00","dateModified":"2022-04-12T16:22:00+00:00","author":{"@id":"https:\/\/dev.explora.cl\/rios\/#\/schema\/person\/279896208736d277e75690dde6cc1ea9"},"breadcrumb":{"@id":"https:\/\/dev.explora.cl\/rios\/cambio-climatico-sera-el-tema-central-del-5-concurso-de-micrometrajes-explora-el-cine\/#breadcrumb"},"inLanguage":"es-CL","potentialAction":[{"@type":"ReadAction","target":["https:\/\/dev.explora.cl\/rios\/cambio-climatico-sera-el-tema-central-del-5-concurso-de-micrometrajes-explora-el-cine\/"]}]},{"@type":"ImageObject","inLanguage":"es-CL","@id":"https:\/\/dev.explora.cl\/rios\/cambio-climatico-sera-el-tema-central-del-5-concurso-de-micrometrajes-explora-el-cine\/#primaryimage","url":"https:\/\/dev.explora.cl\/rios\/wp-content\/uploads\/sites\/16\/2021\/06\/EXPLORA-EL-CINE-5_Mesa-de-trabajo-1-1.jpg","contentUrl":"https:\/\/dev.explora.cl\/rios\/wp-content\/uploads\/sites\/16\/2021\/06\/EXPLORA-EL-CINE-5_Mesa-de-trabajo-1-1.jpg","width":2268,"height":1276},{"@type":"BreadcrumbList","@id":"https:\/\/dev.explora.cl\/rios\/cambio-climatico-sera-el-tema-central-del-5-concurso-de-micrometrajes-explora-el-cine\/#breadcrumb","itemListElement":[{"@type":"ListItem","position":1,"name":"Portada","item":"https:\/\/dev.explora.cl\/rios\/"},{"@type":"ListItem","position":2,"name":"Cambio clim\u00e1tico ser\u00e1 el tema central del 5\u00b0 Concurso de Micrometrajes Explora el Cine"}]},{"@type":"WebSite","@id":"https:\/\/dev.explora.cl\/rios\/#website","url":"https:\/\/dev.explora.cl\/rios\/","name":"Los R\u00edos","description":"Otro sitio m\u00e1s de dev.explora.cl","potentialAction":[{"@type":"SearchAction","target":{"@type":"EntryPoint","urlTemplate":"https:\/\/dev.explora.cl\/rios\/?s={search_term_string}"},"query-input":{"@type":"PropertyValueSpecification","valueRequired":true,"valueName":"search_term_string"}}],"inLanguage":"es-CL"},{"@type":"Person","@id":"https:\/\/dev.explora.cl\/rios\/#\/schema\/person\/279896208736d277e75690dde6cc1ea9","name":"smancilla","image":{"@type":"ImageObject","inLanguage":"es-CL","@id":"https:\/\/dev.explora.cl\/rios\/#\/schema\/person\/image\/","url":"https:\/\/secure.gravatar.com\/avatar\/a1c7f8b1dd453e8facadec2bf18354190c777b5556feaaadfa0f6a129ab9b015?s=96&d=mm&r=g","contentUrl":"https:\/\/secure.gravatar.com\/avatar\/a1c7f8b1dd453e8facadec2bf18354190c777b5556feaaadfa0f6a129ab9b015?s=96&d=mm&r=g","caption":"smancilla"},"url":"https:\/\/dev.explora.cl\/rios\/author\/smancilla\/"}]}},"_links":{"self":[{"href":"https:\/\/dev.explora.cl\/rios\/wp-json\/wp\/v2\/posts\/39899","targetHints":{"allow":["GET"]}}],"collection":[{"href":"https:\/\/dev.explora.cl\/rios\/wp-json\/wp\/v2\/posts"}],"about":[{"href":"https:\/\/dev.explora.cl\/rios\/wp-json\/wp\/v2\/types\/post"}],"author":[{"embeddable":true,"href":"https:\/\/dev.explora.cl\/rios\/wp-json\/wp\/v2\/users\/31"}],"replies":[{"embeddable":true,"href":"https:\/\/dev.explora.cl\/rios\/wp-json\/wp\/v2\/comments?post=39899"}],"version-history":[{"count":8,"href":"https:\/\/dev.explora.cl\/rios\/wp-json\/wp\/v2\/posts\/39899\/revisions"}],"predecessor-version":[{"id":40115,"href":"https:\/\/dev.explora.cl\/rios\/wp-json\/wp\/v2\/posts\/39899\/revisions\/40115"}],"wp:featuredmedia":[{"embeddable":true,"href":"https:\/\/dev.explora.cl\/rios\/wp-json\/wp\/v2\/media\/39930"}],"wp:attachment":[{"href":"https:\/\/dev.explora.cl\/rios\/wp-json\/wp\/v2\/media?parent=39899"}],"wp:term":[{"taxonomy":"category","embeddable":true,"href":"https:\/\/dev.explora.cl\/rios\/wp-json\/wp\/v2\/categories?post=39899"},{"taxonomy":"post_tag","embeddable":true,"href":"https:\/\/dev.explora.cl\/rios\/wp-json\/wp\/v2\/tags?post=39899"}],"curies":[{"name":"wp","href":"https:\/\/api.w.org\/{rel}","templated":true}]}}