{"id":39865,"date":"2021-05-25T16:53:03","date_gmt":"2021-05-25T20:53:03","guid":{"rendered":"https:\/\/dev.explora.cl\/rios\/?p=39865"},"modified":"2021-06-24T17:14:05","modified_gmt":"2021-06-24T21:14:05","slug":"abren-postulaciones-para-capacitaciones-cientificas-en-educacion-inicial","status":"publish","type":"post","link":"https:\/\/dev.explora.cl\/rios\/abren-postulaciones-para-capacitaciones-cientificas-en-educacion-inicial\/","title":{"rendered":"Abren postulaciones para capacitaciones cient\u00edficas en educaci\u00f3n inicial"},"content":{"rendered":"<p>[vc_row][vc_column][vc_row_inner][vc_column_inner width=&#8221;2\/3&#8243;][vc_custom_heading text=&#8221;Profesionales de la educaci\u00f3n inicial tendr\u00e1n la oportunidad de capacitarse gratuitamente para llevar la ciencia a sus estudiantes gracias al Proyecto Explora Los R\u00edos.&#8221; font_container=&#8221;tag:h3|text_align:left&#8221;][\/vc_column_inner][vc_column_inner width=&#8221;1\/3&#8243;][vc_btn title=&#8221;Postula aqu\u00ed&#8221; style=&#8221;custom&#8221; custom_background=&#8221;#81d742&#8243; custom_text=&#8221;#ffffff&#8221; size=&#8221;lg&#8221; align=&#8221;center&#8221; i_align=&#8221;right&#8221; i_icon_fontawesome=&#8221;fa fa-arrow-circle-right&#8221; button_block=&#8221;true&#8221; add_icon=&#8221;true&#8221; link=&#8221;url:https%3A%2F%2Fdev.explora.cl%2Frios%2Fpipe2021%2F|||&#8221;][\/vc_column_inner][\/vc_row_inner][vc_column_text]Aprender sobre ciencia no tiene l\u00edmite de edad, por eso el Proyecto Explora Los R\u00edos del Ministerio de Ciencia, Tecnolog\u00eda, Conocimiento e Innovaci\u00f3n, invita a postular al Programa de Indagaci\u00f3n para Primeras Edades.<\/p>\n<p>La iniciativa capacitar\u00e1 a profesionales de la educaci\u00f3n inicial en el desarrollo de competencias cient\u00edficas con el objetivo de ayudar a ni\u00f1os y ni\u00f1as a conocer y comprender el mundo que los rodea.<\/p>\n<p>Podr\u00e1n postular a estas capacitaciones educadoras\/es de p\u00e1rvulos y t\u00e9cnicos en educaci\u00f3n parvularia de establecimientos educacionales municipales, particulares, subvencionados y jardines infantiles dependientes de Junji, Integra o VTF. Las bases y el sistema de postulaci\u00f3n est\u00e1n disponible en <a href=\"https:\/\/dev.explora.cl\/rios\/pipe2021\">dev.explora.cl\/rios\/pipe2021<\/a>.<\/p>\n<p>Adem\u00e1s de la capacitaci\u00f3n, el Proyecto Explora Los R\u00edos entregar\u00e1 un kit de materiales did\u00e1cticos que incluye una carpeta metodol\u00f3gica para desarrollar actividades dentro del contexto educativo.<\/p>\n<p>\u201cDurante la ejecuci\u00f3n de PIPE vamos a tener capacitaciones en siete clases. Se va a enviar material complementario para poder aplicar estas actividades tanto en la sala de clases, como tambi\u00e9n con las familias en sus hogares\u201d indic\u00f3 la Encargada de Actividades para Primeras Edades del Proyecto Explora Los R\u00edos, Carolina Ch\u00e1vez.<\/p>\n<p>&nbsp;<\/p>\n<audio class=\"wp-audio-shortcode\" id=\"audio-39865-1\" preload=\"none\" style=\"width: 100%;\" controls=\"controls\"><source type=\"audio\/mpeg\" src=\"https:\/\/dev.explora.cl\/rios\/wp-content\/uploads\/sites\/16\/2021\/05\/carolina-chavez-encargada-primeras-edades.mp3?_=1\" \/><a href=\"https:\/\/dev.explora.cl\/rios\/wp-content\/uploads\/sites\/16\/2021\/05\/carolina-chavez-encargada-primeras-edades.mp3\">https:\/\/dev.explora.cl\/rios\/wp-content\/uploads\/sites\/16\/2021\/05\/carolina-chavez-encargada-primeras-edades.mp3<\/a><\/audio>\n<p>&nbsp;<\/p>\n<p>Por su parte, la directora (s) del Proyecto Explora Los R\u00edos, la Dra. Camila Tejo, invit\u00f3 a la comunidad educativa regional a participar de la instancia. \u201cLa idea es fomentar a los m\u00e1s peque\u00f1itos en su inter\u00e9s en las ciencias y ayudarlos en su formaci\u00f3n como personas\u201d se\u00f1al\u00f3.<\/p>\n<p>&nbsp;<\/p>\n<audio class=\"wp-audio-shortcode\" id=\"audio-39865-2\" preload=\"none\" style=\"width: 100%;\" controls=\"controls\"><source type=\"audio\/mpeg\" src=\"https:\/\/dev.explora.cl\/rios\/wp-content\/uploads\/sites\/16\/2021\/05\/camila-tejo-directora-s-explora-los-rios.mp3?_=2\" \/><a href=\"https:\/\/dev.explora.cl\/rios\/wp-content\/uploads\/sites\/16\/2021\/05\/camila-tejo-directora-s-explora-los-rios.mp3\">https:\/\/dev.explora.cl\/rios\/wp-content\/uploads\/sites\/16\/2021\/05\/camila-tejo-directora-s-explora-los-rios.mp3<\/a><\/audio>\n<p>&nbsp;<\/p>\n<p>Para postular es necesario completar el formulario online disponible en el sitio del Proyecto Explora Los R\u00edos junto a una carta de compromiso y copia del t\u00edtulo profesional de quien postula.<\/p>\n<p>Esta es la primera iniciativa del Proyecto Explora Los R\u00edos ejecutado por la Universidad Austral de Chile en este 2021, siendo pr\u00f3ximamente publicada la invitaci\u00f3n a otras para escolares de mayores edades y la comunidad general.[\/vc_column_text][\/vc_column][\/vc_row][vc_row css=&#8221;.vc_custom_1614888019520{border-top-width: 1px !important;border-top-color: #b6b6b6 !important;border-top-style: solid !important;}&#8221;][vc_column][vc_column_text]<\/p>\n<p style=\"text-align: center;font-size: 0.9em;color: #b6b6b6\"><a href=\"https:\/\/dev.explora.cl\/rios\/protocolo\">Revisa nuestro Protocolo para Trabajo con Ni\u00f1os, Ni\u00f1as y Adolescentes<\/a><\/p>\n<p>[\/vc_column_text][\/vc_column][\/vc_row]<\/p>\n","protected":false},"excerpt":{"rendered":"<p>Profesionales de la educaci\u00f3n inicial tendr\u00e1n la oportunidad de capacitarse gratuitamente para llevar la ciencia a sus estudiantes gracias al Proyecto Explora Los R\u00edos.<\/p>\n","protected":false},"author":31,"featured_media":39868,"comment_status":"open","ping_status":"open","sticky":false,"template":"","format":"standard","meta":{"_acf_changed":false,"_exactmetrics_skip_tracking":false,"_exactmetrics_sitenote_active":false,"_exactmetrics_sitenote_note":"","_exactmetrics_sitenote_category":0,"footnotes":"","_links_to":"","_links_to_target":""},"categories":[143,4],"tags":[353,322,277,262,288],"class_list":["post-39865","post","type-post","status-publish","format-standard","has-post-thumbnail","hentry","category-lugar-8","category-noticias","tag-capacitacion-docente","tag-capacitaciones","tag-educacion-inicial","tag-educacion-parvularia","tag-pipe"],"acf":[],"yoast_head":"<!-- This site is optimized with the Yoast SEO plugin v26.7 - https:\/\/yoast.com\/wordpress\/plugins\/seo\/ -->\n<title>Abren postulaciones para capacitaciones cient\u00edficas en educaci\u00f3n inicial - Los R\u00edos<\/title>\n<meta name=\"robots\" content=\"index, follow, max-snippet:-1, max-image-preview:large, max-video-preview:-1\" \/>\n<link rel=\"canonical\" href=\"https:\/\/dev.explora.cl\/rios\/abren-postulaciones-para-capacitaciones-cientificas-en-educacion-inicial\/\" class=\"yoast-seo-meta-tag\" \/>\n<meta property=\"og:locale\" content=\"es_ES\" class=\"yoast-seo-meta-tag\" \/>\n<meta property=\"og:type\" content=\"article\" class=\"yoast-seo-meta-tag\" \/>\n<meta property=\"og:title\" content=\"Abren postulaciones para capacitaciones cient\u00edficas en educaci\u00f3n inicial - Los R\u00edos\" class=\"yoast-seo-meta-tag\" \/>\n<meta property=\"og:description\" content=\"Profesionales de la educaci\u00f3n inicial tendr\u00e1n la oportunidad de capacitarse gratuitamente para llevar la ciencia a sus estudiantes gracias al Proyecto Explora Los R\u00edos.\" class=\"yoast-seo-meta-tag\" \/>\n<meta property=\"og:url\" content=\"https:\/\/dev.explora.cl\/rios\/abren-postulaciones-para-capacitaciones-cientificas-en-educacion-inicial\/\" class=\"yoast-seo-meta-tag\" \/>\n<meta property=\"og:site_name\" content=\"Los R\u00edos\" class=\"yoast-seo-meta-tag\" \/>\n<meta property=\"article:published_time\" content=\"2021-05-25T20:53:03+00:00\" class=\"yoast-seo-meta-tag\" \/>\n<meta property=\"article:modified_time\" content=\"2021-06-24T21:14:05+00:00\" class=\"yoast-seo-meta-tag\" \/>\n<meta property=\"og:image\" content=\"https:\/\/dev.explora.cl\/rios\/wp-content\/uploads\/sites\/16\/2021\/05\/archivo-1.jpeg\" class=\"yoast-seo-meta-tag\" \/>\n\t<meta property=\"og:image:width\" content=\"1280\" class=\"yoast-seo-meta-tag\" \/>\n\t<meta property=\"og:image:height\" content=\"720\" class=\"yoast-seo-meta-tag\" \/>\n\t<meta property=\"og:image:type\" content=\"image\/jpeg\" class=\"yoast-seo-meta-tag\" \/>\n<meta name=\"author\" content=\"smancilla\" class=\"yoast-seo-meta-tag\" \/>\n<meta name=\"twitter:card\" content=\"summary_large_image\" class=\"yoast-seo-meta-tag\" \/>\n<meta name=\"twitter:label1\" content=\"Escrito por\" class=\"yoast-seo-meta-tag\" \/>\n\t<meta name=\"twitter:data1\" content=\"smancilla\" class=\"yoast-seo-meta-tag\" \/>\n\t<meta name=\"twitter:label2\" content=\"Tiempo estimado de lectura\" class=\"yoast-seo-meta-tag\" \/>\n\t<meta name=\"twitter:data2\" content=\"3 minutos\" class=\"yoast-seo-meta-tag\" \/>\n<script type=\"application\/ld+json\" class=\"yoast-schema-graph\">{\"@context\":\"https:\/\/schema.org\",\"@graph\":[{\"@type\":\"Article\",\"@id\":\"https:\/\/dev.explora.cl\/rios\/abren-postulaciones-para-capacitaciones-cientificas-en-educacion-inicial\/#article\",\"isPartOf\":{\"@id\":\"https:\/\/dev.explora.cl\/rios\/abren-postulaciones-para-capacitaciones-cientificas-en-educacion-inicial\/\"},\"author\":{\"name\":\"smancilla\",\"@id\":\"https:\/\/dev.explora.cl\/rios\/#\/schema\/person\/279896208736d277e75690dde6cc1ea9\"},\"headline\":\"Abren postulaciones para capacitaciones cient\u00edficas en educaci\u00f3n inicial\",\"datePublished\":\"2021-05-25T20:53:03+00:00\",\"dateModified\":\"2021-06-24T21:14:05+00:00\",\"mainEntityOfPage\":{\"@id\":\"https:\/\/dev.explora.cl\/rios\/abren-postulaciones-para-capacitaciones-cientificas-en-educacion-inicial\/\"},\"wordCount\":532,\"commentCount\":0,\"image\":{\"@id\":\"https:\/\/dev.explora.cl\/rios\/abren-postulaciones-para-capacitaciones-cientificas-en-educacion-inicial\/#primaryimage\"},\"thumbnailUrl\":\"https:\/\/dev.explora.cl\/rios\/wp-content\/uploads\/sites\/16\/2021\/05\/archivo-1.jpeg\",\"keywords\":[\"capacitaci\u00f3n docente\",\"capacitaciones\",\"educaci\u00f3n inicial\",\"educaci\u00f3n parvularia\",\"pipe\"],\"articleSection\":[\"Lugar 8\",\"Noticias\"],\"inLanguage\":\"es-CL\",\"potentialAction\":[{\"@type\":\"CommentAction\",\"name\":\"Comment\",\"target\":[\"https:\/\/dev.explora.cl\/rios\/abren-postulaciones-para-capacitaciones-cientificas-en-educacion-inicial\/#respond\"]}]},{\"@type\":\"WebPage\",\"@id\":\"https:\/\/dev.explora.cl\/rios\/abren-postulaciones-para-capacitaciones-cientificas-en-educacion-inicial\/\",\"url\":\"https:\/\/dev.explora.cl\/rios\/abren-postulaciones-para-capacitaciones-cientificas-en-educacion-inicial\/\",\"name\":\"Abren postulaciones para capacitaciones cient\u00edficas en educaci\u00f3n inicial - Los R\u00edos\",\"isPartOf\":{\"@id\":\"https:\/\/dev.explora.cl\/rios\/#website\"},\"primaryImageOfPage\":{\"@id\":\"https:\/\/dev.explora.cl\/rios\/abren-postulaciones-para-capacitaciones-cientificas-en-educacion-inicial\/#primaryimage\"},\"image\":{\"@id\":\"https:\/\/dev.explora.cl\/rios\/abren-postulaciones-para-capacitaciones-cientificas-en-educacion-inicial\/#primaryimage\"},\"thumbnailUrl\":\"https:\/\/dev.explora.cl\/rios\/wp-content\/uploads\/sites\/16\/2021\/05\/archivo-1.jpeg\",\"datePublished\":\"2021-05-25T20:53:03+00:00\",\"dateModified\":\"2021-06-24T21:14:05+00:00\",\"author\":{\"@id\":\"https:\/\/dev.explora.cl\/rios\/#\/schema\/person\/279896208736d277e75690dde6cc1ea9\"},\"breadcrumb\":{\"@id\":\"https:\/\/dev.explora.cl\/rios\/abren-postulaciones-para-capacitaciones-cientificas-en-educacion-inicial\/#breadcrumb\"},\"inLanguage\":\"es-CL\",\"potentialAction\":[{\"@type\":\"ReadAction\",\"target\":[\"https:\/\/dev.explora.cl\/rios\/abren-postulaciones-para-capacitaciones-cientificas-en-educacion-inicial\/\"]}]},{\"@type\":\"ImageObject\",\"inLanguage\":\"es-CL\",\"@id\":\"https:\/\/dev.explora.cl\/rios\/abren-postulaciones-para-capacitaciones-cientificas-en-educacion-inicial\/#primaryimage\",\"url\":\"https:\/\/dev.explora.cl\/rios\/wp-content\/uploads\/sites\/16\/2021\/05\/archivo-1.jpeg\",\"contentUrl\":\"https:\/\/dev.explora.cl\/rios\/wp-content\/uploads\/sites\/16\/2021\/05\/archivo-1.jpeg\",\"width\":1280,\"height\":720},{\"@type\":\"BreadcrumbList\",\"@id\":\"https:\/\/dev.explora.cl\/rios\/abren-postulaciones-para-capacitaciones-cientificas-en-educacion-inicial\/#breadcrumb\",\"itemListElement\":[{\"@type\":\"ListItem\",\"position\":1,\"name\":\"Portada\",\"item\":\"https:\/\/dev.explora.cl\/rios\/\"},{\"@type\":\"ListItem\",\"position\":2,\"name\":\"Abren postulaciones para capacitaciones cient\u00edficas en educaci\u00f3n inicial\"}]},{\"@type\":\"WebSite\",\"@id\":\"https:\/\/dev.explora.cl\/rios\/#website\",\"url\":\"https:\/\/dev.explora.cl\/rios\/\",\"name\":\"Los R\u00edos\",\"description\":\"Otro sitio m\u00e1s de dev.explora.cl\",\"potentialAction\":[{\"@type\":\"SearchAction\",\"target\":{\"@type\":\"EntryPoint\",\"urlTemplate\":\"https:\/\/dev.explora.cl\/rios\/?s={search_term_string}\"},\"query-input\":{\"@type\":\"PropertyValueSpecification\",\"valueRequired\":true,\"valueName\":\"search_term_string\"}}],\"inLanguage\":\"es-CL\"},{\"@type\":\"Person\",\"@id\":\"https:\/\/dev.explora.cl\/rios\/#\/schema\/person\/279896208736d277e75690dde6cc1ea9\",\"name\":\"smancilla\",\"image\":{\"@type\":\"ImageObject\",\"inLanguage\":\"es-CL\",\"@id\":\"https:\/\/dev.explora.cl\/rios\/#\/schema\/person\/image\/\",\"url\":\"https:\/\/secure.gravatar.com\/avatar\/a1c7f8b1dd453e8facadec2bf18354190c777b5556feaaadfa0f6a129ab9b015?s=96&d=mm&r=g\",\"contentUrl\":\"https:\/\/secure.gravatar.com\/avatar\/a1c7f8b1dd453e8facadec2bf18354190c777b5556feaaadfa0f6a129ab9b015?s=96&d=mm&r=g\",\"caption\":\"smancilla\"},\"url\":\"https:\/\/dev.explora.cl\/rios\/author\/smancilla\/\"}]}<\/script>\n<!-- \/ Yoast SEO plugin. -->","yoast_head_json":{"title":"Abren postulaciones para capacitaciones cient\u00edficas en educaci\u00f3n inicial - Los R\u00edos","robots":{"index":"index","follow":"follow","max-snippet":"max-snippet:-1","max-image-preview":"max-image-preview:large","max-video-preview":"max-video-preview:-1"},"canonical":"https:\/\/dev.explora.cl\/rios\/abren-postulaciones-para-capacitaciones-cientificas-en-educacion-inicial\/","og_locale":"es_ES","og_type":"article","og_title":"Abren postulaciones para capacitaciones cient\u00edficas en educaci\u00f3n inicial - Los R\u00edos","og_description":"Profesionales de la educaci\u00f3n inicial tendr\u00e1n la oportunidad de capacitarse gratuitamente para llevar la ciencia a sus estudiantes gracias al Proyecto Explora Los R\u00edos.","og_url":"https:\/\/dev.explora.cl\/rios\/abren-postulaciones-para-capacitaciones-cientificas-en-educacion-inicial\/","og_site_name":"Los R\u00edos","article_published_time":"2021-05-25T20:53:03+00:00","article_modified_time":"2021-06-24T21:14:05+00:00","og_image":[{"width":1280,"height":720,"url":"https:\/\/dev.explora.cl\/rios\/wp-content\/uploads\/sites\/16\/2021\/05\/archivo-1.jpeg","type":"image\/jpeg"}],"author":"smancilla","twitter_card":"summary_large_image","twitter_misc":{"Escrito por":"smancilla","Tiempo estimado de lectura":"3 minutos"},"schema":{"@context":"https:\/\/schema.org","@graph":[{"@type":"Article","@id":"https:\/\/dev.explora.cl\/rios\/abren-postulaciones-para-capacitaciones-cientificas-en-educacion-inicial\/#article","isPartOf":{"@id":"https:\/\/dev.explora.cl\/rios\/abren-postulaciones-para-capacitaciones-cientificas-en-educacion-inicial\/"},"author":{"name":"smancilla","@id":"https:\/\/dev.explora.cl\/rios\/#\/schema\/person\/279896208736d277e75690dde6cc1ea9"},"headline":"Abren postulaciones para capacitaciones cient\u00edficas en educaci\u00f3n inicial","datePublished":"2021-05-25T20:53:03+00:00","dateModified":"2021-06-24T21:14:05+00:00","mainEntityOfPage":{"@id":"https:\/\/dev.explora.cl\/rios\/abren-postulaciones-para-capacitaciones-cientificas-en-educacion-inicial\/"},"wordCount":532,"commentCount":0,"image":{"@id":"https:\/\/dev.explora.cl\/rios\/abren-postulaciones-para-capacitaciones-cientificas-en-educacion-inicial\/#primaryimage"},"thumbnailUrl":"https:\/\/dev.explora.cl\/rios\/wp-content\/uploads\/sites\/16\/2021\/05\/archivo-1.jpeg","keywords":["capacitaci\u00f3n docente","capacitaciones","educaci\u00f3n inicial","educaci\u00f3n parvularia","pipe"],"articleSection":["Lugar 8","Noticias"],"inLanguage":"es-CL","potentialAction":[{"@type":"CommentAction","name":"Comment","target":["https:\/\/dev.explora.cl\/rios\/abren-postulaciones-para-capacitaciones-cientificas-en-educacion-inicial\/#respond"]}]},{"@type":"WebPage","@id":"https:\/\/dev.explora.cl\/rios\/abren-postulaciones-para-capacitaciones-cientificas-en-educacion-inicial\/","url":"https:\/\/dev.explora.cl\/rios\/abren-postulaciones-para-capacitaciones-cientificas-en-educacion-inicial\/","name":"Abren postulaciones para capacitaciones cient\u00edficas en educaci\u00f3n inicial - Los R\u00edos","isPartOf":{"@id":"https:\/\/dev.explora.cl\/rios\/#website"},"primaryImageOfPage":{"@id":"https:\/\/dev.explora.cl\/rios\/abren-postulaciones-para-capacitaciones-cientificas-en-educacion-inicial\/#primaryimage"},"image":{"@id":"https:\/\/dev.explora.cl\/rios\/abren-postulaciones-para-capacitaciones-cientificas-en-educacion-inicial\/#primaryimage"},"thumbnailUrl":"https:\/\/dev.explora.cl\/rios\/wp-content\/uploads\/sites\/16\/2021\/05\/archivo-1.jpeg","datePublished":"2021-05-25T20:53:03+00:00","dateModified":"2021-06-24T21:14:05+00:00","author":{"@id":"https:\/\/dev.explora.cl\/rios\/#\/schema\/person\/279896208736d277e75690dde6cc1ea9"},"breadcrumb":{"@id":"https:\/\/dev.explora.cl\/rios\/abren-postulaciones-para-capacitaciones-cientificas-en-educacion-inicial\/#breadcrumb"},"inLanguage":"es-CL","potentialAction":[{"@type":"ReadAction","target":["https:\/\/dev.explora.cl\/rios\/abren-postulaciones-para-capacitaciones-cientificas-en-educacion-inicial\/"]}]},{"@type":"ImageObject","inLanguage":"es-CL","@id":"https:\/\/dev.explora.cl\/rios\/abren-postulaciones-para-capacitaciones-cientificas-en-educacion-inicial\/#primaryimage","url":"https:\/\/dev.explora.cl\/rios\/wp-content\/uploads\/sites\/16\/2021\/05\/archivo-1.jpeg","contentUrl":"https:\/\/dev.explora.cl\/rios\/wp-content\/uploads\/sites\/16\/2021\/05\/archivo-1.jpeg","width":1280,"height":720},{"@type":"BreadcrumbList","@id":"https:\/\/dev.explora.cl\/rios\/abren-postulaciones-para-capacitaciones-cientificas-en-educacion-inicial\/#breadcrumb","itemListElement":[{"@type":"ListItem","position":1,"name":"Portada","item":"https:\/\/dev.explora.cl\/rios\/"},{"@type":"ListItem","position":2,"name":"Abren postulaciones para capacitaciones cient\u00edficas en educaci\u00f3n inicial"}]},{"@type":"WebSite","@id":"https:\/\/dev.explora.cl\/rios\/#website","url":"https:\/\/dev.explora.cl\/rios\/","name":"Los R\u00edos","description":"Otro sitio m\u00e1s de dev.explora.cl","potentialAction":[{"@type":"SearchAction","target":{"@type":"EntryPoint","urlTemplate":"https:\/\/dev.explora.cl\/rios\/?s={search_term_string}"},"query-input":{"@type":"PropertyValueSpecification","valueRequired":true,"valueName":"search_term_string"}}],"inLanguage":"es-CL"},{"@type":"Person","@id":"https:\/\/dev.explora.cl\/rios\/#\/schema\/person\/279896208736d277e75690dde6cc1ea9","name":"smancilla","image":{"@type":"ImageObject","inLanguage":"es-CL","@id":"https:\/\/dev.explora.cl\/rios\/#\/schema\/person\/image\/","url":"https:\/\/secure.gravatar.com\/avatar\/a1c7f8b1dd453e8facadec2bf18354190c777b5556feaaadfa0f6a129ab9b015?s=96&d=mm&r=g","contentUrl":"https:\/\/secure.gravatar.com\/avatar\/a1c7f8b1dd453e8facadec2bf18354190c777b5556feaaadfa0f6a129ab9b015?s=96&d=mm&r=g","caption":"smancilla"},"url":"https:\/\/dev.explora.cl\/rios\/author\/smancilla\/"}]}},"_links":{"self":[{"href":"https:\/\/dev.explora.cl\/rios\/wp-json\/wp\/v2\/posts\/39865","targetHints":{"allow":["GET"]}}],"collection":[{"href":"https:\/\/dev.explora.cl\/rios\/wp-json\/wp\/v2\/posts"}],"about":[{"href":"https:\/\/dev.explora.cl\/rios\/wp-json\/wp\/v2\/types\/post"}],"author":[{"embeddable":true,"href":"https:\/\/dev.explora.cl\/rios\/wp-json\/wp\/v2\/users\/31"}],"replies":[{"embeddable":true,"href":"https:\/\/dev.explora.cl\/rios\/wp-json\/wp\/v2\/comments?post=39865"}],"version-history":[{"count":2,"href":"https:\/\/dev.explora.cl\/rios\/wp-json\/wp\/v2\/posts\/39865\/revisions"}],"predecessor-version":[{"id":39870,"href":"https:\/\/dev.explora.cl\/rios\/wp-json\/wp\/v2\/posts\/39865\/revisions\/39870"}],"wp:featuredmedia":[{"embeddable":true,"href":"https:\/\/dev.explora.cl\/rios\/wp-json\/wp\/v2\/media\/39868"}],"wp:attachment":[{"href":"https:\/\/dev.explora.cl\/rios\/wp-json\/wp\/v2\/media?parent=39865"}],"wp:term":[{"taxonomy":"category","embeddable":true,"href":"https:\/\/dev.explora.cl\/rios\/wp-json\/wp\/v2\/categories?post=39865"},{"taxonomy":"post_tag","embeddable":true,"href":"https:\/\/dev.explora.cl\/rios\/wp-json\/wp\/v2\/tags?post=39865"}],"curies":[{"name":"wp","href":"https:\/\/api.w.org\/{rel}","templated":true}]}}